{"id":10375,"date":"2021-06-09T14:31:31","date_gmt":"2021-06-09T11:31:31","guid":{"rendered":"https:\/\/favorite-news.com\/pt\/continente-regressa-aos-eventos-com-festival-em-formato-digital-e-transmissao-na-tvi-meios-publicidade\/"},"modified":"2021-06-09T14:31:36","modified_gmt":"2021-06-09T11:31:36","slug":"continente-regressa-aos-eventos-com-festival-em-formato-digital-e-transmissao-na-tvi-meios-publicidade","status":"publish","type":"post","link":"https:\/\/favorite-news.com\/pt\/continente-regressa-aos-eventos-com-festival-em-formato-digital-e-transmissao-na-tvi-meios-publicidade\/","title":{"rendered":"Continente regressa aos eventos com festival em formato digital e transmiss\u00e3o na TVI &#8211; Meios &#038; Publicidade"},"content":{"rendered":"<p>\t\t\t\tPor Pedro Dur\u00e3es a 8 de Junho de 2021<\/p>\n<p>\t\t\tSer\u00e3o seis horas de transmiss\u00e3o em streaming e broadcast, atrav\u00e9s do canal do Continente no YouTube e da antena da TVI, numa iniciativa que marca o regresso da ins\u00edgnia da Sonae \u00e0 organiza\u00e7\u00e3o de eventos. O festival \u201cBom Para Portugal, resultado de uma parceria entre o Continente e a esta\u00e7\u00e3o da Media Capital, ter\u00e1 lugar esta quinta-feira, Dia de Portugal, e promete reunir \u201cmais de 100 personalidades desde chefs, nutricionistas, m\u00e9dicos, m\u00fasicos, atletas, escritores, influenciadores e apresentadores\u201d na Quinta da Pimenteira, em Lisboa<br \/>\nFutebol, Sustentabilidade e Alimenta\u00e7\u00e3o e Estilos de Vida Saud\u00e1veis ser\u00e3o as tr\u00eas \u00e1reas de conte\u00fados inclu\u00eddas no formato e \u201ctransmitir\u00e3o em simult\u00e2neo e em directo \u2013 streaming e broadcast \u2013 workshops, showcookings, conversas e muito mais\u201d, estando igualmente contemplada \u201cuma programa\u00e7\u00e3o totalmente dedicada \u00e0 m\u00fasica nacional, com transmiss\u00e3o televisiva com v\u00e1rios m\u00fasicos de renome do panorama nacional\u201d.<br \/>\nEnquanto patrocinador oficial da selec\u00e7\u00e3o, a partida da equipa das Quinas para a Hungria ser\u00e1 assinalada no festival, que ser\u00e1 o palco da primeira actua\u00e7\u00e3o da m\u00fasica oficial de apoio \u00e0 selec\u00e7\u00e3o nacional para o Euro 2020, \u201cVamos com Tudo\u201d, interpretada por David Carreira, com a participa\u00e7\u00e3o de Ludmilla, Giulia Be e Preto Show.<\/p>\n<p>\n<!--noindex--><br \/>\n<a href=\"https:\/\/www.meiosepublicidade.pt\/2021\/06\/continente-regressa-aos-eventos-com-festival-em-formato-digital-e-transmissao-na-tvi\/?utm_source=rss&#038;utm_medium=rss&#038;utm_campaign=continente-regressa-aos-eventos-com-festival-em-formato-digital-e-transmissao-na-tvi\" rel=\"nofollow\">Source link <\/a><br \/>\n<!--\/noindex--><\/p>\n","protected":false},"excerpt":{"rendered":"<p>Por Pedro Dur\u00e3es a 8 de Junho de 2021 Ser\u00e3o seis horas de transmiss\u00e3o em streaming e broadcast, atrav\u00e9s do canal do Continente no YouTube e da antena da TVI, numa iniciativa que marca o regresso da ins\u00edgnia da Sonae \u00e0 organiza\u00e7\u00e3o de eventos. O festival \u201cBom Para Portugal, resultado de uma parceria entre o [&hellip;]<\/p>\n","protected":false},"author":2,"featured_media":10376,"comment_status":"open","ping_status":"open","sticky":false,"template":"","format":"standard","meta":{"footnotes":""},"categories":[3],"tags":[],"class_list":["post-10375","post","type-post","status-publish","format-standard","has-post-thumbnail","hentry","category-noticias-de-marketing-na-internet"],"yoast_head":"<!-- This site is optimized with the Yoast SEO plugin v27.4 - https:\/\/yoast.com\/product\/yoast-seo-wordpress\/ -->\n<title>Continente regressa aos eventos com festival em formato digital e transmiss\u00e3o na TVI - Meios &amp; Publicidade - Favorite News<\/title>\n<meta name=\"robots\" content=\"index, follow, max-snippet:-1, max-image-preview:large, max-video-preview:-1\" \/>\n<link rel=\"canonical\" href=\"https:\/\/favorite-news.com\/pt\/continente-regressa-aos-eventos-com-festival-em-formato-digital-e-transmissao-na-tvi-meios-publicidade\/\" \/>\n<meta property=\"og:locale\" content=\"pt_PT\" \/>\n<meta property=\"og:type\" content=\"article\" \/>\n<meta property=\"og:title\" content=\"Continente regressa aos eventos com festival em formato digital e transmiss\u00e3o na TVI - Meios &amp; Publicidade - Favorite News\" \/>\n<meta property=\"og:description\" content=\"Por Pedro Dur\u00e3es a 8 de Junho de 2021 Ser\u00e3o seis horas de transmiss\u00e3o em streaming e broadcast, atrav\u00e9s do canal do Continente no YouTube e da antena da TVI, numa iniciativa que marca o regresso da ins\u00edgnia da Sonae \u00e0 organiza\u00e7\u00e3o de eventos. O festival \u201cBom Para Portugal, resultado de uma parceria entre o [&hellip;]\" \/>\n<meta property=\"og:url\" content=\"https:\/\/favorite-news.com\/pt\/continente-regressa-aos-eventos-com-festival-em-formato-digital-e-transmissao-na-tvi-meios-publicidade\/\" \/>\n<meta property=\"og:site_name\" content=\"Favorite News\" \/>\n<meta property=\"article:published_time\" content=\"2021-06-09T11:31:31+00:00\" \/>\n<meta property=\"article:modified_time\" content=\"2021-06-09T11:31:36+00:00\" \/>\n<meta property=\"og:image\" content=\"https:\/\/favorite-news.com\/pt\/wp-content\/uploads\/sites\/2\/2021\/06\/Continente-regressa-aos-eventos-com-festival-em-formato-digital-e.png\" \/>\n\t<meta property=\"og:image:width\" content=\"1920\" \/>\n\t<meta property=\"og:image:height\" content=\"712\" \/>\n\t<meta property=\"og:image:type\" content=\"image\/png\" \/>\n<meta name=\"author\" content=\"favorite-news\" \/>\n<meta name=\"twitter:card\" content=\"summary_large_image\" \/>\n<meta name=\"twitter:label1\" content=\"Escrito por\" \/>\n\t<meta name=\"twitter:data1\" content=\"favorite-news\" \/>\n\t<meta name=\"twitter:label2\" content=\"Tempo estimado de leitura\" \/>\n\t<meta name=\"twitter:data2\" content=\"1 minuto\" \/>\n<script type=\"application\/ld+json\" class=\"yoast-schema-graph\">{\"@context\":\"https:\\\/\\\/schema.org\",\"@graph\":[{\"@type\":\"Article\",\"@id\":\"https:\\\/\\\/favorite-news.com\\\/pt\\\/continente-regressa-aos-eventos-com-festival-em-formato-digital-e-transmissao-na-tvi-meios-publicidade\\\/#article\",\"isPartOf\":{\"@id\":\"https:\\\/\\\/favorite-news.com\\\/pt\\\/continente-regressa-aos-eventos-com-festival-em-formato-digital-e-transmissao-na-tvi-meios-publicidade\\\/\"},\"author\":{\"name\":\"favorite-news\",\"@id\":\"https:\\\/\\\/favorite-news.com\\\/pt\\\/#\\\/schema\\\/person\\\/b91573b717dcfa5e4696032a9d28d3e8\"},\"headline\":\"Continente regressa aos eventos com festival em formato digital e transmiss\u00e3o na TVI &#8211; Meios &#038; Publicidade\",\"datePublished\":\"2021-06-09T11:31:31+00:00\",\"dateModified\":\"2021-06-09T11:31:36+00:00\",\"mainEntityOfPage\":{\"@id\":\"https:\\\/\\\/favorite-news.com\\\/pt\\\/continente-regressa-aos-eventos-com-festival-em-formato-digital-e-transmissao-na-tvi-meios-publicidade\\\/\"},\"wordCount\":240,\"commentCount\":0,\"image\":{\"@id\":\"https:\\\/\\\/favorite-news.com\\\/pt\\\/continente-regressa-aos-eventos-com-festival-em-formato-digital-e-transmissao-na-tvi-meios-publicidade\\\/#primaryimage\"},\"thumbnailUrl\":\"https:\\\/\\\/favorite-news.com\\\/pt\\\/wp-content\\\/uploads\\\/sites\\\/2\\\/2021\\\/06\\\/Continente-regressa-aos-eventos-com-festival-em-formato-digital-e.png\",\"articleSection\":[\"NOT\u00cdCIAS DE MARKETING NA INTERNET\"],\"inLanguage\":\"pt-PT\",\"potentialAction\":[{\"@type\":\"CommentAction\",\"name\":\"Comment\",\"target\":[\"https:\\\/\\\/favorite-news.com\\\/pt\\\/continente-regressa-aos-eventos-com-festival-em-formato-digital-e-transmissao-na-tvi-meios-publicidade\\\/#respond\"]}]},{\"@type\":\"WebPage\",\"@id\":\"https:\\\/\\\/favorite-news.com\\\/pt\\\/continente-regressa-aos-eventos-com-festival-em-formato-digital-e-transmissao-na-tvi-meios-publicidade\\\/\",\"url\":\"https:\\\/\\\/favorite-news.com\\\/pt\\\/continente-regressa-aos-eventos-com-festival-em-formato-digital-e-transmissao-na-tvi-meios-publicidade\\\/\",\"name\":\"Continente regressa aos eventos com festival em formato digital e transmiss\u00e3o na TVI - Meios & Publicidade - Favorite News\",\"isPartOf\":{\"@id\":\"https:\\\/\\\/favorite-news.com\\\/pt\\\/#website\"},\"primaryImageOfPage\":{\"@id\":\"https:\\\/\\\/favorite-news.com\\\/pt\\\/continente-regressa-aos-eventos-com-festival-em-formato-digital-e-transmissao-na-tvi-meios-publicidade\\\/#primaryimage\"},\"image\":{\"@id\":\"https:\\\/\\\/favorite-news.com\\\/pt\\\/continente-regressa-aos-eventos-com-festival-em-formato-digital-e-transmissao-na-tvi-meios-publicidade\\\/#primaryimage\"},\"thumbnailUrl\":\"https:\\\/\\\/favorite-news.com\\\/pt\\\/wp-content\\\/uploads\\\/sites\\\/2\\\/2021\\\/06\\\/Continente-regressa-aos-eventos-com-festival-em-formato-digital-e.png\",\"datePublished\":\"2021-06-09T11:31:31+00:00\",\"dateModified\":\"2021-06-09T11:31:36+00:00\",\"author\":{\"@id\":\"https:\\\/\\\/favorite-news.com\\\/pt\\\/#\\\/schema\\\/person\\\/b91573b717dcfa5e4696032a9d28d3e8\"},\"breadcrumb\":{\"@id\":\"https:\\\/\\\/favorite-news.com\\\/pt\\\/continente-regressa-aos-eventos-com-festival-em-formato-digital-e-transmissao-na-tvi-meios-publicidade\\\/#breadcrumb\"},\"inLanguage\":\"pt-PT\",\"potentialAction\":[{\"@type\":\"ReadAction\",\"target\":[\"https:\\\/\\\/favorite-news.com\\\/pt\\\/continente-regressa-aos-eventos-com-festival-em-formato-digital-e-transmissao-na-tvi-meios-publicidade\\\/\"]}]},{\"@type\":\"ImageObject\",\"inLanguage\":\"pt-PT\",\"@id\":\"https:\\\/\\\/favorite-news.com\\\/pt\\\/continente-regressa-aos-eventos-com-festival-em-formato-digital-e-transmissao-na-tvi-meios-publicidade\\\/#primaryimage\",\"url\":\"https:\\\/\\\/favorite-news.com\\\/pt\\\/wp-content\\\/uploads\\\/sites\\\/2\\\/2021\\\/06\\\/Continente-regressa-aos-eventos-com-festival-em-formato-digital-e.png\",\"contentUrl\":\"https:\\\/\\\/favorite-news.com\\\/pt\\\/wp-content\\\/uploads\\\/sites\\\/2\\\/2021\\\/06\\\/Continente-regressa-aos-eventos-com-festival-em-formato-digital-e.png\",\"width\":1920,\"height\":712,\"caption\":\"Continente regressa aos eventos com festival em formato digital e transmiss\u00e3o na TVI - Meios & Publicidade\"},{\"@type\":\"BreadcrumbList\",\"@id\":\"https:\\\/\\\/favorite-news.com\\\/pt\\\/continente-regressa-aos-eventos-com-festival-em-formato-digital-e-transmissao-na-tvi-meios-publicidade\\\/#breadcrumb\",\"itemListElement\":[{\"@type\":\"ListItem\",\"position\":1,\"name\":\"Home\",\"item\":\"https:\\\/\\\/favorite-news.com\\\/pt\\\/\"},{\"@type\":\"ListItem\",\"position\":2,\"name\":\"Continente regressa aos eventos com festival em formato digital e transmiss\u00e3o na TVI &#8211; Meios &#038; Publicidade\"}]},{\"@type\":\"WebSite\",\"@id\":\"https:\\\/\\\/favorite-news.com\\\/pt\\\/#website\",\"url\":\"https:\\\/\\\/favorite-news.com\\\/pt\\\/\",\"name\":\"Favorite News\",\"description\":\"Favorite News Portugal\",\"potentialAction\":[{\"@type\":\"SearchAction\",\"target\":{\"@type\":\"EntryPoint\",\"urlTemplate\":\"https:\\\/\\\/favorite-news.com\\\/pt\\\/?s={search_term_string}\"},\"query-input\":{\"@type\":\"PropertyValueSpecification\",\"valueRequired\":true,\"valueName\":\"search_term_string\"}}],\"inLanguage\":\"pt-PT\"},{\"@type\":\"Person\",\"@id\":\"https:\\\/\\\/favorite-news.com\\\/pt\\\/#\\\/schema\\\/person\\\/b91573b717dcfa5e4696032a9d28d3e8\",\"name\":\"favorite-news\",\"image\":{\"@type\":\"ImageObject\",\"inLanguage\":\"pt-PT\",\"@id\":\"https:\\\/\\\/secure.gravatar.com\\\/avatar\\\/6c5a5cb12b74e9d517ee91cf570335b7d16177f1977cc91db161adfa435945a7?s=96&d=mm&r=g\",\"url\":\"https:\\\/\\\/secure.gravatar.com\\\/avatar\\\/6c5a5cb12b74e9d517ee91cf570335b7d16177f1977cc91db161adfa435945a7?s=96&d=mm&r=g\",\"contentUrl\":\"https:\\\/\\\/secure.gravatar.com\\\/avatar\\\/6c5a5cb12b74e9d517ee91cf570335b7d16177f1977cc91db161adfa435945a7?s=96&d=mm&r=g\",\"caption\":\"favorite-news\"},\"url\":\"https:\\\/\\\/favorite-news.com\\\/pt\\\/author\\\/pt\\\/\"}]}<\/script>\n<!-- \/ Yoast SEO plugin. -->","yoast_head_json":{"title":"Continente regressa aos eventos com festival em formato digital e transmiss\u00e3o na TVI - Meios & Publicidade - Favorite News","robots":{"index":"index","follow":"follow","max-snippet":"max-snippet:-1","max-image-preview":"max-image-preview:large","max-video-preview":"max-video-preview:-1"},"canonical":"https:\/\/favorite-news.com\/pt\/continente-regressa-aos-eventos-com-festival-em-formato-digital-e-transmissao-na-tvi-meios-publicidade\/","og_locale":"pt_PT","og_type":"article","og_title":"Continente regressa aos eventos com festival em formato digital e transmiss\u00e3o na TVI - Meios & Publicidade - Favorite News","og_description":"Por Pedro Dur\u00e3es a 8 de Junho de 2021 Ser\u00e3o seis horas de transmiss\u00e3o em streaming e broadcast, atrav\u00e9s do canal do Continente no YouTube e da antena da TVI, numa iniciativa que marca o regresso da ins\u00edgnia da Sonae \u00e0 organiza\u00e7\u00e3o de eventos. O festival \u201cBom Para Portugal, resultado de uma parceria entre o [&hellip;]","og_url":"https:\/\/favorite-news.com\/pt\/continente-regressa-aos-eventos-com-festival-em-formato-digital-e-transmissao-na-tvi-meios-publicidade\/","og_site_name":"Favorite News","article_published_time":"2021-06-09T11:31:31+00:00","article_modified_time":"2021-06-09T11:31:36+00:00","og_image":[{"width":1920,"height":712,"url":"https:\/\/favorite-news.com\/pt\/wp-content\/uploads\/sites\/2\/2021\/06\/Continente-regressa-aos-eventos-com-festival-em-formato-digital-e.png","type":"image\/png"}],"author":"favorite-news","twitter_card":"summary_large_image","twitter_misc":{"Escrito por":"favorite-news","Tempo estimado de leitura":"1 minuto"},"schema":{"@context":"https:\/\/schema.org","@graph":[{"@type":"Article","@id":"https:\/\/favorite-news.com\/pt\/continente-regressa-aos-eventos-com-festival-em-formato-digital-e-transmissao-na-tvi-meios-publicidade\/#article","isPartOf":{"@id":"https:\/\/favorite-news.com\/pt\/continente-regressa-aos-eventos-com-festival-em-formato-digital-e-transmissao-na-tvi-meios-publicidade\/"},"author":{"name":"favorite-news","@id":"https:\/\/favorite-news.com\/pt\/#\/schema\/person\/b91573b717dcfa5e4696032a9d28d3e8"},"headline":"Continente regressa aos eventos com festival em formato digital e transmiss\u00e3o na TVI &#8211; Meios &#038; Publicidade","datePublished":"2021-06-09T11:31:31+00:00","dateModified":"2021-06-09T11:31:36+00:00","mainEntityOfPage":{"@id":"https:\/\/favorite-news.com\/pt\/continente-regressa-aos-eventos-com-festival-em-formato-digital-e-transmissao-na-tvi-meios-publicidade\/"},"wordCount":240,"commentCount":0,"image":{"@id":"https:\/\/favorite-news.com\/pt\/continente-regressa-aos-eventos-com-festival-em-formato-digital-e-transmissao-na-tvi-meios-publicidade\/#primaryimage"},"thumbnailUrl":"https:\/\/favorite-news.com\/pt\/wp-content\/uploads\/sites\/2\/2021\/06\/Continente-regressa-aos-eventos-com-festival-em-formato-digital-e.png","articleSection":["NOT\u00cdCIAS DE MARKETING NA INTERNET"],"inLanguage":"pt-PT","potentialAction":[{"@type":"CommentAction","name":"Comment","target":["https:\/\/favorite-news.com\/pt\/continente-regressa-aos-eventos-com-festival-em-formato-digital-e-transmissao-na-tvi-meios-publicidade\/#respond"]}]},{"@type":"WebPage","@id":"https:\/\/favorite-news.com\/pt\/continente-regressa-aos-eventos-com-festival-em-formato-digital-e-transmissao-na-tvi-meios-publicidade\/","url":"https:\/\/favorite-news.com\/pt\/continente-regressa-aos-eventos-com-festival-em-formato-digital-e-transmissao-na-tvi-meios-publicidade\/","name":"Continente regressa aos eventos com festival em formato digital e transmiss\u00e3o na TVI - Meios & Publicidade - Favorite News","isPartOf":{"@id":"https:\/\/favorite-news.com\/pt\/#website"},"primaryImageOfPage":{"@id":"https:\/\/favorite-news.com\/pt\/continente-regressa-aos-eventos-com-festival-em-formato-digital-e-transmissao-na-tvi-meios-publicidade\/#primaryimage"},"image":{"@id":"https:\/\/favorite-news.com\/pt\/continente-regressa-aos-eventos-com-festival-em-formato-digital-e-transmissao-na-tvi-meios-publicidade\/#primaryimage"},"thumbnailUrl":"https:\/\/favorite-news.com\/pt\/wp-content\/uploads\/sites\/2\/2021\/06\/Continente-regressa-aos-eventos-com-festival-em-formato-digital-e.png","datePublished":"2021-06-09T11:31:31+00:00","dateModified":"2021-06-09T11:31:36+00:00","author":{"@id":"https:\/\/favorite-news.com\/pt\/#\/schema\/person\/b91573b717dcfa5e4696032a9d28d3e8"},"breadcrumb":{"@id":"https:\/\/favorite-news.com\/pt\/continente-regressa-aos-eventos-com-festival-em-formato-digital-e-transmissao-na-tvi-meios-publicidade\/#breadcrumb"},"inLanguage":"pt-PT","potentialAction":[{"@type":"ReadAction","target":["https:\/\/favorite-news.com\/pt\/continente-regressa-aos-eventos-com-festival-em-formato-digital-e-transmissao-na-tvi-meios-publicidade\/"]}]},{"@type":"ImageObject","inLanguage":"pt-PT","@id":"https:\/\/favorite-news.com\/pt\/continente-regressa-aos-eventos-com-festival-em-formato-digital-e-transmissao-na-tvi-meios-publicidade\/#primaryimage","url":"https:\/\/favorite-news.com\/pt\/wp-content\/uploads\/sites\/2\/2021\/06\/Continente-regressa-aos-eventos-com-festival-em-formato-digital-e.png","contentUrl":"https:\/\/favorite-news.com\/pt\/wp-content\/uploads\/sites\/2\/2021\/06\/Continente-regressa-aos-eventos-com-festival-em-formato-digital-e.png","width":1920,"height":712,"caption":"Continente regressa aos eventos com festival em formato digital e transmiss\u00e3o na TVI - Meios & Publicidade"},{"@type":"BreadcrumbList","@id":"https:\/\/favorite-news.com\/pt\/continente-regressa-aos-eventos-com-festival-em-formato-digital-e-transmissao-na-tvi-meios-publicidade\/#breadcrumb","itemListElement":[{"@type":"ListItem","position":1,"name":"Home","item":"https:\/\/favorite-news.com\/pt\/"},{"@type":"ListItem","position":2,"name":"Continente regressa aos eventos com festival em formato digital e transmiss\u00e3o na TVI &#8211; Meios &#038; Publicidade"}]},{"@type":"WebSite","@id":"https:\/\/favorite-news.com\/pt\/#website","url":"https:\/\/favorite-news.com\/pt\/","name":"Favorite News","description":"Favorite News Portugal","potentialAction":[{"@type":"SearchAction","target":{"@type":"EntryPoint","urlTemplate":"https:\/\/favorite-news.com\/pt\/?s={search_term_string}"},"query-input":{"@type":"PropertyValueSpecification","valueRequired":true,"valueName":"search_term_string"}}],"inLanguage":"pt-PT"},{"@type":"Person","@id":"https:\/\/favorite-news.com\/pt\/#\/schema\/person\/b91573b717dcfa5e4696032a9d28d3e8","name":"favorite-news","image":{"@type":"ImageObject","inLanguage":"pt-PT","@id":"https:\/\/secure.gravatar.com\/avatar\/6c5a5cb12b74e9d517ee91cf570335b7d16177f1977cc91db161adfa435945a7?s=96&d=mm&r=g","url":"https:\/\/secure.gravatar.com\/avatar\/6c5a5cb12b74e9d517ee91cf570335b7d16177f1977cc91db161adfa435945a7?s=96&d=mm&r=g","contentUrl":"https:\/\/secure.gravatar.com\/avatar\/6c5a5cb12b74e9d517ee91cf570335b7d16177f1977cc91db161adfa435945a7?s=96&d=mm&r=g","caption":"favorite-news"},"url":"https:\/\/favorite-news.com\/pt\/author\/pt\/"}]}},"_links":{"self":[{"href":"https:\/\/favorite-news.com\/pt\/wp-json\/wp\/v2\/posts\/10375","targetHints":{"allow":["GET"]}}],"collection":[{"href":"https:\/\/favorite-news.com\/pt\/wp-json\/wp\/v2\/posts"}],"about":[{"href":"https:\/\/favorite-news.com\/pt\/wp-json\/wp\/v2\/types\/post"}],"author":[{"embeddable":true,"href":"https:\/\/favorite-news.com\/pt\/wp-json\/wp\/v2\/users\/2"}],"replies":[{"embeddable":true,"href":"https:\/\/favorite-news.com\/pt\/wp-json\/wp\/v2\/comments?post=10375"}],"version-history":[{"count":1,"href":"https:\/\/favorite-news.com\/pt\/wp-json\/wp\/v2\/posts\/10375\/revisions"}],"predecessor-version":[{"id":10377,"href":"https:\/\/favorite-news.com\/pt\/wp-json\/wp\/v2\/posts\/10375\/revisions\/10377"}],"wp:featuredmedia":[{"embeddable":true,"href":"https:\/\/favorite-news.com\/pt\/wp-json\/wp\/v2\/media\/10376"}],"wp:attachment":[{"href":"https:\/\/favorite-news.com\/pt\/wp-json\/wp\/v2\/media?parent=10375"}],"wp:term":[{"taxonomy":"category","embeddable":true,"href":"https:\/\/favorite-news.com\/pt\/wp-json\/wp\/v2\/categories?post=10375"},{"taxonomy":"post_tag","embeddable":true,"href":"https:\/\/favorite-news.com\/pt\/wp-json\/wp\/v2\/tags?post=10375"}],"curies":[{"name":"wp","href":"https:\/\/api.w.org\/{rel}","templated":true}]}}