{"id":10359,"date":"2021-06-08T02:26:56","date_gmt":"2021-06-07T23:26:56","guid":{"rendered":"https:\/\/favorite-news.com\/pt\/duarte-zoio-lidera-comunicacao-da-vanguard-properties-portugal-meios-publicidade\/"},"modified":"2021-06-08T02:26:59","modified_gmt":"2021-06-07T23:26:59","slug":"duarte-zoio-lidera-comunicacao-da-vanguard-properties-portugal-meios-publicidade","status":"publish","type":"post","link":"https:\/\/favorite-news.com\/pt\/duarte-zoio-lidera-comunicacao-da-vanguard-properties-portugal-meios-publicidade\/","title":{"rendered":"Duarte Zoio lidera comunica\u00e7\u00e3o da Vanguard Properties Portugal &#8211; Meios &#038; Publicidade"},"content":{"rendered":"<p>\t\t\t\tPor Meios &amp; Publicidade a 7 de Junho de 2021<\/p>\n<p>\t\t\tDuarte Zoio assumiu as fun\u00e7\u00f5es de head of corporate communications da Vanguard Properties Portugal, \u00a0promotora imobili\u00e1ria de luxo. \u00a0Enquanto director de comunica\u00e7\u00e3o institucional da promotora imobili\u00e1ria de luxo,\u201d estar\u00e1 focado em alavancar a reputa\u00e7\u00e3o da empresa junto dos seus stakeholders\u00a0e na divulga\u00e7\u00e3o dos seus projectos, nos quais ter\u00e1 uma participa\u00e7\u00e3o activa\u201d.<br \/>\n\u00a0\u201c\u00c9 uma \u00e1rea estrat\u00e9gica e que tem ganhado cada vez mais import\u00e2ncia para as empresas. Sentimos que a posi\u00e7\u00e3o que temos no mercado nacional e a dimens\u00e3o dos nossos projetos, assim como todas as iniciativas que temos vindo a desenvolver, justificava a contrata\u00e7\u00e3o de algu\u00e9m como o Duarte, que tem provas dadas na \u00e1rea da comunica\u00e7\u00e3o e que tem elevado dinamismo, adequando-se perfeitamente ao perfil de pessoa que precis\u00e1vamos\u201d, diz Jos\u00e9 Cardoso Botelho, CEO da imobili\u00e1ria.PUB<\/p>\n<p>\u201cO desafio de liderar o departamento de comunica\u00e7\u00e3o institucional da Vanguard Properties Portugal entusiasmou-me desde o in\u00edcio,\u00a0 uma vez que estamos a falar de uma organiza\u00e7\u00e3o que se apresenta como um exemplo do melhor que se faz no mercado imobili\u00e1rio nacional, sendo este um sector extremamente din\u00e2mico e fundamental para a nossa economia\u201d, acrescenta Duarte Zoio.<br \/>\nFormado em Direito, Duarte Zoio iniciou a carreira no jornalismo, tendo sido editor do Seman\u00e1rio. Foi consultor de empresas na \u00e1rea financeira, director de comunica\u00e7\u00e3o de um family office e, nos \u00faltimos nove ano, chief communications officer da Ordem dos Psic\u00f3logos<\/p>\n<p>\n<!--noindex--><br \/>\n<a href=\"https:\/\/www.meiosepublicidade.pt\/2021\/06\/duarte-zoio-lidera-comunicacao-da-vanguard-properties-portugal\/?utm_source=rss&#038;utm_medium=rss&#038;utm_campaign=duarte-zoio-lidera-comunicacao-da-vanguard-properties-portugal\" rel=\"nofollow\">Source link <\/a><br \/>\n<!--\/noindex--><\/p>\n","protected":false},"excerpt":{"rendered":"<p>Por Meios &amp; Publicidade a 7 de Junho de 2021 Duarte Zoio assumiu as fun\u00e7\u00f5es de head of corporate communications da Vanguard Properties Portugal, \u00a0promotora imobili\u00e1ria de luxo. \u00a0Enquanto director de comunica\u00e7\u00e3o institucional da promotora imobili\u00e1ria de luxo,\u201d estar\u00e1 focado em alavancar a reputa\u00e7\u00e3o da empresa junto dos seus stakeholders\u00a0e na divulga\u00e7\u00e3o dos seus projectos, [&hellip;]<\/p>\n","protected":false},"author":2,"featured_media":10360,"comment_status":"open","ping_status":"open","sticky":false,"template":"","format":"standard","meta":{"footnotes":""},"categories":[3],"tags":[],"class_list":["post-10359","post","type-post","status-publish","format-standard","has-post-thumbnail","hentry","category-noticias-de-marketing-na-internet"],"yoast_head":"<!-- This site is optimized with the Yoast SEO plugin v27.4 - https:\/\/yoast.com\/product\/yoast-seo-wordpress\/ -->\n<title>Duarte Zoio lidera comunica\u00e7\u00e3o da Vanguard Properties Portugal - Meios &amp; Publicidade - Favorite News<\/title>\n<meta name=\"robots\" content=\"index, follow, max-snippet:-1, max-image-preview:large, max-video-preview:-1\" \/>\n<link rel=\"canonical\" href=\"https:\/\/favorite-news.com\/pt\/duarte-zoio-lidera-comunicacao-da-vanguard-properties-portugal-meios-publicidade\/\" \/>\n<meta property=\"og:locale\" content=\"pt_PT\" \/>\n<meta property=\"og:type\" content=\"article\" \/>\n<meta property=\"og:title\" content=\"Duarte Zoio lidera comunica\u00e7\u00e3o da Vanguard Properties Portugal - Meios &amp; Publicidade - Favorite News\" \/>\n<meta property=\"og:description\" content=\"Por Meios &amp; Publicidade a 7 de Junho de 2021 Duarte Zoio assumiu as fun\u00e7\u00f5es de head of corporate communications da Vanguard Properties Portugal, \u00a0promotora imobili\u00e1ria de luxo. \u00a0Enquanto director de comunica\u00e7\u00e3o institucional da promotora imobili\u00e1ria de luxo,\u201d estar\u00e1 focado em alavancar a reputa\u00e7\u00e3o da empresa junto dos seus stakeholders\u00a0e na divulga\u00e7\u00e3o dos seus projectos, [&hellip;]\" \/>\n<meta property=\"og:url\" content=\"https:\/\/favorite-news.com\/pt\/duarte-zoio-lidera-comunicacao-da-vanguard-properties-portugal-meios-publicidade\/\" \/>\n<meta property=\"og:site_name\" content=\"Favorite News\" \/>\n<meta property=\"article:published_time\" content=\"2021-06-07T23:26:56+00:00\" \/>\n<meta property=\"article:modified_time\" content=\"2021-06-07T23:26:59+00:00\" \/>\n<meta property=\"og:image\" content=\"https:\/\/favorite-news.com\/pt\/wp-content\/uploads\/sites\/2\/2021\/06\/Duarte-Zoio-lidera-comunicacao-da-Vanguard-Properties-Portugal-Meios.jpeg\" \/>\n\t<meta property=\"og:image:width\" content=\"1303\" \/>\n\t<meta property=\"og:image:height\" content=\"1303\" \/>\n\t<meta property=\"og:image:type\" content=\"image\/jpeg\" \/>\n<meta name=\"author\" content=\"favorite-news\" \/>\n<meta name=\"twitter:card\" content=\"summary_large_image\" \/>\n<meta name=\"twitter:label1\" content=\"Escrito por\" \/>\n\t<meta name=\"twitter:data1\" content=\"favorite-news\" \/>\n\t<meta name=\"twitter:label2\" content=\"Tempo estimado de leitura\" \/>\n\t<meta name=\"twitter:data2\" content=\"1 minuto\" \/>\n<script type=\"application\/ld+json\" class=\"yoast-schema-graph\">{\"@context\":\"https:\\\/\\\/schema.org\",\"@graph\":[{\"@type\":\"Article\",\"@id\":\"https:\\\/\\\/favorite-news.com\\\/pt\\\/duarte-zoio-lidera-comunicacao-da-vanguard-properties-portugal-meios-publicidade\\\/#article\",\"isPartOf\":{\"@id\":\"https:\\\/\\\/favorite-news.com\\\/pt\\\/duarte-zoio-lidera-comunicacao-da-vanguard-properties-portugal-meios-publicidade\\\/\"},\"author\":{\"name\":\"favorite-news\",\"@id\":\"https:\\\/\\\/favorite-news.com\\\/pt\\\/#\\\/schema\\\/person\\\/b91573b717dcfa5e4696032a9d28d3e8\"},\"headline\":\"Duarte Zoio lidera comunica\u00e7\u00e3o da Vanguard Properties Portugal &#8211; Meios &#038; Publicidade\",\"datePublished\":\"2021-06-07T23:26:56+00:00\",\"dateModified\":\"2021-06-07T23:26:59+00:00\",\"mainEntityOfPage\":{\"@id\":\"https:\\\/\\\/favorite-news.com\\\/pt\\\/duarte-zoio-lidera-comunicacao-da-vanguard-properties-portugal-meios-publicidade\\\/\"},\"wordCount\":271,\"commentCount\":0,\"image\":{\"@id\":\"https:\\\/\\\/favorite-news.com\\\/pt\\\/duarte-zoio-lidera-comunicacao-da-vanguard-properties-portugal-meios-publicidade\\\/#primaryimage\"},\"thumbnailUrl\":\"https:\\\/\\\/favorite-news.com\\\/pt\\\/wp-content\\\/uploads\\\/sites\\\/2\\\/2021\\\/06\\\/Duarte-Zoio-lidera-comunicacao-da-Vanguard-Properties-Portugal-Meios.jpeg\",\"articleSection\":[\"NOT\u00cdCIAS DE MARKETING NA INTERNET\"],\"inLanguage\":\"pt-PT\",\"potentialAction\":[{\"@type\":\"CommentAction\",\"name\":\"Comment\",\"target\":[\"https:\\\/\\\/favorite-news.com\\\/pt\\\/duarte-zoio-lidera-comunicacao-da-vanguard-properties-portugal-meios-publicidade\\\/#respond\"]}]},{\"@type\":\"WebPage\",\"@id\":\"https:\\\/\\\/favorite-news.com\\\/pt\\\/duarte-zoio-lidera-comunicacao-da-vanguard-properties-portugal-meios-publicidade\\\/\",\"url\":\"https:\\\/\\\/favorite-news.com\\\/pt\\\/duarte-zoio-lidera-comunicacao-da-vanguard-properties-portugal-meios-publicidade\\\/\",\"name\":\"Duarte Zoio lidera comunica\u00e7\u00e3o da Vanguard Properties Portugal - Meios & Publicidade - Favorite News\",\"isPartOf\":{\"@id\":\"https:\\\/\\\/favorite-news.com\\\/pt\\\/#website\"},\"primaryImageOfPage\":{\"@id\":\"https:\\\/\\\/favorite-news.com\\\/pt\\\/duarte-zoio-lidera-comunicacao-da-vanguard-properties-portugal-meios-publicidade\\\/#primaryimage\"},\"image\":{\"@id\":\"https:\\\/\\\/favorite-news.com\\\/pt\\\/duarte-zoio-lidera-comunicacao-da-vanguard-properties-portugal-meios-publicidade\\\/#primaryimage\"},\"thumbnailUrl\":\"https:\\\/\\\/favorite-news.com\\\/pt\\\/wp-content\\\/uploads\\\/sites\\\/2\\\/2021\\\/06\\\/Duarte-Zoio-lidera-comunicacao-da-Vanguard-Properties-Portugal-Meios.jpeg\",\"datePublished\":\"2021-06-07T23:26:56+00:00\",\"dateModified\":\"2021-06-07T23:26:59+00:00\",\"author\":{\"@id\":\"https:\\\/\\\/favorite-news.com\\\/pt\\\/#\\\/schema\\\/person\\\/b91573b717dcfa5e4696032a9d28d3e8\"},\"breadcrumb\":{\"@id\":\"https:\\\/\\\/favorite-news.com\\\/pt\\\/duarte-zoio-lidera-comunicacao-da-vanguard-properties-portugal-meios-publicidade\\\/#breadcrumb\"},\"inLanguage\":\"pt-PT\",\"potentialAction\":[{\"@type\":\"ReadAction\",\"target\":[\"https:\\\/\\\/favorite-news.com\\\/pt\\\/duarte-zoio-lidera-comunicacao-da-vanguard-properties-portugal-meios-publicidade\\\/\"]}]},{\"@type\":\"ImageObject\",\"inLanguage\":\"pt-PT\",\"@id\":\"https:\\\/\\\/favorite-news.com\\\/pt\\\/duarte-zoio-lidera-comunicacao-da-vanguard-properties-portugal-meios-publicidade\\\/#primaryimage\",\"url\":\"https:\\\/\\\/favorite-news.com\\\/pt\\\/wp-content\\\/uploads\\\/sites\\\/2\\\/2021\\\/06\\\/Duarte-Zoio-lidera-comunicacao-da-Vanguard-Properties-Portugal-Meios.jpeg\",\"contentUrl\":\"https:\\\/\\\/favorite-news.com\\\/pt\\\/wp-content\\\/uploads\\\/sites\\\/2\\\/2021\\\/06\\\/Duarte-Zoio-lidera-comunicacao-da-Vanguard-Properties-Portugal-Meios.jpeg\",\"width\":1303,\"height\":1303,\"caption\":\"Duarte Zoio lidera comunica\u00e7\u00e3o da Vanguard Properties Portugal - Meios & Publicidade\"},{\"@type\":\"BreadcrumbList\",\"@id\":\"https:\\\/\\\/favorite-news.com\\\/pt\\\/duarte-zoio-lidera-comunicacao-da-vanguard-properties-portugal-meios-publicidade\\\/#breadcrumb\",\"itemListElement\":[{\"@type\":\"ListItem\",\"position\":1,\"name\":\"Home\",\"item\":\"https:\\\/\\\/favorite-news.com\\\/pt\\\/\"},{\"@type\":\"ListItem\",\"position\":2,\"name\":\"Duarte Zoio lidera comunica\u00e7\u00e3o da Vanguard Properties Portugal &#8211; Meios &#038; Publicidade\"}]},{\"@type\":\"WebSite\",\"@id\":\"https:\\\/\\\/favorite-news.com\\\/pt\\\/#website\",\"url\":\"https:\\\/\\\/favorite-news.com\\\/pt\\\/\",\"name\":\"Favorite News\",\"description\":\"Favorite News Portugal\",\"potentialAction\":[{\"@type\":\"SearchAction\",\"target\":{\"@type\":\"EntryPoint\",\"urlTemplate\":\"https:\\\/\\\/favorite-news.com\\\/pt\\\/?s={search_term_string}\"},\"query-input\":{\"@type\":\"PropertyValueSpecification\",\"valueRequired\":true,\"valueName\":\"search_term_string\"}}],\"inLanguage\":\"pt-PT\"},{\"@type\":\"Person\",\"@id\":\"https:\\\/\\\/favorite-news.com\\\/pt\\\/#\\\/schema\\\/person\\\/b91573b717dcfa5e4696032a9d28d3e8\",\"name\":\"favorite-news\",\"image\":{\"@type\":\"ImageObject\",\"inLanguage\":\"pt-PT\",\"@id\":\"https:\\\/\\\/secure.gravatar.com\\\/avatar\\\/6c5a5cb12b74e9d517ee91cf570335b7d16177f1977cc91db161adfa435945a7?s=96&d=mm&r=g\",\"url\":\"https:\\\/\\\/secure.gravatar.com\\\/avatar\\\/6c5a5cb12b74e9d517ee91cf570335b7d16177f1977cc91db161adfa435945a7?s=96&d=mm&r=g\",\"contentUrl\":\"https:\\\/\\\/secure.gravatar.com\\\/avatar\\\/6c5a5cb12b74e9d517ee91cf570335b7d16177f1977cc91db161adfa435945a7?s=96&d=mm&r=g\",\"caption\":\"favorite-news\"},\"url\":\"https:\\\/\\\/favorite-news.com\\\/pt\\\/author\\\/pt\\\/\"}]}<\/script>\n<!-- \/ Yoast SEO plugin. -->","yoast_head_json":{"title":"Duarte Zoio lidera comunica\u00e7\u00e3o da Vanguard Properties Portugal - Meios & Publicidade - Favorite News","robots":{"index":"index","follow":"follow","max-snippet":"max-snippet:-1","max-image-preview":"max-image-preview:large","max-video-preview":"max-video-preview:-1"},"canonical":"https:\/\/favorite-news.com\/pt\/duarte-zoio-lidera-comunicacao-da-vanguard-properties-portugal-meios-publicidade\/","og_locale":"pt_PT","og_type":"article","og_title":"Duarte Zoio lidera comunica\u00e7\u00e3o da Vanguard Properties Portugal - Meios & Publicidade - Favorite News","og_description":"Por Meios &amp; Publicidade a 7 de Junho de 2021 Duarte Zoio assumiu as fun\u00e7\u00f5es de head of corporate communications da Vanguard Properties Portugal, \u00a0promotora imobili\u00e1ria de luxo. \u00a0Enquanto director de comunica\u00e7\u00e3o institucional da promotora imobili\u00e1ria de luxo,\u201d estar\u00e1 focado em alavancar a reputa\u00e7\u00e3o da empresa junto dos seus stakeholders\u00a0e na divulga\u00e7\u00e3o dos seus projectos, [&hellip;]","og_url":"https:\/\/favorite-news.com\/pt\/duarte-zoio-lidera-comunicacao-da-vanguard-properties-portugal-meios-publicidade\/","og_site_name":"Favorite News","article_published_time":"2021-06-07T23:26:56+00:00","article_modified_time":"2021-06-07T23:26:59+00:00","og_image":[{"width":1303,"height":1303,"url":"https:\/\/favorite-news.com\/pt\/wp-content\/uploads\/sites\/2\/2021\/06\/Duarte-Zoio-lidera-comunicacao-da-Vanguard-Properties-Portugal-Meios.jpeg","type":"image\/jpeg"}],"author":"favorite-news","twitter_card":"summary_large_image","twitter_misc":{"Escrito por":"favorite-news","Tempo estimado de leitura":"1 minuto"},"schema":{"@context":"https:\/\/schema.org","@graph":[{"@type":"Article","@id":"https:\/\/favorite-news.com\/pt\/duarte-zoio-lidera-comunicacao-da-vanguard-properties-portugal-meios-publicidade\/#article","isPartOf":{"@id":"https:\/\/favorite-news.com\/pt\/duarte-zoio-lidera-comunicacao-da-vanguard-properties-portugal-meios-publicidade\/"},"author":{"name":"favorite-news","@id":"https:\/\/favorite-news.com\/pt\/#\/schema\/person\/b91573b717dcfa5e4696032a9d28d3e8"},"headline":"Duarte Zoio lidera comunica\u00e7\u00e3o da Vanguard Properties Portugal &#8211; Meios &#038; Publicidade","datePublished":"2021-06-07T23:26:56+00:00","dateModified":"2021-06-07T23:26:59+00:00","mainEntityOfPage":{"@id":"https:\/\/favorite-news.com\/pt\/duarte-zoio-lidera-comunicacao-da-vanguard-properties-portugal-meios-publicidade\/"},"wordCount":271,"commentCount":0,"image":{"@id":"https:\/\/favorite-news.com\/pt\/duarte-zoio-lidera-comunicacao-da-vanguard-properties-portugal-meios-publicidade\/#primaryimage"},"thumbnailUrl":"https:\/\/favorite-news.com\/pt\/wp-content\/uploads\/sites\/2\/2021\/06\/Duarte-Zoio-lidera-comunicacao-da-Vanguard-Properties-Portugal-Meios.jpeg","articleSection":["NOT\u00cdCIAS DE MARKETING NA INTERNET"],"inLanguage":"pt-PT","potentialAction":[{"@type":"CommentAction","name":"Comment","target":["https:\/\/favorite-news.com\/pt\/duarte-zoio-lidera-comunicacao-da-vanguard-properties-portugal-meios-publicidade\/#respond"]}]},{"@type":"WebPage","@id":"https:\/\/favorite-news.com\/pt\/duarte-zoio-lidera-comunicacao-da-vanguard-properties-portugal-meios-publicidade\/","url":"https:\/\/favorite-news.com\/pt\/duarte-zoio-lidera-comunicacao-da-vanguard-properties-portugal-meios-publicidade\/","name":"Duarte Zoio lidera comunica\u00e7\u00e3o da Vanguard Properties Portugal - Meios & Publicidade - Favorite News","isPartOf":{"@id":"https:\/\/favorite-news.com\/pt\/#website"},"primaryImageOfPage":{"@id":"https:\/\/favorite-news.com\/pt\/duarte-zoio-lidera-comunicacao-da-vanguard-properties-portugal-meios-publicidade\/#primaryimage"},"image":{"@id":"https:\/\/favorite-news.com\/pt\/duarte-zoio-lidera-comunicacao-da-vanguard-properties-portugal-meios-publicidade\/#primaryimage"},"thumbnailUrl":"https:\/\/favorite-news.com\/pt\/wp-content\/uploads\/sites\/2\/2021\/06\/Duarte-Zoio-lidera-comunicacao-da-Vanguard-Properties-Portugal-Meios.jpeg","datePublished":"2021-06-07T23:26:56+00:00","dateModified":"2021-06-07T23:26:59+00:00","author":{"@id":"https:\/\/favorite-news.com\/pt\/#\/schema\/person\/b91573b717dcfa5e4696032a9d28d3e8"},"breadcrumb":{"@id":"https:\/\/favorite-news.com\/pt\/duarte-zoio-lidera-comunicacao-da-vanguard-properties-portugal-meios-publicidade\/#breadcrumb"},"inLanguage":"pt-PT","potentialAction":[{"@type":"ReadAction","target":["https:\/\/favorite-news.com\/pt\/duarte-zoio-lidera-comunicacao-da-vanguard-properties-portugal-meios-publicidade\/"]}]},{"@type":"ImageObject","inLanguage":"pt-PT","@id":"https:\/\/favorite-news.com\/pt\/duarte-zoio-lidera-comunicacao-da-vanguard-properties-portugal-meios-publicidade\/#primaryimage","url":"https:\/\/favorite-news.com\/pt\/wp-content\/uploads\/sites\/2\/2021\/06\/Duarte-Zoio-lidera-comunicacao-da-Vanguard-Properties-Portugal-Meios.jpeg","contentUrl":"https:\/\/favorite-news.com\/pt\/wp-content\/uploads\/sites\/2\/2021\/06\/Duarte-Zoio-lidera-comunicacao-da-Vanguard-Properties-Portugal-Meios.jpeg","width":1303,"height":1303,"caption":"Duarte Zoio lidera comunica\u00e7\u00e3o da Vanguard Properties Portugal - Meios & Publicidade"},{"@type":"BreadcrumbList","@id":"https:\/\/favorite-news.com\/pt\/duarte-zoio-lidera-comunicacao-da-vanguard-properties-portugal-meios-publicidade\/#breadcrumb","itemListElement":[{"@type":"ListItem","position":1,"name":"Home","item":"https:\/\/favorite-news.com\/pt\/"},{"@type":"ListItem","position":2,"name":"Duarte Zoio lidera comunica\u00e7\u00e3o da Vanguard Properties Portugal &#8211; Meios &#038; Publicidade"}]},{"@type":"WebSite","@id":"https:\/\/favorite-news.com\/pt\/#website","url":"https:\/\/favorite-news.com\/pt\/","name":"Favorite News","description":"Favorite News Portugal","potentialAction":[{"@type":"SearchAction","target":{"@type":"EntryPoint","urlTemplate":"https:\/\/favorite-news.com\/pt\/?s={search_term_string}"},"query-input":{"@type":"PropertyValueSpecification","valueRequired":true,"valueName":"search_term_string"}}],"inLanguage":"pt-PT"},{"@type":"Person","@id":"https:\/\/favorite-news.com\/pt\/#\/schema\/person\/b91573b717dcfa5e4696032a9d28d3e8","name":"favorite-news","image":{"@type":"ImageObject","inLanguage":"pt-PT","@id":"https:\/\/secure.gravatar.com\/avatar\/6c5a5cb12b74e9d517ee91cf570335b7d16177f1977cc91db161adfa435945a7?s=96&d=mm&r=g","url":"https:\/\/secure.gravatar.com\/avatar\/6c5a5cb12b74e9d517ee91cf570335b7d16177f1977cc91db161adfa435945a7?s=96&d=mm&r=g","contentUrl":"https:\/\/secure.gravatar.com\/avatar\/6c5a5cb12b74e9d517ee91cf570335b7d16177f1977cc91db161adfa435945a7?s=96&d=mm&r=g","caption":"favorite-news"},"url":"https:\/\/favorite-news.com\/pt\/author\/pt\/"}]}},"_links":{"self":[{"href":"https:\/\/favorite-news.com\/pt\/wp-json\/wp\/v2\/posts\/10359","targetHints":{"allow":["GET"]}}],"collection":[{"href":"https:\/\/favorite-news.com\/pt\/wp-json\/wp\/v2\/posts"}],"about":[{"href":"https:\/\/favorite-news.com\/pt\/wp-json\/wp\/v2\/types\/post"}],"author":[{"embeddable":true,"href":"https:\/\/favorite-news.com\/pt\/wp-json\/wp\/v2\/users\/2"}],"replies":[{"embeddable":true,"href":"https:\/\/favorite-news.com\/pt\/wp-json\/wp\/v2\/comments?post=10359"}],"version-history":[{"count":1,"href":"https:\/\/favorite-news.com\/pt\/wp-json\/wp\/v2\/posts\/10359\/revisions"}],"predecessor-version":[{"id":10361,"href":"https:\/\/favorite-news.com\/pt\/wp-json\/wp\/v2\/posts\/10359\/revisions\/10361"}],"wp:featuredmedia":[{"embeddable":true,"href":"https:\/\/favorite-news.com\/pt\/wp-json\/wp\/v2\/media\/10360"}],"wp:attachment":[{"href":"https:\/\/favorite-news.com\/pt\/wp-json\/wp\/v2\/media?parent=10359"}],"wp:term":[{"taxonomy":"category","embeddable":true,"href":"https:\/\/favorite-news.com\/pt\/wp-json\/wp\/v2\/categories?post=10359"},{"taxonomy":"post_tag","embeddable":true,"href":"https:\/\/favorite-news.com\/pt\/wp-json\/wp\/v2\/tags?post=10359"}],"curies":[{"name":"wp","href":"https:\/\/api.w.org\/{rel}","templated":true}]}}