{"id":10249,"date":"2021-05-29T01:24:11","date_gmt":"2021-05-28T22:24:11","guid":{"rendered":"https:\/\/favorite-news.com\/pt\/assim-se-ve-a-forca-do-pc-meios-publicidade\/"},"modified":"2021-05-29T01:24:14","modified_gmt":"2021-05-28T22:24:14","slug":"assim-se-ve-a-forca-do-pc-meios-publicidade","status":"publish","type":"post","link":"https:\/\/favorite-news.com\/pt\/assim-se-ve-a-forca-do-pc-meios-publicidade\/","title":{"rendered":"Assim se v\u00ea a for\u00e7a do PC &#8211; Meios &#038; Publicidade"},"content":{"rendered":"<p>\t\t\tV\u00edtor Cunha, administrador da JLM&amp;Associados<br \/>\nA pobreza e os rendimentos baixos s\u00e3o a maior vergonha de Portugal. Porque atingem a dignidade de cada um e exibem o falhan\u00e7o de todos.<br \/>\nNestas centenas de anos de vida nunca fomos especialmente ricos. Nos \u00faltimos 500 anos o PIB per capita dos portugueses s\u00f3 deu um salto significativo ao longo do s\u00e9culo XX. J\u00e1 sabemos que a estat\u00edstica sem explica\u00e7\u00e3o mente desavergonhadamente, por isso tamb\u00e9m constatamos que esse salto s\u00f3 tem sido bom para alguns.PUB<\/p>\n<p>Nos dias de hoje, sabemos que Lisboa, Oeiras e Cascais s\u00e3o concelhos onde se vive bem considerando padr\u00f5es europeus, mas, por exemplo, Montijo ou Barreiro (e todo o distrito de Set\u00fabal) s\u00e3o significativamente mais pobres \u2013 e apenas um rio os separa. Como est\u00e3o na mesma unidade estat\u00edstica que os concelhos ricos, sofrem duas vezes: sofrem porque s\u00e3o pobres e sofrem porque s\u00e3o considerados ricos, ficando fora do acesso a programas europeus. Esta circunst\u00e2ncia demonstra a ilus\u00e3o das unidades estat\u00edsticas (chamam-lhe NUTS, e deve ser lido em portugu\u00eas; em ingl\u00eas tamb\u00e9m faria sentido dada a tolice) e n\u00e3o se percebe porque \u00e9 que governo e parlamento n\u00e3o terminam com isto, sabendo-se que h\u00e1 consenso pol\u00edtico ultra alargado.<br \/>\nMas era sobre a Lisboa rica e a sua pobreza (pouco) escondida de que gostava de falar neste Maio primaveril. Das cidades do mundo que conhe\u00e7o, Lisboa deve ser das mais \u201cinteressantes\u201d para viver. \u00c9 verdade que n\u00e3o tem um museu, uma \u00f3pera, ou um teatro como Londres, Nova Ioque, Boston, Berlim, Paris, Madrid, Mil\u00e3o, Roma, Viena, Washington, Lyon, S\u00e3o Paulo, Barcelona, Moscovo, Vars\u00f3via ou muitas outras terras de que se fala e onde se vai. \u00c9 verdade que \u00e9 suja e decadente e desordenada. Mas \u00e9 a cidade da minha vida.<br \/>\nPor muitos anos Lisboa se fechou, deixou que os velhos morressem e as suas casas ca\u00edssem, abandonou o centro. As periferias mostraram dinamismo e concorreram no pre\u00e7o e no estilo de vida de fim de semana (sol, mar, oferta razo\u00e1vel de servi\u00e7os, explos\u00e3o dos centros comerciais, mais acessos e estradas, etc).<br \/>\nFoi o turismo e a promo\u00e7\u00e3o mobili\u00e1ria quem muito ajudou Lisboa a mudar nos \u00faltimos anos. A gest\u00e3o maioritariamente socialista da c\u00e2mara compreendeu que sem privados n\u00e3o haveria turismo, reabilita\u00e7\u00e3o, investimento, gente e crescimento \u2013 e fez bem. O facto de o aeroporto de Lisboa estar no centro garante competi\u00e7\u00e3o com a maioria das cidades europeias (\u00e9 certo que o comboio de alta velocidade aproxima as cidades do centro da Europa, mas c\u00e1 n\u00e3o serve para chegar a Zagreb ou Viena). \u00c9 por isso estranho n\u00e3o se ouvir em voz alta a defesa daquele aeroporto pela autarquia e pelos candidatos que se conhecem.<br \/>\nO sucesso estat\u00edstico de Lisboa tem correspond\u00eancia em grande medida com o sucesso que se sente e v\u00ea, apesar da pandemia e do encerramento for\u00e7ado. Mas, depois, h\u00e1 uma outra Lisboa insuport\u00e1vel, de que n\u00e3o se quer falar, por isso escondida: pobres, sem abrigo, velhos isolados, passeios onde pessoas com defici\u00eancia n\u00e3o se movem, passeios esburacados, buracos nas casas, empenas a cair, pr\u00e9dios habitados abandonados por inc\u00faria ou falta de meios, filas de tr\u00e2nsito, dejetos de humanos e de animais nas ruas, lixo, beatas, jardins mal tratados, \u00e1gua de rega desperdi\u00e7ada em dias de chuva, falta de casas, falta de pessoas.<br \/>\nEsta Lisboa real n\u00e3o vem nas redes sociais oficiais, na imprensa ou no discurso das elites. Essa Lisboa que vivemos e a que nos habituamos exibe a nossa pobreza e mis\u00e9rias. N\u00e3o pe\u00e7o desculpa pelo exemplo: a indigna\u00e7\u00e3o a que temos direito n\u00e3o precisa de autoriza\u00e7\u00e3o para ser convocada:\u00a0 sim, tenho vergonha de viver numa capital onde h\u00e1 cada vez mais sem abrigo e em que essas pessoas deixam nas ruas excrementos (fezes, estercos) que a chuva n\u00e3o varre. Capital verde? Triste capital.<br \/>\nL\u00e1 para o Outono vamos escolher o novo presidente da c\u00e2mara (pc), as suas equipas e as juntas de freguesia. Um pc com ideias claras, sem medo de enfrentar, que n\u00e3o dependa das l\u00f3gicas internas dos partidos e que goste de Lisboa pode fazer a diferen\u00e7a que precisamos. Moedas e Medina v\u00e3o polarizar o debate e a ambos se exige que n\u00e3o abandonem os lisboetas, os pobres, e os outros, os que perderam a paci\u00eancia para a degrada\u00e7\u00e3o e exigem que a riqueza estat\u00edstica tenha uma revela\u00e7\u00e3o na vida de todos n\u00f3s. \u00c9 essa a for\u00e7a do pc.<\/p>\n<p>\n<!--noindex--><br \/>\n<a href=\"https:\/\/www.meiosepublicidade.pt\/2021\/05\/assim-se-ve-a-forca-do-pc\/?utm_source=rss&#038;utm_medium=rss&#038;utm_campaign=assim-se-ve-a-forca-do-pc\" rel=\"nofollow\">Source link <\/a><br \/>\n<!--\/noindex--><\/p>\n","protected":false},"excerpt":{"rendered":"<p>V\u00edtor Cunha, administrador da JLM&amp;Associados A pobreza e os rendimentos baixos s\u00e3o a maior vergonha de Portugal. Porque atingem a dignidade de cada um e exibem o falhan\u00e7o de todos. Nestas centenas de anos de vida nunca fomos especialmente ricos. Nos \u00faltimos 500 anos o PIB per capita dos portugueses s\u00f3 deu um salto significativo [&hellip;]<\/p>\n","protected":false},"author":2,"featured_media":8648,"comment_status":"open","ping_status":"open","sticky":false,"template":"","format":"standard","meta":{"footnotes":""},"categories":[3],"tags":[],"class_list":["post-10249","post","type-post","status-publish","format-standard","has-post-thumbnail","hentry","category-noticias-de-marketing-na-internet"],"yoast_head":"<!-- This site is optimized with the Yoast SEO plugin v27.4 - https:\/\/yoast.com\/product\/yoast-seo-wordpress\/ -->\n<title>Assim se v\u00ea a for\u00e7a do PC - Meios &amp; Publicidade - Favorite News<\/title>\n<meta name=\"robots\" content=\"index, follow, max-snippet:-1, max-image-preview:large, max-video-preview:-1\" \/>\n<link rel=\"canonical\" href=\"https:\/\/favorite-news.com\/pt\/assim-se-ve-a-forca-do-pc-meios-publicidade\/\" \/>\n<meta property=\"og:locale\" content=\"pt_PT\" \/>\n<meta property=\"og:type\" content=\"article\" \/>\n<meta property=\"og:title\" content=\"Assim se v\u00ea a for\u00e7a do PC - Meios &amp; Publicidade - Favorite News\" \/>\n<meta property=\"og:description\" content=\"V\u00edtor Cunha, administrador da JLM&amp;Associados A pobreza e os rendimentos baixos s\u00e3o a maior vergonha de Portugal. Porque atingem a dignidade de cada um e exibem o falhan\u00e7o de todos. Nestas centenas de anos de vida nunca fomos especialmente ricos. Nos \u00faltimos 500 anos o PIB per capita dos portugueses s\u00f3 deu um salto significativo [&hellip;]\" \/>\n<meta property=\"og:url\" content=\"https:\/\/favorite-news.com\/pt\/assim-se-ve-a-forca-do-pc-meios-publicidade\/\" \/>\n<meta property=\"og:site_name\" content=\"Favorite News\" \/>\n<meta property=\"article:published_time\" content=\"2021-05-28T22:24:11+00:00\" \/>\n<meta property=\"article:modified_time\" content=\"2021-05-28T22:24:14+00:00\" \/>\n<meta property=\"og:image\" content=\"https:\/\/favorite-news.com\/pt\/wp-content\/uploads\/sites\/2\/2021\/01\/A-lista-Meios-Publicidade.jpg\" \/>\n\t<meta property=\"og:image:width\" content=\"1732\" \/>\n\t<meta property=\"og:image:height\" content=\"1154\" \/>\n\t<meta property=\"og:image:type\" content=\"image\/jpeg\" \/>\n<meta name=\"author\" content=\"favorite-news\" \/>\n<meta name=\"twitter:card\" content=\"summary_large_image\" \/>\n<meta name=\"twitter:label1\" content=\"Escrito por\" \/>\n\t<meta name=\"twitter:data1\" content=\"favorite-news\" \/>\n\t<meta name=\"twitter:label2\" content=\"Tempo estimado de leitura\" \/>\n\t<meta name=\"twitter:data2\" content=\"4 minutos\" \/>\n<script type=\"application\/ld+json\" class=\"yoast-schema-graph\">{\"@context\":\"https:\\\/\\\/schema.org\",\"@graph\":[{\"@type\":\"Article\",\"@id\":\"https:\\\/\\\/favorite-news.com\\\/pt\\\/assim-se-ve-a-forca-do-pc-meios-publicidade\\\/#article\",\"isPartOf\":{\"@id\":\"https:\\\/\\\/favorite-news.com\\\/pt\\\/assim-se-ve-a-forca-do-pc-meios-publicidade\\\/\"},\"author\":{\"name\":\"favorite-news\",\"@id\":\"https:\\\/\\\/favorite-news.com\\\/pt\\\/#\\\/schema\\\/person\\\/b91573b717dcfa5e4696032a9d28d3e8\"},\"headline\":\"Assim se v\u00ea a for\u00e7a do PC &#8211; Meios &#038; Publicidade\",\"datePublished\":\"2021-05-28T22:24:11+00:00\",\"dateModified\":\"2021-05-28T22:24:14+00:00\",\"mainEntityOfPage\":{\"@id\":\"https:\\\/\\\/favorite-news.com\\\/pt\\\/assim-se-ve-a-forca-do-pc-meios-publicidade\\\/\"},\"wordCount\":806,\"commentCount\":0,\"image\":{\"@id\":\"https:\\\/\\\/favorite-news.com\\\/pt\\\/assim-se-ve-a-forca-do-pc-meios-publicidade\\\/#primaryimage\"},\"thumbnailUrl\":\"https:\\\/\\\/favorite-news.com\\\/pt\\\/wp-content\\\/uploads\\\/sites\\\/2\\\/2021\\\/01\\\/A-lista-Meios-Publicidade.jpg\",\"articleSection\":[\"NOT\u00cdCIAS DE MARKETING NA INTERNET\"],\"inLanguage\":\"pt-PT\",\"potentialAction\":[{\"@type\":\"CommentAction\",\"name\":\"Comment\",\"target\":[\"https:\\\/\\\/favorite-news.com\\\/pt\\\/assim-se-ve-a-forca-do-pc-meios-publicidade\\\/#respond\"]}]},{\"@type\":\"WebPage\",\"@id\":\"https:\\\/\\\/favorite-news.com\\\/pt\\\/assim-se-ve-a-forca-do-pc-meios-publicidade\\\/\",\"url\":\"https:\\\/\\\/favorite-news.com\\\/pt\\\/assim-se-ve-a-forca-do-pc-meios-publicidade\\\/\",\"name\":\"Assim se v\u00ea a for\u00e7a do PC - Meios & Publicidade - Favorite News\",\"isPartOf\":{\"@id\":\"https:\\\/\\\/favorite-news.com\\\/pt\\\/#website\"},\"primaryImageOfPage\":{\"@id\":\"https:\\\/\\\/favorite-news.com\\\/pt\\\/assim-se-ve-a-forca-do-pc-meios-publicidade\\\/#primaryimage\"},\"image\":{\"@id\":\"https:\\\/\\\/favorite-news.com\\\/pt\\\/assim-se-ve-a-forca-do-pc-meios-publicidade\\\/#primaryimage\"},\"thumbnailUrl\":\"https:\\\/\\\/favorite-news.com\\\/pt\\\/wp-content\\\/uploads\\\/sites\\\/2\\\/2021\\\/01\\\/A-lista-Meios-Publicidade.jpg\",\"datePublished\":\"2021-05-28T22:24:11+00:00\",\"dateModified\":\"2021-05-28T22:24:14+00:00\",\"author\":{\"@id\":\"https:\\\/\\\/favorite-news.com\\\/pt\\\/#\\\/schema\\\/person\\\/b91573b717dcfa5e4696032a9d28d3e8\"},\"breadcrumb\":{\"@id\":\"https:\\\/\\\/favorite-news.com\\\/pt\\\/assim-se-ve-a-forca-do-pc-meios-publicidade\\\/#breadcrumb\"},\"inLanguage\":\"pt-PT\",\"potentialAction\":[{\"@type\":\"ReadAction\",\"target\":[\"https:\\\/\\\/favorite-news.com\\\/pt\\\/assim-se-ve-a-forca-do-pc-meios-publicidade\\\/\"]}]},{\"@type\":\"ImageObject\",\"inLanguage\":\"pt-PT\",\"@id\":\"https:\\\/\\\/favorite-news.com\\\/pt\\\/assim-se-ve-a-forca-do-pc-meios-publicidade\\\/#primaryimage\",\"url\":\"https:\\\/\\\/favorite-news.com\\\/pt\\\/wp-content\\\/uploads\\\/sites\\\/2\\\/2021\\\/01\\\/A-lista-Meios-Publicidade.jpg\",\"contentUrl\":\"https:\\\/\\\/favorite-news.com\\\/pt\\\/wp-content\\\/uploads\\\/sites\\\/2\\\/2021\\\/01\\\/A-lista-Meios-Publicidade.jpg\",\"width\":1732,\"height\":1154,\"caption\":\"A lista* - Meios & Publicidade\"},{\"@type\":\"BreadcrumbList\",\"@id\":\"https:\\\/\\\/favorite-news.com\\\/pt\\\/assim-se-ve-a-forca-do-pc-meios-publicidade\\\/#breadcrumb\",\"itemListElement\":[{\"@type\":\"ListItem\",\"position\":1,\"name\":\"Home\",\"item\":\"https:\\\/\\\/favorite-news.com\\\/pt\\\/\"},{\"@type\":\"ListItem\",\"position\":2,\"name\":\"Assim se v\u00ea a for\u00e7a do PC &#8211; Meios &#038; Publicidade\"}]},{\"@type\":\"WebSite\",\"@id\":\"https:\\\/\\\/favorite-news.com\\\/pt\\\/#website\",\"url\":\"https:\\\/\\\/favorite-news.com\\\/pt\\\/\",\"name\":\"Favorite News\",\"description\":\"Favorite News Portugal\",\"potentialAction\":[{\"@type\":\"SearchAction\",\"target\":{\"@type\":\"EntryPoint\",\"urlTemplate\":\"https:\\\/\\\/favorite-news.com\\\/pt\\\/?s={search_term_string}\"},\"query-input\":{\"@type\":\"PropertyValueSpecification\",\"valueRequired\":true,\"valueName\":\"search_term_string\"}}],\"inLanguage\":\"pt-PT\"},{\"@type\":\"Person\",\"@id\":\"https:\\\/\\\/favorite-news.com\\\/pt\\\/#\\\/schema\\\/person\\\/b91573b717dcfa5e4696032a9d28d3e8\",\"name\":\"favorite-news\",\"image\":{\"@type\":\"ImageObject\",\"inLanguage\":\"pt-PT\",\"@id\":\"https:\\\/\\\/secure.gravatar.com\\\/avatar\\\/6c5a5cb12b74e9d517ee91cf570335b7d16177f1977cc91db161adfa435945a7?s=96&d=mm&r=g\",\"url\":\"https:\\\/\\\/secure.gravatar.com\\\/avatar\\\/6c5a5cb12b74e9d517ee91cf570335b7d16177f1977cc91db161adfa435945a7?s=96&d=mm&r=g\",\"contentUrl\":\"https:\\\/\\\/secure.gravatar.com\\\/avatar\\\/6c5a5cb12b74e9d517ee91cf570335b7d16177f1977cc91db161adfa435945a7?s=96&d=mm&r=g\",\"caption\":\"favorite-news\"},\"url\":\"https:\\\/\\\/favorite-news.com\\\/pt\\\/author\\\/pt\\\/\"}]}<\/script>\n<!-- \/ Yoast SEO plugin. -->","yoast_head_json":{"title":"Assim se v\u00ea a for\u00e7a do PC - Meios & Publicidade - Favorite News","robots":{"index":"index","follow":"follow","max-snippet":"max-snippet:-1","max-image-preview":"max-image-preview:large","max-video-preview":"max-video-preview:-1"},"canonical":"https:\/\/favorite-news.com\/pt\/assim-se-ve-a-forca-do-pc-meios-publicidade\/","og_locale":"pt_PT","og_type":"article","og_title":"Assim se v\u00ea a for\u00e7a do PC - Meios & Publicidade - Favorite News","og_description":"V\u00edtor Cunha, administrador da JLM&amp;Associados A pobreza e os rendimentos baixos s\u00e3o a maior vergonha de Portugal. Porque atingem a dignidade de cada um e exibem o falhan\u00e7o de todos. Nestas centenas de anos de vida nunca fomos especialmente ricos. Nos \u00faltimos 500 anos o PIB per capita dos portugueses s\u00f3 deu um salto significativo [&hellip;]","og_url":"https:\/\/favorite-news.com\/pt\/assim-se-ve-a-forca-do-pc-meios-publicidade\/","og_site_name":"Favorite News","article_published_time":"2021-05-28T22:24:11+00:00","article_modified_time":"2021-05-28T22:24:14+00:00","og_image":[{"width":1732,"height":1154,"url":"https:\/\/favorite-news.com\/pt\/wp-content\/uploads\/sites\/2\/2021\/01\/A-lista-Meios-Publicidade.jpg","type":"image\/jpeg"}],"author":"favorite-news","twitter_card":"summary_large_image","twitter_misc":{"Escrito por":"favorite-news","Tempo estimado de leitura":"4 minutos"},"schema":{"@context":"https:\/\/schema.org","@graph":[{"@type":"Article","@id":"https:\/\/favorite-news.com\/pt\/assim-se-ve-a-forca-do-pc-meios-publicidade\/#article","isPartOf":{"@id":"https:\/\/favorite-news.com\/pt\/assim-se-ve-a-forca-do-pc-meios-publicidade\/"},"author":{"name":"favorite-news","@id":"https:\/\/favorite-news.com\/pt\/#\/schema\/person\/b91573b717dcfa5e4696032a9d28d3e8"},"headline":"Assim se v\u00ea a for\u00e7a do PC &#8211; Meios &#038; Publicidade","datePublished":"2021-05-28T22:24:11+00:00","dateModified":"2021-05-28T22:24:14+00:00","mainEntityOfPage":{"@id":"https:\/\/favorite-news.com\/pt\/assim-se-ve-a-forca-do-pc-meios-publicidade\/"},"wordCount":806,"commentCount":0,"image":{"@id":"https:\/\/favorite-news.com\/pt\/assim-se-ve-a-forca-do-pc-meios-publicidade\/#primaryimage"},"thumbnailUrl":"https:\/\/favorite-news.com\/pt\/wp-content\/uploads\/sites\/2\/2021\/01\/A-lista-Meios-Publicidade.jpg","articleSection":["NOT\u00cdCIAS DE MARKETING NA INTERNET"],"inLanguage":"pt-PT","potentialAction":[{"@type":"CommentAction","name":"Comment","target":["https:\/\/favorite-news.com\/pt\/assim-se-ve-a-forca-do-pc-meios-publicidade\/#respond"]}]},{"@type":"WebPage","@id":"https:\/\/favorite-news.com\/pt\/assim-se-ve-a-forca-do-pc-meios-publicidade\/","url":"https:\/\/favorite-news.com\/pt\/assim-se-ve-a-forca-do-pc-meios-publicidade\/","name":"Assim se v\u00ea a for\u00e7a do PC - Meios & Publicidade - Favorite News","isPartOf":{"@id":"https:\/\/favorite-news.com\/pt\/#website"},"primaryImageOfPage":{"@id":"https:\/\/favorite-news.com\/pt\/assim-se-ve-a-forca-do-pc-meios-publicidade\/#primaryimage"},"image":{"@id":"https:\/\/favorite-news.com\/pt\/assim-se-ve-a-forca-do-pc-meios-publicidade\/#primaryimage"},"thumbnailUrl":"https:\/\/favorite-news.com\/pt\/wp-content\/uploads\/sites\/2\/2021\/01\/A-lista-Meios-Publicidade.jpg","datePublished":"2021-05-28T22:24:11+00:00","dateModified":"2021-05-28T22:24:14+00:00","author":{"@id":"https:\/\/favorite-news.com\/pt\/#\/schema\/person\/b91573b717dcfa5e4696032a9d28d3e8"},"breadcrumb":{"@id":"https:\/\/favorite-news.com\/pt\/assim-se-ve-a-forca-do-pc-meios-publicidade\/#breadcrumb"},"inLanguage":"pt-PT","potentialAction":[{"@type":"ReadAction","target":["https:\/\/favorite-news.com\/pt\/assim-se-ve-a-forca-do-pc-meios-publicidade\/"]}]},{"@type":"ImageObject","inLanguage":"pt-PT","@id":"https:\/\/favorite-news.com\/pt\/assim-se-ve-a-forca-do-pc-meios-publicidade\/#primaryimage","url":"https:\/\/favorite-news.com\/pt\/wp-content\/uploads\/sites\/2\/2021\/01\/A-lista-Meios-Publicidade.jpg","contentUrl":"https:\/\/favorite-news.com\/pt\/wp-content\/uploads\/sites\/2\/2021\/01\/A-lista-Meios-Publicidade.jpg","width":1732,"height":1154,"caption":"A lista* - Meios & Publicidade"},{"@type":"BreadcrumbList","@id":"https:\/\/favorite-news.com\/pt\/assim-se-ve-a-forca-do-pc-meios-publicidade\/#breadcrumb","itemListElement":[{"@type":"ListItem","position":1,"name":"Home","item":"https:\/\/favorite-news.com\/pt\/"},{"@type":"ListItem","position":2,"name":"Assim se v\u00ea a for\u00e7a do PC &#8211; Meios &#038; Publicidade"}]},{"@type":"WebSite","@id":"https:\/\/favorite-news.com\/pt\/#website","url":"https:\/\/favorite-news.com\/pt\/","name":"Favorite News","description":"Favorite News Portugal","potentialAction":[{"@type":"SearchAction","target":{"@type":"EntryPoint","urlTemplate":"https:\/\/favorite-news.com\/pt\/?s={search_term_string}"},"query-input":{"@type":"PropertyValueSpecification","valueRequired":true,"valueName":"search_term_string"}}],"inLanguage":"pt-PT"},{"@type":"Person","@id":"https:\/\/favorite-news.com\/pt\/#\/schema\/person\/b91573b717dcfa5e4696032a9d28d3e8","name":"favorite-news","image":{"@type":"ImageObject","inLanguage":"pt-PT","@id":"https:\/\/secure.gravatar.com\/avatar\/6c5a5cb12b74e9d517ee91cf570335b7d16177f1977cc91db161adfa435945a7?s=96&d=mm&r=g","url":"https:\/\/secure.gravatar.com\/avatar\/6c5a5cb12b74e9d517ee91cf570335b7d16177f1977cc91db161adfa435945a7?s=96&d=mm&r=g","contentUrl":"https:\/\/secure.gravatar.com\/avatar\/6c5a5cb12b74e9d517ee91cf570335b7d16177f1977cc91db161adfa435945a7?s=96&d=mm&r=g","caption":"favorite-news"},"url":"https:\/\/favorite-news.com\/pt\/author\/pt\/"}]}},"_links":{"self":[{"href":"https:\/\/favorite-news.com\/pt\/wp-json\/wp\/v2\/posts\/10249","targetHints":{"allow":["GET"]}}],"collection":[{"href":"https:\/\/favorite-news.com\/pt\/wp-json\/wp\/v2\/posts"}],"about":[{"href":"https:\/\/favorite-news.com\/pt\/wp-json\/wp\/v2\/types\/post"}],"author":[{"embeddable":true,"href":"https:\/\/favorite-news.com\/pt\/wp-json\/wp\/v2\/users\/2"}],"replies":[{"embeddable":true,"href":"https:\/\/favorite-news.com\/pt\/wp-json\/wp\/v2\/comments?post=10249"}],"version-history":[{"count":1,"href":"https:\/\/favorite-news.com\/pt\/wp-json\/wp\/v2\/posts\/10249\/revisions"}],"predecessor-version":[{"id":10250,"href":"https:\/\/favorite-news.com\/pt\/wp-json\/wp\/v2\/posts\/10249\/revisions\/10250"}],"wp:featuredmedia":[{"embeddable":true,"href":"https:\/\/favorite-news.com\/pt\/wp-json\/wp\/v2\/media\/8648"}],"wp:attachment":[{"href":"https:\/\/favorite-news.com\/pt\/wp-json\/wp\/v2\/media?parent=10249"}],"wp:term":[{"taxonomy":"category","embeddable":true,"href":"https:\/\/favorite-news.com\/pt\/wp-json\/wp\/v2\/categories?post=10249"},{"taxonomy":"post_tag","embeddable":true,"href":"https:\/\/favorite-news.com\/pt\/wp-json\/wp\/v2\/tags?post=10249"}],"curies":[{"name":"wp","href":"https:\/\/api.w.org\/{rel}","templated":true}]}}