{"id":10215,"date":"2021-05-26T01:01:43","date_gmt":"2021-05-25T22:01:43","guid":{"rendered":"https:\/\/favorite-news.com\/pt\/bela-vista-nao-ha-rock-in-rio-mas-ha-brands-like-bands-meios-publicidade\/"},"modified":"2021-05-26T01:01:47","modified_gmt":"2021-05-25T22:01:47","slug":"bela-vista-nao-ha-rock-in-rio-mas-ha-brands-like-bands-meios-publicidade","status":"publish","type":"post","link":"https:\/\/favorite-news.com\/pt\/bela-vista-nao-ha-rock-in-rio-mas-ha-brands-like-bands-meios-publicidade\/","title":{"rendered":"Bela Vista: N\u00e3o h\u00e1 Rock in Rio mas h\u00e1 Brands Like Bands &#8211; Meios &#038; Publicidade"},"content":{"rendered":"<p>\t\t\tA edi\u00e7\u00e3o deste ano do Rock in Rio acabou por ser cancelada mas o Parque da Bela Vista vai ser palco de um festival de m\u00fasica com a Casa de Pedra, espa\u00e7o criado por Roberta Medina, a receber a nona edi\u00e7\u00e3o do Brands Like Bands. \u201cO que nos encantou neste projecto \u00e9 a elasticidade de uma marca e de uma equipa que trabalha com a mesma disponibilidade tanto com uns Rolling Stones, Metallica e Foo Fighters ou com uma banda formada dentro de uma empresa\u201d, afirma Fernando Gaspar Barros, organizador do festival de bandas de empresas, apontando que este pode ser o primeiro passo \u201cde um movimento que nos permita escalar e criar impacto internacional, j\u00e1 que mais de 95% das pessoas que tocam m\u00fasica, em todo o mundo, est\u00e3o em empresas\u201d.<br \/>\n\u201cA Casa de Pedra nasce da vontade de dinamizar o Parque da Bela Vista, com uma agenda cultural que d\u00e1 palco a todo o tipo de talentos, desde os emergentes a projectos com cartas dadas no mercado. E n\u00e3o pod\u00edamos estar mais contentes com este arranque e com o facto de ter, desde logo, um parceiro como o Brands Like Bands, que vai j\u00e1 para a sua nona edi\u00e7\u00e3o e que re\u00fane dezenas de bandas das maiores empresas presentes em Portugal, que v\u00e3o com certeza trazer uma atmosfera \u00fanica \u00e0s sextas-feiras da Casa\u201d, comenta Roberta Medina.<br \/>\nNa sequ\u00eancia desta parceria, o espa\u00e7o localizado no Parque da Bela Vista vai receber, entre os meses de Maio e Julho, \u00e0s sextas-feiras e a cada 15 dias, os showcases das bandas participantes no Brands Like Bands, onde se incluem bandas de empresas como Sabseg, Cofidis, Altice Labs, Schneider Electric, Mercedes-Benz.io, Armis, Vestas, Grupo Rhmais, Cisco, Super Bock Group, Critical Software, Bosch, Zurich, Siemens e Mercer. Participam ainda no festival, que este anp terminar\u00e1 em Madrid com o apoio da Go Contact, bandas criadas nos escrit\u00f3rios da Nokia, L\u2019Or\u00e9al, Axians, Manpower Group, Hospital dos Lus\u00edadas, Byon e Noesis.<\/p>\n<p>\n<!--noindex--><br \/>\n<a href=\"https:\/\/www.meiosepublicidade.pt\/2021\/05\/bela-vista-nao-ha-rock-in-rio-mas-ha-brands-like-bands\/?utm_source=rss&#038;utm_medium=rss&#038;utm_campaign=bela-vista-nao-ha-rock-in-rio-mas-ha-brands-like-bands\" rel=\"nofollow\">Source link <\/a><br \/>\n<!--\/noindex--><\/p>\n","protected":false},"excerpt":{"rendered":"<p>A edi\u00e7\u00e3o deste ano do Rock in Rio acabou por ser cancelada mas o Parque da Bela Vista vai ser palco de um festival de m\u00fasica com a Casa de Pedra, espa\u00e7o criado por Roberta Medina, a receber a nona edi\u00e7\u00e3o do Brands Like Bands. \u201cO que nos encantou neste projecto \u00e9 a elasticidade de [&hellip;]<\/p>\n","protected":false},"author":2,"featured_media":10216,"comment_status":"open","ping_status":"open","sticky":false,"template":"","format":"standard","meta":{"footnotes":""},"categories":[3],"tags":[],"class_list":["post-10215","post","type-post","status-publish","format-standard","has-post-thumbnail","hentry","category-noticias-de-marketing-na-internet"],"yoast_head":"<!-- This site is optimized with the Yoast SEO plugin v27.4 - https:\/\/yoast.com\/product\/yoast-seo-wordpress\/ -->\n<title>Bela Vista: N\u00e3o h\u00e1 Rock in Rio mas h\u00e1 Brands Like Bands - Meios &amp; Publicidade - Favorite News<\/title>\n<meta name=\"robots\" content=\"index, follow, max-snippet:-1, max-image-preview:large, max-video-preview:-1\" \/>\n<link rel=\"canonical\" href=\"https:\/\/favorite-news.com\/pt\/bela-vista-nao-ha-rock-in-rio-mas-ha-brands-like-bands-meios-publicidade\/\" \/>\n<meta property=\"og:locale\" content=\"pt_PT\" \/>\n<meta property=\"og:type\" content=\"article\" \/>\n<meta property=\"og:title\" content=\"Bela Vista: N\u00e3o h\u00e1 Rock in Rio mas h\u00e1 Brands Like Bands - Meios &amp; Publicidade - Favorite News\" \/>\n<meta property=\"og:description\" content=\"A edi\u00e7\u00e3o deste ano do Rock in Rio acabou por ser cancelada mas o Parque da Bela Vista vai ser palco de um festival de m\u00fasica com a Casa de Pedra, espa\u00e7o criado por Roberta Medina, a receber a nona edi\u00e7\u00e3o do Brands Like Bands. \u201cO que nos encantou neste projecto \u00e9 a elasticidade de [&hellip;]\" \/>\n<meta property=\"og:url\" content=\"https:\/\/favorite-news.com\/pt\/bela-vista-nao-ha-rock-in-rio-mas-ha-brands-like-bands-meios-publicidade\/\" \/>\n<meta property=\"og:site_name\" content=\"Favorite News\" \/>\n<meta property=\"article:published_time\" content=\"2021-05-25T22:01:43+00:00\" \/>\n<meta property=\"article:modified_time\" content=\"2021-05-25T22:01:47+00:00\" \/>\n<meta property=\"og:image\" content=\"https:\/\/favorite-news.com\/pt\/wp-content\/uploads\/sites\/2\/2021\/05\/Bela-Vista-Nao-ha-Rock-in-Rio-mas-ha-Brands.jpg\" \/>\n\t<meta property=\"og:image:width\" content=\"1920\" \/>\n\t<meta property=\"og:image:height\" content=\"1322\" \/>\n\t<meta property=\"og:image:type\" content=\"image\/jpeg\" \/>\n<meta name=\"author\" content=\"favorite-news\" \/>\n<meta name=\"twitter:card\" content=\"summary_large_image\" \/>\n<meta name=\"twitter:label1\" content=\"Escrito por\" \/>\n\t<meta name=\"twitter:data1\" content=\"favorite-news\" \/>\n\t<meta name=\"twitter:label2\" content=\"Tempo estimado de leitura\" \/>\n\t<meta name=\"twitter:data2\" content=\"2 minutos\" \/>\n<script type=\"application\/ld+json\" class=\"yoast-schema-graph\">{\"@context\":\"https:\\\/\\\/schema.org\",\"@graph\":[{\"@type\":\"Article\",\"@id\":\"https:\\\/\\\/favorite-news.com\\\/pt\\\/bela-vista-nao-ha-rock-in-rio-mas-ha-brands-like-bands-meios-publicidade\\\/#article\",\"isPartOf\":{\"@id\":\"https:\\\/\\\/favorite-news.com\\\/pt\\\/bela-vista-nao-ha-rock-in-rio-mas-ha-brands-like-bands-meios-publicidade\\\/\"},\"author\":{\"name\":\"favorite-news\",\"@id\":\"https:\\\/\\\/favorite-news.com\\\/pt\\\/#\\\/schema\\\/person\\\/b91573b717dcfa5e4696032a9d28d3e8\"},\"headline\":\"Bela Vista: N\u00e3o h\u00e1 Rock in Rio mas h\u00e1 Brands Like Bands &#8211; Meios &#038; Publicidade\",\"datePublished\":\"2021-05-25T22:01:43+00:00\",\"dateModified\":\"2021-05-25T22:01:47+00:00\",\"mainEntityOfPage\":{\"@id\":\"https:\\\/\\\/favorite-news.com\\\/pt\\\/bela-vista-nao-ha-rock-in-rio-mas-ha-brands-like-bands-meios-publicidade\\\/\"},\"wordCount\":359,\"commentCount\":0,\"image\":{\"@id\":\"https:\\\/\\\/favorite-news.com\\\/pt\\\/bela-vista-nao-ha-rock-in-rio-mas-ha-brands-like-bands-meios-publicidade\\\/#primaryimage\"},\"thumbnailUrl\":\"https:\\\/\\\/favorite-news.com\\\/pt\\\/wp-content\\\/uploads\\\/sites\\\/2\\\/2021\\\/05\\\/Bela-Vista-Nao-ha-Rock-in-Rio-mas-ha-Brands.jpg\",\"articleSection\":[\"NOT\u00cdCIAS DE MARKETING NA INTERNET\"],\"inLanguage\":\"pt-PT\",\"potentialAction\":[{\"@type\":\"CommentAction\",\"name\":\"Comment\",\"target\":[\"https:\\\/\\\/favorite-news.com\\\/pt\\\/bela-vista-nao-ha-rock-in-rio-mas-ha-brands-like-bands-meios-publicidade\\\/#respond\"]}]},{\"@type\":\"WebPage\",\"@id\":\"https:\\\/\\\/favorite-news.com\\\/pt\\\/bela-vista-nao-ha-rock-in-rio-mas-ha-brands-like-bands-meios-publicidade\\\/\",\"url\":\"https:\\\/\\\/favorite-news.com\\\/pt\\\/bela-vista-nao-ha-rock-in-rio-mas-ha-brands-like-bands-meios-publicidade\\\/\",\"name\":\"Bela Vista: N\u00e3o h\u00e1 Rock in Rio mas h\u00e1 Brands Like Bands - Meios & Publicidade - Favorite News\",\"isPartOf\":{\"@id\":\"https:\\\/\\\/favorite-news.com\\\/pt\\\/#website\"},\"primaryImageOfPage\":{\"@id\":\"https:\\\/\\\/favorite-news.com\\\/pt\\\/bela-vista-nao-ha-rock-in-rio-mas-ha-brands-like-bands-meios-publicidade\\\/#primaryimage\"},\"image\":{\"@id\":\"https:\\\/\\\/favorite-news.com\\\/pt\\\/bela-vista-nao-ha-rock-in-rio-mas-ha-brands-like-bands-meios-publicidade\\\/#primaryimage\"},\"thumbnailUrl\":\"https:\\\/\\\/favorite-news.com\\\/pt\\\/wp-content\\\/uploads\\\/sites\\\/2\\\/2021\\\/05\\\/Bela-Vista-Nao-ha-Rock-in-Rio-mas-ha-Brands.jpg\",\"datePublished\":\"2021-05-25T22:01:43+00:00\",\"dateModified\":\"2021-05-25T22:01:47+00:00\",\"author\":{\"@id\":\"https:\\\/\\\/favorite-news.com\\\/pt\\\/#\\\/schema\\\/person\\\/b91573b717dcfa5e4696032a9d28d3e8\"},\"breadcrumb\":{\"@id\":\"https:\\\/\\\/favorite-news.com\\\/pt\\\/bela-vista-nao-ha-rock-in-rio-mas-ha-brands-like-bands-meios-publicidade\\\/#breadcrumb\"},\"inLanguage\":\"pt-PT\",\"potentialAction\":[{\"@type\":\"ReadAction\",\"target\":[\"https:\\\/\\\/favorite-news.com\\\/pt\\\/bela-vista-nao-ha-rock-in-rio-mas-ha-brands-like-bands-meios-publicidade\\\/\"]}]},{\"@type\":\"ImageObject\",\"inLanguage\":\"pt-PT\",\"@id\":\"https:\\\/\\\/favorite-news.com\\\/pt\\\/bela-vista-nao-ha-rock-in-rio-mas-ha-brands-like-bands-meios-publicidade\\\/#primaryimage\",\"url\":\"https:\\\/\\\/favorite-news.com\\\/pt\\\/wp-content\\\/uploads\\\/sites\\\/2\\\/2021\\\/05\\\/Bela-Vista-Nao-ha-Rock-in-Rio-mas-ha-Brands.jpg\",\"contentUrl\":\"https:\\\/\\\/favorite-news.com\\\/pt\\\/wp-content\\\/uploads\\\/sites\\\/2\\\/2021\\\/05\\\/Bela-Vista-Nao-ha-Rock-in-Rio-mas-ha-Brands.jpg\",\"width\":1920,\"height\":1322,\"caption\":\"Bela Vista: N\u00e3o h\u00e1 Rock in Rio mas h\u00e1 Brands Like Bands - Meios & Publicidade\"},{\"@type\":\"BreadcrumbList\",\"@id\":\"https:\\\/\\\/favorite-news.com\\\/pt\\\/bela-vista-nao-ha-rock-in-rio-mas-ha-brands-like-bands-meios-publicidade\\\/#breadcrumb\",\"itemListElement\":[{\"@type\":\"ListItem\",\"position\":1,\"name\":\"Home\",\"item\":\"https:\\\/\\\/favorite-news.com\\\/pt\\\/\"},{\"@type\":\"ListItem\",\"position\":2,\"name\":\"Bela Vista: N\u00e3o h\u00e1 Rock in Rio mas h\u00e1 Brands Like Bands &#8211; Meios &#038; Publicidade\"}]},{\"@type\":\"WebSite\",\"@id\":\"https:\\\/\\\/favorite-news.com\\\/pt\\\/#website\",\"url\":\"https:\\\/\\\/favorite-news.com\\\/pt\\\/\",\"name\":\"Favorite News\",\"description\":\"Favorite News Portugal\",\"potentialAction\":[{\"@type\":\"SearchAction\",\"target\":{\"@type\":\"EntryPoint\",\"urlTemplate\":\"https:\\\/\\\/favorite-news.com\\\/pt\\\/?s={search_term_string}\"},\"query-input\":{\"@type\":\"PropertyValueSpecification\",\"valueRequired\":true,\"valueName\":\"search_term_string\"}}],\"inLanguage\":\"pt-PT\"},{\"@type\":\"Person\",\"@id\":\"https:\\\/\\\/favorite-news.com\\\/pt\\\/#\\\/schema\\\/person\\\/b91573b717dcfa5e4696032a9d28d3e8\",\"name\":\"favorite-news\",\"image\":{\"@type\":\"ImageObject\",\"inLanguage\":\"pt-PT\",\"@id\":\"https:\\\/\\\/secure.gravatar.com\\\/avatar\\\/6c5a5cb12b74e9d517ee91cf570335b7d16177f1977cc91db161adfa435945a7?s=96&d=mm&r=g\",\"url\":\"https:\\\/\\\/secure.gravatar.com\\\/avatar\\\/6c5a5cb12b74e9d517ee91cf570335b7d16177f1977cc91db161adfa435945a7?s=96&d=mm&r=g\",\"contentUrl\":\"https:\\\/\\\/secure.gravatar.com\\\/avatar\\\/6c5a5cb12b74e9d517ee91cf570335b7d16177f1977cc91db161adfa435945a7?s=96&d=mm&r=g\",\"caption\":\"favorite-news\"},\"url\":\"https:\\\/\\\/favorite-news.com\\\/pt\\\/author\\\/pt\\\/\"}]}<\/script>\n<!-- \/ Yoast SEO plugin. -->","yoast_head_json":{"title":"Bela Vista: N\u00e3o h\u00e1 Rock in Rio mas h\u00e1 Brands Like Bands - Meios & Publicidade - Favorite News","robots":{"index":"index","follow":"follow","max-snippet":"max-snippet:-1","max-image-preview":"max-image-preview:large","max-video-preview":"max-video-preview:-1"},"canonical":"https:\/\/favorite-news.com\/pt\/bela-vista-nao-ha-rock-in-rio-mas-ha-brands-like-bands-meios-publicidade\/","og_locale":"pt_PT","og_type":"article","og_title":"Bela Vista: N\u00e3o h\u00e1 Rock in Rio mas h\u00e1 Brands Like Bands - Meios & Publicidade - Favorite News","og_description":"A edi\u00e7\u00e3o deste ano do Rock in Rio acabou por ser cancelada mas o Parque da Bela Vista vai ser palco de um festival de m\u00fasica com a Casa de Pedra, espa\u00e7o criado por Roberta Medina, a receber a nona edi\u00e7\u00e3o do Brands Like Bands. \u201cO que nos encantou neste projecto \u00e9 a elasticidade de [&hellip;]","og_url":"https:\/\/favorite-news.com\/pt\/bela-vista-nao-ha-rock-in-rio-mas-ha-brands-like-bands-meios-publicidade\/","og_site_name":"Favorite News","article_published_time":"2021-05-25T22:01:43+00:00","article_modified_time":"2021-05-25T22:01:47+00:00","og_image":[{"width":1920,"height":1322,"url":"https:\/\/favorite-news.com\/pt\/wp-content\/uploads\/sites\/2\/2021\/05\/Bela-Vista-Nao-ha-Rock-in-Rio-mas-ha-Brands.jpg","type":"image\/jpeg"}],"author":"favorite-news","twitter_card":"summary_large_image","twitter_misc":{"Escrito por":"favorite-news","Tempo estimado de leitura":"2 minutos"},"schema":{"@context":"https:\/\/schema.org","@graph":[{"@type":"Article","@id":"https:\/\/favorite-news.com\/pt\/bela-vista-nao-ha-rock-in-rio-mas-ha-brands-like-bands-meios-publicidade\/#article","isPartOf":{"@id":"https:\/\/favorite-news.com\/pt\/bela-vista-nao-ha-rock-in-rio-mas-ha-brands-like-bands-meios-publicidade\/"},"author":{"name":"favorite-news","@id":"https:\/\/favorite-news.com\/pt\/#\/schema\/person\/b91573b717dcfa5e4696032a9d28d3e8"},"headline":"Bela Vista: N\u00e3o h\u00e1 Rock in Rio mas h\u00e1 Brands Like Bands &#8211; Meios &#038; Publicidade","datePublished":"2021-05-25T22:01:43+00:00","dateModified":"2021-05-25T22:01:47+00:00","mainEntityOfPage":{"@id":"https:\/\/favorite-news.com\/pt\/bela-vista-nao-ha-rock-in-rio-mas-ha-brands-like-bands-meios-publicidade\/"},"wordCount":359,"commentCount":0,"image":{"@id":"https:\/\/favorite-news.com\/pt\/bela-vista-nao-ha-rock-in-rio-mas-ha-brands-like-bands-meios-publicidade\/#primaryimage"},"thumbnailUrl":"https:\/\/favorite-news.com\/pt\/wp-content\/uploads\/sites\/2\/2021\/05\/Bela-Vista-Nao-ha-Rock-in-Rio-mas-ha-Brands.jpg","articleSection":["NOT\u00cdCIAS DE MARKETING NA INTERNET"],"inLanguage":"pt-PT","potentialAction":[{"@type":"CommentAction","name":"Comment","target":["https:\/\/favorite-news.com\/pt\/bela-vista-nao-ha-rock-in-rio-mas-ha-brands-like-bands-meios-publicidade\/#respond"]}]},{"@type":"WebPage","@id":"https:\/\/favorite-news.com\/pt\/bela-vista-nao-ha-rock-in-rio-mas-ha-brands-like-bands-meios-publicidade\/","url":"https:\/\/favorite-news.com\/pt\/bela-vista-nao-ha-rock-in-rio-mas-ha-brands-like-bands-meios-publicidade\/","name":"Bela Vista: N\u00e3o h\u00e1 Rock in Rio mas h\u00e1 Brands Like Bands - Meios & Publicidade - Favorite News","isPartOf":{"@id":"https:\/\/favorite-news.com\/pt\/#website"},"primaryImageOfPage":{"@id":"https:\/\/favorite-news.com\/pt\/bela-vista-nao-ha-rock-in-rio-mas-ha-brands-like-bands-meios-publicidade\/#primaryimage"},"image":{"@id":"https:\/\/favorite-news.com\/pt\/bela-vista-nao-ha-rock-in-rio-mas-ha-brands-like-bands-meios-publicidade\/#primaryimage"},"thumbnailUrl":"https:\/\/favorite-news.com\/pt\/wp-content\/uploads\/sites\/2\/2021\/05\/Bela-Vista-Nao-ha-Rock-in-Rio-mas-ha-Brands.jpg","datePublished":"2021-05-25T22:01:43+00:00","dateModified":"2021-05-25T22:01:47+00:00","author":{"@id":"https:\/\/favorite-news.com\/pt\/#\/schema\/person\/b91573b717dcfa5e4696032a9d28d3e8"},"breadcrumb":{"@id":"https:\/\/favorite-news.com\/pt\/bela-vista-nao-ha-rock-in-rio-mas-ha-brands-like-bands-meios-publicidade\/#breadcrumb"},"inLanguage":"pt-PT","potentialAction":[{"@type":"ReadAction","target":["https:\/\/favorite-news.com\/pt\/bela-vista-nao-ha-rock-in-rio-mas-ha-brands-like-bands-meios-publicidade\/"]}]},{"@type":"ImageObject","inLanguage":"pt-PT","@id":"https:\/\/favorite-news.com\/pt\/bela-vista-nao-ha-rock-in-rio-mas-ha-brands-like-bands-meios-publicidade\/#primaryimage","url":"https:\/\/favorite-news.com\/pt\/wp-content\/uploads\/sites\/2\/2021\/05\/Bela-Vista-Nao-ha-Rock-in-Rio-mas-ha-Brands.jpg","contentUrl":"https:\/\/favorite-news.com\/pt\/wp-content\/uploads\/sites\/2\/2021\/05\/Bela-Vista-Nao-ha-Rock-in-Rio-mas-ha-Brands.jpg","width":1920,"height":1322,"caption":"Bela Vista: N\u00e3o h\u00e1 Rock in Rio mas h\u00e1 Brands Like Bands - Meios & Publicidade"},{"@type":"BreadcrumbList","@id":"https:\/\/favorite-news.com\/pt\/bela-vista-nao-ha-rock-in-rio-mas-ha-brands-like-bands-meios-publicidade\/#breadcrumb","itemListElement":[{"@type":"ListItem","position":1,"name":"Home","item":"https:\/\/favorite-news.com\/pt\/"},{"@type":"ListItem","position":2,"name":"Bela Vista: N\u00e3o h\u00e1 Rock in Rio mas h\u00e1 Brands Like Bands &#8211; Meios &#038; Publicidade"}]},{"@type":"WebSite","@id":"https:\/\/favorite-news.com\/pt\/#website","url":"https:\/\/favorite-news.com\/pt\/","name":"Favorite News","description":"Favorite News Portugal","potentialAction":[{"@type":"SearchAction","target":{"@type":"EntryPoint","urlTemplate":"https:\/\/favorite-news.com\/pt\/?s={search_term_string}"},"query-input":{"@type":"PropertyValueSpecification","valueRequired":true,"valueName":"search_term_string"}}],"inLanguage":"pt-PT"},{"@type":"Person","@id":"https:\/\/favorite-news.com\/pt\/#\/schema\/person\/b91573b717dcfa5e4696032a9d28d3e8","name":"favorite-news","image":{"@type":"ImageObject","inLanguage":"pt-PT","@id":"https:\/\/secure.gravatar.com\/avatar\/6c5a5cb12b74e9d517ee91cf570335b7d16177f1977cc91db161adfa435945a7?s=96&d=mm&r=g","url":"https:\/\/secure.gravatar.com\/avatar\/6c5a5cb12b74e9d517ee91cf570335b7d16177f1977cc91db161adfa435945a7?s=96&d=mm&r=g","contentUrl":"https:\/\/secure.gravatar.com\/avatar\/6c5a5cb12b74e9d517ee91cf570335b7d16177f1977cc91db161adfa435945a7?s=96&d=mm&r=g","caption":"favorite-news"},"url":"https:\/\/favorite-news.com\/pt\/author\/pt\/"}]}},"_links":{"self":[{"href":"https:\/\/favorite-news.com\/pt\/wp-json\/wp\/v2\/posts\/10215","targetHints":{"allow":["GET"]}}],"collection":[{"href":"https:\/\/favorite-news.com\/pt\/wp-json\/wp\/v2\/posts"}],"about":[{"href":"https:\/\/favorite-news.com\/pt\/wp-json\/wp\/v2\/types\/post"}],"author":[{"embeddable":true,"href":"https:\/\/favorite-news.com\/pt\/wp-json\/wp\/v2\/users\/2"}],"replies":[{"embeddable":true,"href":"https:\/\/favorite-news.com\/pt\/wp-json\/wp\/v2\/comments?post=10215"}],"version-history":[{"count":1,"href":"https:\/\/favorite-news.com\/pt\/wp-json\/wp\/v2\/posts\/10215\/revisions"}],"predecessor-version":[{"id":10217,"href":"https:\/\/favorite-news.com\/pt\/wp-json\/wp\/v2\/posts\/10215\/revisions\/10217"}],"wp:featuredmedia":[{"embeddable":true,"href":"https:\/\/favorite-news.com\/pt\/wp-json\/wp\/v2\/media\/10216"}],"wp:attachment":[{"href":"https:\/\/favorite-news.com\/pt\/wp-json\/wp\/v2\/media?parent=10215"}],"wp:term":[{"taxonomy":"category","embeddable":true,"href":"https:\/\/favorite-news.com\/pt\/wp-json\/wp\/v2\/categories?post=10215"},{"taxonomy":"post_tag","embeddable":true,"href":"https:\/\/favorite-news.com\/pt\/wp-json\/wp\/v2\/tags?post=10215"}],"curies":[{"name":"wp","href":"https:\/\/api.w.org\/{rel}","templated":true}]}}