{"id":10210,"date":"2021-05-25T12:59:54","date_gmt":"2021-05-25T09:59:54","guid":{"rendered":"https:\/\/favorite-news.com\/pt\/o-caso-mariana-meios-publicidade\/"},"modified":"2021-05-25T12:59:56","modified_gmt":"2021-05-25T09:59:56","slug":"o-caso-mariana-meios-publicidade","status":"publish","type":"post","link":"https:\/\/favorite-news.com\/pt\/o-caso-mariana-meios-publicidade\/","title":{"rendered":"O caso #Mariana &#8211; Meios &#038; Publicidade"},"content":{"rendered":"<p>\t\t\tTiago Sim\u00f5es, director de marketing da Sonae MC<br \/>\nNo Continente temos apostado, mais do que nunca, na promo\u00e7\u00e3o e desenvolvimento do talento interno, contribuindo para a valoriza\u00e7\u00e3o das nossas pessoas, garantindo-lhes oportunidades efectivas de desenvolvimento. Mas s\u00f3 conseguimos fazer emergir o melhor de cada um, se existir um ambiente de confian\u00e7a, optimismo e autonomia. O caso #Mariana demonstrou isso mesmo e quisemos refor\u00e7ar, com humor, que estamos sempre ao lado das nossas pessoas, ao mesmo tempo que pedimos desculpa aos nossos clientes pela mensagem inadvertidamente enviada.<br \/>\nA linha entre o arriscar e ser bem-sucedido e o arriscar e falhar pode ser muito t\u00e9nue. Mas o denominador comum \u00e9 \u2018arriscar\u2019, experimentar, fazer. Testar. E no Continente fazemos muito isso. No entanto, \u00e9 ineg\u00e1vel que gerir uma marca l\u00edder de mercado exige riscos calculados e a disrup\u00e7\u00e3o tem de ser manobrada com cautela. E, por isso, num primeiro momento em que se d\u00e1 o leak de uma mensagem que era suposto ficar dentro das nossas quatro paredes, houve uma reac\u00e7\u00e3o de preocupa\u00e7\u00e3o. \u00c9 ineg\u00e1vel que sim.PUB<\/p>\n<p>No entanto, o feedback dos clientes nas redes foi o trigger para definir a nossa estrat\u00e9gia: houve quem ficasse genuinamente confuso (principalmente as clientes chamadas Mariana), enquanto outros presumiram imediatamente a falha e as rea\u00e7\u00f5es foram globalmente positivas. Mas, mais do que isso, eram emp\u00e1ticas. Houve muita gente preocupada com a Mariana.<br \/>\nFicou claro para n\u00f3s que para al\u00e9m do pedido de desculpas t\u00ednhamos de reagir de imediato, entrando na conversa e mostrando que o erro faz parte do dia a dia de uma organiza\u00e7\u00e3o que inova e que est\u00e1 perto dos Clientes. Decidimos em poucos minutos, com um trabalho conjunto entre a equipa de redes sociais do Continente e a ag\u00eancia, neste caso a Adagietto, com brief, proposta e aprova\u00e7\u00e3o por instant messages!<br \/>\nEm retrospectiva, ficamos muito contentes que a mensagem se tenha espalhado nas redes sociais e que isso tenha inspirado as pessoas e outras empresas, porque consideramos que este \u00e9 o caminho para os l\u00edderes do futuro: mais humanos e pr\u00f3ximos das equipas. O espa\u00e7o para errar \u00e9 tamb\u00e9m o espa\u00e7o para crescer e at\u00e9 para coisas boas (que nunca imagin\u00e1mos) surgirem. Al\u00e9m do buzz para a marca, a onda de empatia que se gerou ser\u00e1 provavelmente o outcome mais relevante de toda a situa\u00e7\u00e3o.<br \/>\nSobre o buzz: no Instagram, a publica\u00e7\u00e3o \u2018Todos Receberam?\u2019, j\u00e1 tem mais de 17 mil gostos; no Facebook gerou centenas de coment\u00e1rios; no <a rel=\"nofollow noopener noreferrer\" target=\"_blank\" href=\"https:\/\/twitter.com\/Continente_PT?ref_src=twsrc%5Egoogle%7Ctwcamp%5Eserp%7Ctwgr%5Eauthor\">Twitter<\/a>, al\u00e9m das mais de 75 mil impress\u00f5es, a \u201cMariana\u201d foi #1 nas top trends em Portugal e no LinkedIn da Sonae MC o feedback tamb\u00e9m n\u00e3o se fez esperar, com mais de 210 publica\u00e7\u00f5es com a hashtag #Mariana.<br \/>\nComo a pr\u00f3pria mensagem de teste, as reac\u00e7\u00f5es foram inesperadas e o tema viralizou. Dezenas de marcas responderam a este movimento espont\u00e2neo: O Licor Beir\u00e3o ofereceu uma garrafa personalizada \u00e0 Mariana, a Kasa insistiu para que fosse testar as espregui\u00e7adeiras do novo cat\u00e1logo, o MBWay confirmou que recebeu (a transfer\u00eancia), a Lexus e a Volvo convidaram para testdrives no fim-de-semana e a Y\u00e4mmi aproveitou para explicar que com o seu robot n\u00e3o \u00e9 preciso testar (porque as receitas saem sempre bem). J\u00e1 a Portug\u00e1lia desvendou o mist\u00e9rio (\u201ctudo \u00e0 procura da Mariana e ela a jantar connosco\u201d) e at\u00e9 o Sporting quis confirmar se a Mariana recebeu os artigos de campe\u00e3o.<br \/>\nHouve uma capitaliza\u00e7\u00e3o generalizada do momento e para n\u00f3s esse \u00e9 mais um ponto positivo. Nem a concorr\u00eancia se coibiu de participar, com o Lidl e a Staples a fazerem posts com a Mariana, o que vemos como um sinal de um mercado vivo, com profissionais dedicados e destemidos.<br \/>\nJ\u00e1 esta semana, e porque agora #somostodosmariana, vamos oferecer a todos os Clientes da App Cart\u00e3o Continente, independentemente do seu nome, um desconto especial nas nossas lojas!<br \/>\nQuando a tal garrafa chegar, vai-se brindar. Aos erros, a aprender com eles e a saber dar a volta por cima.<br \/>\nMelhor que o cart\u00e3o, s\u00f3 a aplica\u00e7\u00e3o. E a notifica\u00e7\u00e3o da Mariana, claro.<br \/>\n*Por Tiago Sim\u00f5es, diretor de marketing da Sonae MC<\/p>\n<p>\t\t<script async src=\"https:\/\/platform.twitter.com\/widgets.js\" charset=\"utf-8\"><\/script><script async defer src=\"https:\/\/platform.instagram.com\/en_US\/embeds.js\"><\/script><br \/>\n<br \/>\n<!--noindex--><br \/>\n<a href=\"https:\/\/www.meiosepublicidade.pt\/2021\/05\/o-caso-mariana\/?utm_source=rss&#038;utm_medium=rss&#038;utm_campaign=o-caso-mariana\" rel=\"nofollow\">Source link <\/a><br \/>\n<!--\/noindex--><\/p>\n","protected":false},"excerpt":{"rendered":"<p>Tiago Sim\u00f5es, director de marketing da Sonae MC No Continente temos apostado, mais do que nunca, na promo\u00e7\u00e3o e desenvolvimento do talento interno, contribuindo para a valoriza\u00e7\u00e3o das nossas pessoas, garantindo-lhes oportunidades efectivas de desenvolvimento. Mas s\u00f3 conseguimos fazer emergir o melhor de cada um, se existir um ambiente de confian\u00e7a, optimismo e autonomia. O [&hellip;]<\/p>\n","protected":false},"author":2,"featured_media":8407,"comment_status":"open","ping_status":"open","sticky":false,"template":"","format":"standard","meta":{"footnotes":""},"categories":[3],"tags":[],"class_list":["post-10210","post","type-post","status-publish","format-standard","has-post-thumbnail","hentry","category-noticias-de-marketing-na-internet"],"yoast_head":"<!-- This site is optimized with the Yoast SEO plugin v27.4 - https:\/\/yoast.com\/product\/yoast-seo-wordpress\/ -->\n<title>O caso #Mariana - Meios &amp; Publicidade - Favorite News<\/title>\n<meta name=\"robots\" content=\"index, follow, max-snippet:-1, max-image-preview:large, max-video-preview:-1\" \/>\n<link rel=\"canonical\" href=\"https:\/\/favorite-news.com\/pt\/o-caso-mariana-meios-publicidade\/\" \/>\n<meta property=\"og:locale\" content=\"pt_PT\" \/>\n<meta property=\"og:type\" content=\"article\" \/>\n<meta property=\"og:title\" content=\"O caso #Mariana - Meios &amp; Publicidade - Favorite News\" \/>\n<meta property=\"og:description\" content=\"Tiago Sim\u00f5es, director de marketing da Sonae MC No Continente temos apostado, mais do que nunca, na promo\u00e7\u00e3o e desenvolvimento do talento interno, contribuindo para a valoriza\u00e7\u00e3o das nossas pessoas, garantindo-lhes oportunidades efectivas de desenvolvimento. Mas s\u00f3 conseguimos fazer emergir o melhor de cada um, se existir um ambiente de confian\u00e7a, optimismo e autonomia. O [&hellip;]\" \/>\n<meta property=\"og:url\" content=\"https:\/\/favorite-news.com\/pt\/o-caso-mariana-meios-publicidade\/\" \/>\n<meta property=\"og:site_name\" content=\"Favorite News\" \/>\n<meta property=\"article:published_time\" content=\"2021-05-25T09:59:54+00:00\" \/>\n<meta property=\"article:modified_time\" content=\"2021-05-25T09:59:56+00:00\" \/>\n<meta property=\"og:image\" content=\"https:\/\/favorite-news.com\/pt\/wp-content\/uploads\/sites\/2\/2020\/12\/Nao-sendo-a-marca-que-mais-investe-em-publicidade-somos-a.jpg\" \/>\n\t<meta property=\"og:image:width\" content=\"1784\" \/>\n\t<meta property=\"og:image:height\" content=\"1120\" \/>\n\t<meta property=\"og:image:type\" content=\"image\/jpeg\" \/>\n<meta name=\"author\" content=\"favorite-news\" \/>\n<meta name=\"twitter:card\" content=\"summary_large_image\" \/>\n<meta name=\"twitter:label1\" content=\"Escrito por\" \/>\n\t<meta name=\"twitter:data1\" content=\"favorite-news\" \/>\n\t<meta name=\"twitter:label2\" content=\"Tempo estimado de leitura\" \/>\n\t<meta name=\"twitter:data2\" content=\"4 minutos\" \/>\n<script type=\"application\/ld+json\" class=\"yoast-schema-graph\">{\"@context\":\"https:\\\/\\\/schema.org\",\"@graph\":[{\"@type\":\"Article\",\"@id\":\"https:\\\/\\\/favorite-news.com\\\/pt\\\/o-caso-mariana-meios-publicidade\\\/#article\",\"isPartOf\":{\"@id\":\"https:\\\/\\\/favorite-news.com\\\/pt\\\/o-caso-mariana-meios-publicidade\\\/\"},\"author\":{\"name\":\"favorite-news\",\"@id\":\"https:\\\/\\\/favorite-news.com\\\/pt\\\/#\\\/schema\\\/person\\\/b91573b717dcfa5e4696032a9d28d3e8\"},\"headline\":\"O caso #Mariana &#8211; Meios &#038; Publicidade\",\"datePublished\":\"2021-05-25T09:59:54+00:00\",\"dateModified\":\"2021-05-25T09:59:56+00:00\",\"mainEntityOfPage\":{\"@id\":\"https:\\\/\\\/favorite-news.com\\\/pt\\\/o-caso-mariana-meios-publicidade\\\/\"},\"wordCount\":726,\"commentCount\":0,\"image\":{\"@id\":\"https:\\\/\\\/favorite-news.com\\\/pt\\\/o-caso-mariana-meios-publicidade\\\/#primaryimage\"},\"thumbnailUrl\":\"https:\\\/\\\/favorite-news.com\\\/pt\\\/wp-content\\\/uploads\\\/sites\\\/2\\\/2020\\\/12\\\/Nao-sendo-a-marca-que-mais-investe-em-publicidade-somos-a.jpg\",\"articleSection\":[\"NOT\u00cdCIAS DE MARKETING NA INTERNET\"],\"inLanguage\":\"pt-PT\",\"potentialAction\":[{\"@type\":\"CommentAction\",\"name\":\"Comment\",\"target\":[\"https:\\\/\\\/favorite-news.com\\\/pt\\\/o-caso-mariana-meios-publicidade\\\/#respond\"]}]},{\"@type\":\"WebPage\",\"@id\":\"https:\\\/\\\/favorite-news.com\\\/pt\\\/o-caso-mariana-meios-publicidade\\\/\",\"url\":\"https:\\\/\\\/favorite-news.com\\\/pt\\\/o-caso-mariana-meios-publicidade\\\/\",\"name\":\"O caso #Mariana - Meios & Publicidade - Favorite News\",\"isPartOf\":{\"@id\":\"https:\\\/\\\/favorite-news.com\\\/pt\\\/#website\"},\"primaryImageOfPage\":{\"@id\":\"https:\\\/\\\/favorite-news.com\\\/pt\\\/o-caso-mariana-meios-publicidade\\\/#primaryimage\"},\"image\":{\"@id\":\"https:\\\/\\\/favorite-news.com\\\/pt\\\/o-caso-mariana-meios-publicidade\\\/#primaryimage\"},\"thumbnailUrl\":\"https:\\\/\\\/favorite-news.com\\\/pt\\\/wp-content\\\/uploads\\\/sites\\\/2\\\/2020\\\/12\\\/Nao-sendo-a-marca-que-mais-investe-em-publicidade-somos-a.jpg\",\"datePublished\":\"2021-05-25T09:59:54+00:00\",\"dateModified\":\"2021-05-25T09:59:56+00:00\",\"author\":{\"@id\":\"https:\\\/\\\/favorite-news.com\\\/pt\\\/#\\\/schema\\\/person\\\/b91573b717dcfa5e4696032a9d28d3e8\"},\"breadcrumb\":{\"@id\":\"https:\\\/\\\/favorite-news.com\\\/pt\\\/o-caso-mariana-meios-publicidade\\\/#breadcrumb\"},\"inLanguage\":\"pt-PT\",\"potentialAction\":[{\"@type\":\"ReadAction\",\"target\":[\"https:\\\/\\\/favorite-news.com\\\/pt\\\/o-caso-mariana-meios-publicidade\\\/\"]}]},{\"@type\":\"ImageObject\",\"inLanguage\":\"pt-PT\",\"@id\":\"https:\\\/\\\/favorite-news.com\\\/pt\\\/o-caso-mariana-meios-publicidade\\\/#primaryimage\",\"url\":\"https:\\\/\\\/favorite-news.com\\\/pt\\\/wp-content\\\/uploads\\\/sites\\\/2\\\/2020\\\/12\\\/Nao-sendo-a-marca-que-mais-investe-em-publicidade-somos-a.jpg\",\"contentUrl\":\"https:\\\/\\\/favorite-news.com\\\/pt\\\/wp-content\\\/uploads\\\/sites\\\/2\\\/2020\\\/12\\\/Nao-sendo-a-marca-que-mais-investe-em-publicidade-somos-a.jpg\",\"width\":1784,\"height\":1120,\"caption\":\"\u201cN\u00e3o sendo\u00a0a marca que mais investe em publicidade, somos a que det\u00e9m maior notoriedade\u201d - Meios & Publicidade\"},{\"@type\":\"BreadcrumbList\",\"@id\":\"https:\\\/\\\/favorite-news.com\\\/pt\\\/o-caso-mariana-meios-publicidade\\\/#breadcrumb\",\"itemListElement\":[{\"@type\":\"ListItem\",\"position\":1,\"name\":\"Home\",\"item\":\"https:\\\/\\\/favorite-news.com\\\/pt\\\/\"},{\"@type\":\"ListItem\",\"position\":2,\"name\":\"O caso #Mariana &#8211; Meios &#038; Publicidade\"}]},{\"@type\":\"WebSite\",\"@id\":\"https:\\\/\\\/favorite-news.com\\\/pt\\\/#website\",\"url\":\"https:\\\/\\\/favorite-news.com\\\/pt\\\/\",\"name\":\"Favorite News\",\"description\":\"Favorite News Portugal\",\"potentialAction\":[{\"@type\":\"SearchAction\",\"target\":{\"@type\":\"EntryPoint\",\"urlTemplate\":\"https:\\\/\\\/favorite-news.com\\\/pt\\\/?s={search_term_string}\"},\"query-input\":{\"@type\":\"PropertyValueSpecification\",\"valueRequired\":true,\"valueName\":\"search_term_string\"}}],\"inLanguage\":\"pt-PT\"},{\"@type\":\"Person\",\"@id\":\"https:\\\/\\\/favorite-news.com\\\/pt\\\/#\\\/schema\\\/person\\\/b91573b717dcfa5e4696032a9d28d3e8\",\"name\":\"favorite-news\",\"image\":{\"@type\":\"ImageObject\",\"inLanguage\":\"pt-PT\",\"@id\":\"https:\\\/\\\/secure.gravatar.com\\\/avatar\\\/6c5a5cb12b74e9d517ee91cf570335b7d16177f1977cc91db161adfa435945a7?s=96&d=mm&r=g\",\"url\":\"https:\\\/\\\/secure.gravatar.com\\\/avatar\\\/6c5a5cb12b74e9d517ee91cf570335b7d16177f1977cc91db161adfa435945a7?s=96&d=mm&r=g\",\"contentUrl\":\"https:\\\/\\\/secure.gravatar.com\\\/avatar\\\/6c5a5cb12b74e9d517ee91cf570335b7d16177f1977cc91db161adfa435945a7?s=96&d=mm&r=g\",\"caption\":\"favorite-news\"},\"url\":\"https:\\\/\\\/favorite-news.com\\\/pt\\\/author\\\/pt\\\/\"}]}<\/script>\n<!-- \/ Yoast SEO plugin. -->","yoast_head_json":{"title":"O caso #Mariana - Meios & Publicidade - Favorite News","robots":{"index":"index","follow":"follow","max-snippet":"max-snippet:-1","max-image-preview":"max-image-preview:large","max-video-preview":"max-video-preview:-1"},"canonical":"https:\/\/favorite-news.com\/pt\/o-caso-mariana-meios-publicidade\/","og_locale":"pt_PT","og_type":"article","og_title":"O caso #Mariana - Meios & Publicidade - Favorite News","og_description":"Tiago Sim\u00f5es, director de marketing da Sonae MC No Continente temos apostado, mais do que nunca, na promo\u00e7\u00e3o e desenvolvimento do talento interno, contribuindo para a valoriza\u00e7\u00e3o das nossas pessoas, garantindo-lhes oportunidades efectivas de desenvolvimento. Mas s\u00f3 conseguimos fazer emergir o melhor de cada um, se existir um ambiente de confian\u00e7a, optimismo e autonomia. O [&hellip;]","og_url":"https:\/\/favorite-news.com\/pt\/o-caso-mariana-meios-publicidade\/","og_site_name":"Favorite News","article_published_time":"2021-05-25T09:59:54+00:00","article_modified_time":"2021-05-25T09:59:56+00:00","og_image":[{"width":1784,"height":1120,"url":"https:\/\/favorite-news.com\/pt\/wp-content\/uploads\/sites\/2\/2020\/12\/Nao-sendo-a-marca-que-mais-investe-em-publicidade-somos-a.jpg","type":"image\/jpeg"}],"author":"favorite-news","twitter_card":"summary_large_image","twitter_misc":{"Escrito por":"favorite-news","Tempo estimado de leitura":"4 minutos"},"schema":{"@context":"https:\/\/schema.org","@graph":[{"@type":"Article","@id":"https:\/\/favorite-news.com\/pt\/o-caso-mariana-meios-publicidade\/#article","isPartOf":{"@id":"https:\/\/favorite-news.com\/pt\/o-caso-mariana-meios-publicidade\/"},"author":{"name":"favorite-news","@id":"https:\/\/favorite-news.com\/pt\/#\/schema\/person\/b91573b717dcfa5e4696032a9d28d3e8"},"headline":"O caso #Mariana &#8211; Meios &#038; Publicidade","datePublished":"2021-05-25T09:59:54+00:00","dateModified":"2021-05-25T09:59:56+00:00","mainEntityOfPage":{"@id":"https:\/\/favorite-news.com\/pt\/o-caso-mariana-meios-publicidade\/"},"wordCount":726,"commentCount":0,"image":{"@id":"https:\/\/favorite-news.com\/pt\/o-caso-mariana-meios-publicidade\/#primaryimage"},"thumbnailUrl":"https:\/\/favorite-news.com\/pt\/wp-content\/uploads\/sites\/2\/2020\/12\/Nao-sendo-a-marca-que-mais-investe-em-publicidade-somos-a.jpg","articleSection":["NOT\u00cdCIAS DE MARKETING NA INTERNET"],"inLanguage":"pt-PT","potentialAction":[{"@type":"CommentAction","name":"Comment","target":["https:\/\/favorite-news.com\/pt\/o-caso-mariana-meios-publicidade\/#respond"]}]},{"@type":"WebPage","@id":"https:\/\/favorite-news.com\/pt\/o-caso-mariana-meios-publicidade\/","url":"https:\/\/favorite-news.com\/pt\/o-caso-mariana-meios-publicidade\/","name":"O caso #Mariana - Meios & Publicidade - Favorite News","isPartOf":{"@id":"https:\/\/favorite-news.com\/pt\/#website"},"primaryImageOfPage":{"@id":"https:\/\/favorite-news.com\/pt\/o-caso-mariana-meios-publicidade\/#primaryimage"},"image":{"@id":"https:\/\/favorite-news.com\/pt\/o-caso-mariana-meios-publicidade\/#primaryimage"},"thumbnailUrl":"https:\/\/favorite-news.com\/pt\/wp-content\/uploads\/sites\/2\/2020\/12\/Nao-sendo-a-marca-que-mais-investe-em-publicidade-somos-a.jpg","datePublished":"2021-05-25T09:59:54+00:00","dateModified":"2021-05-25T09:59:56+00:00","author":{"@id":"https:\/\/favorite-news.com\/pt\/#\/schema\/person\/b91573b717dcfa5e4696032a9d28d3e8"},"breadcrumb":{"@id":"https:\/\/favorite-news.com\/pt\/o-caso-mariana-meios-publicidade\/#breadcrumb"},"inLanguage":"pt-PT","potentialAction":[{"@type":"ReadAction","target":["https:\/\/favorite-news.com\/pt\/o-caso-mariana-meios-publicidade\/"]}]},{"@type":"ImageObject","inLanguage":"pt-PT","@id":"https:\/\/favorite-news.com\/pt\/o-caso-mariana-meios-publicidade\/#primaryimage","url":"https:\/\/favorite-news.com\/pt\/wp-content\/uploads\/sites\/2\/2020\/12\/Nao-sendo-a-marca-que-mais-investe-em-publicidade-somos-a.jpg","contentUrl":"https:\/\/favorite-news.com\/pt\/wp-content\/uploads\/sites\/2\/2020\/12\/Nao-sendo-a-marca-que-mais-investe-em-publicidade-somos-a.jpg","width":1784,"height":1120,"caption":"\u201cN\u00e3o sendo\u00a0a marca que mais investe em publicidade, somos a que det\u00e9m maior notoriedade\u201d - Meios & Publicidade"},{"@type":"BreadcrumbList","@id":"https:\/\/favorite-news.com\/pt\/o-caso-mariana-meios-publicidade\/#breadcrumb","itemListElement":[{"@type":"ListItem","position":1,"name":"Home","item":"https:\/\/favorite-news.com\/pt\/"},{"@type":"ListItem","position":2,"name":"O caso #Mariana &#8211; Meios &#038; Publicidade"}]},{"@type":"WebSite","@id":"https:\/\/favorite-news.com\/pt\/#website","url":"https:\/\/favorite-news.com\/pt\/","name":"Favorite News","description":"Favorite News Portugal","potentialAction":[{"@type":"SearchAction","target":{"@type":"EntryPoint","urlTemplate":"https:\/\/favorite-news.com\/pt\/?s={search_term_string}"},"query-input":{"@type":"PropertyValueSpecification","valueRequired":true,"valueName":"search_term_string"}}],"inLanguage":"pt-PT"},{"@type":"Person","@id":"https:\/\/favorite-news.com\/pt\/#\/schema\/person\/b91573b717dcfa5e4696032a9d28d3e8","name":"favorite-news","image":{"@type":"ImageObject","inLanguage":"pt-PT","@id":"https:\/\/secure.gravatar.com\/avatar\/6c5a5cb12b74e9d517ee91cf570335b7d16177f1977cc91db161adfa435945a7?s=96&d=mm&r=g","url":"https:\/\/secure.gravatar.com\/avatar\/6c5a5cb12b74e9d517ee91cf570335b7d16177f1977cc91db161adfa435945a7?s=96&d=mm&r=g","contentUrl":"https:\/\/secure.gravatar.com\/avatar\/6c5a5cb12b74e9d517ee91cf570335b7d16177f1977cc91db161adfa435945a7?s=96&d=mm&r=g","caption":"favorite-news"},"url":"https:\/\/favorite-news.com\/pt\/author\/pt\/"}]}},"_links":{"self":[{"href":"https:\/\/favorite-news.com\/pt\/wp-json\/wp\/v2\/posts\/10210","targetHints":{"allow":["GET"]}}],"collection":[{"href":"https:\/\/favorite-news.com\/pt\/wp-json\/wp\/v2\/posts"}],"about":[{"href":"https:\/\/favorite-news.com\/pt\/wp-json\/wp\/v2\/types\/post"}],"author":[{"embeddable":true,"href":"https:\/\/favorite-news.com\/pt\/wp-json\/wp\/v2\/users\/2"}],"replies":[{"embeddable":true,"href":"https:\/\/favorite-news.com\/pt\/wp-json\/wp\/v2\/comments?post=10210"}],"version-history":[{"count":1,"href":"https:\/\/favorite-news.com\/pt\/wp-json\/wp\/v2\/posts\/10210\/revisions"}],"predecessor-version":[{"id":10211,"href":"https:\/\/favorite-news.com\/pt\/wp-json\/wp\/v2\/posts\/10210\/revisions\/10211"}],"wp:featuredmedia":[{"embeddable":true,"href":"https:\/\/favorite-news.com\/pt\/wp-json\/wp\/v2\/media\/8407"}],"wp:attachment":[{"href":"https:\/\/favorite-news.com\/pt\/wp-json\/wp\/v2\/media?parent=10210"}],"wp:term":[{"taxonomy":"category","embeddable":true,"href":"https:\/\/favorite-news.com\/pt\/wp-json\/wp\/v2\/categories?post=10210"},{"taxonomy":"post_tag","embeddable":true,"href":"https:\/\/favorite-news.com\/pt\/wp-json\/wp\/v2\/tags?post=10210"}],"curies":[{"name":"wp","href":"https:\/\/api.w.org\/{rel}","templated":true}]}}