{"id":10199,"date":"2021-05-24T12:48:53","date_gmt":"2021-05-24T09:48:53","guid":{"rendered":"https:\/\/favorite-news.com\/pt\/direitos-fundamentais-na-era-digital-o-direito-a-seguranca-e-a-transparencia-meios-publicidade\/"},"modified":"2021-05-24T12:49:01","modified_gmt":"2021-05-24T09:49:01","slug":"direitos-fundamentais-na-era-digital-o-direito-a-seguranca-e-a-transparencia-meios-publicidade","status":"publish","type":"post","link":"https:\/\/favorite-news.com\/pt\/direitos-fundamentais-na-era-digital-o-direito-a-seguranca-e-a-transparencia-meios-publicidade\/","title":{"rendered":"Direitos Fundamentais na Era Digital: o direito \u00e0 seguran\u00e7a e \u00e0 transpar\u00eancia &#8211; Meios &#038; Publicidade"},"content":{"rendered":"<p>\t\t\tDe acordo com os resultados do Eurobar\u00f3metro Especial 499, 67 por cento dos portugueses utiliza a internet diariamente e 7 por cento n\u00e3o tem acesso \u00e0 internet. Assim, num contexto em que a pegada digital se vai tornando cada vez mais not\u00f3ria, urge a necessidade de garantir a seguran\u00e7a jur\u00eddica na World Wide Web.<br \/>\nComo forma de suprir tal necessidade surgiu a Carta de Direitos Fundamentais na Era Digital, a qual j\u00e1 foi aprovada pela Assembleia da Rep\u00fablica. Este recente instrumento legal vem adaptar ao mundo digital, atrav\u00e9s de normas program\u00e1ticas, diversos direitos, entre os quais se destacam o direito de acesso ao ambiente digital, a liberdade de express\u00e3o e cria\u00e7\u00e3o em ambiente digital, o direito \u00e0 protec\u00e7\u00e3o contra a desinforma\u00e7\u00e3o, o direito \u00e0 privacidade em ambiente digital, e ainda o direito \u00e0 liberdade de cria\u00e7\u00e3o e \u00e0 prote\u00e7\u00e3o dos conte\u00fados.<br \/>\nPara o ramo dos meios e publicidade importa destacar o direito \u00e0 liberdade de express\u00e3o e cria\u00e7\u00e3o no ambiente digital, previamente referido, que confere aos utilizadores o direito de exprimir e divulgar o seu pensamento, criar, obter e partilhar ou difundir informa\u00e7\u00f5es e opini\u00f5es em ambiente digital, de forma livre, sem qualquer tipo ou forma de censura, ainda que dentro dos limites do permitido por lei.<br \/>\nAinda no contexto da liberdade de express\u00e3o, vem consagrado o direito \u00e0 liberdade de cria\u00e7\u00e3o e protec\u00e7\u00e3o dos conte\u00fados, no \u00e2mbito do qual se confere aos cidad\u00e3os, o direito \u00e0 livre cria\u00e7\u00e3o intelectual em ambiente digital.<br \/>\nO diploma estipula ainda que os cidad\u00e3os beneficiam, no ambiente digital, da prote\u00e7\u00e3o legalmente conferida \u00e0s obras, presta\u00e7\u00f5es, produ\u00e7\u00f5es, e outros conte\u00fados protegidos por direitos de propriedade intelectual. Por outro lado, no \u00e2mbito do direito \u00e0 prote\u00e7\u00e3o contra a desinforma\u00e7\u00e3o, ser\u00e1 pertinente referir que o diploma consagra uma defini\u00e7\u00e3o de desinforma\u00e7\u00e3o, que conta com um elemento objectivo e outro subjectivo. O primeiro refere toda a narrativa comprovadamente falsa ou enganadora, criada, apresentada e divulgada para obter vantagens econ\u00f3micas ou para enganar deliberadamente o p\u00fablico; o segundo prende-se com a susceptibilidade de tal narrativa causar um preju\u00edzo p\u00fablico, nomeadamente amea\u00e7a aos processos pol\u00edticos democr\u00e1ticos, aos processos de elabora\u00e7\u00e3o de pol\u00edticas p\u00fablicas e a bens p\u00fablicos.<br \/>\nNeste sentido, ser\u00e1 proibido aos v\u00e1rios intervenientes n\u00e3o apenas produzir, mas tamb\u00e9m reproduzir ou difundir, narrativa que seja qualific\u00e1vel enquanto desinforma\u00e7\u00e3o. Ademais, o diploma prev\u00ea que todos os utilizadores t\u00eam o direito de apresentar e ver apreciadas pela Entidade Reguladora para a Comunica\u00e7\u00e3o Social, queixas contra as entidades que pratiquem actos de desinforma\u00e7\u00e3o Ainda no \u00e2mbito deste direito, importa notar que, em nome da liberdade de express\u00e3o, a proibi\u00e7\u00e3o sob an\u00e1lise n\u00e3o ser\u00e1 de aplicar \u00e0s s\u00e1tiras ou par\u00f3dias.<br \/>\nNo contexto global do diploma, conforme anteriormente referido, as medidas e direitos previstos na presente Carta s\u00e3o maioritariamente direitos que j\u00e1 se encontravam consagrados no regime jur\u00eddico portugu\u00eas. Assim, a relev\u00e2ncia deste novo instrumento legal prende-se principalmente, com a condensa\u00e7\u00e3o e adapta\u00e7\u00e3o dos mais relevantes direitos, liberdades e garantias dos utilizadores do mundo digital, num s\u00f3 documento, trazendo clareza e sensibiliza\u00e7\u00e3o para as mat\u00e9rias mais relevantes deste novo status quo.<br \/>\nA quest\u00e3o que se coloca \u00e9 a de saber se, efetivamente, a publica\u00e7\u00e3o do presente diploma conseguir\u00e1 de facto trazer mais seguran\u00e7a e transpar\u00eancia ao ambiente digital. Para tal, ser\u00e1 necess\u00e1rio que o mesmo se fa\u00e7a acompanhar de um esfor\u00e7o (e talvez refor\u00e7o), por parte das entidades fiscalizadoras, no sentido de dar provimento \u00e0s reclama\u00e7\u00f5es dos utilizadores.<br \/>\nPor fim, cabe mencionar que a presente Carta ter\u00e1 ainda que ser compatibilizada e interpretada em conformidade com os demais diplomas que ser\u00e3o, eventualmente, alvo de transposi\u00e7\u00e3o para o ordenamento jur\u00eddico portugu\u00eas, entre os quais destacamos a Lei dos Servi\u00e7os Digitais, o C\u00f3digo das Comunica\u00e7\u00f5es Electr\u00f3nicas, e a Directiva dos Direitos de Autor e Direitos Conexos no Mercado \u00danico Digital.<br \/>\nArtigo de opini\u00e3o de Jos\u00e9 Maria Alves Pereira (associado s\u00e9nior da Abreu Advogados) e Sofia Lopes Agostinho (advogada estagi\u00e1ria da Abreu Advogados)<\/p>\n<p>\n<!--noindex--><br \/>\n<a href=\"https:\/\/www.meiosepublicidade.pt\/2021\/05\/direitos-fundamentais-na-era-digital-o-direito-a-seguranca-e-a-transparencia\/?utm_source=rss&#038;utm_medium=rss&#038;utm_campaign=direitos-fundamentais-na-era-digital-o-direito-a-seguranca-e-a-transparencia\" rel=\"nofollow\">Source link <\/a><br \/>\n<!--\/noindex--><\/p>\n","protected":false},"excerpt":{"rendered":"<p>De acordo com os resultados do Eurobar\u00f3metro Especial 499, 67 por cento dos portugueses utiliza a internet diariamente e 7 por cento n\u00e3o tem acesso \u00e0 internet. Assim, num contexto em que a pegada digital se vai tornando cada vez mais not\u00f3ria, urge a necessidade de garantir a seguran\u00e7a jur\u00eddica na World Wide Web. Como [&hellip;]<\/p>\n","protected":false},"author":2,"featured_media":10200,"comment_status":"open","ping_status":"open","sticky":false,"template":"","format":"standard","meta":{"footnotes":""},"categories":[3],"tags":[],"class_list":["post-10199","post","type-post","status-publish","format-standard","has-post-thumbnail","hentry","category-noticias-de-marketing-na-internet"],"yoast_head":"<!-- This site is optimized with the Yoast SEO plugin v27.4 - https:\/\/yoast.com\/product\/yoast-seo-wordpress\/ -->\n<title>Direitos Fundamentais na Era Digital: o direito \u00e0 seguran\u00e7a e \u00e0 transpar\u00eancia - Meios &amp; Publicidade - Favorite News<\/title>\n<meta name=\"robots\" content=\"index, follow, max-snippet:-1, max-image-preview:large, max-video-preview:-1\" \/>\n<link rel=\"canonical\" href=\"https:\/\/favorite-news.com\/pt\/direitos-fundamentais-na-era-digital-o-direito-a-seguranca-e-a-transparencia-meios-publicidade\/\" \/>\n<meta property=\"og:locale\" content=\"pt_PT\" \/>\n<meta property=\"og:type\" content=\"article\" \/>\n<meta property=\"og:title\" content=\"Direitos Fundamentais na Era Digital: o direito \u00e0 seguran\u00e7a e \u00e0 transpar\u00eancia - Meios &amp; Publicidade - Favorite News\" \/>\n<meta property=\"og:description\" content=\"De acordo com os resultados do Eurobar\u00f3metro Especial 499, 67 por cento dos portugueses utiliza a internet diariamente e 7 por cento n\u00e3o tem acesso \u00e0 internet. Assim, num contexto em que a pegada digital se vai tornando cada vez mais not\u00f3ria, urge a necessidade de garantir a seguran\u00e7a jur\u00eddica na World Wide Web. Como [&hellip;]\" \/>\n<meta property=\"og:url\" content=\"https:\/\/favorite-news.com\/pt\/direitos-fundamentais-na-era-digital-o-direito-a-seguranca-e-a-transparencia-meios-publicidade\/\" \/>\n<meta property=\"og:site_name\" content=\"Favorite News\" \/>\n<meta property=\"article:published_time\" content=\"2021-05-24T09:48:53+00:00\" \/>\n<meta property=\"article:modified_time\" content=\"2021-05-24T09:49:01+00:00\" \/>\n<meta property=\"og:image\" content=\"https:\/\/favorite-news.com\/pt\/wp-content\/uploads\/sites\/2\/2021\/05\/Direitos-Fundamentais-na-Era-Digital-o-direito-a-seguranca-e.jpg\" \/>\n\t<meta property=\"og:image:width\" content=\"1000\" \/>\n\t<meta property=\"og:image:height\" content=\"1000\" \/>\n\t<meta property=\"og:image:type\" content=\"image\/jpeg\" \/>\n<meta name=\"author\" content=\"favorite-news\" \/>\n<meta name=\"twitter:card\" content=\"summary_large_image\" \/>\n<meta name=\"twitter:label1\" content=\"Escrito por\" \/>\n\t<meta name=\"twitter:data1\" content=\"favorite-news\" \/>\n\t<meta name=\"twitter:label2\" content=\"Tempo estimado de leitura\" \/>\n\t<meta name=\"twitter:data2\" content=\"4 minutos\" \/>\n<script type=\"application\/ld+json\" class=\"yoast-schema-graph\">{\"@context\":\"https:\\\/\\\/schema.org\",\"@graph\":[{\"@type\":\"Article\",\"@id\":\"https:\\\/\\\/favorite-news.com\\\/pt\\\/direitos-fundamentais-na-era-digital-o-direito-a-seguranca-e-a-transparencia-meios-publicidade\\\/#article\",\"isPartOf\":{\"@id\":\"https:\\\/\\\/favorite-news.com\\\/pt\\\/direitos-fundamentais-na-era-digital-o-direito-a-seguranca-e-a-transparencia-meios-publicidade\\\/\"},\"author\":{\"name\":\"favorite-news\",\"@id\":\"https:\\\/\\\/favorite-news.com\\\/pt\\\/#\\\/schema\\\/person\\\/b91573b717dcfa5e4696032a9d28d3e8\"},\"headline\":\"Direitos Fundamentais na Era Digital: o direito \u00e0 seguran\u00e7a e \u00e0 transpar\u00eancia &#8211; Meios &#038; Publicidade\",\"datePublished\":\"2021-05-24T09:48:53+00:00\",\"dateModified\":\"2021-05-24T09:49:01+00:00\",\"mainEntityOfPage\":{\"@id\":\"https:\\\/\\\/favorite-news.com\\\/pt\\\/direitos-fundamentais-na-era-digital-o-direito-a-seguranca-e-a-transparencia-meios-publicidade\\\/\"},\"wordCount\":736,\"commentCount\":0,\"image\":{\"@id\":\"https:\\\/\\\/favorite-news.com\\\/pt\\\/direitos-fundamentais-na-era-digital-o-direito-a-seguranca-e-a-transparencia-meios-publicidade\\\/#primaryimage\"},\"thumbnailUrl\":\"https:\\\/\\\/favorite-news.com\\\/pt\\\/wp-content\\\/uploads\\\/sites\\\/2\\\/2021\\\/05\\\/Direitos-Fundamentais-na-Era-Digital-o-direito-a-seguranca-e.jpg\",\"articleSection\":[\"NOT\u00cdCIAS DE MARKETING NA INTERNET\"],\"inLanguage\":\"pt-PT\",\"potentialAction\":[{\"@type\":\"CommentAction\",\"name\":\"Comment\",\"target\":[\"https:\\\/\\\/favorite-news.com\\\/pt\\\/direitos-fundamentais-na-era-digital-o-direito-a-seguranca-e-a-transparencia-meios-publicidade\\\/#respond\"]}]},{\"@type\":\"WebPage\",\"@id\":\"https:\\\/\\\/favorite-news.com\\\/pt\\\/direitos-fundamentais-na-era-digital-o-direito-a-seguranca-e-a-transparencia-meios-publicidade\\\/\",\"url\":\"https:\\\/\\\/favorite-news.com\\\/pt\\\/direitos-fundamentais-na-era-digital-o-direito-a-seguranca-e-a-transparencia-meios-publicidade\\\/\",\"name\":\"Direitos Fundamentais na Era Digital: o direito \u00e0 seguran\u00e7a e \u00e0 transpar\u00eancia - Meios & Publicidade - Favorite News\",\"isPartOf\":{\"@id\":\"https:\\\/\\\/favorite-news.com\\\/pt\\\/#website\"},\"primaryImageOfPage\":{\"@id\":\"https:\\\/\\\/favorite-news.com\\\/pt\\\/direitos-fundamentais-na-era-digital-o-direito-a-seguranca-e-a-transparencia-meios-publicidade\\\/#primaryimage\"},\"image\":{\"@id\":\"https:\\\/\\\/favorite-news.com\\\/pt\\\/direitos-fundamentais-na-era-digital-o-direito-a-seguranca-e-a-transparencia-meios-publicidade\\\/#primaryimage\"},\"thumbnailUrl\":\"https:\\\/\\\/favorite-news.com\\\/pt\\\/wp-content\\\/uploads\\\/sites\\\/2\\\/2021\\\/05\\\/Direitos-Fundamentais-na-Era-Digital-o-direito-a-seguranca-e.jpg\",\"datePublished\":\"2021-05-24T09:48:53+00:00\",\"dateModified\":\"2021-05-24T09:49:01+00:00\",\"author\":{\"@id\":\"https:\\\/\\\/favorite-news.com\\\/pt\\\/#\\\/schema\\\/person\\\/b91573b717dcfa5e4696032a9d28d3e8\"},\"breadcrumb\":{\"@id\":\"https:\\\/\\\/favorite-news.com\\\/pt\\\/direitos-fundamentais-na-era-digital-o-direito-a-seguranca-e-a-transparencia-meios-publicidade\\\/#breadcrumb\"},\"inLanguage\":\"pt-PT\",\"potentialAction\":[{\"@type\":\"ReadAction\",\"target\":[\"https:\\\/\\\/favorite-news.com\\\/pt\\\/direitos-fundamentais-na-era-digital-o-direito-a-seguranca-e-a-transparencia-meios-publicidade\\\/\"]}]},{\"@type\":\"ImageObject\",\"inLanguage\":\"pt-PT\",\"@id\":\"https:\\\/\\\/favorite-news.com\\\/pt\\\/direitos-fundamentais-na-era-digital-o-direito-a-seguranca-e-a-transparencia-meios-publicidade\\\/#primaryimage\",\"url\":\"https:\\\/\\\/favorite-news.com\\\/pt\\\/wp-content\\\/uploads\\\/sites\\\/2\\\/2021\\\/05\\\/Direitos-Fundamentais-na-Era-Digital-o-direito-a-seguranca-e.jpg\",\"contentUrl\":\"https:\\\/\\\/favorite-news.com\\\/pt\\\/wp-content\\\/uploads\\\/sites\\\/2\\\/2021\\\/05\\\/Direitos-Fundamentais-na-Era-Digital-o-direito-a-seguranca-e.jpg\",\"width\":1000,\"height\":1000,\"caption\":\"Direitos Fundamentais na Era Digital: o direito \u00e0 seguran\u00e7a e \u00e0 transpar\u00eancia - Meios & Publicidade\"},{\"@type\":\"BreadcrumbList\",\"@id\":\"https:\\\/\\\/favorite-news.com\\\/pt\\\/direitos-fundamentais-na-era-digital-o-direito-a-seguranca-e-a-transparencia-meios-publicidade\\\/#breadcrumb\",\"itemListElement\":[{\"@type\":\"ListItem\",\"position\":1,\"name\":\"Home\",\"item\":\"https:\\\/\\\/favorite-news.com\\\/pt\\\/\"},{\"@type\":\"ListItem\",\"position\":2,\"name\":\"Direitos Fundamentais na Era Digital: o direito \u00e0 seguran\u00e7a e \u00e0 transpar\u00eancia &#8211; Meios &#038; Publicidade\"}]},{\"@type\":\"WebSite\",\"@id\":\"https:\\\/\\\/favorite-news.com\\\/pt\\\/#website\",\"url\":\"https:\\\/\\\/favorite-news.com\\\/pt\\\/\",\"name\":\"Favorite News\",\"description\":\"Favorite News Portugal\",\"potentialAction\":[{\"@type\":\"SearchAction\",\"target\":{\"@type\":\"EntryPoint\",\"urlTemplate\":\"https:\\\/\\\/favorite-news.com\\\/pt\\\/?s={search_term_string}\"},\"query-input\":{\"@type\":\"PropertyValueSpecification\",\"valueRequired\":true,\"valueName\":\"search_term_string\"}}],\"inLanguage\":\"pt-PT\"},{\"@type\":\"Person\",\"@id\":\"https:\\\/\\\/favorite-news.com\\\/pt\\\/#\\\/schema\\\/person\\\/b91573b717dcfa5e4696032a9d28d3e8\",\"name\":\"favorite-news\",\"image\":{\"@type\":\"ImageObject\",\"inLanguage\":\"pt-PT\",\"@id\":\"https:\\\/\\\/secure.gravatar.com\\\/avatar\\\/6c5a5cb12b74e9d517ee91cf570335b7d16177f1977cc91db161adfa435945a7?s=96&d=mm&r=g\",\"url\":\"https:\\\/\\\/secure.gravatar.com\\\/avatar\\\/6c5a5cb12b74e9d517ee91cf570335b7d16177f1977cc91db161adfa435945a7?s=96&d=mm&r=g\",\"contentUrl\":\"https:\\\/\\\/secure.gravatar.com\\\/avatar\\\/6c5a5cb12b74e9d517ee91cf570335b7d16177f1977cc91db161adfa435945a7?s=96&d=mm&r=g\",\"caption\":\"favorite-news\"},\"url\":\"https:\\\/\\\/favorite-news.com\\\/pt\\\/author\\\/pt\\\/\"}]}<\/script>\n<!-- \/ Yoast SEO plugin. -->","yoast_head_json":{"title":"Direitos Fundamentais na Era Digital: o direito \u00e0 seguran\u00e7a e \u00e0 transpar\u00eancia - Meios & Publicidade - Favorite News","robots":{"index":"index","follow":"follow","max-snippet":"max-snippet:-1","max-image-preview":"max-image-preview:large","max-video-preview":"max-video-preview:-1"},"canonical":"https:\/\/favorite-news.com\/pt\/direitos-fundamentais-na-era-digital-o-direito-a-seguranca-e-a-transparencia-meios-publicidade\/","og_locale":"pt_PT","og_type":"article","og_title":"Direitos Fundamentais na Era Digital: o direito \u00e0 seguran\u00e7a e \u00e0 transpar\u00eancia - Meios & Publicidade - Favorite News","og_description":"De acordo com os resultados do Eurobar\u00f3metro Especial 499, 67 por cento dos portugueses utiliza a internet diariamente e 7 por cento n\u00e3o tem acesso \u00e0 internet. Assim, num contexto em que a pegada digital se vai tornando cada vez mais not\u00f3ria, urge a necessidade de garantir a seguran\u00e7a jur\u00eddica na World Wide Web. Como [&hellip;]","og_url":"https:\/\/favorite-news.com\/pt\/direitos-fundamentais-na-era-digital-o-direito-a-seguranca-e-a-transparencia-meios-publicidade\/","og_site_name":"Favorite News","article_published_time":"2021-05-24T09:48:53+00:00","article_modified_time":"2021-05-24T09:49:01+00:00","og_image":[{"width":1000,"height":1000,"url":"https:\/\/favorite-news.com\/pt\/wp-content\/uploads\/sites\/2\/2021\/05\/Direitos-Fundamentais-na-Era-Digital-o-direito-a-seguranca-e.jpg","type":"image\/jpeg"}],"author":"favorite-news","twitter_card":"summary_large_image","twitter_misc":{"Escrito por":"favorite-news","Tempo estimado de leitura":"4 minutos"},"schema":{"@context":"https:\/\/schema.org","@graph":[{"@type":"Article","@id":"https:\/\/favorite-news.com\/pt\/direitos-fundamentais-na-era-digital-o-direito-a-seguranca-e-a-transparencia-meios-publicidade\/#article","isPartOf":{"@id":"https:\/\/favorite-news.com\/pt\/direitos-fundamentais-na-era-digital-o-direito-a-seguranca-e-a-transparencia-meios-publicidade\/"},"author":{"name":"favorite-news","@id":"https:\/\/favorite-news.com\/pt\/#\/schema\/person\/b91573b717dcfa5e4696032a9d28d3e8"},"headline":"Direitos Fundamentais na Era Digital: o direito \u00e0 seguran\u00e7a e \u00e0 transpar\u00eancia &#8211; Meios &#038; Publicidade","datePublished":"2021-05-24T09:48:53+00:00","dateModified":"2021-05-24T09:49:01+00:00","mainEntityOfPage":{"@id":"https:\/\/favorite-news.com\/pt\/direitos-fundamentais-na-era-digital-o-direito-a-seguranca-e-a-transparencia-meios-publicidade\/"},"wordCount":736,"commentCount":0,"image":{"@id":"https:\/\/favorite-news.com\/pt\/direitos-fundamentais-na-era-digital-o-direito-a-seguranca-e-a-transparencia-meios-publicidade\/#primaryimage"},"thumbnailUrl":"https:\/\/favorite-news.com\/pt\/wp-content\/uploads\/sites\/2\/2021\/05\/Direitos-Fundamentais-na-Era-Digital-o-direito-a-seguranca-e.jpg","articleSection":["NOT\u00cdCIAS DE MARKETING NA INTERNET"],"inLanguage":"pt-PT","potentialAction":[{"@type":"CommentAction","name":"Comment","target":["https:\/\/favorite-news.com\/pt\/direitos-fundamentais-na-era-digital-o-direito-a-seguranca-e-a-transparencia-meios-publicidade\/#respond"]}]},{"@type":"WebPage","@id":"https:\/\/favorite-news.com\/pt\/direitos-fundamentais-na-era-digital-o-direito-a-seguranca-e-a-transparencia-meios-publicidade\/","url":"https:\/\/favorite-news.com\/pt\/direitos-fundamentais-na-era-digital-o-direito-a-seguranca-e-a-transparencia-meios-publicidade\/","name":"Direitos Fundamentais na Era Digital: o direito \u00e0 seguran\u00e7a e \u00e0 transpar\u00eancia - Meios & Publicidade - Favorite News","isPartOf":{"@id":"https:\/\/favorite-news.com\/pt\/#website"},"primaryImageOfPage":{"@id":"https:\/\/favorite-news.com\/pt\/direitos-fundamentais-na-era-digital-o-direito-a-seguranca-e-a-transparencia-meios-publicidade\/#primaryimage"},"image":{"@id":"https:\/\/favorite-news.com\/pt\/direitos-fundamentais-na-era-digital-o-direito-a-seguranca-e-a-transparencia-meios-publicidade\/#primaryimage"},"thumbnailUrl":"https:\/\/favorite-news.com\/pt\/wp-content\/uploads\/sites\/2\/2021\/05\/Direitos-Fundamentais-na-Era-Digital-o-direito-a-seguranca-e.jpg","datePublished":"2021-05-24T09:48:53+00:00","dateModified":"2021-05-24T09:49:01+00:00","author":{"@id":"https:\/\/favorite-news.com\/pt\/#\/schema\/person\/b91573b717dcfa5e4696032a9d28d3e8"},"breadcrumb":{"@id":"https:\/\/favorite-news.com\/pt\/direitos-fundamentais-na-era-digital-o-direito-a-seguranca-e-a-transparencia-meios-publicidade\/#breadcrumb"},"inLanguage":"pt-PT","potentialAction":[{"@type":"ReadAction","target":["https:\/\/favorite-news.com\/pt\/direitos-fundamentais-na-era-digital-o-direito-a-seguranca-e-a-transparencia-meios-publicidade\/"]}]},{"@type":"ImageObject","inLanguage":"pt-PT","@id":"https:\/\/favorite-news.com\/pt\/direitos-fundamentais-na-era-digital-o-direito-a-seguranca-e-a-transparencia-meios-publicidade\/#primaryimage","url":"https:\/\/favorite-news.com\/pt\/wp-content\/uploads\/sites\/2\/2021\/05\/Direitos-Fundamentais-na-Era-Digital-o-direito-a-seguranca-e.jpg","contentUrl":"https:\/\/favorite-news.com\/pt\/wp-content\/uploads\/sites\/2\/2021\/05\/Direitos-Fundamentais-na-Era-Digital-o-direito-a-seguranca-e.jpg","width":1000,"height":1000,"caption":"Direitos Fundamentais na Era Digital: o direito \u00e0 seguran\u00e7a e \u00e0 transpar\u00eancia - Meios & Publicidade"},{"@type":"BreadcrumbList","@id":"https:\/\/favorite-news.com\/pt\/direitos-fundamentais-na-era-digital-o-direito-a-seguranca-e-a-transparencia-meios-publicidade\/#breadcrumb","itemListElement":[{"@type":"ListItem","position":1,"name":"Home","item":"https:\/\/favorite-news.com\/pt\/"},{"@type":"ListItem","position":2,"name":"Direitos Fundamentais na Era Digital: o direito \u00e0 seguran\u00e7a e \u00e0 transpar\u00eancia &#8211; Meios &#038; Publicidade"}]},{"@type":"WebSite","@id":"https:\/\/favorite-news.com\/pt\/#website","url":"https:\/\/favorite-news.com\/pt\/","name":"Favorite News","description":"Favorite News Portugal","potentialAction":[{"@type":"SearchAction","target":{"@type":"EntryPoint","urlTemplate":"https:\/\/favorite-news.com\/pt\/?s={search_term_string}"},"query-input":{"@type":"PropertyValueSpecification","valueRequired":true,"valueName":"search_term_string"}}],"inLanguage":"pt-PT"},{"@type":"Person","@id":"https:\/\/favorite-news.com\/pt\/#\/schema\/person\/b91573b717dcfa5e4696032a9d28d3e8","name":"favorite-news","image":{"@type":"ImageObject","inLanguage":"pt-PT","@id":"https:\/\/secure.gravatar.com\/avatar\/6c5a5cb12b74e9d517ee91cf570335b7d16177f1977cc91db161adfa435945a7?s=96&d=mm&r=g","url":"https:\/\/secure.gravatar.com\/avatar\/6c5a5cb12b74e9d517ee91cf570335b7d16177f1977cc91db161adfa435945a7?s=96&d=mm&r=g","contentUrl":"https:\/\/secure.gravatar.com\/avatar\/6c5a5cb12b74e9d517ee91cf570335b7d16177f1977cc91db161adfa435945a7?s=96&d=mm&r=g","caption":"favorite-news"},"url":"https:\/\/favorite-news.com\/pt\/author\/pt\/"}]}},"_links":{"self":[{"href":"https:\/\/favorite-news.com\/pt\/wp-json\/wp\/v2\/posts\/10199","targetHints":{"allow":["GET"]}}],"collection":[{"href":"https:\/\/favorite-news.com\/pt\/wp-json\/wp\/v2\/posts"}],"about":[{"href":"https:\/\/favorite-news.com\/pt\/wp-json\/wp\/v2\/types\/post"}],"author":[{"embeddable":true,"href":"https:\/\/favorite-news.com\/pt\/wp-json\/wp\/v2\/users\/2"}],"replies":[{"embeddable":true,"href":"https:\/\/favorite-news.com\/pt\/wp-json\/wp\/v2\/comments?post=10199"}],"version-history":[{"count":1,"href":"https:\/\/favorite-news.com\/pt\/wp-json\/wp\/v2\/posts\/10199\/revisions"}],"predecessor-version":[{"id":10201,"href":"https:\/\/favorite-news.com\/pt\/wp-json\/wp\/v2\/posts\/10199\/revisions\/10201"}],"wp:featuredmedia":[{"embeddable":true,"href":"https:\/\/favorite-news.com\/pt\/wp-json\/wp\/v2\/media\/10200"}],"wp:attachment":[{"href":"https:\/\/favorite-news.com\/pt\/wp-json\/wp\/v2\/media?parent=10199"}],"wp:term":[{"taxonomy":"category","embeddable":true,"href":"https:\/\/favorite-news.com\/pt\/wp-json\/wp\/v2\/categories?post=10199"},{"taxonomy":"post_tag","embeddable":true,"href":"https:\/\/favorite-news.com\/pt\/wp-json\/wp\/v2\/tags?post=10199"}],"curies":[{"name":"wp","href":"https:\/\/api.w.org\/{rel}","templated":true}]}}