{"id":10182,"date":"2021-05-23T00:33:41","date_gmt":"2021-05-22T21:33:41","guid":{"rendered":"https:\/\/favorite-news.com\/pt\/varios-promotores-preferem-nao-adiar-para-ja-festivais-para-2022-meios-publicidade\/"},"modified":"2021-05-23T00:33:46","modified_gmt":"2021-05-22T21:33:46","slug":"varios-promotores-preferem-nao-adiar-para-ja-festivais-para-2022-meios-publicidade","status":"publish","type":"post","link":"https:\/\/favorite-news.com\/pt\/varios-promotores-preferem-nao-adiar-para-ja-festivais-para-2022-meios-publicidade\/","title":{"rendered":"V\u00e1rios promotores preferem n\u00e3o adiar (para j\u00e1) festivais para 2022 &#8211; Meios &#038; Publicidade"},"content":{"rendered":"<p>\t\t\t\tPor Meios &amp; Publicidade a 21 de Maio de 2021<\/p>\n<p>\t\t\tO NOS Alive, da responsabilidade da promotora Everything is New, foi o mais recente festival de m\u00fasica de Ver\u00e3o a cancelar a edi\u00e7\u00e3o de 2021, por conting\u00eancias sanit\u00e1rias. \u00a0O festival, que iria decorrer em Julho no Passeio Mar\u00edtimo de Alg\u00e9s, fica assim adiado pelo segundo ano consecutivo, \u00e0 semelhan\u00e7a do que j\u00e1 tinha acontecido com o NOS Primavera Sound e com o Rock in Rio Lisboa.<br \/>\nNo entanto, segundo o Jornal de Not\u00edcias, outras promotoras consideram que existe a possibilidade de os seus festivais decorrerem ainda este ano.<br \/>\nFonte da M\u00fasica no Cora\u00e7\u00e3o, respons\u00e1vel pelos festivais Galp Beach Party (25 a 26 de Junho), Sumol Summer Fest (2 e 3 de Julho), Super Bock Super Rock (15 a 17 de Julho) e MEO Sudoeste (3 a 7 de Agosto), declarou ao JN: \u201cEstamos confiantes e vamos aguardar pelos resultados dos eventos-piloto que devem sair nas pr\u00f3ximas semanas. S\u00f3 a partir da\u00ed tomaremos uma decis\u00e3o sobre o que vamos fazer\u201d.<br \/>\nA PEV Entertainment, que realiza o festival Meo Mar\u00e9s Vivas \u201921 (16 a 18 de Julho), ainda n\u00e3o tomou uma decis\u00e3o definitiva. J\u00e1 Ritmos mant\u00e9m a inten\u00e7\u00e3o de levar a cabo o Vodafone Paredes de Coura entre os dias 18 e 21 de Agosto.<\/p>\n<p>\n<!--noindex--><br \/>\n<a href=\"https:\/\/www.meiosepublicidade.pt\/2021\/05\/varios-promotores-preferem-nao-adiar-para-ja-festivais-para-2022\/?utm_source=rss&#038;utm_medium=rss&#038;utm_campaign=varios-promotores-preferem-nao-adiar-para-ja-festivais-para-2022\" rel=\"nofollow\">Source link <\/a><br \/>\n<!--\/noindex--><\/p>\n","protected":false},"excerpt":{"rendered":"<p>Por Meios &amp; Publicidade a 21 de Maio de 2021 O NOS Alive, da responsabilidade da promotora Everything is New, foi o mais recente festival de m\u00fasica de Ver\u00e3o a cancelar a edi\u00e7\u00e3o de 2021, por conting\u00eancias sanit\u00e1rias. \u00a0O festival, que iria decorrer em Julho no Passeio Mar\u00edtimo de Alg\u00e9s, fica assim adiado pelo segundo [&hellip;]<\/p>\n","protected":false},"author":2,"featured_media":10183,"comment_status":"open","ping_status":"open","sticky":false,"template":"","format":"standard","meta":{"footnotes":""},"categories":[3],"tags":[],"class_list":["post-10182","post","type-post","status-publish","format-standard","has-post-thumbnail","hentry","category-noticias-de-marketing-na-internet"],"yoast_head":"<!-- This site is optimized with the Yoast SEO plugin v27.4 - https:\/\/yoast.com\/product\/yoast-seo-wordpress\/ -->\n<title>V\u00e1rios promotores preferem n\u00e3o adiar (para j\u00e1) festivais para 2022 - Meios &amp; Publicidade - Favorite News<\/title>\n<meta name=\"robots\" content=\"index, follow, max-snippet:-1, max-image-preview:large, max-video-preview:-1\" \/>\n<link rel=\"canonical\" href=\"https:\/\/favorite-news.com\/pt\/varios-promotores-preferem-nao-adiar-para-ja-festivais-para-2022-meios-publicidade\/\" \/>\n<meta property=\"og:locale\" content=\"pt_PT\" \/>\n<meta property=\"og:type\" content=\"article\" \/>\n<meta property=\"og:title\" content=\"V\u00e1rios promotores preferem n\u00e3o adiar (para j\u00e1) festivais para 2022 - Meios &amp; Publicidade - Favorite News\" \/>\n<meta property=\"og:description\" content=\"Por Meios &amp; Publicidade a 21 de Maio de 2021 O NOS Alive, da responsabilidade da promotora Everything is New, foi o mais recente festival de m\u00fasica de Ver\u00e3o a cancelar a edi\u00e7\u00e3o de 2021, por conting\u00eancias sanit\u00e1rias. \u00a0O festival, que iria decorrer em Julho no Passeio Mar\u00edtimo de Alg\u00e9s, fica assim adiado pelo segundo [&hellip;]\" \/>\n<meta property=\"og:url\" content=\"https:\/\/favorite-news.com\/pt\/varios-promotores-preferem-nao-adiar-para-ja-festivais-para-2022-meios-publicidade\/\" \/>\n<meta property=\"og:site_name\" content=\"Favorite News\" \/>\n<meta property=\"article:published_time\" content=\"2021-05-22T21:33:41+00:00\" \/>\n<meta property=\"article:modified_time\" content=\"2021-05-22T21:33:46+00:00\" \/>\n<meta property=\"og:image\" content=\"https:\/\/favorite-news.com\/pt\/wp-content\/uploads\/sites\/2\/2021\/05\/Varios-promotores-preferem-nao-adiar-para-ja-festivais-para-2022.jpg\" \/>\n\t<meta property=\"og:image:width\" content=\"996\" \/>\n\t<meta property=\"og:image:height\" content=\"664\" \/>\n\t<meta property=\"og:image:type\" content=\"image\/jpeg\" \/>\n<meta name=\"author\" content=\"favorite-news\" \/>\n<meta name=\"twitter:card\" content=\"summary_large_image\" \/>\n<meta name=\"twitter:label1\" content=\"Escrito por\" \/>\n\t<meta name=\"twitter:data1\" content=\"favorite-news\" \/>\n\t<meta name=\"twitter:label2\" content=\"Tempo estimado de leitura\" \/>\n\t<meta name=\"twitter:data2\" content=\"1 minuto\" \/>\n<script type=\"application\/ld+json\" class=\"yoast-schema-graph\">{\"@context\":\"https:\\\/\\\/schema.org\",\"@graph\":[{\"@type\":\"Article\",\"@id\":\"https:\\\/\\\/favorite-news.com\\\/pt\\\/varios-promotores-preferem-nao-adiar-para-ja-festivais-para-2022-meios-publicidade\\\/#article\",\"isPartOf\":{\"@id\":\"https:\\\/\\\/favorite-news.com\\\/pt\\\/varios-promotores-preferem-nao-adiar-para-ja-festivais-para-2022-meios-publicidade\\\/\"},\"author\":{\"name\":\"favorite-news\",\"@id\":\"https:\\\/\\\/favorite-news.com\\\/pt\\\/#\\\/schema\\\/person\\\/b91573b717dcfa5e4696032a9d28d3e8\"},\"headline\":\"V\u00e1rios promotores preferem n\u00e3o adiar (para j\u00e1) festivais para 2022 &#8211; Meios &#038; Publicidade\",\"datePublished\":\"2021-05-22T21:33:41+00:00\",\"dateModified\":\"2021-05-22T21:33:46+00:00\",\"mainEntityOfPage\":{\"@id\":\"https:\\\/\\\/favorite-news.com\\\/pt\\\/varios-promotores-preferem-nao-adiar-para-ja-festivais-para-2022-meios-publicidade\\\/\"},\"wordCount\":231,\"commentCount\":0,\"image\":{\"@id\":\"https:\\\/\\\/favorite-news.com\\\/pt\\\/varios-promotores-preferem-nao-adiar-para-ja-festivais-para-2022-meios-publicidade\\\/#primaryimage\"},\"thumbnailUrl\":\"https:\\\/\\\/favorite-news.com\\\/pt\\\/wp-content\\\/uploads\\\/sites\\\/2\\\/2021\\\/05\\\/Varios-promotores-preferem-nao-adiar-para-ja-festivais-para-2022.jpg\",\"articleSection\":[\"NOT\u00cdCIAS DE MARKETING NA INTERNET\"],\"inLanguage\":\"pt-PT\",\"potentialAction\":[{\"@type\":\"CommentAction\",\"name\":\"Comment\",\"target\":[\"https:\\\/\\\/favorite-news.com\\\/pt\\\/varios-promotores-preferem-nao-adiar-para-ja-festivais-para-2022-meios-publicidade\\\/#respond\"]}]},{\"@type\":\"WebPage\",\"@id\":\"https:\\\/\\\/favorite-news.com\\\/pt\\\/varios-promotores-preferem-nao-adiar-para-ja-festivais-para-2022-meios-publicidade\\\/\",\"url\":\"https:\\\/\\\/favorite-news.com\\\/pt\\\/varios-promotores-preferem-nao-adiar-para-ja-festivais-para-2022-meios-publicidade\\\/\",\"name\":\"V\u00e1rios promotores preferem n\u00e3o adiar (para j\u00e1) festivais para 2022 - Meios & Publicidade - Favorite News\",\"isPartOf\":{\"@id\":\"https:\\\/\\\/favorite-news.com\\\/pt\\\/#website\"},\"primaryImageOfPage\":{\"@id\":\"https:\\\/\\\/favorite-news.com\\\/pt\\\/varios-promotores-preferem-nao-adiar-para-ja-festivais-para-2022-meios-publicidade\\\/#primaryimage\"},\"image\":{\"@id\":\"https:\\\/\\\/favorite-news.com\\\/pt\\\/varios-promotores-preferem-nao-adiar-para-ja-festivais-para-2022-meios-publicidade\\\/#primaryimage\"},\"thumbnailUrl\":\"https:\\\/\\\/favorite-news.com\\\/pt\\\/wp-content\\\/uploads\\\/sites\\\/2\\\/2021\\\/05\\\/Varios-promotores-preferem-nao-adiar-para-ja-festivais-para-2022.jpg\",\"datePublished\":\"2021-05-22T21:33:41+00:00\",\"dateModified\":\"2021-05-22T21:33:46+00:00\",\"author\":{\"@id\":\"https:\\\/\\\/favorite-news.com\\\/pt\\\/#\\\/schema\\\/person\\\/b91573b717dcfa5e4696032a9d28d3e8\"},\"breadcrumb\":{\"@id\":\"https:\\\/\\\/favorite-news.com\\\/pt\\\/varios-promotores-preferem-nao-adiar-para-ja-festivais-para-2022-meios-publicidade\\\/#breadcrumb\"},\"inLanguage\":\"pt-PT\",\"potentialAction\":[{\"@type\":\"ReadAction\",\"target\":[\"https:\\\/\\\/favorite-news.com\\\/pt\\\/varios-promotores-preferem-nao-adiar-para-ja-festivais-para-2022-meios-publicidade\\\/\"]}]},{\"@type\":\"ImageObject\",\"inLanguage\":\"pt-PT\",\"@id\":\"https:\\\/\\\/favorite-news.com\\\/pt\\\/varios-promotores-preferem-nao-adiar-para-ja-festivais-para-2022-meios-publicidade\\\/#primaryimage\",\"url\":\"https:\\\/\\\/favorite-news.com\\\/pt\\\/wp-content\\\/uploads\\\/sites\\\/2\\\/2021\\\/05\\\/Varios-promotores-preferem-nao-adiar-para-ja-festivais-para-2022.jpg\",\"contentUrl\":\"https:\\\/\\\/favorite-news.com\\\/pt\\\/wp-content\\\/uploads\\\/sites\\\/2\\\/2021\\\/05\\\/Varios-promotores-preferem-nao-adiar-para-ja-festivais-para-2022.jpg\",\"width\":996,\"height\":664,\"caption\":\"V\u00e1rios promotores preferem n\u00e3o adiar (para j\u00e1) festivais para 2022 - Meios & Publicidade\"},{\"@type\":\"BreadcrumbList\",\"@id\":\"https:\\\/\\\/favorite-news.com\\\/pt\\\/varios-promotores-preferem-nao-adiar-para-ja-festivais-para-2022-meios-publicidade\\\/#breadcrumb\",\"itemListElement\":[{\"@type\":\"ListItem\",\"position\":1,\"name\":\"Home\",\"item\":\"https:\\\/\\\/favorite-news.com\\\/pt\\\/\"},{\"@type\":\"ListItem\",\"position\":2,\"name\":\"V\u00e1rios promotores preferem n\u00e3o adiar (para j\u00e1) festivais para 2022 &#8211; Meios &#038; Publicidade\"}]},{\"@type\":\"WebSite\",\"@id\":\"https:\\\/\\\/favorite-news.com\\\/pt\\\/#website\",\"url\":\"https:\\\/\\\/favorite-news.com\\\/pt\\\/\",\"name\":\"Favorite News\",\"description\":\"Favorite News Portugal\",\"potentialAction\":[{\"@type\":\"SearchAction\",\"target\":{\"@type\":\"EntryPoint\",\"urlTemplate\":\"https:\\\/\\\/favorite-news.com\\\/pt\\\/?s={search_term_string}\"},\"query-input\":{\"@type\":\"PropertyValueSpecification\",\"valueRequired\":true,\"valueName\":\"search_term_string\"}}],\"inLanguage\":\"pt-PT\"},{\"@type\":\"Person\",\"@id\":\"https:\\\/\\\/favorite-news.com\\\/pt\\\/#\\\/schema\\\/person\\\/b91573b717dcfa5e4696032a9d28d3e8\",\"name\":\"favorite-news\",\"image\":{\"@type\":\"ImageObject\",\"inLanguage\":\"pt-PT\",\"@id\":\"https:\\\/\\\/secure.gravatar.com\\\/avatar\\\/6c5a5cb12b74e9d517ee91cf570335b7d16177f1977cc91db161adfa435945a7?s=96&d=mm&r=g\",\"url\":\"https:\\\/\\\/secure.gravatar.com\\\/avatar\\\/6c5a5cb12b74e9d517ee91cf570335b7d16177f1977cc91db161adfa435945a7?s=96&d=mm&r=g\",\"contentUrl\":\"https:\\\/\\\/secure.gravatar.com\\\/avatar\\\/6c5a5cb12b74e9d517ee91cf570335b7d16177f1977cc91db161adfa435945a7?s=96&d=mm&r=g\",\"caption\":\"favorite-news\"},\"url\":\"https:\\\/\\\/favorite-news.com\\\/pt\\\/author\\\/pt\\\/\"}]}<\/script>\n<!-- \/ Yoast SEO plugin. -->","yoast_head_json":{"title":"V\u00e1rios promotores preferem n\u00e3o adiar (para j\u00e1) festivais para 2022 - Meios & Publicidade - Favorite News","robots":{"index":"index","follow":"follow","max-snippet":"max-snippet:-1","max-image-preview":"max-image-preview:large","max-video-preview":"max-video-preview:-1"},"canonical":"https:\/\/favorite-news.com\/pt\/varios-promotores-preferem-nao-adiar-para-ja-festivais-para-2022-meios-publicidade\/","og_locale":"pt_PT","og_type":"article","og_title":"V\u00e1rios promotores preferem n\u00e3o adiar (para j\u00e1) festivais para 2022 - Meios & Publicidade - Favorite News","og_description":"Por Meios &amp; Publicidade a 21 de Maio de 2021 O NOS Alive, da responsabilidade da promotora Everything is New, foi o mais recente festival de m\u00fasica de Ver\u00e3o a cancelar a edi\u00e7\u00e3o de 2021, por conting\u00eancias sanit\u00e1rias. \u00a0O festival, que iria decorrer em Julho no Passeio Mar\u00edtimo de Alg\u00e9s, fica assim adiado pelo segundo [&hellip;]","og_url":"https:\/\/favorite-news.com\/pt\/varios-promotores-preferem-nao-adiar-para-ja-festivais-para-2022-meios-publicidade\/","og_site_name":"Favorite News","article_published_time":"2021-05-22T21:33:41+00:00","article_modified_time":"2021-05-22T21:33:46+00:00","og_image":[{"width":996,"height":664,"url":"https:\/\/favorite-news.com\/pt\/wp-content\/uploads\/sites\/2\/2021\/05\/Varios-promotores-preferem-nao-adiar-para-ja-festivais-para-2022.jpg","type":"image\/jpeg"}],"author":"favorite-news","twitter_card":"summary_large_image","twitter_misc":{"Escrito por":"favorite-news","Tempo estimado de leitura":"1 minuto"},"schema":{"@context":"https:\/\/schema.org","@graph":[{"@type":"Article","@id":"https:\/\/favorite-news.com\/pt\/varios-promotores-preferem-nao-adiar-para-ja-festivais-para-2022-meios-publicidade\/#article","isPartOf":{"@id":"https:\/\/favorite-news.com\/pt\/varios-promotores-preferem-nao-adiar-para-ja-festivais-para-2022-meios-publicidade\/"},"author":{"name":"favorite-news","@id":"https:\/\/favorite-news.com\/pt\/#\/schema\/person\/b91573b717dcfa5e4696032a9d28d3e8"},"headline":"V\u00e1rios promotores preferem n\u00e3o adiar (para j\u00e1) festivais para 2022 &#8211; Meios &#038; Publicidade","datePublished":"2021-05-22T21:33:41+00:00","dateModified":"2021-05-22T21:33:46+00:00","mainEntityOfPage":{"@id":"https:\/\/favorite-news.com\/pt\/varios-promotores-preferem-nao-adiar-para-ja-festivais-para-2022-meios-publicidade\/"},"wordCount":231,"commentCount":0,"image":{"@id":"https:\/\/favorite-news.com\/pt\/varios-promotores-preferem-nao-adiar-para-ja-festivais-para-2022-meios-publicidade\/#primaryimage"},"thumbnailUrl":"https:\/\/favorite-news.com\/pt\/wp-content\/uploads\/sites\/2\/2021\/05\/Varios-promotores-preferem-nao-adiar-para-ja-festivais-para-2022.jpg","articleSection":["NOT\u00cdCIAS DE MARKETING NA INTERNET"],"inLanguage":"pt-PT","potentialAction":[{"@type":"CommentAction","name":"Comment","target":["https:\/\/favorite-news.com\/pt\/varios-promotores-preferem-nao-adiar-para-ja-festivais-para-2022-meios-publicidade\/#respond"]}]},{"@type":"WebPage","@id":"https:\/\/favorite-news.com\/pt\/varios-promotores-preferem-nao-adiar-para-ja-festivais-para-2022-meios-publicidade\/","url":"https:\/\/favorite-news.com\/pt\/varios-promotores-preferem-nao-adiar-para-ja-festivais-para-2022-meios-publicidade\/","name":"V\u00e1rios promotores preferem n\u00e3o adiar (para j\u00e1) festivais para 2022 - Meios & Publicidade - Favorite News","isPartOf":{"@id":"https:\/\/favorite-news.com\/pt\/#website"},"primaryImageOfPage":{"@id":"https:\/\/favorite-news.com\/pt\/varios-promotores-preferem-nao-adiar-para-ja-festivais-para-2022-meios-publicidade\/#primaryimage"},"image":{"@id":"https:\/\/favorite-news.com\/pt\/varios-promotores-preferem-nao-adiar-para-ja-festivais-para-2022-meios-publicidade\/#primaryimage"},"thumbnailUrl":"https:\/\/favorite-news.com\/pt\/wp-content\/uploads\/sites\/2\/2021\/05\/Varios-promotores-preferem-nao-adiar-para-ja-festivais-para-2022.jpg","datePublished":"2021-05-22T21:33:41+00:00","dateModified":"2021-05-22T21:33:46+00:00","author":{"@id":"https:\/\/favorite-news.com\/pt\/#\/schema\/person\/b91573b717dcfa5e4696032a9d28d3e8"},"breadcrumb":{"@id":"https:\/\/favorite-news.com\/pt\/varios-promotores-preferem-nao-adiar-para-ja-festivais-para-2022-meios-publicidade\/#breadcrumb"},"inLanguage":"pt-PT","potentialAction":[{"@type":"ReadAction","target":["https:\/\/favorite-news.com\/pt\/varios-promotores-preferem-nao-adiar-para-ja-festivais-para-2022-meios-publicidade\/"]}]},{"@type":"ImageObject","inLanguage":"pt-PT","@id":"https:\/\/favorite-news.com\/pt\/varios-promotores-preferem-nao-adiar-para-ja-festivais-para-2022-meios-publicidade\/#primaryimage","url":"https:\/\/favorite-news.com\/pt\/wp-content\/uploads\/sites\/2\/2021\/05\/Varios-promotores-preferem-nao-adiar-para-ja-festivais-para-2022.jpg","contentUrl":"https:\/\/favorite-news.com\/pt\/wp-content\/uploads\/sites\/2\/2021\/05\/Varios-promotores-preferem-nao-adiar-para-ja-festivais-para-2022.jpg","width":996,"height":664,"caption":"V\u00e1rios promotores preferem n\u00e3o adiar (para j\u00e1) festivais para 2022 - Meios & Publicidade"},{"@type":"BreadcrumbList","@id":"https:\/\/favorite-news.com\/pt\/varios-promotores-preferem-nao-adiar-para-ja-festivais-para-2022-meios-publicidade\/#breadcrumb","itemListElement":[{"@type":"ListItem","position":1,"name":"Home","item":"https:\/\/favorite-news.com\/pt\/"},{"@type":"ListItem","position":2,"name":"V\u00e1rios promotores preferem n\u00e3o adiar (para j\u00e1) festivais para 2022 &#8211; Meios &#038; Publicidade"}]},{"@type":"WebSite","@id":"https:\/\/favorite-news.com\/pt\/#website","url":"https:\/\/favorite-news.com\/pt\/","name":"Favorite News","description":"Favorite News Portugal","potentialAction":[{"@type":"SearchAction","target":{"@type":"EntryPoint","urlTemplate":"https:\/\/favorite-news.com\/pt\/?s={search_term_string}"},"query-input":{"@type":"PropertyValueSpecification","valueRequired":true,"valueName":"search_term_string"}}],"inLanguage":"pt-PT"},{"@type":"Person","@id":"https:\/\/favorite-news.com\/pt\/#\/schema\/person\/b91573b717dcfa5e4696032a9d28d3e8","name":"favorite-news","image":{"@type":"ImageObject","inLanguage":"pt-PT","@id":"https:\/\/secure.gravatar.com\/avatar\/6c5a5cb12b74e9d517ee91cf570335b7d16177f1977cc91db161adfa435945a7?s=96&d=mm&r=g","url":"https:\/\/secure.gravatar.com\/avatar\/6c5a5cb12b74e9d517ee91cf570335b7d16177f1977cc91db161adfa435945a7?s=96&d=mm&r=g","contentUrl":"https:\/\/secure.gravatar.com\/avatar\/6c5a5cb12b74e9d517ee91cf570335b7d16177f1977cc91db161adfa435945a7?s=96&d=mm&r=g","caption":"favorite-news"},"url":"https:\/\/favorite-news.com\/pt\/author\/pt\/"}]}},"_links":{"self":[{"href":"https:\/\/favorite-news.com\/pt\/wp-json\/wp\/v2\/posts\/10182","targetHints":{"allow":["GET"]}}],"collection":[{"href":"https:\/\/favorite-news.com\/pt\/wp-json\/wp\/v2\/posts"}],"about":[{"href":"https:\/\/favorite-news.com\/pt\/wp-json\/wp\/v2\/types\/post"}],"author":[{"embeddable":true,"href":"https:\/\/favorite-news.com\/pt\/wp-json\/wp\/v2\/users\/2"}],"replies":[{"embeddable":true,"href":"https:\/\/favorite-news.com\/pt\/wp-json\/wp\/v2\/comments?post=10182"}],"version-history":[{"count":1,"href":"https:\/\/favorite-news.com\/pt\/wp-json\/wp\/v2\/posts\/10182\/revisions"}],"predecessor-version":[{"id":10184,"href":"https:\/\/favorite-news.com\/pt\/wp-json\/wp\/v2\/posts\/10182\/revisions\/10184"}],"wp:featuredmedia":[{"embeddable":true,"href":"https:\/\/favorite-news.com\/pt\/wp-json\/wp\/v2\/media\/10183"}],"wp:attachment":[{"href":"https:\/\/favorite-news.com\/pt\/wp-json\/wp\/v2\/media?parent=10182"}],"wp:term":[{"taxonomy":"category","embeddable":true,"href":"https:\/\/favorite-news.com\/pt\/wp-json\/wp\/v2\/categories?post=10182"},{"taxonomy":"post_tag","embeddable":true,"href":"https:\/\/favorite-news.com\/pt\/wp-json\/wp\/v2\/tags?post=10182"}],"curies":[{"name":"wp","href":"https:\/\/api.w.org\/{rel}","templated":true}]}}