{"id":10178,"date":"2021-05-22T12:30:50","date_gmt":"2021-05-22T09:30:50","guid":{"rendered":"https:\/\/favorite-news.com\/pt\/apste-acusa-autarcas-de-tras-os-montes-de-manterem-postura-umbiguista-que-podera-custar-milhares-de-postos-de-trabalho-meios-publicidade\/"},"modified":"2021-05-22T12:30:52","modified_gmt":"2021-05-22T09:30:52","slug":"apste-acusa-autarcas-de-tras-os-montes-de-manterem-postura-umbiguista-que-podera-custar-milhares-de-postos-de-trabalho-meios-publicidade","status":"publish","type":"post","link":"https:\/\/favorite-news.com\/pt\/apste-acusa-autarcas-de-tras-os-montes-de-manterem-postura-umbiguista-que-podera-custar-milhares-de-postos-de-trabalho-meios-publicidade\/","title":{"rendered":"APSTE acusa autarcas de Tr\u00e1s-os-Montes de manterem \u201cpostura umbiguista que poder\u00e1 custar milhares de postos de trabalho\u201d &#8211; Meios &#038; Publicidade"},"content":{"rendered":"<p>\t\t\t\tPor Pedro Dur\u00e3es a 21 de Maio de 2021<\/p>\n<p>\t\t\tPedro Magalh\u00e3es, presidente da APSTE<br \/>\nA decis\u00e3o de proibir a realiza\u00e7\u00e3o de eventos nos munic\u00edpios de Tr\u00e1s-os-Montes, alerta a Associa\u00e7\u00e3o Portuguesa de Servi\u00e7os T\u00e9cnicos para Eventos (APSTE), pode colocar em causa a retoma do sector e representa um risco para centenas de empresas e milhares de postos de trabalho. Numa altura em que decorrem testes-piloto para encontrar solu\u00e7\u00f5es que garantam a viabilidade da realiza\u00e7\u00e3o de eventos, a associa\u00e7\u00e3o questiona a tomada de posi\u00e7\u00e3o do Conselho Intermunicipal da Comunidade Intermunicipal das Terras de Tr\u00e1s-os-Montes (CIM), que decidiu por unanimidade n\u00e3o autorizar a realiza\u00e7\u00e3o de eventos, actividades ou manifesta\u00e7\u00f5es de qualquer ordem nos nove munic\u00edpios da regi\u00e3o.<br \/>\n\u201cAs autoridades centrais, em conjunto com outros protagonistas da cultura e dos eventos em Portugal, incluindo a nossa associa\u00e7\u00e3o, est\u00e3o neste momento bastante empenhados em tentar garantir a retoma de sectores altamente afectados pelo surgimento da covid-19, mas algumas figuras do poder local parecem mais preocupados em manter esta postura umbiguista que poder\u00e1 custar milhares de postos de trabalho\u201d, acusa Pedro Magalh\u00e3es, presidente da APSTE, argumentando que \u201ch\u00e1 regras, h\u00e1 eventos a acontecer, por isso esta decis\u00e3o n\u00e3o tem qualquer fundamento\u201d.<br \/>\nLembrando que, em 2018, as autarquias de todo o pa\u00eds foram respons\u00e1veis por um investimento na ordem dos 469,8 milh\u00f5es de euros em actividades culturais e criativas, Pedro Magalh\u00e3es afirma que \u201cn\u00e3o \u00e9 dif\u00edcil concluir que as autarquias s\u00e3o um dos motores principais destas actividades\u201d. \u201cSe todos os munic\u00edpios adoptarem este tipo de tomadas de posi\u00e7\u00e3o, o que ser\u00e1 das economias regionais que est\u00e3o t\u00e3o dependentes do turismo, t\u00e3o ligado aos eventos, durante os pr\u00f3ximos meses e depois de um ano t\u00e3o duro?\u201d, questiona o presidente da APSTE.<br \/>\n\u201cO governo tem de intervir de alguma forma, apelando ao bom senso dos 308 autarcas nacionais, sobretudo porque, tal como referi, actualmente n\u00e3o h\u00e1 motivos que justifiquem decis\u00f5es t\u00e3o intransigentes que ser\u00e3o altamente penalizadoras\u201d, defende Pedro Magalh\u00e3es.<\/p>\n<p>\n<!--noindex--><br \/>\n<a href=\"https:\/\/www.meiosepublicidade.pt\/2021\/05\/apste-acusa-autarcas-de-tras-os-montes-de-manterem-postura-umbiguista-que-podera-custar-milhares-de-postos-de-trabalho\/?utm_source=rss&#038;utm_medium=rss&#038;utm_campaign=apste-acusa-autarcas-de-tras-os-montes-de-manterem-postura-umbiguista-que-podera-custar-milhares-de-postos-de-trabalho\" rel=\"nofollow\">Source link <\/a><br \/>\n<!--\/noindex--><\/p>\n","protected":false},"excerpt":{"rendered":"<p>Por Pedro Dur\u00e3es a 21 de Maio de 2021 Pedro Magalh\u00e3es, presidente da APSTE A decis\u00e3o de proibir a realiza\u00e7\u00e3o de eventos nos munic\u00edpios de Tr\u00e1s-os-Montes, alerta a Associa\u00e7\u00e3o Portuguesa de Servi\u00e7os T\u00e9cnicos para Eventos (APSTE), pode colocar em causa a retoma do sector e representa um risco para centenas de empresas e milhares de [&hellip;]<\/p>\n","protected":false},"author":2,"featured_media":10121,"comment_status":"open","ping_status":"open","sticky":false,"template":"","format":"standard","meta":{"footnotes":""},"categories":[3],"tags":[],"class_list":["post-10178","post","type-post","status-publish","format-standard","has-post-thumbnail","hentry","category-noticias-de-marketing-na-internet"],"yoast_head":"<!-- This site is optimized with the Yoast SEO plugin v27.4 - https:\/\/yoast.com\/product\/yoast-seo-wordpress\/ -->\n<title>APSTE acusa autarcas de Tr\u00e1s-os-Montes de manterem \u201cpostura umbiguista que poder\u00e1 custar milhares de postos de trabalho\u201d - Meios &amp; Publicidade - Favorite News<\/title>\n<meta name=\"robots\" content=\"index, follow, max-snippet:-1, max-image-preview:large, max-video-preview:-1\" \/>\n<link rel=\"canonical\" href=\"https:\/\/favorite-news.com\/pt\/apste-acusa-autarcas-de-tras-os-montes-de-manterem-postura-umbiguista-que-podera-custar-milhares-de-postos-de-trabalho-meios-publicidade\/\" \/>\n<meta property=\"og:locale\" content=\"pt_PT\" \/>\n<meta property=\"og:type\" content=\"article\" \/>\n<meta property=\"og:title\" content=\"APSTE acusa autarcas de Tr\u00e1s-os-Montes de manterem \u201cpostura umbiguista que poder\u00e1 custar milhares de postos de trabalho\u201d - Meios &amp; Publicidade - Favorite News\" \/>\n<meta property=\"og:description\" content=\"Por Pedro Dur\u00e3es a 21 de Maio de 2021 Pedro Magalh\u00e3es, presidente da APSTE A decis\u00e3o de proibir a realiza\u00e7\u00e3o de eventos nos munic\u00edpios de Tr\u00e1s-os-Montes, alerta a Associa\u00e7\u00e3o Portuguesa de Servi\u00e7os T\u00e9cnicos para Eventos (APSTE), pode colocar em causa a retoma do sector e representa um risco para centenas de empresas e milhares de [&hellip;]\" \/>\n<meta property=\"og:url\" content=\"https:\/\/favorite-news.com\/pt\/apste-acusa-autarcas-de-tras-os-montes-de-manterem-postura-umbiguista-que-podera-custar-milhares-de-postos-de-trabalho-meios-publicidade\/\" \/>\n<meta property=\"og:site_name\" content=\"Favorite News\" \/>\n<meta property=\"article:published_time\" content=\"2021-05-22T09:30:50+00:00\" \/>\n<meta property=\"article:modified_time\" content=\"2021-05-22T09:30:52+00:00\" \/>\n<meta property=\"og:image\" content=\"https:\/\/favorite-news.com\/pt\/wp-content\/uploads\/sites\/2\/2021\/05\/APSTE-O-futebol-parece-viver-numa-realidade-paralela-em-que.png\" \/>\n\t<meta property=\"og:image:width\" content=\"451\" \/>\n\t<meta property=\"og:image:height\" content=\"477\" \/>\n\t<meta property=\"og:image:type\" content=\"image\/png\" \/>\n<meta name=\"author\" content=\"favorite-news\" \/>\n<meta name=\"twitter:card\" content=\"summary_large_image\" \/>\n<meta name=\"twitter:label1\" content=\"Escrito por\" \/>\n\t<meta name=\"twitter:data1\" content=\"favorite-news\" \/>\n\t<meta name=\"twitter:label2\" content=\"Tempo estimado de leitura\" \/>\n\t<meta name=\"twitter:data2\" content=\"2 minutos\" \/>\n<script type=\"application\/ld+json\" class=\"yoast-schema-graph\">{\"@context\":\"https:\\\/\\\/schema.org\",\"@graph\":[{\"@type\":\"Article\",\"@id\":\"https:\\\/\\\/favorite-news.com\\\/pt\\\/apste-acusa-autarcas-de-tras-os-montes-de-manterem-postura-umbiguista-que-podera-custar-milhares-de-postos-de-trabalho-meios-publicidade\\\/#article\",\"isPartOf\":{\"@id\":\"https:\\\/\\\/favorite-news.com\\\/pt\\\/apste-acusa-autarcas-de-tras-os-montes-de-manterem-postura-umbiguista-que-podera-custar-milhares-de-postos-de-trabalho-meios-publicidade\\\/\"},\"author\":{\"name\":\"favorite-news\",\"@id\":\"https:\\\/\\\/favorite-news.com\\\/pt\\\/#\\\/schema\\\/person\\\/b91573b717dcfa5e4696032a9d28d3e8\"},\"headline\":\"APSTE acusa autarcas de Tr\u00e1s-os-Montes de manterem \u201cpostura umbiguista que poder\u00e1 custar milhares de postos de trabalho\u201d &#8211; Meios &#038; Publicidade\",\"datePublished\":\"2021-05-22T09:30:50+00:00\",\"dateModified\":\"2021-05-22T09:30:52+00:00\",\"mainEntityOfPage\":{\"@id\":\"https:\\\/\\\/favorite-news.com\\\/pt\\\/apste-acusa-autarcas-de-tras-os-montes-de-manterem-postura-umbiguista-que-podera-custar-milhares-de-postos-de-trabalho-meios-publicidade\\\/\"},\"wordCount\":380,\"commentCount\":0,\"image\":{\"@id\":\"https:\\\/\\\/favorite-news.com\\\/pt\\\/apste-acusa-autarcas-de-tras-os-montes-de-manterem-postura-umbiguista-que-podera-custar-milhares-de-postos-de-trabalho-meios-publicidade\\\/#primaryimage\"},\"thumbnailUrl\":\"https:\\\/\\\/favorite-news.com\\\/pt\\\/wp-content\\\/uploads\\\/sites\\\/2\\\/2021\\\/05\\\/APSTE-O-futebol-parece-viver-numa-realidade-paralela-em-que.png\",\"articleSection\":[\"NOT\u00cdCIAS DE MARKETING NA INTERNET\"],\"inLanguage\":\"pt-PT\",\"potentialAction\":[{\"@type\":\"CommentAction\",\"name\":\"Comment\",\"target\":[\"https:\\\/\\\/favorite-news.com\\\/pt\\\/apste-acusa-autarcas-de-tras-os-montes-de-manterem-postura-umbiguista-que-podera-custar-milhares-de-postos-de-trabalho-meios-publicidade\\\/#respond\"]}]},{\"@type\":\"WebPage\",\"@id\":\"https:\\\/\\\/favorite-news.com\\\/pt\\\/apste-acusa-autarcas-de-tras-os-montes-de-manterem-postura-umbiguista-que-podera-custar-milhares-de-postos-de-trabalho-meios-publicidade\\\/\",\"url\":\"https:\\\/\\\/favorite-news.com\\\/pt\\\/apste-acusa-autarcas-de-tras-os-montes-de-manterem-postura-umbiguista-que-podera-custar-milhares-de-postos-de-trabalho-meios-publicidade\\\/\",\"name\":\"APSTE acusa autarcas de Tr\u00e1s-os-Montes de manterem \u201cpostura umbiguista que poder\u00e1 custar milhares de postos de trabalho\u201d - Meios & Publicidade - Favorite News\",\"isPartOf\":{\"@id\":\"https:\\\/\\\/favorite-news.com\\\/pt\\\/#website\"},\"primaryImageOfPage\":{\"@id\":\"https:\\\/\\\/favorite-news.com\\\/pt\\\/apste-acusa-autarcas-de-tras-os-montes-de-manterem-postura-umbiguista-que-podera-custar-milhares-de-postos-de-trabalho-meios-publicidade\\\/#primaryimage\"},\"image\":{\"@id\":\"https:\\\/\\\/favorite-news.com\\\/pt\\\/apste-acusa-autarcas-de-tras-os-montes-de-manterem-postura-umbiguista-que-podera-custar-milhares-de-postos-de-trabalho-meios-publicidade\\\/#primaryimage\"},\"thumbnailUrl\":\"https:\\\/\\\/favorite-news.com\\\/pt\\\/wp-content\\\/uploads\\\/sites\\\/2\\\/2021\\\/05\\\/APSTE-O-futebol-parece-viver-numa-realidade-paralela-em-que.png\",\"datePublished\":\"2021-05-22T09:30:50+00:00\",\"dateModified\":\"2021-05-22T09:30:52+00:00\",\"author\":{\"@id\":\"https:\\\/\\\/favorite-news.com\\\/pt\\\/#\\\/schema\\\/person\\\/b91573b717dcfa5e4696032a9d28d3e8\"},\"breadcrumb\":{\"@id\":\"https:\\\/\\\/favorite-news.com\\\/pt\\\/apste-acusa-autarcas-de-tras-os-montes-de-manterem-postura-umbiguista-que-podera-custar-milhares-de-postos-de-trabalho-meios-publicidade\\\/#breadcrumb\"},\"inLanguage\":\"pt-PT\",\"potentialAction\":[{\"@type\":\"ReadAction\",\"target\":[\"https:\\\/\\\/favorite-news.com\\\/pt\\\/apste-acusa-autarcas-de-tras-os-montes-de-manterem-postura-umbiguista-que-podera-custar-milhares-de-postos-de-trabalho-meios-publicidade\\\/\"]}]},{\"@type\":\"ImageObject\",\"inLanguage\":\"pt-PT\",\"@id\":\"https:\\\/\\\/favorite-news.com\\\/pt\\\/apste-acusa-autarcas-de-tras-os-montes-de-manterem-postura-umbiguista-que-podera-custar-milhares-de-postos-de-trabalho-meios-publicidade\\\/#primaryimage\",\"url\":\"https:\\\/\\\/favorite-news.com\\\/pt\\\/wp-content\\\/uploads\\\/sites\\\/2\\\/2021\\\/05\\\/APSTE-O-futebol-parece-viver-numa-realidade-paralela-em-que.png\",\"contentUrl\":\"https:\\\/\\\/favorite-news.com\\\/pt\\\/wp-content\\\/uploads\\\/sites\\\/2\\\/2021\\\/05\\\/APSTE-O-futebol-parece-viver-numa-realidade-paralela-em-que.png\",\"width\":451,\"height\":477,\"caption\":\"APSTE: \\\"O futebol parece viver numa realidade paralela em que tudo \u00e9 permitido\\\" - Meios & Publicidade\"},{\"@type\":\"BreadcrumbList\",\"@id\":\"https:\\\/\\\/favorite-news.com\\\/pt\\\/apste-acusa-autarcas-de-tras-os-montes-de-manterem-postura-umbiguista-que-podera-custar-milhares-de-postos-de-trabalho-meios-publicidade\\\/#breadcrumb\",\"itemListElement\":[{\"@type\":\"ListItem\",\"position\":1,\"name\":\"Home\",\"item\":\"https:\\\/\\\/favorite-news.com\\\/pt\\\/\"},{\"@type\":\"ListItem\",\"position\":2,\"name\":\"APSTE acusa autarcas de Tr\u00e1s-os-Montes de manterem \u201cpostura umbiguista que poder\u00e1 custar milhares de postos de trabalho\u201d &#8211; Meios &#038; Publicidade\"}]},{\"@type\":\"WebSite\",\"@id\":\"https:\\\/\\\/favorite-news.com\\\/pt\\\/#website\",\"url\":\"https:\\\/\\\/favorite-news.com\\\/pt\\\/\",\"name\":\"Favorite News\",\"description\":\"Favorite News Portugal\",\"potentialAction\":[{\"@type\":\"SearchAction\",\"target\":{\"@type\":\"EntryPoint\",\"urlTemplate\":\"https:\\\/\\\/favorite-news.com\\\/pt\\\/?s={search_term_string}\"},\"query-input\":{\"@type\":\"PropertyValueSpecification\",\"valueRequired\":true,\"valueName\":\"search_term_string\"}}],\"inLanguage\":\"pt-PT\"},{\"@type\":\"Person\",\"@id\":\"https:\\\/\\\/favorite-news.com\\\/pt\\\/#\\\/schema\\\/person\\\/b91573b717dcfa5e4696032a9d28d3e8\",\"name\":\"favorite-news\",\"image\":{\"@type\":\"ImageObject\",\"inLanguage\":\"pt-PT\",\"@id\":\"https:\\\/\\\/secure.gravatar.com\\\/avatar\\\/6c5a5cb12b74e9d517ee91cf570335b7d16177f1977cc91db161adfa435945a7?s=96&d=mm&r=g\",\"url\":\"https:\\\/\\\/secure.gravatar.com\\\/avatar\\\/6c5a5cb12b74e9d517ee91cf570335b7d16177f1977cc91db161adfa435945a7?s=96&d=mm&r=g\",\"contentUrl\":\"https:\\\/\\\/secure.gravatar.com\\\/avatar\\\/6c5a5cb12b74e9d517ee91cf570335b7d16177f1977cc91db161adfa435945a7?s=96&d=mm&r=g\",\"caption\":\"favorite-news\"},\"url\":\"https:\\\/\\\/favorite-news.com\\\/pt\\\/author\\\/pt\\\/\"}]}<\/script>\n<!-- \/ Yoast SEO plugin. -->","yoast_head_json":{"title":"APSTE acusa autarcas de Tr\u00e1s-os-Montes de manterem \u201cpostura umbiguista que poder\u00e1 custar milhares de postos de trabalho\u201d - Meios & Publicidade - Favorite News","robots":{"index":"index","follow":"follow","max-snippet":"max-snippet:-1","max-image-preview":"max-image-preview:large","max-video-preview":"max-video-preview:-1"},"canonical":"https:\/\/favorite-news.com\/pt\/apste-acusa-autarcas-de-tras-os-montes-de-manterem-postura-umbiguista-que-podera-custar-milhares-de-postos-de-trabalho-meios-publicidade\/","og_locale":"pt_PT","og_type":"article","og_title":"APSTE acusa autarcas de Tr\u00e1s-os-Montes de manterem \u201cpostura umbiguista que poder\u00e1 custar milhares de postos de trabalho\u201d - Meios & Publicidade - Favorite News","og_description":"Por Pedro Dur\u00e3es a 21 de Maio de 2021 Pedro Magalh\u00e3es, presidente da APSTE A decis\u00e3o de proibir a realiza\u00e7\u00e3o de eventos nos munic\u00edpios de Tr\u00e1s-os-Montes, alerta a Associa\u00e7\u00e3o Portuguesa de Servi\u00e7os T\u00e9cnicos para Eventos (APSTE), pode colocar em causa a retoma do sector e representa um risco para centenas de empresas e milhares de [&hellip;]","og_url":"https:\/\/favorite-news.com\/pt\/apste-acusa-autarcas-de-tras-os-montes-de-manterem-postura-umbiguista-que-podera-custar-milhares-de-postos-de-trabalho-meios-publicidade\/","og_site_name":"Favorite News","article_published_time":"2021-05-22T09:30:50+00:00","article_modified_time":"2021-05-22T09:30:52+00:00","og_image":[{"width":451,"height":477,"url":"https:\/\/favorite-news.com\/pt\/wp-content\/uploads\/sites\/2\/2021\/05\/APSTE-O-futebol-parece-viver-numa-realidade-paralela-em-que.png","type":"image\/png"}],"author":"favorite-news","twitter_card":"summary_large_image","twitter_misc":{"Escrito por":"favorite-news","Tempo estimado de leitura":"2 minutos"},"schema":{"@context":"https:\/\/schema.org","@graph":[{"@type":"Article","@id":"https:\/\/favorite-news.com\/pt\/apste-acusa-autarcas-de-tras-os-montes-de-manterem-postura-umbiguista-que-podera-custar-milhares-de-postos-de-trabalho-meios-publicidade\/#article","isPartOf":{"@id":"https:\/\/favorite-news.com\/pt\/apste-acusa-autarcas-de-tras-os-montes-de-manterem-postura-umbiguista-que-podera-custar-milhares-de-postos-de-trabalho-meios-publicidade\/"},"author":{"name":"favorite-news","@id":"https:\/\/favorite-news.com\/pt\/#\/schema\/person\/b91573b717dcfa5e4696032a9d28d3e8"},"headline":"APSTE acusa autarcas de Tr\u00e1s-os-Montes de manterem \u201cpostura umbiguista que poder\u00e1 custar milhares de postos de trabalho\u201d &#8211; Meios &#038; Publicidade","datePublished":"2021-05-22T09:30:50+00:00","dateModified":"2021-05-22T09:30:52+00:00","mainEntityOfPage":{"@id":"https:\/\/favorite-news.com\/pt\/apste-acusa-autarcas-de-tras-os-montes-de-manterem-postura-umbiguista-que-podera-custar-milhares-de-postos-de-trabalho-meios-publicidade\/"},"wordCount":380,"commentCount":0,"image":{"@id":"https:\/\/favorite-news.com\/pt\/apste-acusa-autarcas-de-tras-os-montes-de-manterem-postura-umbiguista-que-podera-custar-milhares-de-postos-de-trabalho-meios-publicidade\/#primaryimage"},"thumbnailUrl":"https:\/\/favorite-news.com\/pt\/wp-content\/uploads\/sites\/2\/2021\/05\/APSTE-O-futebol-parece-viver-numa-realidade-paralela-em-que.png","articleSection":["NOT\u00cdCIAS DE MARKETING NA INTERNET"],"inLanguage":"pt-PT","potentialAction":[{"@type":"CommentAction","name":"Comment","target":["https:\/\/favorite-news.com\/pt\/apste-acusa-autarcas-de-tras-os-montes-de-manterem-postura-umbiguista-que-podera-custar-milhares-de-postos-de-trabalho-meios-publicidade\/#respond"]}]},{"@type":"WebPage","@id":"https:\/\/favorite-news.com\/pt\/apste-acusa-autarcas-de-tras-os-montes-de-manterem-postura-umbiguista-que-podera-custar-milhares-de-postos-de-trabalho-meios-publicidade\/","url":"https:\/\/favorite-news.com\/pt\/apste-acusa-autarcas-de-tras-os-montes-de-manterem-postura-umbiguista-que-podera-custar-milhares-de-postos-de-trabalho-meios-publicidade\/","name":"APSTE acusa autarcas de Tr\u00e1s-os-Montes de manterem \u201cpostura umbiguista que poder\u00e1 custar milhares de postos de trabalho\u201d - Meios & Publicidade - Favorite News","isPartOf":{"@id":"https:\/\/favorite-news.com\/pt\/#website"},"primaryImageOfPage":{"@id":"https:\/\/favorite-news.com\/pt\/apste-acusa-autarcas-de-tras-os-montes-de-manterem-postura-umbiguista-que-podera-custar-milhares-de-postos-de-trabalho-meios-publicidade\/#primaryimage"},"image":{"@id":"https:\/\/favorite-news.com\/pt\/apste-acusa-autarcas-de-tras-os-montes-de-manterem-postura-umbiguista-que-podera-custar-milhares-de-postos-de-trabalho-meios-publicidade\/#primaryimage"},"thumbnailUrl":"https:\/\/favorite-news.com\/pt\/wp-content\/uploads\/sites\/2\/2021\/05\/APSTE-O-futebol-parece-viver-numa-realidade-paralela-em-que.png","datePublished":"2021-05-22T09:30:50+00:00","dateModified":"2021-05-22T09:30:52+00:00","author":{"@id":"https:\/\/favorite-news.com\/pt\/#\/schema\/person\/b91573b717dcfa5e4696032a9d28d3e8"},"breadcrumb":{"@id":"https:\/\/favorite-news.com\/pt\/apste-acusa-autarcas-de-tras-os-montes-de-manterem-postura-umbiguista-que-podera-custar-milhares-de-postos-de-trabalho-meios-publicidade\/#breadcrumb"},"inLanguage":"pt-PT","potentialAction":[{"@type":"ReadAction","target":["https:\/\/favorite-news.com\/pt\/apste-acusa-autarcas-de-tras-os-montes-de-manterem-postura-umbiguista-que-podera-custar-milhares-de-postos-de-trabalho-meios-publicidade\/"]}]},{"@type":"ImageObject","inLanguage":"pt-PT","@id":"https:\/\/favorite-news.com\/pt\/apste-acusa-autarcas-de-tras-os-montes-de-manterem-postura-umbiguista-que-podera-custar-milhares-de-postos-de-trabalho-meios-publicidade\/#primaryimage","url":"https:\/\/favorite-news.com\/pt\/wp-content\/uploads\/sites\/2\/2021\/05\/APSTE-O-futebol-parece-viver-numa-realidade-paralela-em-que.png","contentUrl":"https:\/\/favorite-news.com\/pt\/wp-content\/uploads\/sites\/2\/2021\/05\/APSTE-O-futebol-parece-viver-numa-realidade-paralela-em-que.png","width":451,"height":477,"caption":"APSTE: \"O futebol parece viver numa realidade paralela em que tudo \u00e9 permitido\" - Meios & Publicidade"},{"@type":"BreadcrumbList","@id":"https:\/\/favorite-news.com\/pt\/apste-acusa-autarcas-de-tras-os-montes-de-manterem-postura-umbiguista-que-podera-custar-milhares-de-postos-de-trabalho-meios-publicidade\/#breadcrumb","itemListElement":[{"@type":"ListItem","position":1,"name":"Home","item":"https:\/\/favorite-news.com\/pt\/"},{"@type":"ListItem","position":2,"name":"APSTE acusa autarcas de Tr\u00e1s-os-Montes de manterem \u201cpostura umbiguista que poder\u00e1 custar milhares de postos de trabalho\u201d &#8211; Meios &#038; Publicidade"}]},{"@type":"WebSite","@id":"https:\/\/favorite-news.com\/pt\/#website","url":"https:\/\/favorite-news.com\/pt\/","name":"Favorite News","description":"Favorite News Portugal","potentialAction":[{"@type":"SearchAction","target":{"@type":"EntryPoint","urlTemplate":"https:\/\/favorite-news.com\/pt\/?s={search_term_string}"},"query-input":{"@type":"PropertyValueSpecification","valueRequired":true,"valueName":"search_term_string"}}],"inLanguage":"pt-PT"},{"@type":"Person","@id":"https:\/\/favorite-news.com\/pt\/#\/schema\/person\/b91573b717dcfa5e4696032a9d28d3e8","name":"favorite-news","image":{"@type":"ImageObject","inLanguage":"pt-PT","@id":"https:\/\/secure.gravatar.com\/avatar\/6c5a5cb12b74e9d517ee91cf570335b7d16177f1977cc91db161adfa435945a7?s=96&d=mm&r=g","url":"https:\/\/secure.gravatar.com\/avatar\/6c5a5cb12b74e9d517ee91cf570335b7d16177f1977cc91db161adfa435945a7?s=96&d=mm&r=g","contentUrl":"https:\/\/secure.gravatar.com\/avatar\/6c5a5cb12b74e9d517ee91cf570335b7d16177f1977cc91db161adfa435945a7?s=96&d=mm&r=g","caption":"favorite-news"},"url":"https:\/\/favorite-news.com\/pt\/author\/pt\/"}]}},"_links":{"self":[{"href":"https:\/\/favorite-news.com\/pt\/wp-json\/wp\/v2\/posts\/10178","targetHints":{"allow":["GET"]}}],"collection":[{"href":"https:\/\/favorite-news.com\/pt\/wp-json\/wp\/v2\/posts"}],"about":[{"href":"https:\/\/favorite-news.com\/pt\/wp-json\/wp\/v2\/types\/post"}],"author":[{"embeddable":true,"href":"https:\/\/favorite-news.com\/pt\/wp-json\/wp\/v2\/users\/2"}],"replies":[{"embeddable":true,"href":"https:\/\/favorite-news.com\/pt\/wp-json\/wp\/v2\/comments?post=10178"}],"version-history":[{"count":1,"href":"https:\/\/favorite-news.com\/pt\/wp-json\/wp\/v2\/posts\/10178\/revisions"}],"predecessor-version":[{"id":10179,"href":"https:\/\/favorite-news.com\/pt\/wp-json\/wp\/v2\/posts\/10178\/revisions\/10179"}],"wp:featuredmedia":[{"embeddable":true,"href":"https:\/\/favorite-news.com\/pt\/wp-json\/wp\/v2\/media\/10121"}],"wp:attachment":[{"href":"https:\/\/favorite-news.com\/pt\/wp-json\/wp\/v2\/media?parent=10178"}],"wp:term":[{"taxonomy":"category","embeddable":true,"href":"https:\/\/favorite-news.com\/pt\/wp-json\/wp\/v2\/categories?post=10178"},{"taxonomy":"post_tag","embeddable":true,"href":"https:\/\/favorite-news.com\/pt\/wp-json\/wp\/v2\/tags?post=10178"}],"curies":[{"name":"wp","href":"https:\/\/api.w.org\/{rel}","templated":true}]}}