{"id":10144,"date":"2021-05-19T12:11:32","date_gmt":"2021-05-19T09:11:32","guid":{"rendered":"https:\/\/favorite-news.com\/pt\/50-novas-lojas-no-glicinias-plaza-de-aveiro-meios-publicidade\/"},"modified":"2021-05-19T12:11:36","modified_gmt":"2021-05-19T09:11:36","slug":"50-novas-lojas-no-glicinias-plaza-de-aveiro-meios-publicidade","status":"publish","type":"post","link":"https:\/\/favorite-news.com\/pt\/50-novas-lojas-no-glicinias-plaza-de-aveiro-meios-publicidade\/","title":{"rendered":"50 novas lojas no Glic\u00ednias Plaza de Aveiro &#8211; Meios &#038; Publicidade"},"content":{"rendered":"<p>\t\t\t\tPor Rui Oliveira Marques a 19 de Maio de 2021<\/p>\n<p>\t\t\tAs obras de expans\u00e3o do Glic\u00ednias Plaza est\u00e3o or\u00e7adas em 40 milh\u00f5es de euros, permitindo aumentar a \u00e1rea loc\u00e1vel para o dobro. O centro comercial reformulado, que ir\u00e1 abrir ao p\u00fablico em Outubro, totalizar\u00e1 120 lojas e 41 mil metros quadrados.<br \/>\nO centro comercial de Aveiro ter\u00e1 50 novas lojas. Entre as novidades est\u00e3o novos espa\u00e7os das marcas Cavalinho, Cortefiel, Lefties, New Yorker, Rituals, Springfield, Sportzone, Swarovski, Tiger, Women\u2019secret, Worten, assim como novos espa\u00e7os de restaura\u00e7\u00e3o de A Gula do Prego, H3, Italian Republic, KFC, Poke Bowls, Taco Bell ou a aveirense Alicarius. O investimento est\u00e1 a cargo da VougaInvest.<br \/>\nO complexo ter\u00e1 seis salas de cinema (eram sete antes das obras), mas o n\u00famero de lugares sentados passa dos 700 para os 1100.<\/p>\n<p>\n<!--noindex--><br \/>\n<a href=\"https:\/\/www.meiosepublicidade.pt\/2021\/05\/50-novas-lojas-no-glicinias-plaza-de-aveiro\/?utm_source=rss&#038;utm_medium=rss&#038;utm_campaign=50-novas-lojas-no-glicinias-plaza-de-aveiro\" rel=\"nofollow\">Source link <\/a><br \/>\n<!--\/noindex--><\/p>\n","protected":false},"excerpt":{"rendered":"<p>Por Rui Oliveira Marques a 19 de Maio de 2021 As obras de expans\u00e3o do Glic\u00ednias Plaza est\u00e3o or\u00e7adas em 40 milh\u00f5es de euros, permitindo aumentar a \u00e1rea loc\u00e1vel para o dobro. O centro comercial reformulado, que ir\u00e1 abrir ao p\u00fablico em Outubro, totalizar\u00e1 120 lojas e 41 mil metros quadrados. O centro comercial de [&hellip;]<\/p>\n","protected":false},"author":2,"featured_media":10145,"comment_status":"open","ping_status":"open","sticky":false,"template":"","format":"standard","meta":{"footnotes":""},"categories":[3],"tags":[],"class_list":["post-10144","post","type-post","status-publish","format-standard","has-post-thumbnail","hentry","category-noticias-de-marketing-na-internet"],"yoast_head":"<!-- This site is optimized with the Yoast SEO plugin v27.4 - https:\/\/yoast.com\/product\/yoast-seo-wordpress\/ -->\n<title>50 novas lojas no Glic\u00ednias Plaza de Aveiro - Meios &amp; Publicidade - Favorite News<\/title>\n<meta name=\"robots\" content=\"index, follow, max-snippet:-1, max-image-preview:large, max-video-preview:-1\" \/>\n<link rel=\"canonical\" href=\"https:\/\/favorite-news.com\/pt\/50-novas-lojas-no-glicinias-plaza-de-aveiro-meios-publicidade\/\" \/>\n<meta property=\"og:locale\" content=\"pt_PT\" \/>\n<meta property=\"og:type\" content=\"article\" \/>\n<meta property=\"og:title\" content=\"50 novas lojas no Glic\u00ednias Plaza de Aveiro - Meios &amp; Publicidade - Favorite News\" \/>\n<meta property=\"og:description\" content=\"Por Rui Oliveira Marques a 19 de Maio de 2021 As obras de expans\u00e3o do Glic\u00ednias Plaza est\u00e3o or\u00e7adas em 40 milh\u00f5es de euros, permitindo aumentar a \u00e1rea loc\u00e1vel para o dobro. O centro comercial reformulado, que ir\u00e1 abrir ao p\u00fablico em Outubro, totalizar\u00e1 120 lojas e 41 mil metros quadrados. O centro comercial de [&hellip;]\" \/>\n<meta property=\"og:url\" content=\"https:\/\/favorite-news.com\/pt\/50-novas-lojas-no-glicinias-plaza-de-aveiro-meios-publicidade\/\" \/>\n<meta property=\"og:site_name\" content=\"Favorite News\" \/>\n<meta property=\"article:published_time\" content=\"2021-05-19T09:11:32+00:00\" \/>\n<meta property=\"article:modified_time\" content=\"2021-05-19T09:11:36+00:00\" \/>\n<meta property=\"og:image\" content=\"https:\/\/favorite-news.com\/pt\/wp-content\/uploads\/sites\/2\/2021\/05\/50-novas-lojas-no-Glicinias-Plaza-de-Aveiro-Meios.jpg\" \/>\n\t<meta property=\"og:image:width\" content=\"1024\" \/>\n\t<meta property=\"og:image:height\" content=\"683\" \/>\n\t<meta property=\"og:image:type\" content=\"image\/jpeg\" \/>\n<meta name=\"author\" content=\"favorite-news\" \/>\n<meta name=\"twitter:card\" content=\"summary_large_image\" \/>\n<meta name=\"twitter:label1\" content=\"Escrito por\" \/>\n\t<meta name=\"twitter:data1\" content=\"favorite-news\" \/>\n\t<meta name=\"twitter:label2\" content=\"Tempo estimado de leitura\" \/>\n\t<meta name=\"twitter:data2\" content=\"1 minuto\" \/>\n<script type=\"application\/ld+json\" class=\"yoast-schema-graph\">{\"@context\":\"https:\\\/\\\/schema.org\",\"@graph\":[{\"@type\":\"Article\",\"@id\":\"https:\\\/\\\/favorite-news.com\\\/pt\\\/50-novas-lojas-no-glicinias-plaza-de-aveiro-meios-publicidade\\\/#article\",\"isPartOf\":{\"@id\":\"https:\\\/\\\/favorite-news.com\\\/pt\\\/50-novas-lojas-no-glicinias-plaza-de-aveiro-meios-publicidade\\\/\"},\"author\":{\"name\":\"favorite-news\",\"@id\":\"https:\\\/\\\/favorite-news.com\\\/pt\\\/#\\\/schema\\\/person\\\/b91573b717dcfa5e4696032a9d28d3e8\"},\"headline\":\"50 novas lojas no Glic\u00ednias Plaza de Aveiro &#8211; Meios &#038; Publicidade\",\"datePublished\":\"2021-05-19T09:11:32+00:00\",\"dateModified\":\"2021-05-19T09:11:36+00:00\",\"mainEntityOfPage\":{\"@id\":\"https:\\\/\\\/favorite-news.com\\\/pt\\\/50-novas-lojas-no-glicinias-plaza-de-aveiro-meios-publicidade\\\/\"},\"wordCount\":152,\"commentCount\":0,\"image\":{\"@id\":\"https:\\\/\\\/favorite-news.com\\\/pt\\\/50-novas-lojas-no-glicinias-plaza-de-aveiro-meios-publicidade\\\/#primaryimage\"},\"thumbnailUrl\":\"https:\\\/\\\/favorite-news.com\\\/pt\\\/wp-content\\\/uploads\\\/sites\\\/2\\\/2021\\\/05\\\/50-novas-lojas-no-Glicinias-Plaza-de-Aveiro-Meios.jpg\",\"articleSection\":[\"NOT\u00cdCIAS DE MARKETING NA INTERNET\"],\"inLanguage\":\"pt-PT\",\"potentialAction\":[{\"@type\":\"CommentAction\",\"name\":\"Comment\",\"target\":[\"https:\\\/\\\/favorite-news.com\\\/pt\\\/50-novas-lojas-no-glicinias-plaza-de-aveiro-meios-publicidade\\\/#respond\"]}]},{\"@type\":\"WebPage\",\"@id\":\"https:\\\/\\\/favorite-news.com\\\/pt\\\/50-novas-lojas-no-glicinias-plaza-de-aveiro-meios-publicidade\\\/\",\"url\":\"https:\\\/\\\/favorite-news.com\\\/pt\\\/50-novas-lojas-no-glicinias-plaza-de-aveiro-meios-publicidade\\\/\",\"name\":\"50 novas lojas no Glic\u00ednias Plaza de Aveiro - Meios & Publicidade - Favorite News\",\"isPartOf\":{\"@id\":\"https:\\\/\\\/favorite-news.com\\\/pt\\\/#website\"},\"primaryImageOfPage\":{\"@id\":\"https:\\\/\\\/favorite-news.com\\\/pt\\\/50-novas-lojas-no-glicinias-plaza-de-aveiro-meios-publicidade\\\/#primaryimage\"},\"image\":{\"@id\":\"https:\\\/\\\/favorite-news.com\\\/pt\\\/50-novas-lojas-no-glicinias-plaza-de-aveiro-meios-publicidade\\\/#primaryimage\"},\"thumbnailUrl\":\"https:\\\/\\\/favorite-news.com\\\/pt\\\/wp-content\\\/uploads\\\/sites\\\/2\\\/2021\\\/05\\\/50-novas-lojas-no-Glicinias-Plaza-de-Aveiro-Meios.jpg\",\"datePublished\":\"2021-05-19T09:11:32+00:00\",\"dateModified\":\"2021-05-19T09:11:36+00:00\",\"author\":{\"@id\":\"https:\\\/\\\/favorite-news.com\\\/pt\\\/#\\\/schema\\\/person\\\/b91573b717dcfa5e4696032a9d28d3e8\"},\"breadcrumb\":{\"@id\":\"https:\\\/\\\/favorite-news.com\\\/pt\\\/50-novas-lojas-no-glicinias-plaza-de-aveiro-meios-publicidade\\\/#breadcrumb\"},\"inLanguage\":\"pt-PT\",\"potentialAction\":[{\"@type\":\"ReadAction\",\"target\":[\"https:\\\/\\\/favorite-news.com\\\/pt\\\/50-novas-lojas-no-glicinias-plaza-de-aveiro-meios-publicidade\\\/\"]}]},{\"@type\":\"ImageObject\",\"inLanguage\":\"pt-PT\",\"@id\":\"https:\\\/\\\/favorite-news.com\\\/pt\\\/50-novas-lojas-no-glicinias-plaza-de-aveiro-meios-publicidade\\\/#primaryimage\",\"url\":\"https:\\\/\\\/favorite-news.com\\\/pt\\\/wp-content\\\/uploads\\\/sites\\\/2\\\/2021\\\/05\\\/50-novas-lojas-no-Glicinias-Plaza-de-Aveiro-Meios.jpg\",\"contentUrl\":\"https:\\\/\\\/favorite-news.com\\\/pt\\\/wp-content\\\/uploads\\\/sites\\\/2\\\/2021\\\/05\\\/50-novas-lojas-no-Glicinias-Plaza-de-Aveiro-Meios.jpg\",\"width\":1024,\"height\":683,\"caption\":\"50 novas lojas no Glic\u00ednias Plaza de Aveiro - Meios & Publicidade\"},{\"@type\":\"BreadcrumbList\",\"@id\":\"https:\\\/\\\/favorite-news.com\\\/pt\\\/50-novas-lojas-no-glicinias-plaza-de-aveiro-meios-publicidade\\\/#breadcrumb\",\"itemListElement\":[{\"@type\":\"ListItem\",\"position\":1,\"name\":\"Home\",\"item\":\"https:\\\/\\\/favorite-news.com\\\/pt\\\/\"},{\"@type\":\"ListItem\",\"position\":2,\"name\":\"50 novas lojas no Glic\u00ednias Plaza de Aveiro &#8211; Meios &#038; Publicidade\"}]},{\"@type\":\"WebSite\",\"@id\":\"https:\\\/\\\/favorite-news.com\\\/pt\\\/#website\",\"url\":\"https:\\\/\\\/favorite-news.com\\\/pt\\\/\",\"name\":\"Favorite News\",\"description\":\"Favorite News Portugal\",\"potentialAction\":[{\"@type\":\"SearchAction\",\"target\":{\"@type\":\"EntryPoint\",\"urlTemplate\":\"https:\\\/\\\/favorite-news.com\\\/pt\\\/?s={search_term_string}\"},\"query-input\":{\"@type\":\"PropertyValueSpecification\",\"valueRequired\":true,\"valueName\":\"search_term_string\"}}],\"inLanguage\":\"pt-PT\"},{\"@type\":\"Person\",\"@id\":\"https:\\\/\\\/favorite-news.com\\\/pt\\\/#\\\/schema\\\/person\\\/b91573b717dcfa5e4696032a9d28d3e8\",\"name\":\"favorite-news\",\"image\":{\"@type\":\"ImageObject\",\"inLanguage\":\"pt-PT\",\"@id\":\"https:\\\/\\\/secure.gravatar.com\\\/avatar\\\/6c5a5cb12b74e9d517ee91cf570335b7d16177f1977cc91db161adfa435945a7?s=96&d=mm&r=g\",\"url\":\"https:\\\/\\\/secure.gravatar.com\\\/avatar\\\/6c5a5cb12b74e9d517ee91cf570335b7d16177f1977cc91db161adfa435945a7?s=96&d=mm&r=g\",\"contentUrl\":\"https:\\\/\\\/secure.gravatar.com\\\/avatar\\\/6c5a5cb12b74e9d517ee91cf570335b7d16177f1977cc91db161adfa435945a7?s=96&d=mm&r=g\",\"caption\":\"favorite-news\"},\"url\":\"https:\\\/\\\/favorite-news.com\\\/pt\\\/author\\\/pt\\\/\"}]}<\/script>\n<!-- \/ Yoast SEO plugin. -->","yoast_head_json":{"title":"50 novas lojas no Glic\u00ednias Plaza de Aveiro - Meios & Publicidade - Favorite News","robots":{"index":"index","follow":"follow","max-snippet":"max-snippet:-1","max-image-preview":"max-image-preview:large","max-video-preview":"max-video-preview:-1"},"canonical":"https:\/\/favorite-news.com\/pt\/50-novas-lojas-no-glicinias-plaza-de-aveiro-meios-publicidade\/","og_locale":"pt_PT","og_type":"article","og_title":"50 novas lojas no Glic\u00ednias Plaza de Aveiro - Meios & Publicidade - Favorite News","og_description":"Por Rui Oliveira Marques a 19 de Maio de 2021 As obras de expans\u00e3o do Glic\u00ednias Plaza est\u00e3o or\u00e7adas em 40 milh\u00f5es de euros, permitindo aumentar a \u00e1rea loc\u00e1vel para o dobro. O centro comercial reformulado, que ir\u00e1 abrir ao p\u00fablico em Outubro, totalizar\u00e1 120 lojas e 41 mil metros quadrados. O centro comercial de [&hellip;]","og_url":"https:\/\/favorite-news.com\/pt\/50-novas-lojas-no-glicinias-plaza-de-aveiro-meios-publicidade\/","og_site_name":"Favorite News","article_published_time":"2021-05-19T09:11:32+00:00","article_modified_time":"2021-05-19T09:11:36+00:00","og_image":[{"width":1024,"height":683,"url":"https:\/\/favorite-news.com\/pt\/wp-content\/uploads\/sites\/2\/2021\/05\/50-novas-lojas-no-Glicinias-Plaza-de-Aveiro-Meios.jpg","type":"image\/jpeg"}],"author":"favorite-news","twitter_card":"summary_large_image","twitter_misc":{"Escrito por":"favorite-news","Tempo estimado de leitura":"1 minuto"},"schema":{"@context":"https:\/\/schema.org","@graph":[{"@type":"Article","@id":"https:\/\/favorite-news.com\/pt\/50-novas-lojas-no-glicinias-plaza-de-aveiro-meios-publicidade\/#article","isPartOf":{"@id":"https:\/\/favorite-news.com\/pt\/50-novas-lojas-no-glicinias-plaza-de-aveiro-meios-publicidade\/"},"author":{"name":"favorite-news","@id":"https:\/\/favorite-news.com\/pt\/#\/schema\/person\/b91573b717dcfa5e4696032a9d28d3e8"},"headline":"50 novas lojas no Glic\u00ednias Plaza de Aveiro &#8211; Meios &#038; Publicidade","datePublished":"2021-05-19T09:11:32+00:00","dateModified":"2021-05-19T09:11:36+00:00","mainEntityOfPage":{"@id":"https:\/\/favorite-news.com\/pt\/50-novas-lojas-no-glicinias-plaza-de-aveiro-meios-publicidade\/"},"wordCount":152,"commentCount":0,"image":{"@id":"https:\/\/favorite-news.com\/pt\/50-novas-lojas-no-glicinias-plaza-de-aveiro-meios-publicidade\/#primaryimage"},"thumbnailUrl":"https:\/\/favorite-news.com\/pt\/wp-content\/uploads\/sites\/2\/2021\/05\/50-novas-lojas-no-Glicinias-Plaza-de-Aveiro-Meios.jpg","articleSection":["NOT\u00cdCIAS DE MARKETING NA INTERNET"],"inLanguage":"pt-PT","potentialAction":[{"@type":"CommentAction","name":"Comment","target":["https:\/\/favorite-news.com\/pt\/50-novas-lojas-no-glicinias-plaza-de-aveiro-meios-publicidade\/#respond"]}]},{"@type":"WebPage","@id":"https:\/\/favorite-news.com\/pt\/50-novas-lojas-no-glicinias-plaza-de-aveiro-meios-publicidade\/","url":"https:\/\/favorite-news.com\/pt\/50-novas-lojas-no-glicinias-plaza-de-aveiro-meios-publicidade\/","name":"50 novas lojas no Glic\u00ednias Plaza de Aveiro - Meios & Publicidade - Favorite News","isPartOf":{"@id":"https:\/\/favorite-news.com\/pt\/#website"},"primaryImageOfPage":{"@id":"https:\/\/favorite-news.com\/pt\/50-novas-lojas-no-glicinias-plaza-de-aveiro-meios-publicidade\/#primaryimage"},"image":{"@id":"https:\/\/favorite-news.com\/pt\/50-novas-lojas-no-glicinias-plaza-de-aveiro-meios-publicidade\/#primaryimage"},"thumbnailUrl":"https:\/\/favorite-news.com\/pt\/wp-content\/uploads\/sites\/2\/2021\/05\/50-novas-lojas-no-Glicinias-Plaza-de-Aveiro-Meios.jpg","datePublished":"2021-05-19T09:11:32+00:00","dateModified":"2021-05-19T09:11:36+00:00","author":{"@id":"https:\/\/favorite-news.com\/pt\/#\/schema\/person\/b91573b717dcfa5e4696032a9d28d3e8"},"breadcrumb":{"@id":"https:\/\/favorite-news.com\/pt\/50-novas-lojas-no-glicinias-plaza-de-aveiro-meios-publicidade\/#breadcrumb"},"inLanguage":"pt-PT","potentialAction":[{"@type":"ReadAction","target":["https:\/\/favorite-news.com\/pt\/50-novas-lojas-no-glicinias-plaza-de-aveiro-meios-publicidade\/"]}]},{"@type":"ImageObject","inLanguage":"pt-PT","@id":"https:\/\/favorite-news.com\/pt\/50-novas-lojas-no-glicinias-plaza-de-aveiro-meios-publicidade\/#primaryimage","url":"https:\/\/favorite-news.com\/pt\/wp-content\/uploads\/sites\/2\/2021\/05\/50-novas-lojas-no-Glicinias-Plaza-de-Aveiro-Meios.jpg","contentUrl":"https:\/\/favorite-news.com\/pt\/wp-content\/uploads\/sites\/2\/2021\/05\/50-novas-lojas-no-Glicinias-Plaza-de-Aveiro-Meios.jpg","width":1024,"height":683,"caption":"50 novas lojas no Glic\u00ednias Plaza de Aveiro - Meios & Publicidade"},{"@type":"BreadcrumbList","@id":"https:\/\/favorite-news.com\/pt\/50-novas-lojas-no-glicinias-plaza-de-aveiro-meios-publicidade\/#breadcrumb","itemListElement":[{"@type":"ListItem","position":1,"name":"Home","item":"https:\/\/favorite-news.com\/pt\/"},{"@type":"ListItem","position":2,"name":"50 novas lojas no Glic\u00ednias Plaza de Aveiro &#8211; Meios &#038; Publicidade"}]},{"@type":"WebSite","@id":"https:\/\/favorite-news.com\/pt\/#website","url":"https:\/\/favorite-news.com\/pt\/","name":"Favorite News","description":"Favorite News Portugal","potentialAction":[{"@type":"SearchAction","target":{"@type":"EntryPoint","urlTemplate":"https:\/\/favorite-news.com\/pt\/?s={search_term_string}"},"query-input":{"@type":"PropertyValueSpecification","valueRequired":true,"valueName":"search_term_string"}}],"inLanguage":"pt-PT"},{"@type":"Person","@id":"https:\/\/favorite-news.com\/pt\/#\/schema\/person\/b91573b717dcfa5e4696032a9d28d3e8","name":"favorite-news","image":{"@type":"ImageObject","inLanguage":"pt-PT","@id":"https:\/\/secure.gravatar.com\/avatar\/6c5a5cb12b74e9d517ee91cf570335b7d16177f1977cc91db161adfa435945a7?s=96&d=mm&r=g","url":"https:\/\/secure.gravatar.com\/avatar\/6c5a5cb12b74e9d517ee91cf570335b7d16177f1977cc91db161adfa435945a7?s=96&d=mm&r=g","contentUrl":"https:\/\/secure.gravatar.com\/avatar\/6c5a5cb12b74e9d517ee91cf570335b7d16177f1977cc91db161adfa435945a7?s=96&d=mm&r=g","caption":"favorite-news"},"url":"https:\/\/favorite-news.com\/pt\/author\/pt\/"}]}},"_links":{"self":[{"href":"https:\/\/favorite-news.com\/pt\/wp-json\/wp\/v2\/posts\/10144","targetHints":{"allow":["GET"]}}],"collection":[{"href":"https:\/\/favorite-news.com\/pt\/wp-json\/wp\/v2\/posts"}],"about":[{"href":"https:\/\/favorite-news.com\/pt\/wp-json\/wp\/v2\/types\/post"}],"author":[{"embeddable":true,"href":"https:\/\/favorite-news.com\/pt\/wp-json\/wp\/v2\/users\/2"}],"replies":[{"embeddable":true,"href":"https:\/\/favorite-news.com\/pt\/wp-json\/wp\/v2\/comments?post=10144"}],"version-history":[{"count":1,"href":"https:\/\/favorite-news.com\/pt\/wp-json\/wp\/v2\/posts\/10144\/revisions"}],"predecessor-version":[{"id":10146,"href":"https:\/\/favorite-news.com\/pt\/wp-json\/wp\/v2\/posts\/10144\/revisions\/10146"}],"wp:featuredmedia":[{"embeddable":true,"href":"https:\/\/favorite-news.com\/pt\/wp-json\/wp\/v2\/media\/10145"}],"wp:attachment":[{"href":"https:\/\/favorite-news.com\/pt\/wp-json\/wp\/v2\/media?parent=10144"}],"wp:term":[{"taxonomy":"category","embeddable":true,"href":"https:\/\/favorite-news.com\/pt\/wp-json\/wp\/v2\/categories?post=10144"},{"taxonomy":"post_tag","embeddable":true,"href":"https:\/\/favorite-news.com\/pt\/wp-json\/wp\/v2\/tags?post=10144"}],"curies":[{"name":"wp","href":"https:\/\/api.w.org\/{rel}","templated":true}]}}