{"id":960,"date":"2019-05-27T19:44:58","date_gmt":"2019-05-27T16:44:58","guid":{"rendered":"https:\/\/favorite-news.com\/pl\/unilever-opracowal-nowa-technologie-recyklingu-czarnego-plastiku\/"},"modified":"2019-05-27T19:44:59","modified_gmt":"2019-05-27T16:44:59","slug":"unilever-opracowal-nowa-technologie-recyklingu-czarnego-plastiku","status":"publish","type":"post","link":"https:\/\/favorite-news.com\/pl\/unilever-opracowal-nowa-technologie-recyklingu-czarnego-plastiku\/","title":{"rendered":"Unilever opracowa\u0142 now\u0105 technologi\u0119 recyklingu czarnego plastiku"},"content":{"rendered":"<p> [ad_1]<br \/>\n<\/p>\n<div id=\"\">\n<p><strong>Obecnie do produkcji czarnego plastiku u\u017cywa si\u0119 pigmentu \u201ecarbon black\u201d kt\u00f3ry poch\u0142ania wi\u0105zki bliskiej podczerwieni wykorzystywanej do sortowania odpad\u00f3w.<\/strong> W konsekwencji maszyny segreguj\u0105ce nie s\u0105 w stanie odr\u00f3\u017cni\u0107 czarnego pigmentu, a tony plastiku trafiaj\u0105 do odpad\u00f3w mieszanych i nie zostaj\u0105 poddane recyklingowi. Nowa technologia opracowana przez Unilever umo\u017cliwi odpowiednie sortowanie czarnego plastiku i tym samym w\u0142\u0105czy go do obiegu zamkni\u0119tego.<\/p>\n<p>&#13;<br \/>\n&#13;<\/p>\n<p>Eksperci Unilevera opracowali now\u0105 receptur\u0119 czarnego pigmentu. Jest ju\u017c u\u017cywany do produkcji butelek z HDPE (polietylenu o wysokiej g\u0119sto\u015bci) dla kosmetyk\u00f3w TRESemme i Lynx (Axe). Dzi\u0119ki swojej formule, pigment stanie si\u0119 widoczny dla skanera w trakcie sortowania. Co za tym idzie, mo\u017cliwe jest jego skuteczne sortowanie i odzyskiwanie.<\/p>\n<p>&#13;<br \/>\n&#13;<\/p>\n<p><strong>W 2019 roku opakowania oparte na nowej metodzie zostan\u0105 wprowadzone w Wielkiej Brytanii.<\/strong><\/p>\n<p>&#13;<br \/>\n&#13;<\/p>\n<p>W wielu sklepach dost\u0119pne s\u0105 ju\u017c nowe butelki kosmetyk\u00f3w TRESemme, a nied\u0142ugo do\u0142\u0105cz\u0105 do niej produkty Lynx (Axe). Do ko\u0144ca roku opakowania obu marek b\u0119d\u0105 sk\u0142ada\u0142y si\u0119 w 30 proc. z plastiku przetworzonego.<\/p>\n<p>&#13;<br \/>\n&#13;<\/p>\n<p><span style=\"font-size:20px;\"><strong>Unilever udost\u0119pni now\u0105 technologi\u0119 czarnego plastiku<\/strong><\/span><\/p>\n<p>&#13;<br \/>\n&#13;<\/p>\n<p>Unilever przeprowadzi\u0142 badania we wsp\u00f3\u0142pracy z RECOUP (organem zajmuj\u0105cym si\u0119 recyklingiem tworzyw sztucznych) oraz partnerami w zarz\u0105dzaniu odpadami Veolia, Viridor, Suez i TOMRA.Testy dowiod\u0142y, \u017ce nowy pigment jest mo\u017cliwy do wykrycia w zak\u0142adach recyklingu materia\u0142\u00f3w na terenie Wielkiej Brytanii. Technologia zostanie tak\u017ce udost\u0119pniona innym, ch\u0119tnym producentom.<\/p>\n<p>&#13;<br \/>\n                            &#13;<br \/>\n&#13;<br \/>\n                            &#13;<br \/>\n&#13;<br \/>\n&#13;<br \/>\n&#13;<br \/>\n&#13;<br \/>\n&#13;<br \/>\n                            &#13;<br \/>\n                                                            &#13;<br \/>\n&#13;<br \/>\n                            &#13;\n                        <\/p><\/div>\n<p><script>(function (d, s, id) {\n        var js, fjs = d.getElementsByTagName(s)[0];\n        if (d.getElementById(id)) return;\n        js = d.createElement(s);\n        js.id = id;\n        js.src = \"http:\/\/connect.facebook.net\/pl_PL\/sdk.js#xfbml=1&version=v2.6&appId=297996717062470\";\n        fjs.parentNode.insertBefore(js, fjs);\n    }(document, 'script', 'facebook-jssdk'));<\/script><br \/>\n<br \/>[ad_2]<br \/>\n<br \/><a href=\"https:\/\/www.wirtualnemedia.pl\/artykul\/unilever-opracowal-nowa-technologie-recyklingu-czarnego-plastiku\">Source link <\/a><\/p>\n","protected":false},"excerpt":{"rendered":"<p>[ad_1] Obecnie do produkcji czarnego plastiku u\u017cywa si\u0119 pigmentu \u201ecarbon black\u201d kt\u00f3ry poch\u0142ania wi\u0105zki bliskiej podczerwieni wykorzystywanej do sortowania odpad\u00f3w. W konsekwencji maszyny segreguj\u0105ce nie s\u0105 w stanie odr\u00f3\u017cni\u0107 czarnego pigmentu, a tony plastiku trafiaj\u0105 do odpad\u00f3w mieszanych i nie zostaj\u0105 poddane recyklingowi. Nowa technologia opracowana przez Unilever umo\u017cliwi odpowiednie sortowanie czarnego plastiku i tym [&hellip;]<\/p>\n","protected":false},"author":2,"featured_media":961,"comment_status":"open","ping_status":"open","sticky":false,"template":"","format":"standard","meta":{"footnotes":""},"categories":[2],"tags":[],"class_list":["post-960","post","type-post","status-publish","format-standard","has-post-thumbnail","hentry","category-wiadomosci-marketingowe-internetowe"],"yoast_head":"<!-- This site is optimized with the Yoast SEO plugin v27.4 - https:\/\/yoast.com\/product\/yoast-seo-wordpress\/ -->\n<title>Unilever opracowa\u0142 now\u0105 technologi\u0119 recyklingu czarnego plastiku - Favorite News<\/title>\n<meta name=\"robots\" content=\"index, follow, max-snippet:-1, max-image-preview:large, max-video-preview:-1\" \/>\n<link rel=\"canonical\" href=\"https:\/\/favorite-news.com\/pl\/unilever-opracowal-nowa-technologie-recyklingu-czarnego-plastiku\/\" \/>\n<meta property=\"og:locale\" content=\"pl_PL\" \/>\n<meta property=\"og:type\" content=\"article\" \/>\n<meta property=\"og:title\" content=\"Unilever opracowa\u0142 now\u0105 technologi\u0119 recyklingu czarnego plastiku - Favorite News\" \/>\n<meta property=\"og:description\" content=\"[ad_1] Obecnie do produkcji czarnego plastiku u\u017cywa si\u0119 pigmentu \u201ecarbon black\u201d kt\u00f3ry poch\u0142ania wi\u0105zki bliskiej podczerwieni wykorzystywanej do sortowania odpad\u00f3w. W konsekwencji maszyny segreguj\u0105ce nie s\u0105 w stanie odr\u00f3\u017cni\u0107 czarnego pigmentu, a tony plastiku trafiaj\u0105 do odpad\u00f3w mieszanych i nie zostaj\u0105 poddane recyklingowi. Nowa technologia opracowana przez Unilever umo\u017cliwi odpowiednie sortowanie czarnego plastiku i tym [&hellip;]\" \/>\n<meta property=\"og:url\" content=\"https:\/\/favorite-news.com\/pl\/unilever-opracowal-nowa-technologie-recyklingu-czarnego-plastiku\/\" \/>\n<meta property=\"og:site_name\" content=\"Favorite News\" \/>\n<meta property=\"article:published_time\" content=\"2019-05-27T16:44:58+00:00\" \/>\n<meta property=\"article:modified_time\" content=\"2019-05-27T16:44:59+00:00\" \/>\n<meta property=\"og:image\" content=\"https:\/\/favorite-news.com\/pl\/wp-content\/uploads\/sites\/6\/2019\/05\/Unilever-opracowa\u0142-now\u0105-technologi\u0119-recyklingu-czarnego-plastiku.png\" \/>\n\t<meta property=\"og:image:width\" content=\"655\" \/>\n\t<meta property=\"og:image:height\" content=\"461\" \/>\n\t<meta property=\"og:image:type\" content=\"image\/png\" \/>\n<meta name=\"author\" content=\"favorite-news\" \/>\n<meta name=\"twitter:card\" content=\"summary_large_image\" \/>\n<meta name=\"twitter:label1\" content=\"Napisane przez\" \/>\n\t<meta name=\"twitter:data1\" content=\"favorite-news\" \/>\n\t<meta name=\"twitter:label2\" content=\"Szacowany czas czytania\" \/>\n\t<meta name=\"twitter:data2\" content=\"1 minuta\" \/>\n<script type=\"application\/ld+json\" class=\"yoast-schema-graph\">{\"@context\":\"https:\\\/\\\/schema.org\",\"@graph\":[{\"@type\":\"Article\",\"@id\":\"https:\\\/\\\/favorite-news.com\\\/pl\\\/unilever-opracowal-nowa-technologie-recyklingu-czarnego-plastiku\\\/#article\",\"isPartOf\":{\"@id\":\"https:\\\/\\\/favorite-news.com\\\/pl\\\/unilever-opracowal-nowa-technologie-recyklingu-czarnego-plastiku\\\/\"},\"author\":{\"name\":\"favorite-news\",\"@id\":\"https:\\\/\\\/favorite-news.com\\\/pl\\\/#\\\/schema\\\/person\\\/b91573b717dcfa5e4696032a9d28d3e8\"},\"headline\":\"Unilever opracowa\u0142 now\u0105 technologi\u0119 recyklingu czarnego plastiku\",\"datePublished\":\"2019-05-27T16:44:58+00:00\",\"dateModified\":\"2019-05-27T16:44:59+00:00\",\"mainEntityOfPage\":{\"@id\":\"https:\\\/\\\/favorite-news.com\\\/pl\\\/unilever-opracowal-nowa-technologie-recyklingu-czarnego-plastiku\\\/\"},\"wordCount\":252,\"commentCount\":0,\"image\":{\"@id\":\"https:\\\/\\\/favorite-news.com\\\/pl\\\/unilever-opracowal-nowa-technologie-recyklingu-czarnego-plastiku\\\/#primaryimage\"},\"thumbnailUrl\":\"https:\\\/\\\/favorite-news.com\\\/pl\\\/wp-content\\\/uploads\\\/sites\\\/6\\\/2019\\\/05\\\/Unilever-opracowa\u0142-now\u0105-technologi\u0119-recyklingu-czarnego-plastiku.png\",\"articleSection\":[\"WIADOMO\u015aCI MARKETINGOWE INTERNETOWE\"],\"inLanguage\":\"pl-PL\",\"potentialAction\":[{\"@type\":\"CommentAction\",\"name\":\"Comment\",\"target\":[\"https:\\\/\\\/favorite-news.com\\\/pl\\\/unilever-opracowal-nowa-technologie-recyklingu-czarnego-plastiku\\\/#respond\"]}]},{\"@type\":\"WebPage\",\"@id\":\"https:\\\/\\\/favorite-news.com\\\/pl\\\/unilever-opracowal-nowa-technologie-recyklingu-czarnego-plastiku\\\/\",\"url\":\"https:\\\/\\\/favorite-news.com\\\/pl\\\/unilever-opracowal-nowa-technologie-recyklingu-czarnego-plastiku\\\/\",\"name\":\"Unilever opracowa\u0142 now\u0105 technologi\u0119 recyklingu czarnego plastiku - Favorite News\",\"isPartOf\":{\"@id\":\"https:\\\/\\\/favorite-news.com\\\/pl\\\/#website\"},\"primaryImageOfPage\":{\"@id\":\"https:\\\/\\\/favorite-news.com\\\/pl\\\/unilever-opracowal-nowa-technologie-recyklingu-czarnego-plastiku\\\/#primaryimage\"},\"image\":{\"@id\":\"https:\\\/\\\/favorite-news.com\\\/pl\\\/unilever-opracowal-nowa-technologie-recyklingu-czarnego-plastiku\\\/#primaryimage\"},\"thumbnailUrl\":\"https:\\\/\\\/favorite-news.com\\\/pl\\\/wp-content\\\/uploads\\\/sites\\\/6\\\/2019\\\/05\\\/Unilever-opracowa\u0142-now\u0105-technologi\u0119-recyklingu-czarnego-plastiku.png\",\"datePublished\":\"2019-05-27T16:44:58+00:00\",\"dateModified\":\"2019-05-27T16:44:59+00:00\",\"author\":{\"@id\":\"https:\\\/\\\/favorite-news.com\\\/pl\\\/#\\\/schema\\\/person\\\/b91573b717dcfa5e4696032a9d28d3e8\"},\"breadcrumb\":{\"@id\":\"https:\\\/\\\/favorite-news.com\\\/pl\\\/unilever-opracowal-nowa-technologie-recyklingu-czarnego-plastiku\\\/#breadcrumb\"},\"inLanguage\":\"pl-PL\",\"potentialAction\":[{\"@type\":\"ReadAction\",\"target\":[\"https:\\\/\\\/favorite-news.com\\\/pl\\\/unilever-opracowal-nowa-technologie-recyklingu-czarnego-plastiku\\\/\"]}]},{\"@type\":\"ImageObject\",\"inLanguage\":\"pl-PL\",\"@id\":\"https:\\\/\\\/favorite-news.com\\\/pl\\\/unilever-opracowal-nowa-technologie-recyklingu-czarnego-plastiku\\\/#primaryimage\",\"url\":\"https:\\\/\\\/favorite-news.com\\\/pl\\\/wp-content\\\/uploads\\\/sites\\\/6\\\/2019\\\/05\\\/Unilever-opracowa\u0142-now\u0105-technologi\u0119-recyklingu-czarnego-plastiku.png\",\"contentUrl\":\"https:\\\/\\\/favorite-news.com\\\/pl\\\/wp-content\\\/uploads\\\/sites\\\/6\\\/2019\\\/05\\\/Unilever-opracowa\u0142-now\u0105-technologi\u0119-recyklingu-czarnego-plastiku.png\",\"width\":655,\"height\":461,\"caption\":\"Article\"},{\"@type\":\"BreadcrumbList\",\"@id\":\"https:\\\/\\\/favorite-news.com\\\/pl\\\/unilever-opracowal-nowa-technologie-recyklingu-czarnego-plastiku\\\/#breadcrumb\",\"itemListElement\":[{\"@type\":\"ListItem\",\"position\":1,\"name\":\"Home\",\"item\":\"https:\\\/\\\/favorite-news.com\\\/pl\\\/\"},{\"@type\":\"ListItem\",\"position\":2,\"name\":\"Unilever opracowa\u0142 now\u0105 technologi\u0119 recyklingu czarnego plastiku\"}]},{\"@type\":\"WebSite\",\"@id\":\"https:\\\/\\\/favorite-news.com\\\/pl\\\/#website\",\"url\":\"https:\\\/\\\/favorite-news.com\\\/pl\\\/\",\"name\":\"Favorite News\",\"description\":\"Favorite News Polska\",\"potentialAction\":[{\"@type\":\"SearchAction\",\"target\":{\"@type\":\"EntryPoint\",\"urlTemplate\":\"https:\\\/\\\/favorite-news.com\\\/pl\\\/?s={search_term_string}\"},\"query-input\":{\"@type\":\"PropertyValueSpecification\",\"valueRequired\":true,\"valueName\":\"search_term_string\"}}],\"inLanguage\":\"pl-PL\"},{\"@type\":\"Person\",\"@id\":\"https:\\\/\\\/favorite-news.com\\\/pl\\\/#\\\/schema\\\/person\\\/b91573b717dcfa5e4696032a9d28d3e8\",\"name\":\"favorite-news\",\"image\":{\"@type\":\"ImageObject\",\"inLanguage\":\"pl-PL\",\"@id\":\"https:\\\/\\\/secure.gravatar.com\\\/avatar\\\/6c5a5cb12b74e9d517ee91cf570335b7d16177f1977cc91db161adfa435945a7?s=96&d=mm&r=g\",\"url\":\"https:\\\/\\\/secure.gravatar.com\\\/avatar\\\/6c5a5cb12b74e9d517ee91cf570335b7d16177f1977cc91db161adfa435945a7?s=96&d=mm&r=g\",\"contentUrl\":\"https:\\\/\\\/secure.gravatar.com\\\/avatar\\\/6c5a5cb12b74e9d517ee91cf570335b7d16177f1977cc91db161adfa435945a7?s=96&d=mm&r=g\",\"caption\":\"favorite-news\"},\"url\":\"https:\\\/\\\/favorite-news.com\\\/pl\\\/author\\\/pt\\\/\"}]}<\/script>\n<!-- \/ Yoast SEO plugin. -->","yoast_head_json":{"title":"Unilever opracowa\u0142 now\u0105 technologi\u0119 recyklingu czarnego plastiku - Favorite News","robots":{"index":"index","follow":"follow","max-snippet":"max-snippet:-1","max-image-preview":"max-image-preview:large","max-video-preview":"max-video-preview:-1"},"canonical":"https:\/\/favorite-news.com\/pl\/unilever-opracowal-nowa-technologie-recyklingu-czarnego-plastiku\/","og_locale":"pl_PL","og_type":"article","og_title":"Unilever opracowa\u0142 now\u0105 technologi\u0119 recyklingu czarnego plastiku - Favorite News","og_description":"[ad_1] Obecnie do produkcji czarnego plastiku u\u017cywa si\u0119 pigmentu \u201ecarbon black\u201d kt\u00f3ry poch\u0142ania wi\u0105zki bliskiej podczerwieni wykorzystywanej do sortowania odpad\u00f3w. W konsekwencji maszyny segreguj\u0105ce nie s\u0105 w stanie odr\u00f3\u017cni\u0107 czarnego pigmentu, a tony plastiku trafiaj\u0105 do odpad\u00f3w mieszanych i nie zostaj\u0105 poddane recyklingowi. Nowa technologia opracowana przez Unilever umo\u017cliwi odpowiednie sortowanie czarnego plastiku i tym [&hellip;]","og_url":"https:\/\/favorite-news.com\/pl\/unilever-opracowal-nowa-technologie-recyklingu-czarnego-plastiku\/","og_site_name":"Favorite News","article_published_time":"2019-05-27T16:44:58+00:00","article_modified_time":"2019-05-27T16:44:59+00:00","og_image":[{"width":655,"height":461,"url":"https:\/\/favorite-news.com\/pl\/wp-content\/uploads\/sites\/6\/2019\/05\/Unilever-opracowa\u0142-now\u0105-technologi\u0119-recyklingu-czarnego-plastiku.png","type":"image\/png"}],"author":"favorite-news","twitter_card":"summary_large_image","twitter_misc":{"Napisane przez":"favorite-news","Szacowany czas czytania":"1 minuta"},"schema":{"@context":"https:\/\/schema.org","@graph":[{"@type":"Article","@id":"https:\/\/favorite-news.com\/pl\/unilever-opracowal-nowa-technologie-recyklingu-czarnego-plastiku\/#article","isPartOf":{"@id":"https:\/\/favorite-news.com\/pl\/unilever-opracowal-nowa-technologie-recyklingu-czarnego-plastiku\/"},"author":{"name":"favorite-news","@id":"https:\/\/favorite-news.com\/pl\/#\/schema\/person\/b91573b717dcfa5e4696032a9d28d3e8"},"headline":"Unilever opracowa\u0142 now\u0105 technologi\u0119 recyklingu czarnego plastiku","datePublished":"2019-05-27T16:44:58+00:00","dateModified":"2019-05-27T16:44:59+00:00","mainEntityOfPage":{"@id":"https:\/\/favorite-news.com\/pl\/unilever-opracowal-nowa-technologie-recyklingu-czarnego-plastiku\/"},"wordCount":252,"commentCount":0,"image":{"@id":"https:\/\/favorite-news.com\/pl\/unilever-opracowal-nowa-technologie-recyklingu-czarnego-plastiku\/#primaryimage"},"thumbnailUrl":"https:\/\/favorite-news.com\/pl\/wp-content\/uploads\/sites\/6\/2019\/05\/Unilever-opracowa\u0142-now\u0105-technologi\u0119-recyklingu-czarnego-plastiku.png","articleSection":["WIADOMO\u015aCI MARKETINGOWE INTERNETOWE"],"inLanguage":"pl-PL","potentialAction":[{"@type":"CommentAction","name":"Comment","target":["https:\/\/favorite-news.com\/pl\/unilever-opracowal-nowa-technologie-recyklingu-czarnego-plastiku\/#respond"]}]},{"@type":"WebPage","@id":"https:\/\/favorite-news.com\/pl\/unilever-opracowal-nowa-technologie-recyklingu-czarnego-plastiku\/","url":"https:\/\/favorite-news.com\/pl\/unilever-opracowal-nowa-technologie-recyklingu-czarnego-plastiku\/","name":"Unilever opracowa\u0142 now\u0105 technologi\u0119 recyklingu czarnego plastiku - Favorite News","isPartOf":{"@id":"https:\/\/favorite-news.com\/pl\/#website"},"primaryImageOfPage":{"@id":"https:\/\/favorite-news.com\/pl\/unilever-opracowal-nowa-technologie-recyklingu-czarnego-plastiku\/#primaryimage"},"image":{"@id":"https:\/\/favorite-news.com\/pl\/unilever-opracowal-nowa-technologie-recyklingu-czarnego-plastiku\/#primaryimage"},"thumbnailUrl":"https:\/\/favorite-news.com\/pl\/wp-content\/uploads\/sites\/6\/2019\/05\/Unilever-opracowa\u0142-now\u0105-technologi\u0119-recyklingu-czarnego-plastiku.png","datePublished":"2019-05-27T16:44:58+00:00","dateModified":"2019-05-27T16:44:59+00:00","author":{"@id":"https:\/\/favorite-news.com\/pl\/#\/schema\/person\/b91573b717dcfa5e4696032a9d28d3e8"},"breadcrumb":{"@id":"https:\/\/favorite-news.com\/pl\/unilever-opracowal-nowa-technologie-recyklingu-czarnego-plastiku\/#breadcrumb"},"inLanguage":"pl-PL","potentialAction":[{"@type":"ReadAction","target":["https:\/\/favorite-news.com\/pl\/unilever-opracowal-nowa-technologie-recyklingu-czarnego-plastiku\/"]}]},{"@type":"ImageObject","inLanguage":"pl-PL","@id":"https:\/\/favorite-news.com\/pl\/unilever-opracowal-nowa-technologie-recyklingu-czarnego-plastiku\/#primaryimage","url":"https:\/\/favorite-news.com\/pl\/wp-content\/uploads\/sites\/6\/2019\/05\/Unilever-opracowa\u0142-now\u0105-technologi\u0119-recyklingu-czarnego-plastiku.png","contentUrl":"https:\/\/favorite-news.com\/pl\/wp-content\/uploads\/sites\/6\/2019\/05\/Unilever-opracowa\u0142-now\u0105-technologi\u0119-recyklingu-czarnego-plastiku.png","width":655,"height":461,"caption":"Article"},{"@type":"BreadcrumbList","@id":"https:\/\/favorite-news.com\/pl\/unilever-opracowal-nowa-technologie-recyklingu-czarnego-plastiku\/#breadcrumb","itemListElement":[{"@type":"ListItem","position":1,"name":"Home","item":"https:\/\/favorite-news.com\/pl\/"},{"@type":"ListItem","position":2,"name":"Unilever opracowa\u0142 now\u0105 technologi\u0119 recyklingu czarnego plastiku"}]},{"@type":"WebSite","@id":"https:\/\/favorite-news.com\/pl\/#website","url":"https:\/\/favorite-news.com\/pl\/","name":"Favorite News","description":"Favorite News Polska","potentialAction":[{"@type":"SearchAction","target":{"@type":"EntryPoint","urlTemplate":"https:\/\/favorite-news.com\/pl\/?s={search_term_string}"},"query-input":{"@type":"PropertyValueSpecification","valueRequired":true,"valueName":"search_term_string"}}],"inLanguage":"pl-PL"},{"@type":"Person","@id":"https:\/\/favorite-news.com\/pl\/#\/schema\/person\/b91573b717dcfa5e4696032a9d28d3e8","name":"favorite-news","image":{"@type":"ImageObject","inLanguage":"pl-PL","@id":"https:\/\/secure.gravatar.com\/avatar\/6c5a5cb12b74e9d517ee91cf570335b7d16177f1977cc91db161adfa435945a7?s=96&d=mm&r=g","url":"https:\/\/secure.gravatar.com\/avatar\/6c5a5cb12b74e9d517ee91cf570335b7d16177f1977cc91db161adfa435945a7?s=96&d=mm&r=g","contentUrl":"https:\/\/secure.gravatar.com\/avatar\/6c5a5cb12b74e9d517ee91cf570335b7d16177f1977cc91db161adfa435945a7?s=96&d=mm&r=g","caption":"favorite-news"},"url":"https:\/\/favorite-news.com\/pl\/author\/pt\/"}]}},"_links":{"self":[{"href":"https:\/\/favorite-news.com\/pl\/wp-json\/wp\/v2\/posts\/960","targetHints":{"allow":["GET"]}}],"collection":[{"href":"https:\/\/favorite-news.com\/pl\/wp-json\/wp\/v2\/posts"}],"about":[{"href":"https:\/\/favorite-news.com\/pl\/wp-json\/wp\/v2\/types\/post"}],"author":[{"embeddable":true,"href":"https:\/\/favorite-news.com\/pl\/wp-json\/wp\/v2\/users\/2"}],"replies":[{"embeddable":true,"href":"https:\/\/favorite-news.com\/pl\/wp-json\/wp\/v2\/comments?post=960"}],"version-history":[{"count":1,"href":"https:\/\/favorite-news.com\/pl\/wp-json\/wp\/v2\/posts\/960\/revisions"}],"predecessor-version":[{"id":962,"href":"https:\/\/favorite-news.com\/pl\/wp-json\/wp\/v2\/posts\/960\/revisions\/962"}],"wp:featuredmedia":[{"embeddable":true,"href":"https:\/\/favorite-news.com\/pl\/wp-json\/wp\/v2\/media\/961"}],"wp:attachment":[{"href":"https:\/\/favorite-news.com\/pl\/wp-json\/wp\/v2\/media?parent=960"}],"wp:term":[{"taxonomy":"category","embeddable":true,"href":"https:\/\/favorite-news.com\/pl\/wp-json\/wp\/v2\/categories?post=960"},{"taxonomy":"post_tag","embeddable":true,"href":"https:\/\/favorite-news.com\/pl\/wp-json\/wp\/v2\/tags?post=960"}],"curies":[{"name":"wp","href":"https:\/\/api.w.org\/{rel}","templated":true}]}}