{"id":948,"date":"2019-05-27T14:13:37","date_gmt":"2019-05-27T11:13:37","guid":{"rendered":"https:\/\/favorite-news.com\/pl\/fuzja-malo-prawdopodobna-leszek-czarnecki-rozmawia-z-2-funduszami-pozwy-ws-obligacji-getbacku\/"},"modified":"2019-05-27T14:13:38","modified_gmt":"2019-05-27T11:13:38","slug":"fuzja-malo-prawdopodobna-leszek-czarnecki-rozmawia-z-2-funduszami-pozwy-ws-obligacji-getbacku","status":"publish","type":"post","link":"https:\/\/favorite-news.com\/pl\/fuzja-malo-prawdopodobna-leszek-czarnecki-rozmawia-z-2-funduszami-pozwy-ws-obligacji-getbacku\/","title":{"rendered":"fuzja ma\u0142o prawdopodobna, Leszek Czarnecki rozmawia z 2 funduszami, pozwy ws. obligacji GetBacku"},"content":{"rendered":"<p> [ad_1]<br \/>\n<\/p>\n<div id=\"\">\n<p>Fuzj\u0119 Getin Noble Banku i Idea Banku og\u0142oszono w styczniu br. Zaznaczono, \u017ce banki zostan\u0105 po\u0142\u0105czone w trzecim kwartale br., po uzyskaniu zg\u00f3d regulator\u00f3w na czele z Komisj\u0105 Nadzoru Finansowego, i <strong>b\u0119d\u0105 dzia\u0142a\u0107 jako Getin Noble Bank, a z rynku zniknie marka Idea Bank.<\/strong><\/p>\n<p>&#13;<br \/>\n&#13;<\/p>\n<p>Oba podmioty poinformowa\u0142y, \u017ce dzi\u0119ki fuzji uda si\u0119 osi\u0105gn\u0105\u0107 synergie kosztowe i operacyjne (m.in. w efekcie integracji system\u00f3w IT, konsolidacji centrali obu bank\u00f3w oraz optymalizacji sieci plac\u00f3wek), kt\u00f3re docelowo wynios\u0105 ok. 180 mln z\u0142 rocznie.<\/p>\n<p>&#13;<br \/>\n&#13;<\/p>\n<p>Jednocze\u015bnie <strong>rozpocz\u0119to rozmowy z potencjalnymi inwestorami finansowymi, na pocz\u0105tku lutego banki poda\u0142y, \u017ce dopu\u015bci\u0142y do procesu due diligence (czyli badania dokument\u00f3w finansowych i prawnych) wybrane fundusze private equity. <\/strong>Wed\u0142ug ustale\u0144 \u201ePulsu Biznesu\u201d zainteresowanie zakupem akcji bank\u00f3w wyrazi\u0142o pi\u0119\u0107 funduszy, m.in. Centerbridge, Apollo Global Management, Apax i AnaCap (do tego ostatniego nale\u017cy ju\u017c w Polsce Nest Bank).<\/p>\n<p>&#13;<br \/>\n&#13;<\/p>\n<p><span style=\"font-size:20px;\"><strong>Fundusze zainteresowane tylko Getin Noble Bankiem<\/strong><\/span><\/p>\n<p>&#13;<br \/>\n&#13;<\/p>\n<p>W mijaj\u0105cym tygodniu \u201ePuls Biznesu\u201d poda\u0142, \u017ce <strong>obecnie Leszek Czarnecki negocjuje z dwoma funduszami: Cerberus Capital Management i Bain Capital PE inwestycj\u0119 tylko w Getin Noble Bank, a nie Idea Bank<\/strong>. W zwi\u0105zku z tym <strong>fuzja Getin Noble z Ide\u0105 jest bardzo ma\u0142o prawdopodobna.<\/strong><\/p>\n<p>&#13;<br \/>\n&#13;<\/p>\n<p>W ub.r. grupa kapita\u0142owa Getin Noble Bank zanotowa\u0142a spadki wynik\u00f3w z odsetek, prowizji i lokat oraz 453,4 mln z\u0142 straty netto (wobec 571,3 mln z\u0142 straty rok wcze\u015bniej). Firma dokona\u0142a odpis\u00f3w w kwocie 777,4 mln z\u0142.<\/p>\n<p>&#13;<br \/>\n&#13;<\/p>\n<p>Na koniec ub.r. saldo zobowi\u0105za\u0144 wobec klient\u00f3w grupy Getin Noble Bank wynosi\u0142o 37,1 mld z\u0142, o 11,5 mld z\u0142 mniej ni\u017c rok wcze\u015bniej (to 23,7 proc. w d\u00f3\u0142). Natomiast suma bilansowa grupy Getin Noble Bank na koniec ub.r. wynosi\u0142a 49,9 mld z\u0142, o 16,6 proc. mniej ni\u017c rok wcze\u015bniej. 80,8 proc. tej kwoty stanowi\u0142y nale\u017cno\u015bci z tytu\u0142u kredyt\u00f3w i po\u017cyczek udzielonych klientom.<\/p>\n<p>&#13;<br \/>\n&#13;<\/p>\n<p>&#13;<br \/>\n&#13;<\/p>\n<p><span style=\"font-size:20px;\"><strong>KNF chce alternatywnych plan\u00f3w dla Idea Banku<\/strong><\/span><\/p>\n<p>&#13;<br \/>\n&#13;<\/p>\n<p>Co w tej sytuacji z Idea Bankiem? Pod koniec kwietnia poda\u0142 on bardzo z\u0142e wyniki za czwarty kwarta\u0142 i ca\u0142y ub.r. Jego wp\u0142ywy odsetkowe zmala\u0142y z 1,15 do 1 mld z\u0142, a wynik netto pogorszy\u0142 si\u0119 z 231,1 mln z\u0142 zysku do 1,89 mld z\u0142 straty, m.in. w zwi\u0105zku z odpisami i rezerwami w wysoko\u015bci 1,46 mln z\u0142.<\/p>\n<p>&#13;<br \/>\n&#13;<\/p>\n<p>Wskutek ogromnej straty wsp\u00f3\u0142czynniki adekwatno\u015bci kapita\u0142owej Idea Banku mocno zmala\u0142y &#8211; w uj\u0119ciu jednostkowym wsp\u00f3\u0142czynnik CET 1 o 6,68 do 2,7 proc. (wymagany poziom to 9,38 proc.), Tier 1 &#8211; o 8,18 proc. do 2,7 proc. (wym\u00f3g to 10,88 proc.), a TCR &#8211; o 8,77 proc. do 4,11 proc. (wym\u00f3g to 12,88 proc.).<\/p>\n<p>&#13;<br \/>\n&#13;<\/p>\n<p><strong>Komisja Nadzoru Finansowego wezwa\u0142a bank do uzupe\u0142nienia tej luki kapita\u0142owej (szacowanej na ok. 1,3 mld z\u0142). Poniewa\u017c to nie nast\u0105pi\u0142o, w po\u0142owie maja bezterminowo wyznaczy\u0142a bankowi kuratora,<\/strong> kt\u00f3rym zosta\u0142 Bankowy Fundusz Gwarancyjny.<\/p>\n<p>&#13;<br \/>\n&#13;<\/p>\n<p>KNF oczekuje, \u017ce Idea Bank szybko przedstawi plan podwy\u017cszenia wsp\u00f3\u0142czynnik\u00f3w kapita\u0142owych, tak\u017ce w wariantach bez fuzji z Getin Noble Bankiem i pozyskania inwestora finansowego. Przewodnicz\u0105cy KNF Jacek Jastrz\u0119bski na pocz\u0105tku mijaj\u0105cego tygodnia w rozmowie z PolandIn zwr\u00f3ci\u0142 uwag\u0119, \u017ce po\u0142\u0105czenie z Getin Noble Bankiem to skomplikowany proces.<\/p>\n<p>&#13;<br \/>\n&#13;<\/p>\n<p>&#8211; Jego powodzenie w ograniczonym stopniu zale\u017cy od samego zarz\u0105du Idea Banku, wp\u0142ywaj\u0105 na niego czynniki zewn\u0119trzne i to jak zareaguj\u0105 inwestorzy. Dlatego i bior\u0105c pod uwag\u0119 pozycj\u0119 kapita\u0142ow\u0105 Idea Banku oczekujemy przedstawienia realnego i wiarygodnego planu B, kt\u00f3rego realizacja umo\u017cliwi powr\u00f3t Idei o wymaganych wsp\u00f3\u0142czynnik\u00f3w kapita\u0142owych &#8211; stwierdzi\u0142 Jastrz\u0119bski.<\/p>\n<p>&#13;<br \/>\n&#13;<\/p>\n<p>&#8211; <strong>Jako nadzorca rynku finansowego musimy rozwa\u017ca\u0107 wszystkie potencjalne mo\u017cliwo\u015bci i scenariusze. Jednak kluczowym i podstawowym dla nas za\u0142o\u017ceniem jest rozwi\u0105zanie rynkowe, czyli transakcj\u0119 prywatn\u0105 czy te\u017c popraw\u0119 sytuacji dzia\u0142aniem zarz\u0105du banku.<\/strong> B\u0119dziemy go wspomaga\u0107 w realizacji plan\u00f3w zmierzaj\u0105cych do odbudowy wska\u017anik\u00f3w wyp\u0142acalno\u015bci &#8211; zapowiedzia\u0142 przewodnicz\u0105cy KNF.<\/p>\n<p>&#13;<br \/>\n&#13;<\/p>\n<p>Wed\u0142ug \u201ePulsu Biznesu\u201d bez fuzji z Getin Noble i pozyskania inwestora <strong>Idea Bank mo\u017ce zdecydowa\u0107 si\u0119 na sprzeda\u017c cz\u0119\u015bci swoich aktyw\u00f3w, przede wszystkim portfela leasingowego.<\/strong> Na koniec ub.r. bank mia\u0142 18,4 mld z\u0142 aktyw\u00f3w kredytowych brutto, w tym 8,2 mld z\u0142 udzielonych kredyt\u00f3w i po\u017cyczek oraz 9,4 mld z\u0142 skupionych wierzytelno\u015bci. Po uwzgl\u0119dnieniu odpis\u00f3w w wysoko\u015bci 2,2 mld z\u0142 warto\u015b\u0107 netto tych aktyw\u00f3w wynosi\u0142a 16,2 mld z\u0142.<\/p>\n<p>&#13;<br \/>\n&#13;<\/p>\n<p><span style=\"font-size:20px;\"><strong>Kryzys Idea Banku po GetBacku, prokuratorzy pozywaj\u0105 w imieniu poszkodowanych klient\u00f3w<\/strong><\/span><\/p>\n<p>&#13;<br \/>\n&#13;<\/p>\n<p>Idea Bank ogromne problemy finansowe prze\u017cywa od jesieni ub.r. Nast\u0105pi\u0142y one po tym, jak Idea Bank zosta\u0142 wpisany przez Komisj\u0119 Nadzoru Finansowego na list\u0119 ostrze\u017ce\u0144 w zwi\u0105zku z dystrybucj\u0105 obligacji GetBacku, a Leszek Czarnecki zawiadomi\u0142 prokuratur\u0119 w sprawie nagranej wiosn\u0105 ub.r. rozmowy z \u00f3wczesnym szefem KNF, kt\u00f3ry sugerowa\u0142 biznesmenowi zatrudnienie poleconego prawnika w zamian za przychylno\u015b\u0107 wobec restrukturyzacji jego bank\u00f3w (nagranie ujawni\u0142a \u201eGazeta Wyborcza\u201d).<\/p>\n<p>&#13;<br \/>\n&#13;<\/p>\n<p>Kursy gie\u0142dowe obu bank\u00f3w Czarneckiego mocno spad\u0142y, a wielu klient\u00f3w zdecydowa\u0142o si\u0119 wycofa\u0107 z nich depozyty. Getin i Idea mocno podnios\u0142y oprocentowanie lokat (z ok. 3 proc. do 3,5, a nawet 3,9 proc.), umo\u017cliwi\u0142y te\u017c zrywanie ich przed terminem bez utraty odsetek. W materia\u0142ach marketingowych podkre\u015bla\u0142y, \u017ce depozyty do warto\u015bci 100 tys. euro s\u0105 chronione przez Bankowy Fundusz Gwarancyjny. W po\u0142owie marca oba banki poinformowa\u0142y, \u017ce w drugiej po\u0142owie listopada ub.r. po\u017cyczy\u0142y z Narodowego Banku Polskiego 5,84 mld z\u0142 na zachowanie p\u0142ynno\u015bci p\u0142atniczej. Zwr\u00f3ci\u0142y te \u015brodki w styczniu i lutym br.<\/p>\n<p>&#13;<br \/>\n&#13;<\/p>\n<p>&#13;<br \/>\n&#13;<\/p>\n<p>W przypadku Idea Banku afera Getbacku nadal odbija si\u0119 czkawk\u0105. W sprawozdaniu za ub.r. bank poinformowa\u0142, \u017ce do 29 kwietnia br. reklamacje skierowa\u0142o 1 935 klient\u00f3w, kt\u00f3rzy za jego po\u015brednictwem kupili obligacje GetBacku na kwot\u0119 356,6 mln z\u0142. Rozpatrzono 1 881 skarg i zawarto ugody na \u0142\u0105czn\u0105 kwot\u0119 6,7 mln z\u0142 z 41 klientami.<\/p>\n<p>&#13;<br \/>\n&#13;<\/p>\n<p>Og\u00f3\u0142em do post\u0119powania ugodowego skierowano skargi 148 klient\u00f3w, kt\u00f3rzy kupli papiery d\u0142u\u017cne GetBacku za ok. 23,7 mln z\u0142. Do Idea Banku wp\u0142yn\u0119\u0142o te\u017c 15 pozw\u00f3w od klient\u00f3w dotycz\u0105cych nabycia obligacji GetBacku za \u0142\u0105cznie 4,03 mln z\u0142.<\/p>\n<p>&#13;<br \/>\n&#13;<\/p>\n<p>W czwartek \u201eDziennik Gazeta Prawna\u201d i \u201eRzeczpospolita\u201d poinformowa\u0142y, \u017ce <strong>do roszcze\u0144 niekt\u00f3rych poszkodowanych klient\u00f3w, kt\u00f3rzy za po\u015brednictwem Idea Banku i Polskiego Domu Maklerskiego kupili obligacje GetBacku, w\u0142\u0105czy\u0142a si\u0119 prokuratura<\/strong>. Chodzi o osoby, kt\u00f3re <strong>przedstawiciele Idea Banku wprowadzili w b\u0142\u0105d, zapewniaj\u0105c, \u017ce chodzi o inwestycj\u0119 pewn\u0105 jak lokata, oraz wype\u0142niaj\u0105c za nie niekt\u00f3re dokumenty<\/strong>.<\/p>\n<p>&#13;<br \/>\n&#13;<\/p>\n<p>\u201eDGP\u201d i \u201eRz\u201d opisa\u0142y przypadek, w kt\u00f3rym doradca Idea Banku Micha\u0142 K. (ma w sprawie postawione zarzuty karne) nam\u00f3wi\u0142 emerytk\u0119 na zakup papier\u00f3w d\u0142u\u017cnych GetBacku za 380 tys. z\u0142, kt\u00f3re mia\u0142a na lokatach, przekonuj\u0105c, \u017ce w\u0142a\u015bnie tyle wynosi minimalny zapis. Zesp\u00f3\u0142 cywilny prokurator\u00f3w w pozwie w imieniu emerytki domaga si\u0119 od Idea Banku i Polskiego Domu Maklerskiego zwrotu ca\u0142ej zainwestowanej kwoty z odsetkami. Niebawem prokuratorzy maj\u0105 sk\u0142ada\u0107 kolejne podobne pozwy w imieniu innych poszkodowanych klient\u00f3w.<\/p>\n<p>&#13;<br \/>\n&#13;<\/p>\n<p><span style=\"font-size:20px;\"><strong>Zatrzymania by\u0142ych mened\u017cer\u00f3w Idea Banku<\/strong><\/span><\/p>\n<p>&#13;<br \/>\n&#13;<\/p>\n<p>Pod koniec lutego br. w ramach \u015bledztwa dot. GetBacku na zlecenie prokuratury zatrzymano 18 by\u0142ych mened\u017cer\u00f3w Idea Banku, m.in. wieloletniego prezesa Jaros\u0142awa Augustyniaka (zgodzi\u0142 si\u0119 na podawanie pe\u0142nego nazwiska), innych by\u0142ych cz\u0142onk\u00f3w zarz\u0105du i dyrektor\u00f3w w banku. Postawiono im zarzuty zwi\u0105zane z wprowadzaniem klient\u00f3w w b\u0142\u0105d co do gwarancji zysku i bezpiecze\u0144stwa inwestowania w papiery d\u0142u\u017cne GetBacku.<\/p>\n<p>&#13;<br \/>\n&#13;<\/p>\n<p>Wed\u0142ug prokuratury doprowadzili 400 klient\u00f3w do start o \u0142\u0105cznej warto\u015bci 89,3 mln z\u0142. Wed\u0142ug ustale\u0144 \u201eDziennika Gazety Prawnej\u201d Augustyniak nie przyzna\u0142 si\u0119 do winy, natomiast z\u0142o\u017cy\u0142 obszerne wyja\u015bnienia i wsp\u00f3\u0142pracuje z organami \u015bcigania.<\/p>\n<p>&#13;<br \/>\n&#13;<\/p>\n<p>Na pocz\u0105tku kwietnia zatrzymano w tej sprawie kolejne 11 os\u00f3b, m.in. by\u0142ego dyrektora dzia\u0142u prawnego i zarazem prokurenta Idea Banku oraz sze\u015bciu pracownik\u00f3w, kt\u00f3rzy sprzedawali obligacje GetBacku. Wed\u0142ug \u015bledczych wszyscy zatrzymani mieli doprowadzi\u0107 407 klient\u00f3w Idea Banku do niekorzystnego rozporz\u0105dzania mieniem o warto\u015bci 91,4 mln z\u0142.<\/p>\n<p>&#13;<br \/>\n&#13;<\/p>\n<p>Leszek Czarnecki 5 marca zosta\u0142 zapytany o pierwsze z tych zatrzyma\u0144 i sprzeda\u017c przez Idea Bank obligacji GetBacku przez reportera Magazynu \u015bledczego Anity Gargas\u201d, kiedy wychodzi\u0142 z przes\u0142uchania w siedzibie CBA. Biznesmen zaatakowa\u0142 filmuj\u0105cego to operatora kamery.<\/p>\n<p>&#13;<br \/>\n&#13;<\/p>\n<p>Kursy gie\u0142dowe Idea Banku i Getin Noble Banku spad\u0142y tak mocno, \u017ce maj\u0105cy w obu wi\u0119kszo\u015bciowe pakiety akcji Czarnecki przesta\u0142 by\u0107 miliarderem. Na pocz\u0105tku br. \u201eForbes\u201d oszacowa\u0142 jego maj\u0105tek na 765 mln z\u0142, co wobec 2,19 mld z\u0142 rok wcze\u015bniej spowodowa\u0142o, \u017ce biznesmen na li\u015bcie najbogatszych Polak\u00f3w spad\u0142 z 13. na 65. miejsce.<\/p>\n<p>&#13;<br \/>\n                            &#13;<br \/>\n&#13;<br \/>\n                            &#13;<br \/>\n&#13;<br \/>\n&#13;<br \/>\n&#13;<br \/>\n&#13;<br \/>\n&#13;<br \/>\n                            &#13;<br \/>\n                                                            &#13;<br \/>\n&#13;<br \/>\n                            &#13;\n                        <\/p><\/div>\n<p><script>(function (d, s, id) {\n        var js, fjs = d.getElementsByTagName(s)[0];\n        if (d.getElementById(id)) return;\n        js = d.createElement(s);\n        js.id = id;\n        js.src = \"http:\/\/connect.facebook.net\/pl_PL\/sdk.js#xfbml=1&version=v2.6&appId=297996717062470\";\n        fjs.parentNode.insertBefore(js, fjs);\n    }(document, 'script', 'facebook-jssdk'));<\/script><br \/>\n<br \/>[ad_2]<br \/>\n<br \/><a href=\"https:\/\/www.wirtualnemedia.pl\/artykul\/idea-banki-getin-noble-bank-fuzja-malo-prawdopodobna-leszek-czarnecki-rozmawia-z-2-funduszami-pozwy-ws-obligacji-getbacku\">Source link <\/a><\/p>\n","protected":false},"excerpt":{"rendered":"<p>[ad_1] Fuzj\u0119 Getin Noble Banku i Idea Banku og\u0142oszono w styczniu br. Zaznaczono, \u017ce banki zostan\u0105 po\u0142\u0105czone w trzecim kwartale br., po uzyskaniu zg\u00f3d regulator\u00f3w na czele z Komisj\u0105 Nadzoru Finansowego, i b\u0119d\u0105 dzia\u0142a\u0107 jako Getin Noble Bank, a z rynku zniknie marka Idea Bank. &#13; &#13; Oba podmioty poinformowa\u0142y, \u017ce dzi\u0119ki fuzji uda si\u0119 [&hellip;]<\/p>\n","protected":false},"author":2,"featured_media":949,"comment_status":"open","ping_status":"open","sticky":false,"template":"","format":"standard","meta":{"footnotes":""},"categories":[2],"tags":[],"class_list":["post-948","post","type-post","status-publish","format-standard","has-post-thumbnail","hentry","category-wiadomosci-marketingowe-internetowe"],"yoast_head":"<!-- This site is optimized with the Yoast SEO plugin v27.4 - https:\/\/yoast.com\/product\/yoast-seo-wordpress\/ -->\n<title>fuzja ma\u0142o prawdopodobna, Leszek Czarnecki rozmawia z 2 funduszami, pozwy ws. obligacji GetBacku - Favorite News<\/title>\n<meta name=\"robots\" content=\"index, follow, max-snippet:-1, max-image-preview:large, max-video-preview:-1\" \/>\n<link rel=\"canonical\" href=\"https:\/\/favorite-news.com\/pl\/fuzja-malo-prawdopodobna-leszek-czarnecki-rozmawia-z-2-funduszami-pozwy-ws-obligacji-getbacku\/\" \/>\n<meta property=\"og:locale\" content=\"pl_PL\" \/>\n<meta property=\"og:type\" content=\"article\" \/>\n<meta property=\"og:title\" content=\"fuzja ma\u0142o prawdopodobna, Leszek Czarnecki rozmawia z 2 funduszami, pozwy ws. obligacji GetBacku - Favorite News\" \/>\n<meta property=\"og:description\" content=\"[ad_1] Fuzj\u0119 Getin Noble Banku i Idea Banku og\u0142oszono w styczniu br. Zaznaczono, \u017ce banki zostan\u0105 po\u0142\u0105czone w trzecim kwartale br., po uzyskaniu zg\u00f3d regulator\u00f3w na czele z Komisj\u0105 Nadzoru Finansowego, i b\u0119d\u0105 dzia\u0142a\u0107 jako Getin Noble Bank, a z rynku zniknie marka Idea Bank. &#013; &#013; Oba podmioty poinformowa\u0142y, \u017ce dzi\u0119ki fuzji uda si\u0119 [&hellip;]\" \/>\n<meta property=\"og:url\" content=\"https:\/\/favorite-news.com\/pl\/fuzja-malo-prawdopodobna-leszek-czarnecki-rozmawia-z-2-funduszami-pozwy-ws-obligacji-getbacku\/\" \/>\n<meta property=\"og:site_name\" content=\"Favorite News\" \/>\n<meta property=\"article:published_time\" content=\"2019-05-27T11:13:37+00:00\" \/>\n<meta property=\"article:modified_time\" content=\"2019-05-27T11:13:38+00:00\" \/>\n<meta property=\"og:image\" content=\"https:\/\/favorite-news.com\/pl\/wp-content\/uploads\/sites\/6\/2019\/05\/fuzja-ma\u0142o-prawdopodobna-Leszek-Czarnecki-rozmawia-z-2-funduszami-pozwy.png\" \/>\n\t<meta property=\"og:image:width\" content=\"655\" \/>\n\t<meta property=\"og:image:height\" content=\"553\" \/>\n\t<meta property=\"og:image:type\" content=\"image\/png\" \/>\n<meta name=\"author\" content=\"favorite-news\" \/>\n<meta name=\"twitter:card\" content=\"summary_large_image\" \/>\n<meta name=\"twitter:label1\" content=\"Napisane przez\" \/>\n\t<meta name=\"twitter:data1\" content=\"favorite-news\" \/>\n\t<meta name=\"twitter:label2\" content=\"Szacowany czas czytania\" \/>\n\t<meta name=\"twitter:data2\" content=\"7 minut\" \/>\n<script type=\"application\/ld+json\" class=\"yoast-schema-graph\">{\"@context\":\"https:\\\/\\\/schema.org\",\"@graph\":[{\"@type\":\"Article\",\"@id\":\"https:\\\/\\\/favorite-news.com\\\/pl\\\/fuzja-malo-prawdopodobna-leszek-czarnecki-rozmawia-z-2-funduszami-pozwy-ws-obligacji-getbacku\\\/#article\",\"isPartOf\":{\"@id\":\"https:\\\/\\\/favorite-news.com\\\/pl\\\/fuzja-malo-prawdopodobna-leszek-czarnecki-rozmawia-z-2-funduszami-pozwy-ws-obligacji-getbacku\\\/\"},\"author\":{\"name\":\"favorite-news\",\"@id\":\"https:\\\/\\\/favorite-news.com\\\/pl\\\/#\\\/schema\\\/person\\\/b91573b717dcfa5e4696032a9d28d3e8\"},\"headline\":\"fuzja ma\u0142o prawdopodobna, Leszek Czarnecki rozmawia z 2 funduszami, pozwy ws. obligacji GetBacku\",\"datePublished\":\"2019-05-27T11:13:37+00:00\",\"dateModified\":\"2019-05-27T11:13:38+00:00\",\"mainEntityOfPage\":{\"@id\":\"https:\\\/\\\/favorite-news.com\\\/pl\\\/fuzja-malo-prawdopodobna-leszek-czarnecki-rozmawia-z-2-funduszami-pozwy-ws-obligacji-getbacku\\\/\"},\"wordCount\":1475,\"commentCount\":0,\"image\":{\"@id\":\"https:\\\/\\\/favorite-news.com\\\/pl\\\/fuzja-malo-prawdopodobna-leszek-czarnecki-rozmawia-z-2-funduszami-pozwy-ws-obligacji-getbacku\\\/#primaryimage\"},\"thumbnailUrl\":\"https:\\\/\\\/favorite-news.com\\\/pl\\\/wp-content\\\/uploads\\\/sites\\\/6\\\/2019\\\/05\\\/fuzja-ma\u0142o-prawdopodobna-Leszek-Czarnecki-rozmawia-z-2-funduszami-pozwy.png\",\"articleSection\":[\"WIADOMO\u015aCI MARKETINGOWE INTERNETOWE\"],\"inLanguage\":\"pl-PL\",\"potentialAction\":[{\"@type\":\"CommentAction\",\"name\":\"Comment\",\"target\":[\"https:\\\/\\\/favorite-news.com\\\/pl\\\/fuzja-malo-prawdopodobna-leszek-czarnecki-rozmawia-z-2-funduszami-pozwy-ws-obligacji-getbacku\\\/#respond\"]}]},{\"@type\":\"WebPage\",\"@id\":\"https:\\\/\\\/favorite-news.com\\\/pl\\\/fuzja-malo-prawdopodobna-leszek-czarnecki-rozmawia-z-2-funduszami-pozwy-ws-obligacji-getbacku\\\/\",\"url\":\"https:\\\/\\\/favorite-news.com\\\/pl\\\/fuzja-malo-prawdopodobna-leszek-czarnecki-rozmawia-z-2-funduszami-pozwy-ws-obligacji-getbacku\\\/\",\"name\":\"fuzja ma\u0142o prawdopodobna, Leszek Czarnecki rozmawia z 2 funduszami, pozwy ws. obligacji GetBacku - Favorite News\",\"isPartOf\":{\"@id\":\"https:\\\/\\\/favorite-news.com\\\/pl\\\/#website\"},\"primaryImageOfPage\":{\"@id\":\"https:\\\/\\\/favorite-news.com\\\/pl\\\/fuzja-malo-prawdopodobna-leszek-czarnecki-rozmawia-z-2-funduszami-pozwy-ws-obligacji-getbacku\\\/#primaryimage\"},\"image\":{\"@id\":\"https:\\\/\\\/favorite-news.com\\\/pl\\\/fuzja-malo-prawdopodobna-leszek-czarnecki-rozmawia-z-2-funduszami-pozwy-ws-obligacji-getbacku\\\/#primaryimage\"},\"thumbnailUrl\":\"https:\\\/\\\/favorite-news.com\\\/pl\\\/wp-content\\\/uploads\\\/sites\\\/6\\\/2019\\\/05\\\/fuzja-ma\u0142o-prawdopodobna-Leszek-Czarnecki-rozmawia-z-2-funduszami-pozwy.png\",\"datePublished\":\"2019-05-27T11:13:37+00:00\",\"dateModified\":\"2019-05-27T11:13:38+00:00\",\"author\":{\"@id\":\"https:\\\/\\\/favorite-news.com\\\/pl\\\/#\\\/schema\\\/person\\\/b91573b717dcfa5e4696032a9d28d3e8\"},\"breadcrumb\":{\"@id\":\"https:\\\/\\\/favorite-news.com\\\/pl\\\/fuzja-malo-prawdopodobna-leszek-czarnecki-rozmawia-z-2-funduszami-pozwy-ws-obligacji-getbacku\\\/#breadcrumb\"},\"inLanguage\":\"pl-PL\",\"potentialAction\":[{\"@type\":\"ReadAction\",\"target\":[\"https:\\\/\\\/favorite-news.com\\\/pl\\\/fuzja-malo-prawdopodobna-leszek-czarnecki-rozmawia-z-2-funduszami-pozwy-ws-obligacji-getbacku\\\/\"]}]},{\"@type\":\"ImageObject\",\"inLanguage\":\"pl-PL\",\"@id\":\"https:\\\/\\\/favorite-news.com\\\/pl\\\/fuzja-malo-prawdopodobna-leszek-czarnecki-rozmawia-z-2-funduszami-pozwy-ws-obligacji-getbacku\\\/#primaryimage\",\"url\":\"https:\\\/\\\/favorite-news.com\\\/pl\\\/wp-content\\\/uploads\\\/sites\\\/6\\\/2019\\\/05\\\/fuzja-ma\u0142o-prawdopodobna-Leszek-Czarnecki-rozmawia-z-2-funduszami-pozwy.png\",\"contentUrl\":\"https:\\\/\\\/favorite-news.com\\\/pl\\\/wp-content\\\/uploads\\\/sites\\\/6\\\/2019\\\/05\\\/fuzja-ma\u0142o-prawdopodobna-Leszek-Czarnecki-rozmawia-z-2-funduszami-pozwy.png\",\"width\":655,\"height\":553,\"caption\":\"Article\"},{\"@type\":\"BreadcrumbList\",\"@id\":\"https:\\\/\\\/favorite-news.com\\\/pl\\\/fuzja-malo-prawdopodobna-leszek-czarnecki-rozmawia-z-2-funduszami-pozwy-ws-obligacji-getbacku\\\/#breadcrumb\",\"itemListElement\":[{\"@type\":\"ListItem\",\"position\":1,\"name\":\"Home\",\"item\":\"https:\\\/\\\/favorite-news.com\\\/pl\\\/\"},{\"@type\":\"ListItem\",\"position\":2,\"name\":\"fuzja ma\u0142o prawdopodobna, Leszek Czarnecki rozmawia z 2 funduszami, pozwy ws. obligacji GetBacku\"}]},{\"@type\":\"WebSite\",\"@id\":\"https:\\\/\\\/favorite-news.com\\\/pl\\\/#website\",\"url\":\"https:\\\/\\\/favorite-news.com\\\/pl\\\/\",\"name\":\"Favorite News\",\"description\":\"Favorite News Polska\",\"potentialAction\":[{\"@type\":\"SearchAction\",\"target\":{\"@type\":\"EntryPoint\",\"urlTemplate\":\"https:\\\/\\\/favorite-news.com\\\/pl\\\/?s={search_term_string}\"},\"query-input\":{\"@type\":\"PropertyValueSpecification\",\"valueRequired\":true,\"valueName\":\"search_term_string\"}}],\"inLanguage\":\"pl-PL\"},{\"@type\":\"Person\",\"@id\":\"https:\\\/\\\/favorite-news.com\\\/pl\\\/#\\\/schema\\\/person\\\/b91573b717dcfa5e4696032a9d28d3e8\",\"name\":\"favorite-news\",\"image\":{\"@type\":\"ImageObject\",\"inLanguage\":\"pl-PL\",\"@id\":\"https:\\\/\\\/secure.gravatar.com\\\/avatar\\\/6c5a5cb12b74e9d517ee91cf570335b7d16177f1977cc91db161adfa435945a7?s=96&d=mm&r=g\",\"url\":\"https:\\\/\\\/secure.gravatar.com\\\/avatar\\\/6c5a5cb12b74e9d517ee91cf570335b7d16177f1977cc91db161adfa435945a7?s=96&d=mm&r=g\",\"contentUrl\":\"https:\\\/\\\/secure.gravatar.com\\\/avatar\\\/6c5a5cb12b74e9d517ee91cf570335b7d16177f1977cc91db161adfa435945a7?s=96&d=mm&r=g\",\"caption\":\"favorite-news\"},\"url\":\"https:\\\/\\\/favorite-news.com\\\/pl\\\/author\\\/pt\\\/\"}]}<\/script>\n<!-- \/ Yoast SEO plugin. -->","yoast_head_json":{"title":"fuzja ma\u0142o prawdopodobna, Leszek Czarnecki rozmawia z 2 funduszami, pozwy ws. obligacji GetBacku - Favorite News","robots":{"index":"index","follow":"follow","max-snippet":"max-snippet:-1","max-image-preview":"max-image-preview:large","max-video-preview":"max-video-preview:-1"},"canonical":"https:\/\/favorite-news.com\/pl\/fuzja-malo-prawdopodobna-leszek-czarnecki-rozmawia-z-2-funduszami-pozwy-ws-obligacji-getbacku\/","og_locale":"pl_PL","og_type":"article","og_title":"fuzja ma\u0142o prawdopodobna, Leszek Czarnecki rozmawia z 2 funduszami, pozwy ws. obligacji GetBacku - Favorite News","og_description":"[ad_1] Fuzj\u0119 Getin Noble Banku i Idea Banku og\u0142oszono w styczniu br. Zaznaczono, \u017ce banki zostan\u0105 po\u0142\u0105czone w trzecim kwartale br., po uzyskaniu zg\u00f3d regulator\u00f3w na czele z Komisj\u0105 Nadzoru Finansowego, i b\u0119d\u0105 dzia\u0142a\u0107 jako Getin Noble Bank, a z rynku zniknie marka Idea Bank. &#13; &#13; Oba podmioty poinformowa\u0142y, \u017ce dzi\u0119ki fuzji uda si\u0119 [&hellip;]","og_url":"https:\/\/favorite-news.com\/pl\/fuzja-malo-prawdopodobna-leszek-czarnecki-rozmawia-z-2-funduszami-pozwy-ws-obligacji-getbacku\/","og_site_name":"Favorite News","article_published_time":"2019-05-27T11:13:37+00:00","article_modified_time":"2019-05-27T11:13:38+00:00","og_image":[{"width":655,"height":553,"url":"https:\/\/favorite-news.com\/pl\/wp-content\/uploads\/sites\/6\/2019\/05\/fuzja-ma\u0142o-prawdopodobna-Leszek-Czarnecki-rozmawia-z-2-funduszami-pozwy.png","type":"image\/png"}],"author":"favorite-news","twitter_card":"summary_large_image","twitter_misc":{"Napisane przez":"favorite-news","Szacowany czas czytania":"7 minut"},"schema":{"@context":"https:\/\/schema.org","@graph":[{"@type":"Article","@id":"https:\/\/favorite-news.com\/pl\/fuzja-malo-prawdopodobna-leszek-czarnecki-rozmawia-z-2-funduszami-pozwy-ws-obligacji-getbacku\/#article","isPartOf":{"@id":"https:\/\/favorite-news.com\/pl\/fuzja-malo-prawdopodobna-leszek-czarnecki-rozmawia-z-2-funduszami-pozwy-ws-obligacji-getbacku\/"},"author":{"name":"favorite-news","@id":"https:\/\/favorite-news.com\/pl\/#\/schema\/person\/b91573b717dcfa5e4696032a9d28d3e8"},"headline":"fuzja ma\u0142o prawdopodobna, Leszek Czarnecki rozmawia z 2 funduszami, pozwy ws. obligacji GetBacku","datePublished":"2019-05-27T11:13:37+00:00","dateModified":"2019-05-27T11:13:38+00:00","mainEntityOfPage":{"@id":"https:\/\/favorite-news.com\/pl\/fuzja-malo-prawdopodobna-leszek-czarnecki-rozmawia-z-2-funduszami-pozwy-ws-obligacji-getbacku\/"},"wordCount":1475,"commentCount":0,"image":{"@id":"https:\/\/favorite-news.com\/pl\/fuzja-malo-prawdopodobna-leszek-czarnecki-rozmawia-z-2-funduszami-pozwy-ws-obligacji-getbacku\/#primaryimage"},"thumbnailUrl":"https:\/\/favorite-news.com\/pl\/wp-content\/uploads\/sites\/6\/2019\/05\/fuzja-ma\u0142o-prawdopodobna-Leszek-Czarnecki-rozmawia-z-2-funduszami-pozwy.png","articleSection":["WIADOMO\u015aCI MARKETINGOWE INTERNETOWE"],"inLanguage":"pl-PL","potentialAction":[{"@type":"CommentAction","name":"Comment","target":["https:\/\/favorite-news.com\/pl\/fuzja-malo-prawdopodobna-leszek-czarnecki-rozmawia-z-2-funduszami-pozwy-ws-obligacji-getbacku\/#respond"]}]},{"@type":"WebPage","@id":"https:\/\/favorite-news.com\/pl\/fuzja-malo-prawdopodobna-leszek-czarnecki-rozmawia-z-2-funduszami-pozwy-ws-obligacji-getbacku\/","url":"https:\/\/favorite-news.com\/pl\/fuzja-malo-prawdopodobna-leszek-czarnecki-rozmawia-z-2-funduszami-pozwy-ws-obligacji-getbacku\/","name":"fuzja ma\u0142o prawdopodobna, Leszek Czarnecki rozmawia z 2 funduszami, pozwy ws. obligacji GetBacku - Favorite News","isPartOf":{"@id":"https:\/\/favorite-news.com\/pl\/#website"},"primaryImageOfPage":{"@id":"https:\/\/favorite-news.com\/pl\/fuzja-malo-prawdopodobna-leszek-czarnecki-rozmawia-z-2-funduszami-pozwy-ws-obligacji-getbacku\/#primaryimage"},"image":{"@id":"https:\/\/favorite-news.com\/pl\/fuzja-malo-prawdopodobna-leszek-czarnecki-rozmawia-z-2-funduszami-pozwy-ws-obligacji-getbacku\/#primaryimage"},"thumbnailUrl":"https:\/\/favorite-news.com\/pl\/wp-content\/uploads\/sites\/6\/2019\/05\/fuzja-ma\u0142o-prawdopodobna-Leszek-Czarnecki-rozmawia-z-2-funduszami-pozwy.png","datePublished":"2019-05-27T11:13:37+00:00","dateModified":"2019-05-27T11:13:38+00:00","author":{"@id":"https:\/\/favorite-news.com\/pl\/#\/schema\/person\/b91573b717dcfa5e4696032a9d28d3e8"},"breadcrumb":{"@id":"https:\/\/favorite-news.com\/pl\/fuzja-malo-prawdopodobna-leszek-czarnecki-rozmawia-z-2-funduszami-pozwy-ws-obligacji-getbacku\/#breadcrumb"},"inLanguage":"pl-PL","potentialAction":[{"@type":"ReadAction","target":["https:\/\/favorite-news.com\/pl\/fuzja-malo-prawdopodobna-leszek-czarnecki-rozmawia-z-2-funduszami-pozwy-ws-obligacji-getbacku\/"]}]},{"@type":"ImageObject","inLanguage":"pl-PL","@id":"https:\/\/favorite-news.com\/pl\/fuzja-malo-prawdopodobna-leszek-czarnecki-rozmawia-z-2-funduszami-pozwy-ws-obligacji-getbacku\/#primaryimage","url":"https:\/\/favorite-news.com\/pl\/wp-content\/uploads\/sites\/6\/2019\/05\/fuzja-ma\u0142o-prawdopodobna-Leszek-Czarnecki-rozmawia-z-2-funduszami-pozwy.png","contentUrl":"https:\/\/favorite-news.com\/pl\/wp-content\/uploads\/sites\/6\/2019\/05\/fuzja-ma\u0142o-prawdopodobna-Leszek-Czarnecki-rozmawia-z-2-funduszami-pozwy.png","width":655,"height":553,"caption":"Article"},{"@type":"BreadcrumbList","@id":"https:\/\/favorite-news.com\/pl\/fuzja-malo-prawdopodobna-leszek-czarnecki-rozmawia-z-2-funduszami-pozwy-ws-obligacji-getbacku\/#breadcrumb","itemListElement":[{"@type":"ListItem","position":1,"name":"Home","item":"https:\/\/favorite-news.com\/pl\/"},{"@type":"ListItem","position":2,"name":"fuzja ma\u0142o prawdopodobna, Leszek Czarnecki rozmawia z 2 funduszami, pozwy ws. obligacji GetBacku"}]},{"@type":"WebSite","@id":"https:\/\/favorite-news.com\/pl\/#website","url":"https:\/\/favorite-news.com\/pl\/","name":"Favorite News","description":"Favorite News Polska","potentialAction":[{"@type":"SearchAction","target":{"@type":"EntryPoint","urlTemplate":"https:\/\/favorite-news.com\/pl\/?s={search_term_string}"},"query-input":{"@type":"PropertyValueSpecification","valueRequired":true,"valueName":"search_term_string"}}],"inLanguage":"pl-PL"},{"@type":"Person","@id":"https:\/\/favorite-news.com\/pl\/#\/schema\/person\/b91573b717dcfa5e4696032a9d28d3e8","name":"favorite-news","image":{"@type":"ImageObject","inLanguage":"pl-PL","@id":"https:\/\/secure.gravatar.com\/avatar\/6c5a5cb12b74e9d517ee91cf570335b7d16177f1977cc91db161adfa435945a7?s=96&d=mm&r=g","url":"https:\/\/secure.gravatar.com\/avatar\/6c5a5cb12b74e9d517ee91cf570335b7d16177f1977cc91db161adfa435945a7?s=96&d=mm&r=g","contentUrl":"https:\/\/secure.gravatar.com\/avatar\/6c5a5cb12b74e9d517ee91cf570335b7d16177f1977cc91db161adfa435945a7?s=96&d=mm&r=g","caption":"favorite-news"},"url":"https:\/\/favorite-news.com\/pl\/author\/pt\/"}]}},"_links":{"self":[{"href":"https:\/\/favorite-news.com\/pl\/wp-json\/wp\/v2\/posts\/948","targetHints":{"allow":["GET"]}}],"collection":[{"href":"https:\/\/favorite-news.com\/pl\/wp-json\/wp\/v2\/posts"}],"about":[{"href":"https:\/\/favorite-news.com\/pl\/wp-json\/wp\/v2\/types\/post"}],"author":[{"embeddable":true,"href":"https:\/\/favorite-news.com\/pl\/wp-json\/wp\/v2\/users\/2"}],"replies":[{"embeddable":true,"href":"https:\/\/favorite-news.com\/pl\/wp-json\/wp\/v2\/comments?post=948"}],"version-history":[{"count":1,"href":"https:\/\/favorite-news.com\/pl\/wp-json\/wp\/v2\/posts\/948\/revisions"}],"predecessor-version":[{"id":950,"href":"https:\/\/favorite-news.com\/pl\/wp-json\/wp\/v2\/posts\/948\/revisions\/950"}],"wp:featuredmedia":[{"embeddable":true,"href":"https:\/\/favorite-news.com\/pl\/wp-json\/wp\/v2\/media\/949"}],"wp:attachment":[{"href":"https:\/\/favorite-news.com\/pl\/wp-json\/wp\/v2\/media?parent=948"}],"wp:term":[{"taxonomy":"category","embeddable":true,"href":"https:\/\/favorite-news.com\/pl\/wp-json\/wp\/v2\/categories?post=948"},{"taxonomy":"post_tag","embeddable":true,"href":"https:\/\/favorite-news.com\/pl\/wp-json\/wp\/v2\/tags?post=948"}],"curies":[{"name":"wp","href":"https:\/\/api.w.org\/{rel}","templated":true}]}}