{"id":942,"date":"2019-05-27T10:58:31","date_gmt":"2019-05-27T07:58:31","guid":{"rendered":"https:\/\/favorite-news.com\/pl\/wplywy-wzrosly-o-17-proc-dzieki-grupie-s-f-i-talentmedia-01-mln-zl-straty-ebitda\/"},"modified":"2019-05-27T10:58:32","modified_gmt":"2019-05-27T07:58:32","slug":"wplywy-wzrosly-o-17-proc-dzieki-grupie-s-f-i-talentmedia-01-mln-zl-straty-ebitda","status":"publish","type":"post","link":"https:\/\/favorite-news.com\/pl\/wplywy-wzrosly-o-17-proc-dzieki-grupie-s-f-i-talentmedia-01-mln-zl-straty-ebitda\/","title":{"rendered":"wp\u0142ywy wzros\u0142y o 17 proc. dzi\u0119ki grupie S\/F i TalentMedia, 0,1 mln z\u0142 straty EBITDA"},"content":{"rendered":"<p> [ad_1]<br \/>\n<\/p>\n<div id=\"\">\n<p>W komunikacie gie\u0142dowym Mediacapu stwierdzono, \u017ce <strong>wzrost skonsolidowanych wp\u0142yw\u00f3w wynika z wy\u017cszych o ok. 20 proc. przychod\u00f3w sprzeda\u017cowych z dw\u00f3ch \u017ar\u00f3de\u0142:<\/strong> marketingowego biznesu konsultingowego grupy S\/F (obejmuj\u0105cej agencje reklamowe Scholz&amp;Friends Warszawa, EmLab i uruchomion\u0105 w po\u0142owie ub.r. Booost) oraz agencji influencer marketingowej TalentMedia.<\/p>\n<p>&#13;<br \/>\n&#13;<\/p>\n<p>Natomiast wynik EBITDA wyni\u00f3s\u0142 0,1 mln z\u0142 straty liczony wed\u0142ug nowego standardu MSSF 16, a gdyby zastosowa\u0107 poprzedni standard &#8211; by\u0142oby to 0,7 mln z\u0142 straty <strong>firma t\u0142umaczy to wy\u017csz\u0105 bazy koszt\u00f3w \u201ezwi\u0105zanych z wi\u0119ksz\u0105 skal\u0105 prowadzonej dzia\u0142alno\u015bci, kt\u00f3ra nie mia\u0142a odzwierciedlenia w przychodach kwarta\u0142u\u201d<\/strong>.<\/p>\n<p>&#13;<br \/>\n&#13;<\/p>\n<p>Pe\u0142ny raport finansowy z minionego kwarta\u0142u Mediacap opublikuje 30 maja.<\/p>\n<p>&#13;<br \/>\n&#13;<\/p>\n<p>Do holdingu opr\u00f3cz grupy S\/F i TalentMedia nale\u017c\u0105 firma badawcza IQS oraz platformy technologiczne Plastream i Opinie.pl.<\/p>\n<p>&#13;<br \/>\n&#13;<\/p>\n<p>W po\u0142owie marca br. TalentMedia za 9,2 mln z\u0142 kupi\u0142 79 proc. udzia\u0142\u00f3w sieci partnerskiej LifeTube. Jej wyniki nie zostan\u0105 jeszcze uwzgl\u0119dnione w sprawozdaniu Medicapu z pierwszego kwarta\u0142u.<\/p>\n<p>&#13;<br \/>\n&#13;<\/p>\n<p>W ca\u0142ym ub.r. Mediacap zanotowa\u0142 wzrost wp\u0142yw\u00f3w sprzeda\u017cowych o 26 proc. do 94,4 mln z\u0142 oraz 3,24 mln z\u0142 zysku netto (wobec 2,66 mln z\u0142 zysku netto rok wcze\u015bniej).<\/p>\n<p>&#13;<br \/>\n&#13;<\/p>\n<p>Wi\u0119kszo\u015bciowym akcjonariuszem Mediacapu jest jego prezes Jacek Olechowski, ma walory stanowi\u0105ce 52,56 proc. kapita\u0142u sp\u00f3\u0142ki. W zesz\u0142y pi\u0105tek na koniec sesji gie\u0142dowej kurs firmy wynosi\u0142 1,93 z\u0142, co dawa\u0142o jej kapitalizacj\u0119 w wysoko\u015bci 35,55 mln z\u0142.<\/p>\n<p>&#13;<br \/>\n                            &#13;<br \/>\n&#13;<br \/>\n                            &#13;<br \/>\n&#13;<br \/>\n&#13;<br \/>\n&#13;<br \/>\n&#13;<br \/>\n&#13;<br \/>\n                            &#13;<br \/>\n                                                            &#13;<br \/>\n&#13;<br \/>\n                            &#13;\n                        <\/p><\/div>\n<p><script>(function (d, s, id) {\n        var js, fjs = d.getElementsByTagName(s)[0];\n        if (d.getElementById(id)) return;\n        js = d.createElement(s);\n        js.id = id;\n        js.src = \"http:\/\/connect.facebook.net\/pl_PL\/sdk.js#xfbml=1&version=v2.6&appId=297996717062470\";\n        fjs.parentNode.insertBefore(js, fjs);\n    }(document, 'script', 'facebook-jssdk'));<\/script><br \/>\n<br \/>[ad_2]<br \/>\n<br \/><a href=\"https:\/\/www.wirtualnemedia.pl\/artykul\/mediacap-wyniki-w-2019-roku-wplywy-wzrosly-o-17-proc-dzieki-grupie-s-f-i-talentmedia-0-1-mln-zl-straty-ebitda\">Source link <\/a><\/p>\n","protected":false},"excerpt":{"rendered":"<p>[ad_1] W komunikacie gie\u0142dowym Mediacapu stwierdzono, \u017ce wzrost skonsolidowanych wp\u0142yw\u00f3w wynika z wy\u017cszych o ok. 20 proc. przychod\u00f3w sprzeda\u017cowych z dw\u00f3ch \u017ar\u00f3de\u0142: marketingowego biznesu konsultingowego grupy S\/F (obejmuj\u0105cej agencje reklamowe Scholz&amp;Friends Warszawa, EmLab i uruchomion\u0105 w po\u0142owie ub.r. Booost) oraz agencji influencer marketingowej TalentMedia. &#13; &#13; Natomiast wynik EBITDA wyni\u00f3s\u0142 0,1 mln z\u0142 straty liczony [&hellip;]<\/p>\n","protected":false},"author":2,"featured_media":943,"comment_status":"open","ping_status":"open","sticky":false,"template":"","format":"standard","meta":{"footnotes":""},"categories":[2],"tags":[],"class_list":["post-942","post","type-post","status-publish","format-standard","has-post-thumbnail","hentry","category-wiadomosci-marketingowe-internetowe"],"yoast_head":"<!-- This site is optimized with the Yoast SEO plugin v27.4 - https:\/\/yoast.com\/product\/yoast-seo-wordpress\/ -->\n<title>wp\u0142ywy wzros\u0142y o 17 proc. dzi\u0119ki grupie S\/F i TalentMedia, 0,1 mln z\u0142 straty EBITDA - Favorite News<\/title>\n<meta name=\"robots\" content=\"index, follow, max-snippet:-1, max-image-preview:large, max-video-preview:-1\" \/>\n<link rel=\"canonical\" href=\"https:\/\/favorite-news.com\/pl\/wplywy-wzrosly-o-17-proc-dzieki-grupie-s-f-i-talentmedia-01-mln-zl-straty-ebitda\/\" \/>\n<meta property=\"og:locale\" content=\"pl_PL\" \/>\n<meta property=\"og:type\" content=\"article\" \/>\n<meta property=\"og:title\" content=\"wp\u0142ywy wzros\u0142y o 17 proc. dzi\u0119ki grupie S\/F i TalentMedia, 0,1 mln z\u0142 straty EBITDA - Favorite News\" \/>\n<meta property=\"og:description\" content=\"[ad_1] W komunikacie gie\u0142dowym Mediacapu stwierdzono, \u017ce wzrost skonsolidowanych wp\u0142yw\u00f3w wynika z wy\u017cszych o ok. 20 proc. przychod\u00f3w sprzeda\u017cowych z dw\u00f3ch \u017ar\u00f3de\u0142: marketingowego biznesu konsultingowego grupy S\/F (obejmuj\u0105cej agencje reklamowe Scholz&amp;Friends Warszawa, EmLab i uruchomion\u0105 w po\u0142owie ub.r. Booost) oraz agencji influencer marketingowej TalentMedia. &#013; &#013; Natomiast wynik EBITDA wyni\u00f3s\u0142 0,1 mln z\u0142 straty liczony [&hellip;]\" \/>\n<meta property=\"og:url\" content=\"https:\/\/favorite-news.com\/pl\/wplywy-wzrosly-o-17-proc-dzieki-grupie-s-f-i-talentmedia-01-mln-zl-straty-ebitda\/\" \/>\n<meta property=\"og:site_name\" content=\"Favorite News\" \/>\n<meta property=\"article:published_time\" content=\"2019-05-27T07:58:31+00:00\" \/>\n<meta property=\"article:modified_time\" content=\"2019-05-27T07:58:32+00:00\" \/>\n<meta property=\"og:image\" content=\"https:\/\/favorite-news.com\/pl\/wp-content\/uploads\/sites\/6\/2019\/05\/wp\u0142ywy-wzros\u0142y-o-17-proc.-dzi\u0119ki-grupie-SF-i-TalentMedia.jpg\" \/>\n\t<meta property=\"og:image:width\" content=\"655\" \/>\n\t<meta property=\"og:image:height\" content=\"437\" \/>\n\t<meta property=\"og:image:type\" content=\"image\/jpeg\" \/>\n<meta name=\"author\" content=\"favorite-news\" \/>\n<meta name=\"twitter:card\" content=\"summary_large_image\" \/>\n<meta name=\"twitter:label1\" content=\"Napisane przez\" \/>\n\t<meta name=\"twitter:data1\" content=\"favorite-news\" \/>\n\t<meta name=\"twitter:label2\" content=\"Szacowany czas czytania\" \/>\n\t<meta name=\"twitter:data2\" content=\"1 minuta\" \/>\n<script type=\"application\/ld+json\" class=\"yoast-schema-graph\">{\"@context\":\"https:\\\/\\\/schema.org\",\"@graph\":[{\"@type\":\"Article\",\"@id\":\"https:\\\/\\\/favorite-news.com\\\/pl\\\/wplywy-wzrosly-o-17-proc-dzieki-grupie-s-f-i-talentmedia-01-mln-zl-straty-ebitda\\\/#article\",\"isPartOf\":{\"@id\":\"https:\\\/\\\/favorite-news.com\\\/pl\\\/wplywy-wzrosly-o-17-proc-dzieki-grupie-s-f-i-talentmedia-01-mln-zl-straty-ebitda\\\/\"},\"author\":{\"name\":\"favorite-news\",\"@id\":\"https:\\\/\\\/favorite-news.com\\\/pl\\\/#\\\/schema\\\/person\\\/b91573b717dcfa5e4696032a9d28d3e8\"},\"headline\":\"wp\u0142ywy wzros\u0142y o 17 proc. dzi\u0119ki grupie S\\\/F i TalentMedia, 0,1 mln z\u0142 straty EBITDA\",\"datePublished\":\"2019-05-27T07:58:31+00:00\",\"dateModified\":\"2019-05-27T07:58:32+00:00\",\"mainEntityOfPage\":{\"@id\":\"https:\\\/\\\/favorite-news.com\\\/pl\\\/wplywy-wzrosly-o-17-proc-dzieki-grupie-s-f-i-talentmedia-01-mln-zl-straty-ebitda\\\/\"},\"wordCount\":267,\"commentCount\":0,\"image\":{\"@id\":\"https:\\\/\\\/favorite-news.com\\\/pl\\\/wplywy-wzrosly-o-17-proc-dzieki-grupie-s-f-i-talentmedia-01-mln-zl-straty-ebitda\\\/#primaryimage\"},\"thumbnailUrl\":\"https:\\\/\\\/favorite-news.com\\\/pl\\\/wp-content\\\/uploads\\\/sites\\\/6\\\/2019\\\/05\\\/wp\u0142ywy-wzros\u0142y-o-17-proc.-dzi\u0119ki-grupie-SF-i-TalentMedia.jpg\",\"articleSection\":[\"WIADOMO\u015aCI MARKETINGOWE INTERNETOWE\"],\"inLanguage\":\"pl-PL\",\"potentialAction\":[{\"@type\":\"CommentAction\",\"name\":\"Comment\",\"target\":[\"https:\\\/\\\/favorite-news.com\\\/pl\\\/wplywy-wzrosly-o-17-proc-dzieki-grupie-s-f-i-talentmedia-01-mln-zl-straty-ebitda\\\/#respond\"]}]},{\"@type\":\"WebPage\",\"@id\":\"https:\\\/\\\/favorite-news.com\\\/pl\\\/wplywy-wzrosly-o-17-proc-dzieki-grupie-s-f-i-talentmedia-01-mln-zl-straty-ebitda\\\/\",\"url\":\"https:\\\/\\\/favorite-news.com\\\/pl\\\/wplywy-wzrosly-o-17-proc-dzieki-grupie-s-f-i-talentmedia-01-mln-zl-straty-ebitda\\\/\",\"name\":\"wp\u0142ywy wzros\u0142y o 17 proc. dzi\u0119ki grupie S\\\/F i TalentMedia, 0,1 mln z\u0142 straty EBITDA - Favorite News\",\"isPartOf\":{\"@id\":\"https:\\\/\\\/favorite-news.com\\\/pl\\\/#website\"},\"primaryImageOfPage\":{\"@id\":\"https:\\\/\\\/favorite-news.com\\\/pl\\\/wplywy-wzrosly-o-17-proc-dzieki-grupie-s-f-i-talentmedia-01-mln-zl-straty-ebitda\\\/#primaryimage\"},\"image\":{\"@id\":\"https:\\\/\\\/favorite-news.com\\\/pl\\\/wplywy-wzrosly-o-17-proc-dzieki-grupie-s-f-i-talentmedia-01-mln-zl-straty-ebitda\\\/#primaryimage\"},\"thumbnailUrl\":\"https:\\\/\\\/favorite-news.com\\\/pl\\\/wp-content\\\/uploads\\\/sites\\\/6\\\/2019\\\/05\\\/wp\u0142ywy-wzros\u0142y-o-17-proc.-dzi\u0119ki-grupie-SF-i-TalentMedia.jpg\",\"datePublished\":\"2019-05-27T07:58:31+00:00\",\"dateModified\":\"2019-05-27T07:58:32+00:00\",\"author\":{\"@id\":\"https:\\\/\\\/favorite-news.com\\\/pl\\\/#\\\/schema\\\/person\\\/b91573b717dcfa5e4696032a9d28d3e8\"},\"breadcrumb\":{\"@id\":\"https:\\\/\\\/favorite-news.com\\\/pl\\\/wplywy-wzrosly-o-17-proc-dzieki-grupie-s-f-i-talentmedia-01-mln-zl-straty-ebitda\\\/#breadcrumb\"},\"inLanguage\":\"pl-PL\",\"potentialAction\":[{\"@type\":\"ReadAction\",\"target\":[\"https:\\\/\\\/favorite-news.com\\\/pl\\\/wplywy-wzrosly-o-17-proc-dzieki-grupie-s-f-i-talentmedia-01-mln-zl-straty-ebitda\\\/\"]}]},{\"@type\":\"ImageObject\",\"inLanguage\":\"pl-PL\",\"@id\":\"https:\\\/\\\/favorite-news.com\\\/pl\\\/wplywy-wzrosly-o-17-proc-dzieki-grupie-s-f-i-talentmedia-01-mln-zl-straty-ebitda\\\/#primaryimage\",\"url\":\"https:\\\/\\\/favorite-news.com\\\/pl\\\/wp-content\\\/uploads\\\/sites\\\/6\\\/2019\\\/05\\\/wp\u0142ywy-wzros\u0142y-o-17-proc.-dzi\u0119ki-grupie-SF-i-TalentMedia.jpg\",\"contentUrl\":\"https:\\\/\\\/favorite-news.com\\\/pl\\\/wp-content\\\/uploads\\\/sites\\\/6\\\/2019\\\/05\\\/wp\u0142ywy-wzros\u0142y-o-17-proc.-dzi\u0119ki-grupie-SF-i-TalentMedia.jpg\",\"width\":655,\"height\":437,\"caption\":\"Article\"},{\"@type\":\"BreadcrumbList\",\"@id\":\"https:\\\/\\\/favorite-news.com\\\/pl\\\/wplywy-wzrosly-o-17-proc-dzieki-grupie-s-f-i-talentmedia-01-mln-zl-straty-ebitda\\\/#breadcrumb\",\"itemListElement\":[{\"@type\":\"ListItem\",\"position\":1,\"name\":\"Home\",\"item\":\"https:\\\/\\\/favorite-news.com\\\/pl\\\/\"},{\"@type\":\"ListItem\",\"position\":2,\"name\":\"wp\u0142ywy wzros\u0142y o 17 proc. dzi\u0119ki grupie S\\\/F i TalentMedia, 0,1 mln z\u0142 straty EBITDA\"}]},{\"@type\":\"WebSite\",\"@id\":\"https:\\\/\\\/favorite-news.com\\\/pl\\\/#website\",\"url\":\"https:\\\/\\\/favorite-news.com\\\/pl\\\/\",\"name\":\"Favorite News\",\"description\":\"Favorite News Polska\",\"potentialAction\":[{\"@type\":\"SearchAction\",\"target\":{\"@type\":\"EntryPoint\",\"urlTemplate\":\"https:\\\/\\\/favorite-news.com\\\/pl\\\/?s={search_term_string}\"},\"query-input\":{\"@type\":\"PropertyValueSpecification\",\"valueRequired\":true,\"valueName\":\"search_term_string\"}}],\"inLanguage\":\"pl-PL\"},{\"@type\":\"Person\",\"@id\":\"https:\\\/\\\/favorite-news.com\\\/pl\\\/#\\\/schema\\\/person\\\/b91573b717dcfa5e4696032a9d28d3e8\",\"name\":\"favorite-news\",\"image\":{\"@type\":\"ImageObject\",\"inLanguage\":\"pl-PL\",\"@id\":\"https:\\\/\\\/secure.gravatar.com\\\/avatar\\\/6c5a5cb12b74e9d517ee91cf570335b7d16177f1977cc91db161adfa435945a7?s=96&d=mm&r=g\",\"url\":\"https:\\\/\\\/secure.gravatar.com\\\/avatar\\\/6c5a5cb12b74e9d517ee91cf570335b7d16177f1977cc91db161adfa435945a7?s=96&d=mm&r=g\",\"contentUrl\":\"https:\\\/\\\/secure.gravatar.com\\\/avatar\\\/6c5a5cb12b74e9d517ee91cf570335b7d16177f1977cc91db161adfa435945a7?s=96&d=mm&r=g\",\"caption\":\"favorite-news\"},\"url\":\"https:\\\/\\\/favorite-news.com\\\/pl\\\/author\\\/pt\\\/\"}]}<\/script>\n<!-- \/ Yoast SEO plugin. -->","yoast_head_json":{"title":"wp\u0142ywy wzros\u0142y o 17 proc. dzi\u0119ki grupie S\/F i TalentMedia, 0,1 mln z\u0142 straty EBITDA - Favorite News","robots":{"index":"index","follow":"follow","max-snippet":"max-snippet:-1","max-image-preview":"max-image-preview:large","max-video-preview":"max-video-preview:-1"},"canonical":"https:\/\/favorite-news.com\/pl\/wplywy-wzrosly-o-17-proc-dzieki-grupie-s-f-i-talentmedia-01-mln-zl-straty-ebitda\/","og_locale":"pl_PL","og_type":"article","og_title":"wp\u0142ywy wzros\u0142y o 17 proc. dzi\u0119ki grupie S\/F i TalentMedia, 0,1 mln z\u0142 straty EBITDA - Favorite News","og_description":"[ad_1] W komunikacie gie\u0142dowym Mediacapu stwierdzono, \u017ce wzrost skonsolidowanych wp\u0142yw\u00f3w wynika z wy\u017cszych o ok. 20 proc. przychod\u00f3w sprzeda\u017cowych z dw\u00f3ch \u017ar\u00f3de\u0142: marketingowego biznesu konsultingowego grupy S\/F (obejmuj\u0105cej agencje reklamowe Scholz&amp;Friends Warszawa, EmLab i uruchomion\u0105 w po\u0142owie ub.r. Booost) oraz agencji influencer marketingowej TalentMedia. &#13; &#13; Natomiast wynik EBITDA wyni\u00f3s\u0142 0,1 mln z\u0142 straty liczony [&hellip;]","og_url":"https:\/\/favorite-news.com\/pl\/wplywy-wzrosly-o-17-proc-dzieki-grupie-s-f-i-talentmedia-01-mln-zl-straty-ebitda\/","og_site_name":"Favorite News","article_published_time":"2019-05-27T07:58:31+00:00","article_modified_time":"2019-05-27T07:58:32+00:00","og_image":[{"width":655,"height":437,"url":"https:\/\/favorite-news.com\/pl\/wp-content\/uploads\/sites\/6\/2019\/05\/wp\u0142ywy-wzros\u0142y-o-17-proc.-dzi\u0119ki-grupie-SF-i-TalentMedia.jpg","type":"image\/jpeg"}],"author":"favorite-news","twitter_card":"summary_large_image","twitter_misc":{"Napisane przez":"favorite-news","Szacowany czas czytania":"1 minuta"},"schema":{"@context":"https:\/\/schema.org","@graph":[{"@type":"Article","@id":"https:\/\/favorite-news.com\/pl\/wplywy-wzrosly-o-17-proc-dzieki-grupie-s-f-i-talentmedia-01-mln-zl-straty-ebitda\/#article","isPartOf":{"@id":"https:\/\/favorite-news.com\/pl\/wplywy-wzrosly-o-17-proc-dzieki-grupie-s-f-i-talentmedia-01-mln-zl-straty-ebitda\/"},"author":{"name":"favorite-news","@id":"https:\/\/favorite-news.com\/pl\/#\/schema\/person\/b91573b717dcfa5e4696032a9d28d3e8"},"headline":"wp\u0142ywy wzros\u0142y o 17 proc. dzi\u0119ki grupie S\/F i TalentMedia, 0,1 mln z\u0142 straty EBITDA","datePublished":"2019-05-27T07:58:31+00:00","dateModified":"2019-05-27T07:58:32+00:00","mainEntityOfPage":{"@id":"https:\/\/favorite-news.com\/pl\/wplywy-wzrosly-o-17-proc-dzieki-grupie-s-f-i-talentmedia-01-mln-zl-straty-ebitda\/"},"wordCount":267,"commentCount":0,"image":{"@id":"https:\/\/favorite-news.com\/pl\/wplywy-wzrosly-o-17-proc-dzieki-grupie-s-f-i-talentmedia-01-mln-zl-straty-ebitda\/#primaryimage"},"thumbnailUrl":"https:\/\/favorite-news.com\/pl\/wp-content\/uploads\/sites\/6\/2019\/05\/wp\u0142ywy-wzros\u0142y-o-17-proc.-dzi\u0119ki-grupie-SF-i-TalentMedia.jpg","articleSection":["WIADOMO\u015aCI MARKETINGOWE INTERNETOWE"],"inLanguage":"pl-PL","potentialAction":[{"@type":"CommentAction","name":"Comment","target":["https:\/\/favorite-news.com\/pl\/wplywy-wzrosly-o-17-proc-dzieki-grupie-s-f-i-talentmedia-01-mln-zl-straty-ebitda\/#respond"]}]},{"@type":"WebPage","@id":"https:\/\/favorite-news.com\/pl\/wplywy-wzrosly-o-17-proc-dzieki-grupie-s-f-i-talentmedia-01-mln-zl-straty-ebitda\/","url":"https:\/\/favorite-news.com\/pl\/wplywy-wzrosly-o-17-proc-dzieki-grupie-s-f-i-talentmedia-01-mln-zl-straty-ebitda\/","name":"wp\u0142ywy wzros\u0142y o 17 proc. dzi\u0119ki grupie S\/F i TalentMedia, 0,1 mln z\u0142 straty EBITDA - Favorite News","isPartOf":{"@id":"https:\/\/favorite-news.com\/pl\/#website"},"primaryImageOfPage":{"@id":"https:\/\/favorite-news.com\/pl\/wplywy-wzrosly-o-17-proc-dzieki-grupie-s-f-i-talentmedia-01-mln-zl-straty-ebitda\/#primaryimage"},"image":{"@id":"https:\/\/favorite-news.com\/pl\/wplywy-wzrosly-o-17-proc-dzieki-grupie-s-f-i-talentmedia-01-mln-zl-straty-ebitda\/#primaryimage"},"thumbnailUrl":"https:\/\/favorite-news.com\/pl\/wp-content\/uploads\/sites\/6\/2019\/05\/wp\u0142ywy-wzros\u0142y-o-17-proc.-dzi\u0119ki-grupie-SF-i-TalentMedia.jpg","datePublished":"2019-05-27T07:58:31+00:00","dateModified":"2019-05-27T07:58:32+00:00","author":{"@id":"https:\/\/favorite-news.com\/pl\/#\/schema\/person\/b91573b717dcfa5e4696032a9d28d3e8"},"breadcrumb":{"@id":"https:\/\/favorite-news.com\/pl\/wplywy-wzrosly-o-17-proc-dzieki-grupie-s-f-i-talentmedia-01-mln-zl-straty-ebitda\/#breadcrumb"},"inLanguage":"pl-PL","potentialAction":[{"@type":"ReadAction","target":["https:\/\/favorite-news.com\/pl\/wplywy-wzrosly-o-17-proc-dzieki-grupie-s-f-i-talentmedia-01-mln-zl-straty-ebitda\/"]}]},{"@type":"ImageObject","inLanguage":"pl-PL","@id":"https:\/\/favorite-news.com\/pl\/wplywy-wzrosly-o-17-proc-dzieki-grupie-s-f-i-talentmedia-01-mln-zl-straty-ebitda\/#primaryimage","url":"https:\/\/favorite-news.com\/pl\/wp-content\/uploads\/sites\/6\/2019\/05\/wp\u0142ywy-wzros\u0142y-o-17-proc.-dzi\u0119ki-grupie-SF-i-TalentMedia.jpg","contentUrl":"https:\/\/favorite-news.com\/pl\/wp-content\/uploads\/sites\/6\/2019\/05\/wp\u0142ywy-wzros\u0142y-o-17-proc.-dzi\u0119ki-grupie-SF-i-TalentMedia.jpg","width":655,"height":437,"caption":"Article"},{"@type":"BreadcrumbList","@id":"https:\/\/favorite-news.com\/pl\/wplywy-wzrosly-o-17-proc-dzieki-grupie-s-f-i-talentmedia-01-mln-zl-straty-ebitda\/#breadcrumb","itemListElement":[{"@type":"ListItem","position":1,"name":"Home","item":"https:\/\/favorite-news.com\/pl\/"},{"@type":"ListItem","position":2,"name":"wp\u0142ywy wzros\u0142y o 17 proc. dzi\u0119ki grupie S\/F i TalentMedia, 0,1 mln z\u0142 straty EBITDA"}]},{"@type":"WebSite","@id":"https:\/\/favorite-news.com\/pl\/#website","url":"https:\/\/favorite-news.com\/pl\/","name":"Favorite News","description":"Favorite News Polska","potentialAction":[{"@type":"SearchAction","target":{"@type":"EntryPoint","urlTemplate":"https:\/\/favorite-news.com\/pl\/?s={search_term_string}"},"query-input":{"@type":"PropertyValueSpecification","valueRequired":true,"valueName":"search_term_string"}}],"inLanguage":"pl-PL"},{"@type":"Person","@id":"https:\/\/favorite-news.com\/pl\/#\/schema\/person\/b91573b717dcfa5e4696032a9d28d3e8","name":"favorite-news","image":{"@type":"ImageObject","inLanguage":"pl-PL","@id":"https:\/\/secure.gravatar.com\/avatar\/6c5a5cb12b74e9d517ee91cf570335b7d16177f1977cc91db161adfa435945a7?s=96&d=mm&r=g","url":"https:\/\/secure.gravatar.com\/avatar\/6c5a5cb12b74e9d517ee91cf570335b7d16177f1977cc91db161adfa435945a7?s=96&d=mm&r=g","contentUrl":"https:\/\/secure.gravatar.com\/avatar\/6c5a5cb12b74e9d517ee91cf570335b7d16177f1977cc91db161adfa435945a7?s=96&d=mm&r=g","caption":"favorite-news"},"url":"https:\/\/favorite-news.com\/pl\/author\/pt\/"}]}},"_links":{"self":[{"href":"https:\/\/favorite-news.com\/pl\/wp-json\/wp\/v2\/posts\/942","targetHints":{"allow":["GET"]}}],"collection":[{"href":"https:\/\/favorite-news.com\/pl\/wp-json\/wp\/v2\/posts"}],"about":[{"href":"https:\/\/favorite-news.com\/pl\/wp-json\/wp\/v2\/types\/post"}],"author":[{"embeddable":true,"href":"https:\/\/favorite-news.com\/pl\/wp-json\/wp\/v2\/users\/2"}],"replies":[{"embeddable":true,"href":"https:\/\/favorite-news.com\/pl\/wp-json\/wp\/v2\/comments?post=942"}],"version-history":[{"count":1,"href":"https:\/\/favorite-news.com\/pl\/wp-json\/wp\/v2\/posts\/942\/revisions"}],"predecessor-version":[{"id":944,"href":"https:\/\/favorite-news.com\/pl\/wp-json\/wp\/v2\/posts\/942\/revisions\/944"}],"wp:featuredmedia":[{"embeddable":true,"href":"https:\/\/favorite-news.com\/pl\/wp-json\/wp\/v2\/media\/943"}],"wp:attachment":[{"href":"https:\/\/favorite-news.com\/pl\/wp-json\/wp\/v2\/media?parent=942"}],"wp:term":[{"taxonomy":"category","embeddable":true,"href":"https:\/\/favorite-news.com\/pl\/wp-json\/wp\/v2\/categories?post=942"},{"taxonomy":"post_tag","embeddable":true,"href":"https:\/\/favorite-news.com\/pl\/wp-json\/wp\/v2\/tags?post=942"}],"curies":[{"name":"wp","href":"https:\/\/api.w.org\/{rel}","templated":true}]}}