{"id":930,"date":"2019-05-27T05:03:57","date_gmt":"2019-05-27T02:03:57","guid":{"rendered":"https:\/\/favorite-news.com\/pl\/wybory-parlament-europejski-wyniki-2019-elzbieta-kruk-i-beata-mazurek-wybrane\/"},"modified":"2019-05-27T05:03:59","modified_gmt":"2019-05-27T02:03:59","slug":"wybory-parlament-europejski-wyniki-2019-elzbieta-kruk-i-beata-mazurek-wybrane","status":"publish","type":"post","link":"https:\/\/favorite-news.com\/pl\/wybory-parlament-europejski-wyniki-2019-elzbieta-kruk-i-beata-mazurek-wybrane\/","title":{"rendered":"Wybory Parlament Europejski wyniki 2019: El\u017cbieta Kruk i Beata Mazurek wybrane"},"content":{"rendered":"<p> [ad_1]<br \/>\n<\/p>\n<div id=\"\">\n<p>Z badania exit poll przeprowadzonego przez Ipsos wynika, \u017ce <strong>El\u017cbieta Kruk otrzyma\u0142a 177 tys. g\u0142os\u00f3w, a Beata Mazurek &#8211; 172 tys. Obie startowa\u0142y z listy PiS w okr\u0119gu lubelskim,<\/strong> odpowiednio z pierwszego i drugiego miejsca na li\u015bcie.<\/p>\n<p>&#13;<br \/>\n&#13;<\/p>\n<p>Wed\u0142ug exit poll PiS uzyska\u0142 w tym okr\u0119gu 55,6 proc. g\u0142os\u00f3w, a KE &#8211; 30,3 proc.<\/p>\n<p>&#13;<br \/>\n&#13;<\/p>\n<p>&#13;<br \/>\n&#13;<\/p>\n<p>El\u017cbieta Kruk i Beata Mazurek s\u0105 obecnie pos\u0142ankami PiS w Sejmie. Kruk pe\u0142ni mandat poselski od 2001 roku, z przerw\u0105 od lipca 2006 do wrze\u015bnia 2007 roku, kiedy by\u0142a przewodnicz\u0105c\u0105 Krajowe Rady Radiofonii i Telewizji. Z kolei od po\u0142owy 2016 roku jest cz\u0142onkini\u0105 utworzonej wtedy Rady Medi\u00f3w Narodowych.<\/p>\n<p>&#13;<br \/>\n&#13;<\/p>\n<p>Beata Mazurek jest pos\u0142ank\u0105 PiS od 2005 roku. W 2004 i 2014 roku bez powodzenia startowa\u0142a z listy tej partii do Parlamentu Europejskiego. W grudniu 2015 roku zosta\u0142a rzeczniczk\u0105 prasow\u0105 klubu parlamentarnego PiS, a rok p\u00f3\u017aniej obj\u0119\u0142a te\u017c funkcj\u0119 rzeczniczki ca\u0142ej partii, zast\u0119puj\u0105c na tym stanowisku El\u017cbiet\u0119 Witek.<\/p>\n<p>&#13;<br \/>\n&#13;<\/p>\n<p><span style=\"font-size:20px;\"><strong>Kopci\u0144ska, Lichocka, Bosacki i Sellin bez mandat\u00f3w<\/strong><\/span><\/p>\n<p>&#13;<br \/>\n&#13;<\/p>\n<p>Mandat\u00f3w do europarlamentu, wed\u0142ug exit poll, nie uzyskali natomiast pos\u0142anka PiS i rzeczniczka rz\u0105du Joanna Kopci\u0144ska oraz pos\u0142anka PiS i cz\u0142onkini Rady Medi\u00f3w Narodowych Joanna Lichocka.<\/p>\n<p>&#13;<br \/>\n&#13;<\/p>\n<p><strong>Kopci\u0144ska startowa\u0142a z drugiego miejsca w okr\u0119gu \u0142\u00f3dzkim<\/strong>. Wed\u0142ug exit poll w tym okr\u0119gu zosta\u0142 wybrany Witold Waszczykowski b\u0119d\u0105cy na pierwszej pozycji na li\u015bcie PiS. Partia rz\u0105dz\u0105ca uzyska\u0142a w \u0141\u00f3dzkiem 43,9 proc. g\u0142os\u00f3w, a Koalicja Europejska &#8211; 37,4 proc.<\/p>\n<p>&#13;<br \/>\n&#13;<\/p>\n<p>Natomiast <strong>Joanna Lichocka by\u0142a na trzeciej pozycji na li\u015bcie PiS w Wielkopolsce<\/strong>. Wed\u0142ug exit poll pewny mandat w tym okr\u0119gu ma Zdzis\u0142aw Krasnod\u0119bski (nr 1 na li\u015bcie) dzi\u0119ki 156 tys. g\u0142os\u00f3w, a wybrana by\u0107 mo\u017ce zosta\u0142a te\u017c And\u017celika Mo\u017cd\u017canowska (nr 2 na li\u015bcie).<\/p>\n<p>&#13;<br \/>\n&#13;<\/p>\n<p>W Wielkopolsce mandaty uzyskali te\u017c startuj\u0105cy z pierwszych dw\u00f3ch miejsc na li\u015bcie Koalicji Europejskiej Ewa Kopacz (dosta\u0142a 263 tys. g\u0142os\u00f3w) i Leszek Miller. <strong>Do europarlamentu nie dosta\u0142 si\u0119 natomiast Marcin Bosacki b\u0119d\u0105cy na si\u00f3dmej pozycji na li\u015bcie KE w tym okr\u0119gu<\/strong>. Bosacki w latach 1990-2010 pracowa\u0142 w \u201eGazecie Wyborczej\u201d, a potem rzecznikiem prasowym MSZ (w latach 2010-2013) i ambasadorem Polski w Kanadzie (2013-2016).<\/p>\n<p>&#13;<br \/>\n&#13;<\/p>\n<p>Z kolei <strong>w okr\u0119gu pomorskim mandatu nie zdoby\u0142 wiceminister kultury Jaros\u0142aw Sellin<\/strong>, startuj\u0105cy z drugiego miejsce na li\u015bcie PiS. Wybrana zosta\u0142a zajmuj\u0105ca pierwsz\u0105 pozycj\u0119 na li\u015bcie tej partii Anna Fotyga.<\/p>\n<p>&#13;<br \/>\n&#13;<\/p>\n<p>Sellin jest wiceministrem kultury od jesieni 2015 roku, w Sejmie jest od 2005 roku, a z PiS jest zwi\u0105zany od 2010 roku. Od 1999 do 2005 roku by\u0142 cz\u0142onkiem KRRiT, od wiosny 1998 do wiosny 1999 roku rzecznikiem prasowym rz\u0105du Jerzego Buzka, a wcze\u015bniej pracowa\u0142 te\u017c jako dziennikarz, m.in. w TVP i Polsacie.<\/p>\n<p>&#13;<br \/>\n&#13;<\/p>\n<p>Wed\u0142ug badania exit poll <strong>PiS uzyska\u0142 w wyborach 24 mandaty europos\u0142\u00f3w, Koalicja Obywatelska &#8211; 22, a Wiosna i Konfederacja &#8211; po trzy.<\/strong><\/p>\n<p>&#13;<br \/>\n                            &#13;<br \/>\n&#13;<br \/>\n                            &#13;<br \/>\n&#13;<br \/>\n&#13;<br \/>\n&#13;<br \/>\n&#13;<br \/>\n&#13;<br \/>\n                            &#13;<br \/>\n                                                            &#13;<br \/>\n&#13;<br \/>\n                            &#13;\n                        <\/p><\/div>\n<p><script>(function (d, s, id) {\n        var js, fjs = d.getElementsByTagName(s)[0];\n        if (d.getElementById(id)) return;\n        js = d.createElement(s);\n        js.id = id;\n        js.src = \"http:\/\/connect.facebook.net\/pl_PL\/sdk.js#xfbml=1&version=v2.6&appId=297996717062470\";\n        fjs.parentNode.insertBefore(js, fjs);\n    }(document, 'script', 'facebook-jssdk'));<\/script><br \/>\n<br \/>[ad_2]<br \/>\n<br \/><a href=\"https:\/\/www.wirtualnemedia.pl\/artykul\/wybory-parlament-europejski-wyniki-2019-elzbieta-kruk-i-beata-mazurek-wybrane-kopcinska-lichocka-seelin-i-bosacki-bez-mandatow\">Source link <\/a><\/p>\n","protected":false},"excerpt":{"rendered":"<p>[ad_1] Z badania exit poll przeprowadzonego przez Ipsos wynika, \u017ce El\u017cbieta Kruk otrzyma\u0142a 177 tys. g\u0142os\u00f3w, a Beata Mazurek &#8211; 172 tys. Obie startowa\u0142y z listy PiS w okr\u0119gu lubelskim, odpowiednio z pierwszego i drugiego miejsca na li\u015bcie. &#13; &#13; Wed\u0142ug exit poll PiS uzyska\u0142 w tym okr\u0119gu 55,6 proc. g\u0142os\u00f3w, a KE &#8211; 30,3 [&hellip;]<\/p>\n","protected":false},"author":2,"featured_media":931,"comment_status":"open","ping_status":"open","sticky":false,"template":"","format":"standard","meta":{"footnotes":""},"categories":[2],"tags":[],"class_list":["post-930","post","type-post","status-publish","format-standard","has-post-thumbnail","hentry","category-wiadomosci-marketingowe-internetowe"],"yoast_head":"<!-- This site is optimized with the Yoast SEO plugin v27.4 - https:\/\/yoast.com\/product\/yoast-seo-wordpress\/ -->\n<title>Wybory Parlament Europejski wyniki 2019: El\u017cbieta Kruk i Beata Mazurek wybrane - Favorite News<\/title>\n<meta name=\"robots\" content=\"index, follow, max-snippet:-1, max-image-preview:large, max-video-preview:-1\" \/>\n<link rel=\"canonical\" href=\"https:\/\/favorite-news.com\/pl\/wybory-parlament-europejski-wyniki-2019-elzbieta-kruk-i-beata-mazurek-wybrane\/\" \/>\n<meta property=\"og:locale\" content=\"pl_PL\" \/>\n<meta property=\"og:type\" content=\"article\" \/>\n<meta property=\"og:title\" content=\"Wybory Parlament Europejski wyniki 2019: El\u017cbieta Kruk i Beata Mazurek wybrane - Favorite News\" \/>\n<meta property=\"og:description\" content=\"[ad_1] Z badania exit poll przeprowadzonego przez Ipsos wynika, \u017ce El\u017cbieta Kruk otrzyma\u0142a 177 tys. g\u0142os\u00f3w, a Beata Mazurek &#8211; 172 tys. Obie startowa\u0142y z listy PiS w okr\u0119gu lubelskim, odpowiednio z pierwszego i drugiego miejsca na li\u015bcie. &#013; &#013; Wed\u0142ug exit poll PiS uzyska\u0142 w tym okr\u0119gu 55,6 proc. g\u0142os\u00f3w, a KE &#8211; 30,3 [&hellip;]\" \/>\n<meta property=\"og:url\" content=\"https:\/\/favorite-news.com\/pl\/wybory-parlament-europejski-wyniki-2019-elzbieta-kruk-i-beata-mazurek-wybrane\/\" \/>\n<meta property=\"og:site_name\" content=\"Favorite News\" \/>\n<meta property=\"article:published_time\" content=\"2019-05-27T02:03:57+00:00\" \/>\n<meta property=\"article:modified_time\" content=\"2019-05-27T02:03:59+00:00\" \/>\n<meta property=\"og:image\" content=\"https:\/\/favorite-news.com\/pl\/wp-content\/uploads\/sites\/6\/2019\/05\/Wybory-Parlament-Europejski-wyniki-2019-El\u017cbieta-Kruk-i-Beata-Mazurek.png\" \/>\n\t<meta property=\"og:image:width\" content=\"655\" \/>\n\t<meta property=\"og:image:height\" content=\"440\" \/>\n\t<meta property=\"og:image:type\" content=\"image\/png\" \/>\n<meta name=\"author\" content=\"favorite-news\" \/>\n<meta name=\"twitter:card\" content=\"summary_large_image\" \/>\n<meta name=\"twitter:label1\" content=\"Napisane przez\" \/>\n\t<meta name=\"twitter:data1\" content=\"favorite-news\" \/>\n\t<meta name=\"twitter:label2\" content=\"Szacowany czas czytania\" \/>\n\t<meta name=\"twitter:data2\" content=\"3 minuty\" \/>\n<script type=\"application\/ld+json\" class=\"yoast-schema-graph\">{\"@context\":\"https:\\\/\\\/schema.org\",\"@graph\":[{\"@type\":\"Article\",\"@id\":\"https:\\\/\\\/favorite-news.com\\\/pl\\\/wybory-parlament-europejski-wyniki-2019-elzbieta-kruk-i-beata-mazurek-wybrane\\\/#article\",\"isPartOf\":{\"@id\":\"https:\\\/\\\/favorite-news.com\\\/pl\\\/wybory-parlament-europejski-wyniki-2019-elzbieta-kruk-i-beata-mazurek-wybrane\\\/\"},\"author\":{\"name\":\"favorite-news\",\"@id\":\"https:\\\/\\\/favorite-news.com\\\/pl\\\/#\\\/schema\\\/person\\\/b91573b717dcfa5e4696032a9d28d3e8\"},\"headline\":\"Wybory Parlament Europejski wyniki 2019: El\u017cbieta Kruk i Beata Mazurek wybrane\",\"datePublished\":\"2019-05-27T02:03:57+00:00\",\"dateModified\":\"2019-05-27T02:03:59+00:00\",\"mainEntityOfPage\":{\"@id\":\"https:\\\/\\\/favorite-news.com\\\/pl\\\/wybory-parlament-europejski-wyniki-2019-elzbieta-kruk-i-beata-mazurek-wybrane\\\/\"},\"wordCount\":513,\"commentCount\":0,\"image\":{\"@id\":\"https:\\\/\\\/favorite-news.com\\\/pl\\\/wybory-parlament-europejski-wyniki-2019-elzbieta-kruk-i-beata-mazurek-wybrane\\\/#primaryimage\"},\"thumbnailUrl\":\"https:\\\/\\\/favorite-news.com\\\/pl\\\/wp-content\\\/uploads\\\/sites\\\/6\\\/2019\\\/05\\\/Wybory-Parlament-Europejski-wyniki-2019-El\u017cbieta-Kruk-i-Beata-Mazurek.png\",\"articleSection\":[\"WIADOMO\u015aCI MARKETINGOWE INTERNETOWE\"],\"inLanguage\":\"pl-PL\",\"potentialAction\":[{\"@type\":\"CommentAction\",\"name\":\"Comment\",\"target\":[\"https:\\\/\\\/favorite-news.com\\\/pl\\\/wybory-parlament-europejski-wyniki-2019-elzbieta-kruk-i-beata-mazurek-wybrane\\\/#respond\"]}]},{\"@type\":\"WebPage\",\"@id\":\"https:\\\/\\\/favorite-news.com\\\/pl\\\/wybory-parlament-europejski-wyniki-2019-elzbieta-kruk-i-beata-mazurek-wybrane\\\/\",\"url\":\"https:\\\/\\\/favorite-news.com\\\/pl\\\/wybory-parlament-europejski-wyniki-2019-elzbieta-kruk-i-beata-mazurek-wybrane\\\/\",\"name\":\"Wybory Parlament Europejski wyniki 2019: El\u017cbieta Kruk i Beata Mazurek wybrane - Favorite News\",\"isPartOf\":{\"@id\":\"https:\\\/\\\/favorite-news.com\\\/pl\\\/#website\"},\"primaryImageOfPage\":{\"@id\":\"https:\\\/\\\/favorite-news.com\\\/pl\\\/wybory-parlament-europejski-wyniki-2019-elzbieta-kruk-i-beata-mazurek-wybrane\\\/#primaryimage\"},\"image\":{\"@id\":\"https:\\\/\\\/favorite-news.com\\\/pl\\\/wybory-parlament-europejski-wyniki-2019-elzbieta-kruk-i-beata-mazurek-wybrane\\\/#primaryimage\"},\"thumbnailUrl\":\"https:\\\/\\\/favorite-news.com\\\/pl\\\/wp-content\\\/uploads\\\/sites\\\/6\\\/2019\\\/05\\\/Wybory-Parlament-Europejski-wyniki-2019-El\u017cbieta-Kruk-i-Beata-Mazurek.png\",\"datePublished\":\"2019-05-27T02:03:57+00:00\",\"dateModified\":\"2019-05-27T02:03:59+00:00\",\"author\":{\"@id\":\"https:\\\/\\\/favorite-news.com\\\/pl\\\/#\\\/schema\\\/person\\\/b91573b717dcfa5e4696032a9d28d3e8\"},\"breadcrumb\":{\"@id\":\"https:\\\/\\\/favorite-news.com\\\/pl\\\/wybory-parlament-europejski-wyniki-2019-elzbieta-kruk-i-beata-mazurek-wybrane\\\/#breadcrumb\"},\"inLanguage\":\"pl-PL\",\"potentialAction\":[{\"@type\":\"ReadAction\",\"target\":[\"https:\\\/\\\/favorite-news.com\\\/pl\\\/wybory-parlament-europejski-wyniki-2019-elzbieta-kruk-i-beata-mazurek-wybrane\\\/\"]}]},{\"@type\":\"ImageObject\",\"inLanguage\":\"pl-PL\",\"@id\":\"https:\\\/\\\/favorite-news.com\\\/pl\\\/wybory-parlament-europejski-wyniki-2019-elzbieta-kruk-i-beata-mazurek-wybrane\\\/#primaryimage\",\"url\":\"https:\\\/\\\/favorite-news.com\\\/pl\\\/wp-content\\\/uploads\\\/sites\\\/6\\\/2019\\\/05\\\/Wybory-Parlament-Europejski-wyniki-2019-El\u017cbieta-Kruk-i-Beata-Mazurek.png\",\"contentUrl\":\"https:\\\/\\\/favorite-news.com\\\/pl\\\/wp-content\\\/uploads\\\/sites\\\/6\\\/2019\\\/05\\\/Wybory-Parlament-Europejski-wyniki-2019-El\u017cbieta-Kruk-i-Beata-Mazurek.png\",\"width\":655,\"height\":440,\"caption\":\"Article\"},{\"@type\":\"BreadcrumbList\",\"@id\":\"https:\\\/\\\/favorite-news.com\\\/pl\\\/wybory-parlament-europejski-wyniki-2019-elzbieta-kruk-i-beata-mazurek-wybrane\\\/#breadcrumb\",\"itemListElement\":[{\"@type\":\"ListItem\",\"position\":1,\"name\":\"Home\",\"item\":\"https:\\\/\\\/favorite-news.com\\\/pl\\\/\"},{\"@type\":\"ListItem\",\"position\":2,\"name\":\"Wybory Parlament Europejski wyniki 2019: El\u017cbieta Kruk i Beata Mazurek wybrane\"}]},{\"@type\":\"WebSite\",\"@id\":\"https:\\\/\\\/favorite-news.com\\\/pl\\\/#website\",\"url\":\"https:\\\/\\\/favorite-news.com\\\/pl\\\/\",\"name\":\"Favorite News\",\"description\":\"Favorite News Polska\",\"potentialAction\":[{\"@type\":\"SearchAction\",\"target\":{\"@type\":\"EntryPoint\",\"urlTemplate\":\"https:\\\/\\\/favorite-news.com\\\/pl\\\/?s={search_term_string}\"},\"query-input\":{\"@type\":\"PropertyValueSpecification\",\"valueRequired\":true,\"valueName\":\"search_term_string\"}}],\"inLanguage\":\"pl-PL\"},{\"@type\":\"Person\",\"@id\":\"https:\\\/\\\/favorite-news.com\\\/pl\\\/#\\\/schema\\\/person\\\/b91573b717dcfa5e4696032a9d28d3e8\",\"name\":\"favorite-news\",\"image\":{\"@type\":\"ImageObject\",\"inLanguage\":\"pl-PL\",\"@id\":\"https:\\\/\\\/secure.gravatar.com\\\/avatar\\\/6c5a5cb12b74e9d517ee91cf570335b7d16177f1977cc91db161adfa435945a7?s=96&d=mm&r=g\",\"url\":\"https:\\\/\\\/secure.gravatar.com\\\/avatar\\\/6c5a5cb12b74e9d517ee91cf570335b7d16177f1977cc91db161adfa435945a7?s=96&d=mm&r=g\",\"contentUrl\":\"https:\\\/\\\/secure.gravatar.com\\\/avatar\\\/6c5a5cb12b74e9d517ee91cf570335b7d16177f1977cc91db161adfa435945a7?s=96&d=mm&r=g\",\"caption\":\"favorite-news\"},\"url\":\"https:\\\/\\\/favorite-news.com\\\/pl\\\/author\\\/pt\\\/\"}]}<\/script>\n<!-- \/ Yoast SEO plugin. -->","yoast_head_json":{"title":"Wybory Parlament Europejski wyniki 2019: El\u017cbieta Kruk i Beata Mazurek wybrane - Favorite News","robots":{"index":"index","follow":"follow","max-snippet":"max-snippet:-1","max-image-preview":"max-image-preview:large","max-video-preview":"max-video-preview:-1"},"canonical":"https:\/\/favorite-news.com\/pl\/wybory-parlament-europejski-wyniki-2019-elzbieta-kruk-i-beata-mazurek-wybrane\/","og_locale":"pl_PL","og_type":"article","og_title":"Wybory Parlament Europejski wyniki 2019: El\u017cbieta Kruk i Beata Mazurek wybrane - Favorite News","og_description":"[ad_1] Z badania exit poll przeprowadzonego przez Ipsos wynika, \u017ce El\u017cbieta Kruk otrzyma\u0142a 177 tys. g\u0142os\u00f3w, a Beata Mazurek &#8211; 172 tys. Obie startowa\u0142y z listy PiS w okr\u0119gu lubelskim, odpowiednio z pierwszego i drugiego miejsca na li\u015bcie. &#13; &#13; Wed\u0142ug exit poll PiS uzyska\u0142 w tym okr\u0119gu 55,6 proc. g\u0142os\u00f3w, a KE &#8211; 30,3 [&hellip;]","og_url":"https:\/\/favorite-news.com\/pl\/wybory-parlament-europejski-wyniki-2019-elzbieta-kruk-i-beata-mazurek-wybrane\/","og_site_name":"Favorite News","article_published_time":"2019-05-27T02:03:57+00:00","article_modified_time":"2019-05-27T02:03:59+00:00","og_image":[{"width":655,"height":440,"url":"https:\/\/favorite-news.com\/pl\/wp-content\/uploads\/sites\/6\/2019\/05\/Wybory-Parlament-Europejski-wyniki-2019-El\u017cbieta-Kruk-i-Beata-Mazurek.png","type":"image\/png"}],"author":"favorite-news","twitter_card":"summary_large_image","twitter_misc":{"Napisane przez":"favorite-news","Szacowany czas czytania":"3 minuty"},"schema":{"@context":"https:\/\/schema.org","@graph":[{"@type":"Article","@id":"https:\/\/favorite-news.com\/pl\/wybory-parlament-europejski-wyniki-2019-elzbieta-kruk-i-beata-mazurek-wybrane\/#article","isPartOf":{"@id":"https:\/\/favorite-news.com\/pl\/wybory-parlament-europejski-wyniki-2019-elzbieta-kruk-i-beata-mazurek-wybrane\/"},"author":{"name":"favorite-news","@id":"https:\/\/favorite-news.com\/pl\/#\/schema\/person\/b91573b717dcfa5e4696032a9d28d3e8"},"headline":"Wybory Parlament Europejski wyniki 2019: El\u017cbieta Kruk i Beata Mazurek wybrane","datePublished":"2019-05-27T02:03:57+00:00","dateModified":"2019-05-27T02:03:59+00:00","mainEntityOfPage":{"@id":"https:\/\/favorite-news.com\/pl\/wybory-parlament-europejski-wyniki-2019-elzbieta-kruk-i-beata-mazurek-wybrane\/"},"wordCount":513,"commentCount":0,"image":{"@id":"https:\/\/favorite-news.com\/pl\/wybory-parlament-europejski-wyniki-2019-elzbieta-kruk-i-beata-mazurek-wybrane\/#primaryimage"},"thumbnailUrl":"https:\/\/favorite-news.com\/pl\/wp-content\/uploads\/sites\/6\/2019\/05\/Wybory-Parlament-Europejski-wyniki-2019-El\u017cbieta-Kruk-i-Beata-Mazurek.png","articleSection":["WIADOMO\u015aCI MARKETINGOWE INTERNETOWE"],"inLanguage":"pl-PL","potentialAction":[{"@type":"CommentAction","name":"Comment","target":["https:\/\/favorite-news.com\/pl\/wybory-parlament-europejski-wyniki-2019-elzbieta-kruk-i-beata-mazurek-wybrane\/#respond"]}]},{"@type":"WebPage","@id":"https:\/\/favorite-news.com\/pl\/wybory-parlament-europejski-wyniki-2019-elzbieta-kruk-i-beata-mazurek-wybrane\/","url":"https:\/\/favorite-news.com\/pl\/wybory-parlament-europejski-wyniki-2019-elzbieta-kruk-i-beata-mazurek-wybrane\/","name":"Wybory Parlament Europejski wyniki 2019: El\u017cbieta Kruk i Beata Mazurek wybrane - Favorite News","isPartOf":{"@id":"https:\/\/favorite-news.com\/pl\/#website"},"primaryImageOfPage":{"@id":"https:\/\/favorite-news.com\/pl\/wybory-parlament-europejski-wyniki-2019-elzbieta-kruk-i-beata-mazurek-wybrane\/#primaryimage"},"image":{"@id":"https:\/\/favorite-news.com\/pl\/wybory-parlament-europejski-wyniki-2019-elzbieta-kruk-i-beata-mazurek-wybrane\/#primaryimage"},"thumbnailUrl":"https:\/\/favorite-news.com\/pl\/wp-content\/uploads\/sites\/6\/2019\/05\/Wybory-Parlament-Europejski-wyniki-2019-El\u017cbieta-Kruk-i-Beata-Mazurek.png","datePublished":"2019-05-27T02:03:57+00:00","dateModified":"2019-05-27T02:03:59+00:00","author":{"@id":"https:\/\/favorite-news.com\/pl\/#\/schema\/person\/b91573b717dcfa5e4696032a9d28d3e8"},"breadcrumb":{"@id":"https:\/\/favorite-news.com\/pl\/wybory-parlament-europejski-wyniki-2019-elzbieta-kruk-i-beata-mazurek-wybrane\/#breadcrumb"},"inLanguage":"pl-PL","potentialAction":[{"@type":"ReadAction","target":["https:\/\/favorite-news.com\/pl\/wybory-parlament-europejski-wyniki-2019-elzbieta-kruk-i-beata-mazurek-wybrane\/"]}]},{"@type":"ImageObject","inLanguage":"pl-PL","@id":"https:\/\/favorite-news.com\/pl\/wybory-parlament-europejski-wyniki-2019-elzbieta-kruk-i-beata-mazurek-wybrane\/#primaryimage","url":"https:\/\/favorite-news.com\/pl\/wp-content\/uploads\/sites\/6\/2019\/05\/Wybory-Parlament-Europejski-wyniki-2019-El\u017cbieta-Kruk-i-Beata-Mazurek.png","contentUrl":"https:\/\/favorite-news.com\/pl\/wp-content\/uploads\/sites\/6\/2019\/05\/Wybory-Parlament-Europejski-wyniki-2019-El\u017cbieta-Kruk-i-Beata-Mazurek.png","width":655,"height":440,"caption":"Article"},{"@type":"BreadcrumbList","@id":"https:\/\/favorite-news.com\/pl\/wybory-parlament-europejski-wyniki-2019-elzbieta-kruk-i-beata-mazurek-wybrane\/#breadcrumb","itemListElement":[{"@type":"ListItem","position":1,"name":"Home","item":"https:\/\/favorite-news.com\/pl\/"},{"@type":"ListItem","position":2,"name":"Wybory Parlament Europejski wyniki 2019: El\u017cbieta Kruk i Beata Mazurek wybrane"}]},{"@type":"WebSite","@id":"https:\/\/favorite-news.com\/pl\/#website","url":"https:\/\/favorite-news.com\/pl\/","name":"Favorite News","description":"Favorite News Polska","potentialAction":[{"@type":"SearchAction","target":{"@type":"EntryPoint","urlTemplate":"https:\/\/favorite-news.com\/pl\/?s={search_term_string}"},"query-input":{"@type":"PropertyValueSpecification","valueRequired":true,"valueName":"search_term_string"}}],"inLanguage":"pl-PL"},{"@type":"Person","@id":"https:\/\/favorite-news.com\/pl\/#\/schema\/person\/b91573b717dcfa5e4696032a9d28d3e8","name":"favorite-news","image":{"@type":"ImageObject","inLanguage":"pl-PL","@id":"https:\/\/secure.gravatar.com\/avatar\/6c5a5cb12b74e9d517ee91cf570335b7d16177f1977cc91db161adfa435945a7?s=96&d=mm&r=g","url":"https:\/\/secure.gravatar.com\/avatar\/6c5a5cb12b74e9d517ee91cf570335b7d16177f1977cc91db161adfa435945a7?s=96&d=mm&r=g","contentUrl":"https:\/\/secure.gravatar.com\/avatar\/6c5a5cb12b74e9d517ee91cf570335b7d16177f1977cc91db161adfa435945a7?s=96&d=mm&r=g","caption":"favorite-news"},"url":"https:\/\/favorite-news.com\/pl\/author\/pt\/"}]}},"_links":{"self":[{"href":"https:\/\/favorite-news.com\/pl\/wp-json\/wp\/v2\/posts\/930","targetHints":{"allow":["GET"]}}],"collection":[{"href":"https:\/\/favorite-news.com\/pl\/wp-json\/wp\/v2\/posts"}],"about":[{"href":"https:\/\/favorite-news.com\/pl\/wp-json\/wp\/v2\/types\/post"}],"author":[{"embeddable":true,"href":"https:\/\/favorite-news.com\/pl\/wp-json\/wp\/v2\/users\/2"}],"replies":[{"embeddable":true,"href":"https:\/\/favorite-news.com\/pl\/wp-json\/wp\/v2\/comments?post=930"}],"version-history":[{"count":1,"href":"https:\/\/favorite-news.com\/pl\/wp-json\/wp\/v2\/posts\/930\/revisions"}],"predecessor-version":[{"id":932,"href":"https:\/\/favorite-news.com\/pl\/wp-json\/wp\/v2\/posts\/930\/revisions\/932"}],"wp:featuredmedia":[{"embeddable":true,"href":"https:\/\/favorite-news.com\/pl\/wp-json\/wp\/v2\/media\/931"}],"wp:attachment":[{"href":"https:\/\/favorite-news.com\/pl\/wp-json\/wp\/v2\/media?parent=930"}],"wp:term":[{"taxonomy":"category","embeddable":true,"href":"https:\/\/favorite-news.com\/pl\/wp-json\/wp\/v2\/categories?post=930"},{"taxonomy":"post_tag","embeddable":true,"href":"https:\/\/favorite-news.com\/pl\/wp-json\/wp\/v2\/tags?post=930"}],"curies":[{"name":"wp","href":"https:\/\/api.w.org\/{rel}","templated":true}]}}