{"id":916,"date":"2019-05-25T13:09:37","date_gmt":"2019-05-25T10:09:37","guid":{"rendered":"https:\/\/favorite-news.com\/pl\/zacheta-w-akcji-mamywybory-wideo\/"},"modified":"2019-05-25T13:09:38","modified_gmt":"2019-05-25T10:09:38","slug":"zacheta-w-akcji-mamywybory-wideo","status":"publish","type":"post","link":"https:\/\/favorite-news.com\/pl\/zacheta-w-akcji-mamywybory-wideo\/","title":{"rendered":"zach\u0119ta w akcji \u201e#MamyWybory\u201d (wideo)"},"content":{"rendered":"<p> [ad_1]<br \/>\n<\/p>\n<div id=\"\">\n<p>Akcja jest oparta na spotach pokazuj\u0105cych ma\u0142e uroczysto\u015bci rodzinne z okazji Dnia Matki oraz rozmow\u0119 doros\u0142ej kobiety ze swoj\u0105 mam\u0105. &#8211; Podaruj swojej mamie co\u015b wi\u0119cej ni\u017c kwiaty i u\u015bmiech. Pos\u0142owie, kt\u00f3rzy zostan\u0105 wybrani 26 maja, w wyborach do Parlamentu Europejskiego b\u0119d\u0105 mieli du\u017cy wp\u0142yw na \u017cycie naszych rodzin i dzieci &#8211; stwierdza lektor w jednym z klip\u00f3w.<\/p>\n<p>&#13;<br \/>\n&#13;<\/p>\n<p>&#8211; 26 maja w Dzie\u0144 Mamy mamy wybory &#8211; podkre\u015bla w obu spotach, po czym wy\u015bwietlana jest plansza z has\u0142em \u201e#MamyWybory\u201d, informacj\u0105, \u017ce g\u0142osowanie b\u0119dzie odbywa\u0107 si\u0119 26 maja oraz zach\u0119t\u0105: \u201eId\u017a i zag\u0142osuj!\u201d.<\/p>\n<p>&#13;<br \/>\n&#13;<\/p>\n<p><iframe loading=\"lazy\" allowfullscreen=\"\" frameborder=\"0\" height=\"360\" src=\"https:\/\/tv.wirtualnemedia.pl\/embed\/mamy-wybory-w-akcji-na-wybory-do-parlamentu-europejskiego?width=640&amp;height=360\" width=\"640\"><\/iframe>\u00a0<\/p>\n<p>&#13;<br \/>\n&#13;<\/p>\n<p>Akcja obejmuje m.in. telewizj\u0119 (w tym stacje TVP) oraz internet.<\/p>\n<p>&#13;<br \/>\n&#13;<\/p>\n<p>Organizatorem kampanii jest Narodowy Instytut Wolno\u015bci &#8211; Centrum Rozwoju Spo\u0142ecze\u0144stwa Obywatelskiego &#8211; powo\u0142ana przez rz\u0105d dwa lata temu agencja wykonawcza maj\u0105ca na celu wspieranie rozwoju spo\u0142ecze\u0144stwa obywatelskiego, a tak\u017ce dzia\u0142alno\u015bci po\u017cytku publicznego i wolontariatu.<\/p>\n<p>&#13;<br \/>\n&#13;<\/p>\n<p><iframe loading=\"lazy\" allowfullscreen=\"\" frameborder=\"0\" height=\"360\" src=\"https:\/\/tv.wirtualnemedia.pl\/embed\/wybory-do-europarlamentu-mamy-wybory-w-kampanii-profrekwencyjnej?width=640&amp;height=360\" width=\"640\"><\/iframe>\u00a0<\/p>\n<p>&#13;<br \/>\n&#13;<\/p>\n<p><span style=\"font-size:20px;\"><strong>Do g\u0142osowania mobilizuj\u0105 te\u017c prezydent i dziennikarze<\/strong><\/span><\/p>\n<p>&#13;<br \/>\n&#13;<\/p>\n<p>O p\u00f3\u0142nocy z pi\u0105tku na sobot\u0119 <strong>zacz\u0119\u0142a si\u0119 cisza wyborcza, potrwa do ko\u0144ca g\u0142osowania w niedziel\u0119 (zaplanowanego o godz. 21).<\/strong> W tym czasie nie mo\u017cna promowa\u0107 kandydat\u00f3w i ugrupowa\u0144 startuj\u0105cych w wyborach.<\/p>\n<p>&#13;<br \/>\n&#13;<\/p>\n<p>Niekt\u00f3re partie i kandydaci swoje ostatnie reklamy i zach\u0119ty do g\u0142osowania na nich zamie\u015bcili w mediach spo\u0142eczno\u015bciowych w pi\u0105tek wieczorem.<\/p>\n<p>&#13;<br \/>\n&#13;<\/p>\n<p><strong>Z kolei niekt\u00f3rzy dziennikarze zach\u0119cali do udzia\u0142u w wyborach.<\/strong> &#8211; Kampania sko\u0144czona. Ale nie nasza. Dzwonimy do krewnych i znajomych, sprawdzamy czy b\u0119d\u0105 g\u0142osowa\u0107. Przekonujemy ich. Pomagamy g\u0142osowa\u0107 krewnym, s\u0105siadom, znajomym. Liczy si\u0119 ka\u017cdy g\u0142os. Gramy do ko\u0144ca &#8211; zaapelowa\u0142 Tomasz Lis z \u201eNewsweek Polska\u201d. &#8211; Kampania zako\u0144czona, ale przecie\u017c mo\u017cemy zadzwoni\u0107 do najbli\u017cszych, kuzyn\u00f3w, innych krewnych, dalszej rodziny, kole\u017canek i koleg\u00f3w, znajomych i przekaza\u0107 im kilka wa\u017cnych s\u0142\u00f3w. Pewnie, \u017ce mo\u017cemy i tak zrobimy! &#8211; zapowiedzia\u0142 Micha\u0142 Adamczyk z Telewizji Polskiej.<\/p>\n<p>&#13;<br \/>\n&#13;<\/p>\n<p>Do g\u0142osowania zach\u0119ci\u0142 te\u017c <strong>prezydent Andrzej Duda w or\u0119dziu wyg\u0142oszonym w czwartek wieczorem.<\/strong> &#8211; Zach\u0119cam ka\u017cdego uprawnionego do g\u0142osowania, aby skorzysta\u0142 z przys\u0142uguj\u0105cego mu prawa i wzi\u0105\u0142 udzia\u0142 w tych wyborach. Ka\u017cdy g\u0142os ma znaczenie, ka\u017cdy g\u0142os jest wa\u017cny. Id\u017amy na wybory, bo wysoka frekwencja b\u0119dzie potwierdzeniem wysokiej jako\u015bci polskiej demokracji. Demokracji, kt\u00f3r\u0105 tak pieczo\u0142owicie od 30 lat budujemy &#8211; stwierdzi\u0142 prezydent.<\/p>\n<p>&#13;<br \/>\n&#13;<\/p>\n<p><iframe loading=\"lazy\" allow=\"accelerometer; autoplay; encrypted-media; gyroscope; picture-in-picture\" allowfullscreen=\"\" frameborder=\"0\" height=\"360\" src=\"https:\/\/www.youtube.com\/embed\/lddqFUSfCtw\" width=\"640\"><\/iframe>\u00a0<\/p>\n<p>&#13;<br \/>\n                            &#13;<br \/>\n&#13;<br \/>\n                            &#13;<br \/>\n&#13;<br \/>\n&#13;<br \/>\n&#13;<br \/>\n&#13;<br \/>\n&#13;<br \/>\n                            &#13;<br \/>\n                                                            &#13;<br \/>\n&#13;<br \/>\n                            &#13;\n                        <\/p><\/div>\n<p><script>(function (d, s, id) {\n        var js, fjs = d.getElementsByTagName(s)[0];\n        if (d.getElementById(id)) return;\n        js = d.createElement(s);\n        js.id = id;\n        js.src = \"http:\/\/connect.facebook.net\/pl_PL\/sdk.js#xfbml=1&version=v2.6&appId=297996717062470\";\n        fjs.parentNode.insertBefore(js, fjs);\n    }(document, 'script', 'facebook-jssdk'));<\/script><br \/>\n<br \/>[ad_2]<br \/>\n<br \/><a href=\"https:\/\/www.wirtualnemedia.pl\/artykul\/wybory-parlament-europejski-glosowanie-zacheta-w-akcji-mamywybory-wideo\">Source link <\/a><\/p>\n","protected":false},"excerpt":{"rendered":"<p>[ad_1] Akcja jest oparta na spotach pokazuj\u0105cych ma\u0142e uroczysto\u015bci rodzinne z okazji Dnia Matki oraz rozmow\u0119 doros\u0142ej kobiety ze swoj\u0105 mam\u0105. &#8211; Podaruj swojej mamie co\u015b wi\u0119cej ni\u017c kwiaty i u\u015bmiech. Pos\u0142owie, kt\u00f3rzy zostan\u0105 wybrani 26 maja, w wyborach do Parlamentu Europejskiego b\u0119d\u0105 mieli du\u017cy wp\u0142yw na \u017cycie naszych rodzin i dzieci &#8211; stwierdza lektor [&hellip;]<\/p>\n","protected":false},"author":2,"featured_media":917,"comment_status":"open","ping_status":"open","sticky":false,"template":"","format":"standard","meta":{"footnotes":""},"categories":[2],"tags":[],"class_list":["post-916","post","type-post","status-publish","format-standard","has-post-thumbnail","hentry","category-wiadomosci-marketingowe-internetowe"],"yoast_head":"<!-- This site is optimized with the Yoast SEO plugin v27.4 - https:\/\/yoast.com\/product\/yoast-seo-wordpress\/ -->\n<title>zach\u0119ta w akcji \u201e#MamyWybory\u201d (wideo) - Favorite News<\/title>\n<meta name=\"robots\" content=\"index, follow, max-snippet:-1, max-image-preview:large, max-video-preview:-1\" \/>\n<link rel=\"canonical\" href=\"https:\/\/favorite-news.com\/pl\/zacheta-w-akcji-mamywybory-wideo\/\" \/>\n<meta property=\"og:locale\" content=\"pl_PL\" \/>\n<meta property=\"og:type\" content=\"article\" \/>\n<meta property=\"og:title\" content=\"zach\u0119ta w akcji \u201e#MamyWybory\u201d (wideo) - Favorite News\" \/>\n<meta property=\"og:description\" content=\"[ad_1] Akcja jest oparta na spotach pokazuj\u0105cych ma\u0142e uroczysto\u015bci rodzinne z okazji Dnia Matki oraz rozmow\u0119 doros\u0142ej kobiety ze swoj\u0105 mam\u0105. &#8211; Podaruj swojej mamie co\u015b wi\u0119cej ni\u017c kwiaty i u\u015bmiech. Pos\u0142owie, kt\u00f3rzy zostan\u0105 wybrani 26 maja, w wyborach do Parlamentu Europejskiego b\u0119d\u0105 mieli du\u017cy wp\u0142yw na \u017cycie naszych rodzin i dzieci &#8211; stwierdza lektor [&hellip;]\" \/>\n<meta property=\"og:url\" content=\"https:\/\/favorite-news.com\/pl\/zacheta-w-akcji-mamywybory-wideo\/\" \/>\n<meta property=\"og:site_name\" content=\"Favorite News\" \/>\n<meta property=\"article:published_time\" content=\"2019-05-25T10:09:37+00:00\" \/>\n<meta property=\"article:modified_time\" content=\"2019-05-25T10:09:38+00:00\" \/>\n<meta property=\"og:image\" content=\"https:\/\/favorite-news.com\/pl\/wp-content\/uploads\/sites\/6\/2019\/05\/zach\u0119ta-w-akcji-\u201eMamyWybory\u201d-wideo.png\" \/>\n\t<meta property=\"og:image:width\" content=\"655\" \/>\n\t<meta property=\"og:image:height\" content=\"475\" \/>\n\t<meta property=\"og:image:type\" content=\"image\/png\" \/>\n<meta name=\"author\" content=\"favorite-news\" \/>\n<meta name=\"twitter:card\" content=\"summary_large_image\" \/>\n<meta name=\"twitter:label1\" content=\"Napisane przez\" \/>\n\t<meta name=\"twitter:data1\" content=\"favorite-news\" \/>\n\t<meta name=\"twitter:label2\" content=\"Szacowany czas czytania\" \/>\n\t<meta name=\"twitter:data2\" content=\"2 minuty\" \/>\n<script type=\"application\/ld+json\" class=\"yoast-schema-graph\">{\"@context\":\"https:\\\/\\\/schema.org\",\"@graph\":[{\"@type\":\"Article\",\"@id\":\"https:\\\/\\\/favorite-news.com\\\/pl\\\/zacheta-w-akcji-mamywybory-wideo\\\/#article\",\"isPartOf\":{\"@id\":\"https:\\\/\\\/favorite-news.com\\\/pl\\\/zacheta-w-akcji-mamywybory-wideo\\\/\"},\"author\":{\"name\":\"favorite-news\",\"@id\":\"https:\\\/\\\/favorite-news.com\\\/pl\\\/#\\\/schema\\\/person\\\/b91573b717dcfa5e4696032a9d28d3e8\"},\"headline\":\"zach\u0119ta w akcji \u201e#MamyWybory\u201d (wideo)\",\"datePublished\":\"2019-05-25T10:09:37+00:00\",\"dateModified\":\"2019-05-25T10:09:38+00:00\",\"mainEntityOfPage\":{\"@id\":\"https:\\\/\\\/favorite-news.com\\\/pl\\\/zacheta-w-akcji-mamywybory-wideo\\\/\"},\"wordCount\":431,\"commentCount\":0,\"image\":{\"@id\":\"https:\\\/\\\/favorite-news.com\\\/pl\\\/zacheta-w-akcji-mamywybory-wideo\\\/#primaryimage\"},\"thumbnailUrl\":\"https:\\\/\\\/favorite-news.com\\\/pl\\\/wp-content\\\/uploads\\\/sites\\\/6\\\/2019\\\/05\\\/zach\u0119ta-w-akcji-\u201eMamyWybory\u201d-wideo.png\",\"articleSection\":[\"WIADOMO\u015aCI MARKETINGOWE INTERNETOWE\"],\"inLanguage\":\"pl-PL\",\"potentialAction\":[{\"@type\":\"CommentAction\",\"name\":\"Comment\",\"target\":[\"https:\\\/\\\/favorite-news.com\\\/pl\\\/zacheta-w-akcji-mamywybory-wideo\\\/#respond\"]}]},{\"@type\":\"WebPage\",\"@id\":\"https:\\\/\\\/favorite-news.com\\\/pl\\\/zacheta-w-akcji-mamywybory-wideo\\\/\",\"url\":\"https:\\\/\\\/favorite-news.com\\\/pl\\\/zacheta-w-akcji-mamywybory-wideo\\\/\",\"name\":\"zach\u0119ta w akcji \u201e#MamyWybory\u201d (wideo) - Favorite News\",\"isPartOf\":{\"@id\":\"https:\\\/\\\/favorite-news.com\\\/pl\\\/#website\"},\"primaryImageOfPage\":{\"@id\":\"https:\\\/\\\/favorite-news.com\\\/pl\\\/zacheta-w-akcji-mamywybory-wideo\\\/#primaryimage\"},\"image\":{\"@id\":\"https:\\\/\\\/favorite-news.com\\\/pl\\\/zacheta-w-akcji-mamywybory-wideo\\\/#primaryimage\"},\"thumbnailUrl\":\"https:\\\/\\\/favorite-news.com\\\/pl\\\/wp-content\\\/uploads\\\/sites\\\/6\\\/2019\\\/05\\\/zach\u0119ta-w-akcji-\u201eMamyWybory\u201d-wideo.png\",\"datePublished\":\"2019-05-25T10:09:37+00:00\",\"dateModified\":\"2019-05-25T10:09:38+00:00\",\"author\":{\"@id\":\"https:\\\/\\\/favorite-news.com\\\/pl\\\/#\\\/schema\\\/person\\\/b91573b717dcfa5e4696032a9d28d3e8\"},\"breadcrumb\":{\"@id\":\"https:\\\/\\\/favorite-news.com\\\/pl\\\/zacheta-w-akcji-mamywybory-wideo\\\/#breadcrumb\"},\"inLanguage\":\"pl-PL\",\"potentialAction\":[{\"@type\":\"ReadAction\",\"target\":[\"https:\\\/\\\/favorite-news.com\\\/pl\\\/zacheta-w-akcji-mamywybory-wideo\\\/\"]}]},{\"@type\":\"ImageObject\",\"inLanguage\":\"pl-PL\",\"@id\":\"https:\\\/\\\/favorite-news.com\\\/pl\\\/zacheta-w-akcji-mamywybory-wideo\\\/#primaryimage\",\"url\":\"https:\\\/\\\/favorite-news.com\\\/pl\\\/wp-content\\\/uploads\\\/sites\\\/6\\\/2019\\\/05\\\/zach\u0119ta-w-akcji-\u201eMamyWybory\u201d-wideo.png\",\"contentUrl\":\"https:\\\/\\\/favorite-news.com\\\/pl\\\/wp-content\\\/uploads\\\/sites\\\/6\\\/2019\\\/05\\\/zach\u0119ta-w-akcji-\u201eMamyWybory\u201d-wideo.png\",\"width\":655,\"height\":475,\"caption\":\"Article\"},{\"@type\":\"BreadcrumbList\",\"@id\":\"https:\\\/\\\/favorite-news.com\\\/pl\\\/zacheta-w-akcji-mamywybory-wideo\\\/#breadcrumb\",\"itemListElement\":[{\"@type\":\"ListItem\",\"position\":1,\"name\":\"Home\",\"item\":\"https:\\\/\\\/favorite-news.com\\\/pl\\\/\"},{\"@type\":\"ListItem\",\"position\":2,\"name\":\"zach\u0119ta w akcji \u201e#MamyWybory\u201d (wideo)\"}]},{\"@type\":\"WebSite\",\"@id\":\"https:\\\/\\\/favorite-news.com\\\/pl\\\/#website\",\"url\":\"https:\\\/\\\/favorite-news.com\\\/pl\\\/\",\"name\":\"Favorite News\",\"description\":\"Favorite News Polska\",\"potentialAction\":[{\"@type\":\"SearchAction\",\"target\":{\"@type\":\"EntryPoint\",\"urlTemplate\":\"https:\\\/\\\/favorite-news.com\\\/pl\\\/?s={search_term_string}\"},\"query-input\":{\"@type\":\"PropertyValueSpecification\",\"valueRequired\":true,\"valueName\":\"search_term_string\"}}],\"inLanguage\":\"pl-PL\"},{\"@type\":\"Person\",\"@id\":\"https:\\\/\\\/favorite-news.com\\\/pl\\\/#\\\/schema\\\/person\\\/b91573b717dcfa5e4696032a9d28d3e8\",\"name\":\"favorite-news\",\"image\":{\"@type\":\"ImageObject\",\"inLanguage\":\"pl-PL\",\"@id\":\"https:\\\/\\\/secure.gravatar.com\\\/avatar\\\/6c5a5cb12b74e9d517ee91cf570335b7d16177f1977cc91db161adfa435945a7?s=96&d=mm&r=g\",\"url\":\"https:\\\/\\\/secure.gravatar.com\\\/avatar\\\/6c5a5cb12b74e9d517ee91cf570335b7d16177f1977cc91db161adfa435945a7?s=96&d=mm&r=g\",\"contentUrl\":\"https:\\\/\\\/secure.gravatar.com\\\/avatar\\\/6c5a5cb12b74e9d517ee91cf570335b7d16177f1977cc91db161adfa435945a7?s=96&d=mm&r=g\",\"caption\":\"favorite-news\"},\"url\":\"https:\\\/\\\/favorite-news.com\\\/pl\\\/author\\\/pt\\\/\"}]}<\/script>\n<!-- \/ Yoast SEO plugin. -->","yoast_head_json":{"title":"zach\u0119ta w akcji \u201e#MamyWybory\u201d (wideo) - Favorite News","robots":{"index":"index","follow":"follow","max-snippet":"max-snippet:-1","max-image-preview":"max-image-preview:large","max-video-preview":"max-video-preview:-1"},"canonical":"https:\/\/favorite-news.com\/pl\/zacheta-w-akcji-mamywybory-wideo\/","og_locale":"pl_PL","og_type":"article","og_title":"zach\u0119ta w akcji \u201e#MamyWybory\u201d (wideo) - Favorite News","og_description":"[ad_1] Akcja jest oparta na spotach pokazuj\u0105cych ma\u0142e uroczysto\u015bci rodzinne z okazji Dnia Matki oraz rozmow\u0119 doros\u0142ej kobiety ze swoj\u0105 mam\u0105. &#8211; Podaruj swojej mamie co\u015b wi\u0119cej ni\u017c kwiaty i u\u015bmiech. Pos\u0142owie, kt\u00f3rzy zostan\u0105 wybrani 26 maja, w wyborach do Parlamentu Europejskiego b\u0119d\u0105 mieli du\u017cy wp\u0142yw na \u017cycie naszych rodzin i dzieci &#8211; stwierdza lektor [&hellip;]","og_url":"https:\/\/favorite-news.com\/pl\/zacheta-w-akcji-mamywybory-wideo\/","og_site_name":"Favorite News","article_published_time":"2019-05-25T10:09:37+00:00","article_modified_time":"2019-05-25T10:09:38+00:00","og_image":[{"width":655,"height":475,"url":"https:\/\/favorite-news.com\/pl\/wp-content\/uploads\/sites\/6\/2019\/05\/zach\u0119ta-w-akcji-\u201eMamyWybory\u201d-wideo.png","type":"image\/png"}],"author":"favorite-news","twitter_card":"summary_large_image","twitter_misc":{"Napisane przez":"favorite-news","Szacowany czas czytania":"2 minuty"},"schema":{"@context":"https:\/\/schema.org","@graph":[{"@type":"Article","@id":"https:\/\/favorite-news.com\/pl\/zacheta-w-akcji-mamywybory-wideo\/#article","isPartOf":{"@id":"https:\/\/favorite-news.com\/pl\/zacheta-w-akcji-mamywybory-wideo\/"},"author":{"name":"favorite-news","@id":"https:\/\/favorite-news.com\/pl\/#\/schema\/person\/b91573b717dcfa5e4696032a9d28d3e8"},"headline":"zach\u0119ta w akcji \u201e#MamyWybory\u201d (wideo)","datePublished":"2019-05-25T10:09:37+00:00","dateModified":"2019-05-25T10:09:38+00:00","mainEntityOfPage":{"@id":"https:\/\/favorite-news.com\/pl\/zacheta-w-akcji-mamywybory-wideo\/"},"wordCount":431,"commentCount":0,"image":{"@id":"https:\/\/favorite-news.com\/pl\/zacheta-w-akcji-mamywybory-wideo\/#primaryimage"},"thumbnailUrl":"https:\/\/favorite-news.com\/pl\/wp-content\/uploads\/sites\/6\/2019\/05\/zach\u0119ta-w-akcji-\u201eMamyWybory\u201d-wideo.png","articleSection":["WIADOMO\u015aCI MARKETINGOWE INTERNETOWE"],"inLanguage":"pl-PL","potentialAction":[{"@type":"CommentAction","name":"Comment","target":["https:\/\/favorite-news.com\/pl\/zacheta-w-akcji-mamywybory-wideo\/#respond"]}]},{"@type":"WebPage","@id":"https:\/\/favorite-news.com\/pl\/zacheta-w-akcji-mamywybory-wideo\/","url":"https:\/\/favorite-news.com\/pl\/zacheta-w-akcji-mamywybory-wideo\/","name":"zach\u0119ta w akcji \u201e#MamyWybory\u201d (wideo) - Favorite News","isPartOf":{"@id":"https:\/\/favorite-news.com\/pl\/#website"},"primaryImageOfPage":{"@id":"https:\/\/favorite-news.com\/pl\/zacheta-w-akcji-mamywybory-wideo\/#primaryimage"},"image":{"@id":"https:\/\/favorite-news.com\/pl\/zacheta-w-akcji-mamywybory-wideo\/#primaryimage"},"thumbnailUrl":"https:\/\/favorite-news.com\/pl\/wp-content\/uploads\/sites\/6\/2019\/05\/zach\u0119ta-w-akcji-\u201eMamyWybory\u201d-wideo.png","datePublished":"2019-05-25T10:09:37+00:00","dateModified":"2019-05-25T10:09:38+00:00","author":{"@id":"https:\/\/favorite-news.com\/pl\/#\/schema\/person\/b91573b717dcfa5e4696032a9d28d3e8"},"breadcrumb":{"@id":"https:\/\/favorite-news.com\/pl\/zacheta-w-akcji-mamywybory-wideo\/#breadcrumb"},"inLanguage":"pl-PL","potentialAction":[{"@type":"ReadAction","target":["https:\/\/favorite-news.com\/pl\/zacheta-w-akcji-mamywybory-wideo\/"]}]},{"@type":"ImageObject","inLanguage":"pl-PL","@id":"https:\/\/favorite-news.com\/pl\/zacheta-w-akcji-mamywybory-wideo\/#primaryimage","url":"https:\/\/favorite-news.com\/pl\/wp-content\/uploads\/sites\/6\/2019\/05\/zach\u0119ta-w-akcji-\u201eMamyWybory\u201d-wideo.png","contentUrl":"https:\/\/favorite-news.com\/pl\/wp-content\/uploads\/sites\/6\/2019\/05\/zach\u0119ta-w-akcji-\u201eMamyWybory\u201d-wideo.png","width":655,"height":475,"caption":"Article"},{"@type":"BreadcrumbList","@id":"https:\/\/favorite-news.com\/pl\/zacheta-w-akcji-mamywybory-wideo\/#breadcrumb","itemListElement":[{"@type":"ListItem","position":1,"name":"Home","item":"https:\/\/favorite-news.com\/pl\/"},{"@type":"ListItem","position":2,"name":"zach\u0119ta w akcji \u201e#MamyWybory\u201d (wideo)"}]},{"@type":"WebSite","@id":"https:\/\/favorite-news.com\/pl\/#website","url":"https:\/\/favorite-news.com\/pl\/","name":"Favorite News","description":"Favorite News Polska","potentialAction":[{"@type":"SearchAction","target":{"@type":"EntryPoint","urlTemplate":"https:\/\/favorite-news.com\/pl\/?s={search_term_string}"},"query-input":{"@type":"PropertyValueSpecification","valueRequired":true,"valueName":"search_term_string"}}],"inLanguage":"pl-PL"},{"@type":"Person","@id":"https:\/\/favorite-news.com\/pl\/#\/schema\/person\/b91573b717dcfa5e4696032a9d28d3e8","name":"favorite-news","image":{"@type":"ImageObject","inLanguage":"pl-PL","@id":"https:\/\/secure.gravatar.com\/avatar\/6c5a5cb12b74e9d517ee91cf570335b7d16177f1977cc91db161adfa435945a7?s=96&d=mm&r=g","url":"https:\/\/secure.gravatar.com\/avatar\/6c5a5cb12b74e9d517ee91cf570335b7d16177f1977cc91db161adfa435945a7?s=96&d=mm&r=g","contentUrl":"https:\/\/secure.gravatar.com\/avatar\/6c5a5cb12b74e9d517ee91cf570335b7d16177f1977cc91db161adfa435945a7?s=96&d=mm&r=g","caption":"favorite-news"},"url":"https:\/\/favorite-news.com\/pl\/author\/pt\/"}]}},"_links":{"self":[{"href":"https:\/\/favorite-news.com\/pl\/wp-json\/wp\/v2\/posts\/916","targetHints":{"allow":["GET"]}}],"collection":[{"href":"https:\/\/favorite-news.com\/pl\/wp-json\/wp\/v2\/posts"}],"about":[{"href":"https:\/\/favorite-news.com\/pl\/wp-json\/wp\/v2\/types\/post"}],"author":[{"embeddable":true,"href":"https:\/\/favorite-news.com\/pl\/wp-json\/wp\/v2\/users\/2"}],"replies":[{"embeddable":true,"href":"https:\/\/favorite-news.com\/pl\/wp-json\/wp\/v2\/comments?post=916"}],"version-history":[{"count":1,"href":"https:\/\/favorite-news.com\/pl\/wp-json\/wp\/v2\/posts\/916\/revisions"}],"predecessor-version":[{"id":918,"href":"https:\/\/favorite-news.com\/pl\/wp-json\/wp\/v2\/posts\/916\/revisions\/918"}],"wp:featuredmedia":[{"embeddable":true,"href":"https:\/\/favorite-news.com\/pl\/wp-json\/wp\/v2\/media\/917"}],"wp:attachment":[{"href":"https:\/\/favorite-news.com\/pl\/wp-json\/wp\/v2\/media?parent=916"}],"wp:term":[{"taxonomy":"category","embeddable":true,"href":"https:\/\/favorite-news.com\/pl\/wp-json\/wp\/v2\/categories?post=916"},{"taxonomy":"post_tag","embeddable":true,"href":"https:\/\/favorite-news.com\/pl\/wp-json\/wp\/v2\/tags?post=916"}],"curies":[{"name":"wp","href":"https:\/\/api.w.org\/{rel}","templated":true}]}}