{"id":907,"date":"2019-05-25T08:11:14","date_gmt":"2019-05-25T05:11:14","guid":{"rendered":"https:\/\/favorite-news.com\/pl\/nowe-niby-dostosowane-do-wymagan-grupy-docelowej-logo-uniwersytetu-rzeszowskiego-jest-teraz-proste-bezosobowe-i-nie-niesie-oczekiwanej-tresci\/"},"modified":"2019-05-25T08:11:15","modified_gmt":"2019-05-25T05:11:15","slug":"nowe-niby-dostosowane-do-wymagan-grupy-docelowej-logo-uniwersytetu-rzeszowskiego-jest-teraz-proste-bezosobowe-i-nie-niesie-oczekiwanej-tresci","status":"publish","type":"post","link":"https:\/\/favorite-news.com\/pl\/nowe-niby-dostosowane-do-wymagan-grupy-docelowej-logo-uniwersytetu-rzeszowskiego-jest-teraz-proste-bezosobowe-i-nie-niesie-oczekiwanej-tresci\/","title":{"rendered":"Nowe, niby dostosowane do wymaga\u0144 grupy docelowej logo Uniwersytetu Rzeszowskiego jest teraz proste, bezosobowe i nie niesie oczekiwanej tre\u015bci"},"content":{"rendered":"<p> [ad_1]<br \/>\n<\/p>\n<div id=\"\">\n<p><strong>Nowe logo rzeszowskiej uczelni tworz\u0105 dwie po\u0142\u0105czone ze sob\u0105 litery U i R, niebieskie, na bia\u0142ym tle.<\/strong> Jest minimalistyczne, ma lekko zaokr\u0105glon\u0105 form\u0119. Autorem projektu jest absolwent Wydzia\u0142u Sztuki UR \u2013 Micha\u0142 \u015awi\u0119cicki. Pomys\u0142odawc\u0105 i ich inicjatorem \u2013-Maciek Ulita, rzecznik prasowy Uniwersytetu Rzeszowskiego.<\/p>\n<p>&#13;<br \/>\n&#13;<\/p>\n<p>Na profilu uczelni na Facebooku Maciek Ulita wyja\u015bni\u0142, \u017ce motywacj\u0105 do zmiany logo jest obserwowana od 2014 roku zmiana w grafice u\u017cytkowej w internecie oraz ch\u0119\u0107 \u201eod\u015bwie\u017cenia\u201d wizerunku, aby lepiej odpowiada\u0142 preferencjom g\u0142\u00f3wnej grupy docelowej dzia\u0142a\u0144 komunikacyjnych UR. Chodzi o potencjalnych student\u00f3w z\u00a0pokolenia C (albo\u00a0Z) \u2013 urodzonych po\u00a02000 roku u\u017cytkownik\u00f3w medi\u00f3w spo\u0142eczno\u015bciowych, aplikacji, os\u00f3b na\u00a0co dzie\u0144 zwi\u0105zanych z\u00a0internetem i\u00a0(podobno) najlepiej reaguj\u0105cych na\u00a0proste, minimalistyczne formy. \u00a0<\/p>\n<p>&#13;<br \/>\n&#13;<\/p>\n<p><iframe loading=\"lazy\" allow=\"encrypted-media\" allowtransparency=\"true\" frameborder=\"0\" height=\"503\" scrolling=\"no\" src=\"https:\/\/www.facebook.com\/plugins\/post.php?href=https%3A%2F%2Fwww.facebook.com%2FuniRzeszow%2Fphotos%2Fa.138049036341258%2F1773923966087082%2F%3Ftype%3D3&amp;width=500\" style=\"border:none;overflow:hidden\" width=\"500\"><\/iframe><\/p>\n<p>&#13;<br \/>\n&#13;<\/p>\n<p>&#8211; Zmiana nie jest w jakikolwiek spos\u00f3b pr\u00f3b\u0105 umniejszenia dorobku, wiedzy, czy kompetencji autora dotychczasowego logo \u2013 m\u00f3wi i dodaje, \u017ce idea zmiany, kt\u00f3ra stanowi element zwi\u0105zanej z 18 rokiem dzia\u0142ania UR kampanii promocyjnej, jak r\u00f3wnie\u017c projekt logo zosta\u0142y zaakceptowane przez Kolegium Dzieka\u0144skie oraz Kolegium Rektorskie &#8211; t\u0142umaczy Ulita.<\/p>\n<p>&#13;<br \/>\n&#13;<\/p>\n<p><span style=\"font-size:20px;\"><strong>Jak symbol sklepu dla dresiarni<\/strong><\/span><\/p>\n<p>&#13;<br \/>\n&#13;<\/p>\n<p>Taka argumentacja nie przekona\u0142a komentuj\u0105cych na Facebooku wprowadzone zmiany w logo uczelni. W\u015br\u00f3d nich pojawiaj\u0105 si\u0119 opinie tego rodzaju: \u201ePaskudztwo, poprzedni herb by\u0142 godny, pi\u0119kny i dobrze si\u0119 kojarzy\u0142. To ju\u017c jest logo, przypominaj\u0105ce symbol jakiego\u015b sklepu odzie\u017cowego dla dresiarni\u201d.<\/p>\n<p>&#13;<br \/>\n&#13;<\/p>\n<p>\u201eNie rozumiem tej korporacyjnej mody w\u015br\u00f3d powa\u017cnych (jak mniemam) instytucji dodatkowo ani to wyraziste, ani innowacyjne, ot kolejny bezp\u0142ciowy projekt\u201d, \u201eJak mo\u017cna by\u0142o co\u015b takiego zrobi\u0107 z logotypem uczelni? Kto\u015b nie ma ani wyobra\u017ani ani gustu -.- ten logotyp mo\u017cna podpi\u0105\u0107 do wszystkiego, nie ma on nic wsp\u00f3lnego z uczelnia :\/ jako osoba zajmuj\u0105ca si\u0119 marketingiem nie rozumiem tej decyzji i tego wyboru &#8211; rozumiem zrobi\u0107 od\u015bwie\u017cenia logotypu, ale nie taka rewolucje -.- stracili\u015bcie tym logotypem ca\u0142y dorobek -.-\u201d.<\/p>\n<p>&#13;<br \/>\n&#13;<\/p>\n<p>&#8222;Kto\u015b kto wymy\u015bli\u0142 zmian\u0119 logo przede wszystkim nie przemy\u015bla\u0142 konsekwencji, kt\u00f3re jak wida\u0107 w komentarzach zaistnia\u0142y. Zawsze uczono mnie, \u017ce logo wy\u017cszych instytucji takich jak Uczelnie, Miasta itp. s\u0105 jak herby&#8230; tego sie nie zmienia. Je\u017celi chce si\u0119 unowocze\u015bni\u0107 lepiej jest doda\u0107 typografi\u0119 bardziej &#8222;na czasie&#8221; skoro tak bardzo chce si\u0119 ju\u017c co\u015b zmienia\u0107. Zanim dostane odpowiedz od osoby, kt\u00f3ra prowadzi ten fanpage prosz\u0119 zapozna\u0107 si\u0119 jak inne uczelnie zmienia\u0142y (a mo\u017ce jak nie zmienia\u0142y) swojego loga np. Harvard lub Oxford. Jako\u015b im &#8222;stary&#8221; wygl\u0105d nie przeszkadza\u0142. Jak dla mnie profanacja starego znaku, mimo \u017ce nowy znak podoba mi sie. Jednak pasuje mi bardziej na logo firmy, kt\u00f3ra zajmuje si\u0119 dofinansowaniami, ale nie jako Szko\u0142a Wy\u017csza&#8230;&#8221;<\/p>\n<p>&#13;<br \/>\n&#13;<\/p>\n<p><span style=\"font-size:20px;\"><strong>Petycja o przywr\u00f3cenie dawnego logo<\/strong><\/span><\/p>\n<p>&#13;<br \/>\n&#13;<\/p>\n<p>Powsta\u0142a te\u017c petycja o zachowanie dotychczasowego logo i identyfikacji wizualnej Uniwersytetu Rzeszowskiego. Jej autorzy, spo\u0142eczno\u015b\u0107 akademicka uczelni zwr\u00f3ci\u0142a si\u0119 do jej rektora prof. dr. Hab. Sylwestra Czopla. Zaapelowa\u0142a, by przywr\u00f3cono dotychczasowe logo. Stwierdzili, \u017ce nie spe\u0142nia ono oczekiwa\u0144 spo\u0142eczno\u015bci akademickiej, i jest przedmiotem kpin i \u017cart\u00f3w.<\/p>\n<p>&#13;<br \/>\n&#13;<\/p>\n<p>\u201e\u00a0 My, spo\u0142eczno\u015b\u0107 akademicka Uniwersytetu Rzeszowskiego \u2013 studenci, pracownicy, absolwenci i sympatycy UR &#8211; apelujemy do Jego Magnificencji Rektora Prof. dr hab. Sylwestra Czopka o przywr\u00f3cenie dotychczasowej identyfikacji wizualnej UR wraz z jego logiem po wprowadzeniu zmian w zwi\u0105zku z restrukturyzacj\u0105.<\/p>\n<p>&#13;<br \/>\n&#13;<\/p>\n<p>Uzasadnienie: Nowe logo zosta\u0142o zaprezentowana na portalu internetowym w maju 2019 roku nie spe\u0142nia oczekiwa\u0144 spo\u0142eczno\u015bci akademickiej. Wypowiedzi internaut\u00f3w (g\u0142\u00f3wnie student\u00f3w, pracownik\u00f3w i absolwent\u00f3w UR), na portalu Facebook, wskazuj\u0105, \u017ce nowy znak graficzny nie odzwierciedla wieloletniej tradycji Uniwersytetu Rzeszowskiego i bez dodatkowych wskaz\u00f3wek nie niesie \u017cadnej tre\u015bci. Jest przedmiotem kpin i \u017cart\u00f3w.<\/p>\n<p>&#13;<br \/>\n&#13;<\/p>\n<p>Spos\u00f3b zatwierdzenia nowego logo r\u00f3wnie\u017c budzi nasze w\u0105tpliwo\u015bci. G\u0142osowanie odby\u0142o si\u0119 z nagi\u0119ciem mechanizmu demokratycznego &#8211; bez wcze\u015bniejszych konsultacji spo\u0142ecznych, ustale\u0144, zapyta\u0144.<\/p>\n<p>&#13;<br \/>\n&#13;<\/p>\n<p>Negatywne opinie, dotycz\u0105ce szaty graficznej nowego logo, wyra\u017cone przez tak liczn\u0105 rzesz\u0119 interesariuszy, upowa\u017cniaj\u0105 do skierowania powy\u017cszej petycji pod rozwa\u017cenie JM Rektora UR.<br \/>&#13;<br \/>\nSpo\u0142eczno\u015b\u0107 Akademicka UR.\u201d- czytamy w petycji.<\/p>\n<p>&#13;<br \/>\n&#13;<\/p>\n<p>Do pi\u0105tku zebrano pod ni\u0105 ponad 1,6 tys. podpis\u00f3w.<\/p>\n<p>&#13;<br \/>\n&#13;<\/p>\n<p><span style=\"font-size:20px;\"><strong>Zmiana identyfikacji wizualnej musi by\u0107 przemy\u015blana<\/strong><\/span><\/p>\n<p>&#13;<br \/>\n&#13;<\/p>\n<p>Micha\u0142 Pawlik z Mamastudio przypomina, \u017ce zmiana identyfikacji wizualnej jest z\u0142o\u017conym i delikatnym zadaniem.<\/p>\n<p>&#13;<br \/>\n&#13;<\/p>\n<p class=\"cytat\">&#8211; W szczeg\u00f3lno\u015bci w przypadku zmiany identyfikacji uczelni, bo studenci i absolwenci silnie si\u0119 z nim identyfikuj\u0105. Trzeba j\u0105 przeprowadzi\u0107 w spos\u00f3b przemy\u015blany, \u015bwiadomy i komunikowa\u0107, sk\u0105d te zmiany si\u0119 bior\u0105 \u2013 podkre\u015bla nasz rozm\u00f3wca. Nie chce wypowiada\u0107 si\u0119 o nowym logo uczelni w kategoriach: podoba si\u0119 czy nie, bo jak t\u0142umaczy, jest to kwestia drugorz\u0119dna. &#8211; \u201eNowe trendy&#8221;, na kt\u00f3re powo\u0142uj\u0105 si\u0119 autorzy, szybko si\u0119 zmieniaj\u0105 a uczelnia ma swoj\u0105 tradycj\u0119 i ci\u0105g\u0142o\u015b\u0107. Stary sygnet, kt\u00f3ry nam si\u0119 nie podoba\u0142 m\u00f3g\u0142 nie spe\u0142nia\u0107 wymog\u00f3w komunikacji, ale mo\u017cna sobie z tym poradzi\u0107 zachowuj\u0105 wizualn\u0105 ci\u0105g\u0142o\u015b\u0107. Przeprojektowa\u0107 cz\u0119\u015b\u0107 element\u00f3w, kolorystyk\u0119, typografi\u0119. Dostosowa\u0107 ca\u0142o\u015b\u0107 do wsp\u00f3\u0142czesnej rzeczywisto\u015bci zamiast tworzy\u0107 i promowa\u0107 zupe\u0142nie nowy byt \u2013 komentuje Micha\u0142 Pawlik. Dodaje, \u017ce trudno te\u017c jest ocenia\u0107 nowy logotyp uczelni, bo jest on cz\u0119\u015bci\u0105 ca\u0142ego systemu, kt\u00f3ry b\u0119dzie wykorzystywany, a jak na razie nie wiadomo jak on dzia\u0142a i wygl\u0105da. &#8211; Taka podmiana znaku po cichu to jest niestety przepis na internetowa awantur\u0119, i tak si\u0119 sta\u0142o &#8211; dodaje Pawlik.<\/p>\n<p>&#13;<br \/>\n&#13;<\/p>\n<p><span style=\"font-size:20px;\"><strong>Prosty i bezosobowy logotyp<\/strong><\/span><\/p>\n<p>&#13;<br \/>\n&#13;<\/p>\n<p>Aleksandra Zabie\u0142\u0142o, senior copywriter z PND Futura uwa\u017ca, \u017ce zmiana, na kt\u00f3r\u0105 zdecydowa\u0142 si\u0119 Uniwersytet Rzeszowski, jest bardzo odwa\u017cna.<\/p>\n<p>&#13;<br \/>\n&#13;<\/p>\n<p class=\"cytat\">&#8211; Logo zaprojektowane przez prof. Wies\u0142awa Grzegorczyka zast\u0105piono znakiem prostym, bezosobowym i nie nios\u0105cym oczekiwanej tre\u015bci. Poprzednie logo silnie odwo\u0142ywa\u0142o si\u0119 do g\u0142\u00f3wnych warto\u015bci uniwersytetu \u2013 tradycji, m\u0105dro\u015bci, ale te\u017c podkre\u015bla\u0142o lokalno\u015b\u0107 \u2013 krzy\u017c wpisany w logo nawi\u0105zywa\u0142 do herbu Rzeszowa. Zmian\u0119 oceniamy wi\u0119c negatywnie. Pami\u0119tajmy r\u00f3wnie\u017c, \u017ce krytyka internaut\u00f3w spowodowana jest nie tylko sam\u0105 zmian\u0105 logo, lecz tak\u017ce sposobem, w jaki zosta\u0142a ona przeprowadzona &#8211; podkre\u015bla Aleksandra Zabie\u0142\u0142o.<\/p>\n<p>Jej zdaniem oburzenie internaut\u00f3w jest uzasadnione. Ocenia, \u017ce nowe logo uczelni jest na tyle banalne, i\u017c mo\u017cna znale\u017a\u0107 wiele \u0142udz\u0105co podobnych przyk\u0142ad\u00f3w identyfikacji wizualnej (co z reszt\u0105 zrobili internauci). &#8211; Kolejna kwestia zwi\u0105zana jest z mo\u017cliwo\u015bci\u0105 uto\u017csamienia si\u0119 z nowym znakiem. Owszem, by\u0107 mo\u017ce b\u0119dzie on lepiej odbierany przez tzw. pokolenie C, jednak co z pozosta\u0142ymi odbiorcami logo? Kadra naukowa, obecni studenci, a tak\u017ce absolwenci uczelni, kt\u00f3rzy wypowiadaj\u0105 si\u0119 w mediach spo\u0142eczno\u015bciowych, s\u0142usznie zauwa\u017caj\u0105, \u017ce nowy znak b\u0119dzie si\u0119 pojawia\u0142 chocia\u017cby na dyplomach, podczas konferencji naukowych itp. &#8211; m\u00f3wi ekspertka PND Futura.<\/p>\n<p>&#13;<br \/>\n&#13;<\/p>\n<p>Zwraca te\u017c uwag\u0119, \u017ce ocena ka\u017cdego logo odbywa si\u0119 na kilku p\u0142aszczyznach. Trendy to wy\u0142\u0105cznie jeden z aspekt\u00f3w. &#8211; Wa\u017cne jest tak\u017ce zastosowanie znaku, specyfika \u201eproduktu\u201d (w tym wypadku jest to uczelnia wy\u017csza) oraz oddanie jego charakteru. Panuje powszechna opinia, \u017ce najbardziej aktualnym trendem jest upraszczanie wszystkiego \u2013 znak\u00f3w, grafik czy kolor\u00f3w. Niestety, patrz\u0105c na nowe logo Uniwersytetu Rzeszowskiego wida\u0107, i\u017c jest to tendencja, kt\u00f3r\u0105 nie nale\u017cy si\u0119 kierowa\u0107 w ka\u017cdej sytuacji \u2013 komentuje nasza rozm\u00f3wczyni. \u00a0<\/p>\n<p>&#13;<br \/>\n                            &#13;<br \/>\n&#13;<br \/>\n                            &#13;<br \/>\n&#13;<br \/>\n&#13;<br \/>\n&#13;<br \/>\n&#13;<br \/>\n&#13;<br \/>\n                            &#13;<br \/>\n                                                            &#13;<br \/>\n&#13;<br \/>\n                            &#13;\n                        <\/p><\/div>\n<p><script>(function (d, s, id) {\n        var js, fjs = d.getElementsByTagName(s)[0];\n        if (d.getElementById(id)) return;\n        js = d.createElement(s);\n        js.id = id;\n        js.src = \"http:\/\/connect.facebook.net\/pl_PL\/sdk.js#xfbml=1&version=v2.6&appId=297996717062470\";\n        fjs.parentNode.insertBefore(js, fjs);\n    }(document, 'script', 'facebook-jssdk'));<\/script><br \/>\n<br \/>[ad_2]<br \/>\n<br \/><a href=\"https:\/\/www.wirtualnemedia.pl\/artykul\/nowe-niby-dostosowane-do-wymagan-grupy-docelowej-logo-uniwersytetu-rzeszowskiego-jest-teraz-proste-bezosobowe-i-nie-niesie-oczekiwanej-tresci\">Source link <\/a><\/p>\n","protected":false},"excerpt":{"rendered":"<p>[ad_1] Nowe logo rzeszowskiej uczelni tworz\u0105 dwie po\u0142\u0105czone ze sob\u0105 litery U i R, niebieskie, na bia\u0142ym tle. Jest minimalistyczne, ma lekko zaokr\u0105glon\u0105 form\u0119. Autorem projektu jest absolwent Wydzia\u0142u Sztuki UR \u2013 Micha\u0142 \u015awi\u0119cicki. Pomys\u0142odawc\u0105 i ich inicjatorem \u2013-Maciek Ulita, rzecznik prasowy Uniwersytetu Rzeszowskiego. &#13; &#13; Na profilu uczelni na Facebooku Maciek Ulita wyja\u015bni\u0142, \u017ce [&hellip;]<\/p>\n","protected":false},"author":2,"featured_media":908,"comment_status":"open","ping_status":"open","sticky":false,"template":"","format":"standard","meta":{"footnotes":""},"categories":[2],"tags":[],"class_list":["post-907","post","type-post","status-publish","format-standard","has-post-thumbnail","hentry","category-wiadomosci-marketingowe-internetowe"],"yoast_head":"<!-- This site is optimized with the Yoast SEO plugin v27.4 - https:\/\/yoast.com\/product\/yoast-seo-wordpress\/ -->\n<title>Nowe, niby dostosowane do wymaga\u0144 grupy docelowej logo Uniwersytetu Rzeszowskiego jest teraz proste, bezosobowe i nie niesie oczekiwanej tre\u015bci - Favorite News<\/title>\n<meta name=\"robots\" content=\"index, follow, max-snippet:-1, max-image-preview:large, max-video-preview:-1\" \/>\n<link rel=\"canonical\" href=\"https:\/\/favorite-news.com\/pl\/nowe-niby-dostosowane-do-wymagan-grupy-docelowej-logo-uniwersytetu-rzeszowskiego-jest-teraz-proste-bezosobowe-i-nie-niesie-oczekiwanej-tresci\/\" \/>\n<meta property=\"og:locale\" content=\"pl_PL\" \/>\n<meta property=\"og:type\" content=\"article\" \/>\n<meta property=\"og:title\" content=\"Nowe, niby dostosowane do wymaga\u0144 grupy docelowej logo Uniwersytetu Rzeszowskiego jest teraz proste, bezosobowe i nie niesie oczekiwanej tre\u015bci - Favorite News\" \/>\n<meta property=\"og:description\" content=\"[ad_1] Nowe logo rzeszowskiej uczelni tworz\u0105 dwie po\u0142\u0105czone ze sob\u0105 litery U i R, niebieskie, na bia\u0142ym tle. Jest minimalistyczne, ma lekko zaokr\u0105glon\u0105 form\u0119. Autorem projektu jest absolwent Wydzia\u0142u Sztuki UR \u2013 Micha\u0142 \u015awi\u0119cicki. Pomys\u0142odawc\u0105 i ich inicjatorem \u2013-Maciek Ulita, rzecznik prasowy Uniwersytetu Rzeszowskiego. &#013; &#013; Na profilu uczelni na Facebooku Maciek Ulita wyja\u015bni\u0142, \u017ce [&hellip;]\" \/>\n<meta property=\"og:url\" content=\"https:\/\/favorite-news.com\/pl\/nowe-niby-dostosowane-do-wymagan-grupy-docelowej-logo-uniwersytetu-rzeszowskiego-jest-teraz-proste-bezosobowe-i-nie-niesie-oczekiwanej-tresci\/\" \/>\n<meta property=\"og:site_name\" content=\"Favorite News\" \/>\n<meta property=\"article:published_time\" content=\"2019-05-25T05:11:14+00:00\" \/>\n<meta property=\"article:modified_time\" content=\"2019-05-25T05:11:15+00:00\" \/>\n<meta property=\"og:image\" content=\"https:\/\/favorite-news.com\/pl\/wp-content\/uploads\/sites\/6\/2019\/05\/Nowe-niby-dostosowane-do-wymaga\u0144-grupy-docelowej-logo-Uniwersytetu-Rzeszowskiego.jpg\" \/>\n\t<meta property=\"og:image:width\" content=\"655\" \/>\n\t<meta property=\"og:image:height\" content=\"372\" \/>\n\t<meta property=\"og:image:type\" content=\"image\/jpeg\" \/>\n<meta name=\"author\" content=\"favorite-news\" \/>\n<meta name=\"twitter:card\" content=\"summary_large_image\" \/>\n<meta name=\"twitter:label1\" content=\"Napisane przez\" \/>\n\t<meta name=\"twitter:data1\" content=\"favorite-news\" \/>\n\t<meta name=\"twitter:label2\" content=\"Szacowany czas czytania\" \/>\n\t<meta name=\"twitter:data2\" content=\"6 minut\" \/>\n<script type=\"application\/ld+json\" class=\"yoast-schema-graph\">{\"@context\":\"https:\\\/\\\/schema.org\",\"@graph\":[{\"@type\":\"Article\",\"@id\":\"https:\\\/\\\/favorite-news.com\\\/pl\\\/nowe-niby-dostosowane-do-wymagan-grupy-docelowej-logo-uniwersytetu-rzeszowskiego-jest-teraz-proste-bezosobowe-i-nie-niesie-oczekiwanej-tresci\\\/#article\",\"isPartOf\":{\"@id\":\"https:\\\/\\\/favorite-news.com\\\/pl\\\/nowe-niby-dostosowane-do-wymagan-grupy-docelowej-logo-uniwersytetu-rzeszowskiego-jest-teraz-proste-bezosobowe-i-nie-niesie-oczekiwanej-tresci\\\/\"},\"author\":{\"name\":\"favorite-news\",\"@id\":\"https:\\\/\\\/favorite-news.com\\\/pl\\\/#\\\/schema\\\/person\\\/b91573b717dcfa5e4696032a9d28d3e8\"},\"headline\":\"Nowe, niby dostosowane do wymaga\u0144 grupy docelowej logo Uniwersytetu Rzeszowskiego jest teraz proste, bezosobowe i nie niesie oczekiwanej tre\u015bci\",\"datePublished\":\"2019-05-25T05:11:14+00:00\",\"dateModified\":\"2019-05-25T05:11:15+00:00\",\"mainEntityOfPage\":{\"@id\":\"https:\\\/\\\/favorite-news.com\\\/pl\\\/nowe-niby-dostosowane-do-wymagan-grupy-docelowej-logo-uniwersytetu-rzeszowskiego-jest-teraz-proste-bezosobowe-i-nie-niesie-oczekiwanej-tresci\\\/\"},\"wordCount\":1268,\"commentCount\":0,\"image\":{\"@id\":\"https:\\\/\\\/favorite-news.com\\\/pl\\\/nowe-niby-dostosowane-do-wymagan-grupy-docelowej-logo-uniwersytetu-rzeszowskiego-jest-teraz-proste-bezosobowe-i-nie-niesie-oczekiwanej-tresci\\\/#primaryimage\"},\"thumbnailUrl\":\"https:\\\/\\\/favorite-news.com\\\/pl\\\/wp-content\\\/uploads\\\/sites\\\/6\\\/2019\\\/05\\\/Nowe-niby-dostosowane-do-wymaga\u0144-grupy-docelowej-logo-Uniwersytetu-Rzeszowskiego.jpg\",\"articleSection\":[\"WIADOMO\u015aCI MARKETINGOWE INTERNETOWE\"],\"inLanguage\":\"pl-PL\",\"potentialAction\":[{\"@type\":\"CommentAction\",\"name\":\"Comment\",\"target\":[\"https:\\\/\\\/favorite-news.com\\\/pl\\\/nowe-niby-dostosowane-do-wymagan-grupy-docelowej-logo-uniwersytetu-rzeszowskiego-jest-teraz-proste-bezosobowe-i-nie-niesie-oczekiwanej-tresci\\\/#respond\"]}]},{\"@type\":\"WebPage\",\"@id\":\"https:\\\/\\\/favorite-news.com\\\/pl\\\/nowe-niby-dostosowane-do-wymagan-grupy-docelowej-logo-uniwersytetu-rzeszowskiego-jest-teraz-proste-bezosobowe-i-nie-niesie-oczekiwanej-tresci\\\/\",\"url\":\"https:\\\/\\\/favorite-news.com\\\/pl\\\/nowe-niby-dostosowane-do-wymagan-grupy-docelowej-logo-uniwersytetu-rzeszowskiego-jest-teraz-proste-bezosobowe-i-nie-niesie-oczekiwanej-tresci\\\/\",\"name\":\"Nowe, niby dostosowane do wymaga\u0144 grupy docelowej logo Uniwersytetu Rzeszowskiego jest teraz proste, bezosobowe i nie niesie oczekiwanej tre\u015bci - Favorite News\",\"isPartOf\":{\"@id\":\"https:\\\/\\\/favorite-news.com\\\/pl\\\/#website\"},\"primaryImageOfPage\":{\"@id\":\"https:\\\/\\\/favorite-news.com\\\/pl\\\/nowe-niby-dostosowane-do-wymagan-grupy-docelowej-logo-uniwersytetu-rzeszowskiego-jest-teraz-proste-bezosobowe-i-nie-niesie-oczekiwanej-tresci\\\/#primaryimage\"},\"image\":{\"@id\":\"https:\\\/\\\/favorite-news.com\\\/pl\\\/nowe-niby-dostosowane-do-wymagan-grupy-docelowej-logo-uniwersytetu-rzeszowskiego-jest-teraz-proste-bezosobowe-i-nie-niesie-oczekiwanej-tresci\\\/#primaryimage\"},\"thumbnailUrl\":\"https:\\\/\\\/favorite-news.com\\\/pl\\\/wp-content\\\/uploads\\\/sites\\\/6\\\/2019\\\/05\\\/Nowe-niby-dostosowane-do-wymaga\u0144-grupy-docelowej-logo-Uniwersytetu-Rzeszowskiego.jpg\",\"datePublished\":\"2019-05-25T05:11:14+00:00\",\"dateModified\":\"2019-05-25T05:11:15+00:00\",\"author\":{\"@id\":\"https:\\\/\\\/favorite-news.com\\\/pl\\\/#\\\/schema\\\/person\\\/b91573b717dcfa5e4696032a9d28d3e8\"},\"breadcrumb\":{\"@id\":\"https:\\\/\\\/favorite-news.com\\\/pl\\\/nowe-niby-dostosowane-do-wymagan-grupy-docelowej-logo-uniwersytetu-rzeszowskiego-jest-teraz-proste-bezosobowe-i-nie-niesie-oczekiwanej-tresci\\\/#breadcrumb\"},\"inLanguage\":\"pl-PL\",\"potentialAction\":[{\"@type\":\"ReadAction\",\"target\":[\"https:\\\/\\\/favorite-news.com\\\/pl\\\/nowe-niby-dostosowane-do-wymagan-grupy-docelowej-logo-uniwersytetu-rzeszowskiego-jest-teraz-proste-bezosobowe-i-nie-niesie-oczekiwanej-tresci\\\/\"]}]},{\"@type\":\"ImageObject\",\"inLanguage\":\"pl-PL\",\"@id\":\"https:\\\/\\\/favorite-news.com\\\/pl\\\/nowe-niby-dostosowane-do-wymagan-grupy-docelowej-logo-uniwersytetu-rzeszowskiego-jest-teraz-proste-bezosobowe-i-nie-niesie-oczekiwanej-tresci\\\/#primaryimage\",\"url\":\"https:\\\/\\\/favorite-news.com\\\/pl\\\/wp-content\\\/uploads\\\/sites\\\/6\\\/2019\\\/05\\\/Nowe-niby-dostosowane-do-wymaga\u0144-grupy-docelowej-logo-Uniwersytetu-Rzeszowskiego.jpg\",\"contentUrl\":\"https:\\\/\\\/favorite-news.com\\\/pl\\\/wp-content\\\/uploads\\\/sites\\\/6\\\/2019\\\/05\\\/Nowe-niby-dostosowane-do-wymaga\u0144-grupy-docelowej-logo-Uniwersytetu-Rzeszowskiego.jpg\",\"width\":655,\"height\":372,\"caption\":\"Article\"},{\"@type\":\"BreadcrumbList\",\"@id\":\"https:\\\/\\\/favorite-news.com\\\/pl\\\/nowe-niby-dostosowane-do-wymagan-grupy-docelowej-logo-uniwersytetu-rzeszowskiego-jest-teraz-proste-bezosobowe-i-nie-niesie-oczekiwanej-tresci\\\/#breadcrumb\",\"itemListElement\":[{\"@type\":\"ListItem\",\"position\":1,\"name\":\"Home\",\"item\":\"https:\\\/\\\/favorite-news.com\\\/pl\\\/\"},{\"@type\":\"ListItem\",\"position\":2,\"name\":\"Nowe, niby dostosowane do wymaga\u0144 grupy docelowej logo Uniwersytetu Rzeszowskiego jest teraz proste, bezosobowe i nie niesie oczekiwanej tre\u015bci\"}]},{\"@type\":\"WebSite\",\"@id\":\"https:\\\/\\\/favorite-news.com\\\/pl\\\/#website\",\"url\":\"https:\\\/\\\/favorite-news.com\\\/pl\\\/\",\"name\":\"Favorite News\",\"description\":\"Favorite News Polska\",\"potentialAction\":[{\"@type\":\"SearchAction\",\"target\":{\"@type\":\"EntryPoint\",\"urlTemplate\":\"https:\\\/\\\/favorite-news.com\\\/pl\\\/?s={search_term_string}\"},\"query-input\":{\"@type\":\"PropertyValueSpecification\",\"valueRequired\":true,\"valueName\":\"search_term_string\"}}],\"inLanguage\":\"pl-PL\"},{\"@type\":\"Person\",\"@id\":\"https:\\\/\\\/favorite-news.com\\\/pl\\\/#\\\/schema\\\/person\\\/b91573b717dcfa5e4696032a9d28d3e8\",\"name\":\"favorite-news\",\"image\":{\"@type\":\"ImageObject\",\"inLanguage\":\"pl-PL\",\"@id\":\"https:\\\/\\\/secure.gravatar.com\\\/avatar\\\/6c5a5cb12b74e9d517ee91cf570335b7d16177f1977cc91db161adfa435945a7?s=96&d=mm&r=g\",\"url\":\"https:\\\/\\\/secure.gravatar.com\\\/avatar\\\/6c5a5cb12b74e9d517ee91cf570335b7d16177f1977cc91db161adfa435945a7?s=96&d=mm&r=g\",\"contentUrl\":\"https:\\\/\\\/secure.gravatar.com\\\/avatar\\\/6c5a5cb12b74e9d517ee91cf570335b7d16177f1977cc91db161adfa435945a7?s=96&d=mm&r=g\",\"caption\":\"favorite-news\"},\"url\":\"https:\\\/\\\/favorite-news.com\\\/pl\\\/author\\\/pt\\\/\"}]}<\/script>\n<!-- \/ Yoast SEO plugin. -->","yoast_head_json":{"title":"Nowe, niby dostosowane do wymaga\u0144 grupy docelowej logo Uniwersytetu Rzeszowskiego jest teraz proste, bezosobowe i nie niesie oczekiwanej tre\u015bci - Favorite News","robots":{"index":"index","follow":"follow","max-snippet":"max-snippet:-1","max-image-preview":"max-image-preview:large","max-video-preview":"max-video-preview:-1"},"canonical":"https:\/\/favorite-news.com\/pl\/nowe-niby-dostosowane-do-wymagan-grupy-docelowej-logo-uniwersytetu-rzeszowskiego-jest-teraz-proste-bezosobowe-i-nie-niesie-oczekiwanej-tresci\/","og_locale":"pl_PL","og_type":"article","og_title":"Nowe, niby dostosowane do wymaga\u0144 grupy docelowej logo Uniwersytetu Rzeszowskiego jest teraz proste, bezosobowe i nie niesie oczekiwanej tre\u015bci - Favorite News","og_description":"[ad_1] Nowe logo rzeszowskiej uczelni tworz\u0105 dwie po\u0142\u0105czone ze sob\u0105 litery U i R, niebieskie, na bia\u0142ym tle. Jest minimalistyczne, ma lekko zaokr\u0105glon\u0105 form\u0119. Autorem projektu jest absolwent Wydzia\u0142u Sztuki UR \u2013 Micha\u0142 \u015awi\u0119cicki. Pomys\u0142odawc\u0105 i ich inicjatorem \u2013-Maciek Ulita, rzecznik prasowy Uniwersytetu Rzeszowskiego. &#13; &#13; Na profilu uczelni na Facebooku Maciek Ulita wyja\u015bni\u0142, \u017ce [&hellip;]","og_url":"https:\/\/favorite-news.com\/pl\/nowe-niby-dostosowane-do-wymagan-grupy-docelowej-logo-uniwersytetu-rzeszowskiego-jest-teraz-proste-bezosobowe-i-nie-niesie-oczekiwanej-tresci\/","og_site_name":"Favorite News","article_published_time":"2019-05-25T05:11:14+00:00","article_modified_time":"2019-05-25T05:11:15+00:00","og_image":[{"width":655,"height":372,"url":"https:\/\/favorite-news.com\/pl\/wp-content\/uploads\/sites\/6\/2019\/05\/Nowe-niby-dostosowane-do-wymaga\u0144-grupy-docelowej-logo-Uniwersytetu-Rzeszowskiego.jpg","type":"image\/jpeg"}],"author":"favorite-news","twitter_card":"summary_large_image","twitter_misc":{"Napisane przez":"favorite-news","Szacowany czas czytania":"6 minut"},"schema":{"@context":"https:\/\/schema.org","@graph":[{"@type":"Article","@id":"https:\/\/favorite-news.com\/pl\/nowe-niby-dostosowane-do-wymagan-grupy-docelowej-logo-uniwersytetu-rzeszowskiego-jest-teraz-proste-bezosobowe-i-nie-niesie-oczekiwanej-tresci\/#article","isPartOf":{"@id":"https:\/\/favorite-news.com\/pl\/nowe-niby-dostosowane-do-wymagan-grupy-docelowej-logo-uniwersytetu-rzeszowskiego-jest-teraz-proste-bezosobowe-i-nie-niesie-oczekiwanej-tresci\/"},"author":{"name":"favorite-news","@id":"https:\/\/favorite-news.com\/pl\/#\/schema\/person\/b91573b717dcfa5e4696032a9d28d3e8"},"headline":"Nowe, niby dostosowane do wymaga\u0144 grupy docelowej logo Uniwersytetu Rzeszowskiego jest teraz proste, bezosobowe i nie niesie oczekiwanej tre\u015bci","datePublished":"2019-05-25T05:11:14+00:00","dateModified":"2019-05-25T05:11:15+00:00","mainEntityOfPage":{"@id":"https:\/\/favorite-news.com\/pl\/nowe-niby-dostosowane-do-wymagan-grupy-docelowej-logo-uniwersytetu-rzeszowskiego-jest-teraz-proste-bezosobowe-i-nie-niesie-oczekiwanej-tresci\/"},"wordCount":1268,"commentCount":0,"image":{"@id":"https:\/\/favorite-news.com\/pl\/nowe-niby-dostosowane-do-wymagan-grupy-docelowej-logo-uniwersytetu-rzeszowskiego-jest-teraz-proste-bezosobowe-i-nie-niesie-oczekiwanej-tresci\/#primaryimage"},"thumbnailUrl":"https:\/\/favorite-news.com\/pl\/wp-content\/uploads\/sites\/6\/2019\/05\/Nowe-niby-dostosowane-do-wymaga\u0144-grupy-docelowej-logo-Uniwersytetu-Rzeszowskiego.jpg","articleSection":["WIADOMO\u015aCI MARKETINGOWE INTERNETOWE"],"inLanguage":"pl-PL","potentialAction":[{"@type":"CommentAction","name":"Comment","target":["https:\/\/favorite-news.com\/pl\/nowe-niby-dostosowane-do-wymagan-grupy-docelowej-logo-uniwersytetu-rzeszowskiego-jest-teraz-proste-bezosobowe-i-nie-niesie-oczekiwanej-tresci\/#respond"]}]},{"@type":"WebPage","@id":"https:\/\/favorite-news.com\/pl\/nowe-niby-dostosowane-do-wymagan-grupy-docelowej-logo-uniwersytetu-rzeszowskiego-jest-teraz-proste-bezosobowe-i-nie-niesie-oczekiwanej-tresci\/","url":"https:\/\/favorite-news.com\/pl\/nowe-niby-dostosowane-do-wymagan-grupy-docelowej-logo-uniwersytetu-rzeszowskiego-jest-teraz-proste-bezosobowe-i-nie-niesie-oczekiwanej-tresci\/","name":"Nowe, niby dostosowane do wymaga\u0144 grupy docelowej logo Uniwersytetu Rzeszowskiego jest teraz proste, bezosobowe i nie niesie oczekiwanej tre\u015bci - Favorite News","isPartOf":{"@id":"https:\/\/favorite-news.com\/pl\/#website"},"primaryImageOfPage":{"@id":"https:\/\/favorite-news.com\/pl\/nowe-niby-dostosowane-do-wymagan-grupy-docelowej-logo-uniwersytetu-rzeszowskiego-jest-teraz-proste-bezosobowe-i-nie-niesie-oczekiwanej-tresci\/#primaryimage"},"image":{"@id":"https:\/\/favorite-news.com\/pl\/nowe-niby-dostosowane-do-wymagan-grupy-docelowej-logo-uniwersytetu-rzeszowskiego-jest-teraz-proste-bezosobowe-i-nie-niesie-oczekiwanej-tresci\/#primaryimage"},"thumbnailUrl":"https:\/\/favorite-news.com\/pl\/wp-content\/uploads\/sites\/6\/2019\/05\/Nowe-niby-dostosowane-do-wymaga\u0144-grupy-docelowej-logo-Uniwersytetu-Rzeszowskiego.jpg","datePublished":"2019-05-25T05:11:14+00:00","dateModified":"2019-05-25T05:11:15+00:00","author":{"@id":"https:\/\/favorite-news.com\/pl\/#\/schema\/person\/b91573b717dcfa5e4696032a9d28d3e8"},"breadcrumb":{"@id":"https:\/\/favorite-news.com\/pl\/nowe-niby-dostosowane-do-wymagan-grupy-docelowej-logo-uniwersytetu-rzeszowskiego-jest-teraz-proste-bezosobowe-i-nie-niesie-oczekiwanej-tresci\/#breadcrumb"},"inLanguage":"pl-PL","potentialAction":[{"@type":"ReadAction","target":["https:\/\/favorite-news.com\/pl\/nowe-niby-dostosowane-do-wymagan-grupy-docelowej-logo-uniwersytetu-rzeszowskiego-jest-teraz-proste-bezosobowe-i-nie-niesie-oczekiwanej-tresci\/"]}]},{"@type":"ImageObject","inLanguage":"pl-PL","@id":"https:\/\/favorite-news.com\/pl\/nowe-niby-dostosowane-do-wymagan-grupy-docelowej-logo-uniwersytetu-rzeszowskiego-jest-teraz-proste-bezosobowe-i-nie-niesie-oczekiwanej-tresci\/#primaryimage","url":"https:\/\/favorite-news.com\/pl\/wp-content\/uploads\/sites\/6\/2019\/05\/Nowe-niby-dostosowane-do-wymaga\u0144-grupy-docelowej-logo-Uniwersytetu-Rzeszowskiego.jpg","contentUrl":"https:\/\/favorite-news.com\/pl\/wp-content\/uploads\/sites\/6\/2019\/05\/Nowe-niby-dostosowane-do-wymaga\u0144-grupy-docelowej-logo-Uniwersytetu-Rzeszowskiego.jpg","width":655,"height":372,"caption":"Article"},{"@type":"BreadcrumbList","@id":"https:\/\/favorite-news.com\/pl\/nowe-niby-dostosowane-do-wymagan-grupy-docelowej-logo-uniwersytetu-rzeszowskiego-jest-teraz-proste-bezosobowe-i-nie-niesie-oczekiwanej-tresci\/#breadcrumb","itemListElement":[{"@type":"ListItem","position":1,"name":"Home","item":"https:\/\/favorite-news.com\/pl\/"},{"@type":"ListItem","position":2,"name":"Nowe, niby dostosowane do wymaga\u0144 grupy docelowej logo Uniwersytetu Rzeszowskiego jest teraz proste, bezosobowe i nie niesie oczekiwanej tre\u015bci"}]},{"@type":"WebSite","@id":"https:\/\/favorite-news.com\/pl\/#website","url":"https:\/\/favorite-news.com\/pl\/","name":"Favorite News","description":"Favorite News Polska","potentialAction":[{"@type":"SearchAction","target":{"@type":"EntryPoint","urlTemplate":"https:\/\/favorite-news.com\/pl\/?s={search_term_string}"},"query-input":{"@type":"PropertyValueSpecification","valueRequired":true,"valueName":"search_term_string"}}],"inLanguage":"pl-PL"},{"@type":"Person","@id":"https:\/\/favorite-news.com\/pl\/#\/schema\/person\/b91573b717dcfa5e4696032a9d28d3e8","name":"favorite-news","image":{"@type":"ImageObject","inLanguage":"pl-PL","@id":"https:\/\/secure.gravatar.com\/avatar\/6c5a5cb12b74e9d517ee91cf570335b7d16177f1977cc91db161adfa435945a7?s=96&d=mm&r=g","url":"https:\/\/secure.gravatar.com\/avatar\/6c5a5cb12b74e9d517ee91cf570335b7d16177f1977cc91db161adfa435945a7?s=96&d=mm&r=g","contentUrl":"https:\/\/secure.gravatar.com\/avatar\/6c5a5cb12b74e9d517ee91cf570335b7d16177f1977cc91db161adfa435945a7?s=96&d=mm&r=g","caption":"favorite-news"},"url":"https:\/\/favorite-news.com\/pl\/author\/pt\/"}]}},"_links":{"self":[{"href":"https:\/\/favorite-news.com\/pl\/wp-json\/wp\/v2\/posts\/907","targetHints":{"allow":["GET"]}}],"collection":[{"href":"https:\/\/favorite-news.com\/pl\/wp-json\/wp\/v2\/posts"}],"about":[{"href":"https:\/\/favorite-news.com\/pl\/wp-json\/wp\/v2\/types\/post"}],"author":[{"embeddable":true,"href":"https:\/\/favorite-news.com\/pl\/wp-json\/wp\/v2\/users\/2"}],"replies":[{"embeddable":true,"href":"https:\/\/favorite-news.com\/pl\/wp-json\/wp\/v2\/comments?post=907"}],"version-history":[{"count":1,"href":"https:\/\/favorite-news.com\/pl\/wp-json\/wp\/v2\/posts\/907\/revisions"}],"predecessor-version":[{"id":909,"href":"https:\/\/favorite-news.com\/pl\/wp-json\/wp\/v2\/posts\/907\/revisions\/909"}],"wp:featuredmedia":[{"embeddable":true,"href":"https:\/\/favorite-news.com\/pl\/wp-json\/wp\/v2\/media\/908"}],"wp:attachment":[{"href":"https:\/\/favorite-news.com\/pl\/wp-json\/wp\/v2\/media?parent=907"}],"wp:term":[{"taxonomy":"category","embeddable":true,"href":"https:\/\/favorite-news.com\/pl\/wp-json\/wp\/v2\/categories?post=907"},{"taxonomy":"post_tag","embeddable":true,"href":"https:\/\/favorite-news.com\/pl\/wp-json\/wp\/v2\/tags?post=907"}],"curies":[{"name":"wp","href":"https:\/\/api.w.org\/{rel}","templated":true}]}}