{"id":887,"date":"2019-05-24T19:06:09","date_gmt":"2019-05-24T16:06:09","guid":{"rendered":"https:\/\/favorite-news.com\/pl\/multikino-kupuje-kina-cinema-3d\/"},"modified":"2019-05-24T19:06:10","modified_gmt":"2019-05-24T16:06:10","slug":"multikino-kupuje-kina-cinema-3d","status":"publish","type":"post","link":"https:\/\/favorite-news.com\/pl\/multikino-kupuje-kina-cinema-3d\/","title":{"rendered":"Multikino kupuje kina Cinema 3D"},"content":{"rendered":"<p> [ad_1]<br \/>\n<\/p>\n<div id=\"\">\n<p>W komunikacie prasowym Multikino zaznaczy\u0142o, \u017ce sfinansowa\u0142o kupno Cinema 3D ze \u015brodk\u00f3w w\u0142asnych. Nie poda\u0142o natomiast warto\u015bci transakcji.<\/p>\n<p>&#13;<br \/>\n&#13;<\/p>\n<p>&#8211; To wydarzenie bezsprzecznie wyj\u0105tkowe. Jestem przekonany, \u017ce wzajemna wymiana do\u015bwiadcze\u0144 zaowocuje jako\u015bci\u0105, jakiej do tej pory w Polsce jeszcze nie by\u0142o. W 1998 roku otworzyli\u015bmy pierwszy multipleks w Polsce &#8211; pozna\u0144skie Multikino, a od 2013 roku korzystamy z mi\u0119dzynarodowych do\u015bwiadcze\u0144 Grupy Vue International i wsp\u00f3lnie wyznaczamy najnowsze kinowe trendy, oferuj\u0105c widzom rozrywk\u0119 na najwy\u017cszym &#8211; przypomina Pawe\u0142 \u015awist, od niedawna prezes Multikina (zast\u0105pi\u0142 na tym stanowisku Piotra Zygo).<\/p>\n<p>&#13;<br \/>\n&#13;<\/p>\n<p><span style=\"font-size:20px;\"><strong>Cinema 3D z 13 kinami<\/strong><\/span><\/p>\n<p>&#13;<br \/>\n&#13;<\/p>\n<p>Do Cinema 3D nale\u017cy 13 kin z 65 ekranami. <strong>Po przej\u0119ciu tej firmy Multikino b\u0119dzie mie\u0107 45 obiekt\u00f3w z 322 ekran\u00f3w.<\/strong><\/p>\n<p>&#13;<br \/>\n&#13;<\/p>\n<p>Najnowsze z nich ruszy\u0142o w czwartek wraz z uruchomieniem Galerii M\u0142ociny na warszawskich Bielanach. Jest w nim 10 ekran\u00f3w i 935 miejsc dla widz\u00f3w. Sale s\u0105 wyposa\u017cone w projektory laserowe 4K, w dw\u00f3ch dzia\u0142a system d\u017awi\u0119ku tr\u00f3jwymiarowego Dolby Atmos, dost\u0119pne s\u0105 te\u017c elektrycznie rozk\u0142adane fotele SuperVIP.<\/p>\n<p>&#13;<br \/>\n&#13;<\/p>\n<p>Zapowiadaj\u0105c w lipcu ub.r. <strong>przej\u0119cie kin Cinema 3D, Multikino zaznaczy\u0142o, \u017ce przemianuje je na swoj\u0105 mark\u0119.<\/strong><\/p>\n<p>&#13;<br \/>\n&#13;<\/p>\n<p>&#8211; Jestem szcz\u0119\u015bliwy, mog\u0105c og\u0142osi\u0107 kolejny sukces na drodze mi\u0119dzynarodowego rozwoju naszej Grupy. Tworzymy i dostarczamy niepowtarzalne do\u015bwiadczenia kinowe dla ponad 100 milion\u00f3w widz\u00f3w ka\u017cdego roku. Nie ustajemy w d\u0105\u017ceniach zwi\u0105zanych z dynamiczn\u0105 ekspansj\u0105. Naszym celem jest zarz\u0105dzanie oraz rozwijanie kin \u015bwiadcz\u0105cych najwy\u017cszy poziom jako\u015bci us\u0142ug na ca\u0142ym \u015bwiecie &#8211; komentuje Tim Richards, za\u0142o\u017cyciel i CEO koncernu Vue International, do kt\u00f3rego nale\u017cy Mutlikino.<\/p>\n<p>&#13;<br \/>\n&#13;<\/p>\n<p>W okresie rozrachunkowym od czerwca 2016 do lutego 2018 roku Multikino zanotowa\u0142o wzrost przychod\u00f3w sprzeda\u017cowych do 652,93 mln z\u0142 oraz zysku netto do 36,4 mln z\u0142. Wp\u0142ywy z bilet\u00f3w i reklam wynios\u0142y 482,83 mln z\u0142, a ze sprzeda\u017cy przek\u0105sek i napoj\u00f3w &#8211; 166,43 mln z\u0142.<\/p>\n<p>&#13;<br \/>\n&#13;<\/p>\n<p><span style=\"font-size:20px;\"><strong>Warunkowa zgoda UOKiK-u, bez kina Cinema 3D w Gda\u0144sku<\/strong><\/span><\/p>\n<p>&#13;<br \/>\n&#13;<\/p>\n<p>Przej\u0119cie Cinema 3D przez Multikino zosta\u0142o w ub.r. <strong>zg\u0142oszone do akceptacji przez Urz\u0105d Ochrony Konkurencji i Konsument\u00f3w. W lutym UOKiK wyrazi\u0142 zastrze\u017cenia do planowanej fuzji<\/strong>. Zaznaczy\u0142, \u017ce za rynek w\u0142a\u015bciwy dla obu firm uznano nie ca\u0142y sektor kinowy, ale segment kin sieciowych, kt\u00f3ry sklasyfikowano jako odr\u0119bny wobec kin niezale\u017cnych.<\/p>\n<p>&#13;<br \/>\n&#13;<\/p>\n<p>&#8211; Te pierwsze zlokalizowane s\u0105 przewa\u017cnie w centrach handlowych, oferuj\u0105 bardziej zr\u00f3\u017cnicowany repertuar filmowy oraz bardziej rozbudowan\u0105 i dopasowan\u0105 do preferencji widz\u00f3w ofert\u0119 specjaln\u0105 bilet\u00f3w. Kina niesieciowe przewa\u017cnie oferuj\u0105 ta\u0144sze bilety filmowe w ramach oferty standardowej w por\u00f3wnaniu do kin sieciowych. Ponadto w odr\u00f3\u017cnieniu od kin sieciowych stosuj\u0105cych programy lojalno\u015bciowe, w wi\u0119kszo\u015bci przypadk\u00f3w w og\u00f3le nie dysponuj\u0105 narz\u0119dziami maj\u0105cymi na celu optymalizacj\u0119 prowadzonej dzia\u0142alno\u015bci &#8211; wyliczono w komunikacie UOKiK-u.<\/p>\n<p>&#13;<br \/>\n&#13;<\/p>\n<p>Dodano, \u017ce kina sieciowe konkuruj\u0105 ze sob\u0105 r\u00f3wnie\u017c w skali ca\u0142ego kraju, gdzie kina nie sieciowe nie s\u0105 dla nich zagro\u017cenie UOKiK przyj\u0105\u0142, \u017ce obszar, na kt\u00f3rym kina sieciowe konkuruj\u0105 ze sob\u0105, to 30 minut jazdy samochodem, poniewa\u017c jest to maksymalna odleg\u0142o\u015b\u0107, jak\u0105 konsumenci s\u0105 sk\u0142onni przeby\u0107, \u017ceby obejrze\u0107 film. &#8211; Badanie rynku pokaza\u0142o, \u017ce koncentracja mo\u017ce doprowadzi\u0107 do ograniczenia konkurencji na trzech lokalnych rynkach, na obszarze 30 minut jazdy samochodem od kin Cinema 3D: w Gda\u0144sku, w Galerii Atrium Reduta w Warszawie i w Galerii M\u0142ociny w Warszawie &#8211; skomentowa\u0142 Marek Niechcia\u0142, prezes UOKiK-u.<\/p>\n<p>&#13;<br \/>\n&#13;<\/p>\n<p>W miniony wtorek <strong>regulator poinformowa\u0142, \u017ce wyra\u017ca zgod\u0119 na przej\u0119cie Cinema 3D przez Multikino, ale bez kina w Galerii Morena w Gda\u0144sku<\/strong>. &#8211; Nasze post\u0119powanie wykaza\u0142o, \u017ce zgoda na koncentracj\u0119 oznacza\u0142aby ograniczenie konkurencji. Mo\u017cliwe by\u0142o jednak wydanie zgody warunkowej. Stwierdzili\u015bmy, \u017ce sprzeda\u017c Cinema 3D w Galerii Morena spowoduje, \u017ce gda\u0144scy konsumenci nadal b\u0119d\u0105 mieli swobod\u0119 wyboru kina, w kt\u00f3rym chc\u0105 obejrze\u0107 film &#8211; uzasadni\u0142 Marek Niechcia\u0142.<\/p>\n<p>&#13;<br \/>\n&#13;<\/p>\n<p>Je\u015bli Multikino zdecyduje si\u0119 <strong>przej\u0105\u0107 Cinema 3D i odsprzeda\u0107 kino w Gda\u0144sku, nowy w\u0142a\u015bciciel tego obiektu b\u0119dzie musia\u0142 zosta\u0107 zaakceptowany przez UOKiK. <\/strong>Regulator wymaga, \u017ceby by\u0142 to podmiot z wystarczaj\u0105cymi zasobami finansowymi i do\u015bwiadczeniem do prowadzenia kina, <strong>ma zagwarantowa\u0107, \u017ce b\u0119dzie ono dzia\u0142a\u0107 do 2026 roku<\/strong>. Oczywi\u015bcie nie mo\u017ce by\u0107 to firma powi\u0105zana kapita\u0142owo z Multikinem.<\/p>\n<p>&#13;<br \/>\n&#13;<\/p>\n<p><strong>Decyzja UOKiK-u nie jest prawomocna, <\/strong>Multikino mo\u017ce odwo\u0142a\u0107 si\u0119 od niej do S\u0105du Ochrony Konkurencji i Konsument\u00f3w. <strong>Firma na razie nie komentuje stanowiska regulatora.<\/strong><\/p>\n<p>&#13;<br \/>\n                            &#13;<br \/>\n&#13;<br \/>\n                            &#13;<br \/>\n&#13;<br \/>\n&#13;<br \/>\n&#13;<br \/>\n&#13;<br \/>\n&#13;<br \/>\n                            &#13;<br \/>\n                                                            &#13;<br \/>\n&#13;<br \/>\n                            &#13;\n                        <\/p><\/div>\n<p><script>(function (d, s, id) {\n        var js, fjs = d.getElementsByTagName(s)[0];\n        if (d.getElementById(id)) return;\n        js = d.createElement(s);\n        js.id = id;\n        js.src = \"http:\/\/connect.facebook.net\/pl_PL\/sdk.js#xfbml=1&version=v2.6&appId=297996717062470\";\n        fjs.parentNode.insertBefore(js, fjs);\n    }(document, 'script', 'facebook-jssdk'));<\/script><br \/>\n<br \/>[ad_2]<br \/>\n<br \/><a href=\"https:\/\/www.wirtualnemedia.pl\/artykul\/multikino-kupuje-kina-cinema-3d-uokik-nie-zgadza-sie-na-przejecie-kina-w-galerii-morena-gdansk\">Source link <\/a><\/p>\n","protected":false},"excerpt":{"rendered":"<p>[ad_1] W komunikacie prasowym Multikino zaznaczy\u0142o, \u017ce sfinansowa\u0142o kupno Cinema 3D ze \u015brodk\u00f3w w\u0142asnych. Nie poda\u0142o natomiast warto\u015bci transakcji. &#13; &#13; &#8211; To wydarzenie bezsprzecznie wyj\u0105tkowe. Jestem przekonany, \u017ce wzajemna wymiana do\u015bwiadcze\u0144 zaowocuje jako\u015bci\u0105, jakiej do tej pory w Polsce jeszcze nie by\u0142o. W 1998 roku otworzyli\u015bmy pierwszy multipleks w Polsce &#8211; pozna\u0144skie Multikino, a [&hellip;]<\/p>\n","protected":false},"author":2,"featured_media":774,"comment_status":"open","ping_status":"open","sticky":false,"template":"","format":"standard","meta":{"footnotes":""},"categories":[2],"tags":[],"class_list":["post-887","post","type-post","status-publish","format-standard","has-post-thumbnail","hentry","category-wiadomosci-marketingowe-internetowe"],"yoast_head":"<!-- This site is optimized with the Yoast SEO plugin v27.4 - https:\/\/yoast.com\/product\/yoast-seo-wordpress\/ -->\n<title>Multikino kupuje kina Cinema 3D - Favorite News<\/title>\n<meta name=\"robots\" content=\"index, follow, max-snippet:-1, max-image-preview:large, max-video-preview:-1\" \/>\n<link rel=\"canonical\" href=\"https:\/\/favorite-news.com\/pl\/multikino-kupuje-kina-cinema-3d\/\" \/>\n<meta property=\"og:locale\" content=\"pl_PL\" \/>\n<meta property=\"og:type\" content=\"article\" \/>\n<meta property=\"og:title\" content=\"Multikino kupuje kina Cinema 3D - Favorite News\" \/>\n<meta property=\"og:description\" content=\"[ad_1] W komunikacie prasowym Multikino zaznaczy\u0142o, \u017ce sfinansowa\u0142o kupno Cinema 3D ze \u015brodk\u00f3w w\u0142asnych. Nie poda\u0142o natomiast warto\u015bci transakcji. &#013; &#013; &#8211; To wydarzenie bezsprzecznie wyj\u0105tkowe. Jestem przekonany, \u017ce wzajemna wymiana do\u015bwiadcze\u0144 zaowocuje jako\u015bci\u0105, jakiej do tej pory w Polsce jeszcze nie by\u0142o. W 1998 roku otworzyli\u015bmy pierwszy multipleks w Polsce &#8211; pozna\u0144skie Multikino, a [&hellip;]\" \/>\n<meta property=\"og:url\" content=\"https:\/\/favorite-news.com\/pl\/multikino-kupuje-kina-cinema-3d\/\" \/>\n<meta property=\"og:site_name\" content=\"Favorite News\" \/>\n<meta property=\"article:published_time\" content=\"2019-05-24T16:06:09+00:00\" \/>\n<meta property=\"article:modified_time\" content=\"2019-05-24T16:06:10+00:00\" \/>\n<meta property=\"og:image\" content=\"https:\/\/favorite-news.com\/pl\/wp-content\/uploads\/sites\/6\/2019\/05\/Multikino-mo\u017ce-przej\u0105\u0107-Cinema-3D-ale-bez-kina-w-Galerii.jpg\" \/>\n\t<meta property=\"og:image:width\" content=\"655\" \/>\n\t<meta property=\"og:image:height\" content=\"368\" \/>\n\t<meta property=\"og:image:type\" content=\"image\/jpeg\" \/>\n<meta name=\"author\" content=\"favorite-news\" \/>\n<meta name=\"twitter:card\" content=\"summary_large_image\" \/>\n<meta name=\"twitter:label1\" content=\"Napisane przez\" \/>\n\t<meta name=\"twitter:data1\" content=\"favorite-news\" \/>\n\t<meta name=\"twitter:label2\" content=\"Szacowany czas czytania\" \/>\n\t<meta name=\"twitter:data2\" content=\"4 minuty\" \/>\n<script type=\"application\/ld+json\" class=\"yoast-schema-graph\">{\"@context\":\"https:\\\/\\\/schema.org\",\"@graph\":[{\"@type\":\"Article\",\"@id\":\"https:\\\/\\\/favorite-news.com\\\/pl\\\/multikino-kupuje-kina-cinema-3d\\\/#article\",\"isPartOf\":{\"@id\":\"https:\\\/\\\/favorite-news.com\\\/pl\\\/multikino-kupuje-kina-cinema-3d\\\/\"},\"author\":{\"name\":\"favorite-news\",\"@id\":\"https:\\\/\\\/favorite-news.com\\\/pl\\\/#\\\/schema\\\/person\\\/b91573b717dcfa5e4696032a9d28d3e8\"},\"headline\":\"Multikino kupuje kina Cinema 3D\",\"datePublished\":\"2019-05-24T16:06:09+00:00\",\"dateModified\":\"2019-05-24T16:06:10+00:00\",\"mainEntityOfPage\":{\"@id\":\"https:\\\/\\\/favorite-news.com\\\/pl\\\/multikino-kupuje-kina-cinema-3d\\\/\"},\"wordCount\":780,\"commentCount\":0,\"image\":{\"@id\":\"https:\\\/\\\/favorite-news.com\\\/pl\\\/multikino-kupuje-kina-cinema-3d\\\/#primaryimage\"},\"thumbnailUrl\":\"https:\\\/\\\/favorite-news.com\\\/pl\\\/wp-content\\\/uploads\\\/sites\\\/6\\\/2019\\\/05\\\/Multikino-mo\u017ce-przej\u0105\u0107-Cinema-3D-ale-bez-kina-w-Galerii.jpg\",\"articleSection\":[\"WIADOMO\u015aCI MARKETINGOWE INTERNETOWE\"],\"inLanguage\":\"pl-PL\",\"potentialAction\":[{\"@type\":\"CommentAction\",\"name\":\"Comment\",\"target\":[\"https:\\\/\\\/favorite-news.com\\\/pl\\\/multikino-kupuje-kina-cinema-3d\\\/#respond\"]}]},{\"@type\":\"WebPage\",\"@id\":\"https:\\\/\\\/favorite-news.com\\\/pl\\\/multikino-kupuje-kina-cinema-3d\\\/\",\"url\":\"https:\\\/\\\/favorite-news.com\\\/pl\\\/multikino-kupuje-kina-cinema-3d\\\/\",\"name\":\"Multikino kupuje kina Cinema 3D - Favorite News\",\"isPartOf\":{\"@id\":\"https:\\\/\\\/favorite-news.com\\\/pl\\\/#website\"},\"primaryImageOfPage\":{\"@id\":\"https:\\\/\\\/favorite-news.com\\\/pl\\\/multikino-kupuje-kina-cinema-3d\\\/#primaryimage\"},\"image\":{\"@id\":\"https:\\\/\\\/favorite-news.com\\\/pl\\\/multikino-kupuje-kina-cinema-3d\\\/#primaryimage\"},\"thumbnailUrl\":\"https:\\\/\\\/favorite-news.com\\\/pl\\\/wp-content\\\/uploads\\\/sites\\\/6\\\/2019\\\/05\\\/Multikino-mo\u017ce-przej\u0105\u0107-Cinema-3D-ale-bez-kina-w-Galerii.jpg\",\"datePublished\":\"2019-05-24T16:06:09+00:00\",\"dateModified\":\"2019-05-24T16:06:10+00:00\",\"author\":{\"@id\":\"https:\\\/\\\/favorite-news.com\\\/pl\\\/#\\\/schema\\\/person\\\/b91573b717dcfa5e4696032a9d28d3e8\"},\"breadcrumb\":{\"@id\":\"https:\\\/\\\/favorite-news.com\\\/pl\\\/multikino-kupuje-kina-cinema-3d\\\/#breadcrumb\"},\"inLanguage\":\"pl-PL\",\"potentialAction\":[{\"@type\":\"ReadAction\",\"target\":[\"https:\\\/\\\/favorite-news.com\\\/pl\\\/multikino-kupuje-kina-cinema-3d\\\/\"]}]},{\"@type\":\"ImageObject\",\"inLanguage\":\"pl-PL\",\"@id\":\"https:\\\/\\\/favorite-news.com\\\/pl\\\/multikino-kupuje-kina-cinema-3d\\\/#primaryimage\",\"url\":\"https:\\\/\\\/favorite-news.com\\\/pl\\\/wp-content\\\/uploads\\\/sites\\\/6\\\/2019\\\/05\\\/Multikino-mo\u017ce-przej\u0105\u0107-Cinema-3D-ale-bez-kina-w-Galerii.jpg\",\"contentUrl\":\"https:\\\/\\\/favorite-news.com\\\/pl\\\/wp-content\\\/uploads\\\/sites\\\/6\\\/2019\\\/05\\\/Multikino-mo\u017ce-przej\u0105\u0107-Cinema-3D-ale-bez-kina-w-Galerii.jpg\",\"width\":655,\"height\":368,\"caption\":\"Article\"},{\"@type\":\"BreadcrumbList\",\"@id\":\"https:\\\/\\\/favorite-news.com\\\/pl\\\/multikino-kupuje-kina-cinema-3d\\\/#breadcrumb\",\"itemListElement\":[{\"@type\":\"ListItem\",\"position\":1,\"name\":\"Home\",\"item\":\"https:\\\/\\\/favorite-news.com\\\/pl\\\/\"},{\"@type\":\"ListItem\",\"position\":2,\"name\":\"Multikino kupuje kina Cinema 3D\"}]},{\"@type\":\"WebSite\",\"@id\":\"https:\\\/\\\/favorite-news.com\\\/pl\\\/#website\",\"url\":\"https:\\\/\\\/favorite-news.com\\\/pl\\\/\",\"name\":\"Favorite News\",\"description\":\"Favorite News Polska\",\"potentialAction\":[{\"@type\":\"SearchAction\",\"target\":{\"@type\":\"EntryPoint\",\"urlTemplate\":\"https:\\\/\\\/favorite-news.com\\\/pl\\\/?s={search_term_string}\"},\"query-input\":{\"@type\":\"PropertyValueSpecification\",\"valueRequired\":true,\"valueName\":\"search_term_string\"}}],\"inLanguage\":\"pl-PL\"},{\"@type\":\"Person\",\"@id\":\"https:\\\/\\\/favorite-news.com\\\/pl\\\/#\\\/schema\\\/person\\\/b91573b717dcfa5e4696032a9d28d3e8\",\"name\":\"favorite-news\",\"image\":{\"@type\":\"ImageObject\",\"inLanguage\":\"pl-PL\",\"@id\":\"https:\\\/\\\/secure.gravatar.com\\\/avatar\\\/6c5a5cb12b74e9d517ee91cf570335b7d16177f1977cc91db161adfa435945a7?s=96&d=mm&r=g\",\"url\":\"https:\\\/\\\/secure.gravatar.com\\\/avatar\\\/6c5a5cb12b74e9d517ee91cf570335b7d16177f1977cc91db161adfa435945a7?s=96&d=mm&r=g\",\"contentUrl\":\"https:\\\/\\\/secure.gravatar.com\\\/avatar\\\/6c5a5cb12b74e9d517ee91cf570335b7d16177f1977cc91db161adfa435945a7?s=96&d=mm&r=g\",\"caption\":\"favorite-news\"},\"url\":\"https:\\\/\\\/favorite-news.com\\\/pl\\\/author\\\/pt\\\/\"}]}<\/script>\n<!-- \/ Yoast SEO plugin. -->","yoast_head_json":{"title":"Multikino kupuje kina Cinema 3D - Favorite News","robots":{"index":"index","follow":"follow","max-snippet":"max-snippet:-1","max-image-preview":"max-image-preview:large","max-video-preview":"max-video-preview:-1"},"canonical":"https:\/\/favorite-news.com\/pl\/multikino-kupuje-kina-cinema-3d\/","og_locale":"pl_PL","og_type":"article","og_title":"Multikino kupuje kina Cinema 3D - Favorite News","og_description":"[ad_1] W komunikacie prasowym Multikino zaznaczy\u0142o, \u017ce sfinansowa\u0142o kupno Cinema 3D ze \u015brodk\u00f3w w\u0142asnych. Nie poda\u0142o natomiast warto\u015bci transakcji. &#13; &#13; &#8211; To wydarzenie bezsprzecznie wyj\u0105tkowe. Jestem przekonany, \u017ce wzajemna wymiana do\u015bwiadcze\u0144 zaowocuje jako\u015bci\u0105, jakiej do tej pory w Polsce jeszcze nie by\u0142o. W 1998 roku otworzyli\u015bmy pierwszy multipleks w Polsce &#8211; pozna\u0144skie Multikino, a [&hellip;]","og_url":"https:\/\/favorite-news.com\/pl\/multikino-kupuje-kina-cinema-3d\/","og_site_name":"Favorite News","article_published_time":"2019-05-24T16:06:09+00:00","article_modified_time":"2019-05-24T16:06:10+00:00","og_image":[{"width":655,"height":368,"url":"https:\/\/favorite-news.com\/pl\/wp-content\/uploads\/sites\/6\/2019\/05\/Multikino-mo\u017ce-przej\u0105\u0107-Cinema-3D-ale-bez-kina-w-Galerii.jpg","type":"image\/jpeg"}],"author":"favorite-news","twitter_card":"summary_large_image","twitter_misc":{"Napisane przez":"favorite-news","Szacowany czas czytania":"4 minuty"},"schema":{"@context":"https:\/\/schema.org","@graph":[{"@type":"Article","@id":"https:\/\/favorite-news.com\/pl\/multikino-kupuje-kina-cinema-3d\/#article","isPartOf":{"@id":"https:\/\/favorite-news.com\/pl\/multikino-kupuje-kina-cinema-3d\/"},"author":{"name":"favorite-news","@id":"https:\/\/favorite-news.com\/pl\/#\/schema\/person\/b91573b717dcfa5e4696032a9d28d3e8"},"headline":"Multikino kupuje kina Cinema 3D","datePublished":"2019-05-24T16:06:09+00:00","dateModified":"2019-05-24T16:06:10+00:00","mainEntityOfPage":{"@id":"https:\/\/favorite-news.com\/pl\/multikino-kupuje-kina-cinema-3d\/"},"wordCount":780,"commentCount":0,"image":{"@id":"https:\/\/favorite-news.com\/pl\/multikino-kupuje-kina-cinema-3d\/#primaryimage"},"thumbnailUrl":"https:\/\/favorite-news.com\/pl\/wp-content\/uploads\/sites\/6\/2019\/05\/Multikino-mo\u017ce-przej\u0105\u0107-Cinema-3D-ale-bez-kina-w-Galerii.jpg","articleSection":["WIADOMO\u015aCI MARKETINGOWE INTERNETOWE"],"inLanguage":"pl-PL","potentialAction":[{"@type":"CommentAction","name":"Comment","target":["https:\/\/favorite-news.com\/pl\/multikino-kupuje-kina-cinema-3d\/#respond"]}]},{"@type":"WebPage","@id":"https:\/\/favorite-news.com\/pl\/multikino-kupuje-kina-cinema-3d\/","url":"https:\/\/favorite-news.com\/pl\/multikino-kupuje-kina-cinema-3d\/","name":"Multikino kupuje kina Cinema 3D - Favorite News","isPartOf":{"@id":"https:\/\/favorite-news.com\/pl\/#website"},"primaryImageOfPage":{"@id":"https:\/\/favorite-news.com\/pl\/multikino-kupuje-kina-cinema-3d\/#primaryimage"},"image":{"@id":"https:\/\/favorite-news.com\/pl\/multikino-kupuje-kina-cinema-3d\/#primaryimage"},"thumbnailUrl":"https:\/\/favorite-news.com\/pl\/wp-content\/uploads\/sites\/6\/2019\/05\/Multikino-mo\u017ce-przej\u0105\u0107-Cinema-3D-ale-bez-kina-w-Galerii.jpg","datePublished":"2019-05-24T16:06:09+00:00","dateModified":"2019-05-24T16:06:10+00:00","author":{"@id":"https:\/\/favorite-news.com\/pl\/#\/schema\/person\/b91573b717dcfa5e4696032a9d28d3e8"},"breadcrumb":{"@id":"https:\/\/favorite-news.com\/pl\/multikino-kupuje-kina-cinema-3d\/#breadcrumb"},"inLanguage":"pl-PL","potentialAction":[{"@type":"ReadAction","target":["https:\/\/favorite-news.com\/pl\/multikino-kupuje-kina-cinema-3d\/"]}]},{"@type":"ImageObject","inLanguage":"pl-PL","@id":"https:\/\/favorite-news.com\/pl\/multikino-kupuje-kina-cinema-3d\/#primaryimage","url":"https:\/\/favorite-news.com\/pl\/wp-content\/uploads\/sites\/6\/2019\/05\/Multikino-mo\u017ce-przej\u0105\u0107-Cinema-3D-ale-bez-kina-w-Galerii.jpg","contentUrl":"https:\/\/favorite-news.com\/pl\/wp-content\/uploads\/sites\/6\/2019\/05\/Multikino-mo\u017ce-przej\u0105\u0107-Cinema-3D-ale-bez-kina-w-Galerii.jpg","width":655,"height":368,"caption":"Article"},{"@type":"BreadcrumbList","@id":"https:\/\/favorite-news.com\/pl\/multikino-kupuje-kina-cinema-3d\/#breadcrumb","itemListElement":[{"@type":"ListItem","position":1,"name":"Home","item":"https:\/\/favorite-news.com\/pl\/"},{"@type":"ListItem","position":2,"name":"Multikino kupuje kina Cinema 3D"}]},{"@type":"WebSite","@id":"https:\/\/favorite-news.com\/pl\/#website","url":"https:\/\/favorite-news.com\/pl\/","name":"Favorite News","description":"Favorite News Polska","potentialAction":[{"@type":"SearchAction","target":{"@type":"EntryPoint","urlTemplate":"https:\/\/favorite-news.com\/pl\/?s={search_term_string}"},"query-input":{"@type":"PropertyValueSpecification","valueRequired":true,"valueName":"search_term_string"}}],"inLanguage":"pl-PL"},{"@type":"Person","@id":"https:\/\/favorite-news.com\/pl\/#\/schema\/person\/b91573b717dcfa5e4696032a9d28d3e8","name":"favorite-news","image":{"@type":"ImageObject","inLanguage":"pl-PL","@id":"https:\/\/secure.gravatar.com\/avatar\/6c5a5cb12b74e9d517ee91cf570335b7d16177f1977cc91db161adfa435945a7?s=96&d=mm&r=g","url":"https:\/\/secure.gravatar.com\/avatar\/6c5a5cb12b74e9d517ee91cf570335b7d16177f1977cc91db161adfa435945a7?s=96&d=mm&r=g","contentUrl":"https:\/\/secure.gravatar.com\/avatar\/6c5a5cb12b74e9d517ee91cf570335b7d16177f1977cc91db161adfa435945a7?s=96&d=mm&r=g","caption":"favorite-news"},"url":"https:\/\/favorite-news.com\/pl\/author\/pt\/"}]}},"_links":{"self":[{"href":"https:\/\/favorite-news.com\/pl\/wp-json\/wp\/v2\/posts\/887","targetHints":{"allow":["GET"]}}],"collection":[{"href":"https:\/\/favorite-news.com\/pl\/wp-json\/wp\/v2\/posts"}],"about":[{"href":"https:\/\/favorite-news.com\/pl\/wp-json\/wp\/v2\/types\/post"}],"author":[{"embeddable":true,"href":"https:\/\/favorite-news.com\/pl\/wp-json\/wp\/v2\/users\/2"}],"replies":[{"embeddable":true,"href":"https:\/\/favorite-news.com\/pl\/wp-json\/wp\/v2\/comments?post=887"}],"version-history":[{"count":1,"href":"https:\/\/favorite-news.com\/pl\/wp-json\/wp\/v2\/posts\/887\/revisions"}],"predecessor-version":[{"id":888,"href":"https:\/\/favorite-news.com\/pl\/wp-json\/wp\/v2\/posts\/887\/revisions\/888"}],"wp:featuredmedia":[{"embeddable":true,"href":"https:\/\/favorite-news.com\/pl\/wp-json\/wp\/v2\/media\/774"}],"wp:attachment":[{"href":"https:\/\/favorite-news.com\/pl\/wp-json\/wp\/v2\/media?parent=887"}],"wp:term":[{"taxonomy":"category","embeddable":true,"href":"https:\/\/favorite-news.com\/pl\/wp-json\/wp\/v2\/categories?post=887"},{"taxonomy":"post_tag","embeddable":true,"href":"https:\/\/favorite-news.com\/pl\/wp-json\/wp\/v2\/tags?post=887"}],"curies":[{"name":"wp","href":"https:\/\/api.w.org\/{rel}","templated":true}]}}