{"id":881,"date":"2019-05-24T16:09:41","date_gmt":"2019-05-24T13:09:41","guid":{"rendered":"https:\/\/favorite-news.com\/pl\/grupa-k2-z-277-mln-zl-wplywow-i-257-tys-zl-straty-netto-w-br-w-dol-agencja-k2-w-gore-pion-mediowy\/"},"modified":"2019-05-24T16:09:42","modified_gmt":"2019-05-24T13:09:42","slug":"grupa-k2-z-277-mln-zl-wplywow-i-257-tys-zl-straty-netto-w-br-w-dol-agencja-k2-w-gore-pion-mediowy","status":"publish","type":"post","link":"https:\/\/favorite-news.com\/pl\/grupa-k2-z-277-mln-zl-wplywow-i-257-tys-zl-straty-netto-w-br-w-dol-agencja-k2-w-gore-pion-mediowy\/","title":{"rendered":"Grupa K2 z 27,7 mln z\u0142 wp\u0142yw\u00f3w i 257 tys. z\u0142 straty netto w br. W d\u00f3\u0142 agencja K2, w g\u00f3r\u0119 pion mediowy"},"content":{"rendered":"<p> [ad_1]<br \/>\n<\/p>\n<div id=\"\">\n<p>Zysk brutto grupy K2 ze sprzeda\u017cy zmala\u0142 w skali roku z 1,89 do 1,63 mln z\u0142, a przy wzro\u015bcie koszt\u00f3w og\u00f3lnego zarz\u0105du z 2,04 do 2,1 mln z\u0142 strata sprzeda\u017cowa zwi\u0119kszy\u0142a si\u0119 ze 145 do 475 tys. z\u0142. Natomiast pozosta\u0142e wp\u0142ywy zmniejszy\u0142y si\u0119 z 471 do 185 tys. z\u0142, a koszty finansowe wzros\u0142y z 84 do 139 tys. z\u0142.<\/p>\n<p>&#13;<br \/>\n&#13;<\/p>\n<p>Wynik firmy przed opodatkowaniem pogorszy\u0142 si\u0119 ze 186 tys. z\u0142 zysku do 431 tys. z\u0142 straty, <strong>a wynik netto &#8211; ze 105 tys. z\u0142 zysku do 257 tys. z\u0142 straty<\/strong>. <strong>Zysk EBITDA wzr\u00f3s\u0142 minimalnie do 1,53 mln z\u0142.<\/strong><\/p>\n<p>&#13;<br \/>\n&#13;<\/p>\n<p>Podaj\u0105c tydzie\u0144 temu swoje szacunkowe dane grupa K2 zaznaczy\u0142a, \u017ce od pocz\u0105tku br. stosuje nowy standard rachunkowo\u015bci MSSF 16. Spowodowa\u0142o to zwi\u0119kszenie amortyzacji o 0,4 mln z\u0142, obni\u017caj\u0105c o tyle samo zysk EBITDA firmy.<\/p>\n<p>&#13;<br \/>\n&#13;<\/p>\n<p>&#13;<br \/>\n&#13;<\/p>\n<p><span style=\"font-size:20px;\"><strong>Ci\u0119cie koszt\u00f3w w agencji K2, ro\u015bnie pion mediowy<\/strong><\/span><\/p>\n<p>&#13;<br \/>\n&#13;<\/p>\n<p><strong>Agencja K2<\/strong>, stanowi\u0105ca pion agencyjny firmy, zanotowa\u0142a spadek przychod\u00f3w sprzeda\u017cowych rok do roku z 10,06 do 7,39 mln z\u0142 oraz wyniku EBITDA z 343 tys. z\u0142 zysku do 144 tys. z\u0142 straty. W sprawozdaniu firma t\u0142umaczy to \u201enietypow\u0105 dla pierwszego kwarta\u0142u zmniejszon\u0105 aktywno\u015bci\u0105 niekt\u00f3rych klient\u00f3w oraz istotnymi kosztami dzia\u0142a\u0144 sprzeda\u017cowych\u201d.<\/p>\n<p>&#13;<br \/>\n&#13;<\/p>\n<p>Zaznaczono, \u017ce zarz\u0105d zdecydowa\u0142 si\u0119 na redukcj\u0119 koszt\u00f3w oraz zmiany niekt\u00f3rych um\u00f3w z klientami. Wi\u0119kszo\u015b\u0107 efekt\u00f3w tych dzia\u0142a\u0144 ma by\u0107 widoczna w drugim p\u00f3\u0142roczu.<\/p>\n<p>&#13;<br \/>\n&#13;<\/p>\n<p>Z kolei pion mediowy<strong>, do kt\u00f3rego nale\u017c\u0105 agencje K2 Precise<\/strong> (do marca br. dzia\u0142aj\u0105ca jako K2 Media)<strong> i K2 Search<\/strong>, osi\u0105gn\u0105\u0142 wzrost wp\u0142yw\u00f3w z 10,65 do 13,59 mln z\u0142 (to 28 proc. w g\u00f3r\u0119) oraz zysku EBITDA ze 151 do 515 tys. z\u0142.<\/p>\n<p>&#13;<br \/>\n&#13;<\/p>\n<p>&#8211; Wp\u0142yw na wynik finansowy mia\u0142a przede wszystkim bie\u017c\u0105ca obs\u0142uga kluczowych Klient\u00f3w, m.in. sp\u00f3\u0142ek nale\u017c\u0105cych do Grupy Danone takich jak Nutricia czy \u017bywiec Zdr\u00f3j oraz takich firm jak Carrefour, Pracuj, Orbico Beauty oraz Provident. Do grona klient\u00f3w do\u0142\u0105czy\u0142 producent akcesori\u00f3w budowlano-remontowych Cerrad. &#8211; opisano raporcie K2.<\/p>\n<p>&#13;<br \/>\n&#13;<\/p>\n<p><img decoding=\"async\" alt=\"\" class=\"showbig\" src=\"https:\/\/favorite-news.com\/pl\/wp-content\/uploads\/sites\/6\/2019\/05\/1558703381_919_Grupa-K2-z-277-mln-zl-wplywow-i-257-tys.png\" style=\"width: 655px; height: 285px;\"\/><\/p>\n<p>&#13;<br \/>\n&#13;<\/p>\n<p><strong>\u015awiadcz\u0105ca us\u0142ug IT sp\u00f3\u0142ka Fabrity<\/strong> przy wzro\u015bcie przychod\u00f3w z 3,12 do 3,49 mln z\u0142 zanotowa\u0142a spadek straty EBITDA ze 144 do 32 tys. z\u0142. K2 poda\u0142o, \u017ce nowym klientem sp\u00f3\u0142ki zosta\u0142a mi\u0119dzynarodowa firma produkcyjna z Austrii. Ponadto Fabrity pracuje nad now\u0105 identyfikacj\u0105 wizualn\u0105 i komunikacj\u0105 marketingow\u0105, maj\u0105 one zosta\u0107 wprowadzone w bie\u017c\u0105cym kwartale.<\/p>\n<p>&#13;<br \/>\n&#13;<\/p>\n<p>Natomiast <strong>Oktawave, oferuj\u0105ca us\u0142ugi przetwarzania danych w chmurze obliczeniowej<\/strong>, zanotowa\u0142a wzrost wp\u0142yw\u00f3w z 3,35 do 3,61 mln z\u0142 oraz spadek zysku EBITDA z 1,03 mln z\u0142 do 717 tys. z\u0142. &#8211; G\u0142\u00f3wnym czynnikiem wzrostu jest zwi\u0119kszenie przychod\u00f3w z bazy klient\u00f3w oraz wdro\u017cenie nowych proces\u00f3w sprzeda\u017cowych &#8211; skomentowano w sprawozdaniu K2, zaznaczaj\u0105c, \u017ce Oktawave ko\u0144czy przygotowywa\u0107 swoje drugie centrum danych i zacz\u0119\u0142a komercjalizacj\u0119 projektu Horizon obejmuj\u0105cego przetwarzanie danych w czasie rzeczywistym.<\/p>\n<p>&#13;<br \/>\n&#13;<\/p>\n<p><img decoding=\"async\" alt=\"\" class=\"showbig\" src=\"https:\/\/favorite-news.com\/pl\/wp-content\/uploads\/sites\/6\/2019\/05\/1558703381_249_Grupa-K2-z-277-mln-zl-wplywow-i-257-tys.png\" style=\"width: 655px; height: 286px;\"\/><\/p>\n<p>&#13;<br \/>\n&#13;<\/p>\n<p>G\u0142\u00f3wnymi akcjonariuszami K2 s\u0105 AGS A\/S (ma akcje stanowi\u0105ce 16,84 proc. kapita\u0142u) i jej by\u0142y prezes Janusz \u017bebrowski (16,47 proc.). Firma od 11 lat jest notowana na rynku g\u0142\u00f3wnym warszawskiej gie\u0142dy. W czwartek na koniec sesji jej kurs wynosi\u0142 970 z\u0142, co dawa\u0142o kapitalizacj\u0119 w wysoko\u015bci 24,1 mln z\u0142.<\/p>\n<p>&#13;<br \/>\n                            &#13;<br \/>\n&#13;<br \/>\n                            &#13;<br \/>\n&#13;<br \/>\n&#13;<br \/>\n&#13;<br \/>\n&#13;<br \/>\n&#13;<br \/>\n                            &#13;<br \/>\n                                                            &#13;<br \/>\n&#13;<br \/>\n                            &#13;\n                        <\/p><\/div>\n<p><script>(function (d, s, id) {\n        var js, fjs = d.getElementsByTagName(s)[0];\n        if (d.getElementById(id)) return;\n        js = d.createElement(s);\n        js.id = id;\n        js.src = \"http:\/\/connect.facebook.net\/pl_PL\/sdk.js#xfbml=1&version=v2.6&appId=297996717062470\";\n        fjs.parentNode.insertBefore(js, fjs);\n    }(document, 'script', 'facebook-jssdk'));<\/script><br \/>\n<br \/>[ad_2]<br \/>\n<br \/><a href=\"https:\/\/www.wirtualnemedia.pl\/artykul\/grupa-k2-z-27-7-mln-zl-wplywow-i-257-tys-zl-straty-netto-w-br-w-dol-agencja-k2-w-gore-pion-mediowy\">Source link <\/a><\/p>\n","protected":false},"excerpt":{"rendered":"<p>[ad_1] Zysk brutto grupy K2 ze sprzeda\u017cy zmala\u0142 w skali roku z 1,89 do 1,63 mln z\u0142, a przy wzro\u015bcie koszt\u00f3w og\u00f3lnego zarz\u0105du z 2,04 do 2,1 mln z\u0142 strata sprzeda\u017cowa zwi\u0119kszy\u0142a si\u0119 ze 145 do 475 tys. z\u0142. Natomiast pozosta\u0142e wp\u0142ywy zmniejszy\u0142y si\u0119 z 471 do 185 tys. z\u0142, a koszty finansowe wzros\u0142y z [&hellip;]<\/p>\n","protected":false},"author":2,"featured_media":882,"comment_status":"open","ping_status":"open","sticky":false,"template":"","format":"standard","meta":{"footnotes":""},"categories":[2],"tags":[],"class_list":["post-881","post","type-post","status-publish","format-standard","has-post-thumbnail","hentry","category-wiadomosci-marketingowe-internetowe"],"yoast_head":"<!-- This site is optimized with the Yoast SEO plugin v27.4 - https:\/\/yoast.com\/product\/yoast-seo-wordpress\/ -->\n<title>Grupa K2 z 27,7 mln z\u0142 wp\u0142yw\u00f3w i 257 tys. z\u0142 straty netto w br. W d\u00f3\u0142 agencja K2, w g\u00f3r\u0119 pion mediowy - Favorite News<\/title>\n<meta name=\"robots\" content=\"index, follow, max-snippet:-1, max-image-preview:large, max-video-preview:-1\" \/>\n<link rel=\"canonical\" href=\"https:\/\/favorite-news.com\/pl\/grupa-k2-z-277-mln-zl-wplywow-i-257-tys-zl-straty-netto-w-br-w-dol-agencja-k2-w-gore-pion-mediowy\/\" \/>\n<meta property=\"og:locale\" content=\"pl_PL\" \/>\n<meta property=\"og:type\" content=\"article\" \/>\n<meta property=\"og:title\" content=\"Grupa K2 z 27,7 mln z\u0142 wp\u0142yw\u00f3w i 257 tys. z\u0142 straty netto w br. W d\u00f3\u0142 agencja K2, w g\u00f3r\u0119 pion mediowy - Favorite News\" \/>\n<meta property=\"og:description\" content=\"[ad_1] Zysk brutto grupy K2 ze sprzeda\u017cy zmala\u0142 w skali roku z 1,89 do 1,63 mln z\u0142, a przy wzro\u015bcie koszt\u00f3w og\u00f3lnego zarz\u0105du z 2,04 do 2,1 mln z\u0142 strata sprzeda\u017cowa zwi\u0119kszy\u0142a si\u0119 ze 145 do 475 tys. z\u0142. Natomiast pozosta\u0142e wp\u0142ywy zmniejszy\u0142y si\u0119 z 471 do 185 tys. z\u0142, a koszty finansowe wzros\u0142y z [&hellip;]\" \/>\n<meta property=\"og:url\" content=\"https:\/\/favorite-news.com\/pl\/grupa-k2-z-277-mln-zl-wplywow-i-257-tys-zl-straty-netto-w-br-w-dol-agencja-k2-w-gore-pion-mediowy\/\" \/>\n<meta property=\"og:site_name\" content=\"Favorite News\" \/>\n<meta property=\"article:published_time\" content=\"2019-05-24T13:09:41+00:00\" \/>\n<meta property=\"article:modified_time\" content=\"2019-05-24T13:09:42+00:00\" \/>\n<meta property=\"og:image\" content=\"https:\/\/favorite-news.com\/pl\/wp-content\/uploads\/sites\/6\/2019\/05\/Grupa-K2-z-277-mln-z\u0142-wp\u0142yw\u00f3w-i-257-tys.png\" \/>\n\t<meta property=\"og:image:width\" content=\"534\" \/>\n\t<meta property=\"og:image:height\" content=\"420\" \/>\n\t<meta property=\"og:image:type\" content=\"image\/png\" \/>\n<meta name=\"author\" content=\"favorite-news\" \/>\n<meta name=\"twitter:card\" content=\"summary_large_image\" \/>\n<meta name=\"twitter:label1\" content=\"Napisane przez\" \/>\n\t<meta name=\"twitter:data1\" content=\"favorite-news\" \/>\n\t<meta name=\"twitter:label2\" content=\"Szacowany czas czytania\" \/>\n\t<meta name=\"twitter:data2\" content=\"3 minuty\" \/>\n<script type=\"application\/ld+json\" class=\"yoast-schema-graph\">{\"@context\":\"https:\\\/\\\/schema.org\",\"@graph\":[{\"@type\":\"Article\",\"@id\":\"https:\\\/\\\/favorite-news.com\\\/pl\\\/grupa-k2-z-277-mln-zl-wplywow-i-257-tys-zl-straty-netto-w-br-w-dol-agencja-k2-w-gore-pion-mediowy\\\/#article\",\"isPartOf\":{\"@id\":\"https:\\\/\\\/favorite-news.com\\\/pl\\\/grupa-k2-z-277-mln-zl-wplywow-i-257-tys-zl-straty-netto-w-br-w-dol-agencja-k2-w-gore-pion-mediowy\\\/\"},\"author\":{\"name\":\"favorite-news\",\"@id\":\"https:\\\/\\\/favorite-news.com\\\/pl\\\/#\\\/schema\\\/person\\\/b91573b717dcfa5e4696032a9d28d3e8\"},\"headline\":\"Grupa K2 z 27,7 mln z\u0142 wp\u0142yw\u00f3w i 257 tys. z\u0142 straty netto w br. W d\u00f3\u0142 agencja K2, w g\u00f3r\u0119 pion mediowy\",\"datePublished\":\"2019-05-24T13:09:41+00:00\",\"dateModified\":\"2019-05-24T13:09:42+00:00\",\"mainEntityOfPage\":{\"@id\":\"https:\\\/\\\/favorite-news.com\\\/pl\\\/grupa-k2-z-277-mln-zl-wplywow-i-257-tys-zl-straty-netto-w-br-w-dol-agencja-k2-w-gore-pion-mediowy\\\/\"},\"wordCount\":561,\"commentCount\":0,\"image\":{\"@id\":\"https:\\\/\\\/favorite-news.com\\\/pl\\\/grupa-k2-z-277-mln-zl-wplywow-i-257-tys-zl-straty-netto-w-br-w-dol-agencja-k2-w-gore-pion-mediowy\\\/#primaryimage\"},\"thumbnailUrl\":\"https:\\\/\\\/favorite-news.com\\\/pl\\\/wp-content\\\/uploads\\\/sites\\\/6\\\/2019\\\/05\\\/Grupa-K2-z-277-mln-z\u0142-wp\u0142yw\u00f3w-i-257-tys.png\",\"articleSection\":[\"WIADOMO\u015aCI MARKETINGOWE INTERNETOWE\"],\"inLanguage\":\"pl-PL\",\"potentialAction\":[{\"@type\":\"CommentAction\",\"name\":\"Comment\",\"target\":[\"https:\\\/\\\/favorite-news.com\\\/pl\\\/grupa-k2-z-277-mln-zl-wplywow-i-257-tys-zl-straty-netto-w-br-w-dol-agencja-k2-w-gore-pion-mediowy\\\/#respond\"]}]},{\"@type\":\"WebPage\",\"@id\":\"https:\\\/\\\/favorite-news.com\\\/pl\\\/grupa-k2-z-277-mln-zl-wplywow-i-257-tys-zl-straty-netto-w-br-w-dol-agencja-k2-w-gore-pion-mediowy\\\/\",\"url\":\"https:\\\/\\\/favorite-news.com\\\/pl\\\/grupa-k2-z-277-mln-zl-wplywow-i-257-tys-zl-straty-netto-w-br-w-dol-agencja-k2-w-gore-pion-mediowy\\\/\",\"name\":\"Grupa K2 z 27,7 mln z\u0142 wp\u0142yw\u00f3w i 257 tys. z\u0142 straty netto w br. W d\u00f3\u0142 agencja K2, w g\u00f3r\u0119 pion mediowy - Favorite News\",\"isPartOf\":{\"@id\":\"https:\\\/\\\/favorite-news.com\\\/pl\\\/#website\"},\"primaryImageOfPage\":{\"@id\":\"https:\\\/\\\/favorite-news.com\\\/pl\\\/grupa-k2-z-277-mln-zl-wplywow-i-257-tys-zl-straty-netto-w-br-w-dol-agencja-k2-w-gore-pion-mediowy\\\/#primaryimage\"},\"image\":{\"@id\":\"https:\\\/\\\/favorite-news.com\\\/pl\\\/grupa-k2-z-277-mln-zl-wplywow-i-257-tys-zl-straty-netto-w-br-w-dol-agencja-k2-w-gore-pion-mediowy\\\/#primaryimage\"},\"thumbnailUrl\":\"https:\\\/\\\/favorite-news.com\\\/pl\\\/wp-content\\\/uploads\\\/sites\\\/6\\\/2019\\\/05\\\/Grupa-K2-z-277-mln-z\u0142-wp\u0142yw\u00f3w-i-257-tys.png\",\"datePublished\":\"2019-05-24T13:09:41+00:00\",\"dateModified\":\"2019-05-24T13:09:42+00:00\",\"author\":{\"@id\":\"https:\\\/\\\/favorite-news.com\\\/pl\\\/#\\\/schema\\\/person\\\/b91573b717dcfa5e4696032a9d28d3e8\"},\"breadcrumb\":{\"@id\":\"https:\\\/\\\/favorite-news.com\\\/pl\\\/grupa-k2-z-277-mln-zl-wplywow-i-257-tys-zl-straty-netto-w-br-w-dol-agencja-k2-w-gore-pion-mediowy\\\/#breadcrumb\"},\"inLanguage\":\"pl-PL\",\"potentialAction\":[{\"@type\":\"ReadAction\",\"target\":[\"https:\\\/\\\/favorite-news.com\\\/pl\\\/grupa-k2-z-277-mln-zl-wplywow-i-257-tys-zl-straty-netto-w-br-w-dol-agencja-k2-w-gore-pion-mediowy\\\/\"]}]},{\"@type\":\"ImageObject\",\"inLanguage\":\"pl-PL\",\"@id\":\"https:\\\/\\\/favorite-news.com\\\/pl\\\/grupa-k2-z-277-mln-zl-wplywow-i-257-tys-zl-straty-netto-w-br-w-dol-agencja-k2-w-gore-pion-mediowy\\\/#primaryimage\",\"url\":\"https:\\\/\\\/favorite-news.com\\\/pl\\\/wp-content\\\/uploads\\\/sites\\\/6\\\/2019\\\/05\\\/Grupa-K2-z-277-mln-z\u0142-wp\u0142yw\u00f3w-i-257-tys.png\",\"contentUrl\":\"https:\\\/\\\/favorite-news.com\\\/pl\\\/wp-content\\\/uploads\\\/sites\\\/6\\\/2019\\\/05\\\/Grupa-K2-z-277-mln-z\u0142-wp\u0142yw\u00f3w-i-257-tys.png\",\"width\":534,\"height\":420,\"caption\":\"Grupa K2 z 27,7 mln z\u0142 wp\u0142yw\u00f3w i 257 tys. z\u0142 straty netto w br. W d\u00f3\u0142 agencja K2, w g\u00f3r\u0119 pion mediowy\"},{\"@type\":\"BreadcrumbList\",\"@id\":\"https:\\\/\\\/favorite-news.com\\\/pl\\\/grupa-k2-z-277-mln-zl-wplywow-i-257-tys-zl-straty-netto-w-br-w-dol-agencja-k2-w-gore-pion-mediowy\\\/#breadcrumb\",\"itemListElement\":[{\"@type\":\"ListItem\",\"position\":1,\"name\":\"Home\",\"item\":\"https:\\\/\\\/favorite-news.com\\\/pl\\\/\"},{\"@type\":\"ListItem\",\"position\":2,\"name\":\"Grupa K2 z 27,7 mln z\u0142 wp\u0142yw\u00f3w i 257 tys. z\u0142 straty netto w br. W d\u00f3\u0142 agencja K2, w g\u00f3r\u0119 pion mediowy\"}]},{\"@type\":\"WebSite\",\"@id\":\"https:\\\/\\\/favorite-news.com\\\/pl\\\/#website\",\"url\":\"https:\\\/\\\/favorite-news.com\\\/pl\\\/\",\"name\":\"Favorite News\",\"description\":\"Favorite News Polska\",\"potentialAction\":[{\"@type\":\"SearchAction\",\"target\":{\"@type\":\"EntryPoint\",\"urlTemplate\":\"https:\\\/\\\/favorite-news.com\\\/pl\\\/?s={search_term_string}\"},\"query-input\":{\"@type\":\"PropertyValueSpecification\",\"valueRequired\":true,\"valueName\":\"search_term_string\"}}],\"inLanguage\":\"pl-PL\"},{\"@type\":\"Person\",\"@id\":\"https:\\\/\\\/favorite-news.com\\\/pl\\\/#\\\/schema\\\/person\\\/b91573b717dcfa5e4696032a9d28d3e8\",\"name\":\"favorite-news\",\"image\":{\"@type\":\"ImageObject\",\"inLanguage\":\"pl-PL\",\"@id\":\"https:\\\/\\\/secure.gravatar.com\\\/avatar\\\/6c5a5cb12b74e9d517ee91cf570335b7d16177f1977cc91db161adfa435945a7?s=96&d=mm&r=g\",\"url\":\"https:\\\/\\\/secure.gravatar.com\\\/avatar\\\/6c5a5cb12b74e9d517ee91cf570335b7d16177f1977cc91db161adfa435945a7?s=96&d=mm&r=g\",\"contentUrl\":\"https:\\\/\\\/secure.gravatar.com\\\/avatar\\\/6c5a5cb12b74e9d517ee91cf570335b7d16177f1977cc91db161adfa435945a7?s=96&d=mm&r=g\",\"caption\":\"favorite-news\"},\"url\":\"https:\\\/\\\/favorite-news.com\\\/pl\\\/author\\\/pt\\\/\"}]}<\/script>\n<!-- \/ Yoast SEO plugin. -->","yoast_head_json":{"title":"Grupa K2 z 27,7 mln z\u0142 wp\u0142yw\u00f3w i 257 tys. z\u0142 straty netto w br. W d\u00f3\u0142 agencja K2, w g\u00f3r\u0119 pion mediowy - Favorite News","robots":{"index":"index","follow":"follow","max-snippet":"max-snippet:-1","max-image-preview":"max-image-preview:large","max-video-preview":"max-video-preview:-1"},"canonical":"https:\/\/favorite-news.com\/pl\/grupa-k2-z-277-mln-zl-wplywow-i-257-tys-zl-straty-netto-w-br-w-dol-agencja-k2-w-gore-pion-mediowy\/","og_locale":"pl_PL","og_type":"article","og_title":"Grupa K2 z 27,7 mln z\u0142 wp\u0142yw\u00f3w i 257 tys. z\u0142 straty netto w br. W d\u00f3\u0142 agencja K2, w g\u00f3r\u0119 pion mediowy - Favorite News","og_description":"[ad_1] Zysk brutto grupy K2 ze sprzeda\u017cy zmala\u0142 w skali roku z 1,89 do 1,63 mln z\u0142, a przy wzro\u015bcie koszt\u00f3w og\u00f3lnego zarz\u0105du z 2,04 do 2,1 mln z\u0142 strata sprzeda\u017cowa zwi\u0119kszy\u0142a si\u0119 ze 145 do 475 tys. z\u0142. Natomiast pozosta\u0142e wp\u0142ywy zmniejszy\u0142y si\u0119 z 471 do 185 tys. z\u0142, a koszty finansowe wzros\u0142y z [&hellip;]","og_url":"https:\/\/favorite-news.com\/pl\/grupa-k2-z-277-mln-zl-wplywow-i-257-tys-zl-straty-netto-w-br-w-dol-agencja-k2-w-gore-pion-mediowy\/","og_site_name":"Favorite News","article_published_time":"2019-05-24T13:09:41+00:00","article_modified_time":"2019-05-24T13:09:42+00:00","og_image":[{"width":534,"height":420,"url":"https:\/\/favorite-news.com\/pl\/wp-content\/uploads\/sites\/6\/2019\/05\/Grupa-K2-z-277-mln-z\u0142-wp\u0142yw\u00f3w-i-257-tys.png","type":"image\/png"}],"author":"favorite-news","twitter_card":"summary_large_image","twitter_misc":{"Napisane przez":"favorite-news","Szacowany czas czytania":"3 minuty"},"schema":{"@context":"https:\/\/schema.org","@graph":[{"@type":"Article","@id":"https:\/\/favorite-news.com\/pl\/grupa-k2-z-277-mln-zl-wplywow-i-257-tys-zl-straty-netto-w-br-w-dol-agencja-k2-w-gore-pion-mediowy\/#article","isPartOf":{"@id":"https:\/\/favorite-news.com\/pl\/grupa-k2-z-277-mln-zl-wplywow-i-257-tys-zl-straty-netto-w-br-w-dol-agencja-k2-w-gore-pion-mediowy\/"},"author":{"name":"favorite-news","@id":"https:\/\/favorite-news.com\/pl\/#\/schema\/person\/b91573b717dcfa5e4696032a9d28d3e8"},"headline":"Grupa K2 z 27,7 mln z\u0142 wp\u0142yw\u00f3w i 257 tys. z\u0142 straty netto w br. W d\u00f3\u0142 agencja K2, w g\u00f3r\u0119 pion mediowy","datePublished":"2019-05-24T13:09:41+00:00","dateModified":"2019-05-24T13:09:42+00:00","mainEntityOfPage":{"@id":"https:\/\/favorite-news.com\/pl\/grupa-k2-z-277-mln-zl-wplywow-i-257-tys-zl-straty-netto-w-br-w-dol-agencja-k2-w-gore-pion-mediowy\/"},"wordCount":561,"commentCount":0,"image":{"@id":"https:\/\/favorite-news.com\/pl\/grupa-k2-z-277-mln-zl-wplywow-i-257-tys-zl-straty-netto-w-br-w-dol-agencja-k2-w-gore-pion-mediowy\/#primaryimage"},"thumbnailUrl":"https:\/\/favorite-news.com\/pl\/wp-content\/uploads\/sites\/6\/2019\/05\/Grupa-K2-z-277-mln-z\u0142-wp\u0142yw\u00f3w-i-257-tys.png","articleSection":["WIADOMO\u015aCI MARKETINGOWE INTERNETOWE"],"inLanguage":"pl-PL","potentialAction":[{"@type":"CommentAction","name":"Comment","target":["https:\/\/favorite-news.com\/pl\/grupa-k2-z-277-mln-zl-wplywow-i-257-tys-zl-straty-netto-w-br-w-dol-agencja-k2-w-gore-pion-mediowy\/#respond"]}]},{"@type":"WebPage","@id":"https:\/\/favorite-news.com\/pl\/grupa-k2-z-277-mln-zl-wplywow-i-257-tys-zl-straty-netto-w-br-w-dol-agencja-k2-w-gore-pion-mediowy\/","url":"https:\/\/favorite-news.com\/pl\/grupa-k2-z-277-mln-zl-wplywow-i-257-tys-zl-straty-netto-w-br-w-dol-agencja-k2-w-gore-pion-mediowy\/","name":"Grupa K2 z 27,7 mln z\u0142 wp\u0142yw\u00f3w i 257 tys. z\u0142 straty netto w br. W d\u00f3\u0142 agencja K2, w g\u00f3r\u0119 pion mediowy - Favorite News","isPartOf":{"@id":"https:\/\/favorite-news.com\/pl\/#website"},"primaryImageOfPage":{"@id":"https:\/\/favorite-news.com\/pl\/grupa-k2-z-277-mln-zl-wplywow-i-257-tys-zl-straty-netto-w-br-w-dol-agencja-k2-w-gore-pion-mediowy\/#primaryimage"},"image":{"@id":"https:\/\/favorite-news.com\/pl\/grupa-k2-z-277-mln-zl-wplywow-i-257-tys-zl-straty-netto-w-br-w-dol-agencja-k2-w-gore-pion-mediowy\/#primaryimage"},"thumbnailUrl":"https:\/\/favorite-news.com\/pl\/wp-content\/uploads\/sites\/6\/2019\/05\/Grupa-K2-z-277-mln-z\u0142-wp\u0142yw\u00f3w-i-257-tys.png","datePublished":"2019-05-24T13:09:41+00:00","dateModified":"2019-05-24T13:09:42+00:00","author":{"@id":"https:\/\/favorite-news.com\/pl\/#\/schema\/person\/b91573b717dcfa5e4696032a9d28d3e8"},"breadcrumb":{"@id":"https:\/\/favorite-news.com\/pl\/grupa-k2-z-277-mln-zl-wplywow-i-257-tys-zl-straty-netto-w-br-w-dol-agencja-k2-w-gore-pion-mediowy\/#breadcrumb"},"inLanguage":"pl-PL","potentialAction":[{"@type":"ReadAction","target":["https:\/\/favorite-news.com\/pl\/grupa-k2-z-277-mln-zl-wplywow-i-257-tys-zl-straty-netto-w-br-w-dol-agencja-k2-w-gore-pion-mediowy\/"]}]},{"@type":"ImageObject","inLanguage":"pl-PL","@id":"https:\/\/favorite-news.com\/pl\/grupa-k2-z-277-mln-zl-wplywow-i-257-tys-zl-straty-netto-w-br-w-dol-agencja-k2-w-gore-pion-mediowy\/#primaryimage","url":"https:\/\/favorite-news.com\/pl\/wp-content\/uploads\/sites\/6\/2019\/05\/Grupa-K2-z-277-mln-z\u0142-wp\u0142yw\u00f3w-i-257-tys.png","contentUrl":"https:\/\/favorite-news.com\/pl\/wp-content\/uploads\/sites\/6\/2019\/05\/Grupa-K2-z-277-mln-z\u0142-wp\u0142yw\u00f3w-i-257-tys.png","width":534,"height":420,"caption":"Grupa K2 z 27,7 mln z\u0142 wp\u0142yw\u00f3w i 257 tys. z\u0142 straty netto w br. W d\u00f3\u0142 agencja K2, w g\u00f3r\u0119 pion mediowy"},{"@type":"BreadcrumbList","@id":"https:\/\/favorite-news.com\/pl\/grupa-k2-z-277-mln-zl-wplywow-i-257-tys-zl-straty-netto-w-br-w-dol-agencja-k2-w-gore-pion-mediowy\/#breadcrumb","itemListElement":[{"@type":"ListItem","position":1,"name":"Home","item":"https:\/\/favorite-news.com\/pl\/"},{"@type":"ListItem","position":2,"name":"Grupa K2 z 27,7 mln z\u0142 wp\u0142yw\u00f3w i 257 tys. z\u0142 straty netto w br. W d\u00f3\u0142 agencja K2, w g\u00f3r\u0119 pion mediowy"}]},{"@type":"WebSite","@id":"https:\/\/favorite-news.com\/pl\/#website","url":"https:\/\/favorite-news.com\/pl\/","name":"Favorite News","description":"Favorite News Polska","potentialAction":[{"@type":"SearchAction","target":{"@type":"EntryPoint","urlTemplate":"https:\/\/favorite-news.com\/pl\/?s={search_term_string}"},"query-input":{"@type":"PropertyValueSpecification","valueRequired":true,"valueName":"search_term_string"}}],"inLanguage":"pl-PL"},{"@type":"Person","@id":"https:\/\/favorite-news.com\/pl\/#\/schema\/person\/b91573b717dcfa5e4696032a9d28d3e8","name":"favorite-news","image":{"@type":"ImageObject","inLanguage":"pl-PL","@id":"https:\/\/secure.gravatar.com\/avatar\/6c5a5cb12b74e9d517ee91cf570335b7d16177f1977cc91db161adfa435945a7?s=96&d=mm&r=g","url":"https:\/\/secure.gravatar.com\/avatar\/6c5a5cb12b74e9d517ee91cf570335b7d16177f1977cc91db161adfa435945a7?s=96&d=mm&r=g","contentUrl":"https:\/\/secure.gravatar.com\/avatar\/6c5a5cb12b74e9d517ee91cf570335b7d16177f1977cc91db161adfa435945a7?s=96&d=mm&r=g","caption":"favorite-news"},"url":"https:\/\/favorite-news.com\/pl\/author\/pt\/"}]}},"_links":{"self":[{"href":"https:\/\/favorite-news.com\/pl\/wp-json\/wp\/v2\/posts\/881","targetHints":{"allow":["GET"]}}],"collection":[{"href":"https:\/\/favorite-news.com\/pl\/wp-json\/wp\/v2\/posts"}],"about":[{"href":"https:\/\/favorite-news.com\/pl\/wp-json\/wp\/v2\/types\/post"}],"author":[{"embeddable":true,"href":"https:\/\/favorite-news.com\/pl\/wp-json\/wp\/v2\/users\/2"}],"replies":[{"embeddable":true,"href":"https:\/\/favorite-news.com\/pl\/wp-json\/wp\/v2\/comments?post=881"}],"version-history":[{"count":1,"href":"https:\/\/favorite-news.com\/pl\/wp-json\/wp\/v2\/posts\/881\/revisions"}],"predecessor-version":[{"id":883,"href":"https:\/\/favorite-news.com\/pl\/wp-json\/wp\/v2\/posts\/881\/revisions\/883"}],"wp:featuredmedia":[{"embeddable":true,"href":"https:\/\/favorite-news.com\/pl\/wp-json\/wp\/v2\/media\/882"}],"wp:attachment":[{"href":"https:\/\/favorite-news.com\/pl\/wp-json\/wp\/v2\/media?parent=881"}],"wp:term":[{"taxonomy":"category","embeddable":true,"href":"https:\/\/favorite-news.com\/pl\/wp-json\/wp\/v2\/categories?post=881"},{"taxonomy":"post_tag","embeddable":true,"href":"https:\/\/favorite-news.com\/pl\/wp-json\/wp\/v2\/tags?post=881"}],"curies":[{"name":"wp","href":"https:\/\/api.w.org\/{rel}","templated":true}]}}