{"id":878,"date":"2019-05-24T14:40:17","date_gmt":"2019-05-24T11:40:17","guid":{"rendered":"https:\/\/favorite-news.com\/pl\/wybory-parlament-europejski-partie-i-kandydaci\/"},"modified":"2019-05-24T14:40:17","modified_gmt":"2019-05-24T11:40:17","slug":"wybory-parlament-europejski-partie-i-kandydaci","status":"publish","type":"post","link":"https:\/\/favorite-news.com\/pl\/wybory-parlament-europejski-partie-i-kandydaci\/","title":{"rendered":"Wybory Parlament Europejski: partie i kandydaci"},"content":{"rendered":"<p> [ad_1]<br \/>\n<\/p>\n<div id=\"\">\n<p>Przed wyborami do Parlamentu Europejskiego <strong>zaplanowanymi w Polsce na niedziel\u0119 26 maja br. <\/strong>ugrupowania polityczne wystawiaj\u0105ce swoich kandydat\u00f3w wykorzystuj\u0105 do agitacji wyborczej tak\u017ce internet, a w\u015br\u00f3d nich najpopularniejsze serwisy spo\u0142eczno\u015bciowe.<\/p>\n<p>&#13;<br \/>\n&#13;<\/p>\n<p>Unia Europejska w obawie o to \u017ce platformy social media zostan\u0105 wykorzystane do niedozwolonej manipulacji opini\u0105 publiczn\u0105 w obliczu eurowybor\u00f3w <strong>zobowi\u0105za\u0142a najwi\u0119ksze firmy internetowe do wprowadzenia odpowiednich zabezpiecze\u0144<\/strong>.<\/p>\n<p>&#13;<br \/>\n&#13;<\/p>\n<p>Do tych wymaga\u0144 dostosowa\u0142y si\u0119 zar\u00f3wno Facebook wprowadzaj\u0105c system rejestracji reklam wyborczych, jak i Google kt\u00f3ry umo\u017cliwia zamieszczanie og\u0142osze\u0144 i reklam wyborczych jedynie zweryfikowanym partnerom spe\u0142niaj\u0105cym okre\u015blone wymagania.<\/p>\n<p>&#13;<br \/>\n&#13;<\/p>\n<p>W rama polityki transparentno\u015bci zwi\u0105zanej z wyborami Facebook i Google rozpocz\u0119\u0142y tak\u017ce <strong>publiczne raportowanie danych zwi\u0105zanych z reklamami politycznymi na swoich platformach oraz zwi\u0105zanych z nimi wydatkach<\/strong>. Ka\u017cda z firm podaje informacje w nieco inny spos\u00f3b, w obu wypadkach mo\u017cna jednak sprawdzi\u0107 <strong>w jaki spos\u00f3b ugrupowania polityczne w Polsce wykorzystywa\u0142y komunikacj\u0119 na Facebooku i w ekosystemie Google w ostatnich miesi\u0105cach<\/strong> oraz w okresie poprzedzaj\u0105cym bezpo\u015brednio eurowybory.<\/p>\n<p>&#13;<br \/>\n&#13;<\/p>\n<p><strong><span style=\"font-size:20px;\">Facebook: Prawie 1,5 mln z\u0142 na reklamy<\/span><\/strong><\/p>\n<p>&#13;<br \/>\n&#13;<\/p>\n<p>Na dedykowanej stronie internetowej Facebook podaje, \u017ce od marca 2019 r. <strong>w polskiej wersji serwisu zamieszczono \u0142\u0105cznie 12 070 reklam politycznych, na kt\u00f3re reklamodawcy wydali w sumie 1 495 992 z\u0142<\/strong>.<\/p>\n<p>&#13;<br \/>\n&#13;<\/p>\n<p>&#13;<br \/>\n&#13;<\/p>\n<p>Dane dotycz\u0105ce ostatnich 30 dni wskazuj\u0105, \u017ce <strong>reklamowo najbardziej aktywnym ugrupowaniem na Facebooku by\u0142a Konfederacja Korwin Braun Liroy Narodowcy<\/strong>. W raportowanym okresie partia ta <strong>opublikowa\u0142a na Facebooku 213 materia\u0142\u00f3w promocyjnych za \u0142\u0105czn\u0105 kwot\u0119 150 538 z\u0142<\/strong>.<\/p>\n<p>&#13;<br \/>\n&#13;<\/p>\n<p>Na drugim miejscu pod wzgl\u0119dem wydatk\u00f3w reklamowych na FB <strong>znalaz\u0142a si\u0119 Koalicja Europejska z kwot\u0105 114 193 z\u0142, kt\u00f3ra tyle zap\u0142aci\u0142a za publikacj\u0119 475 reklam<\/strong>. Partia Wiosna <strong>za 66 407 z\u0142 op\u0142aci\u0142a 42 reklamy<\/strong>, za\u015b Komitet Wyborczy Prawo i Sprawiedliwo\u015b\u0107 <strong>zamie\u015bci\u0142 78 materia\u0142\u00f3w reklamowych za kwot\u0119 36 313 z\u0142<\/strong>.<\/p>\n<p>&#13;<br \/>\n&#13;<\/p>\n<p><img decoding=\"async\" alt=\"\" class=\"showbig\" src=\"https:\/\/favorite-news.com\/pl\/wp-content\/uploads\/sites\/6\/2019\/05\/Wybory-Parlament-Europejski-partie-i-kandydaci.png\" style=\"width: 655px; height: 386px;\"\/><br \/><img decoding=\"async\" alt=\"\" class=\"showbig\" src=\"https:\/\/favorite-news.com\/pl\/wp-content\/uploads\/sites\/6\/2019\/05\/1558698016_147_Wybory-Parlament-Europejski-partie-i-kandydaci.png\" style=\"width: 655px; height: 316px;\"\/><\/p>\n<p>&#13;<br \/>\n&#13;<\/p>\n<p><strong><span style=\"font-size:20px;\">Google: 3 tys. reklam za 382 tys. z\u0142<\/span><\/strong><\/p>\n<p>&#13;<br \/>\n&#13;<\/p>\n<p>Zgodnie z danymi udost\u0119pnionymi przez Google w okresie od 20 marca br. do dzisiaj w ekosystemie tej firmy <strong>pojawi\u0142y si\u0119 w sumie 3 002 reklamy o charakterze politycznym, za kt\u00f3re zap\u0142acono 382 200 z\u0142<\/strong>.<\/p>\n<p>&#13;<br \/>\n&#13;<\/p>\n<p><img decoding=\"async\" alt=\"\" src=\"https:\/\/favorite-news.com\/pl\/wp-content\/uploads\/sites\/6\/2019\/05\/1558698016_988_Wybory-Parlament-Europejski-partie-i-kandydaci.jpg\" style=\"width: 655px; height: 242px;\"\/><\/p>\n<p>&#13;<br \/>\n&#13;<\/p>\n<p>Bior\u0105c pod uwag\u0119 skal\u0119 wydatk\u00f3w na kampani\u0119 wyborcz\u0105 w Google na szczycie listy <strong>znalaz\u0142 si\u0119 Komitet Wyborczy Prawo i Sprawiedliwo\u015b\u0107 z kwot\u0105 241 100 z\u0142 za 259 zamieszczonych reklam<\/strong>.<\/p>\n<p>&#13;<br \/>\n&#13;<\/p>\n<p>40 400 z\u0142 to kwota kt\u00f3r\u0105 <strong>zap\u0142aci\u0142a Koalicja Europejska w zamian za opublikowane 2 626 materia\u0142\u00f3w promocyjnych<\/strong>, z kolei <strong>Konfederacja Korwin Braun Liroy Narodowcy zamie\u015bci\u0142a 9 kampanii za 19 500 z\u0142<\/strong>. Najmniej na platformach Google <strong>wyda\u0142a partia Wiosna \u2013 2200 z\u0142 za opublikowanie 11 reklam<\/strong>.<\/p>\n<p>&#13;<br \/>\n&#13;<\/p>\n<p><img decoding=\"async\" alt=\"\" src=\"https:\/\/favorite-news.com\/pl\/wp-content\/uploads\/sites\/6\/2019\/05\/1558698016_508_Wybory-Parlament-Europejski-partie-i-kandydaci.jpg\" style=\"width: 655px; height: 263px;\"\/><\/p>\n<p>&#13;<br \/>\n&#13;<\/p>\n<p><img decoding=\"async\" alt=\"\" src=\"https:\/\/favorite-news.com\/pl\/wp-content\/uploads\/sites\/6\/2019\/05\/1558698016_595_Wybory-Parlament-Europejski-partie-i-kandydaci.jpg\" style=\"width: 655px; height: 255px;\"\/><\/p>\n<p>&#13;<br \/>\n&#13;<\/p>\n<p><img decoding=\"async\" alt=\"\" src=\"https:\/\/favorite-news.com\/pl\/wp-content\/uploads\/sites\/6\/2019\/05\/1558698017_709_Wybory-Parlament-Europejski-partie-i-kandydaci.jpg\" style=\"width: 655px; height: 262px;\"\/><\/p>\n<p>&#13;<br \/>\n&#13;<\/p>\n<p><img decoding=\"async\" alt=\"\" src=\"https:\/\/favorite-news.com\/pl\/wp-content\/uploads\/sites\/6\/2019\/05\/1558698017_745_Wybory-Parlament-Europejski-partie-i-kandydaci.jpg\" style=\"width: 655px; height: 243px;\"\/><\/p>\n<p>&#13;<br \/>\n&#13;<\/p>\n<p>\u00a0<\/p>\n<p>&#13;<br \/>\n                            &#13;<br \/>\n&#13;<br \/>\n                            &#13;<br \/>\n&#13;<br \/>\n&#13;<br \/>\n&#13;<br \/>\n&#13;<br \/>\n&#13;<br \/>\n                            &#13;<br \/>\n                                                            &#13;<br \/>\n&#13;<br \/>\n                            &#13;\n                        <\/p><\/div>\n<p><script>(function (d, s, id) {\n        var js, fjs = d.getElementsByTagName(s)[0];\n        if (d.getElementById(id)) return;\n        js = d.createElement(s);\n        js.id = id;\n        js.src = \"http:\/\/connect.facebook.net\/pl_PL\/sdk.js#xfbml=1&version=v2.6&appId=297996717062470\";\n        fjs.parentNode.insertBefore(js, fjs);\n    }(document, 'script', 'facebook-jssdk'));<\/script><br \/>\n<br \/>[ad_2]<br \/>\n<br \/><a href=\"https:\/\/www.wirtualnemedia.pl\/artykul\/wybory-parlament-europejski-partie-i-kandydaci-ile-wydali-na-reklamy-na-facebooku-i-w-google\">Source link <\/a><\/p>\n","protected":false},"excerpt":{"rendered":"<p>[ad_1] Przed wyborami do Parlamentu Europejskiego zaplanowanymi w Polsce na niedziel\u0119 26 maja br. ugrupowania polityczne wystawiaj\u0105ce swoich kandydat\u00f3w wykorzystuj\u0105 do agitacji wyborczej tak\u017ce internet, a w\u015br\u00f3d nich najpopularniejsze serwisy spo\u0142eczno\u015bciowe. &#13; &#13; Unia Europejska w obawie o to \u017ce platformy social media zostan\u0105 wykorzystane do niedozwolonej manipulacji opini\u0105 publiczn\u0105 w obliczu eurowybor\u00f3w zobowi\u0105za\u0142a najwi\u0119ksze [&hellip;]<\/p>\n","protected":false},"author":2,"featured_media":879,"comment_status":"open","ping_status":"open","sticky":false,"template":"","format":"standard","meta":{"footnotes":""},"categories":[2],"tags":[],"class_list":["post-878","post","type-post","status-publish","format-standard","has-post-thumbnail","hentry","category-wiadomosci-marketingowe-internetowe"],"yoast_head":"<!-- This site is optimized with the Yoast SEO plugin v27.4 - https:\/\/yoast.com\/product\/yoast-seo-wordpress\/ -->\n<title>Wybory Parlament Europejski: partie i kandydaci - Favorite News<\/title>\n<meta name=\"robots\" content=\"index, follow, max-snippet:-1, max-image-preview:large, max-video-preview:-1\" \/>\n<link rel=\"canonical\" href=\"https:\/\/favorite-news.com\/pl\/wybory-parlament-europejski-partie-i-kandydaci\/\" \/>\n<meta property=\"og:locale\" content=\"pl_PL\" \/>\n<meta property=\"og:type\" content=\"article\" \/>\n<meta property=\"og:title\" content=\"Wybory Parlament Europejski: partie i kandydaci - Favorite News\" \/>\n<meta property=\"og:description\" content=\"[ad_1] Przed wyborami do Parlamentu Europejskiego zaplanowanymi w Polsce na niedziel\u0119 26 maja br. ugrupowania polityczne wystawiaj\u0105ce swoich kandydat\u00f3w wykorzystuj\u0105 do agitacji wyborczej tak\u017ce internet, a w\u015br\u00f3d nich najpopularniejsze serwisy spo\u0142eczno\u015bciowe. &#013; &#013; Unia Europejska w obawie o to \u017ce platformy social media zostan\u0105 wykorzystane do niedozwolonej manipulacji opini\u0105 publiczn\u0105 w obliczu eurowybor\u00f3w zobowi\u0105za\u0142a najwi\u0119ksze [&hellip;]\" \/>\n<meta property=\"og:url\" content=\"https:\/\/favorite-news.com\/pl\/wybory-parlament-europejski-partie-i-kandydaci\/\" \/>\n<meta property=\"og:site_name\" content=\"Favorite News\" \/>\n<meta property=\"article:published_time\" content=\"2019-05-24T11:40:17+00:00\" \/>\n<meta property=\"og:image\" content=\"https:\/\/favorite-news.com\/pl\/wp-content\/uploads\/sites\/6\/2019\/05\/Wybory-Parlament-Europejski-partie-i-kandydaci.jpg\" \/>\n\t<meta property=\"og:image:width\" content=\"655\" \/>\n\t<meta property=\"og:image:height\" content=\"185\" \/>\n\t<meta property=\"og:image:type\" content=\"image\/jpeg\" \/>\n<meta name=\"author\" content=\"favorite-news\" \/>\n<meta name=\"twitter:card\" content=\"summary_large_image\" \/>\n<meta name=\"twitter:label1\" content=\"Napisane przez\" \/>\n\t<meta name=\"twitter:data1\" content=\"favorite-news\" \/>\n\t<meta name=\"twitter:label2\" content=\"Szacowany czas czytania\" \/>\n\t<meta name=\"twitter:data2\" content=\"2 minuty\" \/>\n<script type=\"application\/ld+json\" class=\"yoast-schema-graph\">{\"@context\":\"https:\\\/\\\/schema.org\",\"@graph\":[{\"@type\":\"Article\",\"@id\":\"https:\\\/\\\/favorite-news.com\\\/pl\\\/wybory-parlament-europejski-partie-i-kandydaci\\\/#article\",\"isPartOf\":{\"@id\":\"https:\\\/\\\/favorite-news.com\\\/pl\\\/wybory-parlament-europejski-partie-i-kandydaci\\\/\"},\"author\":{\"name\":\"favorite-news\",\"@id\":\"https:\\\/\\\/favorite-news.com\\\/pl\\\/#\\\/schema\\\/person\\\/b91573b717dcfa5e4696032a9d28d3e8\"},\"headline\":\"Wybory Parlament Europejski: partie i kandydaci\",\"datePublished\":\"2019-05-24T11:40:17+00:00\",\"mainEntityOfPage\":{\"@id\":\"https:\\\/\\\/favorite-news.com\\\/pl\\\/wybory-parlament-europejski-partie-i-kandydaci\\\/\"},\"wordCount\":422,\"commentCount\":0,\"image\":{\"@id\":\"https:\\\/\\\/favorite-news.com\\\/pl\\\/wybory-parlament-europejski-partie-i-kandydaci\\\/#primaryimage\"},\"thumbnailUrl\":\"https:\\\/\\\/favorite-news.com\\\/pl\\\/wp-content\\\/uploads\\\/sites\\\/6\\\/2019\\\/05\\\/Wybory-Parlament-Europejski-partie-i-kandydaci.jpg\",\"articleSection\":[\"WIADOMO\u015aCI MARKETINGOWE INTERNETOWE\"],\"inLanguage\":\"pl-PL\",\"potentialAction\":[{\"@type\":\"CommentAction\",\"name\":\"Comment\",\"target\":[\"https:\\\/\\\/favorite-news.com\\\/pl\\\/wybory-parlament-europejski-partie-i-kandydaci\\\/#respond\"]}]},{\"@type\":\"WebPage\",\"@id\":\"https:\\\/\\\/favorite-news.com\\\/pl\\\/wybory-parlament-europejski-partie-i-kandydaci\\\/\",\"url\":\"https:\\\/\\\/favorite-news.com\\\/pl\\\/wybory-parlament-europejski-partie-i-kandydaci\\\/\",\"name\":\"Wybory Parlament Europejski: partie i kandydaci - Favorite News\",\"isPartOf\":{\"@id\":\"https:\\\/\\\/favorite-news.com\\\/pl\\\/#website\"},\"primaryImageOfPage\":{\"@id\":\"https:\\\/\\\/favorite-news.com\\\/pl\\\/wybory-parlament-europejski-partie-i-kandydaci\\\/#primaryimage\"},\"image\":{\"@id\":\"https:\\\/\\\/favorite-news.com\\\/pl\\\/wybory-parlament-europejski-partie-i-kandydaci\\\/#primaryimage\"},\"thumbnailUrl\":\"https:\\\/\\\/favorite-news.com\\\/pl\\\/wp-content\\\/uploads\\\/sites\\\/6\\\/2019\\\/05\\\/Wybory-Parlament-Europejski-partie-i-kandydaci.jpg\",\"datePublished\":\"2019-05-24T11:40:17+00:00\",\"author\":{\"@id\":\"https:\\\/\\\/favorite-news.com\\\/pl\\\/#\\\/schema\\\/person\\\/b91573b717dcfa5e4696032a9d28d3e8\"},\"breadcrumb\":{\"@id\":\"https:\\\/\\\/favorite-news.com\\\/pl\\\/wybory-parlament-europejski-partie-i-kandydaci\\\/#breadcrumb\"},\"inLanguage\":\"pl-PL\",\"potentialAction\":[{\"@type\":\"ReadAction\",\"target\":[\"https:\\\/\\\/favorite-news.com\\\/pl\\\/wybory-parlament-europejski-partie-i-kandydaci\\\/\"]}]},{\"@type\":\"ImageObject\",\"inLanguage\":\"pl-PL\",\"@id\":\"https:\\\/\\\/favorite-news.com\\\/pl\\\/wybory-parlament-europejski-partie-i-kandydaci\\\/#primaryimage\",\"url\":\"https:\\\/\\\/favorite-news.com\\\/pl\\\/wp-content\\\/uploads\\\/sites\\\/6\\\/2019\\\/05\\\/Wybory-Parlament-Europejski-partie-i-kandydaci.jpg\",\"contentUrl\":\"https:\\\/\\\/favorite-news.com\\\/pl\\\/wp-content\\\/uploads\\\/sites\\\/6\\\/2019\\\/05\\\/Wybory-Parlament-Europejski-partie-i-kandydaci.jpg\",\"width\":655,\"height\":185,\"caption\":\"Wybory Parlament Europejski: partie i kandydaci\"},{\"@type\":\"BreadcrumbList\",\"@id\":\"https:\\\/\\\/favorite-news.com\\\/pl\\\/wybory-parlament-europejski-partie-i-kandydaci\\\/#breadcrumb\",\"itemListElement\":[{\"@type\":\"ListItem\",\"position\":1,\"name\":\"Home\",\"item\":\"https:\\\/\\\/favorite-news.com\\\/pl\\\/\"},{\"@type\":\"ListItem\",\"position\":2,\"name\":\"Wybory Parlament Europejski: partie i kandydaci\"}]},{\"@type\":\"WebSite\",\"@id\":\"https:\\\/\\\/favorite-news.com\\\/pl\\\/#website\",\"url\":\"https:\\\/\\\/favorite-news.com\\\/pl\\\/\",\"name\":\"Favorite News\",\"description\":\"Favorite News Polska\",\"potentialAction\":[{\"@type\":\"SearchAction\",\"target\":{\"@type\":\"EntryPoint\",\"urlTemplate\":\"https:\\\/\\\/favorite-news.com\\\/pl\\\/?s={search_term_string}\"},\"query-input\":{\"@type\":\"PropertyValueSpecification\",\"valueRequired\":true,\"valueName\":\"search_term_string\"}}],\"inLanguage\":\"pl-PL\"},{\"@type\":\"Person\",\"@id\":\"https:\\\/\\\/favorite-news.com\\\/pl\\\/#\\\/schema\\\/person\\\/b91573b717dcfa5e4696032a9d28d3e8\",\"name\":\"favorite-news\",\"image\":{\"@type\":\"ImageObject\",\"inLanguage\":\"pl-PL\",\"@id\":\"https:\\\/\\\/secure.gravatar.com\\\/avatar\\\/6c5a5cb12b74e9d517ee91cf570335b7d16177f1977cc91db161adfa435945a7?s=96&d=mm&r=g\",\"url\":\"https:\\\/\\\/secure.gravatar.com\\\/avatar\\\/6c5a5cb12b74e9d517ee91cf570335b7d16177f1977cc91db161adfa435945a7?s=96&d=mm&r=g\",\"contentUrl\":\"https:\\\/\\\/secure.gravatar.com\\\/avatar\\\/6c5a5cb12b74e9d517ee91cf570335b7d16177f1977cc91db161adfa435945a7?s=96&d=mm&r=g\",\"caption\":\"favorite-news\"},\"url\":\"https:\\\/\\\/favorite-news.com\\\/pl\\\/author\\\/pt\\\/\"}]}<\/script>\n<!-- \/ Yoast SEO plugin. -->","yoast_head_json":{"title":"Wybory Parlament Europejski: partie i kandydaci - Favorite News","robots":{"index":"index","follow":"follow","max-snippet":"max-snippet:-1","max-image-preview":"max-image-preview:large","max-video-preview":"max-video-preview:-1"},"canonical":"https:\/\/favorite-news.com\/pl\/wybory-parlament-europejski-partie-i-kandydaci\/","og_locale":"pl_PL","og_type":"article","og_title":"Wybory Parlament Europejski: partie i kandydaci - Favorite News","og_description":"[ad_1] Przed wyborami do Parlamentu Europejskiego zaplanowanymi w Polsce na niedziel\u0119 26 maja br. ugrupowania polityczne wystawiaj\u0105ce swoich kandydat\u00f3w wykorzystuj\u0105 do agitacji wyborczej tak\u017ce internet, a w\u015br\u00f3d nich najpopularniejsze serwisy spo\u0142eczno\u015bciowe. &#13; &#13; Unia Europejska w obawie o to \u017ce platformy social media zostan\u0105 wykorzystane do niedozwolonej manipulacji opini\u0105 publiczn\u0105 w obliczu eurowybor\u00f3w zobowi\u0105za\u0142a najwi\u0119ksze [&hellip;]","og_url":"https:\/\/favorite-news.com\/pl\/wybory-parlament-europejski-partie-i-kandydaci\/","og_site_name":"Favorite News","article_published_time":"2019-05-24T11:40:17+00:00","og_image":[{"width":655,"height":185,"url":"https:\/\/favorite-news.com\/pl\/wp-content\/uploads\/sites\/6\/2019\/05\/Wybory-Parlament-Europejski-partie-i-kandydaci.jpg","type":"image\/jpeg"}],"author":"favorite-news","twitter_card":"summary_large_image","twitter_misc":{"Napisane przez":"favorite-news","Szacowany czas czytania":"2 minuty"},"schema":{"@context":"https:\/\/schema.org","@graph":[{"@type":"Article","@id":"https:\/\/favorite-news.com\/pl\/wybory-parlament-europejski-partie-i-kandydaci\/#article","isPartOf":{"@id":"https:\/\/favorite-news.com\/pl\/wybory-parlament-europejski-partie-i-kandydaci\/"},"author":{"name":"favorite-news","@id":"https:\/\/favorite-news.com\/pl\/#\/schema\/person\/b91573b717dcfa5e4696032a9d28d3e8"},"headline":"Wybory Parlament Europejski: partie i kandydaci","datePublished":"2019-05-24T11:40:17+00:00","mainEntityOfPage":{"@id":"https:\/\/favorite-news.com\/pl\/wybory-parlament-europejski-partie-i-kandydaci\/"},"wordCount":422,"commentCount":0,"image":{"@id":"https:\/\/favorite-news.com\/pl\/wybory-parlament-europejski-partie-i-kandydaci\/#primaryimage"},"thumbnailUrl":"https:\/\/favorite-news.com\/pl\/wp-content\/uploads\/sites\/6\/2019\/05\/Wybory-Parlament-Europejski-partie-i-kandydaci.jpg","articleSection":["WIADOMO\u015aCI MARKETINGOWE INTERNETOWE"],"inLanguage":"pl-PL","potentialAction":[{"@type":"CommentAction","name":"Comment","target":["https:\/\/favorite-news.com\/pl\/wybory-parlament-europejski-partie-i-kandydaci\/#respond"]}]},{"@type":"WebPage","@id":"https:\/\/favorite-news.com\/pl\/wybory-parlament-europejski-partie-i-kandydaci\/","url":"https:\/\/favorite-news.com\/pl\/wybory-parlament-europejski-partie-i-kandydaci\/","name":"Wybory Parlament Europejski: partie i kandydaci - Favorite News","isPartOf":{"@id":"https:\/\/favorite-news.com\/pl\/#website"},"primaryImageOfPage":{"@id":"https:\/\/favorite-news.com\/pl\/wybory-parlament-europejski-partie-i-kandydaci\/#primaryimage"},"image":{"@id":"https:\/\/favorite-news.com\/pl\/wybory-parlament-europejski-partie-i-kandydaci\/#primaryimage"},"thumbnailUrl":"https:\/\/favorite-news.com\/pl\/wp-content\/uploads\/sites\/6\/2019\/05\/Wybory-Parlament-Europejski-partie-i-kandydaci.jpg","datePublished":"2019-05-24T11:40:17+00:00","author":{"@id":"https:\/\/favorite-news.com\/pl\/#\/schema\/person\/b91573b717dcfa5e4696032a9d28d3e8"},"breadcrumb":{"@id":"https:\/\/favorite-news.com\/pl\/wybory-parlament-europejski-partie-i-kandydaci\/#breadcrumb"},"inLanguage":"pl-PL","potentialAction":[{"@type":"ReadAction","target":["https:\/\/favorite-news.com\/pl\/wybory-parlament-europejski-partie-i-kandydaci\/"]}]},{"@type":"ImageObject","inLanguage":"pl-PL","@id":"https:\/\/favorite-news.com\/pl\/wybory-parlament-europejski-partie-i-kandydaci\/#primaryimage","url":"https:\/\/favorite-news.com\/pl\/wp-content\/uploads\/sites\/6\/2019\/05\/Wybory-Parlament-Europejski-partie-i-kandydaci.jpg","contentUrl":"https:\/\/favorite-news.com\/pl\/wp-content\/uploads\/sites\/6\/2019\/05\/Wybory-Parlament-Europejski-partie-i-kandydaci.jpg","width":655,"height":185,"caption":"Wybory Parlament Europejski: partie i kandydaci"},{"@type":"BreadcrumbList","@id":"https:\/\/favorite-news.com\/pl\/wybory-parlament-europejski-partie-i-kandydaci\/#breadcrumb","itemListElement":[{"@type":"ListItem","position":1,"name":"Home","item":"https:\/\/favorite-news.com\/pl\/"},{"@type":"ListItem","position":2,"name":"Wybory Parlament Europejski: partie i kandydaci"}]},{"@type":"WebSite","@id":"https:\/\/favorite-news.com\/pl\/#website","url":"https:\/\/favorite-news.com\/pl\/","name":"Favorite News","description":"Favorite News Polska","potentialAction":[{"@type":"SearchAction","target":{"@type":"EntryPoint","urlTemplate":"https:\/\/favorite-news.com\/pl\/?s={search_term_string}"},"query-input":{"@type":"PropertyValueSpecification","valueRequired":true,"valueName":"search_term_string"}}],"inLanguage":"pl-PL"},{"@type":"Person","@id":"https:\/\/favorite-news.com\/pl\/#\/schema\/person\/b91573b717dcfa5e4696032a9d28d3e8","name":"favorite-news","image":{"@type":"ImageObject","inLanguage":"pl-PL","@id":"https:\/\/secure.gravatar.com\/avatar\/6c5a5cb12b74e9d517ee91cf570335b7d16177f1977cc91db161adfa435945a7?s=96&d=mm&r=g","url":"https:\/\/secure.gravatar.com\/avatar\/6c5a5cb12b74e9d517ee91cf570335b7d16177f1977cc91db161adfa435945a7?s=96&d=mm&r=g","contentUrl":"https:\/\/secure.gravatar.com\/avatar\/6c5a5cb12b74e9d517ee91cf570335b7d16177f1977cc91db161adfa435945a7?s=96&d=mm&r=g","caption":"favorite-news"},"url":"https:\/\/favorite-news.com\/pl\/author\/pt\/"}]}},"_links":{"self":[{"href":"https:\/\/favorite-news.com\/pl\/wp-json\/wp\/v2\/posts\/878","targetHints":{"allow":["GET"]}}],"collection":[{"href":"https:\/\/favorite-news.com\/pl\/wp-json\/wp\/v2\/posts"}],"about":[{"href":"https:\/\/favorite-news.com\/pl\/wp-json\/wp\/v2\/types\/post"}],"author":[{"embeddable":true,"href":"https:\/\/favorite-news.com\/pl\/wp-json\/wp\/v2\/users\/2"}],"replies":[{"embeddable":true,"href":"https:\/\/favorite-news.com\/pl\/wp-json\/wp\/v2\/comments?post=878"}],"version-history":[{"count":1,"href":"https:\/\/favorite-news.com\/pl\/wp-json\/wp\/v2\/posts\/878\/revisions"}],"predecessor-version":[{"id":880,"href":"https:\/\/favorite-news.com\/pl\/wp-json\/wp\/v2\/posts\/878\/revisions\/880"}],"wp:featuredmedia":[{"embeddable":true,"href":"https:\/\/favorite-news.com\/pl\/wp-json\/wp\/v2\/media\/879"}],"wp:attachment":[{"href":"https:\/\/favorite-news.com\/pl\/wp-json\/wp\/v2\/media?parent=878"}],"wp:term":[{"taxonomy":"category","embeddable":true,"href":"https:\/\/favorite-news.com\/pl\/wp-json\/wp\/v2\/categories?post=878"},{"taxonomy":"post_tag","embeddable":true,"href":"https:\/\/favorite-news.com\/pl\/wp-json\/wp\/v2\/tags?post=878"}],"curies":[{"name":"wp","href":"https:\/\/api.w.org\/{rel}","templated":true}]}}