{"id":872,"date":"2019-05-24T11:12:06","date_gmt":"2019-05-24T08:12:06","guid":{"rendered":"https:\/\/favorite-news.com\/pl\/bgk-bank-gospodarstwa-krajowego-przetarg-domy-mediowe-do-rocznej-wspolpracy\/"},"modified":"2019-05-24T11:12:07","modified_gmt":"2019-05-24T08:12:07","slug":"bgk-bank-gospodarstwa-krajowego-przetarg-domy-mediowe-do-rocznej-wspolpracy","status":"publish","type":"post","link":"https:\/\/favorite-news.com\/pl\/bgk-bank-gospodarstwa-krajowego-przetarg-domy-mediowe-do-rocznej-wspolpracy\/","title":{"rendered":"BGK Bank Gospodarstwa Krajowego przetarg domy mediowe do rocznej wsp\u00f3\u0142pracy"},"content":{"rendered":"<p> [ad_1]<br \/>\n<\/p>\n<div id=\"\">\n<p>Przetarg zosta\u0142 podzielony na dwie cz\u0119\u015bci, z kt\u00f3rych ka\u017cda dotyczy wykonania na rzecz BGK tej samej us\u0142ugi: po\u015brednictwa w zakupie medi\u00f3w do kampanii zlecanych przez bank.<\/p>\n<p>&#13;<br \/>\n&#13;<\/p>\n<p>Zastrze\u017cenie jest takie, \u017ce jedna firma mo\u017ce z\u0142o\u017cy\u0107 ofert\u0119 tylko w jednej cz\u0119\u015bci przetargu, przez co mo\u017cna wnioskowa\u0107, \u017ce BGK wybierze w tym przetargu dwie agencje.<\/p>\n<p>&#13;<br \/>\n&#13;<\/p>\n<p>Bud\u017cet do obs\u0142ugi zar\u00f3wno <strong>w pierwszej, jak i w drugiej cz\u0119\u015bci przetargu wynosi po 1,5 mln z\u0142,<\/strong> a umowa zostanie zawarta na okres roku od dnia jej podpisania.<\/p>\n<p>BGK nie wyklucza te\u017c, \u017ce umowy te zostan\u0105 przed\u0142u\u017cone o kolejne 24 miesi\u0105ce po tym jak wygasn\u0105. Wtedy warto\u015b\u0107 bud\u017cetu wyniesie 12 mln z\u0142 brutto.<\/p>\n<p>&#13;<br \/>\n&#13;<\/p>\n<p><strong>Zainteresowane agencje mog\u0105 sk\u0142ada\u0107 oferty do 26 czerwca br. po wp\u0142acie 30 tys. z\u0142 wadium.<\/strong><\/p>\n<p>&#13;<br \/>\n&#13;<\/p>\n<p>Wybrane agencje zajm\u0105 si\u0119 po\u015bredniczeniem w zakupie powierzchni reklamowych i czasu antenowego na potrzeb\u0119 zamieszczenia materia\u0142\u00f3w (reklama, artyku\u0142, spot itp.) w prasie, internecie, telewizji, radiu i na outdoorze. B\u0119d\u0105 odpowiada\u0107 za przygotowanie i realizacj\u0119 strategii promocji. B\u0119d\u0105 te\u017c doradza\u0107 przy wyborze najkorzystniejszych format\u00f3w reklam i termin\u00f3w publikacji, oraz doboru tytu\u0142\u00f3w prasowych, serwis\u00f3w internetowych i stacji telewizyjnych.<\/p>\n<p>&#13;<br \/>\n&#13;<\/p>\n<p>\u00a0<\/p>\n<p>&#13;<br \/>\n                            &#13;<br \/>\n&#13;<br \/>\n                            &#13;<br \/>\n&#13;<br \/>\n&#13;<br \/>\n&#13;<br \/>\n&#13;<br \/>\n&#13;<br \/>\n                            &#13;<br \/>\n                                                            &#13;<br \/>\n&#13;<br \/>\n                            &#13;\n                        <\/p><\/div>\n<p><script>(function (d, s, id) {\n        var js, fjs = d.getElementsByTagName(s)[0];\n        if (d.getElementById(id)) return;\n        js = d.createElement(s);\n        js.id = id;\n        js.src = \"http:\/\/connect.facebook.net\/pl_PL\/sdk.js#xfbml=1&version=v2.6&appId=297996717062470\";\n        fjs.parentNode.insertBefore(js, fjs);\n    }(document, 'script', 'facebook-jssdk'));<\/script><br \/>\n<br \/>[ad_2]<br \/>\n<br \/><a href=\"https:\/\/www.wirtualnemedia.pl\/artykul\/bgk-bank-gospodarstwa-krajowego-przetarg-domy-mediowe-do-rocznej-wspolpracy\">Source link <\/a><\/p>\n","protected":false},"excerpt":{"rendered":"<p>[ad_1] Przetarg zosta\u0142 podzielony na dwie cz\u0119\u015bci, z kt\u00f3rych ka\u017cda dotyczy wykonania na rzecz BGK tej samej us\u0142ugi: po\u015brednictwa w zakupie medi\u00f3w do kampanii zlecanych przez bank. &#13; &#13; Zastrze\u017cenie jest takie, \u017ce jedna firma mo\u017ce z\u0142o\u017cy\u0107 ofert\u0119 tylko w jednej cz\u0119\u015bci przetargu, przez co mo\u017cna wnioskowa\u0107, \u017ce BGK wybierze w tym przetargu dwie agencje. [&hellip;]<\/p>\n","protected":false},"author":2,"featured_media":873,"comment_status":"open","ping_status":"open","sticky":false,"template":"","format":"standard","meta":{"footnotes":""},"categories":[2],"tags":[],"class_list":["post-872","post","type-post","status-publish","format-standard","has-post-thumbnail","hentry","category-wiadomosci-marketingowe-internetowe"],"yoast_head":"<!-- This site is optimized with the Yoast SEO plugin v27.4 - https:\/\/yoast.com\/product\/yoast-seo-wordpress\/ -->\n<title>BGK Bank Gospodarstwa Krajowego przetarg domy mediowe do rocznej wsp\u00f3\u0142pracy - Favorite News<\/title>\n<meta name=\"robots\" content=\"index, follow, max-snippet:-1, max-image-preview:large, max-video-preview:-1\" \/>\n<link rel=\"canonical\" href=\"https:\/\/favorite-news.com\/pl\/bgk-bank-gospodarstwa-krajowego-przetarg-domy-mediowe-do-rocznej-wspolpracy\/\" \/>\n<meta property=\"og:locale\" content=\"pl_PL\" \/>\n<meta property=\"og:type\" content=\"article\" \/>\n<meta property=\"og:title\" content=\"BGK Bank Gospodarstwa Krajowego przetarg domy mediowe do rocznej wsp\u00f3\u0142pracy - Favorite News\" \/>\n<meta property=\"og:description\" content=\"[ad_1] Przetarg zosta\u0142 podzielony na dwie cz\u0119\u015bci, z kt\u00f3rych ka\u017cda dotyczy wykonania na rzecz BGK tej samej us\u0142ugi: po\u015brednictwa w zakupie medi\u00f3w do kampanii zlecanych przez bank. &#013; &#013; Zastrze\u017cenie jest takie, \u017ce jedna firma mo\u017ce z\u0142o\u017cy\u0107 ofert\u0119 tylko w jednej cz\u0119\u015bci przetargu, przez co mo\u017cna wnioskowa\u0107, \u017ce BGK wybierze w tym przetargu dwie agencje. [&hellip;]\" \/>\n<meta property=\"og:url\" content=\"https:\/\/favorite-news.com\/pl\/bgk-bank-gospodarstwa-krajowego-przetarg-domy-mediowe-do-rocznej-wspolpracy\/\" \/>\n<meta property=\"og:site_name\" content=\"Favorite News\" \/>\n<meta property=\"article:published_time\" content=\"2019-05-24T08:12:06+00:00\" \/>\n<meta property=\"article:modified_time\" content=\"2019-05-24T08:12:07+00:00\" \/>\n<meta property=\"og:image\" content=\"https:\/\/favorite-news.com\/pl\/wp-content\/uploads\/sites\/6\/2019\/05\/BGK-Bank-Gospodarstwa-Krajowego-przetarg-domy-mediowe-do-rocznej-wsp\u00f3\u0142pracy.png\" \/>\n\t<meta property=\"og:image:width\" content=\"655\" \/>\n\t<meta property=\"og:image:height\" content=\"350\" \/>\n\t<meta property=\"og:image:type\" content=\"image\/png\" \/>\n<meta name=\"author\" content=\"favorite-news\" \/>\n<meta name=\"twitter:card\" content=\"summary_large_image\" \/>\n<meta name=\"twitter:label1\" content=\"Napisane przez\" \/>\n\t<meta name=\"twitter:data1\" content=\"favorite-news\" \/>\n\t<meta name=\"twitter:label2\" content=\"Szacowany czas czytania\" \/>\n\t<meta name=\"twitter:data2\" content=\"1 minuta\" \/>\n<script type=\"application\/ld+json\" class=\"yoast-schema-graph\">{\"@context\":\"https:\\\/\\\/schema.org\",\"@graph\":[{\"@type\":\"Article\",\"@id\":\"https:\\\/\\\/favorite-news.com\\\/pl\\\/bgk-bank-gospodarstwa-krajowego-przetarg-domy-mediowe-do-rocznej-wspolpracy\\\/#article\",\"isPartOf\":{\"@id\":\"https:\\\/\\\/favorite-news.com\\\/pl\\\/bgk-bank-gospodarstwa-krajowego-przetarg-domy-mediowe-do-rocznej-wspolpracy\\\/\"},\"author\":{\"name\":\"favorite-news\",\"@id\":\"https:\\\/\\\/favorite-news.com\\\/pl\\\/#\\\/schema\\\/person\\\/b91573b717dcfa5e4696032a9d28d3e8\"},\"headline\":\"BGK Bank Gospodarstwa Krajowego przetarg domy mediowe do rocznej wsp\u00f3\u0142pracy\",\"datePublished\":\"2019-05-24T08:12:06+00:00\",\"dateModified\":\"2019-05-24T08:12:07+00:00\",\"mainEntityOfPage\":{\"@id\":\"https:\\\/\\\/favorite-news.com\\\/pl\\\/bgk-bank-gospodarstwa-krajowego-przetarg-domy-mediowe-do-rocznej-wspolpracy\\\/\"},\"wordCount\":216,\"commentCount\":0,\"image\":{\"@id\":\"https:\\\/\\\/favorite-news.com\\\/pl\\\/bgk-bank-gospodarstwa-krajowego-przetarg-domy-mediowe-do-rocznej-wspolpracy\\\/#primaryimage\"},\"thumbnailUrl\":\"https:\\\/\\\/favorite-news.com\\\/pl\\\/wp-content\\\/uploads\\\/sites\\\/6\\\/2019\\\/05\\\/BGK-Bank-Gospodarstwa-Krajowego-przetarg-domy-mediowe-do-rocznej-wsp\u00f3\u0142pracy.png\",\"articleSection\":[\"WIADOMO\u015aCI MARKETINGOWE INTERNETOWE\"],\"inLanguage\":\"pl-PL\",\"potentialAction\":[{\"@type\":\"CommentAction\",\"name\":\"Comment\",\"target\":[\"https:\\\/\\\/favorite-news.com\\\/pl\\\/bgk-bank-gospodarstwa-krajowego-przetarg-domy-mediowe-do-rocznej-wspolpracy\\\/#respond\"]}]},{\"@type\":\"WebPage\",\"@id\":\"https:\\\/\\\/favorite-news.com\\\/pl\\\/bgk-bank-gospodarstwa-krajowego-przetarg-domy-mediowe-do-rocznej-wspolpracy\\\/\",\"url\":\"https:\\\/\\\/favorite-news.com\\\/pl\\\/bgk-bank-gospodarstwa-krajowego-przetarg-domy-mediowe-do-rocznej-wspolpracy\\\/\",\"name\":\"BGK Bank Gospodarstwa Krajowego przetarg domy mediowe do rocznej wsp\u00f3\u0142pracy - Favorite News\",\"isPartOf\":{\"@id\":\"https:\\\/\\\/favorite-news.com\\\/pl\\\/#website\"},\"primaryImageOfPage\":{\"@id\":\"https:\\\/\\\/favorite-news.com\\\/pl\\\/bgk-bank-gospodarstwa-krajowego-przetarg-domy-mediowe-do-rocznej-wspolpracy\\\/#primaryimage\"},\"image\":{\"@id\":\"https:\\\/\\\/favorite-news.com\\\/pl\\\/bgk-bank-gospodarstwa-krajowego-przetarg-domy-mediowe-do-rocznej-wspolpracy\\\/#primaryimage\"},\"thumbnailUrl\":\"https:\\\/\\\/favorite-news.com\\\/pl\\\/wp-content\\\/uploads\\\/sites\\\/6\\\/2019\\\/05\\\/BGK-Bank-Gospodarstwa-Krajowego-przetarg-domy-mediowe-do-rocznej-wsp\u00f3\u0142pracy.png\",\"datePublished\":\"2019-05-24T08:12:06+00:00\",\"dateModified\":\"2019-05-24T08:12:07+00:00\",\"author\":{\"@id\":\"https:\\\/\\\/favorite-news.com\\\/pl\\\/#\\\/schema\\\/person\\\/b91573b717dcfa5e4696032a9d28d3e8\"},\"breadcrumb\":{\"@id\":\"https:\\\/\\\/favorite-news.com\\\/pl\\\/bgk-bank-gospodarstwa-krajowego-przetarg-domy-mediowe-do-rocznej-wspolpracy\\\/#breadcrumb\"},\"inLanguage\":\"pl-PL\",\"potentialAction\":[{\"@type\":\"ReadAction\",\"target\":[\"https:\\\/\\\/favorite-news.com\\\/pl\\\/bgk-bank-gospodarstwa-krajowego-przetarg-domy-mediowe-do-rocznej-wspolpracy\\\/\"]}]},{\"@type\":\"ImageObject\",\"inLanguage\":\"pl-PL\",\"@id\":\"https:\\\/\\\/favorite-news.com\\\/pl\\\/bgk-bank-gospodarstwa-krajowego-przetarg-domy-mediowe-do-rocznej-wspolpracy\\\/#primaryimage\",\"url\":\"https:\\\/\\\/favorite-news.com\\\/pl\\\/wp-content\\\/uploads\\\/sites\\\/6\\\/2019\\\/05\\\/BGK-Bank-Gospodarstwa-Krajowego-przetarg-domy-mediowe-do-rocznej-wsp\u00f3\u0142pracy.png\",\"contentUrl\":\"https:\\\/\\\/favorite-news.com\\\/pl\\\/wp-content\\\/uploads\\\/sites\\\/6\\\/2019\\\/05\\\/BGK-Bank-Gospodarstwa-Krajowego-przetarg-domy-mediowe-do-rocznej-wsp\u00f3\u0142pracy.png\",\"width\":655,\"height\":350,\"caption\":\"Article\"},{\"@type\":\"BreadcrumbList\",\"@id\":\"https:\\\/\\\/favorite-news.com\\\/pl\\\/bgk-bank-gospodarstwa-krajowego-przetarg-domy-mediowe-do-rocznej-wspolpracy\\\/#breadcrumb\",\"itemListElement\":[{\"@type\":\"ListItem\",\"position\":1,\"name\":\"Home\",\"item\":\"https:\\\/\\\/favorite-news.com\\\/pl\\\/\"},{\"@type\":\"ListItem\",\"position\":2,\"name\":\"BGK Bank Gospodarstwa Krajowego przetarg domy mediowe do rocznej wsp\u00f3\u0142pracy\"}]},{\"@type\":\"WebSite\",\"@id\":\"https:\\\/\\\/favorite-news.com\\\/pl\\\/#website\",\"url\":\"https:\\\/\\\/favorite-news.com\\\/pl\\\/\",\"name\":\"Favorite News\",\"description\":\"Favorite News Polska\",\"potentialAction\":[{\"@type\":\"SearchAction\",\"target\":{\"@type\":\"EntryPoint\",\"urlTemplate\":\"https:\\\/\\\/favorite-news.com\\\/pl\\\/?s={search_term_string}\"},\"query-input\":{\"@type\":\"PropertyValueSpecification\",\"valueRequired\":true,\"valueName\":\"search_term_string\"}}],\"inLanguage\":\"pl-PL\"},{\"@type\":\"Person\",\"@id\":\"https:\\\/\\\/favorite-news.com\\\/pl\\\/#\\\/schema\\\/person\\\/b91573b717dcfa5e4696032a9d28d3e8\",\"name\":\"favorite-news\",\"image\":{\"@type\":\"ImageObject\",\"inLanguage\":\"pl-PL\",\"@id\":\"https:\\\/\\\/secure.gravatar.com\\\/avatar\\\/6c5a5cb12b74e9d517ee91cf570335b7d16177f1977cc91db161adfa435945a7?s=96&d=mm&r=g\",\"url\":\"https:\\\/\\\/secure.gravatar.com\\\/avatar\\\/6c5a5cb12b74e9d517ee91cf570335b7d16177f1977cc91db161adfa435945a7?s=96&d=mm&r=g\",\"contentUrl\":\"https:\\\/\\\/secure.gravatar.com\\\/avatar\\\/6c5a5cb12b74e9d517ee91cf570335b7d16177f1977cc91db161adfa435945a7?s=96&d=mm&r=g\",\"caption\":\"favorite-news\"},\"url\":\"https:\\\/\\\/favorite-news.com\\\/pl\\\/author\\\/pt\\\/\"}]}<\/script>\n<!-- \/ Yoast SEO plugin. -->","yoast_head_json":{"title":"BGK Bank Gospodarstwa Krajowego przetarg domy mediowe do rocznej wsp\u00f3\u0142pracy - Favorite News","robots":{"index":"index","follow":"follow","max-snippet":"max-snippet:-1","max-image-preview":"max-image-preview:large","max-video-preview":"max-video-preview:-1"},"canonical":"https:\/\/favorite-news.com\/pl\/bgk-bank-gospodarstwa-krajowego-przetarg-domy-mediowe-do-rocznej-wspolpracy\/","og_locale":"pl_PL","og_type":"article","og_title":"BGK Bank Gospodarstwa Krajowego przetarg domy mediowe do rocznej wsp\u00f3\u0142pracy - Favorite News","og_description":"[ad_1] Przetarg zosta\u0142 podzielony na dwie cz\u0119\u015bci, z kt\u00f3rych ka\u017cda dotyczy wykonania na rzecz BGK tej samej us\u0142ugi: po\u015brednictwa w zakupie medi\u00f3w do kampanii zlecanych przez bank. &#13; &#13; Zastrze\u017cenie jest takie, \u017ce jedna firma mo\u017ce z\u0142o\u017cy\u0107 ofert\u0119 tylko w jednej cz\u0119\u015bci przetargu, przez co mo\u017cna wnioskowa\u0107, \u017ce BGK wybierze w tym przetargu dwie agencje. [&hellip;]","og_url":"https:\/\/favorite-news.com\/pl\/bgk-bank-gospodarstwa-krajowego-przetarg-domy-mediowe-do-rocznej-wspolpracy\/","og_site_name":"Favorite News","article_published_time":"2019-05-24T08:12:06+00:00","article_modified_time":"2019-05-24T08:12:07+00:00","og_image":[{"width":655,"height":350,"url":"https:\/\/favorite-news.com\/pl\/wp-content\/uploads\/sites\/6\/2019\/05\/BGK-Bank-Gospodarstwa-Krajowego-przetarg-domy-mediowe-do-rocznej-wsp\u00f3\u0142pracy.png","type":"image\/png"}],"author":"favorite-news","twitter_card":"summary_large_image","twitter_misc":{"Napisane przez":"favorite-news","Szacowany czas czytania":"1 minuta"},"schema":{"@context":"https:\/\/schema.org","@graph":[{"@type":"Article","@id":"https:\/\/favorite-news.com\/pl\/bgk-bank-gospodarstwa-krajowego-przetarg-domy-mediowe-do-rocznej-wspolpracy\/#article","isPartOf":{"@id":"https:\/\/favorite-news.com\/pl\/bgk-bank-gospodarstwa-krajowego-przetarg-domy-mediowe-do-rocznej-wspolpracy\/"},"author":{"name":"favorite-news","@id":"https:\/\/favorite-news.com\/pl\/#\/schema\/person\/b91573b717dcfa5e4696032a9d28d3e8"},"headline":"BGK Bank Gospodarstwa Krajowego przetarg domy mediowe do rocznej wsp\u00f3\u0142pracy","datePublished":"2019-05-24T08:12:06+00:00","dateModified":"2019-05-24T08:12:07+00:00","mainEntityOfPage":{"@id":"https:\/\/favorite-news.com\/pl\/bgk-bank-gospodarstwa-krajowego-przetarg-domy-mediowe-do-rocznej-wspolpracy\/"},"wordCount":216,"commentCount":0,"image":{"@id":"https:\/\/favorite-news.com\/pl\/bgk-bank-gospodarstwa-krajowego-przetarg-domy-mediowe-do-rocznej-wspolpracy\/#primaryimage"},"thumbnailUrl":"https:\/\/favorite-news.com\/pl\/wp-content\/uploads\/sites\/6\/2019\/05\/BGK-Bank-Gospodarstwa-Krajowego-przetarg-domy-mediowe-do-rocznej-wsp\u00f3\u0142pracy.png","articleSection":["WIADOMO\u015aCI MARKETINGOWE INTERNETOWE"],"inLanguage":"pl-PL","potentialAction":[{"@type":"CommentAction","name":"Comment","target":["https:\/\/favorite-news.com\/pl\/bgk-bank-gospodarstwa-krajowego-przetarg-domy-mediowe-do-rocznej-wspolpracy\/#respond"]}]},{"@type":"WebPage","@id":"https:\/\/favorite-news.com\/pl\/bgk-bank-gospodarstwa-krajowego-przetarg-domy-mediowe-do-rocznej-wspolpracy\/","url":"https:\/\/favorite-news.com\/pl\/bgk-bank-gospodarstwa-krajowego-przetarg-domy-mediowe-do-rocznej-wspolpracy\/","name":"BGK Bank Gospodarstwa Krajowego przetarg domy mediowe do rocznej wsp\u00f3\u0142pracy - Favorite News","isPartOf":{"@id":"https:\/\/favorite-news.com\/pl\/#website"},"primaryImageOfPage":{"@id":"https:\/\/favorite-news.com\/pl\/bgk-bank-gospodarstwa-krajowego-przetarg-domy-mediowe-do-rocznej-wspolpracy\/#primaryimage"},"image":{"@id":"https:\/\/favorite-news.com\/pl\/bgk-bank-gospodarstwa-krajowego-przetarg-domy-mediowe-do-rocznej-wspolpracy\/#primaryimage"},"thumbnailUrl":"https:\/\/favorite-news.com\/pl\/wp-content\/uploads\/sites\/6\/2019\/05\/BGK-Bank-Gospodarstwa-Krajowego-przetarg-domy-mediowe-do-rocznej-wsp\u00f3\u0142pracy.png","datePublished":"2019-05-24T08:12:06+00:00","dateModified":"2019-05-24T08:12:07+00:00","author":{"@id":"https:\/\/favorite-news.com\/pl\/#\/schema\/person\/b91573b717dcfa5e4696032a9d28d3e8"},"breadcrumb":{"@id":"https:\/\/favorite-news.com\/pl\/bgk-bank-gospodarstwa-krajowego-przetarg-domy-mediowe-do-rocznej-wspolpracy\/#breadcrumb"},"inLanguage":"pl-PL","potentialAction":[{"@type":"ReadAction","target":["https:\/\/favorite-news.com\/pl\/bgk-bank-gospodarstwa-krajowego-przetarg-domy-mediowe-do-rocznej-wspolpracy\/"]}]},{"@type":"ImageObject","inLanguage":"pl-PL","@id":"https:\/\/favorite-news.com\/pl\/bgk-bank-gospodarstwa-krajowego-przetarg-domy-mediowe-do-rocznej-wspolpracy\/#primaryimage","url":"https:\/\/favorite-news.com\/pl\/wp-content\/uploads\/sites\/6\/2019\/05\/BGK-Bank-Gospodarstwa-Krajowego-przetarg-domy-mediowe-do-rocznej-wsp\u00f3\u0142pracy.png","contentUrl":"https:\/\/favorite-news.com\/pl\/wp-content\/uploads\/sites\/6\/2019\/05\/BGK-Bank-Gospodarstwa-Krajowego-przetarg-domy-mediowe-do-rocznej-wsp\u00f3\u0142pracy.png","width":655,"height":350,"caption":"Article"},{"@type":"BreadcrumbList","@id":"https:\/\/favorite-news.com\/pl\/bgk-bank-gospodarstwa-krajowego-przetarg-domy-mediowe-do-rocznej-wspolpracy\/#breadcrumb","itemListElement":[{"@type":"ListItem","position":1,"name":"Home","item":"https:\/\/favorite-news.com\/pl\/"},{"@type":"ListItem","position":2,"name":"BGK Bank Gospodarstwa Krajowego przetarg domy mediowe do rocznej wsp\u00f3\u0142pracy"}]},{"@type":"WebSite","@id":"https:\/\/favorite-news.com\/pl\/#website","url":"https:\/\/favorite-news.com\/pl\/","name":"Favorite News","description":"Favorite News Polska","potentialAction":[{"@type":"SearchAction","target":{"@type":"EntryPoint","urlTemplate":"https:\/\/favorite-news.com\/pl\/?s={search_term_string}"},"query-input":{"@type":"PropertyValueSpecification","valueRequired":true,"valueName":"search_term_string"}}],"inLanguage":"pl-PL"},{"@type":"Person","@id":"https:\/\/favorite-news.com\/pl\/#\/schema\/person\/b91573b717dcfa5e4696032a9d28d3e8","name":"favorite-news","image":{"@type":"ImageObject","inLanguage":"pl-PL","@id":"https:\/\/secure.gravatar.com\/avatar\/6c5a5cb12b74e9d517ee91cf570335b7d16177f1977cc91db161adfa435945a7?s=96&d=mm&r=g","url":"https:\/\/secure.gravatar.com\/avatar\/6c5a5cb12b74e9d517ee91cf570335b7d16177f1977cc91db161adfa435945a7?s=96&d=mm&r=g","contentUrl":"https:\/\/secure.gravatar.com\/avatar\/6c5a5cb12b74e9d517ee91cf570335b7d16177f1977cc91db161adfa435945a7?s=96&d=mm&r=g","caption":"favorite-news"},"url":"https:\/\/favorite-news.com\/pl\/author\/pt\/"}]}},"_links":{"self":[{"href":"https:\/\/favorite-news.com\/pl\/wp-json\/wp\/v2\/posts\/872","targetHints":{"allow":["GET"]}}],"collection":[{"href":"https:\/\/favorite-news.com\/pl\/wp-json\/wp\/v2\/posts"}],"about":[{"href":"https:\/\/favorite-news.com\/pl\/wp-json\/wp\/v2\/types\/post"}],"author":[{"embeddable":true,"href":"https:\/\/favorite-news.com\/pl\/wp-json\/wp\/v2\/users\/2"}],"replies":[{"embeddable":true,"href":"https:\/\/favorite-news.com\/pl\/wp-json\/wp\/v2\/comments?post=872"}],"version-history":[{"count":1,"href":"https:\/\/favorite-news.com\/pl\/wp-json\/wp\/v2\/posts\/872\/revisions"}],"predecessor-version":[{"id":874,"href":"https:\/\/favorite-news.com\/pl\/wp-json\/wp\/v2\/posts\/872\/revisions\/874"}],"wp:featuredmedia":[{"embeddable":true,"href":"https:\/\/favorite-news.com\/pl\/wp-json\/wp\/v2\/media\/873"}],"wp:attachment":[{"href":"https:\/\/favorite-news.com\/pl\/wp-json\/wp\/v2\/media?parent=872"}],"wp:term":[{"taxonomy":"category","embeddable":true,"href":"https:\/\/favorite-news.com\/pl\/wp-json\/wp\/v2\/categories?post=872"},{"taxonomy":"post_tag","embeddable":true,"href":"https:\/\/favorite-news.com\/pl\/wp-json\/wp\/v2\/tags?post=872"}],"curies":[{"name":"wp","href":"https:\/\/api.w.org\/{rel}","templated":true}]}}