{"id":869,"date":"2019-05-24T09:20:10","date_gmt":"2019-05-24T06:20:10","guid":{"rendered":"https:\/\/favorite-news.com\/pl\/zaangazowanie-marek-w-muzyke-poprawia-ich-wizerunek\/"},"modified":"2019-05-24T09:20:12","modified_gmt":"2019-05-24T06:20:12","slug":"zaangazowanie-marek-w-muzyke-poprawia-ich-wizerunek","status":"publish","type":"post","link":"https:\/\/favorite-news.com\/pl\/zaangazowanie-marek-w-muzyke-poprawia-ich-wizerunek\/","title":{"rendered":"Zaanga\u017cowanie marek w muzyk\u0119 poprawia ich wizerunek"},"content":{"rendered":"<p> [ad_1]<br \/>\n<\/p>\n<div id=\"\">\n<p>Celem badania\u00a0 &#8222;Fans. Passions. Brands&#8221; by\u0142o zrozumienie i poznanie postaw Polak\u00f3w wobec muzyki oraz wykorzystanie tego w komunikacji marketingowej.<\/p>\n<p>&#13;<br \/>\n&#13;<\/p>\n<p><strong>Niemal ka\u017cdy Polak s\u0142ucha muzyki.<\/strong> Najwi\u0119cej w grupie wiekowej 18-24 lata, gdzie 90 proc. ankietowanych si\u0119ga\u0142o po t\u0119 form\u0119 rozrywki codziennie. W grupie 25-34 lata odsetek s\u0142uchaj\u0105cych muzyki codziennie si\u0119ga 85 proc, w grupie 45-54 lata 80 proc., w grupie 54+ lat jest to 71 proc.<\/p>\n<p>&#13;<br \/>\n&#13;<\/p>\n<p>&#8211; Muzyki s\u0142uchamy wszyscy. Panuje przekonanie, \u017ce projekty muzyczne s\u0105 najlepsze dla m\u0142odych grup docelowych, ze to oni partycypuj\u0105 g\u0142\u00f3wnie w tym obszarze kultury, ale tak nie jest. Muzyka jest jedn\u0105 z najbardziej demokratycznych rozrywek &#8211; m\u00f3wi\u0142a w czasie prezentacji badania Anna Kuropatwa, strategy and insights director Havas Media Group.<\/p>\n<p>&#13;<br \/>\n&#13;<\/p>\n<p>&#13;<br \/>\n&#13;<\/p>\n<p><span style=\"font-size:20px;\"><strong>Disco polo i pop lubimy prawie wszyscy<\/strong><\/span><\/p>\n<p>&#13;<br \/>\n&#13;<\/p>\n<p>W\u015br\u00f3d ulubionych gatunk\u00f3w muzycznych, ankietowani najcz\u0119\u015bciej wskazywali disco polo i pop. Wysoko znalaz\u0142 si\u0119 r\u00f3wnie\u017c hip-hop i rap, a tak\u017ce reggae i metal. &#8211; To wyr\u00f3\u017cnia nas na tle Europy i ma bardzo ciekawe korzenie w naszej kulturze i historii &#8211; podkre\u015bla\u0142a Anna Kuropatwa.<\/p>\n<p>&#13;<br \/>\n&#13;<\/p>\n<p>Preferencje muzyczne Polak\u00f3w r\u00f3\u017cni\u0105 si\u0119 w zale\u017cno\u015bci od wieku. M\u0142odsi stawiaj\u0105 na hip-hop, techno czy hard rocka. Starsi wol\u0105 muzyk\u0119 elektroniczn\u0105 i alternatywn\u0105. W tej grupie badacze zaobserwowali te\u017c najwi\u0119ksze wewn\u0119trzne zr\u00f3\u017cnicowania co do gust\u00f3w muzycznych &#8211; od popu, jazzu, po ci\u0119\u017cki metal. &#8211; Wraz z wiekiem konsumenci przesuwaj\u0105 si\u0119 w stron\u0119 bardziej wymagaj\u0105cych gatunk\u00f3w &#8211; zauwa\u017cy\u0142a Kuropatwa. Niezale\u017cnie jednak od wieku, wszyscy lubi\u0105 pop, a wi\u0119kszo\u015b\u0107 disco polo &#8211; doda\u0142a ekspertka.<\/p>\n<p>&#13;<br \/>\n&#13;<\/p>\n<p>&#13;<br \/>\n&#13;<\/p>\n<p><span style=\"font-size:20px;\"><strong>Lubimy marki wspieraj\u0105ce muzyk\u0119<\/strong><\/span><\/p>\n<p>&#13;<br \/>\n&#13;<\/p>\n<p>Badacze z Havas Media Group\u00a0 wskazuj\u0105, \u017ce Polacy, niezale\u017cnie od wieku, ceni\u0105 zaanga\u017cowanie marek ze wszystkich segment\u00f3w w projekty muzyczne. Dla 93 proc. najm\u0142odszej grupy (18-24 lata) takie wsp\u00f3\u0142prace s\u0105 ciekawe. W starszych grupach odsetek ten oscyluje w granicach ok. 80-85 proc.<\/p>\n<p>&#13;<br \/>\n&#13;<\/p>\n<p>&#8211; Mamy niewiele narz\u0119dzi na rynku, kt\u00f3re cieszy si\u0119 tak pozytywnym nastawieniem Polak\u00f3w &#8211; podkre\u015bli\u0142a Anna Kuropatwa.<\/p>\n<p>&#13;<br \/>\n&#13;<\/p>\n<p>Za zaanga\u017cowaniem marek w muzyk\u0119 p\u0142yn\u0105 dla nich konkretne korzy\u015bci wizerunkowe. Po\u0142owa konsument\u00f3w zgodzi\u0142a si\u0119 ze stwierdzeniem, \u017ce lepiej zapami\u0119tuje mark\u0119, kt\u00f3ra sponsoruje projekt muzyczny, w najm\u0142odszej grupie potwierdza to 6 na 10 os\u00f3b. Dla ponad po\u0142owy wsp\u00f3\u0142praca marki z segmentem muzycznym sprawia, \u017ce staje im si\u0119 ona bli\u017csza. Najcz\u0119\u015bciej wskazywali na to badani w grupie wiekowej 34-45 lat (58 proc.).<\/p>\n<p>&#13;<br \/>\n&#13;<\/p>\n<p>&#8211; <strong>Obecno\u015b\u0107 marki w muzyce sprawa, \u017ce si\u0119 wyr\u00f3\u017cnia, raz od konkurencji, dwa, poprawiaj\u0105c sw\u00f3j wizerunek, co silnie wskazuj\u0105 m\u0142odsi konsumenci <\/strong>&#8211; komentuje Anna Kuropatwa z Havas Media Group. Ekspertka podkre\u015bla, \u017ce wizerunkowe benefity marek rezonuj\u0105 na p\u00f3\u017aniejsze decyzje zakupowe klient\u00f3w. Takie brandy b\u0119d\u0105 r\u00f3wnie\u017c ch\u0119tniej polecane przez konsument\u00f3w (wskazanie 52 proc. os\u00f3b).<\/p>\n<p>&#13;<br \/>\n&#13;<\/p>\n<p><strong>41 proc. badanych przyzna\u0142o, \u017ce zdarzy\u0142o im si\u0119 odkry\u0107 jak\u0105\u015b mark\u0119, bo by\u0142a sponsorem projektu lub festiwalu muzycznego. 40 proc. konsument\u00f3w chce wiedzie\u0107 wi\u0119cej o marce, kt\u00f3ra jest sponsorem ulubionego artysty lub wydarzenia muzycznego.<\/strong><\/p>\n<p>&#13;<br \/>\n&#13;<\/p>\n<p>Najlepiej oceniane aktywacje marek z udzia\u0142em muzyki to wspieranie m\u0142odych talent\u00f3w i uczestnictwo w du\u017cych imprezach muzycznych (w\u0142asne festiwale, sponsoring istniej\u0105cych event\u00f3w).<\/p>\n<p>&#13;<br \/>\n&#13;<\/p>\n<p>&#8211; Muzyka opr\u00f3cz tego, ze wiele wnosi w nasze \u017cycie, jest r\u00f3wnie\u017c bardzo ciekawym narz\u0119dziem marketingowym, na kt\u00f3rym mo\u017cna budowa\u0107 mark\u0119 i odpowiada\u0107 na stoj\u0105ce przed nami wyzwania &#8211; podsumowa\u0142a Anna Kuropatwa.<\/p>\n<p>&#13;<br \/>\n&#13;<\/p>\n<p><em>Badanie &#8222;Fans. Passions. Brands&#8221; przeprowadzono w maju na reprezentatywnej pr\u00f3bie tysi\u0105ca Polak\u00f3w w wieku 18-61 lat. To druga edycja badania, lecz pierwsza z udzia\u0142em Universal Music Polska. Wyniki zosta\u0142y zaprezentowane 23 maja podczas 12. edycji konferencji Havas Group Conference.<\/em><\/p>\n<p>&#13;<br \/>\n                            &#13;<br \/>\n&#13;<br \/>\n                            &#13;<br \/>\n&#13;<br \/>\n&#13;<br \/>\n&#13;<br \/>\n&#13;<br \/>\n&#13;<br \/>\n                            &#13;<br \/>\n                                                            &#13;<br \/>\n&#13;<br \/>\n                            &#13;\n                        <\/p><\/div>\n<p><script>(function (d, s, id) {\n        var js, fjs = d.getElementsByTagName(s)[0];\n        if (d.getElementById(id)) return;\n        js = d.createElement(s);\n        js.id = id;\n        js.src = \"http:\/\/connect.facebook.net\/pl_PL\/sdk.js#xfbml=1&version=v2.6&appId=297996717062470\";\n        fjs.parentNode.insertBefore(js, fjs);\n    }(document, 'script', 'facebook-jssdk'));<\/script><br \/>\n<br \/>[ad_2]<br \/>\n<br \/><a href=\"https:\/\/www.wirtualnemedia.pl\/artykul\/zaangazowanie-marek-w-muzyke-poprawia-ich-wizerunek\">Source link <\/a><\/p>\n","protected":false},"excerpt":{"rendered":"<p>[ad_1] Celem badania\u00a0 &#8222;Fans. Passions. Brands&#8221; by\u0142o zrozumienie i poznanie postaw Polak\u00f3w wobec muzyki oraz wykorzystanie tego w komunikacji marketingowej. &#13; &#13; Niemal ka\u017cdy Polak s\u0142ucha muzyki. Najwi\u0119cej w grupie wiekowej 18-24 lata, gdzie 90 proc. ankietowanych si\u0119ga\u0142o po t\u0119 form\u0119 rozrywki codziennie. W grupie 25-34 lata odsetek s\u0142uchaj\u0105cych muzyki codziennie si\u0119ga 85 proc, w [&hellip;]<\/p>\n","protected":false},"author":2,"featured_media":870,"comment_status":"open","ping_status":"open","sticky":false,"template":"","format":"standard","meta":{"footnotes":""},"categories":[2],"tags":[],"class_list":["post-869","post","type-post","status-publish","format-standard","has-post-thumbnail","hentry","category-wiadomosci-marketingowe-internetowe"],"yoast_head":"<!-- This site is optimized with the Yoast SEO plugin v27.4 - https:\/\/yoast.com\/product\/yoast-seo-wordpress\/ -->\n<title>Zaanga\u017cowanie marek w muzyk\u0119 poprawia ich wizerunek - Favorite News<\/title>\n<meta name=\"robots\" content=\"index, follow, max-snippet:-1, max-image-preview:large, max-video-preview:-1\" \/>\n<link rel=\"canonical\" href=\"https:\/\/favorite-news.com\/pl\/zaangazowanie-marek-w-muzyke-poprawia-ich-wizerunek\/\" \/>\n<meta property=\"og:locale\" content=\"pl_PL\" \/>\n<meta property=\"og:type\" content=\"article\" \/>\n<meta property=\"og:title\" content=\"Zaanga\u017cowanie marek w muzyk\u0119 poprawia ich wizerunek - Favorite News\" \/>\n<meta property=\"og:description\" content=\"[ad_1] Celem badania\u00a0 &#8222;Fans. Passions. Brands&#8221; by\u0142o zrozumienie i poznanie postaw Polak\u00f3w wobec muzyki oraz wykorzystanie tego w komunikacji marketingowej. &#013; &#013; Niemal ka\u017cdy Polak s\u0142ucha muzyki. Najwi\u0119cej w grupie wiekowej 18-24 lata, gdzie 90 proc. ankietowanych si\u0119ga\u0142o po t\u0119 form\u0119 rozrywki codziennie. W grupie 25-34 lata odsetek s\u0142uchaj\u0105cych muzyki codziennie si\u0119ga 85 proc, w [&hellip;]\" \/>\n<meta property=\"og:url\" content=\"https:\/\/favorite-news.com\/pl\/zaangazowanie-marek-w-muzyke-poprawia-ich-wizerunek\/\" \/>\n<meta property=\"og:site_name\" content=\"Favorite News\" \/>\n<meta property=\"article:published_time\" content=\"2019-05-24T06:20:10+00:00\" \/>\n<meta property=\"article:modified_time\" content=\"2019-05-24T06:20:12+00:00\" \/>\n<meta property=\"og:image\" content=\"https:\/\/favorite-news.com\/pl\/wp-content\/uploads\/sites\/6\/2019\/05\/Zaanga\u017cowanie-marek-w-muzyk\u0119-poprawia-ich-wizerunek.jpg\" \/>\n\t<meta property=\"og:image:width\" content=\"655\" \/>\n\t<meta property=\"og:image:height\" content=\"427\" \/>\n\t<meta property=\"og:image:type\" content=\"image\/jpeg\" \/>\n<meta name=\"author\" content=\"favorite-news\" \/>\n<meta name=\"twitter:card\" content=\"summary_large_image\" \/>\n<meta name=\"twitter:label1\" content=\"Napisane przez\" \/>\n\t<meta name=\"twitter:data1\" content=\"favorite-news\" \/>\n\t<meta name=\"twitter:label2\" content=\"Szacowany czas czytania\" \/>\n\t<meta name=\"twitter:data2\" content=\"3 minuty\" \/>\n<script type=\"application\/ld+json\" class=\"yoast-schema-graph\">{\"@context\":\"https:\\\/\\\/schema.org\",\"@graph\":[{\"@type\":\"Article\",\"@id\":\"https:\\\/\\\/favorite-news.com\\\/pl\\\/zaangazowanie-marek-w-muzyke-poprawia-ich-wizerunek\\\/#article\",\"isPartOf\":{\"@id\":\"https:\\\/\\\/favorite-news.com\\\/pl\\\/zaangazowanie-marek-w-muzyke-poprawia-ich-wizerunek\\\/\"},\"author\":{\"name\":\"favorite-news\",\"@id\":\"https:\\\/\\\/favorite-news.com\\\/pl\\\/#\\\/schema\\\/person\\\/b91573b717dcfa5e4696032a9d28d3e8\"},\"headline\":\"Zaanga\u017cowanie marek w muzyk\u0119 poprawia ich wizerunek\",\"datePublished\":\"2019-05-24T06:20:10+00:00\",\"dateModified\":\"2019-05-24T06:20:12+00:00\",\"mainEntityOfPage\":{\"@id\":\"https:\\\/\\\/favorite-news.com\\\/pl\\\/zaangazowanie-marek-w-muzyke-poprawia-ich-wizerunek\\\/\"},\"wordCount\":643,\"commentCount\":0,\"image\":{\"@id\":\"https:\\\/\\\/favorite-news.com\\\/pl\\\/zaangazowanie-marek-w-muzyke-poprawia-ich-wizerunek\\\/#primaryimage\"},\"thumbnailUrl\":\"https:\\\/\\\/favorite-news.com\\\/pl\\\/wp-content\\\/uploads\\\/sites\\\/6\\\/2019\\\/05\\\/Zaanga\u017cowanie-marek-w-muzyk\u0119-poprawia-ich-wizerunek.jpg\",\"articleSection\":[\"WIADOMO\u015aCI MARKETINGOWE INTERNETOWE\"],\"inLanguage\":\"pl-PL\",\"potentialAction\":[{\"@type\":\"CommentAction\",\"name\":\"Comment\",\"target\":[\"https:\\\/\\\/favorite-news.com\\\/pl\\\/zaangazowanie-marek-w-muzyke-poprawia-ich-wizerunek\\\/#respond\"]}]},{\"@type\":\"WebPage\",\"@id\":\"https:\\\/\\\/favorite-news.com\\\/pl\\\/zaangazowanie-marek-w-muzyke-poprawia-ich-wizerunek\\\/\",\"url\":\"https:\\\/\\\/favorite-news.com\\\/pl\\\/zaangazowanie-marek-w-muzyke-poprawia-ich-wizerunek\\\/\",\"name\":\"Zaanga\u017cowanie marek w muzyk\u0119 poprawia ich wizerunek - Favorite News\",\"isPartOf\":{\"@id\":\"https:\\\/\\\/favorite-news.com\\\/pl\\\/#website\"},\"primaryImageOfPage\":{\"@id\":\"https:\\\/\\\/favorite-news.com\\\/pl\\\/zaangazowanie-marek-w-muzyke-poprawia-ich-wizerunek\\\/#primaryimage\"},\"image\":{\"@id\":\"https:\\\/\\\/favorite-news.com\\\/pl\\\/zaangazowanie-marek-w-muzyke-poprawia-ich-wizerunek\\\/#primaryimage\"},\"thumbnailUrl\":\"https:\\\/\\\/favorite-news.com\\\/pl\\\/wp-content\\\/uploads\\\/sites\\\/6\\\/2019\\\/05\\\/Zaanga\u017cowanie-marek-w-muzyk\u0119-poprawia-ich-wizerunek.jpg\",\"datePublished\":\"2019-05-24T06:20:10+00:00\",\"dateModified\":\"2019-05-24T06:20:12+00:00\",\"author\":{\"@id\":\"https:\\\/\\\/favorite-news.com\\\/pl\\\/#\\\/schema\\\/person\\\/b91573b717dcfa5e4696032a9d28d3e8\"},\"breadcrumb\":{\"@id\":\"https:\\\/\\\/favorite-news.com\\\/pl\\\/zaangazowanie-marek-w-muzyke-poprawia-ich-wizerunek\\\/#breadcrumb\"},\"inLanguage\":\"pl-PL\",\"potentialAction\":[{\"@type\":\"ReadAction\",\"target\":[\"https:\\\/\\\/favorite-news.com\\\/pl\\\/zaangazowanie-marek-w-muzyke-poprawia-ich-wizerunek\\\/\"]}]},{\"@type\":\"ImageObject\",\"inLanguage\":\"pl-PL\",\"@id\":\"https:\\\/\\\/favorite-news.com\\\/pl\\\/zaangazowanie-marek-w-muzyke-poprawia-ich-wizerunek\\\/#primaryimage\",\"url\":\"https:\\\/\\\/favorite-news.com\\\/pl\\\/wp-content\\\/uploads\\\/sites\\\/6\\\/2019\\\/05\\\/Zaanga\u017cowanie-marek-w-muzyk\u0119-poprawia-ich-wizerunek.jpg\",\"contentUrl\":\"https:\\\/\\\/favorite-news.com\\\/pl\\\/wp-content\\\/uploads\\\/sites\\\/6\\\/2019\\\/05\\\/Zaanga\u017cowanie-marek-w-muzyk\u0119-poprawia-ich-wizerunek.jpg\",\"width\":655,\"height\":427,\"caption\":\"Article\"},{\"@type\":\"BreadcrumbList\",\"@id\":\"https:\\\/\\\/favorite-news.com\\\/pl\\\/zaangazowanie-marek-w-muzyke-poprawia-ich-wizerunek\\\/#breadcrumb\",\"itemListElement\":[{\"@type\":\"ListItem\",\"position\":1,\"name\":\"Home\",\"item\":\"https:\\\/\\\/favorite-news.com\\\/pl\\\/\"},{\"@type\":\"ListItem\",\"position\":2,\"name\":\"Zaanga\u017cowanie marek w muzyk\u0119 poprawia ich wizerunek\"}]},{\"@type\":\"WebSite\",\"@id\":\"https:\\\/\\\/favorite-news.com\\\/pl\\\/#website\",\"url\":\"https:\\\/\\\/favorite-news.com\\\/pl\\\/\",\"name\":\"Favorite News\",\"description\":\"Favorite News Polska\",\"potentialAction\":[{\"@type\":\"SearchAction\",\"target\":{\"@type\":\"EntryPoint\",\"urlTemplate\":\"https:\\\/\\\/favorite-news.com\\\/pl\\\/?s={search_term_string}\"},\"query-input\":{\"@type\":\"PropertyValueSpecification\",\"valueRequired\":true,\"valueName\":\"search_term_string\"}}],\"inLanguage\":\"pl-PL\"},{\"@type\":\"Person\",\"@id\":\"https:\\\/\\\/favorite-news.com\\\/pl\\\/#\\\/schema\\\/person\\\/b91573b717dcfa5e4696032a9d28d3e8\",\"name\":\"favorite-news\",\"image\":{\"@type\":\"ImageObject\",\"inLanguage\":\"pl-PL\",\"@id\":\"https:\\\/\\\/secure.gravatar.com\\\/avatar\\\/6c5a5cb12b74e9d517ee91cf570335b7d16177f1977cc91db161adfa435945a7?s=96&d=mm&r=g\",\"url\":\"https:\\\/\\\/secure.gravatar.com\\\/avatar\\\/6c5a5cb12b74e9d517ee91cf570335b7d16177f1977cc91db161adfa435945a7?s=96&d=mm&r=g\",\"contentUrl\":\"https:\\\/\\\/secure.gravatar.com\\\/avatar\\\/6c5a5cb12b74e9d517ee91cf570335b7d16177f1977cc91db161adfa435945a7?s=96&d=mm&r=g\",\"caption\":\"favorite-news\"},\"url\":\"https:\\\/\\\/favorite-news.com\\\/pl\\\/author\\\/pt\\\/\"}]}<\/script>\n<!-- \/ Yoast SEO plugin. -->","yoast_head_json":{"title":"Zaanga\u017cowanie marek w muzyk\u0119 poprawia ich wizerunek - Favorite News","robots":{"index":"index","follow":"follow","max-snippet":"max-snippet:-1","max-image-preview":"max-image-preview:large","max-video-preview":"max-video-preview:-1"},"canonical":"https:\/\/favorite-news.com\/pl\/zaangazowanie-marek-w-muzyke-poprawia-ich-wizerunek\/","og_locale":"pl_PL","og_type":"article","og_title":"Zaanga\u017cowanie marek w muzyk\u0119 poprawia ich wizerunek - Favorite News","og_description":"[ad_1] Celem badania\u00a0 &#8222;Fans. Passions. Brands&#8221; by\u0142o zrozumienie i poznanie postaw Polak\u00f3w wobec muzyki oraz wykorzystanie tego w komunikacji marketingowej. &#13; &#13; Niemal ka\u017cdy Polak s\u0142ucha muzyki. Najwi\u0119cej w grupie wiekowej 18-24 lata, gdzie 90 proc. ankietowanych si\u0119ga\u0142o po t\u0119 form\u0119 rozrywki codziennie. W grupie 25-34 lata odsetek s\u0142uchaj\u0105cych muzyki codziennie si\u0119ga 85 proc, w [&hellip;]","og_url":"https:\/\/favorite-news.com\/pl\/zaangazowanie-marek-w-muzyke-poprawia-ich-wizerunek\/","og_site_name":"Favorite News","article_published_time":"2019-05-24T06:20:10+00:00","article_modified_time":"2019-05-24T06:20:12+00:00","og_image":[{"width":655,"height":427,"url":"https:\/\/favorite-news.com\/pl\/wp-content\/uploads\/sites\/6\/2019\/05\/Zaanga\u017cowanie-marek-w-muzyk\u0119-poprawia-ich-wizerunek.jpg","type":"image\/jpeg"}],"author":"favorite-news","twitter_card":"summary_large_image","twitter_misc":{"Napisane przez":"favorite-news","Szacowany czas czytania":"3 minuty"},"schema":{"@context":"https:\/\/schema.org","@graph":[{"@type":"Article","@id":"https:\/\/favorite-news.com\/pl\/zaangazowanie-marek-w-muzyke-poprawia-ich-wizerunek\/#article","isPartOf":{"@id":"https:\/\/favorite-news.com\/pl\/zaangazowanie-marek-w-muzyke-poprawia-ich-wizerunek\/"},"author":{"name":"favorite-news","@id":"https:\/\/favorite-news.com\/pl\/#\/schema\/person\/b91573b717dcfa5e4696032a9d28d3e8"},"headline":"Zaanga\u017cowanie marek w muzyk\u0119 poprawia ich wizerunek","datePublished":"2019-05-24T06:20:10+00:00","dateModified":"2019-05-24T06:20:12+00:00","mainEntityOfPage":{"@id":"https:\/\/favorite-news.com\/pl\/zaangazowanie-marek-w-muzyke-poprawia-ich-wizerunek\/"},"wordCount":643,"commentCount":0,"image":{"@id":"https:\/\/favorite-news.com\/pl\/zaangazowanie-marek-w-muzyke-poprawia-ich-wizerunek\/#primaryimage"},"thumbnailUrl":"https:\/\/favorite-news.com\/pl\/wp-content\/uploads\/sites\/6\/2019\/05\/Zaanga\u017cowanie-marek-w-muzyk\u0119-poprawia-ich-wizerunek.jpg","articleSection":["WIADOMO\u015aCI MARKETINGOWE INTERNETOWE"],"inLanguage":"pl-PL","potentialAction":[{"@type":"CommentAction","name":"Comment","target":["https:\/\/favorite-news.com\/pl\/zaangazowanie-marek-w-muzyke-poprawia-ich-wizerunek\/#respond"]}]},{"@type":"WebPage","@id":"https:\/\/favorite-news.com\/pl\/zaangazowanie-marek-w-muzyke-poprawia-ich-wizerunek\/","url":"https:\/\/favorite-news.com\/pl\/zaangazowanie-marek-w-muzyke-poprawia-ich-wizerunek\/","name":"Zaanga\u017cowanie marek w muzyk\u0119 poprawia ich wizerunek - Favorite News","isPartOf":{"@id":"https:\/\/favorite-news.com\/pl\/#website"},"primaryImageOfPage":{"@id":"https:\/\/favorite-news.com\/pl\/zaangazowanie-marek-w-muzyke-poprawia-ich-wizerunek\/#primaryimage"},"image":{"@id":"https:\/\/favorite-news.com\/pl\/zaangazowanie-marek-w-muzyke-poprawia-ich-wizerunek\/#primaryimage"},"thumbnailUrl":"https:\/\/favorite-news.com\/pl\/wp-content\/uploads\/sites\/6\/2019\/05\/Zaanga\u017cowanie-marek-w-muzyk\u0119-poprawia-ich-wizerunek.jpg","datePublished":"2019-05-24T06:20:10+00:00","dateModified":"2019-05-24T06:20:12+00:00","author":{"@id":"https:\/\/favorite-news.com\/pl\/#\/schema\/person\/b91573b717dcfa5e4696032a9d28d3e8"},"breadcrumb":{"@id":"https:\/\/favorite-news.com\/pl\/zaangazowanie-marek-w-muzyke-poprawia-ich-wizerunek\/#breadcrumb"},"inLanguage":"pl-PL","potentialAction":[{"@type":"ReadAction","target":["https:\/\/favorite-news.com\/pl\/zaangazowanie-marek-w-muzyke-poprawia-ich-wizerunek\/"]}]},{"@type":"ImageObject","inLanguage":"pl-PL","@id":"https:\/\/favorite-news.com\/pl\/zaangazowanie-marek-w-muzyke-poprawia-ich-wizerunek\/#primaryimage","url":"https:\/\/favorite-news.com\/pl\/wp-content\/uploads\/sites\/6\/2019\/05\/Zaanga\u017cowanie-marek-w-muzyk\u0119-poprawia-ich-wizerunek.jpg","contentUrl":"https:\/\/favorite-news.com\/pl\/wp-content\/uploads\/sites\/6\/2019\/05\/Zaanga\u017cowanie-marek-w-muzyk\u0119-poprawia-ich-wizerunek.jpg","width":655,"height":427,"caption":"Article"},{"@type":"BreadcrumbList","@id":"https:\/\/favorite-news.com\/pl\/zaangazowanie-marek-w-muzyke-poprawia-ich-wizerunek\/#breadcrumb","itemListElement":[{"@type":"ListItem","position":1,"name":"Home","item":"https:\/\/favorite-news.com\/pl\/"},{"@type":"ListItem","position":2,"name":"Zaanga\u017cowanie marek w muzyk\u0119 poprawia ich wizerunek"}]},{"@type":"WebSite","@id":"https:\/\/favorite-news.com\/pl\/#website","url":"https:\/\/favorite-news.com\/pl\/","name":"Favorite News","description":"Favorite News Polska","potentialAction":[{"@type":"SearchAction","target":{"@type":"EntryPoint","urlTemplate":"https:\/\/favorite-news.com\/pl\/?s={search_term_string}"},"query-input":{"@type":"PropertyValueSpecification","valueRequired":true,"valueName":"search_term_string"}}],"inLanguage":"pl-PL"},{"@type":"Person","@id":"https:\/\/favorite-news.com\/pl\/#\/schema\/person\/b91573b717dcfa5e4696032a9d28d3e8","name":"favorite-news","image":{"@type":"ImageObject","inLanguage":"pl-PL","@id":"https:\/\/secure.gravatar.com\/avatar\/6c5a5cb12b74e9d517ee91cf570335b7d16177f1977cc91db161adfa435945a7?s=96&d=mm&r=g","url":"https:\/\/secure.gravatar.com\/avatar\/6c5a5cb12b74e9d517ee91cf570335b7d16177f1977cc91db161adfa435945a7?s=96&d=mm&r=g","contentUrl":"https:\/\/secure.gravatar.com\/avatar\/6c5a5cb12b74e9d517ee91cf570335b7d16177f1977cc91db161adfa435945a7?s=96&d=mm&r=g","caption":"favorite-news"},"url":"https:\/\/favorite-news.com\/pl\/author\/pt\/"}]}},"_links":{"self":[{"href":"https:\/\/favorite-news.com\/pl\/wp-json\/wp\/v2\/posts\/869","targetHints":{"allow":["GET"]}}],"collection":[{"href":"https:\/\/favorite-news.com\/pl\/wp-json\/wp\/v2\/posts"}],"about":[{"href":"https:\/\/favorite-news.com\/pl\/wp-json\/wp\/v2\/types\/post"}],"author":[{"embeddable":true,"href":"https:\/\/favorite-news.com\/pl\/wp-json\/wp\/v2\/users\/2"}],"replies":[{"embeddable":true,"href":"https:\/\/favorite-news.com\/pl\/wp-json\/wp\/v2\/comments?post=869"}],"version-history":[{"count":1,"href":"https:\/\/favorite-news.com\/pl\/wp-json\/wp\/v2\/posts\/869\/revisions"}],"predecessor-version":[{"id":871,"href":"https:\/\/favorite-news.com\/pl\/wp-json\/wp\/v2\/posts\/869\/revisions\/871"}],"wp:featuredmedia":[{"embeddable":true,"href":"https:\/\/favorite-news.com\/pl\/wp-json\/wp\/v2\/media\/870"}],"wp:attachment":[{"href":"https:\/\/favorite-news.com\/pl\/wp-json\/wp\/v2\/media?parent=869"}],"wp:term":[{"taxonomy":"category","embeddable":true,"href":"https:\/\/favorite-news.com\/pl\/wp-json\/wp\/v2\/categories?post=869"},{"taxonomy":"post_tag","embeddable":true,"href":"https:\/\/favorite-news.com\/pl\/wp-json\/wp\/v2\/tags?post=869"}],"curies":[{"name":"wp","href":"https:\/\/api.w.org\/{rel}","templated":true}]}}