{"id":860,"date":"2019-05-24T04:10:29","date_gmt":"2019-05-24T01:10:29","guid":{"rendered":"https:\/\/favorite-news.com\/pl\/warszawa-swietuje-30-lecie-wyborow-spotem-wolnosc\/"},"modified":"2019-05-24T04:10:30","modified_gmt":"2019-05-24T01:10:30","slug":"warszawa-swietuje-30-lecie-wyborow-spotem-wolnosc","status":"publish","type":"post","link":"https:\/\/favorite-news.com\/pl\/warszawa-swietuje-30-lecie-wyborow-spotem-wolnosc\/","title":{"rendered":"Warszawa \u015bwi\u0119tuje 30. lecie wybor\u00f3w spotem \u201eWolno\u015b\u0107"},"content":{"rendered":"<p> [ad_1]<br \/>\n<\/p>\n<div id=\"\">\n<p>Warszawski ratusz z okazji 30. rocznicy wybor\u00f3w czerwcowych przygotowa\u0142 kampani\u0119 pod has\u0142em \u201eKocham wolno\u015b\u0107\u201d. W spocie do piosenki autorstwa &#8222;Wolno\u015b\u0107&#8221; Ch\u0142opc\u00f3w z Placu Broni w nowej aran\u017cacji \u015bpiewa artystka m\u0142odego pokolenia Bovska.<\/p>\n<p>&#13;<br \/>\n&#13;<\/p>\n<p>W klipie pokazani s\u0105 u\u015bmiechni\u0119ci warszawiacy w r\u00f3\u017cnym wieku, kt\u00f3rzy ta\u0144cz\u0105 w rytm muzyki. W tle przewijaj\u0105 si\u0119 dobrze znane mieszka\u0144com miasta miejsca, takie jak: Multimedialny Park Fontann czy Bulwary Wi\u015blane.<\/p>\n<p>&#13;<br \/>\n&#13;<\/p>\n<p>&#8211; Kocham, rozumiem i odda\u0107 jej nie umiem &#8211; tak o niej w utworze \u201eKocham wolno\u015b\u0107\u201d \u015bpiewali Ch\u0142opcy z Placu Broni. Dzi\u015b, niezale\u017cnie od wieku, tego czym si\u0119 zajmujemy i jak wygl\u0105damy, wolno\u015b\u0107 definiuje jacy jeste\u015bmy. Jak zachowujemy si\u0119 kiedy mamy jej poczucie, i co nas wtedy \u0142\u0105czy. A \u0142\u0105czy nas tak\u017ce Warszawa &#8211; miasto, w kt\u00f3rym \u017cyjemy, mo\u017cemy by\u0107 sob\u0105 i cieszy\u0107 si\u0119 ka\u017cd\u0105 chwil\u0105 &#8211; uzasadnia powstanie kampanii warszawski ratusz.<\/p>\n<p>&#13;<br \/>\n&#13;<\/p>\n<p>Za aran\u017cacj\u0119 piosenki odpowiada Jan Smoczy\u0144ski i Bovska, a za choreografi\u0119 Urszula Sko\u015bkiewicz. Natomiast za koncepcj\u0119 i realizacj\u0119 odpowiada Bartosz Bobkowski i Grzegorz Gospodarek.<\/p>\n<p>&#13;<br \/>\n&#13;<\/p>\n<p>Spot powsta\u0142 na zlecenie m.st. Warszawy, w ramach obchod\u00f3w 30 rocznicy wybor\u00f3w 4 czerwca 1989 r. Pojawi\u0142 si\u0119 w mediach spo\u0142eczno\u015bciowych m.in. na kanale ratusza na YouTubie oraz na Facebooku. Opatrzony jest hasztagami #KochamWolno\u015b\u0107 #KochamWarszaw\u0119 #StolicaWolno\u015bci<\/p>\n<p>&#13;<br \/>\n&#13;<\/p>\n<p><iframe loading=\"lazy\" allowfullscreen=\"true\" allowtransparency=\"true\" frameborder=\"0\" height=\"315\" scrolling=\"no\" src=\"https:\/\/www.facebook.com\/plugins\/video.php?href=https%3A%2F%2Fwww.facebook.com%2Fwarszawa%2Fvideos%2F2470212063011988%2F&amp;show_text=0&amp;width=560\" style=\"border:none;overflow:hidden\" width=\"560\"><\/iframe><\/p>\n<p>&#13;<br \/>\n&#13;<\/p>\n<p>W niedziel\u0119, 4 czerwca 1989 roku odby\u0142y si\u0119 wybory parlamentarne, kt\u00f3re by\u0142y wynikiem obrad Okr\u0105g\u0142ego Sto\u0142u. By\u0142y to pierwsze cz\u0119\u015bciowo wolne wybory w historii Polski po II wojnie \u015bwiatowej. Wzi\u0119\u0142o w nich udzia\u0142 62 proc. uprawnionych do g\u0142osowania. Komitet Obywatelski &#8222;Solidarno\u015b\u0107&#8221; uzyska\u0142 92 mandaty, a do Sejmu &#8211; \u201eS\u201d zdoby\u0142a 160 ze 161 miejsc.<\/p>\n<p>&#13;<br \/>\n                            &#13;<br \/>\n&#13;<br \/>\n                            &#13;<br \/>\n&#13;<br \/>\n&#13;<br \/>\n&#13;<br \/>\n&#13;<br \/>\n&#13;<br \/>\n                            &#13;<br \/>\n                                                            &#13;<br \/>\n&#13;<br \/>\n                            &#13;\n                        <\/p><\/div>\n<p><script>(function (d, s, id) {\n        var js, fjs = d.getElementsByTagName(s)[0];\n        if (d.getElementById(id)) return;\n        js = d.createElement(s);\n        js.id = id;\n        js.src = \"http:\/\/connect.facebook.net\/pl_PL\/sdk.js#xfbml=1&version=v2.6&appId=297996717062470\";\n        fjs.parentNode.insertBefore(js, fjs);\n    }(document, 'script', 'facebook-jssdk'));<\/script><br \/>\n<br \/>[ad_2]<br \/>\n<br \/><a href=\"https:\/\/www.wirtualnemedia.pl\/artykul\/warszawa-swietuje-30-lecie-wyborow-spotem-wolnosc-kocham-i-rozumiem\">Source link <\/a><\/p>\n","protected":false},"excerpt":{"rendered":"<p>[ad_1] Warszawski ratusz z okazji 30. rocznicy wybor\u00f3w czerwcowych przygotowa\u0142 kampani\u0119 pod has\u0142em \u201eKocham wolno\u015b\u0107\u201d. W spocie do piosenki autorstwa &#8222;Wolno\u015b\u0107&#8221; Ch\u0142opc\u00f3w z Placu Broni w nowej aran\u017cacji \u015bpiewa artystka m\u0142odego pokolenia Bovska. &#13; &#13; W klipie pokazani s\u0105 u\u015bmiechni\u0119ci warszawiacy w r\u00f3\u017cnym wieku, kt\u00f3rzy ta\u0144cz\u0105 w rytm muzyki. W tle przewijaj\u0105 si\u0119 dobrze znane [&hellip;]<\/p>\n","protected":false},"author":2,"featured_media":861,"comment_status":"open","ping_status":"open","sticky":false,"template":"","format":"standard","meta":{"footnotes":""},"categories":[2],"tags":[],"class_list":["post-860","post","type-post","status-publish","format-standard","has-post-thumbnail","hentry","category-wiadomosci-marketingowe-internetowe"],"yoast_head":"<!-- This site is optimized with the Yoast SEO plugin v27.4 - https:\/\/yoast.com\/product\/yoast-seo-wordpress\/ -->\n<title>Warszawa \u015bwi\u0119tuje 30. lecie wybor\u00f3w spotem \u201eWolno\u015b\u0107 - Favorite News<\/title>\n<meta name=\"robots\" content=\"index, follow, max-snippet:-1, max-image-preview:large, max-video-preview:-1\" \/>\n<link rel=\"canonical\" href=\"https:\/\/favorite-news.com\/pl\/warszawa-swietuje-30-lecie-wyborow-spotem-wolnosc\/\" \/>\n<meta property=\"og:locale\" content=\"pl_PL\" \/>\n<meta property=\"og:type\" content=\"article\" \/>\n<meta property=\"og:title\" content=\"Warszawa \u015bwi\u0119tuje 30. lecie wybor\u00f3w spotem \u201eWolno\u015b\u0107 - Favorite News\" \/>\n<meta property=\"og:description\" content=\"[ad_1] Warszawski ratusz z okazji 30. rocznicy wybor\u00f3w czerwcowych przygotowa\u0142 kampani\u0119 pod has\u0142em \u201eKocham wolno\u015b\u0107\u201d. W spocie do piosenki autorstwa &#8222;Wolno\u015b\u0107&#8221; Ch\u0142opc\u00f3w z Placu Broni w nowej aran\u017cacji \u015bpiewa artystka m\u0142odego pokolenia Bovska. &#013; &#013; W klipie pokazani s\u0105 u\u015bmiechni\u0119ci warszawiacy w r\u00f3\u017cnym wieku, kt\u00f3rzy ta\u0144cz\u0105 w rytm muzyki. W tle przewijaj\u0105 si\u0119 dobrze znane [&hellip;]\" \/>\n<meta property=\"og:url\" content=\"https:\/\/favorite-news.com\/pl\/warszawa-swietuje-30-lecie-wyborow-spotem-wolnosc\/\" \/>\n<meta property=\"og:site_name\" content=\"Favorite News\" \/>\n<meta property=\"article:published_time\" content=\"2019-05-24T01:10:29+00:00\" \/>\n<meta property=\"article:modified_time\" content=\"2019-05-24T01:10:30+00:00\" \/>\n<meta property=\"og:image\" content=\"https:\/\/favorite-news.com\/pl\/wp-content\/uploads\/sites\/6\/2019\/05\/Warszawa-\u015bwi\u0119tuje-30.-lecie-wybor\u00f3w-spotem-\u201eWolno\u015b\u0107.png\" \/>\n\t<meta property=\"og:image:width\" content=\"655\" \/>\n\t<meta property=\"og:image:height\" content=\"404\" \/>\n\t<meta property=\"og:image:type\" content=\"image\/png\" \/>\n<meta name=\"author\" content=\"favorite-news\" \/>\n<meta name=\"twitter:card\" content=\"summary_large_image\" \/>\n<meta name=\"twitter:label1\" content=\"Napisane przez\" \/>\n\t<meta name=\"twitter:data1\" content=\"favorite-news\" \/>\n\t<meta name=\"twitter:label2\" content=\"Szacowany czas czytania\" \/>\n\t<meta name=\"twitter:data2\" content=\"1 minuta\" \/>\n<script type=\"application\/ld+json\" class=\"yoast-schema-graph\">{\"@context\":\"https:\\\/\\\/schema.org\",\"@graph\":[{\"@type\":\"Article\",\"@id\":\"https:\\\/\\\/favorite-news.com\\\/pl\\\/warszawa-swietuje-30-lecie-wyborow-spotem-wolnosc\\\/#article\",\"isPartOf\":{\"@id\":\"https:\\\/\\\/favorite-news.com\\\/pl\\\/warszawa-swietuje-30-lecie-wyborow-spotem-wolnosc\\\/\"},\"author\":{\"name\":\"favorite-news\",\"@id\":\"https:\\\/\\\/favorite-news.com\\\/pl\\\/#\\\/schema\\\/person\\\/b91573b717dcfa5e4696032a9d28d3e8\"},\"headline\":\"Warszawa \u015bwi\u0119tuje 30. lecie wybor\u00f3w spotem \u201eWolno\u015b\u0107\",\"datePublished\":\"2019-05-24T01:10:29+00:00\",\"dateModified\":\"2019-05-24T01:10:30+00:00\",\"mainEntityOfPage\":{\"@id\":\"https:\\\/\\\/favorite-news.com\\\/pl\\\/warszawa-swietuje-30-lecie-wyborow-spotem-wolnosc\\\/\"},\"wordCount\":293,\"commentCount\":0,\"image\":{\"@id\":\"https:\\\/\\\/favorite-news.com\\\/pl\\\/warszawa-swietuje-30-lecie-wyborow-spotem-wolnosc\\\/#primaryimage\"},\"thumbnailUrl\":\"https:\\\/\\\/favorite-news.com\\\/pl\\\/wp-content\\\/uploads\\\/sites\\\/6\\\/2019\\\/05\\\/Warszawa-\u015bwi\u0119tuje-30.-lecie-wybor\u00f3w-spotem-\u201eWolno\u015b\u0107.png\",\"articleSection\":[\"WIADOMO\u015aCI MARKETINGOWE INTERNETOWE\"],\"inLanguage\":\"pl-PL\",\"potentialAction\":[{\"@type\":\"CommentAction\",\"name\":\"Comment\",\"target\":[\"https:\\\/\\\/favorite-news.com\\\/pl\\\/warszawa-swietuje-30-lecie-wyborow-spotem-wolnosc\\\/#respond\"]}]},{\"@type\":\"WebPage\",\"@id\":\"https:\\\/\\\/favorite-news.com\\\/pl\\\/warszawa-swietuje-30-lecie-wyborow-spotem-wolnosc\\\/\",\"url\":\"https:\\\/\\\/favorite-news.com\\\/pl\\\/warszawa-swietuje-30-lecie-wyborow-spotem-wolnosc\\\/\",\"name\":\"Warszawa \u015bwi\u0119tuje 30. lecie wybor\u00f3w spotem \u201eWolno\u015b\u0107 - Favorite News\",\"isPartOf\":{\"@id\":\"https:\\\/\\\/favorite-news.com\\\/pl\\\/#website\"},\"primaryImageOfPage\":{\"@id\":\"https:\\\/\\\/favorite-news.com\\\/pl\\\/warszawa-swietuje-30-lecie-wyborow-spotem-wolnosc\\\/#primaryimage\"},\"image\":{\"@id\":\"https:\\\/\\\/favorite-news.com\\\/pl\\\/warszawa-swietuje-30-lecie-wyborow-spotem-wolnosc\\\/#primaryimage\"},\"thumbnailUrl\":\"https:\\\/\\\/favorite-news.com\\\/pl\\\/wp-content\\\/uploads\\\/sites\\\/6\\\/2019\\\/05\\\/Warszawa-\u015bwi\u0119tuje-30.-lecie-wybor\u00f3w-spotem-\u201eWolno\u015b\u0107.png\",\"datePublished\":\"2019-05-24T01:10:29+00:00\",\"dateModified\":\"2019-05-24T01:10:30+00:00\",\"author\":{\"@id\":\"https:\\\/\\\/favorite-news.com\\\/pl\\\/#\\\/schema\\\/person\\\/b91573b717dcfa5e4696032a9d28d3e8\"},\"breadcrumb\":{\"@id\":\"https:\\\/\\\/favorite-news.com\\\/pl\\\/warszawa-swietuje-30-lecie-wyborow-spotem-wolnosc\\\/#breadcrumb\"},\"inLanguage\":\"pl-PL\",\"potentialAction\":[{\"@type\":\"ReadAction\",\"target\":[\"https:\\\/\\\/favorite-news.com\\\/pl\\\/warszawa-swietuje-30-lecie-wyborow-spotem-wolnosc\\\/\"]}]},{\"@type\":\"ImageObject\",\"inLanguage\":\"pl-PL\",\"@id\":\"https:\\\/\\\/favorite-news.com\\\/pl\\\/warszawa-swietuje-30-lecie-wyborow-spotem-wolnosc\\\/#primaryimage\",\"url\":\"https:\\\/\\\/favorite-news.com\\\/pl\\\/wp-content\\\/uploads\\\/sites\\\/6\\\/2019\\\/05\\\/Warszawa-\u015bwi\u0119tuje-30.-lecie-wybor\u00f3w-spotem-\u201eWolno\u015b\u0107.png\",\"contentUrl\":\"https:\\\/\\\/favorite-news.com\\\/pl\\\/wp-content\\\/uploads\\\/sites\\\/6\\\/2019\\\/05\\\/Warszawa-\u015bwi\u0119tuje-30.-lecie-wybor\u00f3w-spotem-\u201eWolno\u015b\u0107.png\",\"width\":655,\"height\":404,\"caption\":\"Article\"},{\"@type\":\"BreadcrumbList\",\"@id\":\"https:\\\/\\\/favorite-news.com\\\/pl\\\/warszawa-swietuje-30-lecie-wyborow-spotem-wolnosc\\\/#breadcrumb\",\"itemListElement\":[{\"@type\":\"ListItem\",\"position\":1,\"name\":\"Home\",\"item\":\"https:\\\/\\\/favorite-news.com\\\/pl\\\/\"},{\"@type\":\"ListItem\",\"position\":2,\"name\":\"Warszawa \u015bwi\u0119tuje 30. lecie wybor\u00f3w spotem \u201eWolno\u015b\u0107\"}]},{\"@type\":\"WebSite\",\"@id\":\"https:\\\/\\\/favorite-news.com\\\/pl\\\/#website\",\"url\":\"https:\\\/\\\/favorite-news.com\\\/pl\\\/\",\"name\":\"Favorite News\",\"description\":\"Favorite News Polska\",\"potentialAction\":[{\"@type\":\"SearchAction\",\"target\":{\"@type\":\"EntryPoint\",\"urlTemplate\":\"https:\\\/\\\/favorite-news.com\\\/pl\\\/?s={search_term_string}\"},\"query-input\":{\"@type\":\"PropertyValueSpecification\",\"valueRequired\":true,\"valueName\":\"search_term_string\"}}],\"inLanguage\":\"pl-PL\"},{\"@type\":\"Person\",\"@id\":\"https:\\\/\\\/favorite-news.com\\\/pl\\\/#\\\/schema\\\/person\\\/b91573b717dcfa5e4696032a9d28d3e8\",\"name\":\"favorite-news\",\"image\":{\"@type\":\"ImageObject\",\"inLanguage\":\"pl-PL\",\"@id\":\"https:\\\/\\\/secure.gravatar.com\\\/avatar\\\/6c5a5cb12b74e9d517ee91cf570335b7d16177f1977cc91db161adfa435945a7?s=96&d=mm&r=g\",\"url\":\"https:\\\/\\\/secure.gravatar.com\\\/avatar\\\/6c5a5cb12b74e9d517ee91cf570335b7d16177f1977cc91db161adfa435945a7?s=96&d=mm&r=g\",\"contentUrl\":\"https:\\\/\\\/secure.gravatar.com\\\/avatar\\\/6c5a5cb12b74e9d517ee91cf570335b7d16177f1977cc91db161adfa435945a7?s=96&d=mm&r=g\",\"caption\":\"favorite-news\"},\"url\":\"https:\\\/\\\/favorite-news.com\\\/pl\\\/author\\\/pt\\\/\"}]}<\/script>\n<!-- \/ Yoast SEO plugin. -->","yoast_head_json":{"title":"Warszawa \u015bwi\u0119tuje 30. lecie wybor\u00f3w spotem \u201eWolno\u015b\u0107 - Favorite News","robots":{"index":"index","follow":"follow","max-snippet":"max-snippet:-1","max-image-preview":"max-image-preview:large","max-video-preview":"max-video-preview:-1"},"canonical":"https:\/\/favorite-news.com\/pl\/warszawa-swietuje-30-lecie-wyborow-spotem-wolnosc\/","og_locale":"pl_PL","og_type":"article","og_title":"Warszawa \u015bwi\u0119tuje 30. lecie wybor\u00f3w spotem \u201eWolno\u015b\u0107 - Favorite News","og_description":"[ad_1] Warszawski ratusz z okazji 30. rocznicy wybor\u00f3w czerwcowych przygotowa\u0142 kampani\u0119 pod has\u0142em \u201eKocham wolno\u015b\u0107\u201d. W spocie do piosenki autorstwa &#8222;Wolno\u015b\u0107&#8221; Ch\u0142opc\u00f3w z Placu Broni w nowej aran\u017cacji \u015bpiewa artystka m\u0142odego pokolenia Bovska. &#13; &#13; W klipie pokazani s\u0105 u\u015bmiechni\u0119ci warszawiacy w r\u00f3\u017cnym wieku, kt\u00f3rzy ta\u0144cz\u0105 w rytm muzyki. W tle przewijaj\u0105 si\u0119 dobrze znane [&hellip;]","og_url":"https:\/\/favorite-news.com\/pl\/warszawa-swietuje-30-lecie-wyborow-spotem-wolnosc\/","og_site_name":"Favorite News","article_published_time":"2019-05-24T01:10:29+00:00","article_modified_time":"2019-05-24T01:10:30+00:00","og_image":[{"width":655,"height":404,"url":"https:\/\/favorite-news.com\/pl\/wp-content\/uploads\/sites\/6\/2019\/05\/Warszawa-\u015bwi\u0119tuje-30.-lecie-wybor\u00f3w-spotem-\u201eWolno\u015b\u0107.png","type":"image\/png"}],"author":"favorite-news","twitter_card":"summary_large_image","twitter_misc":{"Napisane przez":"favorite-news","Szacowany czas czytania":"1 minuta"},"schema":{"@context":"https:\/\/schema.org","@graph":[{"@type":"Article","@id":"https:\/\/favorite-news.com\/pl\/warszawa-swietuje-30-lecie-wyborow-spotem-wolnosc\/#article","isPartOf":{"@id":"https:\/\/favorite-news.com\/pl\/warszawa-swietuje-30-lecie-wyborow-spotem-wolnosc\/"},"author":{"name":"favorite-news","@id":"https:\/\/favorite-news.com\/pl\/#\/schema\/person\/b91573b717dcfa5e4696032a9d28d3e8"},"headline":"Warszawa \u015bwi\u0119tuje 30. lecie wybor\u00f3w spotem \u201eWolno\u015b\u0107","datePublished":"2019-05-24T01:10:29+00:00","dateModified":"2019-05-24T01:10:30+00:00","mainEntityOfPage":{"@id":"https:\/\/favorite-news.com\/pl\/warszawa-swietuje-30-lecie-wyborow-spotem-wolnosc\/"},"wordCount":293,"commentCount":0,"image":{"@id":"https:\/\/favorite-news.com\/pl\/warszawa-swietuje-30-lecie-wyborow-spotem-wolnosc\/#primaryimage"},"thumbnailUrl":"https:\/\/favorite-news.com\/pl\/wp-content\/uploads\/sites\/6\/2019\/05\/Warszawa-\u015bwi\u0119tuje-30.-lecie-wybor\u00f3w-spotem-\u201eWolno\u015b\u0107.png","articleSection":["WIADOMO\u015aCI MARKETINGOWE INTERNETOWE"],"inLanguage":"pl-PL","potentialAction":[{"@type":"CommentAction","name":"Comment","target":["https:\/\/favorite-news.com\/pl\/warszawa-swietuje-30-lecie-wyborow-spotem-wolnosc\/#respond"]}]},{"@type":"WebPage","@id":"https:\/\/favorite-news.com\/pl\/warszawa-swietuje-30-lecie-wyborow-spotem-wolnosc\/","url":"https:\/\/favorite-news.com\/pl\/warszawa-swietuje-30-lecie-wyborow-spotem-wolnosc\/","name":"Warszawa \u015bwi\u0119tuje 30. lecie wybor\u00f3w spotem \u201eWolno\u015b\u0107 - Favorite News","isPartOf":{"@id":"https:\/\/favorite-news.com\/pl\/#website"},"primaryImageOfPage":{"@id":"https:\/\/favorite-news.com\/pl\/warszawa-swietuje-30-lecie-wyborow-spotem-wolnosc\/#primaryimage"},"image":{"@id":"https:\/\/favorite-news.com\/pl\/warszawa-swietuje-30-lecie-wyborow-spotem-wolnosc\/#primaryimage"},"thumbnailUrl":"https:\/\/favorite-news.com\/pl\/wp-content\/uploads\/sites\/6\/2019\/05\/Warszawa-\u015bwi\u0119tuje-30.-lecie-wybor\u00f3w-spotem-\u201eWolno\u015b\u0107.png","datePublished":"2019-05-24T01:10:29+00:00","dateModified":"2019-05-24T01:10:30+00:00","author":{"@id":"https:\/\/favorite-news.com\/pl\/#\/schema\/person\/b91573b717dcfa5e4696032a9d28d3e8"},"breadcrumb":{"@id":"https:\/\/favorite-news.com\/pl\/warszawa-swietuje-30-lecie-wyborow-spotem-wolnosc\/#breadcrumb"},"inLanguage":"pl-PL","potentialAction":[{"@type":"ReadAction","target":["https:\/\/favorite-news.com\/pl\/warszawa-swietuje-30-lecie-wyborow-spotem-wolnosc\/"]}]},{"@type":"ImageObject","inLanguage":"pl-PL","@id":"https:\/\/favorite-news.com\/pl\/warszawa-swietuje-30-lecie-wyborow-spotem-wolnosc\/#primaryimage","url":"https:\/\/favorite-news.com\/pl\/wp-content\/uploads\/sites\/6\/2019\/05\/Warszawa-\u015bwi\u0119tuje-30.-lecie-wybor\u00f3w-spotem-\u201eWolno\u015b\u0107.png","contentUrl":"https:\/\/favorite-news.com\/pl\/wp-content\/uploads\/sites\/6\/2019\/05\/Warszawa-\u015bwi\u0119tuje-30.-lecie-wybor\u00f3w-spotem-\u201eWolno\u015b\u0107.png","width":655,"height":404,"caption":"Article"},{"@type":"BreadcrumbList","@id":"https:\/\/favorite-news.com\/pl\/warszawa-swietuje-30-lecie-wyborow-spotem-wolnosc\/#breadcrumb","itemListElement":[{"@type":"ListItem","position":1,"name":"Home","item":"https:\/\/favorite-news.com\/pl\/"},{"@type":"ListItem","position":2,"name":"Warszawa \u015bwi\u0119tuje 30. lecie wybor\u00f3w spotem \u201eWolno\u015b\u0107"}]},{"@type":"WebSite","@id":"https:\/\/favorite-news.com\/pl\/#website","url":"https:\/\/favorite-news.com\/pl\/","name":"Favorite News","description":"Favorite News Polska","potentialAction":[{"@type":"SearchAction","target":{"@type":"EntryPoint","urlTemplate":"https:\/\/favorite-news.com\/pl\/?s={search_term_string}"},"query-input":{"@type":"PropertyValueSpecification","valueRequired":true,"valueName":"search_term_string"}}],"inLanguage":"pl-PL"},{"@type":"Person","@id":"https:\/\/favorite-news.com\/pl\/#\/schema\/person\/b91573b717dcfa5e4696032a9d28d3e8","name":"favorite-news","image":{"@type":"ImageObject","inLanguage":"pl-PL","@id":"https:\/\/secure.gravatar.com\/avatar\/6c5a5cb12b74e9d517ee91cf570335b7d16177f1977cc91db161adfa435945a7?s=96&d=mm&r=g","url":"https:\/\/secure.gravatar.com\/avatar\/6c5a5cb12b74e9d517ee91cf570335b7d16177f1977cc91db161adfa435945a7?s=96&d=mm&r=g","contentUrl":"https:\/\/secure.gravatar.com\/avatar\/6c5a5cb12b74e9d517ee91cf570335b7d16177f1977cc91db161adfa435945a7?s=96&d=mm&r=g","caption":"favorite-news"},"url":"https:\/\/favorite-news.com\/pl\/author\/pt\/"}]}},"_links":{"self":[{"href":"https:\/\/favorite-news.com\/pl\/wp-json\/wp\/v2\/posts\/860","targetHints":{"allow":["GET"]}}],"collection":[{"href":"https:\/\/favorite-news.com\/pl\/wp-json\/wp\/v2\/posts"}],"about":[{"href":"https:\/\/favorite-news.com\/pl\/wp-json\/wp\/v2\/types\/post"}],"author":[{"embeddable":true,"href":"https:\/\/favorite-news.com\/pl\/wp-json\/wp\/v2\/users\/2"}],"replies":[{"embeddable":true,"href":"https:\/\/favorite-news.com\/pl\/wp-json\/wp\/v2\/comments?post=860"}],"version-history":[{"count":1,"href":"https:\/\/favorite-news.com\/pl\/wp-json\/wp\/v2\/posts\/860\/revisions"}],"predecessor-version":[{"id":862,"href":"https:\/\/favorite-news.com\/pl\/wp-json\/wp\/v2\/posts\/860\/revisions\/862"}],"wp:featuredmedia":[{"embeddable":true,"href":"https:\/\/favorite-news.com\/pl\/wp-json\/wp\/v2\/media\/861"}],"wp:attachment":[{"href":"https:\/\/favorite-news.com\/pl\/wp-json\/wp\/v2\/media?parent=860"}],"wp:term":[{"taxonomy":"category","embeddable":true,"href":"https:\/\/favorite-news.com\/pl\/wp-json\/wp\/v2\/categories?post=860"},{"taxonomy":"post_tag","embeddable":true,"href":"https:\/\/favorite-news.com\/pl\/wp-json\/wp\/v2\/tags?post=860"}],"curies":[{"name":"wp","href":"https:\/\/api.w.org\/{rel}","templated":true}]}}