{"id":6439,"date":"2021-09-06T00:20:44","date_gmt":"2021-09-05T21:20:44","guid":{"rendered":"https:\/\/favorite-news.com\/pl\/z-bonduelle-polska-odchodzi-dyrektorka-marketingu-anna-telakowiec\/"},"modified":"2021-09-06T00:22:47","modified_gmt":"2021-09-05T21:22:47","slug":"z-bonduelle-polska-odchodzi-dyrektorka-marketingu-anna-telakowiec","status":"publish","type":"post","link":"https:\/\/favorite-news.com\/pl\/z-bonduelle-polska-odchodzi-dyrektorka-marketingu-anna-telakowiec\/","title":{"rendered":"Z Bonduelle Polska odchodzi dyrektorka marketingu Anna Telakowiec"},"content":{"rendered":"<p>O swoim odej\u015bciu z Bonduelle Polska Anna Telakowiec poinformowa\u0142a w serwisie LinkedIn.&#13;<br \/>\n&#13;<br \/>\n&#8222;Po 9 fascynuj\u0105cych latach pracy nad rozwojem SUPERMARKI BONDUELLE czas dla mnie ruszy\u0107 w dalsz\u0105 drog\u0119 i si\u0119gn\u0105\u0107 po nowe wyzwania. W tym czasie wraz z lud\u017ami pe\u0142nymi pasji i zaanga\u017cowania &#8211; zespo\u0142em Bonduelle Polska, wsp\u00f3\u0142pracuj\u0105cymi agencjami, partnerami handlowymi (przez moje kole\u017canki i koleg\u00f3w z ulubionego dzia\u0142u sprzeda\u017cy:) i zawsze otwartymi na nowe pomys\u0142y kolegami z naszych polskich fabryk tworzy\u0142am mark\u0119, kt\u00f3ra jest w kategorii ikon\u0105, mark\u0119 lidera, kt\u00f3ra w tym czasie wzmocni\u0142a swoj\u0105 pozycj\u0119, mark\u0119 globaln\u0105 a zarz\u0105dzan\u0105 lokalnie z szacunkiem dla lokalnego konsumenta i jego potrzeb, mark\u0119 z kt\u00f3r\u0105 przedefiniowali\u015bmy strategi\u0119 wp\u0142ywaj\u0105c na szerokie wody #plant based food, mark\u0119, kt\u00f3ra z innowacjami przekroczy\u0142a granice swojej pierwotnej kategorii&#8230;tak wiele jeszcze mog\u0142abym wymienia\u0107&#8230;&#8221; &#8211; napisa\u0142a.&#13;<br \/>\n&#13;<br \/>\n&#13;<br \/>\n\t\t\t\u00a0&#13;<br \/>\n&#13;<br \/>\nAnna Telakowiec do Bonduelle Polska do\u0142\u0105czy\u0142a jesieni\u0105 2012 roku. Przez 7 lat by\u0142a tam dyrektork\u0105 marketingu na Polsk\u0119 i kraje ba\u0142tyckie, a ostatnio &#8211; dyrektork\u0105 marketingu na region Europy \u015arodowej i Wschodniej (CEE).&#13;<br \/>\n&#13;<br \/>\nDo Bonduelle przesz\u0142a z firmy farmaceutycznej USP Zdrowie, gdzie przez blisko 2 lata by\u0142a dyrektork\u0105 marketingu na Polsk\u0119 i region CEE. Wcze\u015bniej, przez 5 lat pracowa\u0142a na identycznym stanowisku w Wedel Polska.&#13;<br \/>\n&#13;<br \/>\nW swojej karierze zwi\u0105zana by\u0142a zawodowo r\u00f3wnie\u017c z takimi firmami, jak SC Johnson i Gillette.&#13;<br \/>\n                                                        &#13;<br \/>\n                            &#13;<br \/>\n                            &#13;<br \/>\n                                                            &#13;<br \/>\n&#13;<br \/>\n                            &#13;<\/p>\n<p>\n<!--noindex--><br \/>\n<a href=\"https:\/\/www.wirtualnemedia.pl\/artykul\/anna-telakowiec-dyrektor-marketingu-bonduelle-odchodzi\" rel=\"nofollow\">Source link <\/a><br \/>\n<!--\/noindex--><\/p>\n","protected":false},"excerpt":{"rendered":"<p>O swoim odej\u015bciu z Bonduelle Polska Anna Telakowiec poinformowa\u0142a w serwisie LinkedIn.&#13; &#13; &#8222;Po 9 fascynuj\u0105cych latach pracy nad rozwojem SUPERMARKI BONDUELLE czas dla mnie ruszy\u0107 w dalsz\u0105 drog\u0119 i si\u0119gn\u0105\u0107 po nowe wyzwania. W tym czasie wraz z lud\u017ami pe\u0142nymi pasji i zaanga\u017cowania &#8211; zespo\u0142em Bonduelle Polska, wsp\u00f3\u0142pracuj\u0105cymi agencjami, partnerami handlowymi (przez moje kole\u017canki [&hellip;]<\/p>\n","protected":false},"author":2,"featured_media":6440,"comment_status":"open","ping_status":"open","sticky":false,"template":"","format":"standard","meta":{"footnotes":""},"categories":[2],"tags":[],"class_list":["post-6439","post","type-post","status-publish","format-standard","has-post-thumbnail","hentry","category-wiadomosci-marketingowe-internetowe"],"yoast_head":"<!-- This site is optimized with the Yoast SEO plugin v27.4 - https:\/\/yoast.com\/product\/yoast-seo-wordpress\/ -->\n<title>Z Bonduelle Polska odchodzi dyrektorka marketingu Anna Telakowiec - Favorite News<\/title>\n<meta name=\"robots\" content=\"index, follow, max-snippet:-1, max-image-preview:large, max-video-preview:-1\" \/>\n<link rel=\"canonical\" href=\"https:\/\/favorite-news.com\/pl\/z-bonduelle-polska-odchodzi-dyrektorka-marketingu-anna-telakowiec\/\" \/>\n<meta property=\"og:locale\" content=\"pl_PL\" \/>\n<meta property=\"og:type\" content=\"article\" \/>\n<meta property=\"og:title\" content=\"Z Bonduelle Polska odchodzi dyrektorka marketingu Anna Telakowiec - Favorite News\" \/>\n<meta property=\"og:description\" content=\"O swoim odej\u015bciu z Bonduelle Polska Anna Telakowiec poinformowa\u0142a w serwisie LinkedIn.&#013; &#013; &#8222;Po 9 fascynuj\u0105cych latach pracy nad rozwojem SUPERMARKI BONDUELLE czas dla mnie ruszy\u0107 w dalsz\u0105 drog\u0119 i si\u0119gn\u0105\u0107 po nowe wyzwania. W tym czasie wraz z lud\u017ami pe\u0142nymi pasji i zaanga\u017cowania &#8211; zespo\u0142em Bonduelle Polska, wsp\u00f3\u0142pracuj\u0105cymi agencjami, partnerami handlowymi (przez moje kole\u017canki [&hellip;]\" \/>\n<meta property=\"og:url\" content=\"https:\/\/favorite-news.com\/pl\/z-bonduelle-polska-odchodzi-dyrektorka-marketingu-anna-telakowiec\/\" \/>\n<meta property=\"og:site_name\" content=\"Favorite News\" \/>\n<meta property=\"article:published_time\" content=\"2021-09-05T21:20:44+00:00\" \/>\n<meta property=\"article:modified_time\" content=\"2021-09-05T21:22:47+00:00\" \/>\n<meta property=\"og:image\" content=\"https:\/\/favorite-news.com\/pl\/wp-content\/uploads\/sites\/6\/2021\/09\/Z-Bonduelle-Polska-odchodzi-dyrektorka-marketingu-Anna-Telakowiec.jpg\" \/>\n\t<meta property=\"og:image:width\" content=\"655\" \/>\n\t<meta property=\"og:image:height\" content=\"655\" \/>\n\t<meta property=\"og:image:type\" content=\"image\/jpeg\" \/>\n<meta name=\"author\" content=\"favorite-news\" \/>\n<meta name=\"twitter:card\" content=\"summary_large_image\" \/>\n<meta name=\"twitter:label1\" content=\"Napisane przez\" \/>\n\t<meta name=\"twitter:data1\" content=\"favorite-news\" \/>\n\t<meta name=\"twitter:label2\" content=\"Szacowany czas czytania\" \/>\n\t<meta name=\"twitter:data2\" content=\"1 minuta\" \/>\n<script type=\"application\/ld+json\" class=\"yoast-schema-graph\">{\"@context\":\"https:\\\/\\\/schema.org\",\"@graph\":[{\"@type\":\"Article\",\"@id\":\"https:\\\/\\\/favorite-news.com\\\/pl\\\/z-bonduelle-polska-odchodzi-dyrektorka-marketingu-anna-telakowiec\\\/#article\",\"isPartOf\":{\"@id\":\"https:\\\/\\\/favorite-news.com\\\/pl\\\/z-bonduelle-polska-odchodzi-dyrektorka-marketingu-anna-telakowiec\\\/\"},\"author\":{\"name\":\"favorite-news\",\"@id\":\"https:\\\/\\\/favorite-news.com\\\/pl\\\/#\\\/schema\\\/person\\\/b91573b717dcfa5e4696032a9d28d3e8\"},\"headline\":\"Z Bonduelle Polska odchodzi dyrektorka marketingu Anna Telakowiec\",\"datePublished\":\"2021-09-05T21:20:44+00:00\",\"dateModified\":\"2021-09-05T21:22:47+00:00\",\"mainEntityOfPage\":{\"@id\":\"https:\\\/\\\/favorite-news.com\\\/pl\\\/z-bonduelle-polska-odchodzi-dyrektorka-marketingu-anna-telakowiec\\\/\"},\"wordCount\":252,\"commentCount\":0,\"image\":{\"@id\":\"https:\\\/\\\/favorite-news.com\\\/pl\\\/z-bonduelle-polska-odchodzi-dyrektorka-marketingu-anna-telakowiec\\\/#primaryimage\"},\"thumbnailUrl\":\"https:\\\/\\\/favorite-news.com\\\/pl\\\/wp-content\\\/uploads\\\/sites\\\/6\\\/2021\\\/09\\\/Z-Bonduelle-Polska-odchodzi-dyrektorka-marketingu-Anna-Telakowiec.jpg\",\"articleSection\":[\"WIADOMO\u015aCI MARKETINGOWE INTERNETOWE\"],\"inLanguage\":\"pl-PL\",\"potentialAction\":[{\"@type\":\"CommentAction\",\"name\":\"Comment\",\"target\":[\"https:\\\/\\\/favorite-news.com\\\/pl\\\/z-bonduelle-polska-odchodzi-dyrektorka-marketingu-anna-telakowiec\\\/#respond\"]}]},{\"@type\":\"WebPage\",\"@id\":\"https:\\\/\\\/favorite-news.com\\\/pl\\\/z-bonduelle-polska-odchodzi-dyrektorka-marketingu-anna-telakowiec\\\/\",\"url\":\"https:\\\/\\\/favorite-news.com\\\/pl\\\/z-bonduelle-polska-odchodzi-dyrektorka-marketingu-anna-telakowiec\\\/\",\"name\":\"Z Bonduelle Polska odchodzi dyrektorka marketingu Anna Telakowiec - Favorite News\",\"isPartOf\":{\"@id\":\"https:\\\/\\\/favorite-news.com\\\/pl\\\/#website\"},\"primaryImageOfPage\":{\"@id\":\"https:\\\/\\\/favorite-news.com\\\/pl\\\/z-bonduelle-polska-odchodzi-dyrektorka-marketingu-anna-telakowiec\\\/#primaryimage\"},\"image\":{\"@id\":\"https:\\\/\\\/favorite-news.com\\\/pl\\\/z-bonduelle-polska-odchodzi-dyrektorka-marketingu-anna-telakowiec\\\/#primaryimage\"},\"thumbnailUrl\":\"https:\\\/\\\/favorite-news.com\\\/pl\\\/wp-content\\\/uploads\\\/sites\\\/6\\\/2021\\\/09\\\/Z-Bonduelle-Polska-odchodzi-dyrektorka-marketingu-Anna-Telakowiec.jpg\",\"datePublished\":\"2021-09-05T21:20:44+00:00\",\"dateModified\":\"2021-09-05T21:22:47+00:00\",\"author\":{\"@id\":\"https:\\\/\\\/favorite-news.com\\\/pl\\\/#\\\/schema\\\/person\\\/b91573b717dcfa5e4696032a9d28d3e8\"},\"breadcrumb\":{\"@id\":\"https:\\\/\\\/favorite-news.com\\\/pl\\\/z-bonduelle-polska-odchodzi-dyrektorka-marketingu-anna-telakowiec\\\/#breadcrumb\"},\"inLanguage\":\"pl-PL\",\"potentialAction\":[{\"@type\":\"ReadAction\",\"target\":[\"https:\\\/\\\/favorite-news.com\\\/pl\\\/z-bonduelle-polska-odchodzi-dyrektorka-marketingu-anna-telakowiec\\\/\"]}]},{\"@type\":\"ImageObject\",\"inLanguage\":\"pl-PL\",\"@id\":\"https:\\\/\\\/favorite-news.com\\\/pl\\\/z-bonduelle-polska-odchodzi-dyrektorka-marketingu-anna-telakowiec\\\/#primaryimage\",\"url\":\"https:\\\/\\\/favorite-news.com\\\/pl\\\/wp-content\\\/uploads\\\/sites\\\/6\\\/2021\\\/09\\\/Z-Bonduelle-Polska-odchodzi-dyrektorka-marketingu-Anna-Telakowiec.jpg\",\"contentUrl\":\"https:\\\/\\\/favorite-news.com\\\/pl\\\/wp-content\\\/uploads\\\/sites\\\/6\\\/2021\\\/09\\\/Z-Bonduelle-Polska-odchodzi-dyrektorka-marketingu-Anna-Telakowiec.jpg\",\"width\":655,\"height\":655,\"caption\":\"Article\"},{\"@type\":\"BreadcrumbList\",\"@id\":\"https:\\\/\\\/favorite-news.com\\\/pl\\\/z-bonduelle-polska-odchodzi-dyrektorka-marketingu-anna-telakowiec\\\/#breadcrumb\",\"itemListElement\":[{\"@type\":\"ListItem\",\"position\":1,\"name\":\"Home\",\"item\":\"https:\\\/\\\/favorite-news.com\\\/pl\\\/\"},{\"@type\":\"ListItem\",\"position\":2,\"name\":\"Z Bonduelle Polska odchodzi dyrektorka marketingu Anna Telakowiec\"}]},{\"@type\":\"WebSite\",\"@id\":\"https:\\\/\\\/favorite-news.com\\\/pl\\\/#website\",\"url\":\"https:\\\/\\\/favorite-news.com\\\/pl\\\/\",\"name\":\"Favorite News\",\"description\":\"Favorite News Polska\",\"potentialAction\":[{\"@type\":\"SearchAction\",\"target\":{\"@type\":\"EntryPoint\",\"urlTemplate\":\"https:\\\/\\\/favorite-news.com\\\/pl\\\/?s={search_term_string}\"},\"query-input\":{\"@type\":\"PropertyValueSpecification\",\"valueRequired\":true,\"valueName\":\"search_term_string\"}}],\"inLanguage\":\"pl-PL\"},{\"@type\":\"Person\",\"@id\":\"https:\\\/\\\/favorite-news.com\\\/pl\\\/#\\\/schema\\\/person\\\/b91573b717dcfa5e4696032a9d28d3e8\",\"name\":\"favorite-news\",\"image\":{\"@type\":\"ImageObject\",\"inLanguage\":\"pl-PL\",\"@id\":\"https:\\\/\\\/secure.gravatar.com\\\/avatar\\\/6c5a5cb12b74e9d517ee91cf570335b7d16177f1977cc91db161adfa435945a7?s=96&d=mm&r=g\",\"url\":\"https:\\\/\\\/secure.gravatar.com\\\/avatar\\\/6c5a5cb12b74e9d517ee91cf570335b7d16177f1977cc91db161adfa435945a7?s=96&d=mm&r=g\",\"contentUrl\":\"https:\\\/\\\/secure.gravatar.com\\\/avatar\\\/6c5a5cb12b74e9d517ee91cf570335b7d16177f1977cc91db161adfa435945a7?s=96&d=mm&r=g\",\"caption\":\"favorite-news\"},\"url\":\"https:\\\/\\\/favorite-news.com\\\/pl\\\/author\\\/pt\\\/\"}]}<\/script>\n<!-- \/ Yoast SEO plugin. -->","yoast_head_json":{"title":"Z Bonduelle Polska odchodzi dyrektorka marketingu Anna Telakowiec - Favorite News","robots":{"index":"index","follow":"follow","max-snippet":"max-snippet:-1","max-image-preview":"max-image-preview:large","max-video-preview":"max-video-preview:-1"},"canonical":"https:\/\/favorite-news.com\/pl\/z-bonduelle-polska-odchodzi-dyrektorka-marketingu-anna-telakowiec\/","og_locale":"pl_PL","og_type":"article","og_title":"Z Bonduelle Polska odchodzi dyrektorka marketingu Anna Telakowiec - Favorite News","og_description":"O swoim odej\u015bciu z Bonduelle Polska Anna Telakowiec poinformowa\u0142a w serwisie LinkedIn.&#13; &#13; &#8222;Po 9 fascynuj\u0105cych latach pracy nad rozwojem SUPERMARKI BONDUELLE czas dla mnie ruszy\u0107 w dalsz\u0105 drog\u0119 i si\u0119gn\u0105\u0107 po nowe wyzwania. W tym czasie wraz z lud\u017ami pe\u0142nymi pasji i zaanga\u017cowania &#8211; zespo\u0142em Bonduelle Polska, wsp\u00f3\u0142pracuj\u0105cymi agencjami, partnerami handlowymi (przez moje kole\u017canki [&hellip;]","og_url":"https:\/\/favorite-news.com\/pl\/z-bonduelle-polska-odchodzi-dyrektorka-marketingu-anna-telakowiec\/","og_site_name":"Favorite News","article_published_time":"2021-09-05T21:20:44+00:00","article_modified_time":"2021-09-05T21:22:47+00:00","og_image":[{"width":655,"height":655,"url":"https:\/\/favorite-news.com\/pl\/wp-content\/uploads\/sites\/6\/2021\/09\/Z-Bonduelle-Polska-odchodzi-dyrektorka-marketingu-Anna-Telakowiec.jpg","type":"image\/jpeg"}],"author":"favorite-news","twitter_card":"summary_large_image","twitter_misc":{"Napisane przez":"favorite-news","Szacowany czas czytania":"1 minuta"},"schema":{"@context":"https:\/\/schema.org","@graph":[{"@type":"Article","@id":"https:\/\/favorite-news.com\/pl\/z-bonduelle-polska-odchodzi-dyrektorka-marketingu-anna-telakowiec\/#article","isPartOf":{"@id":"https:\/\/favorite-news.com\/pl\/z-bonduelle-polska-odchodzi-dyrektorka-marketingu-anna-telakowiec\/"},"author":{"name":"favorite-news","@id":"https:\/\/favorite-news.com\/pl\/#\/schema\/person\/b91573b717dcfa5e4696032a9d28d3e8"},"headline":"Z Bonduelle Polska odchodzi dyrektorka marketingu Anna Telakowiec","datePublished":"2021-09-05T21:20:44+00:00","dateModified":"2021-09-05T21:22:47+00:00","mainEntityOfPage":{"@id":"https:\/\/favorite-news.com\/pl\/z-bonduelle-polska-odchodzi-dyrektorka-marketingu-anna-telakowiec\/"},"wordCount":252,"commentCount":0,"image":{"@id":"https:\/\/favorite-news.com\/pl\/z-bonduelle-polska-odchodzi-dyrektorka-marketingu-anna-telakowiec\/#primaryimage"},"thumbnailUrl":"https:\/\/favorite-news.com\/pl\/wp-content\/uploads\/sites\/6\/2021\/09\/Z-Bonduelle-Polska-odchodzi-dyrektorka-marketingu-Anna-Telakowiec.jpg","articleSection":["WIADOMO\u015aCI MARKETINGOWE INTERNETOWE"],"inLanguage":"pl-PL","potentialAction":[{"@type":"CommentAction","name":"Comment","target":["https:\/\/favorite-news.com\/pl\/z-bonduelle-polska-odchodzi-dyrektorka-marketingu-anna-telakowiec\/#respond"]}]},{"@type":"WebPage","@id":"https:\/\/favorite-news.com\/pl\/z-bonduelle-polska-odchodzi-dyrektorka-marketingu-anna-telakowiec\/","url":"https:\/\/favorite-news.com\/pl\/z-bonduelle-polska-odchodzi-dyrektorka-marketingu-anna-telakowiec\/","name":"Z Bonduelle Polska odchodzi dyrektorka marketingu Anna Telakowiec - Favorite News","isPartOf":{"@id":"https:\/\/favorite-news.com\/pl\/#website"},"primaryImageOfPage":{"@id":"https:\/\/favorite-news.com\/pl\/z-bonduelle-polska-odchodzi-dyrektorka-marketingu-anna-telakowiec\/#primaryimage"},"image":{"@id":"https:\/\/favorite-news.com\/pl\/z-bonduelle-polska-odchodzi-dyrektorka-marketingu-anna-telakowiec\/#primaryimage"},"thumbnailUrl":"https:\/\/favorite-news.com\/pl\/wp-content\/uploads\/sites\/6\/2021\/09\/Z-Bonduelle-Polska-odchodzi-dyrektorka-marketingu-Anna-Telakowiec.jpg","datePublished":"2021-09-05T21:20:44+00:00","dateModified":"2021-09-05T21:22:47+00:00","author":{"@id":"https:\/\/favorite-news.com\/pl\/#\/schema\/person\/b91573b717dcfa5e4696032a9d28d3e8"},"breadcrumb":{"@id":"https:\/\/favorite-news.com\/pl\/z-bonduelle-polska-odchodzi-dyrektorka-marketingu-anna-telakowiec\/#breadcrumb"},"inLanguage":"pl-PL","potentialAction":[{"@type":"ReadAction","target":["https:\/\/favorite-news.com\/pl\/z-bonduelle-polska-odchodzi-dyrektorka-marketingu-anna-telakowiec\/"]}]},{"@type":"ImageObject","inLanguage":"pl-PL","@id":"https:\/\/favorite-news.com\/pl\/z-bonduelle-polska-odchodzi-dyrektorka-marketingu-anna-telakowiec\/#primaryimage","url":"https:\/\/favorite-news.com\/pl\/wp-content\/uploads\/sites\/6\/2021\/09\/Z-Bonduelle-Polska-odchodzi-dyrektorka-marketingu-Anna-Telakowiec.jpg","contentUrl":"https:\/\/favorite-news.com\/pl\/wp-content\/uploads\/sites\/6\/2021\/09\/Z-Bonduelle-Polska-odchodzi-dyrektorka-marketingu-Anna-Telakowiec.jpg","width":655,"height":655,"caption":"Article"},{"@type":"BreadcrumbList","@id":"https:\/\/favorite-news.com\/pl\/z-bonduelle-polska-odchodzi-dyrektorka-marketingu-anna-telakowiec\/#breadcrumb","itemListElement":[{"@type":"ListItem","position":1,"name":"Home","item":"https:\/\/favorite-news.com\/pl\/"},{"@type":"ListItem","position":2,"name":"Z Bonduelle Polska odchodzi dyrektorka marketingu Anna Telakowiec"}]},{"@type":"WebSite","@id":"https:\/\/favorite-news.com\/pl\/#website","url":"https:\/\/favorite-news.com\/pl\/","name":"Favorite News","description":"Favorite News Polska","potentialAction":[{"@type":"SearchAction","target":{"@type":"EntryPoint","urlTemplate":"https:\/\/favorite-news.com\/pl\/?s={search_term_string}"},"query-input":{"@type":"PropertyValueSpecification","valueRequired":true,"valueName":"search_term_string"}}],"inLanguage":"pl-PL"},{"@type":"Person","@id":"https:\/\/favorite-news.com\/pl\/#\/schema\/person\/b91573b717dcfa5e4696032a9d28d3e8","name":"favorite-news","image":{"@type":"ImageObject","inLanguage":"pl-PL","@id":"https:\/\/secure.gravatar.com\/avatar\/6c5a5cb12b74e9d517ee91cf570335b7d16177f1977cc91db161adfa435945a7?s=96&d=mm&r=g","url":"https:\/\/secure.gravatar.com\/avatar\/6c5a5cb12b74e9d517ee91cf570335b7d16177f1977cc91db161adfa435945a7?s=96&d=mm&r=g","contentUrl":"https:\/\/secure.gravatar.com\/avatar\/6c5a5cb12b74e9d517ee91cf570335b7d16177f1977cc91db161adfa435945a7?s=96&d=mm&r=g","caption":"favorite-news"},"url":"https:\/\/favorite-news.com\/pl\/author\/pt\/"}]}},"_links":{"self":[{"href":"https:\/\/favorite-news.com\/pl\/wp-json\/wp\/v2\/posts\/6439","targetHints":{"allow":["GET"]}}],"collection":[{"href":"https:\/\/favorite-news.com\/pl\/wp-json\/wp\/v2\/posts"}],"about":[{"href":"https:\/\/favorite-news.com\/pl\/wp-json\/wp\/v2\/types\/post"}],"author":[{"embeddable":true,"href":"https:\/\/favorite-news.com\/pl\/wp-json\/wp\/v2\/users\/2"}],"replies":[{"embeddable":true,"href":"https:\/\/favorite-news.com\/pl\/wp-json\/wp\/v2\/comments?post=6439"}],"version-history":[{"count":1,"href":"https:\/\/favorite-news.com\/pl\/wp-json\/wp\/v2\/posts\/6439\/revisions"}],"predecessor-version":[{"id":6441,"href":"https:\/\/favorite-news.com\/pl\/wp-json\/wp\/v2\/posts\/6439\/revisions\/6441"}],"wp:featuredmedia":[{"embeddable":true,"href":"https:\/\/favorite-news.com\/pl\/wp-json\/wp\/v2\/media\/6440"}],"wp:attachment":[{"href":"https:\/\/favorite-news.com\/pl\/wp-json\/wp\/v2\/media?parent=6439"}],"wp:term":[{"taxonomy":"category","embeddable":true,"href":"https:\/\/favorite-news.com\/pl\/wp-json\/wp\/v2\/categories?post=6439"},{"taxonomy":"post_tag","embeddable":true,"href":"https:\/\/favorite-news.com\/pl\/wp-json\/wp\/v2\/tags?post=6439"}],"curies":[{"name":"wp","href":"https:\/\/api.w.org\/{rel}","templated":true}]}}