{"id":6219,"date":"2021-06-20T20:10:33","date_gmt":"2021-06-20T17:10:33","guid":{"rendered":"https:\/\/favorite-news.com\/pl\/agora-rozpoczela-kampanie-bez-lgbt-nie-ma-polski\/"},"modified":"2021-06-20T20:10:39","modified_gmt":"2021-06-20T17:10:39","slug":"agora-rozpoczela-kampanie-bez-lgbt-nie-ma-polski","status":"publish","type":"post","link":"https:\/\/favorite-news.com\/pl\/agora-rozpoczela-kampanie-bez-lgbt-nie-ma-polski\/","title":{"rendered":"Agora rozpocz\u0119\u0142a kampani\u0119 'Bez LGBT+ nie ma PoLski&#8217;"},"content":{"rendered":"<p>Organizatorzy akcji wierz\u0105, \u017ce polska kultura bez spo\u0142eczno\u015bci nieheteronormatywnej nie by\u0142aby pe\u0142na. Z okazji Parady R\u00f3wno\u015bci z logotyp\u00f3w i stron Gazeta.pl, Wyborcza.pl, \u201eGazety Wyborczej&#8221; i tokfm.pl znikn\u0105 litery L, G, B i T, symbolizuj\u0105c wykluczenie tych os\u00f3b ze spo\u0142ecze\u0144stwa. Litery zostan\u0105 usuni\u0119te z samego rana 19 czerwca i powr\u00f3c\u0105 dopiero po starcie parady.&#13;<br \/>\n&#13;<br \/>\nSobotnia \u201eGazeta Wyborcza&#8221; zosta\u0142a wydrukowana bez liter G, B i T w logo. Dodatkowo, w wymienionych mediach opublikowane zostan\u0105 materia\u0142y dotycz\u0105ce sytuacji os\u00f3b nieheteronormatywnych w Polsce oraz link do strony akcji: bezlgbtplusniemapolski.pl.&#13;<br \/>\n&#13;<br \/>\n&#13;<br \/>\n&#13;<br \/>\nOsoby LGBT cz\u0119\u015bci\u0105 polskiego spo\u0142ecze\u0144stwa&#13;<br \/>\n&#13;<br \/>\n&#13;<br \/>\n\t\t\t&#8211; W kampanii chcieli\u015bmy podkre\u015bli\u0107, z\u0307e osoby nieheteronormatywne sa\u0328 nieod\u0142a\u0328czna\u0328 cze\u0328s\u0301cia\u0328 Polski i spo\u0142eczen\u0301stwa, dlatego prowokacyjnie usun\u0119li\u015bmy z polskiego je\u0328zyka litery L, G, B i T \u2013 m\u00f3wi Marcin Nowak, dyrektor kreatywny w agencji MullenLowe Warsaw.&#13;<br \/>\n&#13;<br \/>\n\u2013 W ten sposo\u0301b udowodnili\u015bmy, z\u0307e bez nich Polska nie jest kompletna. Jest uboga i u\u0142omna. Jest \u201ePoska\u0328&#8221;. To kampania patriotyczna, bo nasze dziedzictwo narodowe, z kto\u0301rego jestes\u0301my tak dumni, jest efektem ro\u0301z\u0307norodnos\u0301ci polskiego spo\u0142eczen\u0301stwa. Nie zgadzamy si\u0119 na zaw\u0142aszczenie Polski przez jedn\u0105 grup\u0119 spo\u0142eczn\u0105. Polska jest Polska\u0328 tyko wtedy, kiedy jest w niej miejsce dla wszystkich Polako\u0301w \u2013 dodaje Nowak.&#13;<br \/>\n&#13;<br \/>\n&#13;<br \/>\n&#13;<br \/>\nAkcj\u0119 \u201eBez LGBT+ nie ma Polski&#8221; wspieraj\u0105 te\u017c znane osoby &#8211; na swoich profilach w mediach spo\u0142eczno\u015bciowych i przestrzeni publicznej, m.in.\u00a0 Micha\u0142 \u017bebrowski, Szymon Majewski, Magdalena Cielecka, Barbara Kurdej-Szatan, Andrzej Piasek Piaseczny, Kasia Soko\u0142owska, Paulina Sobo\u0144, Areta Szpura, ShadyLadyDrag, Red Lipstick Monster i Ada Fija\u0142.&#13;<br \/>\n&#13;<br \/>\nWed\u0142ug danych Polskich Bada\u0144 Czytelnictwa w kwietniu br. \u015brednia sprzeda\u017c og\u00f3\u0142em \u201eGazety Wyborczej\u201d wynosi\u0142a 63 043 egz., o 6,1 proc. mniej ni\u017c rok wcze\u015bniej. Z subskrypcyjnej oferty cyfrowej \u201eGW\u201d na koniec marca korzysta\u0142o 258 tys. u\u017cytkownik\u00f3w, wobec 259,6 tys. na koniec grudnia ub.r.&#13;<br \/>\n&#13;<br \/>\nWed\u0142ug badania Mediapanel w maju br. Gazeta.pl zanotowa\u0142a 11,86 mln u\u017cytkownik\u00f3w i 40,8 proc. zasi\u0119gu, a wszystkie serwisy internetowe i aplikacje mobilne Agory &#8211; 17,61 mln u\u017cytkownik\u00f3w i 60,6 proc. zasi\u0119gu.&#13;<br \/>\n&#13;<br \/>\nW pierwszym kwartale br. przychody sprzeda\u017cowe grupy Agora zmala\u0142y rok do roku o 49,6 proc. do 146 mln z\u0142, a strata netto pog\u0142\u0119bi\u0142a si\u0119 z 47,1 do 59,4 mln z\u0142. Przes\u0105dzi\u0142o o tym zamkni\u0119cie kin Helios i du\u017cy spadek przychod\u00f3w zajmuj\u0105cej si\u0119 reklam\u0105 zewn\u0119trzn\u0105 Grupy AMS.&#13;<br \/>\n                                                        &#13;<br \/>\n                            &#13;<br \/>\n                            &#13;<br \/>\n                                                            &#13;<br \/>\n&#13;<br \/>\n                            &#13;<\/p>\n<p>\n<!--noindex--><br \/>\n<a href=\"https:\/\/www.wirtualnemedia.pl\/artykul\/parada-rownosci-2021-lgbt-akcja-gazeta-wyborcza\" rel=\"nofollow\">Source link <\/a><br \/>\n<!--\/noindex--><\/p>\n","protected":false},"excerpt":{"rendered":"<p>Organizatorzy akcji wierz\u0105, \u017ce polska kultura bez spo\u0142eczno\u015bci nieheteronormatywnej nie by\u0142aby pe\u0142na. Z okazji Parady R\u00f3wno\u015bci z logotyp\u00f3w i stron Gazeta.pl, Wyborcza.pl, \u201eGazety Wyborczej&#8221; i tokfm.pl znikn\u0105 litery L, G, B i T, symbolizuj\u0105c wykluczenie tych os\u00f3b ze spo\u0142ecze\u0144stwa. Litery zostan\u0105 usuni\u0119te z samego rana 19 czerwca i powr\u00f3c\u0105 dopiero po starcie parady.&#13; &#13; Sobotnia [&hellip;]<\/p>\n","protected":false},"author":2,"featured_media":6220,"comment_status":"open","ping_status":"open","sticky":false,"template":"","format":"standard","meta":{"footnotes":""},"categories":[2],"tags":[],"class_list":["post-6219","post","type-post","status-publish","format-standard","has-post-thumbnail","hentry","category-wiadomosci-marketingowe-internetowe"],"yoast_head":"<!-- This site is optimized with the Yoast SEO plugin v27.4 - https:\/\/yoast.com\/product\/yoast-seo-wordpress\/ -->\n<title>Agora rozpocz\u0119\u0142a kampani\u0119 &#039;Bez LGBT+ nie ma PoLski&#039; - Favorite News<\/title>\n<meta name=\"robots\" content=\"index, follow, max-snippet:-1, max-image-preview:large, max-video-preview:-1\" \/>\n<link rel=\"canonical\" href=\"https:\/\/favorite-news.com\/pl\/agora-rozpoczela-kampanie-bez-lgbt-nie-ma-polski\/\" \/>\n<meta property=\"og:locale\" content=\"pl_PL\" \/>\n<meta property=\"og:type\" content=\"article\" \/>\n<meta property=\"og:title\" content=\"Agora rozpocz\u0119\u0142a kampani\u0119 &#039;Bez LGBT+ nie ma PoLski&#039; - Favorite News\" \/>\n<meta property=\"og:description\" content=\"Organizatorzy akcji wierz\u0105, \u017ce polska kultura bez spo\u0142eczno\u015bci nieheteronormatywnej nie by\u0142aby pe\u0142na. Z okazji Parady R\u00f3wno\u015bci z logotyp\u00f3w i stron Gazeta.pl, Wyborcza.pl, \u201eGazety Wyborczej&#8221; i tokfm.pl znikn\u0105 litery L, G, B i T, symbolizuj\u0105c wykluczenie tych os\u00f3b ze spo\u0142ecze\u0144stwa. Litery zostan\u0105 usuni\u0119te z samego rana 19 czerwca i powr\u00f3c\u0105 dopiero po starcie parady.&#013; &#013; Sobotnia [&hellip;]\" \/>\n<meta property=\"og:url\" content=\"https:\/\/favorite-news.com\/pl\/agora-rozpoczela-kampanie-bez-lgbt-nie-ma-polski\/\" \/>\n<meta property=\"og:site_name\" content=\"Favorite News\" \/>\n<meta property=\"article:published_time\" content=\"2021-06-20T17:10:33+00:00\" \/>\n<meta property=\"article:modified_time\" content=\"2021-06-20T17:10:39+00:00\" \/>\n<meta property=\"og:image\" content=\"https:\/\/favorite-news.com\/pl\/wp-content\/uploads\/sites\/6\/2021\/06\/Agora-rozpoczela-kampanie-Bez-LGBT-nie-ma-PoLski.jpg\" \/>\n\t<meta property=\"og:image:width\" content=\"655\" \/>\n\t<meta property=\"og:image:height\" content=\"435\" \/>\n\t<meta property=\"og:image:type\" content=\"image\/jpeg\" \/>\n<meta name=\"author\" content=\"favorite-news\" \/>\n<meta name=\"twitter:card\" content=\"summary_large_image\" \/>\n<meta name=\"twitter:label1\" content=\"Napisane przez\" \/>\n\t<meta name=\"twitter:data1\" content=\"favorite-news\" \/>\n\t<meta name=\"twitter:label2\" content=\"Szacowany czas czytania\" \/>\n\t<meta name=\"twitter:data2\" content=\"2 minuty\" \/>\n<script type=\"application\/ld+json\" class=\"yoast-schema-graph\">{\"@context\":\"https:\\\/\\\/schema.org\",\"@graph\":[{\"@type\":\"Article\",\"@id\":\"https:\\\/\\\/favorite-news.com\\\/pl\\\/agora-rozpoczela-kampanie-bez-lgbt-nie-ma-polski\\\/#article\",\"isPartOf\":{\"@id\":\"https:\\\/\\\/favorite-news.com\\\/pl\\\/agora-rozpoczela-kampanie-bez-lgbt-nie-ma-polski\\\/\"},\"author\":{\"name\":\"favorite-news\",\"@id\":\"https:\\\/\\\/favorite-news.com\\\/pl\\\/#\\\/schema\\\/person\\\/b91573b717dcfa5e4696032a9d28d3e8\"},\"headline\":\"Agora rozpocz\u0119\u0142a kampani\u0119 'Bez LGBT+ nie ma PoLski&#8217;\",\"datePublished\":\"2021-06-20T17:10:33+00:00\",\"dateModified\":\"2021-06-20T17:10:39+00:00\",\"mainEntityOfPage\":{\"@id\":\"https:\\\/\\\/favorite-news.com\\\/pl\\\/agora-rozpoczela-kampanie-bez-lgbt-nie-ma-polski\\\/\"},\"wordCount\":429,\"commentCount\":0,\"image\":{\"@id\":\"https:\\\/\\\/favorite-news.com\\\/pl\\\/agora-rozpoczela-kampanie-bez-lgbt-nie-ma-polski\\\/#primaryimage\"},\"thumbnailUrl\":\"https:\\\/\\\/favorite-news.com\\\/pl\\\/wp-content\\\/uploads\\\/sites\\\/6\\\/2021\\\/06\\\/Agora-rozpoczela-kampanie-Bez-LGBT-nie-ma-PoLski.jpg\",\"articleSection\":[\"WIADOMO\u015aCI MARKETINGOWE INTERNETOWE\"],\"inLanguage\":\"pl-PL\",\"potentialAction\":[{\"@type\":\"CommentAction\",\"name\":\"Comment\",\"target\":[\"https:\\\/\\\/favorite-news.com\\\/pl\\\/agora-rozpoczela-kampanie-bez-lgbt-nie-ma-polski\\\/#respond\"]}]},{\"@type\":\"WebPage\",\"@id\":\"https:\\\/\\\/favorite-news.com\\\/pl\\\/agora-rozpoczela-kampanie-bez-lgbt-nie-ma-polski\\\/\",\"url\":\"https:\\\/\\\/favorite-news.com\\\/pl\\\/agora-rozpoczela-kampanie-bez-lgbt-nie-ma-polski\\\/\",\"name\":\"Agora rozpocz\u0119\u0142a kampani\u0119 'Bez LGBT+ nie ma PoLski' - Favorite News\",\"isPartOf\":{\"@id\":\"https:\\\/\\\/favorite-news.com\\\/pl\\\/#website\"},\"primaryImageOfPage\":{\"@id\":\"https:\\\/\\\/favorite-news.com\\\/pl\\\/agora-rozpoczela-kampanie-bez-lgbt-nie-ma-polski\\\/#primaryimage\"},\"image\":{\"@id\":\"https:\\\/\\\/favorite-news.com\\\/pl\\\/agora-rozpoczela-kampanie-bez-lgbt-nie-ma-polski\\\/#primaryimage\"},\"thumbnailUrl\":\"https:\\\/\\\/favorite-news.com\\\/pl\\\/wp-content\\\/uploads\\\/sites\\\/6\\\/2021\\\/06\\\/Agora-rozpoczela-kampanie-Bez-LGBT-nie-ma-PoLski.jpg\",\"datePublished\":\"2021-06-20T17:10:33+00:00\",\"dateModified\":\"2021-06-20T17:10:39+00:00\",\"author\":{\"@id\":\"https:\\\/\\\/favorite-news.com\\\/pl\\\/#\\\/schema\\\/person\\\/b91573b717dcfa5e4696032a9d28d3e8\"},\"breadcrumb\":{\"@id\":\"https:\\\/\\\/favorite-news.com\\\/pl\\\/agora-rozpoczela-kampanie-bez-lgbt-nie-ma-polski\\\/#breadcrumb\"},\"inLanguage\":\"pl-PL\",\"potentialAction\":[{\"@type\":\"ReadAction\",\"target\":[\"https:\\\/\\\/favorite-news.com\\\/pl\\\/agora-rozpoczela-kampanie-bez-lgbt-nie-ma-polski\\\/\"]}]},{\"@type\":\"ImageObject\",\"inLanguage\":\"pl-PL\",\"@id\":\"https:\\\/\\\/favorite-news.com\\\/pl\\\/agora-rozpoczela-kampanie-bez-lgbt-nie-ma-polski\\\/#primaryimage\",\"url\":\"https:\\\/\\\/favorite-news.com\\\/pl\\\/wp-content\\\/uploads\\\/sites\\\/6\\\/2021\\\/06\\\/Agora-rozpoczela-kampanie-Bez-LGBT-nie-ma-PoLski.jpg\",\"contentUrl\":\"https:\\\/\\\/favorite-news.com\\\/pl\\\/wp-content\\\/uploads\\\/sites\\\/6\\\/2021\\\/06\\\/Agora-rozpoczela-kampanie-Bez-LGBT-nie-ma-PoLski.jpg\",\"width\":655,\"height\":435,\"caption\":\"Article\"},{\"@type\":\"BreadcrumbList\",\"@id\":\"https:\\\/\\\/favorite-news.com\\\/pl\\\/agora-rozpoczela-kampanie-bez-lgbt-nie-ma-polski\\\/#breadcrumb\",\"itemListElement\":[{\"@type\":\"ListItem\",\"position\":1,\"name\":\"Home\",\"item\":\"https:\\\/\\\/favorite-news.com\\\/pl\\\/\"},{\"@type\":\"ListItem\",\"position\":2,\"name\":\"Agora rozpocz\u0119\u0142a kampani\u0119 'Bez LGBT+ nie ma PoLski&#8217;\"}]},{\"@type\":\"WebSite\",\"@id\":\"https:\\\/\\\/favorite-news.com\\\/pl\\\/#website\",\"url\":\"https:\\\/\\\/favorite-news.com\\\/pl\\\/\",\"name\":\"Favorite News\",\"description\":\"Favorite News Polska\",\"potentialAction\":[{\"@type\":\"SearchAction\",\"target\":{\"@type\":\"EntryPoint\",\"urlTemplate\":\"https:\\\/\\\/favorite-news.com\\\/pl\\\/?s={search_term_string}\"},\"query-input\":{\"@type\":\"PropertyValueSpecification\",\"valueRequired\":true,\"valueName\":\"search_term_string\"}}],\"inLanguage\":\"pl-PL\"},{\"@type\":\"Person\",\"@id\":\"https:\\\/\\\/favorite-news.com\\\/pl\\\/#\\\/schema\\\/person\\\/b91573b717dcfa5e4696032a9d28d3e8\",\"name\":\"favorite-news\",\"image\":{\"@type\":\"ImageObject\",\"inLanguage\":\"pl-PL\",\"@id\":\"https:\\\/\\\/secure.gravatar.com\\\/avatar\\\/6c5a5cb12b74e9d517ee91cf570335b7d16177f1977cc91db161adfa435945a7?s=96&d=mm&r=g\",\"url\":\"https:\\\/\\\/secure.gravatar.com\\\/avatar\\\/6c5a5cb12b74e9d517ee91cf570335b7d16177f1977cc91db161adfa435945a7?s=96&d=mm&r=g\",\"contentUrl\":\"https:\\\/\\\/secure.gravatar.com\\\/avatar\\\/6c5a5cb12b74e9d517ee91cf570335b7d16177f1977cc91db161adfa435945a7?s=96&d=mm&r=g\",\"caption\":\"favorite-news\"},\"url\":\"https:\\\/\\\/favorite-news.com\\\/pl\\\/author\\\/pt\\\/\"}]}<\/script>\n<!-- \/ Yoast SEO plugin. -->","yoast_head_json":{"title":"Agora rozpocz\u0119\u0142a kampani\u0119 'Bez LGBT+ nie ma PoLski' - Favorite News","robots":{"index":"index","follow":"follow","max-snippet":"max-snippet:-1","max-image-preview":"max-image-preview:large","max-video-preview":"max-video-preview:-1"},"canonical":"https:\/\/favorite-news.com\/pl\/agora-rozpoczela-kampanie-bez-lgbt-nie-ma-polski\/","og_locale":"pl_PL","og_type":"article","og_title":"Agora rozpocz\u0119\u0142a kampani\u0119 'Bez LGBT+ nie ma PoLski' - Favorite News","og_description":"Organizatorzy akcji wierz\u0105, \u017ce polska kultura bez spo\u0142eczno\u015bci nieheteronormatywnej nie by\u0142aby pe\u0142na. Z okazji Parady R\u00f3wno\u015bci z logotyp\u00f3w i stron Gazeta.pl, Wyborcza.pl, \u201eGazety Wyborczej&#8221; i tokfm.pl znikn\u0105 litery L, G, B i T, symbolizuj\u0105c wykluczenie tych os\u00f3b ze spo\u0142ecze\u0144stwa. Litery zostan\u0105 usuni\u0119te z samego rana 19 czerwca i powr\u00f3c\u0105 dopiero po starcie parady.&#13; &#13; Sobotnia [&hellip;]","og_url":"https:\/\/favorite-news.com\/pl\/agora-rozpoczela-kampanie-bez-lgbt-nie-ma-polski\/","og_site_name":"Favorite News","article_published_time":"2021-06-20T17:10:33+00:00","article_modified_time":"2021-06-20T17:10:39+00:00","og_image":[{"width":655,"height":435,"url":"https:\/\/favorite-news.com\/pl\/wp-content\/uploads\/sites\/6\/2021\/06\/Agora-rozpoczela-kampanie-Bez-LGBT-nie-ma-PoLski.jpg","type":"image\/jpeg"}],"author":"favorite-news","twitter_card":"summary_large_image","twitter_misc":{"Napisane przez":"favorite-news","Szacowany czas czytania":"2 minuty"},"schema":{"@context":"https:\/\/schema.org","@graph":[{"@type":"Article","@id":"https:\/\/favorite-news.com\/pl\/agora-rozpoczela-kampanie-bez-lgbt-nie-ma-polski\/#article","isPartOf":{"@id":"https:\/\/favorite-news.com\/pl\/agora-rozpoczela-kampanie-bez-lgbt-nie-ma-polski\/"},"author":{"name":"favorite-news","@id":"https:\/\/favorite-news.com\/pl\/#\/schema\/person\/b91573b717dcfa5e4696032a9d28d3e8"},"headline":"Agora rozpocz\u0119\u0142a kampani\u0119 'Bez LGBT+ nie ma PoLski&#8217;","datePublished":"2021-06-20T17:10:33+00:00","dateModified":"2021-06-20T17:10:39+00:00","mainEntityOfPage":{"@id":"https:\/\/favorite-news.com\/pl\/agora-rozpoczela-kampanie-bez-lgbt-nie-ma-polski\/"},"wordCount":429,"commentCount":0,"image":{"@id":"https:\/\/favorite-news.com\/pl\/agora-rozpoczela-kampanie-bez-lgbt-nie-ma-polski\/#primaryimage"},"thumbnailUrl":"https:\/\/favorite-news.com\/pl\/wp-content\/uploads\/sites\/6\/2021\/06\/Agora-rozpoczela-kampanie-Bez-LGBT-nie-ma-PoLski.jpg","articleSection":["WIADOMO\u015aCI MARKETINGOWE INTERNETOWE"],"inLanguage":"pl-PL","potentialAction":[{"@type":"CommentAction","name":"Comment","target":["https:\/\/favorite-news.com\/pl\/agora-rozpoczela-kampanie-bez-lgbt-nie-ma-polski\/#respond"]}]},{"@type":"WebPage","@id":"https:\/\/favorite-news.com\/pl\/agora-rozpoczela-kampanie-bez-lgbt-nie-ma-polski\/","url":"https:\/\/favorite-news.com\/pl\/agora-rozpoczela-kampanie-bez-lgbt-nie-ma-polski\/","name":"Agora rozpocz\u0119\u0142a kampani\u0119 'Bez LGBT+ nie ma PoLski' - Favorite News","isPartOf":{"@id":"https:\/\/favorite-news.com\/pl\/#website"},"primaryImageOfPage":{"@id":"https:\/\/favorite-news.com\/pl\/agora-rozpoczela-kampanie-bez-lgbt-nie-ma-polski\/#primaryimage"},"image":{"@id":"https:\/\/favorite-news.com\/pl\/agora-rozpoczela-kampanie-bez-lgbt-nie-ma-polski\/#primaryimage"},"thumbnailUrl":"https:\/\/favorite-news.com\/pl\/wp-content\/uploads\/sites\/6\/2021\/06\/Agora-rozpoczela-kampanie-Bez-LGBT-nie-ma-PoLski.jpg","datePublished":"2021-06-20T17:10:33+00:00","dateModified":"2021-06-20T17:10:39+00:00","author":{"@id":"https:\/\/favorite-news.com\/pl\/#\/schema\/person\/b91573b717dcfa5e4696032a9d28d3e8"},"breadcrumb":{"@id":"https:\/\/favorite-news.com\/pl\/agora-rozpoczela-kampanie-bez-lgbt-nie-ma-polski\/#breadcrumb"},"inLanguage":"pl-PL","potentialAction":[{"@type":"ReadAction","target":["https:\/\/favorite-news.com\/pl\/agora-rozpoczela-kampanie-bez-lgbt-nie-ma-polski\/"]}]},{"@type":"ImageObject","inLanguage":"pl-PL","@id":"https:\/\/favorite-news.com\/pl\/agora-rozpoczela-kampanie-bez-lgbt-nie-ma-polski\/#primaryimage","url":"https:\/\/favorite-news.com\/pl\/wp-content\/uploads\/sites\/6\/2021\/06\/Agora-rozpoczela-kampanie-Bez-LGBT-nie-ma-PoLski.jpg","contentUrl":"https:\/\/favorite-news.com\/pl\/wp-content\/uploads\/sites\/6\/2021\/06\/Agora-rozpoczela-kampanie-Bez-LGBT-nie-ma-PoLski.jpg","width":655,"height":435,"caption":"Article"},{"@type":"BreadcrumbList","@id":"https:\/\/favorite-news.com\/pl\/agora-rozpoczela-kampanie-bez-lgbt-nie-ma-polski\/#breadcrumb","itemListElement":[{"@type":"ListItem","position":1,"name":"Home","item":"https:\/\/favorite-news.com\/pl\/"},{"@type":"ListItem","position":2,"name":"Agora rozpocz\u0119\u0142a kampani\u0119 'Bez LGBT+ nie ma PoLski&#8217;"}]},{"@type":"WebSite","@id":"https:\/\/favorite-news.com\/pl\/#website","url":"https:\/\/favorite-news.com\/pl\/","name":"Favorite News","description":"Favorite News Polska","potentialAction":[{"@type":"SearchAction","target":{"@type":"EntryPoint","urlTemplate":"https:\/\/favorite-news.com\/pl\/?s={search_term_string}"},"query-input":{"@type":"PropertyValueSpecification","valueRequired":true,"valueName":"search_term_string"}}],"inLanguage":"pl-PL"},{"@type":"Person","@id":"https:\/\/favorite-news.com\/pl\/#\/schema\/person\/b91573b717dcfa5e4696032a9d28d3e8","name":"favorite-news","image":{"@type":"ImageObject","inLanguage":"pl-PL","@id":"https:\/\/secure.gravatar.com\/avatar\/6c5a5cb12b74e9d517ee91cf570335b7d16177f1977cc91db161adfa435945a7?s=96&d=mm&r=g","url":"https:\/\/secure.gravatar.com\/avatar\/6c5a5cb12b74e9d517ee91cf570335b7d16177f1977cc91db161adfa435945a7?s=96&d=mm&r=g","contentUrl":"https:\/\/secure.gravatar.com\/avatar\/6c5a5cb12b74e9d517ee91cf570335b7d16177f1977cc91db161adfa435945a7?s=96&d=mm&r=g","caption":"favorite-news"},"url":"https:\/\/favorite-news.com\/pl\/author\/pt\/"}]}},"_links":{"self":[{"href":"https:\/\/favorite-news.com\/pl\/wp-json\/wp\/v2\/posts\/6219","targetHints":{"allow":["GET"]}}],"collection":[{"href":"https:\/\/favorite-news.com\/pl\/wp-json\/wp\/v2\/posts"}],"about":[{"href":"https:\/\/favorite-news.com\/pl\/wp-json\/wp\/v2\/types\/post"}],"author":[{"embeddable":true,"href":"https:\/\/favorite-news.com\/pl\/wp-json\/wp\/v2\/users\/2"}],"replies":[{"embeddable":true,"href":"https:\/\/favorite-news.com\/pl\/wp-json\/wp\/v2\/comments?post=6219"}],"version-history":[{"count":1,"href":"https:\/\/favorite-news.com\/pl\/wp-json\/wp\/v2\/posts\/6219\/revisions"}],"predecessor-version":[{"id":6221,"href":"https:\/\/favorite-news.com\/pl\/wp-json\/wp\/v2\/posts\/6219\/revisions\/6221"}],"wp:featuredmedia":[{"embeddable":true,"href":"https:\/\/favorite-news.com\/pl\/wp-json\/wp\/v2\/media\/6220"}],"wp:attachment":[{"href":"https:\/\/favorite-news.com\/pl\/wp-json\/wp\/v2\/media?parent=6219"}],"wp:term":[{"taxonomy":"category","embeddable":true,"href":"https:\/\/favorite-news.com\/pl\/wp-json\/wp\/v2\/categories?post=6219"},{"taxonomy":"post_tag","embeddable":true,"href":"https:\/\/favorite-news.com\/pl\/wp-json\/wp\/v2\/tags?post=6219"}],"curies":[{"name":"wp","href":"https:\/\/api.w.org\/{rel}","templated":true}]}}