{"id":6201,"date":"2021-06-14T19:57:19","date_gmt":"2021-06-14T16:57:19","guid":{"rendered":"https:\/\/favorite-news.com\/pl\/slowacki-byl-polakiem-w-reklamie-piwa-tyskie-przed-meczem-polska-slowacja\/"},"modified":"2021-06-14T19:57:26","modified_gmt":"2021-06-14T16:57:26","slug":"slowacki-byl-polakiem-w-reklamie-piwa-tyskie-przed-meczem-polska-slowacja","status":"publish","type":"post","link":"https:\/\/favorite-news.com\/pl\/slowacki-byl-polakiem-w-reklamie-piwa-tyskie-przed-meczem-polska-slowacja\/","title":{"rendered":"&#8217;S\u0142owacki by\u0142 Polakiem&#8217; w reklamie piwa Tyskie przed meczem Polska &#8211; S\u0142owacja"},"content":{"rendered":"<p>W humorystyczny spos\u00f3b Tyskie (Kompania Piwowarska) zwraca si\u0119 do S\u0142owak\u00f3w przed meczem reprezentacji Polski ze S\u0142owacj\u0105. Mecz ju\u017c dzi\u015b o 18:00. B\u0119dzie go mo\u017cna zobaczy\u0107 w TVP1, TVP 4H, TVP Sport, a spotkanie skomentuj\u0105 Mateusz Borek i Kazimierz W\u0119grzyn.&#13;<br \/>\n&#13;<br \/>\nW poniedzia\u0142kowym &#8222;Przegl\u0105dzie Sportowym&#8221; i mediach spo\u0142eczno\u015bciowych Tyskie opublikowa\u0142o has\u0142o &#8222;Najwi\u0119kszy polski poeta to S\u0142owacki. Przejd\u017amy na TY&#8221;&#13;<br \/>\n&#13;<br \/>\n\u00a0Komunikacj\u0119 wspiera spot z z Micha\u0142em Polem i Tomaszem Smokowskim z Kana\u0142u Sportowego.&#13;<br \/>\n&#13;<br \/>\n&#13;<br \/>\n\t\t\t&#13;<br \/>\n&#13;<br \/>\nTyskie w trakcie Euro 2020 namawia do &#8222;Przej\u015bcia na TY&#8221; &#13;<br \/>\n&#13;<br \/>\nMarka w ramach platformy Przejd\u017amy na TY, realizuje strategi\u0119 szukania tego, co \u0142\u0105czy, mimo pozornych r\u00f3\u017cnic. W ubieg\u0142ym tygodniu Tyskie poprosi\u0142o kibic\u00f3w Irlandii o wsparcie Polak\u00f3w w meczu ze S\u0142owakami. W dzienniku Irish Daily Star ukaza\u0142 si\u0119 apel, w kt\u00f3rym marka pod has\u0142em Grab a Tyskie beer and help us cheer! (pol. Z\u0142ap Tyskie i pom\u00f3\u017c nam kibicowa\u0107) zach\u0119ca\u0142a Irlandczyk\u00f3w do dopingowania bia\u0142o-czerwonych. Taka sama reklama ukaza\u0142a si\u0119 r\u00f3wnie\u017c w dzienniku Irish Daily Mirror.&#13;<br \/>\n&#13;<br \/>\n&#13;<br \/>\n&#13;<br \/>\n&#13;<br \/>\nTyskie w ramach platformy Przejd\u017amy na TY, realizuje strategi\u0119 maj\u0105c\u0105 na celu szukanie wsp\u00f3lnego mianownika pomimo pozornych g\u0142\u0119bokich r\u00f3\u017cnic, kt\u00f3re polaryzuj\u0105 Polak\u00f3w. Po przekonaniu Marcina Najmana i Krzysztofa Stanowskiego, \u017ce warto za\u017cegna\u0107 konflikt i przej\u015b\u0107 na Ty, marka wykupi\u0142a przestrze\u0144 reklamow\u0105 w konkurencyjnych tygodnikach \u201eNewsweek&#8221; i \u201eSieci&#8221; i opublikowa\u0142a w ka\u017cdym z nich po\u0142ow\u0119 reklamy. Po z\u0142\u0105czeniu reklam odbiorca widzi ca\u0142o\u015b\u0107 &#8211; d\u0142onie stukaj\u0105ce si\u0119 butelkami z imionami: Pawe\u0142 i Gawe\u0142.&#13;<br \/>\n&#13;<br \/>\nZa przygotowanie komunikacji offline i online przed meczem ze S\u0142owacj\u0105 odpowiada Huta 19 im. Joachima Fersengelda. Agencja odpowiada r\u00f3wnie\u017c za przygotowanie filmu z Micha\u0142em Polem i Tomaszem Smokowskim, kt\u00f3rego re\u017cyserem jest Dariusz Rzontkowski, Partner w Hucie 19. Produkcj\u0105 filmu zaj\u0105\u0142 si\u0119 dom produkcyjny Houdini, a posptrodukcj\u0105 Lokomotiv.&#13;<br \/>\n                                                        &#13;<br \/>\n                            &#13;<br \/>\n                            &#13;<br \/>\n                                                            &#13;<br \/>\n&#13;<br \/>\n                            &#13;<\/p>\n<p>\n<!--noindex--><br \/>\n<a href=\"https:\/\/www.wirtualnemedia.pl\/artykul\/mecz-polska-slowacja-euro-2020-gdzie-ogladac-reklama-tyskie-najwiekszy-polski-poeta-to-slowacki-przejdzmy-na-ty\" rel=\"nofollow\">Source link <\/a><br \/>\n<!--\/noindex--><\/p>\n","protected":false},"excerpt":{"rendered":"<p>W humorystyczny spos\u00f3b Tyskie (Kompania Piwowarska) zwraca si\u0119 do S\u0142owak\u00f3w przed meczem reprezentacji Polski ze S\u0142owacj\u0105. Mecz ju\u017c dzi\u015b o 18:00. B\u0119dzie go mo\u017cna zobaczy\u0107 w TVP1, TVP 4H, TVP Sport, a spotkanie skomentuj\u0105 Mateusz Borek i Kazimierz W\u0119grzyn.&#13; &#13; W poniedzia\u0142kowym &#8222;Przegl\u0105dzie Sportowym&#8221; i mediach spo\u0142eczno\u015bciowych Tyskie opublikowa\u0142o has\u0142o &#8222;Najwi\u0119kszy polski poeta to S\u0142owacki. [&hellip;]<\/p>\n","protected":false},"author":2,"featured_media":6202,"comment_status":"open","ping_status":"open","sticky":false,"template":"","format":"standard","meta":{"footnotes":""},"categories":[2],"tags":[],"class_list":["post-6201","post","type-post","status-publish","format-standard","has-post-thumbnail","hentry","category-wiadomosci-marketingowe-internetowe"],"yoast_head":"<!-- This site is optimized with the Yoast SEO plugin v27.4 - https:\/\/yoast.com\/product\/yoast-seo-wordpress\/ -->\n<title>&#039;S\u0142owacki by\u0142 Polakiem&#039; w reklamie piwa Tyskie przed meczem Polska - S\u0142owacja - Favorite News<\/title>\n<meta name=\"robots\" content=\"index, follow, max-snippet:-1, max-image-preview:large, max-video-preview:-1\" \/>\n<link rel=\"canonical\" href=\"https:\/\/favorite-news.com\/pl\/slowacki-byl-polakiem-w-reklamie-piwa-tyskie-przed-meczem-polska-slowacja\/\" \/>\n<meta property=\"og:locale\" content=\"pl_PL\" \/>\n<meta property=\"og:type\" content=\"article\" \/>\n<meta property=\"og:title\" content=\"&#039;S\u0142owacki by\u0142 Polakiem&#039; w reklamie piwa Tyskie przed meczem Polska - S\u0142owacja - Favorite News\" \/>\n<meta property=\"og:description\" content=\"W humorystyczny spos\u00f3b Tyskie (Kompania Piwowarska) zwraca si\u0119 do S\u0142owak\u00f3w przed meczem reprezentacji Polski ze S\u0142owacj\u0105. Mecz ju\u017c dzi\u015b o 18:00. B\u0119dzie go mo\u017cna zobaczy\u0107 w TVP1, TVP 4H, TVP Sport, a spotkanie skomentuj\u0105 Mateusz Borek i Kazimierz W\u0119grzyn.&#013; &#013; W poniedzia\u0142kowym &#8222;Przegl\u0105dzie Sportowym&#8221; i mediach spo\u0142eczno\u015bciowych Tyskie opublikowa\u0142o has\u0142o &#8222;Najwi\u0119kszy polski poeta to S\u0142owacki. [&hellip;]\" \/>\n<meta property=\"og:url\" content=\"https:\/\/favorite-news.com\/pl\/slowacki-byl-polakiem-w-reklamie-piwa-tyskie-przed-meczem-polska-slowacja\/\" \/>\n<meta property=\"og:site_name\" content=\"Favorite News\" \/>\n<meta property=\"article:published_time\" content=\"2021-06-14T16:57:19+00:00\" \/>\n<meta property=\"article:modified_time\" content=\"2021-06-14T16:57:26+00:00\" \/>\n<meta property=\"og:image\" content=\"https:\/\/favorite-news.com\/pl\/wp-content\/uploads\/sites\/6\/2021\/06\/Slowacki-byl-Polakiem-w-reklamie-piwa-Tyskie-przed-meczem-Polska.jpg\" \/>\n\t<meta property=\"og:image:width\" content=\"655\" \/>\n\t<meta property=\"og:image:height\" content=\"435\" \/>\n\t<meta property=\"og:image:type\" content=\"image\/jpeg\" \/>\n<meta name=\"author\" content=\"favorite-news\" \/>\n<meta name=\"twitter:card\" content=\"summary_large_image\" \/>\n<meta name=\"twitter:label1\" content=\"Napisane przez\" \/>\n\t<meta name=\"twitter:data1\" content=\"favorite-news\" \/>\n\t<meta name=\"twitter:label2\" content=\"Szacowany czas czytania\" \/>\n\t<meta name=\"twitter:data2\" content=\"2 minuty\" \/>\n<script type=\"application\/ld+json\" class=\"yoast-schema-graph\">{\"@context\":\"https:\\\/\\\/schema.org\",\"@graph\":[{\"@type\":\"Article\",\"@id\":\"https:\\\/\\\/favorite-news.com\\\/pl\\\/slowacki-byl-polakiem-w-reklamie-piwa-tyskie-przed-meczem-polska-slowacja\\\/#article\",\"isPartOf\":{\"@id\":\"https:\\\/\\\/favorite-news.com\\\/pl\\\/slowacki-byl-polakiem-w-reklamie-piwa-tyskie-przed-meczem-polska-slowacja\\\/\"},\"author\":{\"name\":\"favorite-news\",\"@id\":\"https:\\\/\\\/favorite-news.com\\\/pl\\\/#\\\/schema\\\/person\\\/b91573b717dcfa5e4696032a9d28d3e8\"},\"headline\":\"&#8217;S\u0142owacki by\u0142 Polakiem&#8217; w reklamie piwa Tyskie przed meczem Polska &#8211; S\u0142owacja\",\"datePublished\":\"2021-06-14T16:57:19+00:00\",\"dateModified\":\"2021-06-14T16:57:26+00:00\",\"mainEntityOfPage\":{\"@id\":\"https:\\\/\\\/favorite-news.com\\\/pl\\\/slowacki-byl-polakiem-w-reklamie-piwa-tyskie-przed-meczem-polska-slowacja\\\/\"},\"wordCount\":340,\"commentCount\":0,\"image\":{\"@id\":\"https:\\\/\\\/favorite-news.com\\\/pl\\\/slowacki-byl-polakiem-w-reklamie-piwa-tyskie-przed-meczem-polska-slowacja\\\/#primaryimage\"},\"thumbnailUrl\":\"https:\\\/\\\/favorite-news.com\\\/pl\\\/wp-content\\\/uploads\\\/sites\\\/6\\\/2021\\\/06\\\/Slowacki-byl-Polakiem-w-reklamie-piwa-Tyskie-przed-meczem-Polska.jpg\",\"articleSection\":[\"WIADOMO\u015aCI MARKETINGOWE INTERNETOWE\"],\"inLanguage\":\"pl-PL\",\"potentialAction\":[{\"@type\":\"CommentAction\",\"name\":\"Comment\",\"target\":[\"https:\\\/\\\/favorite-news.com\\\/pl\\\/slowacki-byl-polakiem-w-reklamie-piwa-tyskie-przed-meczem-polska-slowacja\\\/#respond\"]}]},{\"@type\":\"WebPage\",\"@id\":\"https:\\\/\\\/favorite-news.com\\\/pl\\\/slowacki-byl-polakiem-w-reklamie-piwa-tyskie-przed-meczem-polska-slowacja\\\/\",\"url\":\"https:\\\/\\\/favorite-news.com\\\/pl\\\/slowacki-byl-polakiem-w-reklamie-piwa-tyskie-przed-meczem-polska-slowacja\\\/\",\"name\":\"'S\u0142owacki by\u0142 Polakiem' w reklamie piwa Tyskie przed meczem Polska - S\u0142owacja - Favorite News\",\"isPartOf\":{\"@id\":\"https:\\\/\\\/favorite-news.com\\\/pl\\\/#website\"},\"primaryImageOfPage\":{\"@id\":\"https:\\\/\\\/favorite-news.com\\\/pl\\\/slowacki-byl-polakiem-w-reklamie-piwa-tyskie-przed-meczem-polska-slowacja\\\/#primaryimage\"},\"image\":{\"@id\":\"https:\\\/\\\/favorite-news.com\\\/pl\\\/slowacki-byl-polakiem-w-reklamie-piwa-tyskie-przed-meczem-polska-slowacja\\\/#primaryimage\"},\"thumbnailUrl\":\"https:\\\/\\\/favorite-news.com\\\/pl\\\/wp-content\\\/uploads\\\/sites\\\/6\\\/2021\\\/06\\\/Slowacki-byl-Polakiem-w-reklamie-piwa-Tyskie-przed-meczem-Polska.jpg\",\"datePublished\":\"2021-06-14T16:57:19+00:00\",\"dateModified\":\"2021-06-14T16:57:26+00:00\",\"author\":{\"@id\":\"https:\\\/\\\/favorite-news.com\\\/pl\\\/#\\\/schema\\\/person\\\/b91573b717dcfa5e4696032a9d28d3e8\"},\"breadcrumb\":{\"@id\":\"https:\\\/\\\/favorite-news.com\\\/pl\\\/slowacki-byl-polakiem-w-reklamie-piwa-tyskie-przed-meczem-polska-slowacja\\\/#breadcrumb\"},\"inLanguage\":\"pl-PL\",\"potentialAction\":[{\"@type\":\"ReadAction\",\"target\":[\"https:\\\/\\\/favorite-news.com\\\/pl\\\/slowacki-byl-polakiem-w-reklamie-piwa-tyskie-przed-meczem-polska-slowacja\\\/\"]}]},{\"@type\":\"ImageObject\",\"inLanguage\":\"pl-PL\",\"@id\":\"https:\\\/\\\/favorite-news.com\\\/pl\\\/slowacki-byl-polakiem-w-reklamie-piwa-tyskie-przed-meczem-polska-slowacja\\\/#primaryimage\",\"url\":\"https:\\\/\\\/favorite-news.com\\\/pl\\\/wp-content\\\/uploads\\\/sites\\\/6\\\/2021\\\/06\\\/Slowacki-byl-Polakiem-w-reklamie-piwa-Tyskie-przed-meczem-Polska.jpg\",\"contentUrl\":\"https:\\\/\\\/favorite-news.com\\\/pl\\\/wp-content\\\/uploads\\\/sites\\\/6\\\/2021\\\/06\\\/Slowacki-byl-Polakiem-w-reklamie-piwa-Tyskie-przed-meczem-Polska.jpg\",\"width\":655,\"height\":435,\"caption\":\"Article\"},{\"@type\":\"BreadcrumbList\",\"@id\":\"https:\\\/\\\/favorite-news.com\\\/pl\\\/slowacki-byl-polakiem-w-reklamie-piwa-tyskie-przed-meczem-polska-slowacja\\\/#breadcrumb\",\"itemListElement\":[{\"@type\":\"ListItem\",\"position\":1,\"name\":\"Home\",\"item\":\"https:\\\/\\\/favorite-news.com\\\/pl\\\/\"},{\"@type\":\"ListItem\",\"position\":2,\"name\":\"&#8217;S\u0142owacki by\u0142 Polakiem&#8217; w reklamie piwa Tyskie przed meczem Polska &#8211; S\u0142owacja\"}]},{\"@type\":\"WebSite\",\"@id\":\"https:\\\/\\\/favorite-news.com\\\/pl\\\/#website\",\"url\":\"https:\\\/\\\/favorite-news.com\\\/pl\\\/\",\"name\":\"Favorite News\",\"description\":\"Favorite News Polska\",\"potentialAction\":[{\"@type\":\"SearchAction\",\"target\":{\"@type\":\"EntryPoint\",\"urlTemplate\":\"https:\\\/\\\/favorite-news.com\\\/pl\\\/?s={search_term_string}\"},\"query-input\":{\"@type\":\"PropertyValueSpecification\",\"valueRequired\":true,\"valueName\":\"search_term_string\"}}],\"inLanguage\":\"pl-PL\"},{\"@type\":\"Person\",\"@id\":\"https:\\\/\\\/favorite-news.com\\\/pl\\\/#\\\/schema\\\/person\\\/b91573b717dcfa5e4696032a9d28d3e8\",\"name\":\"favorite-news\",\"image\":{\"@type\":\"ImageObject\",\"inLanguage\":\"pl-PL\",\"@id\":\"https:\\\/\\\/secure.gravatar.com\\\/avatar\\\/6c5a5cb12b74e9d517ee91cf570335b7d16177f1977cc91db161adfa435945a7?s=96&d=mm&r=g\",\"url\":\"https:\\\/\\\/secure.gravatar.com\\\/avatar\\\/6c5a5cb12b74e9d517ee91cf570335b7d16177f1977cc91db161adfa435945a7?s=96&d=mm&r=g\",\"contentUrl\":\"https:\\\/\\\/secure.gravatar.com\\\/avatar\\\/6c5a5cb12b74e9d517ee91cf570335b7d16177f1977cc91db161adfa435945a7?s=96&d=mm&r=g\",\"caption\":\"favorite-news\"},\"url\":\"https:\\\/\\\/favorite-news.com\\\/pl\\\/author\\\/pt\\\/\"}]}<\/script>\n<!-- \/ Yoast SEO plugin. -->","yoast_head_json":{"title":"'S\u0142owacki by\u0142 Polakiem' w reklamie piwa Tyskie przed meczem Polska - S\u0142owacja - Favorite News","robots":{"index":"index","follow":"follow","max-snippet":"max-snippet:-1","max-image-preview":"max-image-preview:large","max-video-preview":"max-video-preview:-1"},"canonical":"https:\/\/favorite-news.com\/pl\/slowacki-byl-polakiem-w-reklamie-piwa-tyskie-przed-meczem-polska-slowacja\/","og_locale":"pl_PL","og_type":"article","og_title":"'S\u0142owacki by\u0142 Polakiem' w reklamie piwa Tyskie przed meczem Polska - S\u0142owacja - Favorite News","og_description":"W humorystyczny spos\u00f3b Tyskie (Kompania Piwowarska) zwraca si\u0119 do S\u0142owak\u00f3w przed meczem reprezentacji Polski ze S\u0142owacj\u0105. Mecz ju\u017c dzi\u015b o 18:00. B\u0119dzie go mo\u017cna zobaczy\u0107 w TVP1, TVP 4H, TVP Sport, a spotkanie skomentuj\u0105 Mateusz Borek i Kazimierz W\u0119grzyn.&#13; &#13; W poniedzia\u0142kowym &#8222;Przegl\u0105dzie Sportowym&#8221; i mediach spo\u0142eczno\u015bciowych Tyskie opublikowa\u0142o has\u0142o &#8222;Najwi\u0119kszy polski poeta to S\u0142owacki. [&hellip;]","og_url":"https:\/\/favorite-news.com\/pl\/slowacki-byl-polakiem-w-reklamie-piwa-tyskie-przed-meczem-polska-slowacja\/","og_site_name":"Favorite News","article_published_time":"2021-06-14T16:57:19+00:00","article_modified_time":"2021-06-14T16:57:26+00:00","og_image":[{"width":655,"height":435,"url":"https:\/\/favorite-news.com\/pl\/wp-content\/uploads\/sites\/6\/2021\/06\/Slowacki-byl-Polakiem-w-reklamie-piwa-Tyskie-przed-meczem-Polska.jpg","type":"image\/jpeg"}],"author":"favorite-news","twitter_card":"summary_large_image","twitter_misc":{"Napisane przez":"favorite-news","Szacowany czas czytania":"2 minuty"},"schema":{"@context":"https:\/\/schema.org","@graph":[{"@type":"Article","@id":"https:\/\/favorite-news.com\/pl\/slowacki-byl-polakiem-w-reklamie-piwa-tyskie-przed-meczem-polska-slowacja\/#article","isPartOf":{"@id":"https:\/\/favorite-news.com\/pl\/slowacki-byl-polakiem-w-reklamie-piwa-tyskie-przed-meczem-polska-slowacja\/"},"author":{"name":"favorite-news","@id":"https:\/\/favorite-news.com\/pl\/#\/schema\/person\/b91573b717dcfa5e4696032a9d28d3e8"},"headline":"&#8217;S\u0142owacki by\u0142 Polakiem&#8217; w reklamie piwa Tyskie przed meczem Polska &#8211; S\u0142owacja","datePublished":"2021-06-14T16:57:19+00:00","dateModified":"2021-06-14T16:57:26+00:00","mainEntityOfPage":{"@id":"https:\/\/favorite-news.com\/pl\/slowacki-byl-polakiem-w-reklamie-piwa-tyskie-przed-meczem-polska-slowacja\/"},"wordCount":340,"commentCount":0,"image":{"@id":"https:\/\/favorite-news.com\/pl\/slowacki-byl-polakiem-w-reklamie-piwa-tyskie-przed-meczem-polska-slowacja\/#primaryimage"},"thumbnailUrl":"https:\/\/favorite-news.com\/pl\/wp-content\/uploads\/sites\/6\/2021\/06\/Slowacki-byl-Polakiem-w-reklamie-piwa-Tyskie-przed-meczem-Polska.jpg","articleSection":["WIADOMO\u015aCI MARKETINGOWE INTERNETOWE"],"inLanguage":"pl-PL","potentialAction":[{"@type":"CommentAction","name":"Comment","target":["https:\/\/favorite-news.com\/pl\/slowacki-byl-polakiem-w-reklamie-piwa-tyskie-przed-meczem-polska-slowacja\/#respond"]}]},{"@type":"WebPage","@id":"https:\/\/favorite-news.com\/pl\/slowacki-byl-polakiem-w-reklamie-piwa-tyskie-przed-meczem-polska-slowacja\/","url":"https:\/\/favorite-news.com\/pl\/slowacki-byl-polakiem-w-reklamie-piwa-tyskie-przed-meczem-polska-slowacja\/","name":"'S\u0142owacki by\u0142 Polakiem' w reklamie piwa Tyskie przed meczem Polska - S\u0142owacja - Favorite News","isPartOf":{"@id":"https:\/\/favorite-news.com\/pl\/#website"},"primaryImageOfPage":{"@id":"https:\/\/favorite-news.com\/pl\/slowacki-byl-polakiem-w-reklamie-piwa-tyskie-przed-meczem-polska-slowacja\/#primaryimage"},"image":{"@id":"https:\/\/favorite-news.com\/pl\/slowacki-byl-polakiem-w-reklamie-piwa-tyskie-przed-meczem-polska-slowacja\/#primaryimage"},"thumbnailUrl":"https:\/\/favorite-news.com\/pl\/wp-content\/uploads\/sites\/6\/2021\/06\/Slowacki-byl-Polakiem-w-reklamie-piwa-Tyskie-przed-meczem-Polska.jpg","datePublished":"2021-06-14T16:57:19+00:00","dateModified":"2021-06-14T16:57:26+00:00","author":{"@id":"https:\/\/favorite-news.com\/pl\/#\/schema\/person\/b91573b717dcfa5e4696032a9d28d3e8"},"breadcrumb":{"@id":"https:\/\/favorite-news.com\/pl\/slowacki-byl-polakiem-w-reklamie-piwa-tyskie-przed-meczem-polska-slowacja\/#breadcrumb"},"inLanguage":"pl-PL","potentialAction":[{"@type":"ReadAction","target":["https:\/\/favorite-news.com\/pl\/slowacki-byl-polakiem-w-reklamie-piwa-tyskie-przed-meczem-polska-slowacja\/"]}]},{"@type":"ImageObject","inLanguage":"pl-PL","@id":"https:\/\/favorite-news.com\/pl\/slowacki-byl-polakiem-w-reklamie-piwa-tyskie-przed-meczem-polska-slowacja\/#primaryimage","url":"https:\/\/favorite-news.com\/pl\/wp-content\/uploads\/sites\/6\/2021\/06\/Slowacki-byl-Polakiem-w-reklamie-piwa-Tyskie-przed-meczem-Polska.jpg","contentUrl":"https:\/\/favorite-news.com\/pl\/wp-content\/uploads\/sites\/6\/2021\/06\/Slowacki-byl-Polakiem-w-reklamie-piwa-Tyskie-przed-meczem-Polska.jpg","width":655,"height":435,"caption":"Article"},{"@type":"BreadcrumbList","@id":"https:\/\/favorite-news.com\/pl\/slowacki-byl-polakiem-w-reklamie-piwa-tyskie-przed-meczem-polska-slowacja\/#breadcrumb","itemListElement":[{"@type":"ListItem","position":1,"name":"Home","item":"https:\/\/favorite-news.com\/pl\/"},{"@type":"ListItem","position":2,"name":"&#8217;S\u0142owacki by\u0142 Polakiem&#8217; w reklamie piwa Tyskie przed meczem Polska &#8211; S\u0142owacja"}]},{"@type":"WebSite","@id":"https:\/\/favorite-news.com\/pl\/#website","url":"https:\/\/favorite-news.com\/pl\/","name":"Favorite News","description":"Favorite News Polska","potentialAction":[{"@type":"SearchAction","target":{"@type":"EntryPoint","urlTemplate":"https:\/\/favorite-news.com\/pl\/?s={search_term_string}"},"query-input":{"@type":"PropertyValueSpecification","valueRequired":true,"valueName":"search_term_string"}}],"inLanguage":"pl-PL"},{"@type":"Person","@id":"https:\/\/favorite-news.com\/pl\/#\/schema\/person\/b91573b717dcfa5e4696032a9d28d3e8","name":"favorite-news","image":{"@type":"ImageObject","inLanguage":"pl-PL","@id":"https:\/\/secure.gravatar.com\/avatar\/6c5a5cb12b74e9d517ee91cf570335b7d16177f1977cc91db161adfa435945a7?s=96&d=mm&r=g","url":"https:\/\/secure.gravatar.com\/avatar\/6c5a5cb12b74e9d517ee91cf570335b7d16177f1977cc91db161adfa435945a7?s=96&d=mm&r=g","contentUrl":"https:\/\/secure.gravatar.com\/avatar\/6c5a5cb12b74e9d517ee91cf570335b7d16177f1977cc91db161adfa435945a7?s=96&d=mm&r=g","caption":"favorite-news"},"url":"https:\/\/favorite-news.com\/pl\/author\/pt\/"}]}},"_links":{"self":[{"href":"https:\/\/favorite-news.com\/pl\/wp-json\/wp\/v2\/posts\/6201","targetHints":{"allow":["GET"]}}],"collection":[{"href":"https:\/\/favorite-news.com\/pl\/wp-json\/wp\/v2\/posts"}],"about":[{"href":"https:\/\/favorite-news.com\/pl\/wp-json\/wp\/v2\/types\/post"}],"author":[{"embeddable":true,"href":"https:\/\/favorite-news.com\/pl\/wp-json\/wp\/v2\/users\/2"}],"replies":[{"embeddable":true,"href":"https:\/\/favorite-news.com\/pl\/wp-json\/wp\/v2\/comments?post=6201"}],"version-history":[{"count":1,"href":"https:\/\/favorite-news.com\/pl\/wp-json\/wp\/v2\/posts\/6201\/revisions"}],"predecessor-version":[{"id":6203,"href":"https:\/\/favorite-news.com\/pl\/wp-json\/wp\/v2\/posts\/6201\/revisions\/6203"}],"wp:featuredmedia":[{"embeddable":true,"href":"https:\/\/favorite-news.com\/pl\/wp-json\/wp\/v2\/media\/6202"}],"wp:attachment":[{"href":"https:\/\/favorite-news.com\/pl\/wp-json\/wp\/v2\/media?parent=6201"}],"wp:term":[{"taxonomy":"category","embeddable":true,"href":"https:\/\/favorite-news.com\/pl\/wp-json\/wp\/v2\/categories?post=6201"},{"taxonomy":"post_tag","embeddable":true,"href":"https:\/\/favorite-news.com\/pl\/wp-json\/wp\/v2\/tags?post=6201"}],"curies":[{"name":"wp","href":"https:\/\/api.w.org\/{rel}","templated":true}]}}