{"id":6180,"date":"2021-06-06T19:34:00","date_gmt":"2021-06-06T16:34:00","guid":{"rendered":"https:\/\/favorite-news.com\/pl\/mediacap-bez-dywidendy-zysk-glownie-na-kapital-zapasowy\/"},"modified":"2021-06-06T19:34:03","modified_gmt":"2021-06-06T16:34:03","slug":"mediacap-bez-dywidendy-zysk-glownie-na-kapital-zapasowy","status":"publish","type":"post","link":"https:\/\/favorite-news.com\/pl\/mediacap-bez-dywidendy-zysk-glownie-na-kapital-zapasowy\/","title":{"rendered":"Mediacap bez dywidendy, zysk g\u0142\u00f3wnie na kapita\u0142 zapasowy"},"content":{"rendered":"<p>W jednym z projekt\u00f3w uchwa\u0142 na walne zgromadzenie akcjonariuszy Mediacapu zapisano, \u017ce z zesz\u0142orocznego jednostkowego zysku netto sp\u00f3\u0142ki 899,7 mln z\u0142 zostanie przeznaczone na kapita\u0142 zapasowy i pozostawione na cele rozwojowe firmy, a 87,7 tys. z\u0142 na na pokrycie straty z wcze\u015bniejszych lat.&#13;<br \/>\n&#13;<br \/>\nWi\u0119kszo\u015bciowym akcjonariuszem Mediacapu jest prezes firmy Jacek Olechowski, ma walory stanowi\u0105ce 52,08 proc. kapita\u0142u i g\u0142os\u00f3w na walnym zgromadzeniu. Walne zgromadzenie sp\u00f3\u0142ki odb\u0119dzie si\u0119 30 czerwca.&#13;<br \/>\n&#13;<br \/>\n&#13;<br \/>\n\t\t\t&#13;<br \/>\n&#13;<br \/>\n&#13;<br \/>\nW ub.r. Mediacap w uj\u0119ciu skonsolidowanym zanotowa\u0142 spadek przychod\u00f3w sprzeda\u017cowych o 7,6 proc. do 122,58 mln z\u0142, a jego wynik netto poszed\u0142 w g\u00f3r\u0119 z 3,22 mln z\u0142 straty do 2,48 mln z\u0142 zysku. Wp\u0142ywy Grupy S\/F i IQS skurczy\u0142y si\u0119 o ponad 20 proc., natomiast Grupa LTTM wzrost o 19 proc. osi\u0105gn\u0119\u0142a dzi\u0119ki przej\u0119ciom.&#13;<br \/>\n&#13;<br \/>\nPoprzednio Mediacap dywidend\u0119 wyp\u0142aci\u0142 w 2018 roku &#8211; 1,1 mln z\u0142, po 6 groszy na akcj\u0119.&#13;<br \/>\n&#13;<br \/>\nFirma poda\u0142a ju\u017c wyniki finansowe z pierwszego kwarta\u0142u br. &#8211; jej przychody zwi\u0119kszy\u0142y si\u0119 o 11,9 proc. do 30,16 mln z\u0142, a strata netto zmala\u0142a z 3,02 mln z\u0142 do 833 tys. z\u0142.&#13;<br \/>\n&#13;<br \/>\nW miniony pi\u0105tek na koniec sesji gie\u0142dowej za akcj\u0119 Mediacapu p\u0142acono 2,50 z\u0142, co przek\u0142ada\u0142o si\u0119 na kapitalizacj\u0119 w wysoko\u015bci 47,05 mln z\u0142.&#13;<br \/>\n                                                        &#13;<br \/>\n                            &#13;<br \/>\n                            &#13;<br \/>\n                                                            &#13;<br \/>\n&#13;<br \/>\n                            &#13;<\/p>\n<p>\n<!--noindex--><br \/>\n<a href=\"https:\/\/www.wirtualnemedia.pl\/artykul\/mediacap-bez-dywidendy-zysk-glownie-na-kapital-zapasowy\" rel=\"nofollow\">Source link <\/a><br \/>\n<!--\/noindex--><\/p>\n","protected":false},"excerpt":{"rendered":"<p>W jednym z projekt\u00f3w uchwa\u0142 na walne zgromadzenie akcjonariuszy Mediacapu zapisano, \u017ce z zesz\u0142orocznego jednostkowego zysku netto sp\u00f3\u0142ki 899,7 mln z\u0142 zostanie przeznaczone na kapita\u0142 zapasowy i pozostawione na cele rozwojowe firmy, a 87,7 tys. z\u0142 na na pokrycie straty z wcze\u015bniejszych lat.&#13; &#13; Wi\u0119kszo\u015bciowym akcjonariuszem Mediacapu jest prezes firmy Jacek Olechowski, ma walory stanowi\u0105ce [&hellip;]<\/p>\n","protected":false},"author":2,"featured_media":5929,"comment_status":"open","ping_status":"open","sticky":false,"template":"","format":"standard","meta":{"footnotes":""},"categories":[2],"tags":[],"class_list":["post-6180","post","type-post","status-publish","format-standard","has-post-thumbnail","hentry","category-wiadomosci-marketingowe-internetowe"],"yoast_head":"<!-- This site is optimized with the Yoast SEO plugin v27.4 - https:\/\/yoast.com\/product\/yoast-seo-wordpress\/ -->\n<title>Mediacap bez dywidendy, zysk g\u0142\u00f3wnie na kapita\u0142 zapasowy - Favorite News<\/title>\n<meta name=\"robots\" content=\"index, follow, max-snippet:-1, max-image-preview:large, max-video-preview:-1\" \/>\n<link rel=\"canonical\" href=\"https:\/\/favorite-news.com\/pl\/mediacap-bez-dywidendy-zysk-glownie-na-kapital-zapasowy\/\" \/>\n<meta property=\"og:locale\" content=\"pl_PL\" \/>\n<meta property=\"og:type\" content=\"article\" \/>\n<meta property=\"og:title\" content=\"Mediacap bez dywidendy, zysk g\u0142\u00f3wnie na kapita\u0142 zapasowy - Favorite News\" \/>\n<meta property=\"og:description\" content=\"W jednym z projekt\u00f3w uchwa\u0142 na walne zgromadzenie akcjonariuszy Mediacapu zapisano, \u017ce z zesz\u0142orocznego jednostkowego zysku netto sp\u00f3\u0142ki 899,7 mln z\u0142 zostanie przeznaczone na kapita\u0142 zapasowy i pozostawione na cele rozwojowe firmy, a 87,7 tys. z\u0142 na na pokrycie straty z wcze\u015bniejszych lat.&#013; &#013; Wi\u0119kszo\u015bciowym akcjonariuszem Mediacapu jest prezes firmy Jacek Olechowski, ma walory stanowi\u0105ce [&hellip;]\" \/>\n<meta property=\"og:url\" content=\"https:\/\/favorite-news.com\/pl\/mediacap-bez-dywidendy-zysk-glownie-na-kapital-zapasowy\/\" \/>\n<meta property=\"og:site_name\" content=\"Favorite News\" \/>\n<meta property=\"article:published_time\" content=\"2021-06-06T16:34:00+00:00\" \/>\n<meta property=\"article:modified_time\" content=\"2021-06-06T16:34:03+00:00\" \/>\n<meta property=\"og:image\" content=\"https:\/\/favorite-news.com\/pl\/wp-content\/uploads\/sites\/6\/2021\/03\/Mediacap-za-270-tys-euro-kupuje-reszte-udzialow-Scholz.jpg\" \/>\n\t<meta property=\"og:image:width\" content=\"655\" \/>\n\t<meta property=\"og:image:height\" content=\"437\" \/>\n\t<meta property=\"og:image:type\" content=\"image\/jpeg\" \/>\n<meta name=\"author\" content=\"favorite-news\" \/>\n<meta name=\"twitter:card\" content=\"summary_large_image\" \/>\n<meta name=\"twitter:label1\" content=\"Napisane przez\" \/>\n\t<meta name=\"twitter:data1\" content=\"favorite-news\" \/>\n\t<meta name=\"twitter:label2\" content=\"Szacowany czas czytania\" \/>\n\t<meta name=\"twitter:data2\" content=\"1 minuta\" \/>\n<script type=\"application\/ld+json\" class=\"yoast-schema-graph\">{\"@context\":\"https:\\\/\\\/schema.org\",\"@graph\":[{\"@type\":\"Article\",\"@id\":\"https:\\\/\\\/favorite-news.com\\\/pl\\\/mediacap-bez-dywidendy-zysk-glownie-na-kapital-zapasowy\\\/#article\",\"isPartOf\":{\"@id\":\"https:\\\/\\\/favorite-news.com\\\/pl\\\/mediacap-bez-dywidendy-zysk-glownie-na-kapital-zapasowy\\\/\"},\"author\":{\"name\":\"favorite-news\",\"@id\":\"https:\\\/\\\/favorite-news.com\\\/pl\\\/#\\\/schema\\\/person\\\/b91573b717dcfa5e4696032a9d28d3e8\"},\"headline\":\"Mediacap bez dywidendy, zysk g\u0142\u00f3wnie na kapita\u0142 zapasowy\",\"datePublished\":\"2021-06-06T16:34:00+00:00\",\"dateModified\":\"2021-06-06T16:34:03+00:00\",\"mainEntityOfPage\":{\"@id\":\"https:\\\/\\\/favorite-news.com\\\/pl\\\/mediacap-bez-dywidendy-zysk-glownie-na-kapital-zapasowy\\\/\"},\"wordCount\":224,\"commentCount\":0,\"image\":{\"@id\":\"https:\\\/\\\/favorite-news.com\\\/pl\\\/mediacap-bez-dywidendy-zysk-glownie-na-kapital-zapasowy\\\/#primaryimage\"},\"thumbnailUrl\":\"https:\\\/\\\/favorite-news.com\\\/pl\\\/wp-content\\\/uploads\\\/sites\\\/6\\\/2021\\\/03\\\/Mediacap-za-270-tys-euro-kupuje-reszte-udzialow-Scholz.jpg\",\"articleSection\":[\"WIADOMO\u015aCI MARKETINGOWE INTERNETOWE\"],\"inLanguage\":\"pl-PL\",\"potentialAction\":[{\"@type\":\"CommentAction\",\"name\":\"Comment\",\"target\":[\"https:\\\/\\\/favorite-news.com\\\/pl\\\/mediacap-bez-dywidendy-zysk-glownie-na-kapital-zapasowy\\\/#respond\"]}]},{\"@type\":\"WebPage\",\"@id\":\"https:\\\/\\\/favorite-news.com\\\/pl\\\/mediacap-bez-dywidendy-zysk-glownie-na-kapital-zapasowy\\\/\",\"url\":\"https:\\\/\\\/favorite-news.com\\\/pl\\\/mediacap-bez-dywidendy-zysk-glownie-na-kapital-zapasowy\\\/\",\"name\":\"Mediacap bez dywidendy, zysk g\u0142\u00f3wnie na kapita\u0142 zapasowy - Favorite News\",\"isPartOf\":{\"@id\":\"https:\\\/\\\/favorite-news.com\\\/pl\\\/#website\"},\"primaryImageOfPage\":{\"@id\":\"https:\\\/\\\/favorite-news.com\\\/pl\\\/mediacap-bez-dywidendy-zysk-glownie-na-kapital-zapasowy\\\/#primaryimage\"},\"image\":{\"@id\":\"https:\\\/\\\/favorite-news.com\\\/pl\\\/mediacap-bez-dywidendy-zysk-glownie-na-kapital-zapasowy\\\/#primaryimage\"},\"thumbnailUrl\":\"https:\\\/\\\/favorite-news.com\\\/pl\\\/wp-content\\\/uploads\\\/sites\\\/6\\\/2021\\\/03\\\/Mediacap-za-270-tys-euro-kupuje-reszte-udzialow-Scholz.jpg\",\"datePublished\":\"2021-06-06T16:34:00+00:00\",\"dateModified\":\"2021-06-06T16:34:03+00:00\",\"author\":{\"@id\":\"https:\\\/\\\/favorite-news.com\\\/pl\\\/#\\\/schema\\\/person\\\/b91573b717dcfa5e4696032a9d28d3e8\"},\"breadcrumb\":{\"@id\":\"https:\\\/\\\/favorite-news.com\\\/pl\\\/mediacap-bez-dywidendy-zysk-glownie-na-kapital-zapasowy\\\/#breadcrumb\"},\"inLanguage\":\"pl-PL\",\"potentialAction\":[{\"@type\":\"ReadAction\",\"target\":[\"https:\\\/\\\/favorite-news.com\\\/pl\\\/mediacap-bez-dywidendy-zysk-glownie-na-kapital-zapasowy\\\/\"]}]},{\"@type\":\"ImageObject\",\"inLanguage\":\"pl-PL\",\"@id\":\"https:\\\/\\\/favorite-news.com\\\/pl\\\/mediacap-bez-dywidendy-zysk-glownie-na-kapital-zapasowy\\\/#primaryimage\",\"url\":\"https:\\\/\\\/favorite-news.com\\\/pl\\\/wp-content\\\/uploads\\\/sites\\\/6\\\/2021\\\/03\\\/Mediacap-za-270-tys-euro-kupuje-reszte-udzialow-Scholz.jpg\",\"contentUrl\":\"https:\\\/\\\/favorite-news.com\\\/pl\\\/wp-content\\\/uploads\\\/sites\\\/6\\\/2021\\\/03\\\/Mediacap-za-270-tys-euro-kupuje-reszte-udzialow-Scholz.jpg\",\"width\":655,\"height\":437,\"caption\":\"Article\"},{\"@type\":\"BreadcrumbList\",\"@id\":\"https:\\\/\\\/favorite-news.com\\\/pl\\\/mediacap-bez-dywidendy-zysk-glownie-na-kapital-zapasowy\\\/#breadcrumb\",\"itemListElement\":[{\"@type\":\"ListItem\",\"position\":1,\"name\":\"Home\",\"item\":\"https:\\\/\\\/favorite-news.com\\\/pl\\\/\"},{\"@type\":\"ListItem\",\"position\":2,\"name\":\"Mediacap bez dywidendy, zysk g\u0142\u00f3wnie na kapita\u0142 zapasowy\"}]},{\"@type\":\"WebSite\",\"@id\":\"https:\\\/\\\/favorite-news.com\\\/pl\\\/#website\",\"url\":\"https:\\\/\\\/favorite-news.com\\\/pl\\\/\",\"name\":\"Favorite News\",\"description\":\"Favorite News Polska\",\"potentialAction\":[{\"@type\":\"SearchAction\",\"target\":{\"@type\":\"EntryPoint\",\"urlTemplate\":\"https:\\\/\\\/favorite-news.com\\\/pl\\\/?s={search_term_string}\"},\"query-input\":{\"@type\":\"PropertyValueSpecification\",\"valueRequired\":true,\"valueName\":\"search_term_string\"}}],\"inLanguage\":\"pl-PL\"},{\"@type\":\"Person\",\"@id\":\"https:\\\/\\\/favorite-news.com\\\/pl\\\/#\\\/schema\\\/person\\\/b91573b717dcfa5e4696032a9d28d3e8\",\"name\":\"favorite-news\",\"image\":{\"@type\":\"ImageObject\",\"inLanguage\":\"pl-PL\",\"@id\":\"https:\\\/\\\/secure.gravatar.com\\\/avatar\\\/6c5a5cb12b74e9d517ee91cf570335b7d16177f1977cc91db161adfa435945a7?s=96&d=mm&r=g\",\"url\":\"https:\\\/\\\/secure.gravatar.com\\\/avatar\\\/6c5a5cb12b74e9d517ee91cf570335b7d16177f1977cc91db161adfa435945a7?s=96&d=mm&r=g\",\"contentUrl\":\"https:\\\/\\\/secure.gravatar.com\\\/avatar\\\/6c5a5cb12b74e9d517ee91cf570335b7d16177f1977cc91db161adfa435945a7?s=96&d=mm&r=g\",\"caption\":\"favorite-news\"},\"url\":\"https:\\\/\\\/favorite-news.com\\\/pl\\\/author\\\/pt\\\/\"}]}<\/script>\n<!-- \/ Yoast SEO plugin. -->","yoast_head_json":{"title":"Mediacap bez dywidendy, zysk g\u0142\u00f3wnie na kapita\u0142 zapasowy - Favorite News","robots":{"index":"index","follow":"follow","max-snippet":"max-snippet:-1","max-image-preview":"max-image-preview:large","max-video-preview":"max-video-preview:-1"},"canonical":"https:\/\/favorite-news.com\/pl\/mediacap-bez-dywidendy-zysk-glownie-na-kapital-zapasowy\/","og_locale":"pl_PL","og_type":"article","og_title":"Mediacap bez dywidendy, zysk g\u0142\u00f3wnie na kapita\u0142 zapasowy - Favorite News","og_description":"W jednym z projekt\u00f3w uchwa\u0142 na walne zgromadzenie akcjonariuszy Mediacapu zapisano, \u017ce z zesz\u0142orocznego jednostkowego zysku netto sp\u00f3\u0142ki 899,7 mln z\u0142 zostanie przeznaczone na kapita\u0142 zapasowy i pozostawione na cele rozwojowe firmy, a 87,7 tys. z\u0142 na na pokrycie straty z wcze\u015bniejszych lat.&#13; &#13; Wi\u0119kszo\u015bciowym akcjonariuszem Mediacapu jest prezes firmy Jacek Olechowski, ma walory stanowi\u0105ce [&hellip;]","og_url":"https:\/\/favorite-news.com\/pl\/mediacap-bez-dywidendy-zysk-glownie-na-kapital-zapasowy\/","og_site_name":"Favorite News","article_published_time":"2021-06-06T16:34:00+00:00","article_modified_time":"2021-06-06T16:34:03+00:00","og_image":[{"width":655,"height":437,"url":"https:\/\/favorite-news.com\/pl\/wp-content\/uploads\/sites\/6\/2021\/03\/Mediacap-za-270-tys-euro-kupuje-reszte-udzialow-Scholz.jpg","type":"image\/jpeg"}],"author":"favorite-news","twitter_card":"summary_large_image","twitter_misc":{"Napisane przez":"favorite-news","Szacowany czas czytania":"1 minuta"},"schema":{"@context":"https:\/\/schema.org","@graph":[{"@type":"Article","@id":"https:\/\/favorite-news.com\/pl\/mediacap-bez-dywidendy-zysk-glownie-na-kapital-zapasowy\/#article","isPartOf":{"@id":"https:\/\/favorite-news.com\/pl\/mediacap-bez-dywidendy-zysk-glownie-na-kapital-zapasowy\/"},"author":{"name":"favorite-news","@id":"https:\/\/favorite-news.com\/pl\/#\/schema\/person\/b91573b717dcfa5e4696032a9d28d3e8"},"headline":"Mediacap bez dywidendy, zysk g\u0142\u00f3wnie na kapita\u0142 zapasowy","datePublished":"2021-06-06T16:34:00+00:00","dateModified":"2021-06-06T16:34:03+00:00","mainEntityOfPage":{"@id":"https:\/\/favorite-news.com\/pl\/mediacap-bez-dywidendy-zysk-glownie-na-kapital-zapasowy\/"},"wordCount":224,"commentCount":0,"image":{"@id":"https:\/\/favorite-news.com\/pl\/mediacap-bez-dywidendy-zysk-glownie-na-kapital-zapasowy\/#primaryimage"},"thumbnailUrl":"https:\/\/favorite-news.com\/pl\/wp-content\/uploads\/sites\/6\/2021\/03\/Mediacap-za-270-tys-euro-kupuje-reszte-udzialow-Scholz.jpg","articleSection":["WIADOMO\u015aCI MARKETINGOWE INTERNETOWE"],"inLanguage":"pl-PL","potentialAction":[{"@type":"CommentAction","name":"Comment","target":["https:\/\/favorite-news.com\/pl\/mediacap-bez-dywidendy-zysk-glownie-na-kapital-zapasowy\/#respond"]}]},{"@type":"WebPage","@id":"https:\/\/favorite-news.com\/pl\/mediacap-bez-dywidendy-zysk-glownie-na-kapital-zapasowy\/","url":"https:\/\/favorite-news.com\/pl\/mediacap-bez-dywidendy-zysk-glownie-na-kapital-zapasowy\/","name":"Mediacap bez dywidendy, zysk g\u0142\u00f3wnie na kapita\u0142 zapasowy - Favorite News","isPartOf":{"@id":"https:\/\/favorite-news.com\/pl\/#website"},"primaryImageOfPage":{"@id":"https:\/\/favorite-news.com\/pl\/mediacap-bez-dywidendy-zysk-glownie-na-kapital-zapasowy\/#primaryimage"},"image":{"@id":"https:\/\/favorite-news.com\/pl\/mediacap-bez-dywidendy-zysk-glownie-na-kapital-zapasowy\/#primaryimage"},"thumbnailUrl":"https:\/\/favorite-news.com\/pl\/wp-content\/uploads\/sites\/6\/2021\/03\/Mediacap-za-270-tys-euro-kupuje-reszte-udzialow-Scholz.jpg","datePublished":"2021-06-06T16:34:00+00:00","dateModified":"2021-06-06T16:34:03+00:00","author":{"@id":"https:\/\/favorite-news.com\/pl\/#\/schema\/person\/b91573b717dcfa5e4696032a9d28d3e8"},"breadcrumb":{"@id":"https:\/\/favorite-news.com\/pl\/mediacap-bez-dywidendy-zysk-glownie-na-kapital-zapasowy\/#breadcrumb"},"inLanguage":"pl-PL","potentialAction":[{"@type":"ReadAction","target":["https:\/\/favorite-news.com\/pl\/mediacap-bez-dywidendy-zysk-glownie-na-kapital-zapasowy\/"]}]},{"@type":"ImageObject","inLanguage":"pl-PL","@id":"https:\/\/favorite-news.com\/pl\/mediacap-bez-dywidendy-zysk-glownie-na-kapital-zapasowy\/#primaryimage","url":"https:\/\/favorite-news.com\/pl\/wp-content\/uploads\/sites\/6\/2021\/03\/Mediacap-za-270-tys-euro-kupuje-reszte-udzialow-Scholz.jpg","contentUrl":"https:\/\/favorite-news.com\/pl\/wp-content\/uploads\/sites\/6\/2021\/03\/Mediacap-za-270-tys-euro-kupuje-reszte-udzialow-Scholz.jpg","width":655,"height":437,"caption":"Article"},{"@type":"BreadcrumbList","@id":"https:\/\/favorite-news.com\/pl\/mediacap-bez-dywidendy-zysk-glownie-na-kapital-zapasowy\/#breadcrumb","itemListElement":[{"@type":"ListItem","position":1,"name":"Home","item":"https:\/\/favorite-news.com\/pl\/"},{"@type":"ListItem","position":2,"name":"Mediacap bez dywidendy, zysk g\u0142\u00f3wnie na kapita\u0142 zapasowy"}]},{"@type":"WebSite","@id":"https:\/\/favorite-news.com\/pl\/#website","url":"https:\/\/favorite-news.com\/pl\/","name":"Favorite News","description":"Favorite News Polska","potentialAction":[{"@type":"SearchAction","target":{"@type":"EntryPoint","urlTemplate":"https:\/\/favorite-news.com\/pl\/?s={search_term_string}"},"query-input":{"@type":"PropertyValueSpecification","valueRequired":true,"valueName":"search_term_string"}}],"inLanguage":"pl-PL"},{"@type":"Person","@id":"https:\/\/favorite-news.com\/pl\/#\/schema\/person\/b91573b717dcfa5e4696032a9d28d3e8","name":"favorite-news","image":{"@type":"ImageObject","inLanguage":"pl-PL","@id":"https:\/\/secure.gravatar.com\/avatar\/6c5a5cb12b74e9d517ee91cf570335b7d16177f1977cc91db161adfa435945a7?s=96&d=mm&r=g","url":"https:\/\/secure.gravatar.com\/avatar\/6c5a5cb12b74e9d517ee91cf570335b7d16177f1977cc91db161adfa435945a7?s=96&d=mm&r=g","contentUrl":"https:\/\/secure.gravatar.com\/avatar\/6c5a5cb12b74e9d517ee91cf570335b7d16177f1977cc91db161adfa435945a7?s=96&d=mm&r=g","caption":"favorite-news"},"url":"https:\/\/favorite-news.com\/pl\/author\/pt\/"}]}},"_links":{"self":[{"href":"https:\/\/favorite-news.com\/pl\/wp-json\/wp\/v2\/posts\/6180","targetHints":{"allow":["GET"]}}],"collection":[{"href":"https:\/\/favorite-news.com\/pl\/wp-json\/wp\/v2\/posts"}],"about":[{"href":"https:\/\/favorite-news.com\/pl\/wp-json\/wp\/v2\/types\/post"}],"author":[{"embeddable":true,"href":"https:\/\/favorite-news.com\/pl\/wp-json\/wp\/v2\/users\/2"}],"replies":[{"embeddable":true,"href":"https:\/\/favorite-news.com\/pl\/wp-json\/wp\/v2\/comments?post=6180"}],"version-history":[{"count":1,"href":"https:\/\/favorite-news.com\/pl\/wp-json\/wp\/v2\/posts\/6180\/revisions"}],"predecessor-version":[{"id":6181,"href":"https:\/\/favorite-news.com\/pl\/wp-json\/wp\/v2\/posts\/6180\/revisions\/6181"}],"wp:featuredmedia":[{"embeddable":true,"href":"https:\/\/favorite-news.com\/pl\/wp-json\/wp\/v2\/media\/5929"}],"wp:attachment":[{"href":"https:\/\/favorite-news.com\/pl\/wp-json\/wp\/v2\/media?parent=6180"}],"wp:term":[{"taxonomy":"category","embeddable":true,"href":"https:\/\/favorite-news.com\/pl\/wp-json\/wp\/v2\/categories?post=6180"},{"taxonomy":"post_tag","embeddable":true,"href":"https:\/\/favorite-news.com\/pl\/wp-json\/wp\/v2\/tags?post=6180"}],"curies":[{"name":"wp","href":"https:\/\/api.w.org\/{rel}","templated":true}]}}