{"id":6155,"date":"2021-05-28T19:11:34","date_gmt":"2021-05-28T16:11:34","guid":{"rendered":"https:\/\/favorite-news.com\/pl\/tvn-nie-przyjmuje-juz-zlecen-reklamowych-na-czerwiec-jest-mniej-widowni-na-rynku\/"},"modified":"2021-05-28T19:11:37","modified_gmt":"2021-05-28T16:11:37","slug":"tvn-nie-przyjmuje-juz-zlecen-reklamowych-na-czerwiec-jest-mniej-widowni-na-rynku","status":"publish","type":"post","link":"https:\/\/favorite-news.com\/pl\/tvn-nie-przyjmuje-juz-zlecen-reklamowych-na-czerwiec-jest-mniej-widowni-na-rynku\/","title":{"rendered":"TVN nie przyjmuje ju\u017c zlece\u0144 reklamowych na czerwiec. 'Jest mniej widowni na rynku&#8217;"},"content":{"rendered":"<p>TVN Media, biuro reklamy TVN i Premium TV, w oficjalnym o\u015bwiadczeniu poinformowa\u0142o o redukcjach zlece\u0144 pakietowych, braku zasob\u00f3w oraz braku mo\u017cliwo\u015bci przyjmowania dodatkowych zam\u00f3wie\u0144 cennikowych na czerwiec.\u00a0\u00a0&#13;<br \/>\n&#13;<br \/>\n&#8211; Od maja br. widzimy znacz\u0105cy wzrost zainteresowania komunikacj\u0105\u00a0telewizyjn\u0105 oraz\u00a0digital. Z jednej strony jest to efekt zwi\u0105zany ze zbli\u017caj\u0105cym si\u0119 czerwcowym wydarzeniem pi\u0142karskim, z drugiej\u00a0strony wskazuje na du\u017ce o\u017cywienie i wzrost zapotrzebowania na komunikacj\u0119\u00a0marketingow\u0105 po wyj\u015bciu z okresu niepewno\u015bci spowodowanej pandemi\u0105. Redukcje komunikacji pakietowej w TVN Media w czerwcu si\u0119gaj\u0105 nawet\u00a0kilkudziesi\u0119ciu procent. W kolejnych miesi\u0105cach tak\u017ce przewidujemy przewag\u0119 popytu nad poda\u017c\u0105 w pakietach GRP &#8211; wyja\u015bnia w rozmowie z Wirtualnemedia.pl Marcin Idzik, dyrektor dzia\u0142u sprzeda\u017cy TVN Media.&#13;<br \/>\n&#13;<br \/>\nMaleje widownia, mniejsza poda\u017c zasob\u00f3w reklamowych&#13;<br \/>\n&#13;<br \/>\nMaciej Niepsuj, trading director w MullenLowe MediaHub t\u0142umaczy, \u017ce taka sytuacja w czerwcu to efekt r\u00f3\u017cnych czynnik\u00f3w. Z jednej strony wynika to z odmro\u017cenia gospodarki, startuj\u0105cych letnich kampanii sezonowych, komunikacji zwi\u0105zanej z pi\u0142karskim Euro 2020.\u00a0&#13;<br \/>\n&#13;<br \/>\n&#8211; Z drugiej strony to efekt spadaj\u0105cej ze wzgl\u0119du na pogod\u0119, zniesienie obostrze\u0144 i brak nowo\u015bci w ram\u00f3wkach stacji widowni,\u00a0 czyli du\u017co ni\u017cszej poda\u017cy zasob\u00f3w. \u00a0Sytuacja w czerwcu wygl\u0105da podobnie dla reszty rynku. W du\u017cym uproszczeniu mo\u017cna powiedzie\u0107, \u017ce niemal ca\u0142e zasoby du\u017cych anten sprzeda\u0142y si\u0119 cennikowo, natomiast nieliczne pakiety zosta\u0142y mocno zredukowane lub\/i ich jako\u015b\u0107 pozostawia sporo do \u017cyczenia. Du\u017ce redukcje widzimy r\u00f3wnie\u017c w stacjach tematycznych. Je\u017celi chodzi o miesi\u0105ce wakacyjne ci\u0119\u017cko na razie co\u015b powiedzie\u0107, niemniej zakupy cennikowe,\u00a0 do kt\u00f3rych zach\u0119caj\u0105 biura reklamy, przy braku ram\u00f3wek i ni\u017cszej wakacyjnej widowni to nie jest kierunek, kt\u00f3ry rekomendowaliby\u015bmy klientom &#8211; zaznacza nasz rozm\u00f3wca.&#13;<br \/>\n&#13;<br \/>\n&#13;<br \/>\n\t\t\t&#13;<br \/>\n&#13;<br \/>\n&#13;<br \/>\nO problemach w realizacji pakiet\u00f3w m\u00f3wi te\u017c Katarzyna Baczy\u0144ska, head of media w One House. Przyznaje wprost, \u017ce sytuacja z punktu widzenia prowadzenia i realizacji kampanii telewizyjnych jest ci\u0119\u017cka. Jej zdaniem na\u0142o\u017cy\u0142o si\u0119 na to kilka czynnik\u00f3w: po pierwsze, czas sp\u0119dzany przed telewizorem spad\u0142 zar\u00f3wno w grupie komercyjnej jak i grupie 4+ (nie tylko wobec 2020 roku co oczywiste, ale tak\u017ce w stosunku do 2019. Por\u00f3wnuj\u0105c maj 2021 do maja 2019 czas sp\u0119dzany przed TV skr\u00f3ci\u0142 si\u0119 \u015brednio a\u017c o 8 proc. w grupie komercyjnej).&#13;<br \/>\n&#13;<br \/>\nWidowni na sprzeda\u017c jest mniej&#13;<br \/>\n&#13;<br \/>\n&#8211; Oznacza to, \u017ce towaru, czyli widowni na sprzeda\u017c jest na rynku mniej. Po drugie &#8211; koniec okresu premierowego &#8211; a wi\u0119c jeszcze wi\u0119kszy odp\u0142yw widowni. W czerwcu czeka nas prze\u0142o\u017cone Euro 2020, co jeszcze bardziej rozchwieje rynek telewizyjny. W tym okresie wzrosn\u0105 oczywi\u015bcie zasoby na sprzeda\u017c w TVP, spadn\u0105 w TVN i Polsacie. A to oznacza, \u017ce zlecenia pakietowe,\u00a0 kt\u00f3re ju\u017c s\u0105 zabukowane (cz\u0119sto w mniejszym stopniu w stosunku do zlecenia) b\u0119d\u0105 si\u0119 realizowa\u0107 gorzej. W czerwcu cz\u0119\u015b\u0107 reklamodawc\u00f3w z grupami kobiecymi celowo chce unikn\u0105\u0107 \u00a0TVP &#8211; a to determinuje wzrost zainteresowania Polsatem i TVN, przy jednoczesnym zmniejszeniu dost\u0119pno\u015bci zasob\u00f3w &#8211; wskazuje Katarzyna Baczy\u0144ska.&#13;<br \/>\n&#13;<br \/>\n&#13;<br \/>\n&#13;<br \/>\n&#13;<br \/>\nEkspertka dodaje, \u017ce dodatkowo dochodzi te\u017c kwestia realizacji bud\u017cet\u00f3w wstrzymywanych w 2020 roku oraz powr\u00f3t do tzw. normalno\u015bci po lockdownie, a w zwi\u0105zku z tym aktywizacja reklamowa wielu bran\u017c.&#13;<br \/>\n&#13;<br \/>\n&#8211; To wszystko sprawia, \u017ce faktycznie sytuacja jest ci\u0119\u017cka, a udzia\u0142 zakupu cennikowego &#8211; zw\u0142aszcza w najbardziej poszukiwanym pa\u015bmie Prime Time &#8211; wzrasta, mimo podwy\u017cek. Co do kolejnych miesi\u0119cy nie spodziewam si\u0119 wyhamowania intensywno\u015bci komunikacji w telewizji z racji na du\u017co ni\u017csze ceny czasu antenowego &#8211; z pewno\u015bci\u0105 znajdzie si\u0119 wielu ch\u0119tnych, kt\u00f3rzy b\u0119d\u0105 go chcieli wykorzysta\u0107, a by\u0107 mo\u017ce przed\u0142u\u017cy\u0107 kampanie ze s\u0142absz\u0105 realizacj\u0105 na kolejny miesi\u0105c &#8211; przewiduje Katarzyna Baczy\u0144ska.&#13;<br \/>\n&#13;<br \/>\nWed\u0142ug danych Nielsen Audience Measurement w kwietniu br. \u015brednia widownia minutowa TVN wynosi\u0142a 466 380 widz\u00f3w, a udzia\u0142 stacji w rynku ogl\u0105dalno\u015bci &#8211; 7,18 proc. (po spadku rok do roku o 8,5 proc. rok do roku). TVN24 mia\u0142 5,06 proc. udzia\u0142u (7,3 proc. mniej ni\u017c rok wcze\u015bniej), a TVN7 &#8211; 3,77 proc., a TTV &#8211; 2,27 proc.&#13;<br \/>\n                                                        &#13;<br \/>\n                            &#13;<br \/>\n                            &#13;<br \/>\n                                                            &#13;<br \/>\n&#13;<br \/>\n                            &#13;<\/p>\n<p>\n<!--noindex--><br \/>\n<a href=\"https:\/\/www.wirtualnemedia.pl\/artykul\/tvn-nie-przyjmuje-juz-zlecen-reklamowych-na-czerwiec-redukcje-zlecen-pakietowych-o-kilkadziesiat-proc\" rel=\"nofollow\">Source link <\/a><br \/>\n<!--\/noindex--><\/p>\n","protected":false},"excerpt":{"rendered":"<p>TVN Media, biuro reklamy TVN i Premium TV, w oficjalnym o\u015bwiadczeniu poinformowa\u0142o o redukcjach zlece\u0144 pakietowych, braku zasob\u00f3w oraz braku mo\u017cliwo\u015bci przyjmowania dodatkowych zam\u00f3wie\u0144 cennikowych na czerwiec.\u00a0\u00a0&#13; &#13; &#8211; Od maja br. widzimy znacz\u0105cy wzrost zainteresowania komunikacj\u0105\u00a0telewizyjn\u0105 oraz\u00a0digital. Z jednej strony jest to efekt zwi\u0105zany ze zbli\u017caj\u0105cym si\u0119 czerwcowym wydarzeniem pi\u0142karskim, z drugiej\u00a0strony wskazuje na [&hellip;]<\/p>\n","protected":false},"author":2,"featured_media":6156,"comment_status":"open","ping_status":"open","sticky":false,"template":"","format":"standard","meta":{"footnotes":""},"categories":[2],"tags":[],"class_list":["post-6155","post","type-post","status-publish","format-standard","has-post-thumbnail","hentry","category-wiadomosci-marketingowe-internetowe"],"yoast_head":"<!-- This site is optimized with the Yoast SEO plugin v27.4 - https:\/\/yoast.com\/product\/yoast-seo-wordpress\/ -->\n<title>TVN nie przyjmuje ju\u017c zlece\u0144 reklamowych na czerwiec. &#039;Jest mniej widowni na rynku&#039; - Favorite News<\/title>\n<meta name=\"robots\" content=\"index, follow, max-snippet:-1, max-image-preview:large, max-video-preview:-1\" \/>\n<link rel=\"canonical\" href=\"https:\/\/favorite-news.com\/pl\/tvn-nie-przyjmuje-juz-zlecen-reklamowych-na-czerwiec-jest-mniej-widowni-na-rynku\/\" \/>\n<meta property=\"og:locale\" content=\"pl_PL\" \/>\n<meta property=\"og:type\" content=\"article\" \/>\n<meta property=\"og:title\" content=\"TVN nie przyjmuje ju\u017c zlece\u0144 reklamowych na czerwiec. &#039;Jest mniej widowni na rynku&#039; - Favorite News\" \/>\n<meta property=\"og:description\" content=\"TVN Media, biuro reklamy TVN i Premium TV, w oficjalnym o\u015bwiadczeniu poinformowa\u0142o o redukcjach zlece\u0144 pakietowych, braku zasob\u00f3w oraz braku mo\u017cliwo\u015bci przyjmowania dodatkowych zam\u00f3wie\u0144 cennikowych na czerwiec.\u00a0\u00a0&#013; &#013; &#8211; Od maja br. widzimy znacz\u0105cy wzrost zainteresowania komunikacj\u0105\u00a0telewizyjn\u0105 oraz\u00a0digital. Z jednej strony jest to efekt zwi\u0105zany ze zbli\u017caj\u0105cym si\u0119 czerwcowym wydarzeniem pi\u0142karskim, z drugiej\u00a0strony wskazuje na [&hellip;]\" \/>\n<meta property=\"og:url\" content=\"https:\/\/favorite-news.com\/pl\/tvn-nie-przyjmuje-juz-zlecen-reklamowych-na-czerwiec-jest-mniej-widowni-na-rynku\/\" \/>\n<meta property=\"og:site_name\" content=\"Favorite News\" \/>\n<meta property=\"article:published_time\" content=\"2021-05-28T16:11:34+00:00\" \/>\n<meta property=\"article:modified_time\" content=\"2021-05-28T16:11:37+00:00\" \/>\n<meta property=\"og:image\" content=\"https:\/\/favorite-news.com\/pl\/wp-content\/uploads\/sites\/6\/2021\/05\/TVN-nie-przyjmuje-juz-zlecen-reklamowych-na-czerwiec-Jest-mniej.jpg\" \/>\n\t<meta property=\"og:image:width\" content=\"655\" \/>\n\t<meta property=\"og:image:height\" content=\"437\" \/>\n\t<meta property=\"og:image:type\" content=\"image\/jpeg\" \/>\n<meta name=\"author\" content=\"favorite-news\" \/>\n<meta name=\"twitter:card\" content=\"summary_large_image\" \/>\n<meta name=\"twitter:label1\" content=\"Napisane przez\" \/>\n\t<meta name=\"twitter:data1\" content=\"favorite-news\" \/>\n\t<meta name=\"twitter:label2\" content=\"Szacowany czas czytania\" \/>\n\t<meta name=\"twitter:data2\" content=\"4 minuty\" \/>\n<script type=\"application\/ld+json\" class=\"yoast-schema-graph\">{\"@context\":\"https:\\\/\\\/schema.org\",\"@graph\":[{\"@type\":\"Article\",\"@id\":\"https:\\\/\\\/favorite-news.com\\\/pl\\\/tvn-nie-przyjmuje-juz-zlecen-reklamowych-na-czerwiec-jest-mniej-widowni-na-rynku\\\/#article\",\"isPartOf\":{\"@id\":\"https:\\\/\\\/favorite-news.com\\\/pl\\\/tvn-nie-przyjmuje-juz-zlecen-reklamowych-na-czerwiec-jest-mniej-widowni-na-rynku\\\/\"},\"author\":{\"name\":\"favorite-news\",\"@id\":\"https:\\\/\\\/favorite-news.com\\\/pl\\\/#\\\/schema\\\/person\\\/b91573b717dcfa5e4696032a9d28d3e8\"},\"headline\":\"TVN nie przyjmuje ju\u017c zlece\u0144 reklamowych na czerwiec. 'Jest mniej widowni na rynku&#8217;\",\"datePublished\":\"2021-05-28T16:11:34+00:00\",\"dateModified\":\"2021-05-28T16:11:37+00:00\",\"mainEntityOfPage\":{\"@id\":\"https:\\\/\\\/favorite-news.com\\\/pl\\\/tvn-nie-przyjmuje-juz-zlecen-reklamowych-na-czerwiec-jest-mniej-widowni-na-rynku\\\/\"},\"wordCount\":722,\"commentCount\":0,\"image\":{\"@id\":\"https:\\\/\\\/favorite-news.com\\\/pl\\\/tvn-nie-przyjmuje-juz-zlecen-reklamowych-na-czerwiec-jest-mniej-widowni-na-rynku\\\/#primaryimage\"},\"thumbnailUrl\":\"https:\\\/\\\/favorite-news.com\\\/pl\\\/wp-content\\\/uploads\\\/sites\\\/6\\\/2021\\\/05\\\/TVN-nie-przyjmuje-juz-zlecen-reklamowych-na-czerwiec-Jest-mniej.jpg\",\"articleSection\":[\"WIADOMO\u015aCI MARKETINGOWE INTERNETOWE\"],\"inLanguage\":\"pl-PL\",\"potentialAction\":[{\"@type\":\"CommentAction\",\"name\":\"Comment\",\"target\":[\"https:\\\/\\\/favorite-news.com\\\/pl\\\/tvn-nie-przyjmuje-juz-zlecen-reklamowych-na-czerwiec-jest-mniej-widowni-na-rynku\\\/#respond\"]}]},{\"@type\":\"WebPage\",\"@id\":\"https:\\\/\\\/favorite-news.com\\\/pl\\\/tvn-nie-przyjmuje-juz-zlecen-reklamowych-na-czerwiec-jest-mniej-widowni-na-rynku\\\/\",\"url\":\"https:\\\/\\\/favorite-news.com\\\/pl\\\/tvn-nie-przyjmuje-juz-zlecen-reklamowych-na-czerwiec-jest-mniej-widowni-na-rynku\\\/\",\"name\":\"TVN nie przyjmuje ju\u017c zlece\u0144 reklamowych na czerwiec. 'Jest mniej widowni na rynku' - Favorite News\",\"isPartOf\":{\"@id\":\"https:\\\/\\\/favorite-news.com\\\/pl\\\/#website\"},\"primaryImageOfPage\":{\"@id\":\"https:\\\/\\\/favorite-news.com\\\/pl\\\/tvn-nie-przyjmuje-juz-zlecen-reklamowych-na-czerwiec-jest-mniej-widowni-na-rynku\\\/#primaryimage\"},\"image\":{\"@id\":\"https:\\\/\\\/favorite-news.com\\\/pl\\\/tvn-nie-przyjmuje-juz-zlecen-reklamowych-na-czerwiec-jest-mniej-widowni-na-rynku\\\/#primaryimage\"},\"thumbnailUrl\":\"https:\\\/\\\/favorite-news.com\\\/pl\\\/wp-content\\\/uploads\\\/sites\\\/6\\\/2021\\\/05\\\/TVN-nie-przyjmuje-juz-zlecen-reklamowych-na-czerwiec-Jest-mniej.jpg\",\"datePublished\":\"2021-05-28T16:11:34+00:00\",\"dateModified\":\"2021-05-28T16:11:37+00:00\",\"author\":{\"@id\":\"https:\\\/\\\/favorite-news.com\\\/pl\\\/#\\\/schema\\\/person\\\/b91573b717dcfa5e4696032a9d28d3e8\"},\"breadcrumb\":{\"@id\":\"https:\\\/\\\/favorite-news.com\\\/pl\\\/tvn-nie-przyjmuje-juz-zlecen-reklamowych-na-czerwiec-jest-mniej-widowni-na-rynku\\\/#breadcrumb\"},\"inLanguage\":\"pl-PL\",\"potentialAction\":[{\"@type\":\"ReadAction\",\"target\":[\"https:\\\/\\\/favorite-news.com\\\/pl\\\/tvn-nie-przyjmuje-juz-zlecen-reklamowych-na-czerwiec-jest-mniej-widowni-na-rynku\\\/\"]}]},{\"@type\":\"ImageObject\",\"inLanguage\":\"pl-PL\",\"@id\":\"https:\\\/\\\/favorite-news.com\\\/pl\\\/tvn-nie-przyjmuje-juz-zlecen-reklamowych-na-czerwiec-jest-mniej-widowni-na-rynku\\\/#primaryimage\",\"url\":\"https:\\\/\\\/favorite-news.com\\\/pl\\\/wp-content\\\/uploads\\\/sites\\\/6\\\/2021\\\/05\\\/TVN-nie-przyjmuje-juz-zlecen-reklamowych-na-czerwiec-Jest-mniej.jpg\",\"contentUrl\":\"https:\\\/\\\/favorite-news.com\\\/pl\\\/wp-content\\\/uploads\\\/sites\\\/6\\\/2021\\\/05\\\/TVN-nie-przyjmuje-juz-zlecen-reklamowych-na-czerwiec-Jest-mniej.jpg\",\"width\":655,\"height\":437,\"caption\":\"Article\"},{\"@type\":\"BreadcrumbList\",\"@id\":\"https:\\\/\\\/favorite-news.com\\\/pl\\\/tvn-nie-przyjmuje-juz-zlecen-reklamowych-na-czerwiec-jest-mniej-widowni-na-rynku\\\/#breadcrumb\",\"itemListElement\":[{\"@type\":\"ListItem\",\"position\":1,\"name\":\"Home\",\"item\":\"https:\\\/\\\/favorite-news.com\\\/pl\\\/\"},{\"@type\":\"ListItem\",\"position\":2,\"name\":\"TVN nie przyjmuje ju\u017c zlece\u0144 reklamowych na czerwiec. 'Jest mniej widowni na rynku&#8217;\"}]},{\"@type\":\"WebSite\",\"@id\":\"https:\\\/\\\/favorite-news.com\\\/pl\\\/#website\",\"url\":\"https:\\\/\\\/favorite-news.com\\\/pl\\\/\",\"name\":\"Favorite News\",\"description\":\"Favorite News Polska\",\"potentialAction\":[{\"@type\":\"SearchAction\",\"target\":{\"@type\":\"EntryPoint\",\"urlTemplate\":\"https:\\\/\\\/favorite-news.com\\\/pl\\\/?s={search_term_string}\"},\"query-input\":{\"@type\":\"PropertyValueSpecification\",\"valueRequired\":true,\"valueName\":\"search_term_string\"}}],\"inLanguage\":\"pl-PL\"},{\"@type\":\"Person\",\"@id\":\"https:\\\/\\\/favorite-news.com\\\/pl\\\/#\\\/schema\\\/person\\\/b91573b717dcfa5e4696032a9d28d3e8\",\"name\":\"favorite-news\",\"image\":{\"@type\":\"ImageObject\",\"inLanguage\":\"pl-PL\",\"@id\":\"https:\\\/\\\/secure.gravatar.com\\\/avatar\\\/6c5a5cb12b74e9d517ee91cf570335b7d16177f1977cc91db161adfa435945a7?s=96&d=mm&r=g\",\"url\":\"https:\\\/\\\/secure.gravatar.com\\\/avatar\\\/6c5a5cb12b74e9d517ee91cf570335b7d16177f1977cc91db161adfa435945a7?s=96&d=mm&r=g\",\"contentUrl\":\"https:\\\/\\\/secure.gravatar.com\\\/avatar\\\/6c5a5cb12b74e9d517ee91cf570335b7d16177f1977cc91db161adfa435945a7?s=96&d=mm&r=g\",\"caption\":\"favorite-news\"},\"url\":\"https:\\\/\\\/favorite-news.com\\\/pl\\\/author\\\/pt\\\/\"}]}<\/script>\n<!-- \/ Yoast SEO plugin. -->","yoast_head_json":{"title":"TVN nie przyjmuje ju\u017c zlece\u0144 reklamowych na czerwiec. 'Jest mniej widowni na rynku' - Favorite News","robots":{"index":"index","follow":"follow","max-snippet":"max-snippet:-1","max-image-preview":"max-image-preview:large","max-video-preview":"max-video-preview:-1"},"canonical":"https:\/\/favorite-news.com\/pl\/tvn-nie-przyjmuje-juz-zlecen-reklamowych-na-czerwiec-jest-mniej-widowni-na-rynku\/","og_locale":"pl_PL","og_type":"article","og_title":"TVN nie przyjmuje ju\u017c zlece\u0144 reklamowych na czerwiec. 'Jest mniej widowni na rynku' - Favorite News","og_description":"TVN Media, biuro reklamy TVN i Premium TV, w oficjalnym o\u015bwiadczeniu poinformowa\u0142o o redukcjach zlece\u0144 pakietowych, braku zasob\u00f3w oraz braku mo\u017cliwo\u015bci przyjmowania dodatkowych zam\u00f3wie\u0144 cennikowych na czerwiec.\u00a0\u00a0&#13; &#13; &#8211; Od maja br. widzimy znacz\u0105cy wzrost zainteresowania komunikacj\u0105\u00a0telewizyjn\u0105 oraz\u00a0digital. Z jednej strony jest to efekt zwi\u0105zany ze zbli\u017caj\u0105cym si\u0119 czerwcowym wydarzeniem pi\u0142karskim, z drugiej\u00a0strony wskazuje na [&hellip;]","og_url":"https:\/\/favorite-news.com\/pl\/tvn-nie-przyjmuje-juz-zlecen-reklamowych-na-czerwiec-jest-mniej-widowni-na-rynku\/","og_site_name":"Favorite News","article_published_time":"2021-05-28T16:11:34+00:00","article_modified_time":"2021-05-28T16:11:37+00:00","og_image":[{"width":655,"height":437,"url":"https:\/\/favorite-news.com\/pl\/wp-content\/uploads\/sites\/6\/2021\/05\/TVN-nie-przyjmuje-juz-zlecen-reklamowych-na-czerwiec-Jest-mniej.jpg","type":"image\/jpeg"}],"author":"favorite-news","twitter_card":"summary_large_image","twitter_misc":{"Napisane przez":"favorite-news","Szacowany czas czytania":"4 minuty"},"schema":{"@context":"https:\/\/schema.org","@graph":[{"@type":"Article","@id":"https:\/\/favorite-news.com\/pl\/tvn-nie-przyjmuje-juz-zlecen-reklamowych-na-czerwiec-jest-mniej-widowni-na-rynku\/#article","isPartOf":{"@id":"https:\/\/favorite-news.com\/pl\/tvn-nie-przyjmuje-juz-zlecen-reklamowych-na-czerwiec-jest-mniej-widowni-na-rynku\/"},"author":{"name":"favorite-news","@id":"https:\/\/favorite-news.com\/pl\/#\/schema\/person\/b91573b717dcfa5e4696032a9d28d3e8"},"headline":"TVN nie przyjmuje ju\u017c zlece\u0144 reklamowych na czerwiec. 'Jest mniej widowni na rynku&#8217;","datePublished":"2021-05-28T16:11:34+00:00","dateModified":"2021-05-28T16:11:37+00:00","mainEntityOfPage":{"@id":"https:\/\/favorite-news.com\/pl\/tvn-nie-przyjmuje-juz-zlecen-reklamowych-na-czerwiec-jest-mniej-widowni-na-rynku\/"},"wordCount":722,"commentCount":0,"image":{"@id":"https:\/\/favorite-news.com\/pl\/tvn-nie-przyjmuje-juz-zlecen-reklamowych-na-czerwiec-jest-mniej-widowni-na-rynku\/#primaryimage"},"thumbnailUrl":"https:\/\/favorite-news.com\/pl\/wp-content\/uploads\/sites\/6\/2021\/05\/TVN-nie-przyjmuje-juz-zlecen-reklamowych-na-czerwiec-Jest-mniej.jpg","articleSection":["WIADOMO\u015aCI MARKETINGOWE INTERNETOWE"],"inLanguage":"pl-PL","potentialAction":[{"@type":"CommentAction","name":"Comment","target":["https:\/\/favorite-news.com\/pl\/tvn-nie-przyjmuje-juz-zlecen-reklamowych-na-czerwiec-jest-mniej-widowni-na-rynku\/#respond"]}]},{"@type":"WebPage","@id":"https:\/\/favorite-news.com\/pl\/tvn-nie-przyjmuje-juz-zlecen-reklamowych-na-czerwiec-jest-mniej-widowni-na-rynku\/","url":"https:\/\/favorite-news.com\/pl\/tvn-nie-przyjmuje-juz-zlecen-reklamowych-na-czerwiec-jest-mniej-widowni-na-rynku\/","name":"TVN nie przyjmuje ju\u017c zlece\u0144 reklamowych na czerwiec. 'Jest mniej widowni na rynku' - Favorite News","isPartOf":{"@id":"https:\/\/favorite-news.com\/pl\/#website"},"primaryImageOfPage":{"@id":"https:\/\/favorite-news.com\/pl\/tvn-nie-przyjmuje-juz-zlecen-reklamowych-na-czerwiec-jest-mniej-widowni-na-rynku\/#primaryimage"},"image":{"@id":"https:\/\/favorite-news.com\/pl\/tvn-nie-przyjmuje-juz-zlecen-reklamowych-na-czerwiec-jest-mniej-widowni-na-rynku\/#primaryimage"},"thumbnailUrl":"https:\/\/favorite-news.com\/pl\/wp-content\/uploads\/sites\/6\/2021\/05\/TVN-nie-przyjmuje-juz-zlecen-reklamowych-na-czerwiec-Jest-mniej.jpg","datePublished":"2021-05-28T16:11:34+00:00","dateModified":"2021-05-28T16:11:37+00:00","author":{"@id":"https:\/\/favorite-news.com\/pl\/#\/schema\/person\/b91573b717dcfa5e4696032a9d28d3e8"},"breadcrumb":{"@id":"https:\/\/favorite-news.com\/pl\/tvn-nie-przyjmuje-juz-zlecen-reklamowych-na-czerwiec-jest-mniej-widowni-na-rynku\/#breadcrumb"},"inLanguage":"pl-PL","potentialAction":[{"@type":"ReadAction","target":["https:\/\/favorite-news.com\/pl\/tvn-nie-przyjmuje-juz-zlecen-reklamowych-na-czerwiec-jest-mniej-widowni-na-rynku\/"]}]},{"@type":"ImageObject","inLanguage":"pl-PL","@id":"https:\/\/favorite-news.com\/pl\/tvn-nie-przyjmuje-juz-zlecen-reklamowych-na-czerwiec-jest-mniej-widowni-na-rynku\/#primaryimage","url":"https:\/\/favorite-news.com\/pl\/wp-content\/uploads\/sites\/6\/2021\/05\/TVN-nie-przyjmuje-juz-zlecen-reklamowych-na-czerwiec-Jest-mniej.jpg","contentUrl":"https:\/\/favorite-news.com\/pl\/wp-content\/uploads\/sites\/6\/2021\/05\/TVN-nie-przyjmuje-juz-zlecen-reklamowych-na-czerwiec-Jest-mniej.jpg","width":655,"height":437,"caption":"Article"},{"@type":"BreadcrumbList","@id":"https:\/\/favorite-news.com\/pl\/tvn-nie-przyjmuje-juz-zlecen-reklamowych-na-czerwiec-jest-mniej-widowni-na-rynku\/#breadcrumb","itemListElement":[{"@type":"ListItem","position":1,"name":"Home","item":"https:\/\/favorite-news.com\/pl\/"},{"@type":"ListItem","position":2,"name":"TVN nie przyjmuje ju\u017c zlece\u0144 reklamowych na czerwiec. 'Jest mniej widowni na rynku&#8217;"}]},{"@type":"WebSite","@id":"https:\/\/favorite-news.com\/pl\/#website","url":"https:\/\/favorite-news.com\/pl\/","name":"Favorite News","description":"Favorite News Polska","potentialAction":[{"@type":"SearchAction","target":{"@type":"EntryPoint","urlTemplate":"https:\/\/favorite-news.com\/pl\/?s={search_term_string}"},"query-input":{"@type":"PropertyValueSpecification","valueRequired":true,"valueName":"search_term_string"}}],"inLanguage":"pl-PL"},{"@type":"Person","@id":"https:\/\/favorite-news.com\/pl\/#\/schema\/person\/b91573b717dcfa5e4696032a9d28d3e8","name":"favorite-news","image":{"@type":"ImageObject","inLanguage":"pl-PL","@id":"https:\/\/secure.gravatar.com\/avatar\/6c5a5cb12b74e9d517ee91cf570335b7d16177f1977cc91db161adfa435945a7?s=96&d=mm&r=g","url":"https:\/\/secure.gravatar.com\/avatar\/6c5a5cb12b74e9d517ee91cf570335b7d16177f1977cc91db161adfa435945a7?s=96&d=mm&r=g","contentUrl":"https:\/\/secure.gravatar.com\/avatar\/6c5a5cb12b74e9d517ee91cf570335b7d16177f1977cc91db161adfa435945a7?s=96&d=mm&r=g","caption":"favorite-news"},"url":"https:\/\/favorite-news.com\/pl\/author\/pt\/"}]}},"_links":{"self":[{"href":"https:\/\/favorite-news.com\/pl\/wp-json\/wp\/v2\/posts\/6155","targetHints":{"allow":["GET"]}}],"collection":[{"href":"https:\/\/favorite-news.com\/pl\/wp-json\/wp\/v2\/posts"}],"about":[{"href":"https:\/\/favorite-news.com\/pl\/wp-json\/wp\/v2\/types\/post"}],"author":[{"embeddable":true,"href":"https:\/\/favorite-news.com\/pl\/wp-json\/wp\/v2\/users\/2"}],"replies":[{"embeddable":true,"href":"https:\/\/favorite-news.com\/pl\/wp-json\/wp\/v2\/comments?post=6155"}],"version-history":[{"count":1,"href":"https:\/\/favorite-news.com\/pl\/wp-json\/wp\/v2\/posts\/6155\/revisions"}],"predecessor-version":[{"id":6157,"href":"https:\/\/favorite-news.com\/pl\/wp-json\/wp\/v2\/posts\/6155\/revisions\/6157"}],"wp:featuredmedia":[{"embeddable":true,"href":"https:\/\/favorite-news.com\/pl\/wp-json\/wp\/v2\/media\/6156"}],"wp:attachment":[{"href":"https:\/\/favorite-news.com\/pl\/wp-json\/wp\/v2\/media?parent=6155"}],"wp:term":[{"taxonomy":"category","embeddable":true,"href":"https:\/\/favorite-news.com\/pl\/wp-json\/wp\/v2\/categories?post=6155"},{"taxonomy":"post_tag","embeddable":true,"href":"https:\/\/favorite-news.com\/pl\/wp-json\/wp\/v2\/tags?post=6155"}],"curies":[{"name":"wp","href":"https:\/\/api.w.org\/{rel}","templated":true}]}}