{"id":6146,"date":"2021-05-25T19:05:39","date_gmt":"2021-05-25T16:05:39","guid":{"rendered":"https:\/\/favorite-news.com\/pl\/kuba-wojewodzki-bedzie-mial-swoja-kolekcje-ubran\/"},"modified":"2021-05-25T19:05:46","modified_gmt":"2021-05-25T16:05:46","slug":"kuba-wojewodzki-bedzie-mial-swoja-kolekcje-ubran","status":"publish","type":"post","link":"https:\/\/favorite-news.com\/pl\/kuba-wojewodzki-bedzie-mial-swoja-kolekcje-ubran\/","title":{"rendered":"Kuba Wojew\u00f3dzki b\u0119dzie mia\u0142 swoj\u0105 kolekcj\u0119 ubra\u0144"},"content":{"rendered":"<p>O wsp\u00f3\u0142pracy z Susan Swimwear Kuba Wojew\u00f3dzki poinformowa\u0142 na swoim Instagramie. &#8211; Nic nas nie boli tak jak te ciuchy kt\u00f3rych nie kupili\u015bmy&#8230; Teraz b\u0119dzie szansa&#8230; Ju\u017c za moment moja pierwsza kolekcja stworzona razem ze @susan_swimwear &#8211; napisa\u0142 dziennikarz i prezenter.Wojew\u00f3dzki z kolekcj\u0105 ubra\u0144Limitowana kolekcja m\u0119skiej odzie\u017cy &#8222;Susan Sport&#8221; trafi do sprzeda\u017cy w czerwcu tego roku. Kuba Wojew\u00f3dzki uczestniczy\u0142 w projektowaniu kolekcji. B\u0119dzie promowa\u0142 j\u0105 w swoich social mediach.-\u00a0 Wsp\u00f3\u0142praca jest wynikiem spontanicznej decyzji. Kuba zobaczy\u0142 wysok\u0105 jako\u015b\u0107 moich produkt\u00f3w, stawiam bowiem na wysok\u0105 klas\u0119 wyko\u0144czenia rzeczy. Bardzo mocno doceni\u0142, co robi\u0119, jak po\u015bwi\u0119cam si\u0119 marce. W lutym tego roku zadzwoni\u0142 do mnie z propozycj\u0105 wsp\u00f3lnej kolekcji. Podj\u0119\u0142am si\u0119 tego projektu, prace ruszy\u0142y od razu. Z dobrych, kole\u017ce\u0144skich kontakt\u00f3w wpadli\u015bmy na genialny pomys\u0142 wsp\u00f3lnego stworzenia kolekcji &#8211; komentuje dla Wirtualnemedia.pl Zuzanna Niemczycka, za\u0142o\u017cycielka i w\u0142a\u015bcicielka marki Susan Swimwear.Kolekcja b\u0119dzie tak\u017ce promowana na kana\u0142ach social media Zuzanny Niemczyckiej, za\u0142o\u017cycielki i w\u0142a\u015bcicielki marki Susan Swimwear, a tak\u017ce na kana\u0142ach samego brandu.<br \/>\n<br \/>\n<!--noindex--><br \/>\n<a href=\"https:\/\/www.wirtualnemedia.pl\/artykul\/kuba-wojewodzki-susan-swimwear-kolekcja\" rel=\"nofollow\">Source link <\/a><br \/>\n<!--\/noindex--><\/p>\n","protected":false},"excerpt":{"rendered":"<p>O wsp\u00f3\u0142pracy z Susan Swimwear Kuba Wojew\u00f3dzki poinformowa\u0142 na swoim Instagramie. &#8211; Nic nas nie boli tak jak te ciuchy kt\u00f3rych nie kupili\u015bmy&#8230; Teraz b\u0119dzie szansa&#8230; Ju\u017c za moment moja pierwsza kolekcja stworzona razem ze @susan_swimwear &#8211; napisa\u0142 dziennikarz i prezenter.Wojew\u00f3dzki z kolekcj\u0105 ubra\u0144Limitowana kolekcja m\u0119skiej odzie\u017cy &#8222;Susan Sport&#8221; trafi do sprzeda\u017cy w czerwcu tego [&hellip;]<\/p>\n","protected":false},"author":2,"featured_media":6147,"comment_status":"open","ping_status":"open","sticky":false,"template":"","format":"standard","meta":{"footnotes":""},"categories":[2],"tags":[],"class_list":["post-6146","post","type-post","status-publish","format-standard","has-post-thumbnail","hentry","category-wiadomosci-marketingowe-internetowe"],"yoast_head":"<!-- This site is optimized with the Yoast SEO plugin v27.4 - https:\/\/yoast.com\/product\/yoast-seo-wordpress\/ -->\n<title>Kuba Wojew\u00f3dzki b\u0119dzie mia\u0142 swoj\u0105 kolekcj\u0119 ubra\u0144 - Favorite News<\/title>\n<meta name=\"robots\" content=\"index, follow, max-snippet:-1, max-image-preview:large, max-video-preview:-1\" \/>\n<link rel=\"canonical\" href=\"https:\/\/favorite-news.com\/pl\/kuba-wojewodzki-bedzie-mial-swoja-kolekcje-ubran\/\" \/>\n<meta property=\"og:locale\" content=\"pl_PL\" \/>\n<meta property=\"og:type\" content=\"article\" \/>\n<meta property=\"og:title\" content=\"Kuba Wojew\u00f3dzki b\u0119dzie mia\u0142 swoj\u0105 kolekcj\u0119 ubra\u0144 - Favorite News\" \/>\n<meta property=\"og:description\" content=\"O wsp\u00f3\u0142pracy z Susan Swimwear Kuba Wojew\u00f3dzki poinformowa\u0142 na swoim Instagramie. &#8211; Nic nas nie boli tak jak te ciuchy kt\u00f3rych nie kupili\u015bmy&#8230; Teraz b\u0119dzie szansa&#8230; Ju\u017c za moment moja pierwsza kolekcja stworzona razem ze @susan_swimwear &#8211; napisa\u0142 dziennikarz i prezenter.Wojew\u00f3dzki z kolekcj\u0105 ubra\u0144Limitowana kolekcja m\u0119skiej odzie\u017cy &#8222;Susan Sport&#8221; trafi do sprzeda\u017cy w czerwcu tego [&hellip;]\" \/>\n<meta property=\"og:url\" content=\"https:\/\/favorite-news.com\/pl\/kuba-wojewodzki-bedzie-mial-swoja-kolekcje-ubran\/\" \/>\n<meta property=\"og:site_name\" content=\"Favorite News\" \/>\n<meta property=\"article:published_time\" content=\"2021-05-25T16:05:39+00:00\" \/>\n<meta property=\"article:modified_time\" content=\"2021-05-25T16:05:46+00:00\" \/>\n<meta property=\"og:image\" content=\"https:\/\/favorite-news.com\/pl\/wp-content\/uploads\/sites\/6\/2021\/05\/Kuba-Wojewodzki-bedzie-mial-swoja-kolekcje-ubran.jpg\" \/>\n\t<meta property=\"og:image:width\" content=\"655\" \/>\n\t<meta property=\"og:image:height\" content=\"327\" \/>\n\t<meta property=\"og:image:type\" content=\"image\/jpeg\" \/>\n<meta name=\"author\" content=\"favorite-news\" \/>\n<meta name=\"twitter:card\" content=\"summary_large_image\" \/>\n<meta name=\"twitter:label1\" content=\"Napisane przez\" \/>\n\t<meta name=\"twitter:data1\" content=\"favorite-news\" \/>\n\t<meta name=\"twitter:label2\" content=\"Szacowany czas czytania\" \/>\n\t<meta name=\"twitter:data2\" content=\"1 minuta\" \/>\n<script type=\"application\/ld+json\" class=\"yoast-schema-graph\">{\"@context\":\"https:\\\/\\\/schema.org\",\"@graph\":[{\"@type\":\"Article\",\"@id\":\"https:\\\/\\\/favorite-news.com\\\/pl\\\/kuba-wojewodzki-bedzie-mial-swoja-kolekcje-ubran\\\/#article\",\"isPartOf\":{\"@id\":\"https:\\\/\\\/favorite-news.com\\\/pl\\\/kuba-wojewodzki-bedzie-mial-swoja-kolekcje-ubran\\\/\"},\"author\":{\"name\":\"favorite-news\",\"@id\":\"https:\\\/\\\/favorite-news.com\\\/pl\\\/#\\\/schema\\\/person\\\/b91573b717dcfa5e4696032a9d28d3e8\"},\"headline\":\"Kuba Wojew\u00f3dzki b\u0119dzie mia\u0142 swoj\u0105 kolekcj\u0119 ubra\u0144\",\"datePublished\":\"2021-05-25T16:05:39+00:00\",\"dateModified\":\"2021-05-25T16:05:46+00:00\",\"mainEntityOfPage\":{\"@id\":\"https:\\\/\\\/favorite-news.com\\\/pl\\\/kuba-wojewodzki-bedzie-mial-swoja-kolekcje-ubran\\\/\"},\"wordCount\":213,\"commentCount\":0,\"image\":{\"@id\":\"https:\\\/\\\/favorite-news.com\\\/pl\\\/kuba-wojewodzki-bedzie-mial-swoja-kolekcje-ubran\\\/#primaryimage\"},\"thumbnailUrl\":\"https:\\\/\\\/favorite-news.com\\\/pl\\\/wp-content\\\/uploads\\\/sites\\\/6\\\/2021\\\/05\\\/Kuba-Wojewodzki-bedzie-mial-swoja-kolekcje-ubran.jpg\",\"articleSection\":[\"WIADOMO\u015aCI MARKETINGOWE INTERNETOWE\"],\"inLanguage\":\"pl-PL\",\"potentialAction\":[{\"@type\":\"CommentAction\",\"name\":\"Comment\",\"target\":[\"https:\\\/\\\/favorite-news.com\\\/pl\\\/kuba-wojewodzki-bedzie-mial-swoja-kolekcje-ubran\\\/#respond\"]}]},{\"@type\":\"WebPage\",\"@id\":\"https:\\\/\\\/favorite-news.com\\\/pl\\\/kuba-wojewodzki-bedzie-mial-swoja-kolekcje-ubran\\\/\",\"url\":\"https:\\\/\\\/favorite-news.com\\\/pl\\\/kuba-wojewodzki-bedzie-mial-swoja-kolekcje-ubran\\\/\",\"name\":\"Kuba Wojew\u00f3dzki b\u0119dzie mia\u0142 swoj\u0105 kolekcj\u0119 ubra\u0144 - Favorite News\",\"isPartOf\":{\"@id\":\"https:\\\/\\\/favorite-news.com\\\/pl\\\/#website\"},\"primaryImageOfPage\":{\"@id\":\"https:\\\/\\\/favorite-news.com\\\/pl\\\/kuba-wojewodzki-bedzie-mial-swoja-kolekcje-ubran\\\/#primaryimage\"},\"image\":{\"@id\":\"https:\\\/\\\/favorite-news.com\\\/pl\\\/kuba-wojewodzki-bedzie-mial-swoja-kolekcje-ubran\\\/#primaryimage\"},\"thumbnailUrl\":\"https:\\\/\\\/favorite-news.com\\\/pl\\\/wp-content\\\/uploads\\\/sites\\\/6\\\/2021\\\/05\\\/Kuba-Wojewodzki-bedzie-mial-swoja-kolekcje-ubran.jpg\",\"datePublished\":\"2021-05-25T16:05:39+00:00\",\"dateModified\":\"2021-05-25T16:05:46+00:00\",\"author\":{\"@id\":\"https:\\\/\\\/favorite-news.com\\\/pl\\\/#\\\/schema\\\/person\\\/b91573b717dcfa5e4696032a9d28d3e8\"},\"breadcrumb\":{\"@id\":\"https:\\\/\\\/favorite-news.com\\\/pl\\\/kuba-wojewodzki-bedzie-mial-swoja-kolekcje-ubran\\\/#breadcrumb\"},\"inLanguage\":\"pl-PL\",\"potentialAction\":[{\"@type\":\"ReadAction\",\"target\":[\"https:\\\/\\\/favorite-news.com\\\/pl\\\/kuba-wojewodzki-bedzie-mial-swoja-kolekcje-ubran\\\/\"]}]},{\"@type\":\"ImageObject\",\"inLanguage\":\"pl-PL\",\"@id\":\"https:\\\/\\\/favorite-news.com\\\/pl\\\/kuba-wojewodzki-bedzie-mial-swoja-kolekcje-ubran\\\/#primaryimage\",\"url\":\"https:\\\/\\\/favorite-news.com\\\/pl\\\/wp-content\\\/uploads\\\/sites\\\/6\\\/2021\\\/05\\\/Kuba-Wojewodzki-bedzie-mial-swoja-kolekcje-ubran.jpg\",\"contentUrl\":\"https:\\\/\\\/favorite-news.com\\\/pl\\\/wp-content\\\/uploads\\\/sites\\\/6\\\/2021\\\/05\\\/Kuba-Wojewodzki-bedzie-mial-swoja-kolekcje-ubran.jpg\",\"width\":655,\"height\":327,\"caption\":\"WirtualneMedia.pl\"},{\"@type\":\"BreadcrumbList\",\"@id\":\"https:\\\/\\\/favorite-news.com\\\/pl\\\/kuba-wojewodzki-bedzie-mial-swoja-kolekcje-ubran\\\/#breadcrumb\",\"itemListElement\":[{\"@type\":\"ListItem\",\"position\":1,\"name\":\"Home\",\"item\":\"https:\\\/\\\/favorite-news.com\\\/pl\\\/\"},{\"@type\":\"ListItem\",\"position\":2,\"name\":\"Kuba Wojew\u00f3dzki b\u0119dzie mia\u0142 swoj\u0105 kolekcj\u0119 ubra\u0144\"}]},{\"@type\":\"WebSite\",\"@id\":\"https:\\\/\\\/favorite-news.com\\\/pl\\\/#website\",\"url\":\"https:\\\/\\\/favorite-news.com\\\/pl\\\/\",\"name\":\"Favorite News\",\"description\":\"Favorite News Polska\",\"potentialAction\":[{\"@type\":\"SearchAction\",\"target\":{\"@type\":\"EntryPoint\",\"urlTemplate\":\"https:\\\/\\\/favorite-news.com\\\/pl\\\/?s={search_term_string}\"},\"query-input\":{\"@type\":\"PropertyValueSpecification\",\"valueRequired\":true,\"valueName\":\"search_term_string\"}}],\"inLanguage\":\"pl-PL\"},{\"@type\":\"Person\",\"@id\":\"https:\\\/\\\/favorite-news.com\\\/pl\\\/#\\\/schema\\\/person\\\/b91573b717dcfa5e4696032a9d28d3e8\",\"name\":\"favorite-news\",\"image\":{\"@type\":\"ImageObject\",\"inLanguage\":\"pl-PL\",\"@id\":\"https:\\\/\\\/secure.gravatar.com\\\/avatar\\\/6c5a5cb12b74e9d517ee91cf570335b7d16177f1977cc91db161adfa435945a7?s=96&d=mm&r=g\",\"url\":\"https:\\\/\\\/secure.gravatar.com\\\/avatar\\\/6c5a5cb12b74e9d517ee91cf570335b7d16177f1977cc91db161adfa435945a7?s=96&d=mm&r=g\",\"contentUrl\":\"https:\\\/\\\/secure.gravatar.com\\\/avatar\\\/6c5a5cb12b74e9d517ee91cf570335b7d16177f1977cc91db161adfa435945a7?s=96&d=mm&r=g\",\"caption\":\"favorite-news\"},\"url\":\"https:\\\/\\\/favorite-news.com\\\/pl\\\/author\\\/pt\\\/\"}]}<\/script>\n<!-- \/ Yoast SEO plugin. -->","yoast_head_json":{"title":"Kuba Wojew\u00f3dzki b\u0119dzie mia\u0142 swoj\u0105 kolekcj\u0119 ubra\u0144 - Favorite News","robots":{"index":"index","follow":"follow","max-snippet":"max-snippet:-1","max-image-preview":"max-image-preview:large","max-video-preview":"max-video-preview:-1"},"canonical":"https:\/\/favorite-news.com\/pl\/kuba-wojewodzki-bedzie-mial-swoja-kolekcje-ubran\/","og_locale":"pl_PL","og_type":"article","og_title":"Kuba Wojew\u00f3dzki b\u0119dzie mia\u0142 swoj\u0105 kolekcj\u0119 ubra\u0144 - Favorite News","og_description":"O wsp\u00f3\u0142pracy z Susan Swimwear Kuba Wojew\u00f3dzki poinformowa\u0142 na swoim Instagramie. &#8211; Nic nas nie boli tak jak te ciuchy kt\u00f3rych nie kupili\u015bmy&#8230; Teraz b\u0119dzie szansa&#8230; Ju\u017c za moment moja pierwsza kolekcja stworzona razem ze @susan_swimwear &#8211; napisa\u0142 dziennikarz i prezenter.Wojew\u00f3dzki z kolekcj\u0105 ubra\u0144Limitowana kolekcja m\u0119skiej odzie\u017cy &#8222;Susan Sport&#8221; trafi do sprzeda\u017cy w czerwcu tego [&hellip;]","og_url":"https:\/\/favorite-news.com\/pl\/kuba-wojewodzki-bedzie-mial-swoja-kolekcje-ubran\/","og_site_name":"Favorite News","article_published_time":"2021-05-25T16:05:39+00:00","article_modified_time":"2021-05-25T16:05:46+00:00","og_image":[{"width":655,"height":327,"url":"https:\/\/favorite-news.com\/pl\/wp-content\/uploads\/sites\/6\/2021\/05\/Kuba-Wojewodzki-bedzie-mial-swoja-kolekcje-ubran.jpg","type":"image\/jpeg"}],"author":"favorite-news","twitter_card":"summary_large_image","twitter_misc":{"Napisane przez":"favorite-news","Szacowany czas czytania":"1 minuta"},"schema":{"@context":"https:\/\/schema.org","@graph":[{"@type":"Article","@id":"https:\/\/favorite-news.com\/pl\/kuba-wojewodzki-bedzie-mial-swoja-kolekcje-ubran\/#article","isPartOf":{"@id":"https:\/\/favorite-news.com\/pl\/kuba-wojewodzki-bedzie-mial-swoja-kolekcje-ubran\/"},"author":{"name":"favorite-news","@id":"https:\/\/favorite-news.com\/pl\/#\/schema\/person\/b91573b717dcfa5e4696032a9d28d3e8"},"headline":"Kuba Wojew\u00f3dzki b\u0119dzie mia\u0142 swoj\u0105 kolekcj\u0119 ubra\u0144","datePublished":"2021-05-25T16:05:39+00:00","dateModified":"2021-05-25T16:05:46+00:00","mainEntityOfPage":{"@id":"https:\/\/favorite-news.com\/pl\/kuba-wojewodzki-bedzie-mial-swoja-kolekcje-ubran\/"},"wordCount":213,"commentCount":0,"image":{"@id":"https:\/\/favorite-news.com\/pl\/kuba-wojewodzki-bedzie-mial-swoja-kolekcje-ubran\/#primaryimage"},"thumbnailUrl":"https:\/\/favorite-news.com\/pl\/wp-content\/uploads\/sites\/6\/2021\/05\/Kuba-Wojewodzki-bedzie-mial-swoja-kolekcje-ubran.jpg","articleSection":["WIADOMO\u015aCI MARKETINGOWE INTERNETOWE"],"inLanguage":"pl-PL","potentialAction":[{"@type":"CommentAction","name":"Comment","target":["https:\/\/favorite-news.com\/pl\/kuba-wojewodzki-bedzie-mial-swoja-kolekcje-ubran\/#respond"]}]},{"@type":"WebPage","@id":"https:\/\/favorite-news.com\/pl\/kuba-wojewodzki-bedzie-mial-swoja-kolekcje-ubran\/","url":"https:\/\/favorite-news.com\/pl\/kuba-wojewodzki-bedzie-mial-swoja-kolekcje-ubran\/","name":"Kuba Wojew\u00f3dzki b\u0119dzie mia\u0142 swoj\u0105 kolekcj\u0119 ubra\u0144 - Favorite News","isPartOf":{"@id":"https:\/\/favorite-news.com\/pl\/#website"},"primaryImageOfPage":{"@id":"https:\/\/favorite-news.com\/pl\/kuba-wojewodzki-bedzie-mial-swoja-kolekcje-ubran\/#primaryimage"},"image":{"@id":"https:\/\/favorite-news.com\/pl\/kuba-wojewodzki-bedzie-mial-swoja-kolekcje-ubran\/#primaryimage"},"thumbnailUrl":"https:\/\/favorite-news.com\/pl\/wp-content\/uploads\/sites\/6\/2021\/05\/Kuba-Wojewodzki-bedzie-mial-swoja-kolekcje-ubran.jpg","datePublished":"2021-05-25T16:05:39+00:00","dateModified":"2021-05-25T16:05:46+00:00","author":{"@id":"https:\/\/favorite-news.com\/pl\/#\/schema\/person\/b91573b717dcfa5e4696032a9d28d3e8"},"breadcrumb":{"@id":"https:\/\/favorite-news.com\/pl\/kuba-wojewodzki-bedzie-mial-swoja-kolekcje-ubran\/#breadcrumb"},"inLanguage":"pl-PL","potentialAction":[{"@type":"ReadAction","target":["https:\/\/favorite-news.com\/pl\/kuba-wojewodzki-bedzie-mial-swoja-kolekcje-ubran\/"]}]},{"@type":"ImageObject","inLanguage":"pl-PL","@id":"https:\/\/favorite-news.com\/pl\/kuba-wojewodzki-bedzie-mial-swoja-kolekcje-ubran\/#primaryimage","url":"https:\/\/favorite-news.com\/pl\/wp-content\/uploads\/sites\/6\/2021\/05\/Kuba-Wojewodzki-bedzie-mial-swoja-kolekcje-ubran.jpg","contentUrl":"https:\/\/favorite-news.com\/pl\/wp-content\/uploads\/sites\/6\/2021\/05\/Kuba-Wojewodzki-bedzie-mial-swoja-kolekcje-ubran.jpg","width":655,"height":327,"caption":"WirtualneMedia.pl"},{"@type":"BreadcrumbList","@id":"https:\/\/favorite-news.com\/pl\/kuba-wojewodzki-bedzie-mial-swoja-kolekcje-ubran\/#breadcrumb","itemListElement":[{"@type":"ListItem","position":1,"name":"Home","item":"https:\/\/favorite-news.com\/pl\/"},{"@type":"ListItem","position":2,"name":"Kuba Wojew\u00f3dzki b\u0119dzie mia\u0142 swoj\u0105 kolekcj\u0119 ubra\u0144"}]},{"@type":"WebSite","@id":"https:\/\/favorite-news.com\/pl\/#website","url":"https:\/\/favorite-news.com\/pl\/","name":"Favorite News","description":"Favorite News Polska","potentialAction":[{"@type":"SearchAction","target":{"@type":"EntryPoint","urlTemplate":"https:\/\/favorite-news.com\/pl\/?s={search_term_string}"},"query-input":{"@type":"PropertyValueSpecification","valueRequired":true,"valueName":"search_term_string"}}],"inLanguage":"pl-PL"},{"@type":"Person","@id":"https:\/\/favorite-news.com\/pl\/#\/schema\/person\/b91573b717dcfa5e4696032a9d28d3e8","name":"favorite-news","image":{"@type":"ImageObject","inLanguage":"pl-PL","@id":"https:\/\/secure.gravatar.com\/avatar\/6c5a5cb12b74e9d517ee91cf570335b7d16177f1977cc91db161adfa435945a7?s=96&d=mm&r=g","url":"https:\/\/secure.gravatar.com\/avatar\/6c5a5cb12b74e9d517ee91cf570335b7d16177f1977cc91db161adfa435945a7?s=96&d=mm&r=g","contentUrl":"https:\/\/secure.gravatar.com\/avatar\/6c5a5cb12b74e9d517ee91cf570335b7d16177f1977cc91db161adfa435945a7?s=96&d=mm&r=g","caption":"favorite-news"},"url":"https:\/\/favorite-news.com\/pl\/author\/pt\/"}]}},"_links":{"self":[{"href":"https:\/\/favorite-news.com\/pl\/wp-json\/wp\/v2\/posts\/6146","targetHints":{"allow":["GET"]}}],"collection":[{"href":"https:\/\/favorite-news.com\/pl\/wp-json\/wp\/v2\/posts"}],"about":[{"href":"https:\/\/favorite-news.com\/pl\/wp-json\/wp\/v2\/types\/post"}],"author":[{"embeddable":true,"href":"https:\/\/favorite-news.com\/pl\/wp-json\/wp\/v2\/users\/2"}],"replies":[{"embeddable":true,"href":"https:\/\/favorite-news.com\/pl\/wp-json\/wp\/v2\/comments?post=6146"}],"version-history":[{"count":1,"href":"https:\/\/favorite-news.com\/pl\/wp-json\/wp\/v2\/posts\/6146\/revisions"}],"predecessor-version":[{"id":6148,"href":"https:\/\/favorite-news.com\/pl\/wp-json\/wp\/v2\/posts\/6146\/revisions\/6148"}],"wp:featuredmedia":[{"embeddable":true,"href":"https:\/\/favorite-news.com\/pl\/wp-json\/wp\/v2\/media\/6147"}],"wp:attachment":[{"href":"https:\/\/favorite-news.com\/pl\/wp-json\/wp\/v2\/media?parent=6146"}],"wp:term":[{"taxonomy":"category","embeddable":true,"href":"https:\/\/favorite-news.com\/pl\/wp-json\/wp\/v2\/categories?post=6146"},{"taxonomy":"post_tag","embeddable":true,"href":"https:\/\/favorite-news.com\/pl\/wp-json\/wp\/v2\/tags?post=6146"}],"curies":[{"name":"wp","href":"https:\/\/api.w.org\/{rel}","templated":true}]}}