{"id":614,"date":"2019-05-15T20:45:36","date_gmt":"2019-05-15T17:45:36","guid":{"rendered":"https:\/\/favorite-news.com\/pl\/anna-karolewska-dyrektor-marketingu-zlota44\/"},"modified":"2019-05-15T20:45:37","modified_gmt":"2019-05-15T17:45:37","slug":"anna-karolewska-dyrektor-marketingu-zlota44","status":"publish","type":"post","link":"https:\/\/favorite-news.com\/pl\/anna-karolewska-dyrektor-marketingu-zlota44\/","title":{"rendered":"Anna Karolewska dyrektor marketingu Z\u0142ota44"},"content":{"rendered":"<p> [ad_1]<br \/>\n<\/p>\n<div id=\"\">\n<p>Anna Karolewska pracowa\u0142a w HBO Polska od lipca 2016 roku. Przesz\u0142a z Dentsu Aegis Network Polska, gdzie pracowa\u0142a blisko trzy lata jako dyrektor marketingu.<\/p>\n<p>&#13;<br \/>\n&#13;<\/p>\n<p>Karier\u0119 zawodow\u0105 zaczyna\u0142a w Sony Poland, gdzie odpowiada\u0142a za marketing komunikacyjny produkt\u00f3w Sony, w tym PlayStation i Sony Broadcast &amp; Professional. By\u0142a cz\u0142onkiem europejskiego forum reklamy Sony. Przez ponad dekad\u0119 zarz\u0105dza\u0142a marketingiem i sprzeda\u017c\u0105 u operatora mobilnego sieci Era (obecnie T-Mobile) jako zast\u0119pca dyrektora departamentu obs\u0142uguj\u0105cego klient\u00f3w prywatnych. P\u00f3\u017aniej, w Microsoft Polska, odpowiada\u0142a m.in. za wdro\u017cenie systemu operacyjnego Windows Phone na polskim rynku oraz wsp\u00f3\u0142prac\u0119 z operatorami mobilnymi i platformami cyfrowymi, oferuj\u0105c rozwi\u0105zania B2B. Przez central\u0119 firmy w Redmond zosta\u0142a wytypowana do grona 12 kobiet liderek, do ekskluzywnego programu rozwijaj\u0105cego umiej\u0119tno\u015bci mened\u017cerskie.<\/p>\n<p>&#13;<br \/>\n&#13;<\/p>\n<p>Uko\u0144czy\u0142a wydzia\u0142 historii sztuki oraz program dla lider\u00f3w w European School of Management and Technology w Berlinie.<\/p>\n<p>&#13;<br \/>\n&#13;<\/p>\n<p>Obecnie <strong>Anna Karolewska pracuje jako dyrektor marketingu w firmie Z\u0142ota44 w Warszawie. W HBO Polska zast\u0105pi\u0142a j\u0105 Beata Czarnacka (na zdj\u0119ciu ni\u017cej).<\/strong><\/p>\n<p>&#13;<br \/>\n&#13;<\/p>\n<p>&#13;<br \/>\n                            &#13;<br \/>\n&#13;<br \/>\n                            &#13;<br \/>\n&#13;<br \/>\n&#13;<br \/>\n&#13;<br \/>\n&#13;<br \/>\n&#13;<br \/>\n                            &#13;<br \/>\n                                                            &#13;<br \/>\n&#13;<br \/>\n                            &#13;\n                        <\/p><\/div>\n<p><script>(function (d, s, id) {\n        var js, fjs = d.getElementsByTagName(s)[0];\n        if (d.getElementById(id)) return;\n        js = d.createElement(s);\n        js.id = id;\n        js.src = \"http:\/\/connect.facebook.net\/pl_PL\/sdk.js#xfbml=1&version=v2.6&appId=297996717062470\";\n        fjs.parentNode.insertBefore(js, fjs);\n    }(document, 'script', 'facebook-jssdk'));<\/script><br \/>\n<br \/>[ad_2]<br \/>\n<br \/><a href=\"https:\/\/www.wirtualnemedia.pl\/artykul\/anna-karolewska-dyrektor-marketingu-zlota44\">Source link <\/a><\/p>\n","protected":false},"excerpt":{"rendered":"<p>[ad_1] Anna Karolewska pracowa\u0142a w HBO Polska od lipca 2016 roku. Przesz\u0142a z Dentsu Aegis Network Polska, gdzie pracowa\u0142a blisko trzy lata jako dyrektor marketingu. &#13; &#13; Karier\u0119 zawodow\u0105 zaczyna\u0142a w Sony Poland, gdzie odpowiada\u0142a za marketing komunikacyjny produkt\u00f3w Sony, w tym PlayStation i Sony Broadcast &amp; Professional. By\u0142a cz\u0142onkiem europejskiego forum reklamy Sony. Przez [&hellip;]<\/p>\n","protected":false},"author":2,"featured_media":615,"comment_status":"open","ping_status":"open","sticky":false,"template":"","format":"standard","meta":{"footnotes":""},"categories":[2],"tags":[],"class_list":["post-614","post","type-post","status-publish","format-standard","has-post-thumbnail","hentry","category-wiadomosci-marketingowe-internetowe"],"yoast_head":"<!-- This site is optimized with the Yoast SEO plugin v27.4 - https:\/\/yoast.com\/product\/yoast-seo-wordpress\/ -->\n<title>Anna Karolewska dyrektor marketingu Z\u0142ota44 - Favorite News<\/title>\n<meta name=\"robots\" content=\"index, follow, max-snippet:-1, max-image-preview:large, max-video-preview:-1\" \/>\n<link rel=\"canonical\" href=\"https:\/\/favorite-news.com\/pl\/anna-karolewska-dyrektor-marketingu-zlota44\/\" \/>\n<meta property=\"og:locale\" content=\"pl_PL\" \/>\n<meta property=\"og:type\" content=\"article\" \/>\n<meta property=\"og:title\" content=\"Anna Karolewska dyrektor marketingu Z\u0142ota44 - Favorite News\" \/>\n<meta property=\"og:description\" content=\"[ad_1] Anna Karolewska pracowa\u0142a w HBO Polska od lipca 2016 roku. Przesz\u0142a z Dentsu Aegis Network Polska, gdzie pracowa\u0142a blisko trzy lata jako dyrektor marketingu. &#013; &#013; Karier\u0119 zawodow\u0105 zaczyna\u0142a w Sony Poland, gdzie odpowiada\u0142a za marketing komunikacyjny produkt\u00f3w Sony, w tym PlayStation i Sony Broadcast &amp; Professional. By\u0142a cz\u0142onkiem europejskiego forum reklamy Sony. Przez [&hellip;]\" \/>\n<meta property=\"og:url\" content=\"https:\/\/favorite-news.com\/pl\/anna-karolewska-dyrektor-marketingu-zlota44\/\" \/>\n<meta property=\"og:site_name\" content=\"Favorite News\" \/>\n<meta property=\"article:published_time\" content=\"2019-05-15T17:45:36+00:00\" \/>\n<meta property=\"article:modified_time\" content=\"2019-05-15T17:45:37+00:00\" \/>\n<meta property=\"og:image\" content=\"https:\/\/favorite-news.com\/pl\/wp-content\/uploads\/sites\/6\/2019\/05\/Anna-Karolewska-dyrektor-marketingu-Z\u0142ota44.jpg\" \/>\n\t<meta property=\"og:image:width\" content=\"655\" \/>\n\t<meta property=\"og:image:height\" content=\"655\" \/>\n\t<meta property=\"og:image:type\" content=\"image\/jpeg\" \/>\n<meta name=\"author\" content=\"favorite-news\" \/>\n<meta name=\"twitter:card\" content=\"summary_large_image\" \/>\n<meta name=\"twitter:label1\" content=\"Napisane przez\" \/>\n\t<meta name=\"twitter:data1\" content=\"favorite-news\" \/>\n\t<meta name=\"twitter:label2\" content=\"Szacowany czas czytania\" \/>\n\t<meta name=\"twitter:data2\" content=\"1 minuta\" \/>\n<script type=\"application\/ld+json\" class=\"yoast-schema-graph\">{\"@context\":\"https:\\\/\\\/schema.org\",\"@graph\":[{\"@type\":\"Article\",\"@id\":\"https:\\\/\\\/favorite-news.com\\\/pl\\\/anna-karolewska-dyrektor-marketingu-zlota44\\\/#article\",\"isPartOf\":{\"@id\":\"https:\\\/\\\/favorite-news.com\\\/pl\\\/anna-karolewska-dyrektor-marketingu-zlota44\\\/\"},\"author\":{\"name\":\"favorite-news\",\"@id\":\"https:\\\/\\\/favorite-news.com\\\/pl\\\/#\\\/schema\\\/person\\\/b91573b717dcfa5e4696032a9d28d3e8\"},\"headline\":\"Anna Karolewska dyrektor marketingu Z\u0142ota44\",\"datePublished\":\"2019-05-15T17:45:36+00:00\",\"dateModified\":\"2019-05-15T17:45:37+00:00\",\"mainEntityOfPage\":{\"@id\":\"https:\\\/\\\/favorite-news.com\\\/pl\\\/anna-karolewska-dyrektor-marketingu-zlota44\\\/\"},\"wordCount\":198,\"commentCount\":0,\"image\":{\"@id\":\"https:\\\/\\\/favorite-news.com\\\/pl\\\/anna-karolewska-dyrektor-marketingu-zlota44\\\/#primaryimage\"},\"thumbnailUrl\":\"https:\\\/\\\/favorite-news.com\\\/pl\\\/wp-content\\\/uploads\\\/sites\\\/6\\\/2019\\\/05\\\/Anna-Karolewska-dyrektor-marketingu-Z\u0142ota44.jpg\",\"articleSection\":[\"WIADOMO\u015aCI MARKETINGOWE INTERNETOWE\"],\"inLanguage\":\"pl-PL\",\"potentialAction\":[{\"@type\":\"CommentAction\",\"name\":\"Comment\",\"target\":[\"https:\\\/\\\/favorite-news.com\\\/pl\\\/anna-karolewska-dyrektor-marketingu-zlota44\\\/#respond\"]}]},{\"@type\":\"WebPage\",\"@id\":\"https:\\\/\\\/favorite-news.com\\\/pl\\\/anna-karolewska-dyrektor-marketingu-zlota44\\\/\",\"url\":\"https:\\\/\\\/favorite-news.com\\\/pl\\\/anna-karolewska-dyrektor-marketingu-zlota44\\\/\",\"name\":\"Anna Karolewska dyrektor marketingu Z\u0142ota44 - Favorite News\",\"isPartOf\":{\"@id\":\"https:\\\/\\\/favorite-news.com\\\/pl\\\/#website\"},\"primaryImageOfPage\":{\"@id\":\"https:\\\/\\\/favorite-news.com\\\/pl\\\/anna-karolewska-dyrektor-marketingu-zlota44\\\/#primaryimage\"},\"image\":{\"@id\":\"https:\\\/\\\/favorite-news.com\\\/pl\\\/anna-karolewska-dyrektor-marketingu-zlota44\\\/#primaryimage\"},\"thumbnailUrl\":\"https:\\\/\\\/favorite-news.com\\\/pl\\\/wp-content\\\/uploads\\\/sites\\\/6\\\/2019\\\/05\\\/Anna-Karolewska-dyrektor-marketingu-Z\u0142ota44.jpg\",\"datePublished\":\"2019-05-15T17:45:36+00:00\",\"dateModified\":\"2019-05-15T17:45:37+00:00\",\"author\":{\"@id\":\"https:\\\/\\\/favorite-news.com\\\/pl\\\/#\\\/schema\\\/person\\\/b91573b717dcfa5e4696032a9d28d3e8\"},\"breadcrumb\":{\"@id\":\"https:\\\/\\\/favorite-news.com\\\/pl\\\/anna-karolewska-dyrektor-marketingu-zlota44\\\/#breadcrumb\"},\"inLanguage\":\"pl-PL\",\"potentialAction\":[{\"@type\":\"ReadAction\",\"target\":[\"https:\\\/\\\/favorite-news.com\\\/pl\\\/anna-karolewska-dyrektor-marketingu-zlota44\\\/\"]}]},{\"@type\":\"ImageObject\",\"inLanguage\":\"pl-PL\",\"@id\":\"https:\\\/\\\/favorite-news.com\\\/pl\\\/anna-karolewska-dyrektor-marketingu-zlota44\\\/#primaryimage\",\"url\":\"https:\\\/\\\/favorite-news.com\\\/pl\\\/wp-content\\\/uploads\\\/sites\\\/6\\\/2019\\\/05\\\/Anna-Karolewska-dyrektor-marketingu-Z\u0142ota44.jpg\",\"contentUrl\":\"https:\\\/\\\/favorite-news.com\\\/pl\\\/wp-content\\\/uploads\\\/sites\\\/6\\\/2019\\\/05\\\/Anna-Karolewska-dyrektor-marketingu-Z\u0142ota44.jpg\",\"width\":655,\"height\":655,\"caption\":\"Anna Karolewska dyrektor marketingu Z\u0142ota44\"},{\"@type\":\"BreadcrumbList\",\"@id\":\"https:\\\/\\\/favorite-news.com\\\/pl\\\/anna-karolewska-dyrektor-marketingu-zlota44\\\/#breadcrumb\",\"itemListElement\":[{\"@type\":\"ListItem\",\"position\":1,\"name\":\"Home\",\"item\":\"https:\\\/\\\/favorite-news.com\\\/pl\\\/\"},{\"@type\":\"ListItem\",\"position\":2,\"name\":\"Anna Karolewska dyrektor marketingu Z\u0142ota44\"}]},{\"@type\":\"WebSite\",\"@id\":\"https:\\\/\\\/favorite-news.com\\\/pl\\\/#website\",\"url\":\"https:\\\/\\\/favorite-news.com\\\/pl\\\/\",\"name\":\"Favorite News\",\"description\":\"Favorite News Polska\",\"potentialAction\":[{\"@type\":\"SearchAction\",\"target\":{\"@type\":\"EntryPoint\",\"urlTemplate\":\"https:\\\/\\\/favorite-news.com\\\/pl\\\/?s={search_term_string}\"},\"query-input\":{\"@type\":\"PropertyValueSpecification\",\"valueRequired\":true,\"valueName\":\"search_term_string\"}}],\"inLanguage\":\"pl-PL\"},{\"@type\":\"Person\",\"@id\":\"https:\\\/\\\/favorite-news.com\\\/pl\\\/#\\\/schema\\\/person\\\/b91573b717dcfa5e4696032a9d28d3e8\",\"name\":\"favorite-news\",\"image\":{\"@type\":\"ImageObject\",\"inLanguage\":\"pl-PL\",\"@id\":\"https:\\\/\\\/secure.gravatar.com\\\/avatar\\\/6c5a5cb12b74e9d517ee91cf570335b7d16177f1977cc91db161adfa435945a7?s=96&d=mm&r=g\",\"url\":\"https:\\\/\\\/secure.gravatar.com\\\/avatar\\\/6c5a5cb12b74e9d517ee91cf570335b7d16177f1977cc91db161adfa435945a7?s=96&d=mm&r=g\",\"contentUrl\":\"https:\\\/\\\/secure.gravatar.com\\\/avatar\\\/6c5a5cb12b74e9d517ee91cf570335b7d16177f1977cc91db161adfa435945a7?s=96&d=mm&r=g\",\"caption\":\"favorite-news\"},\"url\":\"https:\\\/\\\/favorite-news.com\\\/pl\\\/author\\\/pt\\\/\"}]}<\/script>\n<!-- \/ Yoast SEO plugin. -->","yoast_head_json":{"title":"Anna Karolewska dyrektor marketingu Z\u0142ota44 - Favorite News","robots":{"index":"index","follow":"follow","max-snippet":"max-snippet:-1","max-image-preview":"max-image-preview:large","max-video-preview":"max-video-preview:-1"},"canonical":"https:\/\/favorite-news.com\/pl\/anna-karolewska-dyrektor-marketingu-zlota44\/","og_locale":"pl_PL","og_type":"article","og_title":"Anna Karolewska dyrektor marketingu Z\u0142ota44 - Favorite News","og_description":"[ad_1] Anna Karolewska pracowa\u0142a w HBO Polska od lipca 2016 roku. Przesz\u0142a z Dentsu Aegis Network Polska, gdzie pracowa\u0142a blisko trzy lata jako dyrektor marketingu. &#13; &#13; Karier\u0119 zawodow\u0105 zaczyna\u0142a w Sony Poland, gdzie odpowiada\u0142a za marketing komunikacyjny produkt\u00f3w Sony, w tym PlayStation i Sony Broadcast &amp; Professional. By\u0142a cz\u0142onkiem europejskiego forum reklamy Sony. Przez [&hellip;]","og_url":"https:\/\/favorite-news.com\/pl\/anna-karolewska-dyrektor-marketingu-zlota44\/","og_site_name":"Favorite News","article_published_time":"2019-05-15T17:45:36+00:00","article_modified_time":"2019-05-15T17:45:37+00:00","og_image":[{"width":655,"height":655,"url":"https:\/\/favorite-news.com\/pl\/wp-content\/uploads\/sites\/6\/2019\/05\/Anna-Karolewska-dyrektor-marketingu-Z\u0142ota44.jpg","type":"image\/jpeg"}],"author":"favorite-news","twitter_card":"summary_large_image","twitter_misc":{"Napisane przez":"favorite-news","Szacowany czas czytania":"1 minuta"},"schema":{"@context":"https:\/\/schema.org","@graph":[{"@type":"Article","@id":"https:\/\/favorite-news.com\/pl\/anna-karolewska-dyrektor-marketingu-zlota44\/#article","isPartOf":{"@id":"https:\/\/favorite-news.com\/pl\/anna-karolewska-dyrektor-marketingu-zlota44\/"},"author":{"name":"favorite-news","@id":"https:\/\/favorite-news.com\/pl\/#\/schema\/person\/b91573b717dcfa5e4696032a9d28d3e8"},"headline":"Anna Karolewska dyrektor marketingu Z\u0142ota44","datePublished":"2019-05-15T17:45:36+00:00","dateModified":"2019-05-15T17:45:37+00:00","mainEntityOfPage":{"@id":"https:\/\/favorite-news.com\/pl\/anna-karolewska-dyrektor-marketingu-zlota44\/"},"wordCount":198,"commentCount":0,"image":{"@id":"https:\/\/favorite-news.com\/pl\/anna-karolewska-dyrektor-marketingu-zlota44\/#primaryimage"},"thumbnailUrl":"https:\/\/favorite-news.com\/pl\/wp-content\/uploads\/sites\/6\/2019\/05\/Anna-Karolewska-dyrektor-marketingu-Z\u0142ota44.jpg","articleSection":["WIADOMO\u015aCI MARKETINGOWE INTERNETOWE"],"inLanguage":"pl-PL","potentialAction":[{"@type":"CommentAction","name":"Comment","target":["https:\/\/favorite-news.com\/pl\/anna-karolewska-dyrektor-marketingu-zlota44\/#respond"]}]},{"@type":"WebPage","@id":"https:\/\/favorite-news.com\/pl\/anna-karolewska-dyrektor-marketingu-zlota44\/","url":"https:\/\/favorite-news.com\/pl\/anna-karolewska-dyrektor-marketingu-zlota44\/","name":"Anna Karolewska dyrektor marketingu Z\u0142ota44 - Favorite News","isPartOf":{"@id":"https:\/\/favorite-news.com\/pl\/#website"},"primaryImageOfPage":{"@id":"https:\/\/favorite-news.com\/pl\/anna-karolewska-dyrektor-marketingu-zlota44\/#primaryimage"},"image":{"@id":"https:\/\/favorite-news.com\/pl\/anna-karolewska-dyrektor-marketingu-zlota44\/#primaryimage"},"thumbnailUrl":"https:\/\/favorite-news.com\/pl\/wp-content\/uploads\/sites\/6\/2019\/05\/Anna-Karolewska-dyrektor-marketingu-Z\u0142ota44.jpg","datePublished":"2019-05-15T17:45:36+00:00","dateModified":"2019-05-15T17:45:37+00:00","author":{"@id":"https:\/\/favorite-news.com\/pl\/#\/schema\/person\/b91573b717dcfa5e4696032a9d28d3e8"},"breadcrumb":{"@id":"https:\/\/favorite-news.com\/pl\/anna-karolewska-dyrektor-marketingu-zlota44\/#breadcrumb"},"inLanguage":"pl-PL","potentialAction":[{"@type":"ReadAction","target":["https:\/\/favorite-news.com\/pl\/anna-karolewska-dyrektor-marketingu-zlota44\/"]}]},{"@type":"ImageObject","inLanguage":"pl-PL","@id":"https:\/\/favorite-news.com\/pl\/anna-karolewska-dyrektor-marketingu-zlota44\/#primaryimage","url":"https:\/\/favorite-news.com\/pl\/wp-content\/uploads\/sites\/6\/2019\/05\/Anna-Karolewska-dyrektor-marketingu-Z\u0142ota44.jpg","contentUrl":"https:\/\/favorite-news.com\/pl\/wp-content\/uploads\/sites\/6\/2019\/05\/Anna-Karolewska-dyrektor-marketingu-Z\u0142ota44.jpg","width":655,"height":655,"caption":"Anna Karolewska dyrektor marketingu Z\u0142ota44"},{"@type":"BreadcrumbList","@id":"https:\/\/favorite-news.com\/pl\/anna-karolewska-dyrektor-marketingu-zlota44\/#breadcrumb","itemListElement":[{"@type":"ListItem","position":1,"name":"Home","item":"https:\/\/favorite-news.com\/pl\/"},{"@type":"ListItem","position":2,"name":"Anna Karolewska dyrektor marketingu Z\u0142ota44"}]},{"@type":"WebSite","@id":"https:\/\/favorite-news.com\/pl\/#website","url":"https:\/\/favorite-news.com\/pl\/","name":"Favorite News","description":"Favorite News Polska","potentialAction":[{"@type":"SearchAction","target":{"@type":"EntryPoint","urlTemplate":"https:\/\/favorite-news.com\/pl\/?s={search_term_string}"},"query-input":{"@type":"PropertyValueSpecification","valueRequired":true,"valueName":"search_term_string"}}],"inLanguage":"pl-PL"},{"@type":"Person","@id":"https:\/\/favorite-news.com\/pl\/#\/schema\/person\/b91573b717dcfa5e4696032a9d28d3e8","name":"favorite-news","image":{"@type":"ImageObject","inLanguage":"pl-PL","@id":"https:\/\/secure.gravatar.com\/avatar\/6c5a5cb12b74e9d517ee91cf570335b7d16177f1977cc91db161adfa435945a7?s=96&d=mm&r=g","url":"https:\/\/secure.gravatar.com\/avatar\/6c5a5cb12b74e9d517ee91cf570335b7d16177f1977cc91db161adfa435945a7?s=96&d=mm&r=g","contentUrl":"https:\/\/secure.gravatar.com\/avatar\/6c5a5cb12b74e9d517ee91cf570335b7d16177f1977cc91db161adfa435945a7?s=96&d=mm&r=g","caption":"favorite-news"},"url":"https:\/\/favorite-news.com\/pl\/author\/pt\/"}]}},"_links":{"self":[{"href":"https:\/\/favorite-news.com\/pl\/wp-json\/wp\/v2\/posts\/614","targetHints":{"allow":["GET"]}}],"collection":[{"href":"https:\/\/favorite-news.com\/pl\/wp-json\/wp\/v2\/posts"}],"about":[{"href":"https:\/\/favorite-news.com\/pl\/wp-json\/wp\/v2\/types\/post"}],"author":[{"embeddable":true,"href":"https:\/\/favorite-news.com\/pl\/wp-json\/wp\/v2\/users\/2"}],"replies":[{"embeddable":true,"href":"https:\/\/favorite-news.com\/pl\/wp-json\/wp\/v2\/comments?post=614"}],"version-history":[{"count":1,"href":"https:\/\/favorite-news.com\/pl\/wp-json\/wp\/v2\/posts\/614\/revisions"}],"predecessor-version":[{"id":616,"href":"https:\/\/favorite-news.com\/pl\/wp-json\/wp\/v2\/posts\/614\/revisions\/616"}],"wp:featuredmedia":[{"embeddable":true,"href":"https:\/\/favorite-news.com\/pl\/wp-json\/wp\/v2\/media\/615"}],"wp:attachment":[{"href":"https:\/\/favorite-news.com\/pl\/wp-json\/wp\/v2\/media?parent=614"}],"wp:term":[{"taxonomy":"category","embeddable":true,"href":"https:\/\/favorite-news.com\/pl\/wp-json\/wp\/v2\/categories?post=614"},{"taxonomy":"post_tag","embeddable":true,"href":"https:\/\/favorite-news.com\/pl\/wp-json\/wp\/v2\/tags?post=614"}],"curies":[{"name":"wp","href":"https:\/\/api.w.org\/{rel}","templated":true}]}}