{"id":6114,"date":"2021-05-14T18:37:51","date_gmt":"2021-05-14T15:37:51","guid":{"rendered":"https:\/\/favorite-news.com\/pl\/media-direction-omd-przejmuje-obsluge-mediowa-dr-oetkera-od-arena-media\/"},"modified":"2021-05-14T18:37:55","modified_gmt":"2021-05-14T15:37:55","slug":"media-direction-omd-przejmuje-obsluge-mediowa-dr-oetkera-od-arena-media","status":"publish","type":"post","link":"https:\/\/favorite-news.com\/pl\/media-direction-omd-przejmuje-obsluge-mediowa-dr-oetkera-od-arena-media\/","title":{"rendered":"Media Direction OMD przejmuje obs\u0142ug\u0119 mediow\u0105 Dr. Oetkera od Arena Media"},"content":{"rendered":"<p>Wsp\u00f3\u0142praca obu firm rozpocznie si\u0119 od po\u0142owy maja br. i obejmie kompleksowe planowanie oraz zakup medi\u00f3w, w pierwszej kolejno\u015bci online, nast\u0119pnie offline w II po\u0142owie 2021.&#13;<br \/>\n&#13;<br \/>\nZesp\u00f3\u0142 w Media Direction OMD, na czele kt\u00f3rego stoi Joanna Bosakirska, b\u0119dzie obs\u0142ugiwa\u0107 klienta kompleksowo i zajmie si\u0119 planowaniem, optymalizacj\u0105 oraz zakupem kampanii dla wszystkich brand\u00f3w wchodz\u0105cych w sk\u0142ad portfolio klienta&#13;<br \/>\n&#13;<br \/>\n&#13;<br \/>\n&#13;<br \/>\n&#13;<br \/>\n&#13;<br \/>\n\t\t\tMedia Direction OMD zn\u00f3w obs\u0142uguje Dr. Oetkera&#13;<br \/>\n&#13;<br \/>\n&#8211; Bardzo si\u0119 ciesz\u0119, \u017ce na mojej drodze zawodowej po raz kolejny spotykam Dr. Oetker\u2019a. To bardzo wymagaj\u0105cy Partner w biznesie, zar\u00f3wno marketingowo jak i mediowo ale wsp\u00f3\u0142prac\u0119 z do\u015bwiadczonym zespo\u0142em po stronie Klienta wspominam jako bardzo inspiruj\u0105c\u0105 i rozwijaj\u0105c\u0105. Innowacyjne podej\u015bcie i odwaga w korzystaniu z nowych rozwi\u0105za\u0144 to to, co \u0142\u0105czy Media Directon i Dr Oetkera i na tym b\u0119dziemy budowa\u0107 komunikacj\u0119 z konsumentami w mediach. Stay tuned! &#8211; powiedzia\u0142a Joanna Bosakirska, Chief Business Director.&#13;<br \/>\n&#13;<br \/>\nMedia Direction OMD ponad 20 lat zajmowa\u0142a si\u0119 obs\u0142ug\u0105 mediow\u0105 Dr. Oetkera, od 2020 roku bud\u017cet offline zosta\u0142 przeniesiony do Arena Media (Havas Media Group).&#13;<br \/>\n&#13;<br \/>\nFirmy nie ujawniaj\u0105 szczeg\u00f3\u0142\u00f3w podpisanej umowy.&#13;<br \/>\n&#13;<br \/>\nDr. Oetker jest w\u0142a\u015bcicielem takich brand\u00f3w, jak Pizza Guseppe, Pizza Feliciana, S\u0142odka Chwila, My Natural Day.&#13;<br \/>\n                                                        &#13;<br \/>\n                            &#13;<br \/>\n                            &#13;<br \/>\n                                                            &#13;<br \/>\n&#13;<br \/>\n                            &#13;<\/p>\n<p>\n<!--noindex--><br \/>\n<a href=\"https:\/\/www.wirtualnemedia.pl\/artykul\/media-direction-omd-obsluga-dr-oetker-koniec-arena-media\" rel=\"nofollow\">Source link <\/a><br \/>\n<!--\/noindex--><\/p>\n","protected":false},"excerpt":{"rendered":"<p>Wsp\u00f3\u0142praca obu firm rozpocznie si\u0119 od po\u0142owy maja br. i obejmie kompleksowe planowanie oraz zakup medi\u00f3w, w pierwszej kolejno\u015bci online, nast\u0119pnie offline w II po\u0142owie 2021.&#13; &#13; Zesp\u00f3\u0142 w Media Direction OMD, na czele kt\u00f3rego stoi Joanna Bosakirska, b\u0119dzie obs\u0142ugiwa\u0107 klienta kompleksowo i zajmie si\u0119 planowaniem, optymalizacj\u0105 oraz zakupem kampanii dla wszystkich brand\u00f3w wchodz\u0105cych w [&hellip;]<\/p>\n","protected":false},"author":2,"featured_media":6115,"comment_status":"open","ping_status":"open","sticky":false,"template":"","format":"standard","meta":{"footnotes":""},"categories":[2],"tags":[],"class_list":["post-6114","post","type-post","status-publish","format-standard","has-post-thumbnail","hentry","category-wiadomosci-marketingowe-internetowe"],"yoast_head":"<!-- This site is optimized with the Yoast SEO plugin v27.4 - https:\/\/yoast.com\/product\/yoast-seo-wordpress\/ -->\n<title>Media Direction OMD przejmuje obs\u0142ug\u0119 mediow\u0105 Dr. Oetkera od Arena Media - Favorite News<\/title>\n<meta name=\"robots\" content=\"index, follow, max-snippet:-1, max-image-preview:large, max-video-preview:-1\" \/>\n<link rel=\"canonical\" href=\"https:\/\/favorite-news.com\/pl\/media-direction-omd-przejmuje-obsluge-mediowa-dr-oetkera-od-arena-media\/\" \/>\n<meta property=\"og:locale\" content=\"pl_PL\" \/>\n<meta property=\"og:type\" content=\"article\" \/>\n<meta property=\"og:title\" content=\"Media Direction OMD przejmuje obs\u0142ug\u0119 mediow\u0105 Dr. Oetkera od Arena Media - Favorite News\" \/>\n<meta property=\"og:description\" content=\"Wsp\u00f3\u0142praca obu firm rozpocznie si\u0119 od po\u0142owy maja br. i obejmie kompleksowe planowanie oraz zakup medi\u00f3w, w pierwszej kolejno\u015bci online, nast\u0119pnie offline w II po\u0142owie 2021.&#013; &#013; Zesp\u00f3\u0142 w Media Direction OMD, na czele kt\u00f3rego stoi Joanna Bosakirska, b\u0119dzie obs\u0142ugiwa\u0107 klienta kompleksowo i zajmie si\u0119 planowaniem, optymalizacj\u0105 oraz zakupem kampanii dla wszystkich brand\u00f3w wchodz\u0105cych w [&hellip;]\" \/>\n<meta property=\"og:url\" content=\"https:\/\/favorite-news.com\/pl\/media-direction-omd-przejmuje-obsluge-mediowa-dr-oetkera-od-arena-media\/\" \/>\n<meta property=\"og:site_name\" content=\"Favorite News\" \/>\n<meta property=\"article:published_time\" content=\"2021-05-14T15:37:51+00:00\" \/>\n<meta property=\"article:modified_time\" content=\"2021-05-14T15:37:55+00:00\" \/>\n<meta property=\"og:image\" content=\"https:\/\/favorite-news.com\/pl\/wp-content\/uploads\/sites\/6\/2021\/05\/Media-Direction-OMD-przejmuje-obsluge-mediowa-Dr-Oetkera-od-Arena.jpg\" \/>\n\t<meta property=\"og:image:width\" content=\"655\" \/>\n\t<meta property=\"og:image:height\" content=\"335\" \/>\n\t<meta property=\"og:image:type\" content=\"image\/jpeg\" \/>\n<meta name=\"author\" content=\"favorite-news\" \/>\n<meta name=\"twitter:card\" content=\"summary_large_image\" \/>\n<meta name=\"twitter:label1\" content=\"Napisane przez\" \/>\n\t<meta name=\"twitter:data1\" content=\"favorite-news\" \/>\n\t<meta name=\"twitter:label2\" content=\"Szacowany czas czytania\" \/>\n\t<meta name=\"twitter:data2\" content=\"1 minuta\" \/>\n<script type=\"application\/ld+json\" class=\"yoast-schema-graph\">{\"@context\":\"https:\\\/\\\/schema.org\",\"@graph\":[{\"@type\":\"Article\",\"@id\":\"https:\\\/\\\/favorite-news.com\\\/pl\\\/media-direction-omd-przejmuje-obsluge-mediowa-dr-oetkera-od-arena-media\\\/#article\",\"isPartOf\":{\"@id\":\"https:\\\/\\\/favorite-news.com\\\/pl\\\/media-direction-omd-przejmuje-obsluge-mediowa-dr-oetkera-od-arena-media\\\/\"},\"author\":{\"name\":\"favorite-news\",\"@id\":\"https:\\\/\\\/favorite-news.com\\\/pl\\\/#\\\/schema\\\/person\\\/b91573b717dcfa5e4696032a9d28d3e8\"},\"headline\":\"Media Direction OMD przejmuje obs\u0142ug\u0119 mediow\u0105 Dr. Oetkera od Arena Media\",\"datePublished\":\"2021-05-14T15:37:51+00:00\",\"dateModified\":\"2021-05-14T15:37:55+00:00\",\"mainEntityOfPage\":{\"@id\":\"https:\\\/\\\/favorite-news.com\\\/pl\\\/media-direction-omd-przejmuje-obsluge-mediowa-dr-oetkera-od-arena-media\\\/\"},\"wordCount\":233,\"commentCount\":0,\"image\":{\"@id\":\"https:\\\/\\\/favorite-news.com\\\/pl\\\/media-direction-omd-przejmuje-obsluge-mediowa-dr-oetkera-od-arena-media\\\/#primaryimage\"},\"thumbnailUrl\":\"https:\\\/\\\/favorite-news.com\\\/pl\\\/wp-content\\\/uploads\\\/sites\\\/6\\\/2021\\\/05\\\/Media-Direction-OMD-przejmuje-obsluge-mediowa-Dr-Oetkera-od-Arena.jpg\",\"articleSection\":[\"WIADOMO\u015aCI MARKETINGOWE INTERNETOWE\"],\"inLanguage\":\"pl-PL\",\"potentialAction\":[{\"@type\":\"CommentAction\",\"name\":\"Comment\",\"target\":[\"https:\\\/\\\/favorite-news.com\\\/pl\\\/media-direction-omd-przejmuje-obsluge-mediowa-dr-oetkera-od-arena-media\\\/#respond\"]}]},{\"@type\":\"WebPage\",\"@id\":\"https:\\\/\\\/favorite-news.com\\\/pl\\\/media-direction-omd-przejmuje-obsluge-mediowa-dr-oetkera-od-arena-media\\\/\",\"url\":\"https:\\\/\\\/favorite-news.com\\\/pl\\\/media-direction-omd-przejmuje-obsluge-mediowa-dr-oetkera-od-arena-media\\\/\",\"name\":\"Media Direction OMD przejmuje obs\u0142ug\u0119 mediow\u0105 Dr. Oetkera od Arena Media - Favorite News\",\"isPartOf\":{\"@id\":\"https:\\\/\\\/favorite-news.com\\\/pl\\\/#website\"},\"primaryImageOfPage\":{\"@id\":\"https:\\\/\\\/favorite-news.com\\\/pl\\\/media-direction-omd-przejmuje-obsluge-mediowa-dr-oetkera-od-arena-media\\\/#primaryimage\"},\"image\":{\"@id\":\"https:\\\/\\\/favorite-news.com\\\/pl\\\/media-direction-omd-przejmuje-obsluge-mediowa-dr-oetkera-od-arena-media\\\/#primaryimage\"},\"thumbnailUrl\":\"https:\\\/\\\/favorite-news.com\\\/pl\\\/wp-content\\\/uploads\\\/sites\\\/6\\\/2021\\\/05\\\/Media-Direction-OMD-przejmuje-obsluge-mediowa-Dr-Oetkera-od-Arena.jpg\",\"datePublished\":\"2021-05-14T15:37:51+00:00\",\"dateModified\":\"2021-05-14T15:37:55+00:00\",\"author\":{\"@id\":\"https:\\\/\\\/favorite-news.com\\\/pl\\\/#\\\/schema\\\/person\\\/b91573b717dcfa5e4696032a9d28d3e8\"},\"breadcrumb\":{\"@id\":\"https:\\\/\\\/favorite-news.com\\\/pl\\\/media-direction-omd-przejmuje-obsluge-mediowa-dr-oetkera-od-arena-media\\\/#breadcrumb\"},\"inLanguage\":\"pl-PL\",\"potentialAction\":[{\"@type\":\"ReadAction\",\"target\":[\"https:\\\/\\\/favorite-news.com\\\/pl\\\/media-direction-omd-przejmuje-obsluge-mediowa-dr-oetkera-od-arena-media\\\/\"]}]},{\"@type\":\"ImageObject\",\"inLanguage\":\"pl-PL\",\"@id\":\"https:\\\/\\\/favorite-news.com\\\/pl\\\/media-direction-omd-przejmuje-obsluge-mediowa-dr-oetkera-od-arena-media\\\/#primaryimage\",\"url\":\"https:\\\/\\\/favorite-news.com\\\/pl\\\/wp-content\\\/uploads\\\/sites\\\/6\\\/2021\\\/05\\\/Media-Direction-OMD-przejmuje-obsluge-mediowa-Dr-Oetkera-od-Arena.jpg\",\"contentUrl\":\"https:\\\/\\\/favorite-news.com\\\/pl\\\/wp-content\\\/uploads\\\/sites\\\/6\\\/2021\\\/05\\\/Media-Direction-OMD-przejmuje-obsluge-mediowa-Dr-Oetkera-od-Arena.jpg\",\"width\":655,\"height\":335,\"caption\":\"Article\"},{\"@type\":\"BreadcrumbList\",\"@id\":\"https:\\\/\\\/favorite-news.com\\\/pl\\\/media-direction-omd-przejmuje-obsluge-mediowa-dr-oetkera-od-arena-media\\\/#breadcrumb\",\"itemListElement\":[{\"@type\":\"ListItem\",\"position\":1,\"name\":\"Home\",\"item\":\"https:\\\/\\\/favorite-news.com\\\/pl\\\/\"},{\"@type\":\"ListItem\",\"position\":2,\"name\":\"Media Direction OMD przejmuje obs\u0142ug\u0119 mediow\u0105 Dr. Oetkera od Arena Media\"}]},{\"@type\":\"WebSite\",\"@id\":\"https:\\\/\\\/favorite-news.com\\\/pl\\\/#website\",\"url\":\"https:\\\/\\\/favorite-news.com\\\/pl\\\/\",\"name\":\"Favorite News\",\"description\":\"Favorite News Polska\",\"potentialAction\":[{\"@type\":\"SearchAction\",\"target\":{\"@type\":\"EntryPoint\",\"urlTemplate\":\"https:\\\/\\\/favorite-news.com\\\/pl\\\/?s={search_term_string}\"},\"query-input\":{\"@type\":\"PropertyValueSpecification\",\"valueRequired\":true,\"valueName\":\"search_term_string\"}}],\"inLanguage\":\"pl-PL\"},{\"@type\":\"Person\",\"@id\":\"https:\\\/\\\/favorite-news.com\\\/pl\\\/#\\\/schema\\\/person\\\/b91573b717dcfa5e4696032a9d28d3e8\",\"name\":\"favorite-news\",\"image\":{\"@type\":\"ImageObject\",\"inLanguage\":\"pl-PL\",\"@id\":\"https:\\\/\\\/secure.gravatar.com\\\/avatar\\\/6c5a5cb12b74e9d517ee91cf570335b7d16177f1977cc91db161adfa435945a7?s=96&d=mm&r=g\",\"url\":\"https:\\\/\\\/secure.gravatar.com\\\/avatar\\\/6c5a5cb12b74e9d517ee91cf570335b7d16177f1977cc91db161adfa435945a7?s=96&d=mm&r=g\",\"contentUrl\":\"https:\\\/\\\/secure.gravatar.com\\\/avatar\\\/6c5a5cb12b74e9d517ee91cf570335b7d16177f1977cc91db161adfa435945a7?s=96&d=mm&r=g\",\"caption\":\"favorite-news\"},\"url\":\"https:\\\/\\\/favorite-news.com\\\/pl\\\/author\\\/pt\\\/\"}]}<\/script>\n<!-- \/ Yoast SEO plugin. -->","yoast_head_json":{"title":"Media Direction OMD przejmuje obs\u0142ug\u0119 mediow\u0105 Dr. Oetkera od Arena Media - Favorite News","robots":{"index":"index","follow":"follow","max-snippet":"max-snippet:-1","max-image-preview":"max-image-preview:large","max-video-preview":"max-video-preview:-1"},"canonical":"https:\/\/favorite-news.com\/pl\/media-direction-omd-przejmuje-obsluge-mediowa-dr-oetkera-od-arena-media\/","og_locale":"pl_PL","og_type":"article","og_title":"Media Direction OMD przejmuje obs\u0142ug\u0119 mediow\u0105 Dr. Oetkera od Arena Media - Favorite News","og_description":"Wsp\u00f3\u0142praca obu firm rozpocznie si\u0119 od po\u0142owy maja br. i obejmie kompleksowe planowanie oraz zakup medi\u00f3w, w pierwszej kolejno\u015bci online, nast\u0119pnie offline w II po\u0142owie 2021.&#13; &#13; Zesp\u00f3\u0142 w Media Direction OMD, na czele kt\u00f3rego stoi Joanna Bosakirska, b\u0119dzie obs\u0142ugiwa\u0107 klienta kompleksowo i zajmie si\u0119 planowaniem, optymalizacj\u0105 oraz zakupem kampanii dla wszystkich brand\u00f3w wchodz\u0105cych w [&hellip;]","og_url":"https:\/\/favorite-news.com\/pl\/media-direction-omd-przejmuje-obsluge-mediowa-dr-oetkera-od-arena-media\/","og_site_name":"Favorite News","article_published_time":"2021-05-14T15:37:51+00:00","article_modified_time":"2021-05-14T15:37:55+00:00","og_image":[{"width":655,"height":335,"url":"https:\/\/favorite-news.com\/pl\/wp-content\/uploads\/sites\/6\/2021\/05\/Media-Direction-OMD-przejmuje-obsluge-mediowa-Dr-Oetkera-od-Arena.jpg","type":"image\/jpeg"}],"author":"favorite-news","twitter_card":"summary_large_image","twitter_misc":{"Napisane przez":"favorite-news","Szacowany czas czytania":"1 minuta"},"schema":{"@context":"https:\/\/schema.org","@graph":[{"@type":"Article","@id":"https:\/\/favorite-news.com\/pl\/media-direction-omd-przejmuje-obsluge-mediowa-dr-oetkera-od-arena-media\/#article","isPartOf":{"@id":"https:\/\/favorite-news.com\/pl\/media-direction-omd-przejmuje-obsluge-mediowa-dr-oetkera-od-arena-media\/"},"author":{"name":"favorite-news","@id":"https:\/\/favorite-news.com\/pl\/#\/schema\/person\/b91573b717dcfa5e4696032a9d28d3e8"},"headline":"Media Direction OMD przejmuje obs\u0142ug\u0119 mediow\u0105 Dr. Oetkera od Arena Media","datePublished":"2021-05-14T15:37:51+00:00","dateModified":"2021-05-14T15:37:55+00:00","mainEntityOfPage":{"@id":"https:\/\/favorite-news.com\/pl\/media-direction-omd-przejmuje-obsluge-mediowa-dr-oetkera-od-arena-media\/"},"wordCount":233,"commentCount":0,"image":{"@id":"https:\/\/favorite-news.com\/pl\/media-direction-omd-przejmuje-obsluge-mediowa-dr-oetkera-od-arena-media\/#primaryimage"},"thumbnailUrl":"https:\/\/favorite-news.com\/pl\/wp-content\/uploads\/sites\/6\/2021\/05\/Media-Direction-OMD-przejmuje-obsluge-mediowa-Dr-Oetkera-od-Arena.jpg","articleSection":["WIADOMO\u015aCI MARKETINGOWE INTERNETOWE"],"inLanguage":"pl-PL","potentialAction":[{"@type":"CommentAction","name":"Comment","target":["https:\/\/favorite-news.com\/pl\/media-direction-omd-przejmuje-obsluge-mediowa-dr-oetkera-od-arena-media\/#respond"]}]},{"@type":"WebPage","@id":"https:\/\/favorite-news.com\/pl\/media-direction-omd-przejmuje-obsluge-mediowa-dr-oetkera-od-arena-media\/","url":"https:\/\/favorite-news.com\/pl\/media-direction-omd-przejmuje-obsluge-mediowa-dr-oetkera-od-arena-media\/","name":"Media Direction OMD przejmuje obs\u0142ug\u0119 mediow\u0105 Dr. Oetkera od Arena Media - Favorite News","isPartOf":{"@id":"https:\/\/favorite-news.com\/pl\/#website"},"primaryImageOfPage":{"@id":"https:\/\/favorite-news.com\/pl\/media-direction-omd-przejmuje-obsluge-mediowa-dr-oetkera-od-arena-media\/#primaryimage"},"image":{"@id":"https:\/\/favorite-news.com\/pl\/media-direction-omd-przejmuje-obsluge-mediowa-dr-oetkera-od-arena-media\/#primaryimage"},"thumbnailUrl":"https:\/\/favorite-news.com\/pl\/wp-content\/uploads\/sites\/6\/2021\/05\/Media-Direction-OMD-przejmuje-obsluge-mediowa-Dr-Oetkera-od-Arena.jpg","datePublished":"2021-05-14T15:37:51+00:00","dateModified":"2021-05-14T15:37:55+00:00","author":{"@id":"https:\/\/favorite-news.com\/pl\/#\/schema\/person\/b91573b717dcfa5e4696032a9d28d3e8"},"breadcrumb":{"@id":"https:\/\/favorite-news.com\/pl\/media-direction-omd-przejmuje-obsluge-mediowa-dr-oetkera-od-arena-media\/#breadcrumb"},"inLanguage":"pl-PL","potentialAction":[{"@type":"ReadAction","target":["https:\/\/favorite-news.com\/pl\/media-direction-omd-przejmuje-obsluge-mediowa-dr-oetkera-od-arena-media\/"]}]},{"@type":"ImageObject","inLanguage":"pl-PL","@id":"https:\/\/favorite-news.com\/pl\/media-direction-omd-przejmuje-obsluge-mediowa-dr-oetkera-od-arena-media\/#primaryimage","url":"https:\/\/favorite-news.com\/pl\/wp-content\/uploads\/sites\/6\/2021\/05\/Media-Direction-OMD-przejmuje-obsluge-mediowa-Dr-Oetkera-od-Arena.jpg","contentUrl":"https:\/\/favorite-news.com\/pl\/wp-content\/uploads\/sites\/6\/2021\/05\/Media-Direction-OMD-przejmuje-obsluge-mediowa-Dr-Oetkera-od-Arena.jpg","width":655,"height":335,"caption":"Article"},{"@type":"BreadcrumbList","@id":"https:\/\/favorite-news.com\/pl\/media-direction-omd-przejmuje-obsluge-mediowa-dr-oetkera-od-arena-media\/#breadcrumb","itemListElement":[{"@type":"ListItem","position":1,"name":"Home","item":"https:\/\/favorite-news.com\/pl\/"},{"@type":"ListItem","position":2,"name":"Media Direction OMD przejmuje obs\u0142ug\u0119 mediow\u0105 Dr. Oetkera od Arena Media"}]},{"@type":"WebSite","@id":"https:\/\/favorite-news.com\/pl\/#website","url":"https:\/\/favorite-news.com\/pl\/","name":"Favorite News","description":"Favorite News Polska","potentialAction":[{"@type":"SearchAction","target":{"@type":"EntryPoint","urlTemplate":"https:\/\/favorite-news.com\/pl\/?s={search_term_string}"},"query-input":{"@type":"PropertyValueSpecification","valueRequired":true,"valueName":"search_term_string"}}],"inLanguage":"pl-PL"},{"@type":"Person","@id":"https:\/\/favorite-news.com\/pl\/#\/schema\/person\/b91573b717dcfa5e4696032a9d28d3e8","name":"favorite-news","image":{"@type":"ImageObject","inLanguage":"pl-PL","@id":"https:\/\/secure.gravatar.com\/avatar\/6c5a5cb12b74e9d517ee91cf570335b7d16177f1977cc91db161adfa435945a7?s=96&d=mm&r=g","url":"https:\/\/secure.gravatar.com\/avatar\/6c5a5cb12b74e9d517ee91cf570335b7d16177f1977cc91db161adfa435945a7?s=96&d=mm&r=g","contentUrl":"https:\/\/secure.gravatar.com\/avatar\/6c5a5cb12b74e9d517ee91cf570335b7d16177f1977cc91db161adfa435945a7?s=96&d=mm&r=g","caption":"favorite-news"},"url":"https:\/\/favorite-news.com\/pl\/author\/pt\/"}]}},"_links":{"self":[{"href":"https:\/\/favorite-news.com\/pl\/wp-json\/wp\/v2\/posts\/6114","targetHints":{"allow":["GET"]}}],"collection":[{"href":"https:\/\/favorite-news.com\/pl\/wp-json\/wp\/v2\/posts"}],"about":[{"href":"https:\/\/favorite-news.com\/pl\/wp-json\/wp\/v2\/types\/post"}],"author":[{"embeddable":true,"href":"https:\/\/favorite-news.com\/pl\/wp-json\/wp\/v2\/users\/2"}],"replies":[{"embeddable":true,"href":"https:\/\/favorite-news.com\/pl\/wp-json\/wp\/v2\/comments?post=6114"}],"version-history":[{"count":1,"href":"https:\/\/favorite-news.com\/pl\/wp-json\/wp\/v2\/posts\/6114\/revisions"}],"predecessor-version":[{"id":6116,"href":"https:\/\/favorite-news.com\/pl\/wp-json\/wp\/v2\/posts\/6114\/revisions\/6116"}],"wp:featuredmedia":[{"embeddable":true,"href":"https:\/\/favorite-news.com\/pl\/wp-json\/wp\/v2\/media\/6115"}],"wp:attachment":[{"href":"https:\/\/favorite-news.com\/pl\/wp-json\/wp\/v2\/media?parent=6114"}],"wp:term":[{"taxonomy":"category","embeddable":true,"href":"https:\/\/favorite-news.com\/pl\/wp-json\/wp\/v2\/categories?post=6114"},{"taxonomy":"post_tag","embeddable":true,"href":"https:\/\/favorite-news.com\/pl\/wp-json\/wp\/v2\/tags?post=6114"}],"curies":[{"name":"wp","href":"https:\/\/api.w.org\/{rel}","templated":true}]}}