{"id":609,"date":"2019-05-15T16:27:42","date_gmt":"2019-05-15T13:27:42","guid":{"rendered":"https:\/\/favorite-news.com\/pl\/tvp-powierza-value-media-35-mln-zl-budzetu-mediowego-bez-przetargu\/"},"modified":"2019-05-15T16:27:43","modified_gmt":"2019-05-15T13:27:43","slug":"tvp-powierza-value-media-35-mln-zl-budzetu-mediowego-bez-przetargu","status":"publish","type":"post","link":"https:\/\/favorite-news.com\/pl\/tvp-powierza-value-media-35-mln-zl-budzetu-mediowego-bez-przetargu\/","title":{"rendered":"TVP powierza Value Media 3,5 mln z\u0142 bud\u017cetu mediowego bez przetargu"},"content":{"rendered":"<p> [ad_1]<br \/>\n<\/p>\n<div id=\"\">\n<p>Dom mediowy Value Media zajmuje si\u0119 obs\u0142ug\u0105 mediow\u0105 TVP od wiosny ub.r. po tym, jak w przetargu publicznego nadawcy obroni\u0142 jego bud\u017cet.<\/p>\n<p>&#13;<br \/>\n&#13;<\/p>\n<p>Agencja zacz\u0119\u0142a pierwotnie planowa\u0107 i kupowa\u0107 media do kampanii TVP w 2017 roku, kiedy w wygranym post\u0119powaniu przej\u0119\u0142a bud\u017cet Telewizji Polskiej od domu mediowego Maxus (GroupM; po po\u0142\u0105czeniu z MEC dzia\u0142a obecnie jako Wavemaker).<\/p>\n<p>&#13;<br \/>\n&#13;<\/p>\n<p>Value Media bra\u0142o w ub.r. udzia\u0142 w przetargu rozpocz\u0119tym w lutym ub.r.. 7 maja ub.r., po jego rozstrzygni\u0119ciu TVP podpisa\u0142a z agencj\u0105 umow\u0119 na 12 miesi\u0119cy.<\/p>\n<p>&#13;<br \/>\n&#13;<\/p>\n<p>Teraz publiczny nadawca postanowi\u0142 j\u0105 przed\u0142u\u017cy\u0107 o kolejne blisko trzy miesi\u0105ce \u2013 do 31 lipca br. Tak\u0105 mo\u017cliwo\u015b\u0107 przewiduje Prawo zam\u00f3wie\u0144 publicznych \u2013 udzielono zam\u00f3wienia z wolnej r\u0119ki (mo\u017cliwo\u015b\u0107 udzielenia zam\u00f3wienia z wolnej r\u0119ki zachodzi w przypadku udzielenia, w okresie 3 lat od udzielenia zam\u00f3wienia podstawowego, dotychczasowemu wykonawcy us\u0142ug lub rob\u00f3t budowlanych, zam\u00f3wienia polegaj\u0105cego na powt\u00f3rzeniu podobnych us\u0142ug lub rob\u00f3t budowlanych, je\u017celi takie zam\u00f3wienie by\u0142o przewidziane w og\u0142oszeniu o zam\u00f3wieniu dla zam\u00f3wienia podstawowego i jest zgodne z jego przedmiotem oraz ca\u0142kowita warto\u015b\u0107 tego zam\u00f3wienia zosta\u0142a uwzgl\u0119dniona przy obliczaniu jego warto\u015bci).<\/p>\n<p>&#13;<br \/>\n&#13;<\/p>\n<p>Warto\u015b\u0107 umowy pomi\u0119dzy TVP a Value Media opiewa na kwot\u0119\u00a0 3 487 000 z\u0142 (netto, bez VAT).<\/p>\n<p>&#13;<br \/>\n                            &#13;<br \/>\n&#13;<br \/>\n                            &#13;<br \/>\n&#13;<br \/>\n&#13;<br \/>\n&#13;<br \/>\n&#13;<br \/>\n&#13;<br \/>\n                            &#13;<br \/>\n                                                            &#13;<br \/>\n&#13;<br \/>\n                            &#13;\n                        <\/p><\/div>\n<p><script>(function (d, s, id) {\n        var js, fjs = d.getElementsByTagName(s)[0];\n        if (d.getElementById(id)) return;\n        js = d.createElement(s);\n        js.id = id;\n        js.src = \"http:\/\/connect.facebook.net\/pl_PL\/sdk.js#xfbml=1&version=v2.6&appId=297996717062470\";\n        fjs.parentNode.insertBefore(js, fjs);\n    }(document, 'script', 'facebook-jssdk'));<\/script><br \/>\n<br \/>[ad_2]<br \/>\n<br \/><a href=\"https:\/\/www.wirtualnemedia.pl\/artykul\/tvp-powierza-value-media-3-5-mln-zl-budzetu-mediowego-bez-przetargu\">Source link <\/a><\/p>\n","protected":false},"excerpt":{"rendered":"<p>[ad_1] Dom mediowy Value Media zajmuje si\u0119 obs\u0142ug\u0105 mediow\u0105 TVP od wiosny ub.r. po tym, jak w przetargu publicznego nadawcy obroni\u0142 jego bud\u017cet. &#13; &#13; Agencja zacz\u0119\u0142a pierwotnie planowa\u0107 i kupowa\u0107 media do kampanii TVP w 2017 roku, kiedy w wygranym post\u0119powaniu przej\u0119\u0142a bud\u017cet Telewizji Polskiej od domu mediowego Maxus (GroupM; po po\u0142\u0105czeniu z MEC [&hellip;]<\/p>\n","protected":false},"author":2,"featured_media":610,"comment_status":"open","ping_status":"open","sticky":false,"template":"","format":"standard","meta":{"footnotes":""},"categories":[2],"tags":[],"class_list":["post-609","post","type-post","status-publish","format-standard","has-post-thumbnail","hentry","category-wiadomosci-marketingowe-internetowe"],"yoast_head":"<!-- This site is optimized with the Yoast SEO plugin v27.4 - https:\/\/yoast.com\/product\/yoast-seo-wordpress\/ -->\n<title>TVP powierza Value Media 3,5 mln z\u0142 bud\u017cetu mediowego bez przetargu - Favorite News<\/title>\n<meta name=\"robots\" content=\"index, follow, max-snippet:-1, max-image-preview:large, max-video-preview:-1\" \/>\n<link rel=\"canonical\" href=\"https:\/\/favorite-news.com\/pl\/tvp-powierza-value-media-35-mln-zl-budzetu-mediowego-bez-przetargu\/\" \/>\n<meta property=\"og:locale\" content=\"pl_PL\" \/>\n<meta property=\"og:type\" content=\"article\" \/>\n<meta property=\"og:title\" content=\"TVP powierza Value Media 3,5 mln z\u0142 bud\u017cetu mediowego bez przetargu - Favorite News\" \/>\n<meta property=\"og:description\" content=\"[ad_1] Dom mediowy Value Media zajmuje si\u0119 obs\u0142ug\u0105 mediow\u0105 TVP od wiosny ub.r. po tym, jak w przetargu publicznego nadawcy obroni\u0142 jego bud\u017cet. &#013; &#013; Agencja zacz\u0119\u0142a pierwotnie planowa\u0107 i kupowa\u0107 media do kampanii TVP w 2017 roku, kiedy w wygranym post\u0119powaniu przej\u0119\u0142a bud\u017cet Telewizji Polskiej od domu mediowego Maxus (GroupM; po po\u0142\u0105czeniu z MEC [&hellip;]\" \/>\n<meta property=\"og:url\" content=\"https:\/\/favorite-news.com\/pl\/tvp-powierza-value-media-35-mln-zl-budzetu-mediowego-bez-przetargu\/\" \/>\n<meta property=\"og:site_name\" content=\"Favorite News\" \/>\n<meta property=\"article:published_time\" content=\"2019-05-15T13:27:42+00:00\" \/>\n<meta property=\"article:modified_time\" content=\"2019-05-15T13:27:43+00:00\" \/>\n<meta property=\"og:image\" content=\"https:\/\/favorite-news.com\/pl\/wp-content\/uploads\/sites\/6\/2019\/05\/TVP-powierza-Value-Media-35-mln-z\u0142-bud\u017cetu-mediowego-bez.jpg\" \/>\n\t<meta property=\"og:image:width\" content=\"655\" \/>\n\t<meta property=\"og:image:height\" content=\"436\" \/>\n\t<meta property=\"og:image:type\" content=\"image\/jpeg\" \/>\n<meta name=\"author\" content=\"favorite-news\" \/>\n<meta name=\"twitter:card\" content=\"summary_large_image\" \/>\n<meta name=\"twitter:label1\" content=\"Napisane przez\" \/>\n\t<meta name=\"twitter:data1\" content=\"favorite-news\" \/>\n\t<meta name=\"twitter:label2\" content=\"Szacowany czas czytania\" \/>\n\t<meta name=\"twitter:data2\" content=\"1 minuta\" \/>\n<script type=\"application\/ld+json\" class=\"yoast-schema-graph\">{\"@context\":\"https:\\\/\\\/schema.org\",\"@graph\":[{\"@type\":\"Article\",\"@id\":\"https:\\\/\\\/favorite-news.com\\\/pl\\\/tvp-powierza-value-media-35-mln-zl-budzetu-mediowego-bez-przetargu\\\/#article\",\"isPartOf\":{\"@id\":\"https:\\\/\\\/favorite-news.com\\\/pl\\\/tvp-powierza-value-media-35-mln-zl-budzetu-mediowego-bez-przetargu\\\/\"},\"author\":{\"name\":\"favorite-news\",\"@id\":\"https:\\\/\\\/favorite-news.com\\\/pl\\\/#\\\/schema\\\/person\\\/b91573b717dcfa5e4696032a9d28d3e8\"},\"headline\":\"TVP powierza Value Media 3,5 mln z\u0142 bud\u017cetu mediowego bez przetargu\",\"datePublished\":\"2019-05-15T13:27:42+00:00\",\"dateModified\":\"2019-05-15T13:27:43+00:00\",\"mainEntityOfPage\":{\"@id\":\"https:\\\/\\\/favorite-news.com\\\/pl\\\/tvp-powierza-value-media-35-mln-zl-budzetu-mediowego-bez-przetargu\\\/\"},\"wordCount\":241,\"commentCount\":0,\"image\":{\"@id\":\"https:\\\/\\\/favorite-news.com\\\/pl\\\/tvp-powierza-value-media-35-mln-zl-budzetu-mediowego-bez-przetargu\\\/#primaryimage\"},\"thumbnailUrl\":\"https:\\\/\\\/favorite-news.com\\\/pl\\\/wp-content\\\/uploads\\\/sites\\\/6\\\/2019\\\/05\\\/TVP-powierza-Value-Media-35-mln-z\u0142-bud\u017cetu-mediowego-bez.jpg\",\"articleSection\":[\"WIADOMO\u015aCI MARKETINGOWE INTERNETOWE\"],\"inLanguage\":\"pl-PL\",\"potentialAction\":[{\"@type\":\"CommentAction\",\"name\":\"Comment\",\"target\":[\"https:\\\/\\\/favorite-news.com\\\/pl\\\/tvp-powierza-value-media-35-mln-zl-budzetu-mediowego-bez-przetargu\\\/#respond\"]}]},{\"@type\":\"WebPage\",\"@id\":\"https:\\\/\\\/favorite-news.com\\\/pl\\\/tvp-powierza-value-media-35-mln-zl-budzetu-mediowego-bez-przetargu\\\/\",\"url\":\"https:\\\/\\\/favorite-news.com\\\/pl\\\/tvp-powierza-value-media-35-mln-zl-budzetu-mediowego-bez-przetargu\\\/\",\"name\":\"TVP powierza Value Media 3,5 mln z\u0142 bud\u017cetu mediowego bez przetargu - Favorite News\",\"isPartOf\":{\"@id\":\"https:\\\/\\\/favorite-news.com\\\/pl\\\/#website\"},\"primaryImageOfPage\":{\"@id\":\"https:\\\/\\\/favorite-news.com\\\/pl\\\/tvp-powierza-value-media-35-mln-zl-budzetu-mediowego-bez-przetargu\\\/#primaryimage\"},\"image\":{\"@id\":\"https:\\\/\\\/favorite-news.com\\\/pl\\\/tvp-powierza-value-media-35-mln-zl-budzetu-mediowego-bez-przetargu\\\/#primaryimage\"},\"thumbnailUrl\":\"https:\\\/\\\/favorite-news.com\\\/pl\\\/wp-content\\\/uploads\\\/sites\\\/6\\\/2019\\\/05\\\/TVP-powierza-Value-Media-35-mln-z\u0142-bud\u017cetu-mediowego-bez.jpg\",\"datePublished\":\"2019-05-15T13:27:42+00:00\",\"dateModified\":\"2019-05-15T13:27:43+00:00\",\"author\":{\"@id\":\"https:\\\/\\\/favorite-news.com\\\/pl\\\/#\\\/schema\\\/person\\\/b91573b717dcfa5e4696032a9d28d3e8\"},\"breadcrumb\":{\"@id\":\"https:\\\/\\\/favorite-news.com\\\/pl\\\/tvp-powierza-value-media-35-mln-zl-budzetu-mediowego-bez-przetargu\\\/#breadcrumb\"},\"inLanguage\":\"pl-PL\",\"potentialAction\":[{\"@type\":\"ReadAction\",\"target\":[\"https:\\\/\\\/favorite-news.com\\\/pl\\\/tvp-powierza-value-media-35-mln-zl-budzetu-mediowego-bez-przetargu\\\/\"]}]},{\"@type\":\"ImageObject\",\"inLanguage\":\"pl-PL\",\"@id\":\"https:\\\/\\\/favorite-news.com\\\/pl\\\/tvp-powierza-value-media-35-mln-zl-budzetu-mediowego-bez-przetargu\\\/#primaryimage\",\"url\":\"https:\\\/\\\/favorite-news.com\\\/pl\\\/wp-content\\\/uploads\\\/sites\\\/6\\\/2019\\\/05\\\/TVP-powierza-Value-Media-35-mln-z\u0142-bud\u017cetu-mediowego-bez.jpg\",\"contentUrl\":\"https:\\\/\\\/favorite-news.com\\\/pl\\\/wp-content\\\/uploads\\\/sites\\\/6\\\/2019\\\/05\\\/TVP-powierza-Value-Media-35-mln-z\u0142-bud\u017cetu-mediowego-bez.jpg\",\"width\":655,\"height\":436,\"caption\":\"Article\"},{\"@type\":\"BreadcrumbList\",\"@id\":\"https:\\\/\\\/favorite-news.com\\\/pl\\\/tvp-powierza-value-media-35-mln-zl-budzetu-mediowego-bez-przetargu\\\/#breadcrumb\",\"itemListElement\":[{\"@type\":\"ListItem\",\"position\":1,\"name\":\"Home\",\"item\":\"https:\\\/\\\/favorite-news.com\\\/pl\\\/\"},{\"@type\":\"ListItem\",\"position\":2,\"name\":\"TVP powierza Value Media 3,5 mln z\u0142 bud\u017cetu mediowego bez przetargu\"}]},{\"@type\":\"WebSite\",\"@id\":\"https:\\\/\\\/favorite-news.com\\\/pl\\\/#website\",\"url\":\"https:\\\/\\\/favorite-news.com\\\/pl\\\/\",\"name\":\"Favorite News\",\"description\":\"Favorite News Polska\",\"potentialAction\":[{\"@type\":\"SearchAction\",\"target\":{\"@type\":\"EntryPoint\",\"urlTemplate\":\"https:\\\/\\\/favorite-news.com\\\/pl\\\/?s={search_term_string}\"},\"query-input\":{\"@type\":\"PropertyValueSpecification\",\"valueRequired\":true,\"valueName\":\"search_term_string\"}}],\"inLanguage\":\"pl-PL\"},{\"@type\":\"Person\",\"@id\":\"https:\\\/\\\/favorite-news.com\\\/pl\\\/#\\\/schema\\\/person\\\/b91573b717dcfa5e4696032a9d28d3e8\",\"name\":\"favorite-news\",\"image\":{\"@type\":\"ImageObject\",\"inLanguage\":\"pl-PL\",\"@id\":\"https:\\\/\\\/secure.gravatar.com\\\/avatar\\\/6c5a5cb12b74e9d517ee91cf570335b7d16177f1977cc91db161adfa435945a7?s=96&d=mm&r=g\",\"url\":\"https:\\\/\\\/secure.gravatar.com\\\/avatar\\\/6c5a5cb12b74e9d517ee91cf570335b7d16177f1977cc91db161adfa435945a7?s=96&d=mm&r=g\",\"contentUrl\":\"https:\\\/\\\/secure.gravatar.com\\\/avatar\\\/6c5a5cb12b74e9d517ee91cf570335b7d16177f1977cc91db161adfa435945a7?s=96&d=mm&r=g\",\"caption\":\"favorite-news\"},\"url\":\"https:\\\/\\\/favorite-news.com\\\/pl\\\/author\\\/pt\\\/\"}]}<\/script>\n<!-- \/ Yoast SEO plugin. -->","yoast_head_json":{"title":"TVP powierza Value Media 3,5 mln z\u0142 bud\u017cetu mediowego bez przetargu - Favorite News","robots":{"index":"index","follow":"follow","max-snippet":"max-snippet:-1","max-image-preview":"max-image-preview:large","max-video-preview":"max-video-preview:-1"},"canonical":"https:\/\/favorite-news.com\/pl\/tvp-powierza-value-media-35-mln-zl-budzetu-mediowego-bez-przetargu\/","og_locale":"pl_PL","og_type":"article","og_title":"TVP powierza Value Media 3,5 mln z\u0142 bud\u017cetu mediowego bez przetargu - Favorite News","og_description":"[ad_1] Dom mediowy Value Media zajmuje si\u0119 obs\u0142ug\u0105 mediow\u0105 TVP od wiosny ub.r. po tym, jak w przetargu publicznego nadawcy obroni\u0142 jego bud\u017cet. &#13; &#13; Agencja zacz\u0119\u0142a pierwotnie planowa\u0107 i kupowa\u0107 media do kampanii TVP w 2017 roku, kiedy w wygranym post\u0119powaniu przej\u0119\u0142a bud\u017cet Telewizji Polskiej od domu mediowego Maxus (GroupM; po po\u0142\u0105czeniu z MEC [&hellip;]","og_url":"https:\/\/favorite-news.com\/pl\/tvp-powierza-value-media-35-mln-zl-budzetu-mediowego-bez-przetargu\/","og_site_name":"Favorite News","article_published_time":"2019-05-15T13:27:42+00:00","article_modified_time":"2019-05-15T13:27:43+00:00","og_image":[{"width":655,"height":436,"url":"https:\/\/favorite-news.com\/pl\/wp-content\/uploads\/sites\/6\/2019\/05\/TVP-powierza-Value-Media-35-mln-z\u0142-bud\u017cetu-mediowego-bez.jpg","type":"image\/jpeg"}],"author":"favorite-news","twitter_card":"summary_large_image","twitter_misc":{"Napisane przez":"favorite-news","Szacowany czas czytania":"1 minuta"},"schema":{"@context":"https:\/\/schema.org","@graph":[{"@type":"Article","@id":"https:\/\/favorite-news.com\/pl\/tvp-powierza-value-media-35-mln-zl-budzetu-mediowego-bez-przetargu\/#article","isPartOf":{"@id":"https:\/\/favorite-news.com\/pl\/tvp-powierza-value-media-35-mln-zl-budzetu-mediowego-bez-przetargu\/"},"author":{"name":"favorite-news","@id":"https:\/\/favorite-news.com\/pl\/#\/schema\/person\/b91573b717dcfa5e4696032a9d28d3e8"},"headline":"TVP powierza Value Media 3,5 mln z\u0142 bud\u017cetu mediowego bez przetargu","datePublished":"2019-05-15T13:27:42+00:00","dateModified":"2019-05-15T13:27:43+00:00","mainEntityOfPage":{"@id":"https:\/\/favorite-news.com\/pl\/tvp-powierza-value-media-35-mln-zl-budzetu-mediowego-bez-przetargu\/"},"wordCount":241,"commentCount":0,"image":{"@id":"https:\/\/favorite-news.com\/pl\/tvp-powierza-value-media-35-mln-zl-budzetu-mediowego-bez-przetargu\/#primaryimage"},"thumbnailUrl":"https:\/\/favorite-news.com\/pl\/wp-content\/uploads\/sites\/6\/2019\/05\/TVP-powierza-Value-Media-35-mln-z\u0142-bud\u017cetu-mediowego-bez.jpg","articleSection":["WIADOMO\u015aCI MARKETINGOWE INTERNETOWE"],"inLanguage":"pl-PL","potentialAction":[{"@type":"CommentAction","name":"Comment","target":["https:\/\/favorite-news.com\/pl\/tvp-powierza-value-media-35-mln-zl-budzetu-mediowego-bez-przetargu\/#respond"]}]},{"@type":"WebPage","@id":"https:\/\/favorite-news.com\/pl\/tvp-powierza-value-media-35-mln-zl-budzetu-mediowego-bez-przetargu\/","url":"https:\/\/favorite-news.com\/pl\/tvp-powierza-value-media-35-mln-zl-budzetu-mediowego-bez-przetargu\/","name":"TVP powierza Value Media 3,5 mln z\u0142 bud\u017cetu mediowego bez przetargu - Favorite News","isPartOf":{"@id":"https:\/\/favorite-news.com\/pl\/#website"},"primaryImageOfPage":{"@id":"https:\/\/favorite-news.com\/pl\/tvp-powierza-value-media-35-mln-zl-budzetu-mediowego-bez-przetargu\/#primaryimage"},"image":{"@id":"https:\/\/favorite-news.com\/pl\/tvp-powierza-value-media-35-mln-zl-budzetu-mediowego-bez-przetargu\/#primaryimage"},"thumbnailUrl":"https:\/\/favorite-news.com\/pl\/wp-content\/uploads\/sites\/6\/2019\/05\/TVP-powierza-Value-Media-35-mln-z\u0142-bud\u017cetu-mediowego-bez.jpg","datePublished":"2019-05-15T13:27:42+00:00","dateModified":"2019-05-15T13:27:43+00:00","author":{"@id":"https:\/\/favorite-news.com\/pl\/#\/schema\/person\/b91573b717dcfa5e4696032a9d28d3e8"},"breadcrumb":{"@id":"https:\/\/favorite-news.com\/pl\/tvp-powierza-value-media-35-mln-zl-budzetu-mediowego-bez-przetargu\/#breadcrumb"},"inLanguage":"pl-PL","potentialAction":[{"@type":"ReadAction","target":["https:\/\/favorite-news.com\/pl\/tvp-powierza-value-media-35-mln-zl-budzetu-mediowego-bez-przetargu\/"]}]},{"@type":"ImageObject","inLanguage":"pl-PL","@id":"https:\/\/favorite-news.com\/pl\/tvp-powierza-value-media-35-mln-zl-budzetu-mediowego-bez-przetargu\/#primaryimage","url":"https:\/\/favorite-news.com\/pl\/wp-content\/uploads\/sites\/6\/2019\/05\/TVP-powierza-Value-Media-35-mln-z\u0142-bud\u017cetu-mediowego-bez.jpg","contentUrl":"https:\/\/favorite-news.com\/pl\/wp-content\/uploads\/sites\/6\/2019\/05\/TVP-powierza-Value-Media-35-mln-z\u0142-bud\u017cetu-mediowego-bez.jpg","width":655,"height":436,"caption":"Article"},{"@type":"BreadcrumbList","@id":"https:\/\/favorite-news.com\/pl\/tvp-powierza-value-media-35-mln-zl-budzetu-mediowego-bez-przetargu\/#breadcrumb","itemListElement":[{"@type":"ListItem","position":1,"name":"Home","item":"https:\/\/favorite-news.com\/pl\/"},{"@type":"ListItem","position":2,"name":"TVP powierza Value Media 3,5 mln z\u0142 bud\u017cetu mediowego bez przetargu"}]},{"@type":"WebSite","@id":"https:\/\/favorite-news.com\/pl\/#website","url":"https:\/\/favorite-news.com\/pl\/","name":"Favorite News","description":"Favorite News Polska","potentialAction":[{"@type":"SearchAction","target":{"@type":"EntryPoint","urlTemplate":"https:\/\/favorite-news.com\/pl\/?s={search_term_string}"},"query-input":{"@type":"PropertyValueSpecification","valueRequired":true,"valueName":"search_term_string"}}],"inLanguage":"pl-PL"},{"@type":"Person","@id":"https:\/\/favorite-news.com\/pl\/#\/schema\/person\/b91573b717dcfa5e4696032a9d28d3e8","name":"favorite-news","image":{"@type":"ImageObject","inLanguage":"pl-PL","@id":"https:\/\/secure.gravatar.com\/avatar\/6c5a5cb12b74e9d517ee91cf570335b7d16177f1977cc91db161adfa435945a7?s=96&d=mm&r=g","url":"https:\/\/secure.gravatar.com\/avatar\/6c5a5cb12b74e9d517ee91cf570335b7d16177f1977cc91db161adfa435945a7?s=96&d=mm&r=g","contentUrl":"https:\/\/secure.gravatar.com\/avatar\/6c5a5cb12b74e9d517ee91cf570335b7d16177f1977cc91db161adfa435945a7?s=96&d=mm&r=g","caption":"favorite-news"},"url":"https:\/\/favorite-news.com\/pl\/author\/pt\/"}]}},"_links":{"self":[{"href":"https:\/\/favorite-news.com\/pl\/wp-json\/wp\/v2\/posts\/609","targetHints":{"allow":["GET"]}}],"collection":[{"href":"https:\/\/favorite-news.com\/pl\/wp-json\/wp\/v2\/posts"}],"about":[{"href":"https:\/\/favorite-news.com\/pl\/wp-json\/wp\/v2\/types\/post"}],"author":[{"embeddable":true,"href":"https:\/\/favorite-news.com\/pl\/wp-json\/wp\/v2\/users\/2"}],"replies":[{"embeddable":true,"href":"https:\/\/favorite-news.com\/pl\/wp-json\/wp\/v2\/comments?post=609"}],"version-history":[{"count":1,"href":"https:\/\/favorite-news.com\/pl\/wp-json\/wp\/v2\/posts\/609\/revisions"}],"predecessor-version":[{"id":611,"href":"https:\/\/favorite-news.com\/pl\/wp-json\/wp\/v2\/posts\/609\/revisions\/611"}],"wp:featuredmedia":[{"embeddable":true,"href":"https:\/\/favorite-news.com\/pl\/wp-json\/wp\/v2\/media\/610"}],"wp:attachment":[{"href":"https:\/\/favorite-news.com\/pl\/wp-json\/wp\/v2\/media?parent=609"}],"wp:term":[{"taxonomy":"category","embeddable":true,"href":"https:\/\/favorite-news.com\/pl\/wp-json\/wp\/v2\/categories?post=609"},{"taxonomy":"post_tag","embeddable":true,"href":"https:\/\/favorite-news.com\/pl\/wp-json\/wp\/v2\/tags?post=609"}],"curies":[{"name":"wp","href":"https:\/\/api.w.org\/{rel}","templated":true}]}}