{"id":6061,"date":"2021-04-25T17:35:42","date_gmt":"2021-04-25T14:35:42","guid":{"rendered":"https:\/\/favorite-news.com\/pl\/credit-agricole-zacheca-do-walki-z-nadmiarem-plastiku-w-kampanii-dawid-podsiadlo-i-jaroslaw-kuzniar\/"},"modified":"2021-04-25T17:35:47","modified_gmt":"2021-04-25T14:35:47","slug":"credit-agricole-zacheca-do-walki-z-nadmiarem-plastiku-w-kampanii-dawid-podsiadlo-i-jaroslaw-kuzniar","status":"publish","type":"post","link":"https:\/\/favorite-news.com\/pl\/credit-agricole-zacheca-do-walki-z-nadmiarem-plastiku-w-kampanii-dawid-podsiadlo-i-jaroslaw-kuzniar\/","title":{"rendered":"Credit Agricole zach\u0119ca do walki z nadmiarem plastiku. W kampanii Dawid Podsiad\u0142o i Jaros\u0142aw Ku\u017aniar"},"content":{"rendered":"<p>Kampania &#8222;B\u0105d\u017a eko i zyskaj!&#8221; Credit Agricole ruszy\u0142a 22 marca, kt\u00f3ry og\u0142oszono \u015awiatowym Dniem Wody. Bank przypomnia\u0142, \u017ce 20 ton plastikowych \u015bmieci w ka\u017cdej minucie trafia do m\u00f3rz i ocean\u00f3w na \u015bwiecie i zach\u0119ca\u0142 do walki z nadmiarem plastikowych odpad\u00f3w. Jednym ze sposob\u00f3w jest do\u0142\u0105czenie do kampanii edukacyjnej #mniejplastiku. Akcj\u0119 promuje Dawid Podsiad\u0142o.&#13;<br \/>\n&#13;<br \/>\n&#13;<br \/>\n&#13;<br \/>\nSpoty prezentowane s\u0105 w 150 stacjach telewizyjnych i ponad 200 stacjach radiowych. Kampanii towarzysz\u0105 zintegrowane dzia\u0142ania w Internecie i mediach spo\u0142eczno\u015bciowych. Now\u0105 ofert\u0119 promuj\u0105 tak\u017ce materia\u0142y w plac\u00f3wkach bankowych i tre\u015bci wy\u015bwietlane na ekranach digital signage. Bank zaplanowa\u0142 te\u017c komunikacj\u0119 bezpo\u015bredni\u0105 do klient\u00f3w poprzez SMS-y oraz szereg dzia\u0142a\u0144 PR zwi\u0105zanych z kampani\u0105 edukacyjn\u0105 #mniejplastiku.&#13;<br \/>\n&#13;<br \/>\n&#13;<br \/>\n&#13;<br \/>\n&#13;<br \/>\n&#13;<br \/>\n\t\t\tCredit Agricole walczy z plastikiem&#13;<br \/>\n&#13;<br \/>\nNa potrzeby kampanii przygotowana zosta\u0142a strona internetowa: mniejplastiku.pl, na kt\u00f3rej mo\u017cna dowiedzie\u0107 si\u0119 wi\u0119cej o ekologicznych dzia\u0142aniach Credit Agricole i nowej, przyjaznej \u015brodowisku karcie p\u0142atniczej. \u00a0&#13;<br \/>\n&#13;<br \/>\nW\u0142a\u015bnie zacz\u0105\u0142 si\u0119 nowy etap kampanii, obejmuj\u0105cy m.in. reporta\u017c Jaros\u0142awa Ku\u017aniara &#8222;Masz wp\u0142yw&#8221;, kt\u00f3ry b\u0119dzie mo\u017cna obejrze\u0107 w Onet.pl w niedziel\u0119 o godz. 15:00. Dziennikarz poszuka odpowiedzi na pytanie, czy ludzie mog\u0105 powstrzyma\u0107 fal\u0119 zalewaj\u0105cego nasz\u0105 planet\u0119 plastiku, zw\u0142aszcza tego trafiaj\u0105cego do m\u00f3rz i ocean\u00f3w.&#13;<br \/>\n&#13;<br \/>\n&#13;<br \/>\n&#13;<br \/>\nBank wsp\u00f3lnie z portalem Onet.pl przygotowa\u0142 serwis informacyjny po\u015bwi\u0119cony problemowi plastiku: mniejplastiku.onet.pl.&#13;<br \/>\n&#13;<br \/>\n&#13;<br \/>\n&#13;<br \/>\nAutorem konceptu kreatywnego wiosennej kampanii Credit Agricole jest agencja Just, za produkcj\u0119 spot\u00f3w odpowiada\u0142 Opus Film, a planowanie i zakup medi\u00f3w jest dzie\u0142em Zenith Media. Za kampanie w Internecie odpowiedzialna jest agencja Cube Group. Kreacje do kampanii internetowych przygotowa\u0142y agencje Just i Point of View.&#13;<br \/>\n                                                        &#13;<br \/>\n                            &#13;<br \/>\n                            &#13;<br \/>\n                                                            &#13;<br \/>\n&#13;<br \/>\n                            &#13;<\/p>\n<p>\n<!--noindex--><br \/>\n<a href=\"https:\/\/www.wirtualnemedia.pl\/artykul\/credit-agricole-walka-nadmiar-plastik-dawid-podsiadlo-jaroslaw-kuzniar\" rel=\"nofollow\">Source link <\/a><br \/>\n<!--\/noindex--><\/p>\n","protected":false},"excerpt":{"rendered":"<p>Kampania &#8222;B\u0105d\u017a eko i zyskaj!&#8221; Credit Agricole ruszy\u0142a 22 marca, kt\u00f3ry og\u0142oszono \u015awiatowym Dniem Wody. Bank przypomnia\u0142, \u017ce 20 ton plastikowych \u015bmieci w ka\u017cdej minucie trafia do m\u00f3rz i ocean\u00f3w na \u015bwiecie i zach\u0119ca\u0142 do walki z nadmiarem plastikowych odpad\u00f3w. Jednym ze sposob\u00f3w jest do\u0142\u0105czenie do kampanii edukacyjnej #mniejplastiku. Akcj\u0119 promuje Dawid Podsiad\u0142o.&#13; &#13; &#13; [&hellip;]<\/p>\n","protected":false},"author":2,"featured_media":6062,"comment_status":"open","ping_status":"open","sticky":false,"template":"","format":"standard","meta":{"footnotes":""},"categories":[2],"tags":[],"class_list":["post-6061","post","type-post","status-publish","format-standard","has-post-thumbnail","hentry","category-wiadomosci-marketingowe-internetowe"],"yoast_head":"<!-- This site is optimized with the Yoast SEO plugin v27.4 - https:\/\/yoast.com\/product\/yoast-seo-wordpress\/ -->\n<title>Credit Agricole zach\u0119ca do walki z nadmiarem plastiku. W kampanii Dawid Podsiad\u0142o i Jaros\u0142aw Ku\u017aniar - Favorite News<\/title>\n<meta name=\"robots\" content=\"index, follow, max-snippet:-1, max-image-preview:large, max-video-preview:-1\" \/>\n<link rel=\"canonical\" href=\"https:\/\/favorite-news.com\/pl\/credit-agricole-zacheca-do-walki-z-nadmiarem-plastiku-w-kampanii-dawid-podsiadlo-i-jaroslaw-kuzniar\/\" \/>\n<meta property=\"og:locale\" content=\"pl_PL\" \/>\n<meta property=\"og:type\" content=\"article\" \/>\n<meta property=\"og:title\" content=\"Credit Agricole zach\u0119ca do walki z nadmiarem plastiku. W kampanii Dawid Podsiad\u0142o i Jaros\u0142aw Ku\u017aniar - Favorite News\" \/>\n<meta property=\"og:description\" content=\"Kampania &#8222;B\u0105d\u017a eko i zyskaj!&#8221; Credit Agricole ruszy\u0142a 22 marca, kt\u00f3ry og\u0142oszono \u015awiatowym Dniem Wody. Bank przypomnia\u0142, \u017ce 20 ton plastikowych \u015bmieci w ka\u017cdej minucie trafia do m\u00f3rz i ocean\u00f3w na \u015bwiecie i zach\u0119ca\u0142 do walki z nadmiarem plastikowych odpad\u00f3w. Jednym ze sposob\u00f3w jest do\u0142\u0105czenie do kampanii edukacyjnej #mniejplastiku. Akcj\u0119 promuje Dawid Podsiad\u0142o.&#013; &#013; &#013; [&hellip;]\" \/>\n<meta property=\"og:url\" content=\"https:\/\/favorite-news.com\/pl\/credit-agricole-zacheca-do-walki-z-nadmiarem-plastiku-w-kampanii-dawid-podsiadlo-i-jaroslaw-kuzniar\/\" \/>\n<meta property=\"og:site_name\" content=\"Favorite News\" \/>\n<meta property=\"article:published_time\" content=\"2021-04-25T14:35:42+00:00\" \/>\n<meta property=\"article:modified_time\" content=\"2021-04-25T14:35:47+00:00\" \/>\n<meta property=\"og:image\" content=\"https:\/\/favorite-news.com\/pl\/wp-content\/uploads\/sites\/6\/2021\/04\/Credit-Agricole-zacheca-do-walki-z-nadmiarem-plastiku-W-kampanii.jpg\" \/>\n\t<meta property=\"og:image:width\" content=\"655\" \/>\n\t<meta property=\"og:image:height\" content=\"509\" \/>\n\t<meta property=\"og:image:type\" content=\"image\/jpeg\" \/>\n<meta name=\"author\" content=\"favorite-news\" \/>\n<meta name=\"twitter:card\" content=\"summary_large_image\" \/>\n<meta name=\"twitter:label1\" content=\"Napisane przez\" \/>\n\t<meta name=\"twitter:data1\" content=\"favorite-news\" \/>\n\t<meta name=\"twitter:label2\" content=\"Szacowany czas czytania\" \/>\n\t<meta name=\"twitter:data2\" content=\"1 minuta\" \/>\n<script type=\"application\/ld+json\" class=\"yoast-schema-graph\">{\"@context\":\"https:\\\/\\\/schema.org\",\"@graph\":[{\"@type\":\"Article\",\"@id\":\"https:\\\/\\\/favorite-news.com\\\/pl\\\/credit-agricole-zacheca-do-walki-z-nadmiarem-plastiku-w-kampanii-dawid-podsiadlo-i-jaroslaw-kuzniar\\\/#article\",\"isPartOf\":{\"@id\":\"https:\\\/\\\/favorite-news.com\\\/pl\\\/credit-agricole-zacheca-do-walki-z-nadmiarem-plastiku-w-kampanii-dawid-podsiadlo-i-jaroslaw-kuzniar\\\/\"},\"author\":{\"name\":\"favorite-news\",\"@id\":\"https:\\\/\\\/favorite-news.com\\\/pl\\\/#\\\/schema\\\/person\\\/b91573b717dcfa5e4696032a9d28d3e8\"},\"headline\":\"Credit Agricole zach\u0119ca do walki z nadmiarem plastiku. W kampanii Dawid Podsiad\u0142o i Jaros\u0142aw Ku\u017aniar\",\"datePublished\":\"2021-04-25T14:35:42+00:00\",\"dateModified\":\"2021-04-25T14:35:47+00:00\",\"mainEntityOfPage\":{\"@id\":\"https:\\\/\\\/favorite-news.com\\\/pl\\\/credit-agricole-zacheca-do-walki-z-nadmiarem-plastiku-w-kampanii-dawid-podsiadlo-i-jaroslaw-kuzniar\\\/\"},\"wordCount\":312,\"commentCount\":0,\"image\":{\"@id\":\"https:\\\/\\\/favorite-news.com\\\/pl\\\/credit-agricole-zacheca-do-walki-z-nadmiarem-plastiku-w-kampanii-dawid-podsiadlo-i-jaroslaw-kuzniar\\\/#primaryimage\"},\"thumbnailUrl\":\"https:\\\/\\\/favorite-news.com\\\/pl\\\/wp-content\\\/uploads\\\/sites\\\/6\\\/2021\\\/04\\\/Credit-Agricole-zacheca-do-walki-z-nadmiarem-plastiku-W-kampanii.jpg\",\"articleSection\":[\"WIADOMO\u015aCI MARKETINGOWE INTERNETOWE\"],\"inLanguage\":\"pl-PL\",\"potentialAction\":[{\"@type\":\"CommentAction\",\"name\":\"Comment\",\"target\":[\"https:\\\/\\\/favorite-news.com\\\/pl\\\/credit-agricole-zacheca-do-walki-z-nadmiarem-plastiku-w-kampanii-dawid-podsiadlo-i-jaroslaw-kuzniar\\\/#respond\"]}]},{\"@type\":\"WebPage\",\"@id\":\"https:\\\/\\\/favorite-news.com\\\/pl\\\/credit-agricole-zacheca-do-walki-z-nadmiarem-plastiku-w-kampanii-dawid-podsiadlo-i-jaroslaw-kuzniar\\\/\",\"url\":\"https:\\\/\\\/favorite-news.com\\\/pl\\\/credit-agricole-zacheca-do-walki-z-nadmiarem-plastiku-w-kampanii-dawid-podsiadlo-i-jaroslaw-kuzniar\\\/\",\"name\":\"Credit Agricole zach\u0119ca do walki z nadmiarem plastiku. W kampanii Dawid Podsiad\u0142o i Jaros\u0142aw Ku\u017aniar - Favorite News\",\"isPartOf\":{\"@id\":\"https:\\\/\\\/favorite-news.com\\\/pl\\\/#website\"},\"primaryImageOfPage\":{\"@id\":\"https:\\\/\\\/favorite-news.com\\\/pl\\\/credit-agricole-zacheca-do-walki-z-nadmiarem-plastiku-w-kampanii-dawid-podsiadlo-i-jaroslaw-kuzniar\\\/#primaryimage\"},\"image\":{\"@id\":\"https:\\\/\\\/favorite-news.com\\\/pl\\\/credit-agricole-zacheca-do-walki-z-nadmiarem-plastiku-w-kampanii-dawid-podsiadlo-i-jaroslaw-kuzniar\\\/#primaryimage\"},\"thumbnailUrl\":\"https:\\\/\\\/favorite-news.com\\\/pl\\\/wp-content\\\/uploads\\\/sites\\\/6\\\/2021\\\/04\\\/Credit-Agricole-zacheca-do-walki-z-nadmiarem-plastiku-W-kampanii.jpg\",\"datePublished\":\"2021-04-25T14:35:42+00:00\",\"dateModified\":\"2021-04-25T14:35:47+00:00\",\"author\":{\"@id\":\"https:\\\/\\\/favorite-news.com\\\/pl\\\/#\\\/schema\\\/person\\\/b91573b717dcfa5e4696032a9d28d3e8\"},\"breadcrumb\":{\"@id\":\"https:\\\/\\\/favorite-news.com\\\/pl\\\/credit-agricole-zacheca-do-walki-z-nadmiarem-plastiku-w-kampanii-dawid-podsiadlo-i-jaroslaw-kuzniar\\\/#breadcrumb\"},\"inLanguage\":\"pl-PL\",\"potentialAction\":[{\"@type\":\"ReadAction\",\"target\":[\"https:\\\/\\\/favorite-news.com\\\/pl\\\/credit-agricole-zacheca-do-walki-z-nadmiarem-plastiku-w-kampanii-dawid-podsiadlo-i-jaroslaw-kuzniar\\\/\"]}]},{\"@type\":\"ImageObject\",\"inLanguage\":\"pl-PL\",\"@id\":\"https:\\\/\\\/favorite-news.com\\\/pl\\\/credit-agricole-zacheca-do-walki-z-nadmiarem-plastiku-w-kampanii-dawid-podsiadlo-i-jaroslaw-kuzniar\\\/#primaryimage\",\"url\":\"https:\\\/\\\/favorite-news.com\\\/pl\\\/wp-content\\\/uploads\\\/sites\\\/6\\\/2021\\\/04\\\/Credit-Agricole-zacheca-do-walki-z-nadmiarem-plastiku-W-kampanii.jpg\",\"contentUrl\":\"https:\\\/\\\/favorite-news.com\\\/pl\\\/wp-content\\\/uploads\\\/sites\\\/6\\\/2021\\\/04\\\/Credit-Agricole-zacheca-do-walki-z-nadmiarem-plastiku-W-kampanii.jpg\",\"width\":655,\"height\":509,\"caption\":\"Article\"},{\"@type\":\"BreadcrumbList\",\"@id\":\"https:\\\/\\\/favorite-news.com\\\/pl\\\/credit-agricole-zacheca-do-walki-z-nadmiarem-plastiku-w-kampanii-dawid-podsiadlo-i-jaroslaw-kuzniar\\\/#breadcrumb\",\"itemListElement\":[{\"@type\":\"ListItem\",\"position\":1,\"name\":\"Home\",\"item\":\"https:\\\/\\\/favorite-news.com\\\/pl\\\/\"},{\"@type\":\"ListItem\",\"position\":2,\"name\":\"Credit Agricole zach\u0119ca do walki z nadmiarem plastiku. W kampanii Dawid Podsiad\u0142o i Jaros\u0142aw Ku\u017aniar\"}]},{\"@type\":\"WebSite\",\"@id\":\"https:\\\/\\\/favorite-news.com\\\/pl\\\/#website\",\"url\":\"https:\\\/\\\/favorite-news.com\\\/pl\\\/\",\"name\":\"Favorite News\",\"description\":\"Favorite News Polska\",\"potentialAction\":[{\"@type\":\"SearchAction\",\"target\":{\"@type\":\"EntryPoint\",\"urlTemplate\":\"https:\\\/\\\/favorite-news.com\\\/pl\\\/?s={search_term_string}\"},\"query-input\":{\"@type\":\"PropertyValueSpecification\",\"valueRequired\":true,\"valueName\":\"search_term_string\"}}],\"inLanguage\":\"pl-PL\"},{\"@type\":\"Person\",\"@id\":\"https:\\\/\\\/favorite-news.com\\\/pl\\\/#\\\/schema\\\/person\\\/b91573b717dcfa5e4696032a9d28d3e8\",\"name\":\"favorite-news\",\"image\":{\"@type\":\"ImageObject\",\"inLanguage\":\"pl-PL\",\"@id\":\"https:\\\/\\\/secure.gravatar.com\\\/avatar\\\/6c5a5cb12b74e9d517ee91cf570335b7d16177f1977cc91db161adfa435945a7?s=96&d=mm&r=g\",\"url\":\"https:\\\/\\\/secure.gravatar.com\\\/avatar\\\/6c5a5cb12b74e9d517ee91cf570335b7d16177f1977cc91db161adfa435945a7?s=96&d=mm&r=g\",\"contentUrl\":\"https:\\\/\\\/secure.gravatar.com\\\/avatar\\\/6c5a5cb12b74e9d517ee91cf570335b7d16177f1977cc91db161adfa435945a7?s=96&d=mm&r=g\",\"caption\":\"favorite-news\"},\"url\":\"https:\\\/\\\/favorite-news.com\\\/pl\\\/author\\\/pt\\\/\"}]}<\/script>\n<!-- \/ Yoast SEO plugin. -->","yoast_head_json":{"title":"Credit Agricole zach\u0119ca do walki z nadmiarem plastiku. W kampanii Dawid Podsiad\u0142o i Jaros\u0142aw Ku\u017aniar - Favorite News","robots":{"index":"index","follow":"follow","max-snippet":"max-snippet:-1","max-image-preview":"max-image-preview:large","max-video-preview":"max-video-preview:-1"},"canonical":"https:\/\/favorite-news.com\/pl\/credit-agricole-zacheca-do-walki-z-nadmiarem-plastiku-w-kampanii-dawid-podsiadlo-i-jaroslaw-kuzniar\/","og_locale":"pl_PL","og_type":"article","og_title":"Credit Agricole zach\u0119ca do walki z nadmiarem plastiku. W kampanii Dawid Podsiad\u0142o i Jaros\u0142aw Ku\u017aniar - Favorite News","og_description":"Kampania &#8222;B\u0105d\u017a eko i zyskaj!&#8221; Credit Agricole ruszy\u0142a 22 marca, kt\u00f3ry og\u0142oszono \u015awiatowym Dniem Wody. Bank przypomnia\u0142, \u017ce 20 ton plastikowych \u015bmieci w ka\u017cdej minucie trafia do m\u00f3rz i ocean\u00f3w na \u015bwiecie i zach\u0119ca\u0142 do walki z nadmiarem plastikowych odpad\u00f3w. Jednym ze sposob\u00f3w jest do\u0142\u0105czenie do kampanii edukacyjnej #mniejplastiku. Akcj\u0119 promuje Dawid Podsiad\u0142o.&#13; &#13; &#13; [&hellip;]","og_url":"https:\/\/favorite-news.com\/pl\/credit-agricole-zacheca-do-walki-z-nadmiarem-plastiku-w-kampanii-dawid-podsiadlo-i-jaroslaw-kuzniar\/","og_site_name":"Favorite News","article_published_time":"2021-04-25T14:35:42+00:00","article_modified_time":"2021-04-25T14:35:47+00:00","og_image":[{"width":655,"height":509,"url":"https:\/\/favorite-news.com\/pl\/wp-content\/uploads\/sites\/6\/2021\/04\/Credit-Agricole-zacheca-do-walki-z-nadmiarem-plastiku-W-kampanii.jpg","type":"image\/jpeg"}],"author":"favorite-news","twitter_card":"summary_large_image","twitter_misc":{"Napisane przez":"favorite-news","Szacowany czas czytania":"1 minuta"},"schema":{"@context":"https:\/\/schema.org","@graph":[{"@type":"Article","@id":"https:\/\/favorite-news.com\/pl\/credit-agricole-zacheca-do-walki-z-nadmiarem-plastiku-w-kampanii-dawid-podsiadlo-i-jaroslaw-kuzniar\/#article","isPartOf":{"@id":"https:\/\/favorite-news.com\/pl\/credit-agricole-zacheca-do-walki-z-nadmiarem-plastiku-w-kampanii-dawid-podsiadlo-i-jaroslaw-kuzniar\/"},"author":{"name":"favorite-news","@id":"https:\/\/favorite-news.com\/pl\/#\/schema\/person\/b91573b717dcfa5e4696032a9d28d3e8"},"headline":"Credit Agricole zach\u0119ca do walki z nadmiarem plastiku. W kampanii Dawid Podsiad\u0142o i Jaros\u0142aw Ku\u017aniar","datePublished":"2021-04-25T14:35:42+00:00","dateModified":"2021-04-25T14:35:47+00:00","mainEntityOfPage":{"@id":"https:\/\/favorite-news.com\/pl\/credit-agricole-zacheca-do-walki-z-nadmiarem-plastiku-w-kampanii-dawid-podsiadlo-i-jaroslaw-kuzniar\/"},"wordCount":312,"commentCount":0,"image":{"@id":"https:\/\/favorite-news.com\/pl\/credit-agricole-zacheca-do-walki-z-nadmiarem-plastiku-w-kampanii-dawid-podsiadlo-i-jaroslaw-kuzniar\/#primaryimage"},"thumbnailUrl":"https:\/\/favorite-news.com\/pl\/wp-content\/uploads\/sites\/6\/2021\/04\/Credit-Agricole-zacheca-do-walki-z-nadmiarem-plastiku-W-kampanii.jpg","articleSection":["WIADOMO\u015aCI MARKETINGOWE INTERNETOWE"],"inLanguage":"pl-PL","potentialAction":[{"@type":"CommentAction","name":"Comment","target":["https:\/\/favorite-news.com\/pl\/credit-agricole-zacheca-do-walki-z-nadmiarem-plastiku-w-kampanii-dawid-podsiadlo-i-jaroslaw-kuzniar\/#respond"]}]},{"@type":"WebPage","@id":"https:\/\/favorite-news.com\/pl\/credit-agricole-zacheca-do-walki-z-nadmiarem-plastiku-w-kampanii-dawid-podsiadlo-i-jaroslaw-kuzniar\/","url":"https:\/\/favorite-news.com\/pl\/credit-agricole-zacheca-do-walki-z-nadmiarem-plastiku-w-kampanii-dawid-podsiadlo-i-jaroslaw-kuzniar\/","name":"Credit Agricole zach\u0119ca do walki z nadmiarem plastiku. W kampanii Dawid Podsiad\u0142o i Jaros\u0142aw Ku\u017aniar - Favorite News","isPartOf":{"@id":"https:\/\/favorite-news.com\/pl\/#website"},"primaryImageOfPage":{"@id":"https:\/\/favorite-news.com\/pl\/credit-agricole-zacheca-do-walki-z-nadmiarem-plastiku-w-kampanii-dawid-podsiadlo-i-jaroslaw-kuzniar\/#primaryimage"},"image":{"@id":"https:\/\/favorite-news.com\/pl\/credit-agricole-zacheca-do-walki-z-nadmiarem-plastiku-w-kampanii-dawid-podsiadlo-i-jaroslaw-kuzniar\/#primaryimage"},"thumbnailUrl":"https:\/\/favorite-news.com\/pl\/wp-content\/uploads\/sites\/6\/2021\/04\/Credit-Agricole-zacheca-do-walki-z-nadmiarem-plastiku-W-kampanii.jpg","datePublished":"2021-04-25T14:35:42+00:00","dateModified":"2021-04-25T14:35:47+00:00","author":{"@id":"https:\/\/favorite-news.com\/pl\/#\/schema\/person\/b91573b717dcfa5e4696032a9d28d3e8"},"breadcrumb":{"@id":"https:\/\/favorite-news.com\/pl\/credit-agricole-zacheca-do-walki-z-nadmiarem-plastiku-w-kampanii-dawid-podsiadlo-i-jaroslaw-kuzniar\/#breadcrumb"},"inLanguage":"pl-PL","potentialAction":[{"@type":"ReadAction","target":["https:\/\/favorite-news.com\/pl\/credit-agricole-zacheca-do-walki-z-nadmiarem-plastiku-w-kampanii-dawid-podsiadlo-i-jaroslaw-kuzniar\/"]}]},{"@type":"ImageObject","inLanguage":"pl-PL","@id":"https:\/\/favorite-news.com\/pl\/credit-agricole-zacheca-do-walki-z-nadmiarem-plastiku-w-kampanii-dawid-podsiadlo-i-jaroslaw-kuzniar\/#primaryimage","url":"https:\/\/favorite-news.com\/pl\/wp-content\/uploads\/sites\/6\/2021\/04\/Credit-Agricole-zacheca-do-walki-z-nadmiarem-plastiku-W-kampanii.jpg","contentUrl":"https:\/\/favorite-news.com\/pl\/wp-content\/uploads\/sites\/6\/2021\/04\/Credit-Agricole-zacheca-do-walki-z-nadmiarem-plastiku-W-kampanii.jpg","width":655,"height":509,"caption":"Article"},{"@type":"BreadcrumbList","@id":"https:\/\/favorite-news.com\/pl\/credit-agricole-zacheca-do-walki-z-nadmiarem-plastiku-w-kampanii-dawid-podsiadlo-i-jaroslaw-kuzniar\/#breadcrumb","itemListElement":[{"@type":"ListItem","position":1,"name":"Home","item":"https:\/\/favorite-news.com\/pl\/"},{"@type":"ListItem","position":2,"name":"Credit Agricole zach\u0119ca do walki z nadmiarem plastiku. W kampanii Dawid Podsiad\u0142o i Jaros\u0142aw Ku\u017aniar"}]},{"@type":"WebSite","@id":"https:\/\/favorite-news.com\/pl\/#website","url":"https:\/\/favorite-news.com\/pl\/","name":"Favorite News","description":"Favorite News Polska","potentialAction":[{"@type":"SearchAction","target":{"@type":"EntryPoint","urlTemplate":"https:\/\/favorite-news.com\/pl\/?s={search_term_string}"},"query-input":{"@type":"PropertyValueSpecification","valueRequired":true,"valueName":"search_term_string"}}],"inLanguage":"pl-PL"},{"@type":"Person","@id":"https:\/\/favorite-news.com\/pl\/#\/schema\/person\/b91573b717dcfa5e4696032a9d28d3e8","name":"favorite-news","image":{"@type":"ImageObject","inLanguage":"pl-PL","@id":"https:\/\/secure.gravatar.com\/avatar\/6c5a5cb12b74e9d517ee91cf570335b7d16177f1977cc91db161adfa435945a7?s=96&d=mm&r=g","url":"https:\/\/secure.gravatar.com\/avatar\/6c5a5cb12b74e9d517ee91cf570335b7d16177f1977cc91db161adfa435945a7?s=96&d=mm&r=g","contentUrl":"https:\/\/secure.gravatar.com\/avatar\/6c5a5cb12b74e9d517ee91cf570335b7d16177f1977cc91db161adfa435945a7?s=96&d=mm&r=g","caption":"favorite-news"},"url":"https:\/\/favorite-news.com\/pl\/author\/pt\/"}]}},"_links":{"self":[{"href":"https:\/\/favorite-news.com\/pl\/wp-json\/wp\/v2\/posts\/6061","targetHints":{"allow":["GET"]}}],"collection":[{"href":"https:\/\/favorite-news.com\/pl\/wp-json\/wp\/v2\/posts"}],"about":[{"href":"https:\/\/favorite-news.com\/pl\/wp-json\/wp\/v2\/types\/post"}],"author":[{"embeddable":true,"href":"https:\/\/favorite-news.com\/pl\/wp-json\/wp\/v2\/users\/2"}],"replies":[{"embeddable":true,"href":"https:\/\/favorite-news.com\/pl\/wp-json\/wp\/v2\/comments?post=6061"}],"version-history":[{"count":1,"href":"https:\/\/favorite-news.com\/pl\/wp-json\/wp\/v2\/posts\/6061\/revisions"}],"predecessor-version":[{"id":6063,"href":"https:\/\/favorite-news.com\/pl\/wp-json\/wp\/v2\/posts\/6061\/revisions\/6063"}],"wp:featuredmedia":[{"embeddable":true,"href":"https:\/\/favorite-news.com\/pl\/wp-json\/wp\/v2\/media\/6062"}],"wp:attachment":[{"href":"https:\/\/favorite-news.com\/pl\/wp-json\/wp\/v2\/media?parent=6061"}],"wp:term":[{"taxonomy":"category","embeddable":true,"href":"https:\/\/favorite-news.com\/pl\/wp-json\/wp\/v2\/categories?post=6061"},{"taxonomy":"post_tag","embeddable":true,"href":"https:\/\/favorite-news.com\/pl\/wp-json\/wp\/v2\/tags?post=6061"}],"curies":[{"name":"wp","href":"https:\/\/api.w.org\/{rel}","templated":true}]}}