{"id":606,"date":"2019-05-15T14:56:54","date_gmt":"2019-05-15T11:56:54","guid":{"rendered":"https:\/\/favorite-news.com\/pl\/havas-media-group-nowa-siedziba-kompleks-moje-miejsce\/"},"modified":"2019-05-15T14:56:55","modified_gmt":"2019-05-15T11:56:55","slug":"havas-media-group-nowa-siedziba-kompleks-moje-miejsce","status":"publish","type":"post","link":"https:\/\/favorite-news.com\/pl\/havas-media-group-nowa-siedziba-kompleks-moje-miejsce\/","title":{"rendered":"Havas Media Group nowa siedziba kompleks Moje Miejsce"},"content":{"rendered":"<p> [ad_1]<br \/>\n<\/p>\n<div id=\"\">\n<p>Do nowego biurowca przenios\u0142o si\u0119 300 pracownik\u00f3w. Poprzednia siedziba mie\u015bci\u0142a si\u0119 przy ulicy Marynarskiej w Warszawie.<\/p>\n<p>&#13;<br \/>\n&#13;<\/p>\n<p>W jednym budynku skupiono obecnie cz\u0119\u015b\u0107 mediow\u0105 i kreatywn\u0105 koncernu medialnego, a to w ramach globalnego pomys\u0142u \u201eHavas Village\u201d.<\/p>\n<p>&#13;<br \/>\n&#13;<\/p>\n<p>&#8211; Cz\u0119\u015b\u0107 kreatywna i mediowa Grupy Havas usi\u0105d\u0105 razem na jednej powierzchni. To niezwykle istotna, rozwojowa, ale te\u017c b\u0119d\u0105ca wyzwaniem zmiana dla obu zespo\u0142\u00f3w. Z drugiej strony to interesuj\u0105ca oferta dla klient\u00f3w. G\u0142\u00f3wny cel jaki w nowym, \u201enaszym miejscu\u201d chcemy realizowa\u0107 to tworzenie kompleksowej oferty zintegrowanej komunikacji marketingowej &#8211; podkre\u015bla Ma\u0142gorzata W\u0119gierek, CEO Havas Media Group.<\/p>\n<p>&#13;<br \/>\n&#13;<\/p>\n<p><span style=\"font-size:20px;\"><strong>Nowa siedziba Havas Media Group na Dolnym Mokotowie<\/strong><\/span><\/p>\n<p>&#13;<br \/>\n&#13;<\/p>\n<p><strong>Pracownicy grupy Havas zajmuj\u0105 obecnie powierzchni\u0119 4,6 tys. metr\u00f3w kwadratowych.<\/strong><\/p>\n<p>&#13;<br \/>\n&#13;<\/p>\n<p>&#8211; Wyb\u00f3r biura w \u201eMoim Miejscu\u201d by\u0142 dla nas kluczowy r\u00f3wnie\u017c ze wzgl\u0119du na fakt, \u017ce znajduje si\u0119 w bezpo\u015brednim s\u0105siedztwie nc+, z kt\u00f3rym jeste\u015bmy w tej samej grupie Vivendi. Zmniejszenie fizycznej odleg\u0142o\u015bci na pewno wp\u0142ynie na zacie\u015bnienie wsp\u00f3\u0142pracy, zgodnie z nasz\u0105 globaln\u0105 strategi\u0105 i odpowiedzi\u0105 na zmian\u0119 w obszarze komunikacji marketingowej &#8211; ocenia Dorota Mazur, CEO Havas Creative Group.<\/p>\n<p>&#13;<br \/>\n&#13;<\/p>\n<p>Za budow\u0119 biurowca &#8222;Moje Miejsce&#8221; odpowiada Echo Investment.<\/p>\n<p>&#13;<br \/>\n                            &#13;<br \/>\n&#13;<br \/>\n                            &#13;<br \/>\n&#13;<br \/>\n&#13;<br \/>\n&#13;<br \/>\n&#13;<br \/>\n&#13;<br \/>\n                            &#13;<br \/>\n                                                            &#13;<br \/>\n&#13;<br \/>\n                            &#13;\n                        <\/p><\/div>\n<p><script>(function (d, s, id) {\n        var js, fjs = d.getElementsByTagName(s)[0];\n        if (d.getElementById(id)) return;\n        js = d.createElement(s);\n        js.id = id;\n        js.src = \"http:\/\/connect.facebook.net\/pl_PL\/sdk.js#xfbml=1&version=v2.6&appId=297996717062470\";\n        fjs.parentNode.insertBefore(js, fjs);\n    }(document, 'script', 'facebook-jssdk'));<\/script><br \/>\n<br \/>[ad_2]<br \/>\n<br \/><a href=\"https:\/\/www.wirtualnemedia.pl\/artykul\/havas-media-group-nowa-siedziba-kompleks-moje-miejsce\">Source link <\/a><\/p>\n","protected":false},"excerpt":{"rendered":"<p>[ad_1] Do nowego biurowca przenios\u0142o si\u0119 300 pracownik\u00f3w. Poprzednia siedziba mie\u015bci\u0142a si\u0119 przy ulicy Marynarskiej w Warszawie. &#13; &#13; W jednym budynku skupiono obecnie cz\u0119\u015b\u0107 mediow\u0105 i kreatywn\u0105 koncernu medialnego, a to w ramach globalnego pomys\u0142u \u201eHavas Village\u201d. &#13; &#13; &#8211; Cz\u0119\u015b\u0107 kreatywna i mediowa Grupy Havas usi\u0105d\u0105 razem na jednej powierzchni. To niezwykle istotna, [&hellip;]<\/p>\n","protected":false},"author":2,"featured_media":607,"comment_status":"open","ping_status":"open","sticky":false,"template":"","format":"standard","meta":{"footnotes":""},"categories":[2],"tags":[],"class_list":["post-606","post","type-post","status-publish","format-standard","has-post-thumbnail","hentry","category-wiadomosci-marketingowe-internetowe"],"yoast_head":"<!-- This site is optimized with the Yoast SEO plugin v27.4 - https:\/\/yoast.com\/product\/yoast-seo-wordpress\/ -->\n<title>Havas Media Group nowa siedziba kompleks Moje Miejsce - Favorite News<\/title>\n<meta name=\"robots\" content=\"index, follow, max-snippet:-1, max-image-preview:large, max-video-preview:-1\" \/>\n<link rel=\"canonical\" href=\"https:\/\/favorite-news.com\/pl\/havas-media-group-nowa-siedziba-kompleks-moje-miejsce\/\" \/>\n<meta property=\"og:locale\" content=\"pl_PL\" \/>\n<meta property=\"og:type\" content=\"article\" \/>\n<meta property=\"og:title\" content=\"Havas Media Group nowa siedziba kompleks Moje Miejsce - Favorite News\" \/>\n<meta property=\"og:description\" content=\"[ad_1] Do nowego biurowca przenios\u0142o si\u0119 300 pracownik\u00f3w. Poprzednia siedziba mie\u015bci\u0142a si\u0119 przy ulicy Marynarskiej w Warszawie. &#013; &#013; W jednym budynku skupiono obecnie cz\u0119\u015b\u0107 mediow\u0105 i kreatywn\u0105 koncernu medialnego, a to w ramach globalnego pomys\u0142u \u201eHavas Village\u201d. &#013; &#013; &#8211; Cz\u0119\u015b\u0107 kreatywna i mediowa Grupy Havas usi\u0105d\u0105 razem na jednej powierzchni. To niezwykle istotna, [&hellip;]\" \/>\n<meta property=\"og:url\" content=\"https:\/\/favorite-news.com\/pl\/havas-media-group-nowa-siedziba-kompleks-moje-miejsce\/\" \/>\n<meta property=\"og:site_name\" content=\"Favorite News\" \/>\n<meta property=\"article:published_time\" content=\"2019-05-15T11:56:54+00:00\" \/>\n<meta property=\"article:modified_time\" content=\"2019-05-15T11:56:55+00:00\" \/>\n<meta property=\"og:image\" content=\"https:\/\/favorite-news.com\/pl\/wp-content\/uploads\/sites\/6\/2019\/05\/Havas-Media-Group-nowa-siedziba-kompleks-Moje-Miejsce.jpg\" \/>\n\t<meta property=\"og:image:width\" content=\"655\" \/>\n\t<meta property=\"og:image:height\" content=\"436\" \/>\n\t<meta property=\"og:image:type\" content=\"image\/jpeg\" \/>\n<meta name=\"author\" content=\"favorite-news\" \/>\n<meta name=\"twitter:card\" content=\"summary_large_image\" \/>\n<meta name=\"twitter:label1\" content=\"Napisane przez\" \/>\n\t<meta name=\"twitter:data1\" content=\"favorite-news\" \/>\n\t<meta name=\"twitter:label2\" content=\"Szacowany czas czytania\" \/>\n\t<meta name=\"twitter:data2\" content=\"1 minuta\" \/>\n<script type=\"application\/ld+json\" class=\"yoast-schema-graph\">{\"@context\":\"https:\\\/\\\/schema.org\",\"@graph\":[{\"@type\":\"Article\",\"@id\":\"https:\\\/\\\/favorite-news.com\\\/pl\\\/havas-media-group-nowa-siedziba-kompleks-moje-miejsce\\\/#article\",\"isPartOf\":{\"@id\":\"https:\\\/\\\/favorite-news.com\\\/pl\\\/havas-media-group-nowa-siedziba-kompleks-moje-miejsce\\\/\"},\"author\":{\"name\":\"favorite-news\",\"@id\":\"https:\\\/\\\/favorite-news.com\\\/pl\\\/#\\\/schema\\\/person\\\/b91573b717dcfa5e4696032a9d28d3e8\"},\"headline\":\"Havas Media Group nowa siedziba kompleks Moje Miejsce\",\"datePublished\":\"2019-05-15T11:56:54+00:00\",\"dateModified\":\"2019-05-15T11:56:55+00:00\",\"mainEntityOfPage\":{\"@id\":\"https:\\\/\\\/favorite-news.com\\\/pl\\\/havas-media-group-nowa-siedziba-kompleks-moje-miejsce\\\/\"},\"wordCount\":215,\"commentCount\":0,\"image\":{\"@id\":\"https:\\\/\\\/favorite-news.com\\\/pl\\\/havas-media-group-nowa-siedziba-kompleks-moje-miejsce\\\/#primaryimage\"},\"thumbnailUrl\":\"https:\\\/\\\/favorite-news.com\\\/pl\\\/wp-content\\\/uploads\\\/sites\\\/6\\\/2019\\\/05\\\/Havas-Media-Group-nowa-siedziba-kompleks-Moje-Miejsce.jpg\",\"articleSection\":[\"WIADOMO\u015aCI MARKETINGOWE INTERNETOWE\"],\"inLanguage\":\"pl-PL\",\"potentialAction\":[{\"@type\":\"CommentAction\",\"name\":\"Comment\",\"target\":[\"https:\\\/\\\/favorite-news.com\\\/pl\\\/havas-media-group-nowa-siedziba-kompleks-moje-miejsce\\\/#respond\"]}]},{\"@type\":\"WebPage\",\"@id\":\"https:\\\/\\\/favorite-news.com\\\/pl\\\/havas-media-group-nowa-siedziba-kompleks-moje-miejsce\\\/\",\"url\":\"https:\\\/\\\/favorite-news.com\\\/pl\\\/havas-media-group-nowa-siedziba-kompleks-moje-miejsce\\\/\",\"name\":\"Havas Media Group nowa siedziba kompleks Moje Miejsce - Favorite News\",\"isPartOf\":{\"@id\":\"https:\\\/\\\/favorite-news.com\\\/pl\\\/#website\"},\"primaryImageOfPage\":{\"@id\":\"https:\\\/\\\/favorite-news.com\\\/pl\\\/havas-media-group-nowa-siedziba-kompleks-moje-miejsce\\\/#primaryimage\"},\"image\":{\"@id\":\"https:\\\/\\\/favorite-news.com\\\/pl\\\/havas-media-group-nowa-siedziba-kompleks-moje-miejsce\\\/#primaryimage\"},\"thumbnailUrl\":\"https:\\\/\\\/favorite-news.com\\\/pl\\\/wp-content\\\/uploads\\\/sites\\\/6\\\/2019\\\/05\\\/Havas-Media-Group-nowa-siedziba-kompleks-Moje-Miejsce.jpg\",\"datePublished\":\"2019-05-15T11:56:54+00:00\",\"dateModified\":\"2019-05-15T11:56:55+00:00\",\"author\":{\"@id\":\"https:\\\/\\\/favorite-news.com\\\/pl\\\/#\\\/schema\\\/person\\\/b91573b717dcfa5e4696032a9d28d3e8\"},\"breadcrumb\":{\"@id\":\"https:\\\/\\\/favorite-news.com\\\/pl\\\/havas-media-group-nowa-siedziba-kompleks-moje-miejsce\\\/#breadcrumb\"},\"inLanguage\":\"pl-PL\",\"potentialAction\":[{\"@type\":\"ReadAction\",\"target\":[\"https:\\\/\\\/favorite-news.com\\\/pl\\\/havas-media-group-nowa-siedziba-kompleks-moje-miejsce\\\/\"]}]},{\"@type\":\"ImageObject\",\"inLanguage\":\"pl-PL\",\"@id\":\"https:\\\/\\\/favorite-news.com\\\/pl\\\/havas-media-group-nowa-siedziba-kompleks-moje-miejsce\\\/#primaryimage\",\"url\":\"https:\\\/\\\/favorite-news.com\\\/pl\\\/wp-content\\\/uploads\\\/sites\\\/6\\\/2019\\\/05\\\/Havas-Media-Group-nowa-siedziba-kompleks-Moje-Miejsce.jpg\",\"contentUrl\":\"https:\\\/\\\/favorite-news.com\\\/pl\\\/wp-content\\\/uploads\\\/sites\\\/6\\\/2019\\\/05\\\/Havas-Media-Group-nowa-siedziba-kompleks-Moje-Miejsce.jpg\",\"width\":655,\"height\":436,\"caption\":\"Article\"},{\"@type\":\"BreadcrumbList\",\"@id\":\"https:\\\/\\\/favorite-news.com\\\/pl\\\/havas-media-group-nowa-siedziba-kompleks-moje-miejsce\\\/#breadcrumb\",\"itemListElement\":[{\"@type\":\"ListItem\",\"position\":1,\"name\":\"Home\",\"item\":\"https:\\\/\\\/favorite-news.com\\\/pl\\\/\"},{\"@type\":\"ListItem\",\"position\":2,\"name\":\"Havas Media Group nowa siedziba kompleks Moje Miejsce\"}]},{\"@type\":\"WebSite\",\"@id\":\"https:\\\/\\\/favorite-news.com\\\/pl\\\/#website\",\"url\":\"https:\\\/\\\/favorite-news.com\\\/pl\\\/\",\"name\":\"Favorite News\",\"description\":\"Favorite News Polska\",\"potentialAction\":[{\"@type\":\"SearchAction\",\"target\":{\"@type\":\"EntryPoint\",\"urlTemplate\":\"https:\\\/\\\/favorite-news.com\\\/pl\\\/?s={search_term_string}\"},\"query-input\":{\"@type\":\"PropertyValueSpecification\",\"valueRequired\":true,\"valueName\":\"search_term_string\"}}],\"inLanguage\":\"pl-PL\"},{\"@type\":\"Person\",\"@id\":\"https:\\\/\\\/favorite-news.com\\\/pl\\\/#\\\/schema\\\/person\\\/b91573b717dcfa5e4696032a9d28d3e8\",\"name\":\"favorite-news\",\"image\":{\"@type\":\"ImageObject\",\"inLanguage\":\"pl-PL\",\"@id\":\"https:\\\/\\\/secure.gravatar.com\\\/avatar\\\/6c5a5cb12b74e9d517ee91cf570335b7d16177f1977cc91db161adfa435945a7?s=96&d=mm&r=g\",\"url\":\"https:\\\/\\\/secure.gravatar.com\\\/avatar\\\/6c5a5cb12b74e9d517ee91cf570335b7d16177f1977cc91db161adfa435945a7?s=96&d=mm&r=g\",\"contentUrl\":\"https:\\\/\\\/secure.gravatar.com\\\/avatar\\\/6c5a5cb12b74e9d517ee91cf570335b7d16177f1977cc91db161adfa435945a7?s=96&d=mm&r=g\",\"caption\":\"favorite-news\"},\"url\":\"https:\\\/\\\/favorite-news.com\\\/pl\\\/author\\\/pt\\\/\"}]}<\/script>\n<!-- \/ Yoast SEO plugin. -->","yoast_head_json":{"title":"Havas Media Group nowa siedziba kompleks Moje Miejsce - Favorite News","robots":{"index":"index","follow":"follow","max-snippet":"max-snippet:-1","max-image-preview":"max-image-preview:large","max-video-preview":"max-video-preview:-1"},"canonical":"https:\/\/favorite-news.com\/pl\/havas-media-group-nowa-siedziba-kompleks-moje-miejsce\/","og_locale":"pl_PL","og_type":"article","og_title":"Havas Media Group nowa siedziba kompleks Moje Miejsce - Favorite News","og_description":"[ad_1] Do nowego biurowca przenios\u0142o si\u0119 300 pracownik\u00f3w. Poprzednia siedziba mie\u015bci\u0142a si\u0119 przy ulicy Marynarskiej w Warszawie. &#13; &#13; W jednym budynku skupiono obecnie cz\u0119\u015b\u0107 mediow\u0105 i kreatywn\u0105 koncernu medialnego, a to w ramach globalnego pomys\u0142u \u201eHavas Village\u201d. &#13; &#13; &#8211; Cz\u0119\u015b\u0107 kreatywna i mediowa Grupy Havas usi\u0105d\u0105 razem na jednej powierzchni. To niezwykle istotna, [&hellip;]","og_url":"https:\/\/favorite-news.com\/pl\/havas-media-group-nowa-siedziba-kompleks-moje-miejsce\/","og_site_name":"Favorite News","article_published_time":"2019-05-15T11:56:54+00:00","article_modified_time":"2019-05-15T11:56:55+00:00","og_image":[{"width":655,"height":436,"url":"https:\/\/favorite-news.com\/pl\/wp-content\/uploads\/sites\/6\/2019\/05\/Havas-Media-Group-nowa-siedziba-kompleks-Moje-Miejsce.jpg","type":"image\/jpeg"}],"author":"favorite-news","twitter_card":"summary_large_image","twitter_misc":{"Napisane przez":"favorite-news","Szacowany czas czytania":"1 minuta"},"schema":{"@context":"https:\/\/schema.org","@graph":[{"@type":"Article","@id":"https:\/\/favorite-news.com\/pl\/havas-media-group-nowa-siedziba-kompleks-moje-miejsce\/#article","isPartOf":{"@id":"https:\/\/favorite-news.com\/pl\/havas-media-group-nowa-siedziba-kompleks-moje-miejsce\/"},"author":{"name":"favorite-news","@id":"https:\/\/favorite-news.com\/pl\/#\/schema\/person\/b91573b717dcfa5e4696032a9d28d3e8"},"headline":"Havas Media Group nowa siedziba kompleks Moje Miejsce","datePublished":"2019-05-15T11:56:54+00:00","dateModified":"2019-05-15T11:56:55+00:00","mainEntityOfPage":{"@id":"https:\/\/favorite-news.com\/pl\/havas-media-group-nowa-siedziba-kompleks-moje-miejsce\/"},"wordCount":215,"commentCount":0,"image":{"@id":"https:\/\/favorite-news.com\/pl\/havas-media-group-nowa-siedziba-kompleks-moje-miejsce\/#primaryimage"},"thumbnailUrl":"https:\/\/favorite-news.com\/pl\/wp-content\/uploads\/sites\/6\/2019\/05\/Havas-Media-Group-nowa-siedziba-kompleks-Moje-Miejsce.jpg","articleSection":["WIADOMO\u015aCI MARKETINGOWE INTERNETOWE"],"inLanguage":"pl-PL","potentialAction":[{"@type":"CommentAction","name":"Comment","target":["https:\/\/favorite-news.com\/pl\/havas-media-group-nowa-siedziba-kompleks-moje-miejsce\/#respond"]}]},{"@type":"WebPage","@id":"https:\/\/favorite-news.com\/pl\/havas-media-group-nowa-siedziba-kompleks-moje-miejsce\/","url":"https:\/\/favorite-news.com\/pl\/havas-media-group-nowa-siedziba-kompleks-moje-miejsce\/","name":"Havas Media Group nowa siedziba kompleks Moje Miejsce - Favorite News","isPartOf":{"@id":"https:\/\/favorite-news.com\/pl\/#website"},"primaryImageOfPage":{"@id":"https:\/\/favorite-news.com\/pl\/havas-media-group-nowa-siedziba-kompleks-moje-miejsce\/#primaryimage"},"image":{"@id":"https:\/\/favorite-news.com\/pl\/havas-media-group-nowa-siedziba-kompleks-moje-miejsce\/#primaryimage"},"thumbnailUrl":"https:\/\/favorite-news.com\/pl\/wp-content\/uploads\/sites\/6\/2019\/05\/Havas-Media-Group-nowa-siedziba-kompleks-Moje-Miejsce.jpg","datePublished":"2019-05-15T11:56:54+00:00","dateModified":"2019-05-15T11:56:55+00:00","author":{"@id":"https:\/\/favorite-news.com\/pl\/#\/schema\/person\/b91573b717dcfa5e4696032a9d28d3e8"},"breadcrumb":{"@id":"https:\/\/favorite-news.com\/pl\/havas-media-group-nowa-siedziba-kompleks-moje-miejsce\/#breadcrumb"},"inLanguage":"pl-PL","potentialAction":[{"@type":"ReadAction","target":["https:\/\/favorite-news.com\/pl\/havas-media-group-nowa-siedziba-kompleks-moje-miejsce\/"]}]},{"@type":"ImageObject","inLanguage":"pl-PL","@id":"https:\/\/favorite-news.com\/pl\/havas-media-group-nowa-siedziba-kompleks-moje-miejsce\/#primaryimage","url":"https:\/\/favorite-news.com\/pl\/wp-content\/uploads\/sites\/6\/2019\/05\/Havas-Media-Group-nowa-siedziba-kompleks-Moje-Miejsce.jpg","contentUrl":"https:\/\/favorite-news.com\/pl\/wp-content\/uploads\/sites\/6\/2019\/05\/Havas-Media-Group-nowa-siedziba-kompleks-Moje-Miejsce.jpg","width":655,"height":436,"caption":"Article"},{"@type":"BreadcrumbList","@id":"https:\/\/favorite-news.com\/pl\/havas-media-group-nowa-siedziba-kompleks-moje-miejsce\/#breadcrumb","itemListElement":[{"@type":"ListItem","position":1,"name":"Home","item":"https:\/\/favorite-news.com\/pl\/"},{"@type":"ListItem","position":2,"name":"Havas Media Group nowa siedziba kompleks Moje Miejsce"}]},{"@type":"WebSite","@id":"https:\/\/favorite-news.com\/pl\/#website","url":"https:\/\/favorite-news.com\/pl\/","name":"Favorite News","description":"Favorite News Polska","potentialAction":[{"@type":"SearchAction","target":{"@type":"EntryPoint","urlTemplate":"https:\/\/favorite-news.com\/pl\/?s={search_term_string}"},"query-input":{"@type":"PropertyValueSpecification","valueRequired":true,"valueName":"search_term_string"}}],"inLanguage":"pl-PL"},{"@type":"Person","@id":"https:\/\/favorite-news.com\/pl\/#\/schema\/person\/b91573b717dcfa5e4696032a9d28d3e8","name":"favorite-news","image":{"@type":"ImageObject","inLanguage":"pl-PL","@id":"https:\/\/secure.gravatar.com\/avatar\/6c5a5cb12b74e9d517ee91cf570335b7d16177f1977cc91db161adfa435945a7?s=96&d=mm&r=g","url":"https:\/\/secure.gravatar.com\/avatar\/6c5a5cb12b74e9d517ee91cf570335b7d16177f1977cc91db161adfa435945a7?s=96&d=mm&r=g","contentUrl":"https:\/\/secure.gravatar.com\/avatar\/6c5a5cb12b74e9d517ee91cf570335b7d16177f1977cc91db161adfa435945a7?s=96&d=mm&r=g","caption":"favorite-news"},"url":"https:\/\/favorite-news.com\/pl\/author\/pt\/"}]}},"_links":{"self":[{"href":"https:\/\/favorite-news.com\/pl\/wp-json\/wp\/v2\/posts\/606","targetHints":{"allow":["GET"]}}],"collection":[{"href":"https:\/\/favorite-news.com\/pl\/wp-json\/wp\/v2\/posts"}],"about":[{"href":"https:\/\/favorite-news.com\/pl\/wp-json\/wp\/v2\/types\/post"}],"author":[{"embeddable":true,"href":"https:\/\/favorite-news.com\/pl\/wp-json\/wp\/v2\/users\/2"}],"replies":[{"embeddable":true,"href":"https:\/\/favorite-news.com\/pl\/wp-json\/wp\/v2\/comments?post=606"}],"version-history":[{"count":1,"href":"https:\/\/favorite-news.com\/pl\/wp-json\/wp\/v2\/posts\/606\/revisions"}],"predecessor-version":[{"id":608,"href":"https:\/\/favorite-news.com\/pl\/wp-json\/wp\/v2\/posts\/606\/revisions\/608"}],"wp:featuredmedia":[{"embeddable":true,"href":"https:\/\/favorite-news.com\/pl\/wp-json\/wp\/v2\/media\/607"}],"wp:attachment":[{"href":"https:\/\/favorite-news.com\/pl\/wp-json\/wp\/v2\/media?parent=606"}],"wp:term":[{"taxonomy":"category","embeddable":true,"href":"https:\/\/favorite-news.com\/pl\/wp-json\/wp\/v2\/categories?post=606"},{"taxonomy":"post_tag","embeddable":true,"href":"https:\/\/favorite-news.com\/pl\/wp-json\/wp\/v2\/tags?post=606"}],"curies":[{"name":"wp","href":"https:\/\/api.w.org\/{rel}","templated":true}]}}