{"id":592,"date":"2019-05-15T07:33:10","date_gmt":"2019-05-15T04:33:10","guid":{"rendered":"https:\/\/favorite-news.com\/pl\/blackmeister-piwo-z-kofeina-puszk-kojarza-sie-z-heinekenem-koncern-interweniuje\/"},"modified":"2019-05-15T07:33:11","modified_gmt":"2019-05-15T04:33:11","slug":"blackmeister-piwo-z-kofeina-puszk-kojarza-sie-z-heinekenem-koncern-interweniuje","status":"publish","type":"post","link":"https:\/\/favorite-news.com\/pl\/blackmeister-piwo-z-kofeina-puszk-kojarza-sie-z-heinekenem-koncern-interweniuje\/","title":{"rendered":"BlackMeister piwo z kofein\u0105 puszk kojarz\u0105 si\u0119 z Heinekenem, koncern interweniuje"},"content":{"rendered":"<p> [ad_1]<br \/>\n<\/p>\n<div id=\"\">\n<p>Piwo bezalkoholowe BlackMeister jest <strong>dost\u0119pne w dw\u00f3ch wariantach: klasyczny lager i o smaku tequili. Nap\u00f3j zawiera kofein\u0119, dzi\u0119ki czemu ma zapewnia\u0107 pobudzenie. Jest sprzedawany w p\u00f3\u0142litrowych puszkach<\/strong> &#8211; Oba piwa wa\u017cone tradycyjn\u0105 metod\u0105, nast\u0119pnie poddawane procesowi dezalkoholizacji , aby cieszy\u0107 si\u0119 wybornym smakiem bez alkoholu &#8211; informuje FoodCare.<\/p>\n<p>&#13;<br \/>\n&#13;<\/p>\n<p>To kolejny nap\u00f3j producenta pod mark\u0105 Black obecn\u0105 na rynku od 8 lat. Obejmuje ona przede wszystkim r\u00f3\u017cne warianty napoju energetycznego Black Energy Drink, a tak\u017ce nap\u00f3j funkcjonalny Black Vitamin+ Power<\/p>\n<p>&#13;<br \/>\n&#13;<\/p>\n<p>&#8211; Nasza innowacja produktowa, powsta\u0142a w wyniku obserwacji najnowszych trend\u00f3w na rynku napoj\u00f3w bezalkoholowych oraz ch\u0119ci zaspokojenia rosn\u0105cych oczekiwa\u0144 klient\u00f3w. Konsumenci wybieraj\u0105c nasz produkt nie musz\u0105 rezygnowa\u0107 ze smaku prawdziwego piwa oraz energii i pobudzenia &#8211; przekaza\u0142 portalowi Wirtualnemedia.pl Leszek Organista, brand manager w FoodCare.<\/p>\n<p>&#13;<br \/>\n&#13;<\/p>\n<p>&#13;<br \/>\n&#13;<\/p>\n<p><img decoding=\"async\" alt=\"\" src=\"https:\/\/favorite-news.com\/pl\/wp-content\/uploads\/sites\/6\/2019\/05\/1557894789_940_BlackMeister-piwo-z-kofeina-puszk-kojarza-sie-z-Heinekenem-koncern.png\" style=\"width: 655px; height: 460px;\"\/><\/p>\n<p>&#13;<br \/>\n&#13;<\/p>\n<p>BlackMeister jest dost\u0119pny m.in. w sklepach \u017babka, w puszkach z nieco inn\u0105 szat\u0105 graficzn\u0105.<\/p>\n<p>&#13;<br \/>\n&#13;<\/p>\n<p><img decoding=\"async\" alt=\"\" src=\"https:\/\/favorite-news.com\/pl\/wp-content\/uploads\/sites\/6\/2019\/05\/1557894789_537_BlackMeister-piwo-z-kofeina-puszk-kojarza-sie-z-Heinekenem-koncern.png\" style=\"width: 640px; height: 909px;\"\/><\/p>\n<p>&#13;<br \/>\n&#13;<\/p>\n<p><span style=\"font-size:20px;\"><strong>Puszki BlackMeister Lager kojarz\u0105 si\u0119 z tymi Heinekena<\/strong><\/span><\/p>\n<p>&#13;<br \/>\n&#13;<\/p>\n<p>W\u0142a\u015bnie na szat\u0119 graficzn\u0105 BlackMeister Lager zwr\u00f3cono uwag\u0119 w jednej z grup facebookowych dotycz\u0105cych reklam. Wed\u0142ug niekt\u00f3rych u\u017cytkownik\u00f3w puszki wygl\u0105daj\u0105 podobnie do puszek piwa Heineken.<\/p>\n<p>&#13;<br \/>\n&#13;<\/p>\n<p>Opakowania obu napoj\u00f3w maj\u0105 zielone t\u0142o z motywem kropek (na puszce Heinekena cz\u0119\u015b\u0107 jest srebrna) i etykiet\u0119 w kszta\u0142cie jaja z elementami czarnymi, bia\u0142ymi i czerwonymi.<\/p>\n<p>&#13;<br \/>\n&#13;<\/p>\n<p><img decoding=\"async\" alt=\"\" src=\"https:\/\/favorite-news.com\/pl\/wp-content\/uploads\/sites\/6\/2019\/05\/1557894789_843_BlackMeister-piwo-z-kofeina-puszk-kojarza-sie-z-Heinekenem-koncern.png\" style=\"width: 653px; height: 641px;\"\/><\/p>\n<p>&#13;<br \/>\n&#13;<\/p>\n<p>&#8211; <strong>Chcieliby\u015bmy podkre\u015bli\u0107, \u017ce koncepcja jest autorska i niepor\u00f3wnywalna z jakimkolwiek znanym nam produktem z oferty Heineken International &#8211; napisa\u0142 nam o piwie BlackMeister Leszek Organista z FoodCare.<\/strong><\/p>\n<p>&#13;<br \/>\n&#13;<\/p>\n<p>Co na to producent Heinekena? &#8211; <strong>Ta sytuacja jest nam znana. Podj\u0119te ju\u017c zosta\u0142y w\u0142a\u015bciwe kroki w celu zapobiegania tego typu praktykom &#8211; przekaza\u0142a portalowi Wirtualnemedia.pl Magdalena Brzezi\u0144ska, kierownik dzia\u0142u spraw korporacyjnych w Grupie \u017bywiec<\/strong> dystrybuuj\u0105cej w Polsce piwo Heineken. &#8211; Spraw\u0119 prowadzi bezpo\u015brednio firma Heineken kt\u00f3ra jest w\u0142a\u015bcicielem marki &#8211; zaznaczy\u0142a.<\/p>\n<p>&#13;<br \/>\n&#13;<\/p>\n<p>Biuro prasowe Heinekena na razie nie odpowiedzia\u0142o na nasze pytania w tej sprawie.<\/p>\n<p>&#13;<br \/>\n&#13;<\/p>\n<p>Zaznaczmy, \u017ce bezalkoholowy wariant piwa Heineken jest sprzedawany w Polsce od ub.r. Jest dost\u0119pny w nieco inaczej wygl\u0105daj\u0105cych opakowaniach, z niebieskim motywem na opakowaniach (miesi\u0105c temu pojawi\u0142 si\u0119 w sprzeda\u017cy tak\u017ce w puszkach).<\/p>\n<p>&#13;<br \/>\n&#13;<\/p>\n<p>Natomiast w po\u0142owie ub.r. do sprzeda\u017cy wprowadzono puszki Heinekena z du\u017co wi\u0119kszym symbolem czerwonej gwiazdy ni\u017c poprzednio. https:\/\/www.wirtualnemedia.pl\/artykul\/nowe-puszki-piwa-heineken<\/p>\n<p>&#13;<br \/>\n&#13;<\/p>\n<p><img decoding=\"async\" alt=\"\" src=\"https:\/\/favorite-news.com\/pl\/wp-content\/uploads\/sites\/6\/2019\/05\/1557894789_835_BlackMeister-piwo-z-kofeina-puszk-kojarza-sie-z-Heinekenem-koncern.png\" style=\"width: 655px; height: 422px;\"\/><\/p>\n<p>&#13;<br \/>\n&#13;<\/p>\n<p>Je\u015bli Heineken podejmie dzia\u0142ania prawne wobec FoodCare, b\u0119dzie to kolejny na naszym rynku sp\u00f3r dotycz\u0105cy opakowa\u0144 konkurencyjnych produkt\u00f3w. Dwa lata temu Lidl Polska po decyzji s\u0105du musia\u0142 wycofa\u0107 ze sprzeda\u017cy lody marki w\u0142asnej Ballino. Pow\u00f3d? Ich opakowania przypomina\u0142y opakowania lod\u00f3w Grycan, z kt\u00f3rych producentem Lidl zako\u0144czy\u0142 wsp\u00f3\u0142prac\u0119 w 2016 roku. Nast\u0119pnie w tych samych miejscach w swoich sklepach sprzedawa\u0142 lody Ballino.<\/p>\n<p>&#13;<br \/>\n&#13;<\/p>\n<p>Nied\u0142ugo po wyroku s\u0105dowym Lidl przywr\u00f3ci\u0142 do sprzeda\u017cy lody Ballino, ale w opakowaniach z mocno zmienion\u0105 szat\u0105 graficzn\u0105.<\/p>\n<p>&#13;<br \/>\n&#13;<\/p>\n<p><span style=\"font-size:20px;\"><strong>Eksperci: podobie\u0144stwo nieprzypadkowe, ale raczej inspiracja ni\u017c plagiat<\/strong><\/span><\/p>\n<p>&#13;<br \/>\n&#13;<\/p>\n<p>Pytani przez Wirtualnemedia.pl specjali\u015bci z agencji tworz\u0105cych identyfikacje wizualne nie maj\u0105 w\u0105tpliwo\u015bci, \u017ce wygl\u0105d puszek BlackMeister jest podobny do oprawy Heinekena. &#8211; Piwo BlackMeister to majstersztyk tzw. inspiracji wizerunkiem znanej na ca\u0142ym \u015bwiecie marki Heineken. Analizuj\u0105c te dwa produkty na poziomie czysto wizualnym trudno my\u015ble\u0107, \u017ce podobie\u0144stwo tych produkt\u00f3w jest przypadkowe. Zbyt wiele element\u00f3w opakowania Black Maister nawi\u0105zuje do pierwowzoru jakim jest piwo Heineken &#8211; stwierdza Joanna Roszkowska, wsp\u00f3\u0142w\u0142a\u015bcicielka Studia DN.<\/p>\n<p>&#13;<br \/>\n&#13;<\/p>\n<p>&#8211; Przede wszystkim kodyfikacja kolorystyczna: zielono-czarno-srebrna z akcentami czerwieni, kt\u00f3ra jest DNA marki Heineken i mo\u017ce wprowadza\u0107 konsument\u00f3w w b\u0142\u0105d przy spontanicznym, szybkim zakupie. Kolejnym elementem jest owal oraz poziome przeci\u0119cie paskiem w kolorze czarnym. Gwiazda obecna w opakowaniach piwa Heineken to jeden z symboli marki &#8211; rozpoznawalna pod ka\u017cd\u0105 niemal szeroko\u015bci\u0105 geograficzn\u0105. Historia firmy si\u0119ga 1864 roku, a s\u0142ynna gwiazda by\u0142a wykorzystywana od samego pocz\u0105tku istnienia tego piwa &#8211; wylicza Roszkowska.<\/p>\n<p>&#13;<br \/>\n&#13;<\/p>\n<p>Podobnego zdania jest Aleksandra Zabie\u0142\u0142o, senior copywriter w PND Futura. &#8211; Je\u015bli przyjmiemy, \u017ce produkty na sklepowej p\u00f3\u0142ce s\u0105 oceniane na podstawie pierwszego wra\u017cenia, nie mamy w\u0105tpliwo\u015bci, \u017ce opakowanie BlackMeister Lager jest podobne do puszek Heinekena. Decyduje o tym kolorystyka, uk\u0142ad poszczeg\u00f3lnych element\u00f3w, a przede wszystkim gwiazda &#8211; charakterystyczny symbol marki Heineken &#8211; analizuje.<\/p>\n<p>&#13;<br \/>\n&#13;<\/p>\n<p>Jej zdaniem takie podobie\u0144stwo nie oznacza jednak, \u017ce oprawa BlackMeister jest plagiatem szaty graficznej Heinekena, poniewa\u017c analogiczne elementy pojawiaj\u0105 si\u0119 w identyfikacji wielu marek piwa.<\/p>\n<p>&#13;<br \/>\n&#13;<\/p>\n<p>&#8211; Czer\u0144 i biel to kolory brandingowe marki Black, natomiast ziele\u0144 na sta\u0142e wpisa\u0142a si\u0119 w packaging design wielu marek piwnych. Kolejnym elementem, kt\u00f3ry m\u00f3g\u0142by sugerowa\u0107 plagiat, jest elipsa, kt\u00f3r\u0105 wykorzystuje jednak wielu producent\u00f3w piwa, np. Beck\u2019s, historycznie Carlsberg, Brock, Brackie, Tatra i dziesi\u0105tki innych &#8211; wylicza Zabie\u0142\u0142o. &#8211; Projekt marki BlackMeister czerpie z designu r\u00f3\u017cnych opakowa\u0144 piw i jest niejako ich kompilacj\u0105. Spos\u00f3b oznaczenia \u201e0,0% alkoholu\u201d z powi\u0119kszon\u0105 drug\u0105 cyfr\u0105 jest niemal identyczny, jak w przypadku bezalkoholowego Lecha. Koron\u0119 mo\u017cemy por\u00f3wna\u0107 do symboliki, jaka pojawia si\u0119 na Tyskim, z kolei font u\u017cyty w nazwie \u201eBlack Meister\u201d przypomina liternictwo u\u017cyte w logotypie piwa San Miguel &#8211; opisuje.<\/p>\n<p>&#13;<br \/>\n&#13;<\/p>\n<p>Czy takie podobie\u0144stwa mog\u0105 by\u0107 myl\u0105ce dla konsument\u00f3w? &#8211; Je\u015bli przyjmiemy, \u017ce produkty na sklepowej p\u00f3\u0142ce s\u0105 oceniane na podstawie pierwszego wra\u017cenia, nie mamy w\u0105tpliwo\u015bci, \u017ce opakowanie Black Meister Lager jest podobne do puszek Heinekena. Decyduje o tym kolorystyka, uk\u0142ad poszczeg\u00f3lnych element\u00f3w, a przede wszystkim gwiazda &#8211; charakterystyczny symbol marki Heineken &#8211; stwierdza Aleksandra Zabie\u0142\u0142o.<\/p>\n<p>&#13;<br \/>\n&#13;<\/p>\n<p>&#8211; Si\u0119gni\u0119cie po symbol gwiazdy i wykorzystanie kolor kodu Heinekena przez BlackMeister Lager wydaje si\u0119 by\u0107 oczywistym nawi\u0105zaniem. Chocia\u017c umieszcza je w inny spos\u00f3b, podobie\u0144stwo jest uderzaj\u0105ce. Motyw gwiazdy, kolorystyka, dzielenie puszki na p\u00f3\u0142 szarf\u0105 &#8211; to zabiegi, kt\u00f3re maj\u0105 przywodzi\u0107 na my\u015bl jedno z najbardziej znanych piw na \u015bwiecie &#8211; ocenia Joanna Roszkowska.<\/p>\n<p>&#13;<br \/>\n                            &#13;<br \/>\n&#13;<br \/>\n                            &#13;<br \/>\n&#13;<br \/>\n&#13;<br \/>\n&#13;<br \/>\n&#13;<br \/>\n&#13;<br \/>\n                            &#13;<br \/>\n                                                            &#13;<br \/>\n&#13;<br \/>\n                            &#13;\n                        <\/p><\/div>\n<p><script>(function (d, s, id) {\n        var js, fjs = d.getElementsByTagName(s)[0];\n        if (d.getElementById(id)) return;\n        js = d.createElement(s);\n        js.id = id;\n        js.src = \"http:\/\/connect.facebook.net\/pl_PL\/sdk.js#xfbml=1&version=v2.6&appId=297996717062470\";\n        fjs.parentNode.insertBefore(js, fjs);\n    }(document, 'script', 'facebook-jssdk'));<\/script><br \/>\n<br \/>[ad_2]<br \/>\n<br \/><a href=\"https:\/\/www.wirtualnemedia.pl\/artykul\/blackmeister-piwo-z-kofeina-puszk-kojarza-sie-z-heinekenem-koncern-interweniuje\">Source link <\/a><\/p>\n","protected":false},"excerpt":{"rendered":"<p>[ad_1] Piwo bezalkoholowe BlackMeister jest dost\u0119pne w dw\u00f3ch wariantach: klasyczny lager i o smaku tequili. Nap\u00f3j zawiera kofein\u0119, dzi\u0119ki czemu ma zapewnia\u0107 pobudzenie. Jest sprzedawany w p\u00f3\u0142litrowych puszkach &#8211; Oba piwa wa\u017cone tradycyjn\u0105 metod\u0105, nast\u0119pnie poddawane procesowi dezalkoholizacji , aby cieszy\u0107 si\u0119 wybornym smakiem bez alkoholu &#8211; informuje FoodCare. &#13; &#13; To kolejny nap\u00f3j producenta [&hellip;]<\/p>\n","protected":false},"author":2,"featured_media":593,"comment_status":"open","ping_status":"open","sticky":false,"template":"","format":"standard","meta":{"footnotes":""},"categories":[2],"tags":[],"class_list":["post-592","post","type-post","status-publish","format-standard","has-post-thumbnail","hentry","category-wiadomosci-marketingowe-internetowe"],"yoast_head":"<!-- This site is optimized with the Yoast SEO plugin v27.4 - https:\/\/yoast.com\/product\/yoast-seo-wordpress\/ -->\n<title>BlackMeister piwo z kofein\u0105 puszk kojarz\u0105 si\u0119 z Heinekenem, koncern interweniuje - Favorite News<\/title>\n<meta name=\"robots\" content=\"index, follow, max-snippet:-1, max-image-preview:large, max-video-preview:-1\" \/>\n<link rel=\"canonical\" href=\"https:\/\/favorite-news.com\/pl\/blackmeister-piwo-z-kofeina-puszk-kojarza-sie-z-heinekenem-koncern-interweniuje\/\" \/>\n<meta property=\"og:locale\" content=\"pl_PL\" \/>\n<meta property=\"og:type\" content=\"article\" \/>\n<meta property=\"og:title\" content=\"BlackMeister piwo z kofein\u0105 puszk kojarz\u0105 si\u0119 z Heinekenem, koncern interweniuje - Favorite News\" \/>\n<meta property=\"og:description\" content=\"[ad_1] Piwo bezalkoholowe BlackMeister jest dost\u0119pne w dw\u00f3ch wariantach: klasyczny lager i o smaku tequili. Nap\u00f3j zawiera kofein\u0119, dzi\u0119ki czemu ma zapewnia\u0107 pobudzenie. Jest sprzedawany w p\u00f3\u0142litrowych puszkach &#8211; Oba piwa wa\u017cone tradycyjn\u0105 metod\u0105, nast\u0119pnie poddawane procesowi dezalkoholizacji , aby cieszy\u0107 si\u0119 wybornym smakiem bez alkoholu &#8211; informuje FoodCare. &#013; &#013; To kolejny nap\u00f3j producenta [&hellip;]\" \/>\n<meta property=\"og:url\" content=\"https:\/\/favorite-news.com\/pl\/blackmeister-piwo-z-kofeina-puszk-kojarza-sie-z-heinekenem-koncern-interweniuje\/\" \/>\n<meta property=\"og:site_name\" content=\"Favorite News\" \/>\n<meta property=\"article:published_time\" content=\"2019-05-15T04:33:10+00:00\" \/>\n<meta property=\"article:modified_time\" content=\"2019-05-15T04:33:11+00:00\" \/>\n<meta property=\"og:image\" content=\"https:\/\/favorite-news.com\/pl\/wp-content\/uploads\/sites\/6\/2019\/05\/BlackMeister-piwo-z-kofein\u0105-puszk-kojarz\u0105-si\u0119-z-Heinekenem-koncern.png\" \/>\n\t<meta property=\"og:image:width\" content=\"655\" \/>\n\t<meta property=\"og:image:height\" content=\"473\" \/>\n\t<meta property=\"og:image:type\" content=\"image\/png\" \/>\n<meta name=\"author\" content=\"favorite-news\" \/>\n<meta name=\"twitter:card\" content=\"summary_large_image\" \/>\n<meta name=\"twitter:label1\" content=\"Napisane przez\" \/>\n\t<meta name=\"twitter:data1\" content=\"favorite-news\" \/>\n\t<meta name=\"twitter:label2\" content=\"Szacowany czas czytania\" \/>\n\t<meta name=\"twitter:data2\" content=\"5 minut\" \/>\n<script type=\"application\/ld+json\" class=\"yoast-schema-graph\">{\"@context\":\"https:\\\/\\\/schema.org\",\"@graph\":[{\"@type\":\"Article\",\"@id\":\"https:\\\/\\\/favorite-news.com\\\/pl\\\/blackmeister-piwo-z-kofeina-puszk-kojarza-sie-z-heinekenem-koncern-interweniuje\\\/#article\",\"isPartOf\":{\"@id\":\"https:\\\/\\\/favorite-news.com\\\/pl\\\/blackmeister-piwo-z-kofeina-puszk-kojarza-sie-z-heinekenem-koncern-interweniuje\\\/\"},\"author\":{\"name\":\"favorite-news\",\"@id\":\"https:\\\/\\\/favorite-news.com\\\/pl\\\/#\\\/schema\\\/person\\\/b91573b717dcfa5e4696032a9d28d3e8\"},\"headline\":\"BlackMeister piwo z kofein\u0105 puszk kojarz\u0105 si\u0119 z Heinekenem, koncern interweniuje\",\"datePublished\":\"2019-05-15T04:33:10+00:00\",\"dateModified\":\"2019-05-15T04:33:11+00:00\",\"mainEntityOfPage\":{\"@id\":\"https:\\\/\\\/favorite-news.com\\\/pl\\\/blackmeister-piwo-z-kofeina-puszk-kojarza-sie-z-heinekenem-koncern-interweniuje\\\/\"},\"wordCount\":1040,\"commentCount\":0,\"image\":{\"@id\":\"https:\\\/\\\/favorite-news.com\\\/pl\\\/blackmeister-piwo-z-kofeina-puszk-kojarza-sie-z-heinekenem-koncern-interweniuje\\\/#primaryimage\"},\"thumbnailUrl\":\"https:\\\/\\\/favorite-news.com\\\/pl\\\/wp-content\\\/uploads\\\/sites\\\/6\\\/2019\\\/05\\\/BlackMeister-piwo-z-kofein\u0105-puszk-kojarz\u0105-si\u0119-z-Heinekenem-koncern.png\",\"articleSection\":[\"WIADOMO\u015aCI MARKETINGOWE INTERNETOWE\"],\"inLanguage\":\"pl-PL\",\"potentialAction\":[{\"@type\":\"CommentAction\",\"name\":\"Comment\",\"target\":[\"https:\\\/\\\/favorite-news.com\\\/pl\\\/blackmeister-piwo-z-kofeina-puszk-kojarza-sie-z-heinekenem-koncern-interweniuje\\\/#respond\"]}]},{\"@type\":\"WebPage\",\"@id\":\"https:\\\/\\\/favorite-news.com\\\/pl\\\/blackmeister-piwo-z-kofeina-puszk-kojarza-sie-z-heinekenem-koncern-interweniuje\\\/\",\"url\":\"https:\\\/\\\/favorite-news.com\\\/pl\\\/blackmeister-piwo-z-kofeina-puszk-kojarza-sie-z-heinekenem-koncern-interweniuje\\\/\",\"name\":\"BlackMeister piwo z kofein\u0105 puszk kojarz\u0105 si\u0119 z Heinekenem, koncern interweniuje - Favorite News\",\"isPartOf\":{\"@id\":\"https:\\\/\\\/favorite-news.com\\\/pl\\\/#website\"},\"primaryImageOfPage\":{\"@id\":\"https:\\\/\\\/favorite-news.com\\\/pl\\\/blackmeister-piwo-z-kofeina-puszk-kojarza-sie-z-heinekenem-koncern-interweniuje\\\/#primaryimage\"},\"image\":{\"@id\":\"https:\\\/\\\/favorite-news.com\\\/pl\\\/blackmeister-piwo-z-kofeina-puszk-kojarza-sie-z-heinekenem-koncern-interweniuje\\\/#primaryimage\"},\"thumbnailUrl\":\"https:\\\/\\\/favorite-news.com\\\/pl\\\/wp-content\\\/uploads\\\/sites\\\/6\\\/2019\\\/05\\\/BlackMeister-piwo-z-kofein\u0105-puszk-kojarz\u0105-si\u0119-z-Heinekenem-koncern.png\",\"datePublished\":\"2019-05-15T04:33:10+00:00\",\"dateModified\":\"2019-05-15T04:33:11+00:00\",\"author\":{\"@id\":\"https:\\\/\\\/favorite-news.com\\\/pl\\\/#\\\/schema\\\/person\\\/b91573b717dcfa5e4696032a9d28d3e8\"},\"breadcrumb\":{\"@id\":\"https:\\\/\\\/favorite-news.com\\\/pl\\\/blackmeister-piwo-z-kofeina-puszk-kojarza-sie-z-heinekenem-koncern-interweniuje\\\/#breadcrumb\"},\"inLanguage\":\"pl-PL\",\"potentialAction\":[{\"@type\":\"ReadAction\",\"target\":[\"https:\\\/\\\/favorite-news.com\\\/pl\\\/blackmeister-piwo-z-kofeina-puszk-kojarza-sie-z-heinekenem-koncern-interweniuje\\\/\"]}]},{\"@type\":\"ImageObject\",\"inLanguage\":\"pl-PL\",\"@id\":\"https:\\\/\\\/favorite-news.com\\\/pl\\\/blackmeister-piwo-z-kofeina-puszk-kojarza-sie-z-heinekenem-koncern-interweniuje\\\/#primaryimage\",\"url\":\"https:\\\/\\\/favorite-news.com\\\/pl\\\/wp-content\\\/uploads\\\/sites\\\/6\\\/2019\\\/05\\\/BlackMeister-piwo-z-kofein\u0105-puszk-kojarz\u0105-si\u0119-z-Heinekenem-koncern.png\",\"contentUrl\":\"https:\\\/\\\/favorite-news.com\\\/pl\\\/wp-content\\\/uploads\\\/sites\\\/6\\\/2019\\\/05\\\/BlackMeister-piwo-z-kofein\u0105-puszk-kojarz\u0105-si\u0119-z-Heinekenem-koncern.png\",\"width\":655,\"height\":473,\"caption\":\"BlackMeister piwo z kofein\u0105 puszk kojarz\u0105 si\u0119 z Heinekenem, koncern interweniuje\"},{\"@type\":\"BreadcrumbList\",\"@id\":\"https:\\\/\\\/favorite-news.com\\\/pl\\\/blackmeister-piwo-z-kofeina-puszk-kojarza-sie-z-heinekenem-koncern-interweniuje\\\/#breadcrumb\",\"itemListElement\":[{\"@type\":\"ListItem\",\"position\":1,\"name\":\"Home\",\"item\":\"https:\\\/\\\/favorite-news.com\\\/pl\\\/\"},{\"@type\":\"ListItem\",\"position\":2,\"name\":\"BlackMeister piwo z kofein\u0105 puszk kojarz\u0105 si\u0119 z Heinekenem, koncern interweniuje\"}]},{\"@type\":\"WebSite\",\"@id\":\"https:\\\/\\\/favorite-news.com\\\/pl\\\/#website\",\"url\":\"https:\\\/\\\/favorite-news.com\\\/pl\\\/\",\"name\":\"Favorite News\",\"description\":\"Favorite News Polska\",\"potentialAction\":[{\"@type\":\"SearchAction\",\"target\":{\"@type\":\"EntryPoint\",\"urlTemplate\":\"https:\\\/\\\/favorite-news.com\\\/pl\\\/?s={search_term_string}\"},\"query-input\":{\"@type\":\"PropertyValueSpecification\",\"valueRequired\":true,\"valueName\":\"search_term_string\"}}],\"inLanguage\":\"pl-PL\"},{\"@type\":\"Person\",\"@id\":\"https:\\\/\\\/favorite-news.com\\\/pl\\\/#\\\/schema\\\/person\\\/b91573b717dcfa5e4696032a9d28d3e8\",\"name\":\"favorite-news\",\"image\":{\"@type\":\"ImageObject\",\"inLanguage\":\"pl-PL\",\"@id\":\"https:\\\/\\\/secure.gravatar.com\\\/avatar\\\/6c5a5cb12b74e9d517ee91cf570335b7d16177f1977cc91db161adfa435945a7?s=96&d=mm&r=g\",\"url\":\"https:\\\/\\\/secure.gravatar.com\\\/avatar\\\/6c5a5cb12b74e9d517ee91cf570335b7d16177f1977cc91db161adfa435945a7?s=96&d=mm&r=g\",\"contentUrl\":\"https:\\\/\\\/secure.gravatar.com\\\/avatar\\\/6c5a5cb12b74e9d517ee91cf570335b7d16177f1977cc91db161adfa435945a7?s=96&d=mm&r=g\",\"caption\":\"favorite-news\"},\"url\":\"https:\\\/\\\/favorite-news.com\\\/pl\\\/author\\\/pt\\\/\"}]}<\/script>\n<!-- \/ Yoast SEO plugin. -->","yoast_head_json":{"title":"BlackMeister piwo z kofein\u0105 puszk kojarz\u0105 si\u0119 z Heinekenem, koncern interweniuje - Favorite News","robots":{"index":"index","follow":"follow","max-snippet":"max-snippet:-1","max-image-preview":"max-image-preview:large","max-video-preview":"max-video-preview:-1"},"canonical":"https:\/\/favorite-news.com\/pl\/blackmeister-piwo-z-kofeina-puszk-kojarza-sie-z-heinekenem-koncern-interweniuje\/","og_locale":"pl_PL","og_type":"article","og_title":"BlackMeister piwo z kofein\u0105 puszk kojarz\u0105 si\u0119 z Heinekenem, koncern interweniuje - Favorite News","og_description":"[ad_1] Piwo bezalkoholowe BlackMeister jest dost\u0119pne w dw\u00f3ch wariantach: klasyczny lager i o smaku tequili. Nap\u00f3j zawiera kofein\u0119, dzi\u0119ki czemu ma zapewnia\u0107 pobudzenie. Jest sprzedawany w p\u00f3\u0142litrowych puszkach &#8211; Oba piwa wa\u017cone tradycyjn\u0105 metod\u0105, nast\u0119pnie poddawane procesowi dezalkoholizacji , aby cieszy\u0107 si\u0119 wybornym smakiem bez alkoholu &#8211; informuje FoodCare. &#13; &#13; To kolejny nap\u00f3j producenta [&hellip;]","og_url":"https:\/\/favorite-news.com\/pl\/blackmeister-piwo-z-kofeina-puszk-kojarza-sie-z-heinekenem-koncern-interweniuje\/","og_site_name":"Favorite News","article_published_time":"2019-05-15T04:33:10+00:00","article_modified_time":"2019-05-15T04:33:11+00:00","og_image":[{"width":655,"height":473,"url":"https:\/\/favorite-news.com\/pl\/wp-content\/uploads\/sites\/6\/2019\/05\/BlackMeister-piwo-z-kofein\u0105-puszk-kojarz\u0105-si\u0119-z-Heinekenem-koncern.png","type":"image\/png"}],"author":"favorite-news","twitter_card":"summary_large_image","twitter_misc":{"Napisane przez":"favorite-news","Szacowany czas czytania":"5 minut"},"schema":{"@context":"https:\/\/schema.org","@graph":[{"@type":"Article","@id":"https:\/\/favorite-news.com\/pl\/blackmeister-piwo-z-kofeina-puszk-kojarza-sie-z-heinekenem-koncern-interweniuje\/#article","isPartOf":{"@id":"https:\/\/favorite-news.com\/pl\/blackmeister-piwo-z-kofeina-puszk-kojarza-sie-z-heinekenem-koncern-interweniuje\/"},"author":{"name":"favorite-news","@id":"https:\/\/favorite-news.com\/pl\/#\/schema\/person\/b91573b717dcfa5e4696032a9d28d3e8"},"headline":"BlackMeister piwo z kofein\u0105 puszk kojarz\u0105 si\u0119 z Heinekenem, koncern interweniuje","datePublished":"2019-05-15T04:33:10+00:00","dateModified":"2019-05-15T04:33:11+00:00","mainEntityOfPage":{"@id":"https:\/\/favorite-news.com\/pl\/blackmeister-piwo-z-kofeina-puszk-kojarza-sie-z-heinekenem-koncern-interweniuje\/"},"wordCount":1040,"commentCount":0,"image":{"@id":"https:\/\/favorite-news.com\/pl\/blackmeister-piwo-z-kofeina-puszk-kojarza-sie-z-heinekenem-koncern-interweniuje\/#primaryimage"},"thumbnailUrl":"https:\/\/favorite-news.com\/pl\/wp-content\/uploads\/sites\/6\/2019\/05\/BlackMeister-piwo-z-kofein\u0105-puszk-kojarz\u0105-si\u0119-z-Heinekenem-koncern.png","articleSection":["WIADOMO\u015aCI MARKETINGOWE INTERNETOWE"],"inLanguage":"pl-PL","potentialAction":[{"@type":"CommentAction","name":"Comment","target":["https:\/\/favorite-news.com\/pl\/blackmeister-piwo-z-kofeina-puszk-kojarza-sie-z-heinekenem-koncern-interweniuje\/#respond"]}]},{"@type":"WebPage","@id":"https:\/\/favorite-news.com\/pl\/blackmeister-piwo-z-kofeina-puszk-kojarza-sie-z-heinekenem-koncern-interweniuje\/","url":"https:\/\/favorite-news.com\/pl\/blackmeister-piwo-z-kofeina-puszk-kojarza-sie-z-heinekenem-koncern-interweniuje\/","name":"BlackMeister piwo z kofein\u0105 puszk kojarz\u0105 si\u0119 z Heinekenem, koncern interweniuje - Favorite News","isPartOf":{"@id":"https:\/\/favorite-news.com\/pl\/#website"},"primaryImageOfPage":{"@id":"https:\/\/favorite-news.com\/pl\/blackmeister-piwo-z-kofeina-puszk-kojarza-sie-z-heinekenem-koncern-interweniuje\/#primaryimage"},"image":{"@id":"https:\/\/favorite-news.com\/pl\/blackmeister-piwo-z-kofeina-puszk-kojarza-sie-z-heinekenem-koncern-interweniuje\/#primaryimage"},"thumbnailUrl":"https:\/\/favorite-news.com\/pl\/wp-content\/uploads\/sites\/6\/2019\/05\/BlackMeister-piwo-z-kofein\u0105-puszk-kojarz\u0105-si\u0119-z-Heinekenem-koncern.png","datePublished":"2019-05-15T04:33:10+00:00","dateModified":"2019-05-15T04:33:11+00:00","author":{"@id":"https:\/\/favorite-news.com\/pl\/#\/schema\/person\/b91573b717dcfa5e4696032a9d28d3e8"},"breadcrumb":{"@id":"https:\/\/favorite-news.com\/pl\/blackmeister-piwo-z-kofeina-puszk-kojarza-sie-z-heinekenem-koncern-interweniuje\/#breadcrumb"},"inLanguage":"pl-PL","potentialAction":[{"@type":"ReadAction","target":["https:\/\/favorite-news.com\/pl\/blackmeister-piwo-z-kofeina-puszk-kojarza-sie-z-heinekenem-koncern-interweniuje\/"]}]},{"@type":"ImageObject","inLanguage":"pl-PL","@id":"https:\/\/favorite-news.com\/pl\/blackmeister-piwo-z-kofeina-puszk-kojarza-sie-z-heinekenem-koncern-interweniuje\/#primaryimage","url":"https:\/\/favorite-news.com\/pl\/wp-content\/uploads\/sites\/6\/2019\/05\/BlackMeister-piwo-z-kofein\u0105-puszk-kojarz\u0105-si\u0119-z-Heinekenem-koncern.png","contentUrl":"https:\/\/favorite-news.com\/pl\/wp-content\/uploads\/sites\/6\/2019\/05\/BlackMeister-piwo-z-kofein\u0105-puszk-kojarz\u0105-si\u0119-z-Heinekenem-koncern.png","width":655,"height":473,"caption":"BlackMeister piwo z kofein\u0105 puszk kojarz\u0105 si\u0119 z Heinekenem, koncern interweniuje"},{"@type":"BreadcrumbList","@id":"https:\/\/favorite-news.com\/pl\/blackmeister-piwo-z-kofeina-puszk-kojarza-sie-z-heinekenem-koncern-interweniuje\/#breadcrumb","itemListElement":[{"@type":"ListItem","position":1,"name":"Home","item":"https:\/\/favorite-news.com\/pl\/"},{"@type":"ListItem","position":2,"name":"BlackMeister piwo z kofein\u0105 puszk kojarz\u0105 si\u0119 z Heinekenem, koncern interweniuje"}]},{"@type":"WebSite","@id":"https:\/\/favorite-news.com\/pl\/#website","url":"https:\/\/favorite-news.com\/pl\/","name":"Favorite News","description":"Favorite News Polska","potentialAction":[{"@type":"SearchAction","target":{"@type":"EntryPoint","urlTemplate":"https:\/\/favorite-news.com\/pl\/?s={search_term_string}"},"query-input":{"@type":"PropertyValueSpecification","valueRequired":true,"valueName":"search_term_string"}}],"inLanguage":"pl-PL"},{"@type":"Person","@id":"https:\/\/favorite-news.com\/pl\/#\/schema\/person\/b91573b717dcfa5e4696032a9d28d3e8","name":"favorite-news","image":{"@type":"ImageObject","inLanguage":"pl-PL","@id":"https:\/\/secure.gravatar.com\/avatar\/6c5a5cb12b74e9d517ee91cf570335b7d16177f1977cc91db161adfa435945a7?s=96&d=mm&r=g","url":"https:\/\/secure.gravatar.com\/avatar\/6c5a5cb12b74e9d517ee91cf570335b7d16177f1977cc91db161adfa435945a7?s=96&d=mm&r=g","contentUrl":"https:\/\/secure.gravatar.com\/avatar\/6c5a5cb12b74e9d517ee91cf570335b7d16177f1977cc91db161adfa435945a7?s=96&d=mm&r=g","caption":"favorite-news"},"url":"https:\/\/favorite-news.com\/pl\/author\/pt\/"}]}},"_links":{"self":[{"href":"https:\/\/favorite-news.com\/pl\/wp-json\/wp\/v2\/posts\/592","targetHints":{"allow":["GET"]}}],"collection":[{"href":"https:\/\/favorite-news.com\/pl\/wp-json\/wp\/v2\/posts"}],"about":[{"href":"https:\/\/favorite-news.com\/pl\/wp-json\/wp\/v2\/types\/post"}],"author":[{"embeddable":true,"href":"https:\/\/favorite-news.com\/pl\/wp-json\/wp\/v2\/users\/2"}],"replies":[{"embeddable":true,"href":"https:\/\/favorite-news.com\/pl\/wp-json\/wp\/v2\/comments?post=592"}],"version-history":[{"count":1,"href":"https:\/\/favorite-news.com\/pl\/wp-json\/wp\/v2\/posts\/592\/revisions"}],"predecessor-version":[{"id":594,"href":"https:\/\/favorite-news.com\/pl\/wp-json\/wp\/v2\/posts\/592\/revisions\/594"}],"wp:featuredmedia":[{"embeddable":true,"href":"https:\/\/favorite-news.com\/pl\/wp-json\/wp\/v2\/media\/593"}],"wp:attachment":[{"href":"https:\/\/favorite-news.com\/pl\/wp-json\/wp\/v2\/media?parent=592"}],"wp:term":[{"taxonomy":"category","embeddable":true,"href":"https:\/\/favorite-news.com\/pl\/wp-json\/wp\/v2\/categories?post=592"},{"taxonomy":"post_tag","embeddable":true,"href":"https:\/\/favorite-news.com\/pl\/wp-json\/wp\/v2\/tags?post=592"}],"curies":[{"name":"wp","href":"https:\/\/api.w.org\/{rel}","templated":true}]}}