{"id":5919,"date":"2021-03-10T11:39:55","date_gmt":"2021-03-10T08:39:55","guid":{"rendered":"https:\/\/favorite-news.com\/pl\/unilever-usuwa-slowo-normalny-z-opakowan-rezygnuje-z-cyfrowych-przerobek-w-reklamach\/"},"modified":"2021-03-10T11:39:57","modified_gmt":"2021-03-10T08:39:57","slug":"unilever-usuwa-slowo-normalny-z-opakowan-rezygnuje-z-cyfrowych-przerobek-w-reklamach","status":"publish","type":"post","link":"https:\/\/favorite-news.com\/pl\/unilever-usuwa-slowo-normalny-z-opakowan-rezygnuje-z-cyfrowych-przerobek-w-reklamach\/","title":{"rendered":"Unilever usuwa s\u0142owo \u201enormalny\u201d z opakowa\u0144. Rezygnuje z cyfrowych przer\u00f3bek w reklamach"},"content":{"rendered":"<p>Koncern przeprowadzi\u0142 badania w\u015br\u00f3d 10 tys. ankietowanych z 9 kraj\u00f3w. Wynika z nich, \u017ce 7 na 10 os\u00f3b oceni\u0142o s\u0142owo \u201enormalny\u201d negatywnie, je\u015bli znalaz\u0142o si\u0119 ono na opakowaniach kosmetyk\u00f3w. Ponad po\u0142owa (dok\u0142adnie 56 proc.) jest z kolei zdania, \u017ce to okre\u015blenie mo\u017ce powodowa\u0107 poczucie wykluczenia, a sze\u015bciu na dziesi\u0119ciu pytanych ocenia, \u017ce bran\u017ca beauty kreuje tylko jeden kanon tego, kto lub co jest \u201enormalne\u201d.&#13;<br \/>\n&#13;<br \/>\nW ramach swojej kampanii \u201ePositive Beauty &#8211; Pozytywne Pi\u0119kno\u201d. Unilever proponuje nowe podej\u015bcie w reklamie &#8211; pierwszym z nich ma by\u0107 usuni\u0119cie s\u0142owa \u201enormalny\u201d z opakowa\u0144 produkt\u00f3w oraz reklam i materia\u0142\u00f3w marketingowych. Dodatkowo firma deklaruje, \u017ce nie b\u0119dzie cyfrowo przerabia\u0142a kszta\u0142tu ludzkiego cia\u0142a: rozmiaru, proporcji czy koloru sk\u00f3ry. Kolejn\u0105 propozycj\u0105 ma by\u0107 zwi\u0119kszenie liczby materia\u0142\u00f3w, kt\u00f3re b\u0119d\u0105 przedstawia\u0142y ludzi z niedostatecznie reprezentowanych grup. Te dzia\u0142ania b\u0119d\u0105 realizowa\u0142y marki: Dove, Lifebuoy, Axe czy Sunsilk.&#13;<br \/>\n&#13;<br \/>\n&#13;<br \/>\n&#13;<br \/>\n&#13;<br \/>\nSunny Jain, prezes dzia\u0142u piel\u0119gnacji urody i \u015brodk\u00f3w higieny osobistej w Unilever zaznacza, \u017ce w ramach tej inicjatywy koncern zobowi\u0105zuje si\u0119 \u201edo walki ze szkodliwymi normami i stereotypami oraz kszta\u0142towania szerszej, znacznie bardziej sprzyjaj\u0105cej w\u0142\u0105czeniu definicji pi\u0119kna\u201d.&#13;<br \/>\n&#13;<br \/>\n&#8211; Oczywi\u015bcie zdajemy sobie spraw\u0119, \u017ce samo usuni\u0119cie s\u0142owa \u201enormalny\u201d nie spowoduje, \u017ce problem zniknie. Wierzymy jednak, \u017ce jest to wa\u017cny krok. Celem naszej wizji \u201ePositive Beauty &#8211; Pozytywne Pi\u0119kno\u201d jest nie tylko czynienie mniejszego z\u0142a, ale tak\u017ce zrobienie wi\u0119cej dobrego zar\u00f3wno dla ludzi, jak i dla planety. Wierzymy, \u017ce dzi\u0119ki programowi \u201ePositive Beauty &#8211; Pozytywne pi\u0119kno\u201d staniemy si\u0119 silniejszym i odnosz\u0105cym wi\u0119ksze sukcesy przedsi\u0119biorstwem &#8211; komentuje.&#13;<br \/>\n&#13;<br \/>\n&#13;<br \/>\n&#13;<br \/>\nZakaz przeprowadzania bada\u0144 kosmetyk\u00f3w na zwierz\u0119tach&#13;<br \/>\n&#13;<br \/>\nKampania \u201ePositive Beauty \u2013 Pozytywne Pi\u0119kno\u201d ma podejmowa\u0107 r\u00f3wnie\u017c dzia\u0142ania zwi\u0105zane z wprowadzeniem globalnego zakazu przeprowadzania bada\u0144 kosmetyk\u00f3w na zwierz\u0119tach do 2023 roku. Obecnie 23 marki Unilever posiadaj\u0105 certyfikat PETA, kt\u00f3ry potwierdza brak test\u00f3w na zwierz\u0119tach.&#13;<br \/>\n&#13;<br \/>\nUnilever do 2030 roku ma tak\u017ce wzi\u0105\u0107 udzia\u0142 w dzia\u0142aniach, kt\u00f3re maj\u0105 na celu popraw\u0119 stanu zdrowia, samopoczucia i zwi\u0119kszenia poczucia sprawiedliwo\u015bci w\u015br\u00f3d ludzi. Program mia\u0142by obj\u0105\u0107 ok. miliard os\u00f3b rocznie, w tej chwili rozwijane s\u0105 ju\u017c m.in. programy dotycz\u0105ce zdrowia psychicznego czy samopoczucia psychicznego \u2013 do tej pory m.in. w Polsce realizowano \u201eDove Self-Esteem\u201d \u2013 kampani\u0119, kt\u00f3rej celem jest budowanie pozytywnej samooceny w\u015br\u00f3d nastolatk\u00f3w.&#13;<br \/>\n&#13;<br \/>\nTrzecim aspektem kampanii ma by\u0107 natomiast pomoc w ochronie i regeneracji 1,5 miliona hektar\u00f3w grunt\u00f3w, las\u00f3w i ocean\u00f3w do 2030 roku.&#13;<br \/>\n&#13;<br \/>\n&#13;<br \/>\n\t\t\tPromowanie dzia\u0142a\u0144 body positive&#13;<br \/>\n&#13;<br \/>\nZapytali\u015bmy ekspertki, co s\u0105dz\u0105 o dzia\u0142aniu firmy i czy przyniesie ono realne zmiany, je\u015bli chodzi o podej\u015bcie do samoakceptacji.&#13;<br \/>\n&#13;<br \/>\nMarta Subko, szefowa subko&amp;co &#8211; butikowej agencji marketingowej uwa\u017ca, \u017ce ruch Unilevera wpisuje si\u0119 w szerszy trend promowania inkluzywno\u015bci i bodypositivity. &#8211; S\u0142owo &#8222;normalny&#8221; odnosi si\u0119 do normy, a norma w przypadku sk\u00f3ry nie istnieje. Wida\u0107 tu zreszt\u0105 konsekwencj\u0119, zw\u0142aszcza w dzia\u0142aniach marki Dove, kt\u00f3ra by\u0142a jednym z pionier\u00f3w dzia\u0142a\u0144 body positive w szeroko poj\u0119tym marketingu. Warto odnotowa\u0107, pewien post\u0119p: jeszcze par\u0119 lat temu ogl\u0105dali\u015bmy kampani\u0119 &#8222;Real Beauty Sketches&#8221;, kt\u00f3ra przemyca\u0142a wiadomo\u015b\u0107: &#8222;Jeste\u015b \u0142adniejsza (czyli bli\u017csza normy), ni\u017c ci si\u0119 wydaje&#8221;. Dwa lata temu, przy okazji kampanii #ArmsUp marka posz\u0142a dalej &#8211; skupiaj\u0105c si\u0119 na tabuizowanym temacie pach i w\u0142os\u00f3w na ciele, pokazuj\u0105c r\u00f3\u017cnorodno\u015b\u0107 i zostawiaj\u0105c decyzj\u0119 o wygl\u0105dzie w\u0142asnego cia\u0142a kobietom a nie spo\u0142ecze\u0144stwu &#8211; przypomina Marta Subko.&#13;<br \/>\n&#13;<br \/>\nNatomiast jej zdaniem rezygnacja z obr\u00f3bki cyfrowej przy tworzeniu materia\u0142\u00f3w marketingowych to ruch m\u0105dry, ale nie zaskakuj\u0105cy. &#8211; Ju\u017c rok temu internet obieg\u0142a wiadomo\u015b\u0107, \u017ce Instagram tnie zasi\u0119gi mocno edytowanym zdj\u0119ciom, w tym roku Brytyjczycy wprowadzili zakaz u\u017cywania filtr\u00f3w przez influencer\u00f3w w reklamach kosmetyk\u00f3w. Wida\u0107 tu wi\u0119c szerszy trend i cieszy fakt, \u017ce dzia\u0142ania nie zostan\u0105 ograniczone do marek kobiecych &#8211; nierealne idea\u0142y m\u0119skiego cia\u0142a powoduj\u0105ce problemy psychologiczne u m\u0119\u017cczyzn to problem, o kt\u00f3rym wci\u0105\u017c m\u00f3wi si\u0119 za ma\u0142o &#8211; zaznacza ekspertka.&#13;<br \/>\n&#13;<br \/>\n&#13;<br \/>\n&#13;<br \/>\n&#13;<br \/>\nRuch mo\u017ce wywo\u0142a\u0107 potrzebn\u0105 dyskusj\u0119&#13;<br \/>\n&#13;<br \/>\nZ kolei Zofia Sme\u0142ka-Leszczy\u0144ska, chief creative strategist z Hill+Knowlton Strategies Poland jest zdania, \u017ce dzia\u0142anie Unilevera zwi\u0105zane z rezygnacj\u0105 ze s\u0142owa &#8222;normalne&#8221; mog\u0142oby przej\u015b\u0107 niezauwa\u017cone, gdyby nie zosta\u0142o odpowiednio zakomunikowane.&#13;<br \/>\n&#13;<br \/>\n&#8211; Dlatego uwa\u017cam, \u017ce ma przede wszystkim potencja\u0142 PR-owy i \u017ce mo\u017ce wywo\u0142a\u0107 interesuj\u0105c\u0105 i potrzebn\u0105 dyskusj\u0119. Istotno\u015b\u0107 i si\u0142a tego konceptu wynika po pierwsze z na\u015bwietlenia opozycji pomi\u0119dzy s\u0142owem &#8222;normalne&#8221; &#8211; z pozoru neutralnym &#8211; a niemieszcz\u0105cym si\u0119 w jego polu poj\u0119ciem &#8222;nienormalno\u015bci&#8221; (zwykle waloryzowanej negatywnie). Cho\u0107by dla najm\u0142odszych u\u017cytkowniczek kosmetyk\u00f3w sugestia, \u017ce ich w\u0142osy albo sk\u00f3ra znajduj\u0105 si\u0119 poza obszarem &#8222;normalno\u015bci&#8221; mo\u017ce dodatkowo obni\u017ca\u0107 ich samoocen\u0119 &#8211; a wiemy z bada\u0144, \u017ce nawet u ma\u0142ych dzieci poj\u0119cie normalnego, czyli \u0142adnego, cia\u0142a znajduje si\u0119 pod silnym wp\u0142ywem obraz\u00f3w z mass-medi\u00f3w i \u017ce ju\u017c kilkulatki uwa\u017caj\u0105, \u017ce powinny schudn\u0105\u0107. W obietnic\u0119 koncernu wpisane jest ciekawe pytanie: co uwa\u017camy za normalne i na jakiej podstawie zapad\u0142a decyzja, \u017ce akurat ten konkretny rodzaj cery, w\u0142os\u00f3w lub budowy cia\u0142a przyj\u0119li\u015bmy opatrywa\u0107 tak\u0105 etykiet\u0105? Czemu ma s\u0142u\u017cy\u0107 niebezpo\u015brednia stygmatyzacja pewnych w\u0142a\u015bciwo\u015bci cia\u0142a? Kto o tym decyduje? I najwa\u017cniejsze &#8211; czemu tak d\u0142ugo uwa\u017cali\u015bmy to za normalne? &#8211; pyta Zofia Sme\u0142ka-Leszczy\u0144ska.&#13;<br \/>\n&#13;<br \/>\n&#13;<br \/>\n&#13;<br \/>\n&#13;<br \/>\nRynek kosmetyk\u00f3w coraz bardziej progresywny&#13;<br \/>\n&#13;<br \/>\nNatomiast Joanna Wysoczy\u0144ska z agencji Diferente oraz wyk\u0142adowczyni na Collegium Civitas komentuje: &#8211; S\u0142owo &#8222;normalny&#8221; przesta\u0142o by\u0107 postrzegane neutralnie, a sta\u0142o si\u0119 wyrazem \u015blepoty na r\u00f3\u017cnorodno\u015b\u0107 &#8211; nie tylko w \u015bwiecie spo\u0142ecznym, ale te\u017c w wymiarze bardziej osobistym. Na zaj\u0119ciach cz\u0119sto sugeruj\u0119 studentom eksperyment my\u015blowy: wyobra\u017cenie sobie koloru &#8222;cielistego&#8221;. Jakakolwiek pr\u00f3ba ubrania go w barwy Pantone i numerycznego zaklasyfikowania do szeregu jest niemo\u017cliwa. Podobnie ma to miejsce w sferze urody &#8211; normalny przestaje by\u0107 neutralnym okre\u015bleniem stanu sk\u00f3ry, a staje si\u0119 wyrazem sztywno\u015bci pogl\u0105d\u00f3w. Lepiej pos\u0142ugiwa\u0107 si\u0119 zatem bardziej przyjazn\u0105 terminologi\u0105, kt\u00f3ra nie stygmatyzuje dziel\u0105c na &#8222;normalny&#8221; i pozosta\u0142e, w domy\u015ble: problematyczne. Co wi\u0119cej, dla marek globalnych, okre\u015blenie &#8222;normalnej&#8221; sk\u00f3ry jest dodatkowo trudne. W r\u00f3\u017cnych szeroko\u015bciach geograficznych r\u00f3\u017cne parametry jej funkcjonowania b\u0119d\u0105 postrzegane jako prawid\u0142owe &#8211; czyli zapewniaj\u0105ce optymalne samopoczucie w tym zakresie &#8211; obja\u015bnia w komentarzu dla Wirtualnemedia.pl.&#13;<br \/>\n&#13;<br \/>\nWed\u0142ug niej, rynek kosmetyk\u00f3w staje si\u0119 coraz bardziej progresywny. &#8211; Konsument szuka produkt\u00f3w nawi\u0105zuj\u0105c do rosn\u0105cego aktywizmu &#8211; bran\u017ca b\u0119dzie zatem coraz cz\u0119\u015bciej spotyka\u0107 si\u0119 ze stawianymi przed ni\u0105 wyzwaniami w zakresie nie tylko \u015brodowiska, ale te\u017c kwestii spo\u0142ecznych. Etyka to nie tylko przejrzysto\u015b\u0107 dzia\u0142a\u0144 biznesowych, w tym produkcyjnych, ale te\u017c respektowanie szerokiego spektrum \u015bwiatopogl\u0105d\u00f3w i d\u0105\u017cenie do inkluzywno\u015bci. Wyidealizowany \u015bwiat jednorodnego pi\u0119kna zaczyna by\u0107 dla wielu czym\u015b odleg\u0142ym, nieprzystaj\u0105cym do reali\u00f3w oraz priorytet\u00f3w i po\u017c\u0105danego stylu \u017cycia. Trudno powiedzie\u0107 jak szybko nast\u0105pi\u0105 zmiany, kt\u00f3re pragnie wprowadzi\u0107 Unilever dla swoich marek &#8211; zwraca uwag\u0119.&#13;<br \/>\n&#13;<br \/>\n&#13;<br \/>\n&#13;<br \/>\n&#13;<br \/>\nW opinii Joanna Wysoczy\u0144skiej, marka Dove od wielu lat komunikuje &#8222;cia\u0142opozytywno\u015b\u0107&#8221;, jednak zmiany w preferencjach komunikacyjnych marek piel\u0119gnacyjnych od tego czasu nie nast\u0105pi\u0142y w zakresie, kt\u00f3ry mo\u017cna by\u0142oby uzna\u0107 za dominuj\u0105c\u0105 tendencj\u0119. &#8211; Po\u017c\u0105dane w reklamie obrazy twarzy i cia\u0142a, to nadal obrazy wyretuszowane. Retusz, codzienna praktyka nie tylko przemys\u0142u beauty, czy te\u017c mody, ale szerokiego rozumianej komunikacji i budowania wizerunku, zar\u00f3wno w mediach, jak te\u017c na potrzeby prywatne, raczej nie zniknie wskutek dzia\u0142a\u0144 Unilever. Aplikacje i filtry znalaz\u0142y si\u0119 w zasi\u0119gu ka\u017cdego posiadacza aparatu do utrwalania obraz\u00f3w i komunikacji, dawniej zwanego telefonem. Dost\u0119pno\u015b\u0107 narz\u0119dzi do obr\u00f3bki cyfrowej dla przeci\u0119tnego u\u017cytkownika sprawia, \u017ce to pokusa dla wielu trudna do pokonania &#8211; podsumowuje ekspertka.&#13;<br \/>\n&#13;<br \/>\nUnilever posiada ponad 400 marek obecnych na ca\u0142ym \u015bwiecie, w tym Dove, Knorr, Rexona, Hellmann\u2019s, Lipton, Algida, Magnum, Ben&amp;Jerry\u2019s, Axe, Sunsilk i Surf.&#13;<br \/>\n                                                        &#13;<br \/>\n                            &#13;<br \/>\n                            &#13;<br \/>\n                                                            &#13;<br \/>\n&#13;<br \/>\n                            &#13;<\/p>\n<p>\n<!--noindex--><br \/>\n<a href=\"https:\/\/www.wirtualnemedia.pl\/artykul\/unilever-usunie-slowo-normalny-opakowania-i-reklam-rezygnuje-z-cyfrowych-przerobek-w-reklamach-positive-beauty-pozytywne-piekno\" rel=\"nofollow\">Source link <\/a><br \/>\n<!--\/noindex--><\/p>\n","protected":false},"excerpt":{"rendered":"<p>Koncern przeprowadzi\u0142 badania w\u015br\u00f3d 10 tys. ankietowanych z 9 kraj\u00f3w. Wynika z nich, \u017ce 7 na 10 os\u00f3b oceni\u0142o s\u0142owo \u201enormalny\u201d negatywnie, je\u015bli znalaz\u0142o si\u0119 ono na opakowaniach kosmetyk\u00f3w. Ponad po\u0142owa (dok\u0142adnie 56 proc.) jest z kolei zdania, \u017ce to okre\u015blenie mo\u017ce powodowa\u0107 poczucie wykluczenia, a sze\u015bciu na dziesi\u0119ciu pytanych ocenia, \u017ce bran\u017ca beauty kreuje [&hellip;]<\/p>\n","protected":false},"author":2,"featured_media":5920,"comment_status":"open","ping_status":"open","sticky":false,"template":"","format":"standard","meta":{"footnotes":""},"categories":[2],"tags":[],"class_list":["post-5919","post","type-post","status-publish","format-standard","has-post-thumbnail","hentry","category-wiadomosci-marketingowe-internetowe"],"yoast_head":"<!-- This site is optimized with the Yoast SEO plugin v27.4 - https:\/\/yoast.com\/product\/yoast-seo-wordpress\/ -->\n<title>Unilever usuwa s\u0142owo \u201enormalny\u201d z opakowa\u0144. Rezygnuje z cyfrowych przer\u00f3bek w reklamach - Favorite News<\/title>\n<meta name=\"robots\" content=\"index, follow, max-snippet:-1, max-image-preview:large, max-video-preview:-1\" \/>\n<link rel=\"canonical\" href=\"https:\/\/favorite-news.com\/pl\/unilever-usuwa-slowo-normalny-z-opakowan-rezygnuje-z-cyfrowych-przerobek-w-reklamach\/\" \/>\n<meta property=\"og:locale\" content=\"pl_PL\" \/>\n<meta property=\"og:type\" content=\"article\" \/>\n<meta property=\"og:title\" content=\"Unilever usuwa s\u0142owo \u201enormalny\u201d z opakowa\u0144. Rezygnuje z cyfrowych przer\u00f3bek w reklamach - Favorite News\" \/>\n<meta property=\"og:description\" content=\"Koncern przeprowadzi\u0142 badania w\u015br\u00f3d 10 tys. ankietowanych z 9 kraj\u00f3w. Wynika z nich, \u017ce 7 na 10 os\u00f3b oceni\u0142o s\u0142owo \u201enormalny\u201d negatywnie, je\u015bli znalaz\u0142o si\u0119 ono na opakowaniach kosmetyk\u00f3w. Ponad po\u0142owa (dok\u0142adnie 56 proc.) jest z kolei zdania, \u017ce to okre\u015blenie mo\u017ce powodowa\u0107 poczucie wykluczenia, a sze\u015bciu na dziesi\u0119ciu pytanych ocenia, \u017ce bran\u017ca beauty kreuje [&hellip;]\" \/>\n<meta property=\"og:url\" content=\"https:\/\/favorite-news.com\/pl\/unilever-usuwa-slowo-normalny-z-opakowan-rezygnuje-z-cyfrowych-przerobek-w-reklamach\/\" \/>\n<meta property=\"og:site_name\" content=\"Favorite News\" \/>\n<meta property=\"article:published_time\" content=\"2021-03-10T08:39:55+00:00\" \/>\n<meta property=\"article:modified_time\" content=\"2021-03-10T08:39:57+00:00\" \/>\n<meta property=\"og:image\" content=\"https:\/\/favorite-news.com\/pl\/wp-content\/uploads\/sites\/6\/2021\/03\/Unilever-usuwa-slowo-\u201enormalny-z-opakowan-Rezygnuje-z-cyfrowych-przerobek.jpg\" \/>\n\t<meta property=\"og:image:width\" content=\"655\" \/>\n\t<meta property=\"og:image:height\" content=\"582\" \/>\n\t<meta property=\"og:image:type\" content=\"image\/jpeg\" \/>\n<meta name=\"author\" content=\"favorite-news\" \/>\n<meta name=\"twitter:card\" content=\"summary_large_image\" \/>\n<meta name=\"twitter:label1\" content=\"Napisane przez\" \/>\n\t<meta name=\"twitter:data1\" content=\"favorite-news\" \/>\n\t<meta name=\"twitter:label2\" content=\"Szacowany czas czytania\" \/>\n\t<meta name=\"twitter:data2\" content=\"7 minut\" \/>\n<script type=\"application\/ld+json\" class=\"yoast-schema-graph\">{\"@context\":\"https:\\\/\\\/schema.org\",\"@graph\":[{\"@type\":\"Article\",\"@id\":\"https:\\\/\\\/favorite-news.com\\\/pl\\\/unilever-usuwa-slowo-normalny-z-opakowan-rezygnuje-z-cyfrowych-przerobek-w-reklamach\\\/#article\",\"isPartOf\":{\"@id\":\"https:\\\/\\\/favorite-news.com\\\/pl\\\/unilever-usuwa-slowo-normalny-z-opakowan-rezygnuje-z-cyfrowych-przerobek-w-reklamach\\\/\"},\"author\":{\"name\":\"favorite-news\",\"@id\":\"https:\\\/\\\/favorite-news.com\\\/pl\\\/#\\\/schema\\\/person\\\/b91573b717dcfa5e4696032a9d28d3e8\"},\"headline\":\"Unilever usuwa s\u0142owo \u201enormalny\u201d z opakowa\u0144. Rezygnuje z cyfrowych przer\u00f3bek w reklamach\",\"datePublished\":\"2021-03-10T08:39:55+00:00\",\"dateModified\":\"2021-03-10T08:39:57+00:00\",\"mainEntityOfPage\":{\"@id\":\"https:\\\/\\\/favorite-news.com\\\/pl\\\/unilever-usuwa-slowo-normalny-z-opakowan-rezygnuje-z-cyfrowych-przerobek-w-reklamach\\\/\"},\"wordCount\":1450,\"commentCount\":0,\"image\":{\"@id\":\"https:\\\/\\\/favorite-news.com\\\/pl\\\/unilever-usuwa-slowo-normalny-z-opakowan-rezygnuje-z-cyfrowych-przerobek-w-reklamach\\\/#primaryimage\"},\"thumbnailUrl\":\"https:\\\/\\\/favorite-news.com\\\/pl\\\/wp-content\\\/uploads\\\/sites\\\/6\\\/2021\\\/03\\\/Unilever-usuwa-slowo-\u201enormalny-z-opakowan-Rezygnuje-z-cyfrowych-przerobek.jpg\",\"articleSection\":[\"WIADOMO\u015aCI MARKETINGOWE INTERNETOWE\"],\"inLanguage\":\"pl-PL\",\"potentialAction\":[{\"@type\":\"CommentAction\",\"name\":\"Comment\",\"target\":[\"https:\\\/\\\/favorite-news.com\\\/pl\\\/unilever-usuwa-slowo-normalny-z-opakowan-rezygnuje-z-cyfrowych-przerobek-w-reklamach\\\/#respond\"]}]},{\"@type\":\"WebPage\",\"@id\":\"https:\\\/\\\/favorite-news.com\\\/pl\\\/unilever-usuwa-slowo-normalny-z-opakowan-rezygnuje-z-cyfrowych-przerobek-w-reklamach\\\/\",\"url\":\"https:\\\/\\\/favorite-news.com\\\/pl\\\/unilever-usuwa-slowo-normalny-z-opakowan-rezygnuje-z-cyfrowych-przerobek-w-reklamach\\\/\",\"name\":\"Unilever usuwa s\u0142owo \u201enormalny\u201d z opakowa\u0144. Rezygnuje z cyfrowych przer\u00f3bek w reklamach - Favorite News\",\"isPartOf\":{\"@id\":\"https:\\\/\\\/favorite-news.com\\\/pl\\\/#website\"},\"primaryImageOfPage\":{\"@id\":\"https:\\\/\\\/favorite-news.com\\\/pl\\\/unilever-usuwa-slowo-normalny-z-opakowan-rezygnuje-z-cyfrowych-przerobek-w-reklamach\\\/#primaryimage\"},\"image\":{\"@id\":\"https:\\\/\\\/favorite-news.com\\\/pl\\\/unilever-usuwa-slowo-normalny-z-opakowan-rezygnuje-z-cyfrowych-przerobek-w-reklamach\\\/#primaryimage\"},\"thumbnailUrl\":\"https:\\\/\\\/favorite-news.com\\\/pl\\\/wp-content\\\/uploads\\\/sites\\\/6\\\/2021\\\/03\\\/Unilever-usuwa-slowo-\u201enormalny-z-opakowan-Rezygnuje-z-cyfrowych-przerobek.jpg\",\"datePublished\":\"2021-03-10T08:39:55+00:00\",\"dateModified\":\"2021-03-10T08:39:57+00:00\",\"author\":{\"@id\":\"https:\\\/\\\/favorite-news.com\\\/pl\\\/#\\\/schema\\\/person\\\/b91573b717dcfa5e4696032a9d28d3e8\"},\"breadcrumb\":{\"@id\":\"https:\\\/\\\/favorite-news.com\\\/pl\\\/unilever-usuwa-slowo-normalny-z-opakowan-rezygnuje-z-cyfrowych-przerobek-w-reklamach\\\/#breadcrumb\"},\"inLanguage\":\"pl-PL\",\"potentialAction\":[{\"@type\":\"ReadAction\",\"target\":[\"https:\\\/\\\/favorite-news.com\\\/pl\\\/unilever-usuwa-slowo-normalny-z-opakowan-rezygnuje-z-cyfrowych-przerobek-w-reklamach\\\/\"]}]},{\"@type\":\"ImageObject\",\"inLanguage\":\"pl-PL\",\"@id\":\"https:\\\/\\\/favorite-news.com\\\/pl\\\/unilever-usuwa-slowo-normalny-z-opakowan-rezygnuje-z-cyfrowych-przerobek-w-reklamach\\\/#primaryimage\",\"url\":\"https:\\\/\\\/favorite-news.com\\\/pl\\\/wp-content\\\/uploads\\\/sites\\\/6\\\/2021\\\/03\\\/Unilever-usuwa-slowo-\u201enormalny-z-opakowan-Rezygnuje-z-cyfrowych-przerobek.jpg\",\"contentUrl\":\"https:\\\/\\\/favorite-news.com\\\/pl\\\/wp-content\\\/uploads\\\/sites\\\/6\\\/2021\\\/03\\\/Unilever-usuwa-slowo-\u201enormalny-z-opakowan-Rezygnuje-z-cyfrowych-przerobek.jpg\",\"width\":655,\"height\":582,\"caption\":\"Article\"},{\"@type\":\"BreadcrumbList\",\"@id\":\"https:\\\/\\\/favorite-news.com\\\/pl\\\/unilever-usuwa-slowo-normalny-z-opakowan-rezygnuje-z-cyfrowych-przerobek-w-reklamach\\\/#breadcrumb\",\"itemListElement\":[{\"@type\":\"ListItem\",\"position\":1,\"name\":\"Home\",\"item\":\"https:\\\/\\\/favorite-news.com\\\/pl\\\/\"},{\"@type\":\"ListItem\",\"position\":2,\"name\":\"Unilever usuwa s\u0142owo \u201enormalny\u201d z opakowa\u0144. Rezygnuje z cyfrowych przer\u00f3bek w reklamach\"}]},{\"@type\":\"WebSite\",\"@id\":\"https:\\\/\\\/favorite-news.com\\\/pl\\\/#website\",\"url\":\"https:\\\/\\\/favorite-news.com\\\/pl\\\/\",\"name\":\"Favorite News\",\"description\":\"Favorite News Polska\",\"potentialAction\":[{\"@type\":\"SearchAction\",\"target\":{\"@type\":\"EntryPoint\",\"urlTemplate\":\"https:\\\/\\\/favorite-news.com\\\/pl\\\/?s={search_term_string}\"},\"query-input\":{\"@type\":\"PropertyValueSpecification\",\"valueRequired\":true,\"valueName\":\"search_term_string\"}}],\"inLanguage\":\"pl-PL\"},{\"@type\":\"Person\",\"@id\":\"https:\\\/\\\/favorite-news.com\\\/pl\\\/#\\\/schema\\\/person\\\/b91573b717dcfa5e4696032a9d28d3e8\",\"name\":\"favorite-news\",\"image\":{\"@type\":\"ImageObject\",\"inLanguage\":\"pl-PL\",\"@id\":\"https:\\\/\\\/secure.gravatar.com\\\/avatar\\\/6c5a5cb12b74e9d517ee91cf570335b7d16177f1977cc91db161adfa435945a7?s=96&d=mm&r=g\",\"url\":\"https:\\\/\\\/secure.gravatar.com\\\/avatar\\\/6c5a5cb12b74e9d517ee91cf570335b7d16177f1977cc91db161adfa435945a7?s=96&d=mm&r=g\",\"contentUrl\":\"https:\\\/\\\/secure.gravatar.com\\\/avatar\\\/6c5a5cb12b74e9d517ee91cf570335b7d16177f1977cc91db161adfa435945a7?s=96&d=mm&r=g\",\"caption\":\"favorite-news\"},\"url\":\"https:\\\/\\\/favorite-news.com\\\/pl\\\/author\\\/pt\\\/\"}]}<\/script>\n<!-- \/ Yoast SEO plugin. -->","yoast_head_json":{"title":"Unilever usuwa s\u0142owo \u201enormalny\u201d z opakowa\u0144. Rezygnuje z cyfrowych przer\u00f3bek w reklamach - Favorite News","robots":{"index":"index","follow":"follow","max-snippet":"max-snippet:-1","max-image-preview":"max-image-preview:large","max-video-preview":"max-video-preview:-1"},"canonical":"https:\/\/favorite-news.com\/pl\/unilever-usuwa-slowo-normalny-z-opakowan-rezygnuje-z-cyfrowych-przerobek-w-reklamach\/","og_locale":"pl_PL","og_type":"article","og_title":"Unilever usuwa s\u0142owo \u201enormalny\u201d z opakowa\u0144. Rezygnuje z cyfrowych przer\u00f3bek w reklamach - Favorite News","og_description":"Koncern przeprowadzi\u0142 badania w\u015br\u00f3d 10 tys. ankietowanych z 9 kraj\u00f3w. Wynika z nich, \u017ce 7 na 10 os\u00f3b oceni\u0142o s\u0142owo \u201enormalny\u201d negatywnie, je\u015bli znalaz\u0142o si\u0119 ono na opakowaniach kosmetyk\u00f3w. Ponad po\u0142owa (dok\u0142adnie 56 proc.) jest z kolei zdania, \u017ce to okre\u015blenie mo\u017ce powodowa\u0107 poczucie wykluczenia, a sze\u015bciu na dziesi\u0119ciu pytanych ocenia, \u017ce bran\u017ca beauty kreuje [&hellip;]","og_url":"https:\/\/favorite-news.com\/pl\/unilever-usuwa-slowo-normalny-z-opakowan-rezygnuje-z-cyfrowych-przerobek-w-reklamach\/","og_site_name":"Favorite News","article_published_time":"2021-03-10T08:39:55+00:00","article_modified_time":"2021-03-10T08:39:57+00:00","og_image":[{"width":655,"height":582,"url":"https:\/\/favorite-news.com\/pl\/wp-content\/uploads\/sites\/6\/2021\/03\/Unilever-usuwa-slowo-\u201enormalny-z-opakowan-Rezygnuje-z-cyfrowych-przerobek.jpg","type":"image\/jpeg"}],"author":"favorite-news","twitter_card":"summary_large_image","twitter_misc":{"Napisane przez":"favorite-news","Szacowany czas czytania":"7 minut"},"schema":{"@context":"https:\/\/schema.org","@graph":[{"@type":"Article","@id":"https:\/\/favorite-news.com\/pl\/unilever-usuwa-slowo-normalny-z-opakowan-rezygnuje-z-cyfrowych-przerobek-w-reklamach\/#article","isPartOf":{"@id":"https:\/\/favorite-news.com\/pl\/unilever-usuwa-slowo-normalny-z-opakowan-rezygnuje-z-cyfrowych-przerobek-w-reklamach\/"},"author":{"name":"favorite-news","@id":"https:\/\/favorite-news.com\/pl\/#\/schema\/person\/b91573b717dcfa5e4696032a9d28d3e8"},"headline":"Unilever usuwa s\u0142owo \u201enormalny\u201d z opakowa\u0144. Rezygnuje z cyfrowych przer\u00f3bek w reklamach","datePublished":"2021-03-10T08:39:55+00:00","dateModified":"2021-03-10T08:39:57+00:00","mainEntityOfPage":{"@id":"https:\/\/favorite-news.com\/pl\/unilever-usuwa-slowo-normalny-z-opakowan-rezygnuje-z-cyfrowych-przerobek-w-reklamach\/"},"wordCount":1450,"commentCount":0,"image":{"@id":"https:\/\/favorite-news.com\/pl\/unilever-usuwa-slowo-normalny-z-opakowan-rezygnuje-z-cyfrowych-przerobek-w-reklamach\/#primaryimage"},"thumbnailUrl":"https:\/\/favorite-news.com\/pl\/wp-content\/uploads\/sites\/6\/2021\/03\/Unilever-usuwa-slowo-\u201enormalny-z-opakowan-Rezygnuje-z-cyfrowych-przerobek.jpg","articleSection":["WIADOMO\u015aCI MARKETINGOWE INTERNETOWE"],"inLanguage":"pl-PL","potentialAction":[{"@type":"CommentAction","name":"Comment","target":["https:\/\/favorite-news.com\/pl\/unilever-usuwa-slowo-normalny-z-opakowan-rezygnuje-z-cyfrowych-przerobek-w-reklamach\/#respond"]}]},{"@type":"WebPage","@id":"https:\/\/favorite-news.com\/pl\/unilever-usuwa-slowo-normalny-z-opakowan-rezygnuje-z-cyfrowych-przerobek-w-reklamach\/","url":"https:\/\/favorite-news.com\/pl\/unilever-usuwa-slowo-normalny-z-opakowan-rezygnuje-z-cyfrowych-przerobek-w-reklamach\/","name":"Unilever usuwa s\u0142owo \u201enormalny\u201d z opakowa\u0144. Rezygnuje z cyfrowych przer\u00f3bek w reklamach - Favorite News","isPartOf":{"@id":"https:\/\/favorite-news.com\/pl\/#website"},"primaryImageOfPage":{"@id":"https:\/\/favorite-news.com\/pl\/unilever-usuwa-slowo-normalny-z-opakowan-rezygnuje-z-cyfrowych-przerobek-w-reklamach\/#primaryimage"},"image":{"@id":"https:\/\/favorite-news.com\/pl\/unilever-usuwa-slowo-normalny-z-opakowan-rezygnuje-z-cyfrowych-przerobek-w-reklamach\/#primaryimage"},"thumbnailUrl":"https:\/\/favorite-news.com\/pl\/wp-content\/uploads\/sites\/6\/2021\/03\/Unilever-usuwa-slowo-\u201enormalny-z-opakowan-Rezygnuje-z-cyfrowych-przerobek.jpg","datePublished":"2021-03-10T08:39:55+00:00","dateModified":"2021-03-10T08:39:57+00:00","author":{"@id":"https:\/\/favorite-news.com\/pl\/#\/schema\/person\/b91573b717dcfa5e4696032a9d28d3e8"},"breadcrumb":{"@id":"https:\/\/favorite-news.com\/pl\/unilever-usuwa-slowo-normalny-z-opakowan-rezygnuje-z-cyfrowych-przerobek-w-reklamach\/#breadcrumb"},"inLanguage":"pl-PL","potentialAction":[{"@type":"ReadAction","target":["https:\/\/favorite-news.com\/pl\/unilever-usuwa-slowo-normalny-z-opakowan-rezygnuje-z-cyfrowych-przerobek-w-reklamach\/"]}]},{"@type":"ImageObject","inLanguage":"pl-PL","@id":"https:\/\/favorite-news.com\/pl\/unilever-usuwa-slowo-normalny-z-opakowan-rezygnuje-z-cyfrowych-przerobek-w-reklamach\/#primaryimage","url":"https:\/\/favorite-news.com\/pl\/wp-content\/uploads\/sites\/6\/2021\/03\/Unilever-usuwa-slowo-\u201enormalny-z-opakowan-Rezygnuje-z-cyfrowych-przerobek.jpg","contentUrl":"https:\/\/favorite-news.com\/pl\/wp-content\/uploads\/sites\/6\/2021\/03\/Unilever-usuwa-slowo-\u201enormalny-z-opakowan-Rezygnuje-z-cyfrowych-przerobek.jpg","width":655,"height":582,"caption":"Article"},{"@type":"BreadcrumbList","@id":"https:\/\/favorite-news.com\/pl\/unilever-usuwa-slowo-normalny-z-opakowan-rezygnuje-z-cyfrowych-przerobek-w-reklamach\/#breadcrumb","itemListElement":[{"@type":"ListItem","position":1,"name":"Home","item":"https:\/\/favorite-news.com\/pl\/"},{"@type":"ListItem","position":2,"name":"Unilever usuwa s\u0142owo \u201enormalny\u201d z opakowa\u0144. Rezygnuje z cyfrowych przer\u00f3bek w reklamach"}]},{"@type":"WebSite","@id":"https:\/\/favorite-news.com\/pl\/#website","url":"https:\/\/favorite-news.com\/pl\/","name":"Favorite News","description":"Favorite News Polska","potentialAction":[{"@type":"SearchAction","target":{"@type":"EntryPoint","urlTemplate":"https:\/\/favorite-news.com\/pl\/?s={search_term_string}"},"query-input":{"@type":"PropertyValueSpecification","valueRequired":true,"valueName":"search_term_string"}}],"inLanguage":"pl-PL"},{"@type":"Person","@id":"https:\/\/favorite-news.com\/pl\/#\/schema\/person\/b91573b717dcfa5e4696032a9d28d3e8","name":"favorite-news","image":{"@type":"ImageObject","inLanguage":"pl-PL","@id":"https:\/\/secure.gravatar.com\/avatar\/6c5a5cb12b74e9d517ee91cf570335b7d16177f1977cc91db161adfa435945a7?s=96&d=mm&r=g","url":"https:\/\/secure.gravatar.com\/avatar\/6c5a5cb12b74e9d517ee91cf570335b7d16177f1977cc91db161adfa435945a7?s=96&d=mm&r=g","contentUrl":"https:\/\/secure.gravatar.com\/avatar\/6c5a5cb12b74e9d517ee91cf570335b7d16177f1977cc91db161adfa435945a7?s=96&d=mm&r=g","caption":"favorite-news"},"url":"https:\/\/favorite-news.com\/pl\/author\/pt\/"}]}},"_links":{"self":[{"href":"https:\/\/favorite-news.com\/pl\/wp-json\/wp\/v2\/posts\/5919","targetHints":{"allow":["GET"]}}],"collection":[{"href":"https:\/\/favorite-news.com\/pl\/wp-json\/wp\/v2\/posts"}],"about":[{"href":"https:\/\/favorite-news.com\/pl\/wp-json\/wp\/v2\/types\/post"}],"author":[{"embeddable":true,"href":"https:\/\/favorite-news.com\/pl\/wp-json\/wp\/v2\/users\/2"}],"replies":[{"embeddable":true,"href":"https:\/\/favorite-news.com\/pl\/wp-json\/wp\/v2\/comments?post=5919"}],"version-history":[{"count":1,"href":"https:\/\/favorite-news.com\/pl\/wp-json\/wp\/v2\/posts\/5919\/revisions"}],"predecessor-version":[{"id":5921,"href":"https:\/\/favorite-news.com\/pl\/wp-json\/wp\/v2\/posts\/5919\/revisions\/5921"}],"wp:featuredmedia":[{"embeddable":true,"href":"https:\/\/favorite-news.com\/pl\/wp-json\/wp\/v2\/media\/5920"}],"wp:attachment":[{"href":"https:\/\/favorite-news.com\/pl\/wp-json\/wp\/v2\/media?parent=5919"}],"wp:term":[{"taxonomy":"category","embeddable":true,"href":"https:\/\/favorite-news.com\/pl\/wp-json\/wp\/v2\/categories?post=5919"},{"taxonomy":"post_tag","embeddable":true,"href":"https:\/\/favorite-news.com\/pl\/wp-json\/wp\/v2\/tags?post=5919"}],"curies":[{"name":"wp","href":"https:\/\/api.w.org\/{rel}","templated":true}]}}