{"id":5895,"date":"2021-03-09T00:01:59","date_gmt":"2021-03-08T21:01:59","guid":{"rendered":"https:\/\/favorite-news.com\/pl\/irka-marsze-w-kampanii-sklepow-intermarche-wideo\/"},"modified":"2021-03-09T00:02:03","modified_gmt":"2021-03-08T21:02:03","slug":"irka-marsze-w-kampanii-sklepow-intermarche-wideo","status":"publish","type":"post","link":"https:\/\/favorite-news.com\/pl\/irka-marsze-w-kampanii-sklepow-intermarche-wideo\/","title":{"rendered":"Irka Marsze w kampanii sklep\u00f3w Intermarch\u00e9 (wideo)"},"content":{"rendered":"<p>W spocie kobieta robi z dzie\u0107mi zakupy w sklepie Intermarch\u00e9. Opisuje przy tym widzom, \u017ce w Intermarch\u00e9 dost\u0119pna jest szeroka oferta produkt\u00f3w (m.in. pieczywo, nabia\u0142, w\u0119dliny i mi\u0119so, warzywa i owoce) z wieloma promocjami.&#13;<br \/>\n&#13;<br \/>\nBohaterka przedstawia si\u0119 kobietom jako Irka Marsze, a reklama ko\u0144czy sloganem \u201eCiesz si\u0119 nisk\u0105 cen\u0105. Z Iren\u0105\u201d. Nie zmieni\u0142o si\u0119 has\u0142o g\u0142\u00f3wne Intermarch\u00e9: \u201e\u015awie\u017co. Tanio. Z optymizmem\u201d.&#13;<br \/>\n&#13;<br \/>\n&#13;<br \/>\n&#13;<br \/>\n&#13;<br \/>\nTo ci\u0105g dalszy komunikacji reklamowej Intermarch\u00e9 rozpocz\u0119tej wiosn\u0105 2019 roku. Wtedy w spocie ta sama bohaterka co obecnie z rado\u015bci\u0105 robi\u0142a w sklepie tej sieci zakupy i przygotowywa\u0142a posi\u0142ki dla rodziny.&#13;<br \/>\n&#13;<br \/>\n\u00a0&#13;<br \/>\n&#13;<br \/>\nKreacj\u0105 nowej kampanii zaj\u0119\u0142a si\u0119 agencja DDB Warszawa, a produkcj\u0105 spotu &#8211; studio foodoo.&#13;<br \/>\n&#13;<br \/>\nDzia\u0142ania reklamowe Intermarch\u00e9 obejmuj\u0105 przede wszystkim telewizj\u0119, internet, radio oraz same sklepy tej sieci. W ostatnich latach za planowanie i zakup medi\u00f3w dla firmy odpowiada\u0142 dom mediowy MediaCom Warszawa.&#13;<br \/>\n                                                        &#13;<br \/>\n                            &#13;<br \/>\n                            &#13;<br \/>\n                                                            &#13;<br \/>\n&#13;<br \/>\n                            &#13;<\/p>\n<p>\n<!--noindex--><br \/>\n<a href=\"https:\/\/www.wirtualnemedia.pl\/artykul\/intermarche-sklepy-promocje-reklama\" rel=\"nofollow\">Source link <\/a><br \/>\n<!--\/noindex--><\/p>\n","protected":false},"excerpt":{"rendered":"<p>W spocie kobieta robi z dzie\u0107mi zakupy w sklepie Intermarch\u00e9. Opisuje przy tym widzom, \u017ce w Intermarch\u00e9 dost\u0119pna jest szeroka oferta produkt\u00f3w (m.in. pieczywo, nabia\u0142, w\u0119dliny i mi\u0119so, warzywa i owoce) z wieloma promocjami.&#13; &#13; Bohaterka przedstawia si\u0119 kobietom jako Irka Marsze, a reklama ko\u0144czy sloganem \u201eCiesz si\u0119 nisk\u0105 cen\u0105. Z Iren\u0105\u201d. Nie zmieni\u0142o si\u0119 [&hellip;]<\/p>\n","protected":false},"author":2,"featured_media":5896,"comment_status":"open","ping_status":"open","sticky":false,"template":"","format":"standard","meta":{"footnotes":""},"categories":[2],"tags":[],"class_list":["post-5895","post","type-post","status-publish","format-standard","has-post-thumbnail","hentry","category-wiadomosci-marketingowe-internetowe"],"yoast_head":"<!-- This site is optimized with the Yoast SEO plugin v27.4 - https:\/\/yoast.com\/product\/yoast-seo-wordpress\/ -->\n<title>Irka Marsze w kampanii sklep\u00f3w Intermarch\u00e9 (wideo) - Favorite News<\/title>\n<meta name=\"robots\" content=\"index, follow, max-snippet:-1, max-image-preview:large, max-video-preview:-1\" \/>\n<link rel=\"canonical\" href=\"https:\/\/favorite-news.com\/pl\/irka-marsze-w-kampanii-sklepow-intermarche-wideo\/\" \/>\n<meta property=\"og:locale\" content=\"pl_PL\" \/>\n<meta property=\"og:type\" content=\"article\" \/>\n<meta property=\"og:title\" content=\"Irka Marsze w kampanii sklep\u00f3w Intermarch\u00e9 (wideo) - Favorite News\" \/>\n<meta property=\"og:description\" content=\"W spocie kobieta robi z dzie\u0107mi zakupy w sklepie Intermarch\u00e9. Opisuje przy tym widzom, \u017ce w Intermarch\u00e9 dost\u0119pna jest szeroka oferta produkt\u00f3w (m.in. pieczywo, nabia\u0142, w\u0119dliny i mi\u0119so, warzywa i owoce) z wieloma promocjami.&#013; &#013; Bohaterka przedstawia si\u0119 kobietom jako Irka Marsze, a reklama ko\u0144czy sloganem \u201eCiesz si\u0119 nisk\u0105 cen\u0105. Z Iren\u0105\u201d. Nie zmieni\u0142o si\u0119 [&hellip;]\" \/>\n<meta property=\"og:url\" content=\"https:\/\/favorite-news.com\/pl\/irka-marsze-w-kampanii-sklepow-intermarche-wideo\/\" \/>\n<meta property=\"og:site_name\" content=\"Favorite News\" \/>\n<meta property=\"article:published_time\" content=\"2021-03-08T21:01:59+00:00\" \/>\n<meta property=\"article:modified_time\" content=\"2021-03-08T21:02:03+00:00\" \/>\n<meta property=\"og:image\" content=\"https:\/\/favorite-news.com\/pl\/wp-content\/uploads\/sites\/6\/2021\/03\/Irka-Marsze-w-kampanii-sklepow-Intermarche-wideo.png\" \/>\n\t<meta property=\"og:image:width\" content=\"655\" \/>\n\t<meta property=\"og:image:height\" content=\"513\" \/>\n\t<meta property=\"og:image:type\" content=\"image\/png\" \/>\n<meta name=\"author\" content=\"favorite-news\" \/>\n<meta name=\"twitter:card\" content=\"summary_large_image\" \/>\n<meta name=\"twitter:label1\" content=\"Napisane przez\" \/>\n\t<meta name=\"twitter:data1\" content=\"favorite-news\" \/>\n\t<meta name=\"twitter:label2\" content=\"Szacowany czas czytania\" \/>\n\t<meta name=\"twitter:data2\" content=\"1 minuta\" \/>\n<script type=\"application\/ld+json\" class=\"yoast-schema-graph\">{\"@context\":\"https:\\\/\\\/schema.org\",\"@graph\":[{\"@type\":\"Article\",\"@id\":\"https:\\\/\\\/favorite-news.com\\\/pl\\\/irka-marsze-w-kampanii-sklepow-intermarche-wideo\\\/#article\",\"isPartOf\":{\"@id\":\"https:\\\/\\\/favorite-news.com\\\/pl\\\/irka-marsze-w-kampanii-sklepow-intermarche-wideo\\\/\"},\"author\":{\"name\":\"favorite-news\",\"@id\":\"https:\\\/\\\/favorite-news.com\\\/pl\\\/#\\\/schema\\\/person\\\/b91573b717dcfa5e4696032a9d28d3e8\"},\"headline\":\"Irka Marsze w kampanii sklep\u00f3w Intermarch\u00e9 (wideo)\",\"datePublished\":\"2021-03-08T21:01:59+00:00\",\"dateModified\":\"2021-03-08T21:02:03+00:00\",\"mainEntityOfPage\":{\"@id\":\"https:\\\/\\\/favorite-news.com\\\/pl\\\/irka-marsze-w-kampanii-sklepow-intermarche-wideo\\\/\"},\"wordCount\":164,\"commentCount\":0,\"image\":{\"@id\":\"https:\\\/\\\/favorite-news.com\\\/pl\\\/irka-marsze-w-kampanii-sklepow-intermarche-wideo\\\/#primaryimage\"},\"thumbnailUrl\":\"https:\\\/\\\/favorite-news.com\\\/pl\\\/wp-content\\\/uploads\\\/sites\\\/6\\\/2021\\\/03\\\/Irka-Marsze-w-kampanii-sklepow-Intermarche-wideo.png\",\"articleSection\":[\"WIADOMO\u015aCI MARKETINGOWE INTERNETOWE\"],\"inLanguage\":\"pl-PL\",\"potentialAction\":[{\"@type\":\"CommentAction\",\"name\":\"Comment\",\"target\":[\"https:\\\/\\\/favorite-news.com\\\/pl\\\/irka-marsze-w-kampanii-sklepow-intermarche-wideo\\\/#respond\"]}]},{\"@type\":\"WebPage\",\"@id\":\"https:\\\/\\\/favorite-news.com\\\/pl\\\/irka-marsze-w-kampanii-sklepow-intermarche-wideo\\\/\",\"url\":\"https:\\\/\\\/favorite-news.com\\\/pl\\\/irka-marsze-w-kampanii-sklepow-intermarche-wideo\\\/\",\"name\":\"Irka Marsze w kampanii sklep\u00f3w Intermarch\u00e9 (wideo) - Favorite News\",\"isPartOf\":{\"@id\":\"https:\\\/\\\/favorite-news.com\\\/pl\\\/#website\"},\"primaryImageOfPage\":{\"@id\":\"https:\\\/\\\/favorite-news.com\\\/pl\\\/irka-marsze-w-kampanii-sklepow-intermarche-wideo\\\/#primaryimage\"},\"image\":{\"@id\":\"https:\\\/\\\/favorite-news.com\\\/pl\\\/irka-marsze-w-kampanii-sklepow-intermarche-wideo\\\/#primaryimage\"},\"thumbnailUrl\":\"https:\\\/\\\/favorite-news.com\\\/pl\\\/wp-content\\\/uploads\\\/sites\\\/6\\\/2021\\\/03\\\/Irka-Marsze-w-kampanii-sklepow-Intermarche-wideo.png\",\"datePublished\":\"2021-03-08T21:01:59+00:00\",\"dateModified\":\"2021-03-08T21:02:03+00:00\",\"author\":{\"@id\":\"https:\\\/\\\/favorite-news.com\\\/pl\\\/#\\\/schema\\\/person\\\/b91573b717dcfa5e4696032a9d28d3e8\"},\"breadcrumb\":{\"@id\":\"https:\\\/\\\/favorite-news.com\\\/pl\\\/irka-marsze-w-kampanii-sklepow-intermarche-wideo\\\/#breadcrumb\"},\"inLanguage\":\"pl-PL\",\"potentialAction\":[{\"@type\":\"ReadAction\",\"target\":[\"https:\\\/\\\/favorite-news.com\\\/pl\\\/irka-marsze-w-kampanii-sklepow-intermarche-wideo\\\/\"]}]},{\"@type\":\"ImageObject\",\"inLanguage\":\"pl-PL\",\"@id\":\"https:\\\/\\\/favorite-news.com\\\/pl\\\/irka-marsze-w-kampanii-sklepow-intermarche-wideo\\\/#primaryimage\",\"url\":\"https:\\\/\\\/favorite-news.com\\\/pl\\\/wp-content\\\/uploads\\\/sites\\\/6\\\/2021\\\/03\\\/Irka-Marsze-w-kampanii-sklepow-Intermarche-wideo.png\",\"contentUrl\":\"https:\\\/\\\/favorite-news.com\\\/pl\\\/wp-content\\\/uploads\\\/sites\\\/6\\\/2021\\\/03\\\/Irka-Marsze-w-kampanii-sklepow-Intermarche-wideo.png\",\"width\":655,\"height\":513,\"caption\":\"Article\"},{\"@type\":\"BreadcrumbList\",\"@id\":\"https:\\\/\\\/favorite-news.com\\\/pl\\\/irka-marsze-w-kampanii-sklepow-intermarche-wideo\\\/#breadcrumb\",\"itemListElement\":[{\"@type\":\"ListItem\",\"position\":1,\"name\":\"Home\",\"item\":\"https:\\\/\\\/favorite-news.com\\\/pl\\\/\"},{\"@type\":\"ListItem\",\"position\":2,\"name\":\"Irka Marsze w kampanii sklep\u00f3w Intermarch\u00e9 (wideo)\"}]},{\"@type\":\"WebSite\",\"@id\":\"https:\\\/\\\/favorite-news.com\\\/pl\\\/#website\",\"url\":\"https:\\\/\\\/favorite-news.com\\\/pl\\\/\",\"name\":\"Favorite News\",\"description\":\"Favorite News Polska\",\"potentialAction\":[{\"@type\":\"SearchAction\",\"target\":{\"@type\":\"EntryPoint\",\"urlTemplate\":\"https:\\\/\\\/favorite-news.com\\\/pl\\\/?s={search_term_string}\"},\"query-input\":{\"@type\":\"PropertyValueSpecification\",\"valueRequired\":true,\"valueName\":\"search_term_string\"}}],\"inLanguage\":\"pl-PL\"},{\"@type\":\"Person\",\"@id\":\"https:\\\/\\\/favorite-news.com\\\/pl\\\/#\\\/schema\\\/person\\\/b91573b717dcfa5e4696032a9d28d3e8\",\"name\":\"favorite-news\",\"image\":{\"@type\":\"ImageObject\",\"inLanguage\":\"pl-PL\",\"@id\":\"https:\\\/\\\/secure.gravatar.com\\\/avatar\\\/6c5a5cb12b74e9d517ee91cf570335b7d16177f1977cc91db161adfa435945a7?s=96&d=mm&r=g\",\"url\":\"https:\\\/\\\/secure.gravatar.com\\\/avatar\\\/6c5a5cb12b74e9d517ee91cf570335b7d16177f1977cc91db161adfa435945a7?s=96&d=mm&r=g\",\"contentUrl\":\"https:\\\/\\\/secure.gravatar.com\\\/avatar\\\/6c5a5cb12b74e9d517ee91cf570335b7d16177f1977cc91db161adfa435945a7?s=96&d=mm&r=g\",\"caption\":\"favorite-news\"},\"url\":\"https:\\\/\\\/favorite-news.com\\\/pl\\\/author\\\/pt\\\/\"}]}<\/script>\n<!-- \/ Yoast SEO plugin. -->","yoast_head_json":{"title":"Irka Marsze w kampanii sklep\u00f3w Intermarch\u00e9 (wideo) - Favorite News","robots":{"index":"index","follow":"follow","max-snippet":"max-snippet:-1","max-image-preview":"max-image-preview:large","max-video-preview":"max-video-preview:-1"},"canonical":"https:\/\/favorite-news.com\/pl\/irka-marsze-w-kampanii-sklepow-intermarche-wideo\/","og_locale":"pl_PL","og_type":"article","og_title":"Irka Marsze w kampanii sklep\u00f3w Intermarch\u00e9 (wideo) - Favorite News","og_description":"W spocie kobieta robi z dzie\u0107mi zakupy w sklepie Intermarch\u00e9. Opisuje przy tym widzom, \u017ce w Intermarch\u00e9 dost\u0119pna jest szeroka oferta produkt\u00f3w (m.in. pieczywo, nabia\u0142, w\u0119dliny i mi\u0119so, warzywa i owoce) z wieloma promocjami.&#13; &#13; Bohaterka przedstawia si\u0119 kobietom jako Irka Marsze, a reklama ko\u0144czy sloganem \u201eCiesz si\u0119 nisk\u0105 cen\u0105. Z Iren\u0105\u201d. Nie zmieni\u0142o si\u0119 [&hellip;]","og_url":"https:\/\/favorite-news.com\/pl\/irka-marsze-w-kampanii-sklepow-intermarche-wideo\/","og_site_name":"Favorite News","article_published_time":"2021-03-08T21:01:59+00:00","article_modified_time":"2021-03-08T21:02:03+00:00","og_image":[{"width":655,"height":513,"url":"https:\/\/favorite-news.com\/pl\/wp-content\/uploads\/sites\/6\/2021\/03\/Irka-Marsze-w-kampanii-sklepow-Intermarche-wideo.png","type":"image\/png"}],"author":"favorite-news","twitter_card":"summary_large_image","twitter_misc":{"Napisane przez":"favorite-news","Szacowany czas czytania":"1 minuta"},"schema":{"@context":"https:\/\/schema.org","@graph":[{"@type":"Article","@id":"https:\/\/favorite-news.com\/pl\/irka-marsze-w-kampanii-sklepow-intermarche-wideo\/#article","isPartOf":{"@id":"https:\/\/favorite-news.com\/pl\/irka-marsze-w-kampanii-sklepow-intermarche-wideo\/"},"author":{"name":"favorite-news","@id":"https:\/\/favorite-news.com\/pl\/#\/schema\/person\/b91573b717dcfa5e4696032a9d28d3e8"},"headline":"Irka Marsze w kampanii sklep\u00f3w Intermarch\u00e9 (wideo)","datePublished":"2021-03-08T21:01:59+00:00","dateModified":"2021-03-08T21:02:03+00:00","mainEntityOfPage":{"@id":"https:\/\/favorite-news.com\/pl\/irka-marsze-w-kampanii-sklepow-intermarche-wideo\/"},"wordCount":164,"commentCount":0,"image":{"@id":"https:\/\/favorite-news.com\/pl\/irka-marsze-w-kampanii-sklepow-intermarche-wideo\/#primaryimage"},"thumbnailUrl":"https:\/\/favorite-news.com\/pl\/wp-content\/uploads\/sites\/6\/2021\/03\/Irka-Marsze-w-kampanii-sklepow-Intermarche-wideo.png","articleSection":["WIADOMO\u015aCI MARKETINGOWE INTERNETOWE"],"inLanguage":"pl-PL","potentialAction":[{"@type":"CommentAction","name":"Comment","target":["https:\/\/favorite-news.com\/pl\/irka-marsze-w-kampanii-sklepow-intermarche-wideo\/#respond"]}]},{"@type":"WebPage","@id":"https:\/\/favorite-news.com\/pl\/irka-marsze-w-kampanii-sklepow-intermarche-wideo\/","url":"https:\/\/favorite-news.com\/pl\/irka-marsze-w-kampanii-sklepow-intermarche-wideo\/","name":"Irka Marsze w kampanii sklep\u00f3w Intermarch\u00e9 (wideo) - Favorite News","isPartOf":{"@id":"https:\/\/favorite-news.com\/pl\/#website"},"primaryImageOfPage":{"@id":"https:\/\/favorite-news.com\/pl\/irka-marsze-w-kampanii-sklepow-intermarche-wideo\/#primaryimage"},"image":{"@id":"https:\/\/favorite-news.com\/pl\/irka-marsze-w-kampanii-sklepow-intermarche-wideo\/#primaryimage"},"thumbnailUrl":"https:\/\/favorite-news.com\/pl\/wp-content\/uploads\/sites\/6\/2021\/03\/Irka-Marsze-w-kampanii-sklepow-Intermarche-wideo.png","datePublished":"2021-03-08T21:01:59+00:00","dateModified":"2021-03-08T21:02:03+00:00","author":{"@id":"https:\/\/favorite-news.com\/pl\/#\/schema\/person\/b91573b717dcfa5e4696032a9d28d3e8"},"breadcrumb":{"@id":"https:\/\/favorite-news.com\/pl\/irka-marsze-w-kampanii-sklepow-intermarche-wideo\/#breadcrumb"},"inLanguage":"pl-PL","potentialAction":[{"@type":"ReadAction","target":["https:\/\/favorite-news.com\/pl\/irka-marsze-w-kampanii-sklepow-intermarche-wideo\/"]}]},{"@type":"ImageObject","inLanguage":"pl-PL","@id":"https:\/\/favorite-news.com\/pl\/irka-marsze-w-kampanii-sklepow-intermarche-wideo\/#primaryimage","url":"https:\/\/favorite-news.com\/pl\/wp-content\/uploads\/sites\/6\/2021\/03\/Irka-Marsze-w-kampanii-sklepow-Intermarche-wideo.png","contentUrl":"https:\/\/favorite-news.com\/pl\/wp-content\/uploads\/sites\/6\/2021\/03\/Irka-Marsze-w-kampanii-sklepow-Intermarche-wideo.png","width":655,"height":513,"caption":"Article"},{"@type":"BreadcrumbList","@id":"https:\/\/favorite-news.com\/pl\/irka-marsze-w-kampanii-sklepow-intermarche-wideo\/#breadcrumb","itemListElement":[{"@type":"ListItem","position":1,"name":"Home","item":"https:\/\/favorite-news.com\/pl\/"},{"@type":"ListItem","position":2,"name":"Irka Marsze w kampanii sklep\u00f3w Intermarch\u00e9 (wideo)"}]},{"@type":"WebSite","@id":"https:\/\/favorite-news.com\/pl\/#website","url":"https:\/\/favorite-news.com\/pl\/","name":"Favorite News","description":"Favorite News Polska","potentialAction":[{"@type":"SearchAction","target":{"@type":"EntryPoint","urlTemplate":"https:\/\/favorite-news.com\/pl\/?s={search_term_string}"},"query-input":{"@type":"PropertyValueSpecification","valueRequired":true,"valueName":"search_term_string"}}],"inLanguage":"pl-PL"},{"@type":"Person","@id":"https:\/\/favorite-news.com\/pl\/#\/schema\/person\/b91573b717dcfa5e4696032a9d28d3e8","name":"favorite-news","image":{"@type":"ImageObject","inLanguage":"pl-PL","@id":"https:\/\/secure.gravatar.com\/avatar\/6c5a5cb12b74e9d517ee91cf570335b7d16177f1977cc91db161adfa435945a7?s=96&d=mm&r=g","url":"https:\/\/secure.gravatar.com\/avatar\/6c5a5cb12b74e9d517ee91cf570335b7d16177f1977cc91db161adfa435945a7?s=96&d=mm&r=g","contentUrl":"https:\/\/secure.gravatar.com\/avatar\/6c5a5cb12b74e9d517ee91cf570335b7d16177f1977cc91db161adfa435945a7?s=96&d=mm&r=g","caption":"favorite-news"},"url":"https:\/\/favorite-news.com\/pl\/author\/pt\/"}]}},"_links":{"self":[{"href":"https:\/\/favorite-news.com\/pl\/wp-json\/wp\/v2\/posts\/5895","targetHints":{"allow":["GET"]}}],"collection":[{"href":"https:\/\/favorite-news.com\/pl\/wp-json\/wp\/v2\/posts"}],"about":[{"href":"https:\/\/favorite-news.com\/pl\/wp-json\/wp\/v2\/types\/post"}],"author":[{"embeddable":true,"href":"https:\/\/favorite-news.com\/pl\/wp-json\/wp\/v2\/users\/2"}],"replies":[{"embeddable":true,"href":"https:\/\/favorite-news.com\/pl\/wp-json\/wp\/v2\/comments?post=5895"}],"version-history":[{"count":1,"href":"https:\/\/favorite-news.com\/pl\/wp-json\/wp\/v2\/posts\/5895\/revisions"}],"predecessor-version":[{"id":5897,"href":"https:\/\/favorite-news.com\/pl\/wp-json\/wp\/v2\/posts\/5895\/revisions\/5897"}],"wp:featuredmedia":[{"embeddable":true,"href":"https:\/\/favorite-news.com\/pl\/wp-json\/wp\/v2\/media\/5896"}],"wp:attachment":[{"href":"https:\/\/favorite-news.com\/pl\/wp-json\/wp\/v2\/media?parent=5895"}],"wp:term":[{"taxonomy":"category","embeddable":true,"href":"https:\/\/favorite-news.com\/pl\/wp-json\/wp\/v2\/categories?post=5895"},{"taxonomy":"post_tag","embeddable":true,"href":"https:\/\/favorite-news.com\/pl\/wp-json\/wp\/v2\/tags?post=5895"}],"curies":[{"name":"wp","href":"https:\/\/api.w.org\/{rel}","templated":true}]}}