{"id":583,"date":"2019-05-15T00:42:40","date_gmt":"2019-05-14T21:42:40","guid":{"rendered":"https:\/\/favorite-news.com\/pl\/osma-edycja-kampanii-edukacyjnej-o-stwardnieniu-rozsianym-sm-walcz-o-siebie\/"},"modified":"2019-05-15T00:42:41","modified_gmt":"2019-05-14T21:42:41","slug":"osma-edycja-kampanii-edukacyjnej-o-stwardnieniu-rozsianym-sm-walcz-o-siebie","status":"publish","type":"post","link":"https:\/\/favorite-news.com\/pl\/osma-edycja-kampanii-edukacyjnej-o-stwardnieniu-rozsianym-sm-walcz-o-siebie\/","title":{"rendered":"\u00d3sma edycja kampanii edukacyjnej o stwardnieniu rozsianym \u201eSM -walcz o siebie\u201d"},"content":{"rendered":"<p> [ad_1]<br \/>\n<\/p>\n<div id=\"\">\n<p>Tegoroczne motto kampanii \u201eSM -walcz o siebie\u201d &#8211; Diagnoza. To czas by dzia\u0142a\u0107! -zach\u0119ca do aktywnej postawy, zwi\u0119kszania wiedzy na temat swojej choroby, do \u015bwiadomego zarz\u0105dzania \u017cyciem z SM. Wa\u017cne s\u0105 m.in. projekcja post\u0119pu choroby, plany prokreacyjne, czy tolerancja ewentualnych skutk\u00f3w ubocznych.<\/p>\n<p>&#13;<br \/>\n&#13;<\/p>\n<p>&#8211; Dzielenie si\u0119 wiedz\u0105 jest w mojej ocenie spraw\u0105 priorytetow\u0105 &#8211; m\u00f3wi Malina Wieczorek, prezes Fundacji SM-walcz o siebie.- Opr\u00f3cz szerokiej komunikacji w mediach, wys\u0142ali\u015bmy listy przewodnie i plakaty przekierowuj\u0105ce na nasze strony do wszystkich oddzia\u0142\u00f3w prowadz\u0105cych Programy Lekowe &#8211; dodaje.<\/p>\n<p>&#13;<br \/>\n&#13;<\/p>\n<p>Spot trafi\u0142 do emisji w telewizji (TVP, TVN). Kampania prowadzona jest tak\u017ce w prasie, radiu, internecie, na outdoorze i autobusach (AMS), kinie, ekranach plazmowych w sieciach Luxmed i Medicover. Dzia\u0142ania s\u0105 szeroko promowane na Facebooku i Twitterze.<\/p>\n<p>&#13;<br \/>\n&#13;<\/p>\n<p><iframe loading=\"lazy\" allow=\"accelerometer; autoplay; encrypted-media; gyroscope; picture-in-picture\" allowfullscreen=\"\" frameborder=\"0\" height=\"315\" src=\"https:\/\/www.youtube.com\/embed\/EKec72TLNTA\" width=\"560\"><\/iframe><\/p>\n<p>&#13;<br \/>\n&#13;<\/p>\n<p>Fundacja prowadzi tak\u017ce portal e-learningowy Szko\u0142a Motywacji, kt\u00f3ry zrzesza specjalist\u00f3w medycznych, klinicyst\u00f3w i ekspert\u00f3w chc\u0105cych podzieli\u0107 si\u0119 swoja wiedz\u0105 ju\u017c w ponad 260 filmach.<\/p>\n<p>&#13;<br \/>\n&#13;<\/p>\n<p>Kampania ma charakter ca\u0142oroczny. Realizowana jest przez Fundacj\u0119 SM-walcz o siebie w partnerstwie z PTSR (Polskim Towarzystwem Stwardnienia Rozsianego) i Fundacj\u0105 Urszuli Jaworskiej.<\/p>\n<p>&#13;<br \/>\n&#13;<\/p>\n<p><span style=\"font-size:20px;\"><strong>Czym jest SM?<\/strong><\/span><\/p>\n<p>&#13;<br \/>\n&#13;<\/p>\n<p>Stwardnienie rozsiane (SM) jest przewlek\u0142\u0105 chorob\u0105 o\u015brodkowego uk\u0142adu nerwowego o pod\u0142o\u017cu autoimmunologicznym, dotykaj\u0105c\u0105 g\u0142\u00f3wnie ludzi m\u0142odych. U ka\u017cdego chorego mog\u0105 pojawi\u0107 si\u0119 inne objawy, np. zaburzenia wzrokowe, niedow\u0142ady, zaburzenia r\u00f3wnowagi i koordynacji ruch\u00f3w, zaburzenia mowy, zmiany w odbiorze bod\u017ac\u00f3w czuciowych czy zaburzenia funkcji poznawczych.<br \/>&#13;<br \/>\nW Polce ponad 43 tys. os\u00f3b choruje na stwardnienie rozsiane (dane za NFZ).<\/p>\n<p>&#13;<br \/>\n                            &#13;<br \/>\n&#13;<br \/>\n                            &#13;<br \/>\n&#13;<br \/>\n&#13;<br \/>\n&#13;<br \/>\n&#13;<br \/>\n&#13;<br \/>\n                            &#13;<br \/>\n                                                            &#13;<br \/>\n&#13;<br \/>\n                            &#13;\n                        <\/p><\/div>\n<p><script>(function (d, s, id) {\n        var js, fjs = d.getElementsByTagName(s)[0];\n        if (d.getElementById(id)) return;\n        js = d.createElement(s);\n        js.id = id;\n        js.src = \"http:\/\/connect.facebook.net\/pl_PL\/sdk.js#xfbml=1&version=v2.6&appId=297996717062470\";\n        fjs.parentNode.insertBefore(js, fjs);\n    }(document, 'script', 'facebook-jssdk'));<\/script><br \/>\n<br \/>[ad_2]<br \/>\n<br \/><a href=\"https:\/\/www.wirtualnemedia.pl\/artykul\/osma-edycja-kampanii-edukacyjnej-o-stwardnieniu-rozsianym-sm-walcz-o-siebie\">Source link <\/a><\/p>\n","protected":false},"excerpt":{"rendered":"<p>[ad_1] Tegoroczne motto kampanii \u201eSM -walcz o siebie\u201d &#8211; Diagnoza. To czas by dzia\u0142a\u0107! -zach\u0119ca do aktywnej postawy, zwi\u0119kszania wiedzy na temat swojej choroby, do \u015bwiadomego zarz\u0105dzania \u017cyciem z SM. Wa\u017cne s\u0105 m.in. projekcja post\u0119pu choroby, plany prokreacyjne, czy tolerancja ewentualnych skutk\u00f3w ubocznych. &#13; &#13; &#8211; Dzielenie si\u0119 wiedz\u0105 jest w mojej ocenie spraw\u0105 priorytetow\u0105 [&hellip;]<\/p>\n","protected":false},"author":2,"featured_media":584,"comment_status":"open","ping_status":"open","sticky":false,"template":"","format":"standard","meta":{"footnotes":""},"categories":[2],"tags":[],"class_list":["post-583","post","type-post","status-publish","format-standard","has-post-thumbnail","hentry","category-wiadomosci-marketingowe-internetowe"],"yoast_head":"<!-- This site is optimized with the Yoast SEO plugin v27.4 - https:\/\/yoast.com\/product\/yoast-seo-wordpress\/ -->\n<title>\u00d3sma edycja kampanii edukacyjnej o stwardnieniu rozsianym \u201eSM -walcz o siebie\u201d - Favorite News<\/title>\n<meta name=\"robots\" content=\"index, follow, max-snippet:-1, max-image-preview:large, max-video-preview:-1\" \/>\n<link rel=\"canonical\" href=\"https:\/\/favorite-news.com\/pl\/osma-edycja-kampanii-edukacyjnej-o-stwardnieniu-rozsianym-sm-walcz-o-siebie\/\" \/>\n<meta property=\"og:locale\" content=\"pl_PL\" \/>\n<meta property=\"og:type\" content=\"article\" \/>\n<meta property=\"og:title\" content=\"\u00d3sma edycja kampanii edukacyjnej o stwardnieniu rozsianym \u201eSM -walcz o siebie\u201d - Favorite News\" \/>\n<meta property=\"og:description\" content=\"[ad_1] Tegoroczne motto kampanii \u201eSM -walcz o siebie\u201d &#8211; Diagnoza. To czas by dzia\u0142a\u0107! -zach\u0119ca do aktywnej postawy, zwi\u0119kszania wiedzy na temat swojej choroby, do \u015bwiadomego zarz\u0105dzania \u017cyciem z SM. Wa\u017cne s\u0105 m.in. projekcja post\u0119pu choroby, plany prokreacyjne, czy tolerancja ewentualnych skutk\u00f3w ubocznych. &#013; &#013; &#8211; Dzielenie si\u0119 wiedz\u0105 jest w mojej ocenie spraw\u0105 priorytetow\u0105 [&hellip;]\" \/>\n<meta property=\"og:url\" content=\"https:\/\/favorite-news.com\/pl\/osma-edycja-kampanii-edukacyjnej-o-stwardnieniu-rozsianym-sm-walcz-o-siebie\/\" \/>\n<meta property=\"og:site_name\" content=\"Favorite News\" \/>\n<meta property=\"article:published_time\" content=\"2019-05-14T21:42:40+00:00\" \/>\n<meta property=\"article:modified_time\" content=\"2019-05-14T21:42:41+00:00\" \/>\n<meta property=\"og:image\" content=\"https:\/\/favorite-news.com\/pl\/wp-content\/uploads\/sites\/6\/2019\/05\/\u00d3sma-edycja-kampanii-edukacyjnej-o-stwardnieniu-rozsianym-\u201eSM-walcz-o.png\" \/>\n\t<meta property=\"og:image:width\" content=\"655\" \/>\n\t<meta property=\"og:image:height\" content=\"336\" \/>\n\t<meta property=\"og:image:type\" content=\"image\/png\" \/>\n<meta name=\"author\" content=\"favorite-news\" \/>\n<meta name=\"twitter:card\" content=\"summary_large_image\" \/>\n<meta name=\"twitter:label1\" content=\"Napisane przez\" \/>\n\t<meta name=\"twitter:data1\" content=\"favorite-news\" \/>\n\t<meta name=\"twitter:label2\" content=\"Szacowany czas czytania\" \/>\n\t<meta name=\"twitter:data2\" content=\"1 minuta\" \/>\n<script type=\"application\/ld+json\" class=\"yoast-schema-graph\">{\"@context\":\"https:\\\/\\\/schema.org\",\"@graph\":[{\"@type\":\"Article\",\"@id\":\"https:\\\/\\\/favorite-news.com\\\/pl\\\/osma-edycja-kampanii-edukacyjnej-o-stwardnieniu-rozsianym-sm-walcz-o-siebie\\\/#article\",\"isPartOf\":{\"@id\":\"https:\\\/\\\/favorite-news.com\\\/pl\\\/osma-edycja-kampanii-edukacyjnej-o-stwardnieniu-rozsianym-sm-walcz-o-siebie\\\/\"},\"author\":{\"name\":\"favorite-news\",\"@id\":\"https:\\\/\\\/favorite-news.com\\\/pl\\\/#\\\/schema\\\/person\\\/b91573b717dcfa5e4696032a9d28d3e8\"},\"headline\":\"\u00d3sma edycja kampanii edukacyjnej o stwardnieniu rozsianym \u201eSM -walcz o siebie\u201d\",\"datePublished\":\"2019-05-14T21:42:40+00:00\",\"dateModified\":\"2019-05-14T21:42:41+00:00\",\"mainEntityOfPage\":{\"@id\":\"https:\\\/\\\/favorite-news.com\\\/pl\\\/osma-edycja-kampanii-edukacyjnej-o-stwardnieniu-rozsianym-sm-walcz-o-siebie\\\/\"},\"wordCount\":280,\"commentCount\":0,\"image\":{\"@id\":\"https:\\\/\\\/favorite-news.com\\\/pl\\\/osma-edycja-kampanii-edukacyjnej-o-stwardnieniu-rozsianym-sm-walcz-o-siebie\\\/#primaryimage\"},\"thumbnailUrl\":\"https:\\\/\\\/favorite-news.com\\\/pl\\\/wp-content\\\/uploads\\\/sites\\\/6\\\/2019\\\/05\\\/\u00d3sma-edycja-kampanii-edukacyjnej-o-stwardnieniu-rozsianym-\u201eSM-walcz-o.png\",\"articleSection\":[\"WIADOMO\u015aCI MARKETINGOWE INTERNETOWE\"],\"inLanguage\":\"pl-PL\",\"potentialAction\":[{\"@type\":\"CommentAction\",\"name\":\"Comment\",\"target\":[\"https:\\\/\\\/favorite-news.com\\\/pl\\\/osma-edycja-kampanii-edukacyjnej-o-stwardnieniu-rozsianym-sm-walcz-o-siebie\\\/#respond\"]}]},{\"@type\":\"WebPage\",\"@id\":\"https:\\\/\\\/favorite-news.com\\\/pl\\\/osma-edycja-kampanii-edukacyjnej-o-stwardnieniu-rozsianym-sm-walcz-o-siebie\\\/\",\"url\":\"https:\\\/\\\/favorite-news.com\\\/pl\\\/osma-edycja-kampanii-edukacyjnej-o-stwardnieniu-rozsianym-sm-walcz-o-siebie\\\/\",\"name\":\"\u00d3sma edycja kampanii edukacyjnej o stwardnieniu rozsianym \u201eSM -walcz o siebie\u201d - Favorite News\",\"isPartOf\":{\"@id\":\"https:\\\/\\\/favorite-news.com\\\/pl\\\/#website\"},\"primaryImageOfPage\":{\"@id\":\"https:\\\/\\\/favorite-news.com\\\/pl\\\/osma-edycja-kampanii-edukacyjnej-o-stwardnieniu-rozsianym-sm-walcz-o-siebie\\\/#primaryimage\"},\"image\":{\"@id\":\"https:\\\/\\\/favorite-news.com\\\/pl\\\/osma-edycja-kampanii-edukacyjnej-o-stwardnieniu-rozsianym-sm-walcz-o-siebie\\\/#primaryimage\"},\"thumbnailUrl\":\"https:\\\/\\\/favorite-news.com\\\/pl\\\/wp-content\\\/uploads\\\/sites\\\/6\\\/2019\\\/05\\\/\u00d3sma-edycja-kampanii-edukacyjnej-o-stwardnieniu-rozsianym-\u201eSM-walcz-o.png\",\"datePublished\":\"2019-05-14T21:42:40+00:00\",\"dateModified\":\"2019-05-14T21:42:41+00:00\",\"author\":{\"@id\":\"https:\\\/\\\/favorite-news.com\\\/pl\\\/#\\\/schema\\\/person\\\/b91573b717dcfa5e4696032a9d28d3e8\"},\"breadcrumb\":{\"@id\":\"https:\\\/\\\/favorite-news.com\\\/pl\\\/osma-edycja-kampanii-edukacyjnej-o-stwardnieniu-rozsianym-sm-walcz-o-siebie\\\/#breadcrumb\"},\"inLanguage\":\"pl-PL\",\"potentialAction\":[{\"@type\":\"ReadAction\",\"target\":[\"https:\\\/\\\/favorite-news.com\\\/pl\\\/osma-edycja-kampanii-edukacyjnej-o-stwardnieniu-rozsianym-sm-walcz-o-siebie\\\/\"]}]},{\"@type\":\"ImageObject\",\"inLanguage\":\"pl-PL\",\"@id\":\"https:\\\/\\\/favorite-news.com\\\/pl\\\/osma-edycja-kampanii-edukacyjnej-o-stwardnieniu-rozsianym-sm-walcz-o-siebie\\\/#primaryimage\",\"url\":\"https:\\\/\\\/favorite-news.com\\\/pl\\\/wp-content\\\/uploads\\\/sites\\\/6\\\/2019\\\/05\\\/\u00d3sma-edycja-kampanii-edukacyjnej-o-stwardnieniu-rozsianym-\u201eSM-walcz-o.png\",\"contentUrl\":\"https:\\\/\\\/favorite-news.com\\\/pl\\\/wp-content\\\/uploads\\\/sites\\\/6\\\/2019\\\/05\\\/\u00d3sma-edycja-kampanii-edukacyjnej-o-stwardnieniu-rozsianym-\u201eSM-walcz-o.png\",\"width\":655,\"height\":336,\"caption\":\"Article\"},{\"@type\":\"BreadcrumbList\",\"@id\":\"https:\\\/\\\/favorite-news.com\\\/pl\\\/osma-edycja-kampanii-edukacyjnej-o-stwardnieniu-rozsianym-sm-walcz-o-siebie\\\/#breadcrumb\",\"itemListElement\":[{\"@type\":\"ListItem\",\"position\":1,\"name\":\"Home\",\"item\":\"https:\\\/\\\/favorite-news.com\\\/pl\\\/\"},{\"@type\":\"ListItem\",\"position\":2,\"name\":\"\u00d3sma edycja kampanii edukacyjnej o stwardnieniu rozsianym \u201eSM -walcz o siebie\u201d\"}]},{\"@type\":\"WebSite\",\"@id\":\"https:\\\/\\\/favorite-news.com\\\/pl\\\/#website\",\"url\":\"https:\\\/\\\/favorite-news.com\\\/pl\\\/\",\"name\":\"Favorite News\",\"description\":\"Favorite News Polska\",\"potentialAction\":[{\"@type\":\"SearchAction\",\"target\":{\"@type\":\"EntryPoint\",\"urlTemplate\":\"https:\\\/\\\/favorite-news.com\\\/pl\\\/?s={search_term_string}\"},\"query-input\":{\"@type\":\"PropertyValueSpecification\",\"valueRequired\":true,\"valueName\":\"search_term_string\"}}],\"inLanguage\":\"pl-PL\"},{\"@type\":\"Person\",\"@id\":\"https:\\\/\\\/favorite-news.com\\\/pl\\\/#\\\/schema\\\/person\\\/b91573b717dcfa5e4696032a9d28d3e8\",\"name\":\"favorite-news\",\"image\":{\"@type\":\"ImageObject\",\"inLanguage\":\"pl-PL\",\"@id\":\"https:\\\/\\\/secure.gravatar.com\\\/avatar\\\/6c5a5cb12b74e9d517ee91cf570335b7d16177f1977cc91db161adfa435945a7?s=96&d=mm&r=g\",\"url\":\"https:\\\/\\\/secure.gravatar.com\\\/avatar\\\/6c5a5cb12b74e9d517ee91cf570335b7d16177f1977cc91db161adfa435945a7?s=96&d=mm&r=g\",\"contentUrl\":\"https:\\\/\\\/secure.gravatar.com\\\/avatar\\\/6c5a5cb12b74e9d517ee91cf570335b7d16177f1977cc91db161adfa435945a7?s=96&d=mm&r=g\",\"caption\":\"favorite-news\"},\"url\":\"https:\\\/\\\/favorite-news.com\\\/pl\\\/author\\\/pt\\\/\"}]}<\/script>\n<!-- \/ Yoast SEO plugin. -->","yoast_head_json":{"title":"\u00d3sma edycja kampanii edukacyjnej o stwardnieniu rozsianym \u201eSM -walcz o siebie\u201d - Favorite News","robots":{"index":"index","follow":"follow","max-snippet":"max-snippet:-1","max-image-preview":"max-image-preview:large","max-video-preview":"max-video-preview:-1"},"canonical":"https:\/\/favorite-news.com\/pl\/osma-edycja-kampanii-edukacyjnej-o-stwardnieniu-rozsianym-sm-walcz-o-siebie\/","og_locale":"pl_PL","og_type":"article","og_title":"\u00d3sma edycja kampanii edukacyjnej o stwardnieniu rozsianym \u201eSM -walcz o siebie\u201d - Favorite News","og_description":"[ad_1] Tegoroczne motto kampanii \u201eSM -walcz o siebie\u201d &#8211; Diagnoza. To czas by dzia\u0142a\u0107! -zach\u0119ca do aktywnej postawy, zwi\u0119kszania wiedzy na temat swojej choroby, do \u015bwiadomego zarz\u0105dzania \u017cyciem z SM. Wa\u017cne s\u0105 m.in. projekcja post\u0119pu choroby, plany prokreacyjne, czy tolerancja ewentualnych skutk\u00f3w ubocznych. &#13; &#13; &#8211; Dzielenie si\u0119 wiedz\u0105 jest w mojej ocenie spraw\u0105 priorytetow\u0105 [&hellip;]","og_url":"https:\/\/favorite-news.com\/pl\/osma-edycja-kampanii-edukacyjnej-o-stwardnieniu-rozsianym-sm-walcz-o-siebie\/","og_site_name":"Favorite News","article_published_time":"2019-05-14T21:42:40+00:00","article_modified_time":"2019-05-14T21:42:41+00:00","og_image":[{"width":655,"height":336,"url":"https:\/\/favorite-news.com\/pl\/wp-content\/uploads\/sites\/6\/2019\/05\/\u00d3sma-edycja-kampanii-edukacyjnej-o-stwardnieniu-rozsianym-\u201eSM-walcz-o.png","type":"image\/png"}],"author":"favorite-news","twitter_card":"summary_large_image","twitter_misc":{"Napisane przez":"favorite-news","Szacowany czas czytania":"1 minuta"},"schema":{"@context":"https:\/\/schema.org","@graph":[{"@type":"Article","@id":"https:\/\/favorite-news.com\/pl\/osma-edycja-kampanii-edukacyjnej-o-stwardnieniu-rozsianym-sm-walcz-o-siebie\/#article","isPartOf":{"@id":"https:\/\/favorite-news.com\/pl\/osma-edycja-kampanii-edukacyjnej-o-stwardnieniu-rozsianym-sm-walcz-o-siebie\/"},"author":{"name":"favorite-news","@id":"https:\/\/favorite-news.com\/pl\/#\/schema\/person\/b91573b717dcfa5e4696032a9d28d3e8"},"headline":"\u00d3sma edycja kampanii edukacyjnej o stwardnieniu rozsianym \u201eSM -walcz o siebie\u201d","datePublished":"2019-05-14T21:42:40+00:00","dateModified":"2019-05-14T21:42:41+00:00","mainEntityOfPage":{"@id":"https:\/\/favorite-news.com\/pl\/osma-edycja-kampanii-edukacyjnej-o-stwardnieniu-rozsianym-sm-walcz-o-siebie\/"},"wordCount":280,"commentCount":0,"image":{"@id":"https:\/\/favorite-news.com\/pl\/osma-edycja-kampanii-edukacyjnej-o-stwardnieniu-rozsianym-sm-walcz-o-siebie\/#primaryimage"},"thumbnailUrl":"https:\/\/favorite-news.com\/pl\/wp-content\/uploads\/sites\/6\/2019\/05\/\u00d3sma-edycja-kampanii-edukacyjnej-o-stwardnieniu-rozsianym-\u201eSM-walcz-o.png","articleSection":["WIADOMO\u015aCI MARKETINGOWE INTERNETOWE"],"inLanguage":"pl-PL","potentialAction":[{"@type":"CommentAction","name":"Comment","target":["https:\/\/favorite-news.com\/pl\/osma-edycja-kampanii-edukacyjnej-o-stwardnieniu-rozsianym-sm-walcz-o-siebie\/#respond"]}]},{"@type":"WebPage","@id":"https:\/\/favorite-news.com\/pl\/osma-edycja-kampanii-edukacyjnej-o-stwardnieniu-rozsianym-sm-walcz-o-siebie\/","url":"https:\/\/favorite-news.com\/pl\/osma-edycja-kampanii-edukacyjnej-o-stwardnieniu-rozsianym-sm-walcz-o-siebie\/","name":"\u00d3sma edycja kampanii edukacyjnej o stwardnieniu rozsianym \u201eSM -walcz o siebie\u201d - Favorite News","isPartOf":{"@id":"https:\/\/favorite-news.com\/pl\/#website"},"primaryImageOfPage":{"@id":"https:\/\/favorite-news.com\/pl\/osma-edycja-kampanii-edukacyjnej-o-stwardnieniu-rozsianym-sm-walcz-o-siebie\/#primaryimage"},"image":{"@id":"https:\/\/favorite-news.com\/pl\/osma-edycja-kampanii-edukacyjnej-o-stwardnieniu-rozsianym-sm-walcz-o-siebie\/#primaryimage"},"thumbnailUrl":"https:\/\/favorite-news.com\/pl\/wp-content\/uploads\/sites\/6\/2019\/05\/\u00d3sma-edycja-kampanii-edukacyjnej-o-stwardnieniu-rozsianym-\u201eSM-walcz-o.png","datePublished":"2019-05-14T21:42:40+00:00","dateModified":"2019-05-14T21:42:41+00:00","author":{"@id":"https:\/\/favorite-news.com\/pl\/#\/schema\/person\/b91573b717dcfa5e4696032a9d28d3e8"},"breadcrumb":{"@id":"https:\/\/favorite-news.com\/pl\/osma-edycja-kampanii-edukacyjnej-o-stwardnieniu-rozsianym-sm-walcz-o-siebie\/#breadcrumb"},"inLanguage":"pl-PL","potentialAction":[{"@type":"ReadAction","target":["https:\/\/favorite-news.com\/pl\/osma-edycja-kampanii-edukacyjnej-o-stwardnieniu-rozsianym-sm-walcz-o-siebie\/"]}]},{"@type":"ImageObject","inLanguage":"pl-PL","@id":"https:\/\/favorite-news.com\/pl\/osma-edycja-kampanii-edukacyjnej-o-stwardnieniu-rozsianym-sm-walcz-o-siebie\/#primaryimage","url":"https:\/\/favorite-news.com\/pl\/wp-content\/uploads\/sites\/6\/2019\/05\/\u00d3sma-edycja-kampanii-edukacyjnej-o-stwardnieniu-rozsianym-\u201eSM-walcz-o.png","contentUrl":"https:\/\/favorite-news.com\/pl\/wp-content\/uploads\/sites\/6\/2019\/05\/\u00d3sma-edycja-kampanii-edukacyjnej-o-stwardnieniu-rozsianym-\u201eSM-walcz-o.png","width":655,"height":336,"caption":"Article"},{"@type":"BreadcrumbList","@id":"https:\/\/favorite-news.com\/pl\/osma-edycja-kampanii-edukacyjnej-o-stwardnieniu-rozsianym-sm-walcz-o-siebie\/#breadcrumb","itemListElement":[{"@type":"ListItem","position":1,"name":"Home","item":"https:\/\/favorite-news.com\/pl\/"},{"@type":"ListItem","position":2,"name":"\u00d3sma edycja kampanii edukacyjnej o stwardnieniu rozsianym \u201eSM -walcz o siebie\u201d"}]},{"@type":"WebSite","@id":"https:\/\/favorite-news.com\/pl\/#website","url":"https:\/\/favorite-news.com\/pl\/","name":"Favorite News","description":"Favorite News Polska","potentialAction":[{"@type":"SearchAction","target":{"@type":"EntryPoint","urlTemplate":"https:\/\/favorite-news.com\/pl\/?s={search_term_string}"},"query-input":{"@type":"PropertyValueSpecification","valueRequired":true,"valueName":"search_term_string"}}],"inLanguage":"pl-PL"},{"@type":"Person","@id":"https:\/\/favorite-news.com\/pl\/#\/schema\/person\/b91573b717dcfa5e4696032a9d28d3e8","name":"favorite-news","image":{"@type":"ImageObject","inLanguage":"pl-PL","@id":"https:\/\/secure.gravatar.com\/avatar\/6c5a5cb12b74e9d517ee91cf570335b7d16177f1977cc91db161adfa435945a7?s=96&d=mm&r=g","url":"https:\/\/secure.gravatar.com\/avatar\/6c5a5cb12b74e9d517ee91cf570335b7d16177f1977cc91db161adfa435945a7?s=96&d=mm&r=g","contentUrl":"https:\/\/secure.gravatar.com\/avatar\/6c5a5cb12b74e9d517ee91cf570335b7d16177f1977cc91db161adfa435945a7?s=96&d=mm&r=g","caption":"favorite-news"},"url":"https:\/\/favorite-news.com\/pl\/author\/pt\/"}]}},"_links":{"self":[{"href":"https:\/\/favorite-news.com\/pl\/wp-json\/wp\/v2\/posts\/583","targetHints":{"allow":["GET"]}}],"collection":[{"href":"https:\/\/favorite-news.com\/pl\/wp-json\/wp\/v2\/posts"}],"about":[{"href":"https:\/\/favorite-news.com\/pl\/wp-json\/wp\/v2\/types\/post"}],"author":[{"embeddable":true,"href":"https:\/\/favorite-news.com\/pl\/wp-json\/wp\/v2\/users\/2"}],"replies":[{"embeddable":true,"href":"https:\/\/favorite-news.com\/pl\/wp-json\/wp\/v2\/comments?post=583"}],"version-history":[{"count":1,"href":"https:\/\/favorite-news.com\/pl\/wp-json\/wp\/v2\/posts\/583\/revisions"}],"predecessor-version":[{"id":585,"href":"https:\/\/favorite-news.com\/pl\/wp-json\/wp\/v2\/posts\/583\/revisions\/585"}],"wp:featuredmedia":[{"embeddable":true,"href":"https:\/\/favorite-news.com\/pl\/wp-json\/wp\/v2\/media\/584"}],"wp:attachment":[{"href":"https:\/\/favorite-news.com\/pl\/wp-json\/wp\/v2\/media?parent=583"}],"wp:term":[{"taxonomy":"category","embeddable":true,"href":"https:\/\/favorite-news.com\/pl\/wp-json\/wp\/v2\/categories?post=583"},{"taxonomy":"post_tag","embeddable":true,"href":"https:\/\/favorite-news.com\/pl\/wp-json\/wp\/v2\/tags?post=583"}],"curies":[{"name":"wp","href":"https:\/\/api.w.org\/{rel}","templated":true}]}}