{"id":5796,"date":"2021-02-24T10:31:13","date_gmt":"2021-02-24T07:31:13","guid":{"rendered":"https:\/\/favorite-news.com\/pl\/marzena-szkolak-filip-poloska-i-pawel-stremski-uruchomili-nowylad\/"},"modified":"2021-02-24T10:31:16","modified_gmt":"2021-02-24T07:31:16","slug":"marzena-szkolak-filip-poloska-i-pawel-stremski-uruchomili-nowylad","status":"publish","type":"post","link":"https:\/\/favorite-news.com\/pl\/marzena-szkolak-filip-poloska-i-pawel-stremski-uruchomili-nowylad\/","title":{"rendered":"Marzena Szkolak, Filip Po\u0142oska i Pawe\u0142 Stremski uruchomili Nowy\u00ae\u0141ad"},"content":{"rendered":"<p>Nowy\u00ae\u0141ad ma oferowa\u0107 niestandardowe projekty komunikacyjne w internecie i mediach pozainternetowych. Firma zajmuje si\u0119 przygotowywaniem strategii i realizacj\u0105 dzia\u0142a\u0144, m.in. tworzeniem tre\u015bci i organizowaniem wydarze\u0144. W jej ofercie maj\u0105 by\u0107 te\u017c szkolenia o contencie, mediach i trendach dla agencji i reklamodawc\u00f3w.&#13;<br \/>\n&#13;<br \/>\n&#8211; Budowali\u015bmy najwi\u0119ksze internetowe media w Polsce i widzimy w bran\u017cy kreatywnej deficyt wiedzy medialnej, jak robi\u0107 projekty, kt\u00f3re s\u0105 g\u0142o\u015bne i naprawd\u0119 anga\u017cuj\u0105 odbiorc\u00f3w. Kochamy niestandardowe dzia\u0142ania i nasze ogromne do\u015bwiadczenie chcemy prze\u0142o\u017cy\u0107 na spektakularne, autentyczne akcje, tre\u015bci i wydarzenia, kt\u00f3re zmieniaj\u0105 nasze otoczenie &#8211; zapowiada Pawe\u0142 Stremski.&#13;<br \/>\n&#13;<br \/>\n&#8211; Nasz\u0105 si\u0142\u0105 jest \u0142\u0105czenie najzdolniejszych ludzi na rynku. Nie nazywamy si\u0119 \u201eagencj\u0105\u201d, bo nie chcemy budowa\u0107 agencyjnych struktur i startowa\u0107 w przetargach &#8211; t\u0142umaczy Filip Poloska. &#8211; Do naszych, osadzonych w \u201enowej normalno\u015bci\u201d pomys\u0142\u00f3w, b\u0119dziemy przekonywa\u0107 klient\u00f3w, \u0142\u0105czy\u0107 ich z mediami i robi\u0107 projekty, kt\u00f3re si\u0119 pami\u0119ta &#8211; dodaje Marzena Szkolak.&#13;<br \/>\n&#13;<br \/>\nNowy\u00ae\u0141ad wsp\u00f3\u0142pracuje ju\u017c z kilkoma klientami. Identyfikacj\u0119 wizualn\u0105 firmy przygotowali Bartek Walczuk i Julia Konopka ze studia It\u2019s Osom!&#13;<br \/>\n&#13;<br \/>\nSzkolak, Po\u0142oska i Stremski maj\u0105 po jednej trzeciej udzia\u0142\u00f3w&#13;<br \/>\n&#13;<br \/>\nMarzena Szkolak, Filip Po\u0142oska i Pawe\u0142 Stremski s\u0105 cz\u0142onkami zarz\u0105du Nowego\u00ae\u0141adu i maj\u0105 po jednej trzeciej jego udzia\u0142\u00f3w.&#13;<br \/>\n&#13;<br \/>\nPawe\u0142 Stremski w latach 2001-2018 pracowa\u0142 w Agorze. By\u0142 kolejno redaktorem, szefem serwis\u00f3w kulturalnych, szefem Wiadomo\u015bci.gazeta.pl oraz szefem newsroomu Gazeta.pl i Tokfm.pl, a w latach 2012-2018 dyrektorem programowym. Odpowiada\u0142 za strategi\u0119, rozw\u00f3j, innowacyjne formaty oraz obs\u0142ug\u0119 najwi\u0119kszych wydarze\u0144. W ostatnich latach wsp\u00f3\u0142organizowa\u0142 Targi Rzeczy \u0141adnych.&#13;<br \/>\n&#13;<br \/>\nMarzena Szkolak z Agor\u0105 by\u0142a zwi\u0105zana przez 13 lat. Pe\u0142ni\u0142a funkcje m.in. szefowej strony Gazeta.pl, szefowej serwis\u00f3w wertykalnych, zast\u0119pczyni dyrektora programowego oraz dyrektorki rozwoju marki. Wsp\u00f3\u0142tworzy\u0142a akcj\u0119 \u201eOstatni Tw\u00f3j Weekend\u201d.&#13;<br \/>\n&#13;<br \/>\nFilip Po\u0142oska w latach 2016-2020 pracowa\u0142 Ringier Axel Springer Polska, pocz\u0105tkowo jako redaktor naczelny Noizz.pl, a od wiosny 2019 roku jako mi\u0119dzynarodowy redaktor naczelny odpowiada\u0142 za platform\u0119 tak\u017ce w Serbii, Rumunii, Niemczech, na S\u0142owacji i W\u0119grzech. Rozsta\u0142 si\u0119 z firm\u0105 jesieni\u0105 ub.r., funkcj\u0119 naczelnej Noizz.pl przej\u0119\u0142a po nim Oliwia Bosomtwe.&#13;<br \/>\n&#13;<br \/>\nWcze\u015bniej Po\u0142oska przez sze\u015b\u0107 lat pracowa\u0142 w Agorze, m.in. jako redaktor satyrycznego cyklu \u201eFaktoid\u201d oraz dyrektor programowy strony g\u0142\u00f3wnej Gazeta.pl.&#13;<br \/>\n                                                        &#13;<br \/>\n                            &#13;<br \/>\n                            &#13;<br \/>\n                                                            &#13;<br \/>\n&#13;<br \/>\n                            &#13;<\/p>\n<p>\n<!--noindex--><br \/>\n<a href=\"https:\/\/www.wirtualnemedia.pl\/artykul\/marzena-szkolak-filip-poloska-pawel-stremski-nowy-lad\" rel=\"nofollow\">Source link <\/a><br \/>\n<!--\/noindex--><\/p>\n","protected":false},"excerpt":{"rendered":"<p>Nowy\u00ae\u0141ad ma oferowa\u0107 niestandardowe projekty komunikacyjne w internecie i mediach pozainternetowych. Firma zajmuje si\u0119 przygotowywaniem strategii i realizacj\u0105 dzia\u0142a\u0144, m.in. tworzeniem tre\u015bci i organizowaniem wydarze\u0144. W jej ofercie maj\u0105 by\u0107 te\u017c szkolenia o contencie, mediach i trendach dla agencji i reklamodawc\u00f3w.&#13; &#13; &#8211; Budowali\u015bmy najwi\u0119ksze internetowe media w Polsce i widzimy w bran\u017cy kreatywnej deficyt [&hellip;]<\/p>\n","protected":false},"author":2,"featured_media":5797,"comment_status":"open","ping_status":"open","sticky":false,"template":"","format":"standard","meta":{"footnotes":""},"categories":[2],"tags":[],"class_list":["post-5796","post","type-post","status-publish","format-standard","has-post-thumbnail","hentry","category-wiadomosci-marketingowe-internetowe"],"yoast_head":"<!-- This site is optimized with the Yoast SEO plugin v27.4 - https:\/\/yoast.com\/product\/yoast-seo-wordpress\/ -->\n<title>Marzena Szkolak, Filip Po\u0142oska i Pawe\u0142 Stremski uruchomili Nowy\u00ae\u0141ad - Favorite News<\/title>\n<meta name=\"robots\" content=\"index, follow, max-snippet:-1, max-image-preview:large, max-video-preview:-1\" \/>\n<link rel=\"canonical\" href=\"https:\/\/favorite-news.com\/pl\/marzena-szkolak-filip-poloska-i-pawel-stremski-uruchomili-nowylad\/\" \/>\n<meta property=\"og:locale\" content=\"pl_PL\" \/>\n<meta property=\"og:type\" content=\"article\" \/>\n<meta property=\"og:title\" content=\"Marzena Szkolak, Filip Po\u0142oska i Pawe\u0142 Stremski uruchomili Nowy\u00ae\u0141ad - Favorite News\" \/>\n<meta property=\"og:description\" content=\"Nowy\u00ae\u0141ad ma oferowa\u0107 niestandardowe projekty komunikacyjne w internecie i mediach pozainternetowych. Firma zajmuje si\u0119 przygotowywaniem strategii i realizacj\u0105 dzia\u0142a\u0144, m.in. tworzeniem tre\u015bci i organizowaniem wydarze\u0144. W jej ofercie maj\u0105 by\u0107 te\u017c szkolenia o contencie, mediach i trendach dla agencji i reklamodawc\u00f3w.&#013; &#013; &#8211; Budowali\u015bmy najwi\u0119ksze internetowe media w Polsce i widzimy w bran\u017cy kreatywnej deficyt [&hellip;]\" \/>\n<meta property=\"og:url\" content=\"https:\/\/favorite-news.com\/pl\/marzena-szkolak-filip-poloska-i-pawel-stremski-uruchomili-nowylad\/\" \/>\n<meta property=\"og:site_name\" content=\"Favorite News\" \/>\n<meta property=\"article:published_time\" content=\"2021-02-24T07:31:13+00:00\" \/>\n<meta property=\"article:modified_time\" content=\"2021-02-24T07:31:16+00:00\" \/>\n<meta property=\"og:image\" content=\"https:\/\/favorite-news.com\/pl\/wp-content\/uploads\/sites\/6\/2021\/02\/Marzena-Szkolak-Filip-Poloska-i-Pawel-Stremski-uruchomili-Nowy\u00aeLad.png\" \/>\n\t<meta property=\"og:image:width\" content=\"655\" \/>\n\t<meta property=\"og:image:height\" content=\"570\" \/>\n\t<meta property=\"og:image:type\" content=\"image\/png\" \/>\n<meta name=\"author\" content=\"favorite-news\" \/>\n<meta name=\"twitter:card\" content=\"summary_large_image\" \/>\n<meta name=\"twitter:label1\" content=\"Napisane przez\" \/>\n\t<meta name=\"twitter:data1\" content=\"favorite-news\" \/>\n\t<meta name=\"twitter:label2\" content=\"Szacowany czas czytania\" \/>\n\t<meta name=\"twitter:data2\" content=\"2 minuty\" \/>\n<script type=\"application\/ld+json\" class=\"yoast-schema-graph\">{\"@context\":\"https:\\\/\\\/schema.org\",\"@graph\":[{\"@type\":\"Article\",\"@id\":\"https:\\\/\\\/favorite-news.com\\\/pl\\\/marzena-szkolak-filip-poloska-i-pawel-stremski-uruchomili-nowylad\\\/#article\",\"isPartOf\":{\"@id\":\"https:\\\/\\\/favorite-news.com\\\/pl\\\/marzena-szkolak-filip-poloska-i-pawel-stremski-uruchomili-nowylad\\\/\"},\"author\":{\"name\":\"favorite-news\",\"@id\":\"https:\\\/\\\/favorite-news.com\\\/pl\\\/#\\\/schema\\\/person\\\/b91573b717dcfa5e4696032a9d28d3e8\"},\"headline\":\"Marzena Szkolak, Filip Po\u0142oska i Pawe\u0142 Stremski uruchomili Nowy\u00ae\u0141ad\",\"datePublished\":\"2021-02-24T07:31:13+00:00\",\"dateModified\":\"2021-02-24T07:31:16+00:00\",\"mainEntityOfPage\":{\"@id\":\"https:\\\/\\\/favorite-news.com\\\/pl\\\/marzena-szkolak-filip-poloska-i-pawel-stremski-uruchomili-nowylad\\\/\"},\"wordCount\":416,\"commentCount\":0,\"image\":{\"@id\":\"https:\\\/\\\/favorite-news.com\\\/pl\\\/marzena-szkolak-filip-poloska-i-pawel-stremski-uruchomili-nowylad\\\/#primaryimage\"},\"thumbnailUrl\":\"https:\\\/\\\/favorite-news.com\\\/pl\\\/wp-content\\\/uploads\\\/sites\\\/6\\\/2021\\\/02\\\/Marzena-Szkolak-Filip-Poloska-i-Pawel-Stremski-uruchomili-Nowy\u00aeLad.png\",\"articleSection\":[\"WIADOMO\u015aCI MARKETINGOWE INTERNETOWE\"],\"inLanguage\":\"pl-PL\",\"potentialAction\":[{\"@type\":\"CommentAction\",\"name\":\"Comment\",\"target\":[\"https:\\\/\\\/favorite-news.com\\\/pl\\\/marzena-szkolak-filip-poloska-i-pawel-stremski-uruchomili-nowylad\\\/#respond\"]}]},{\"@type\":\"WebPage\",\"@id\":\"https:\\\/\\\/favorite-news.com\\\/pl\\\/marzena-szkolak-filip-poloska-i-pawel-stremski-uruchomili-nowylad\\\/\",\"url\":\"https:\\\/\\\/favorite-news.com\\\/pl\\\/marzena-szkolak-filip-poloska-i-pawel-stremski-uruchomili-nowylad\\\/\",\"name\":\"Marzena Szkolak, Filip Po\u0142oska i Pawe\u0142 Stremski uruchomili Nowy\u00ae\u0141ad - Favorite News\",\"isPartOf\":{\"@id\":\"https:\\\/\\\/favorite-news.com\\\/pl\\\/#website\"},\"primaryImageOfPage\":{\"@id\":\"https:\\\/\\\/favorite-news.com\\\/pl\\\/marzena-szkolak-filip-poloska-i-pawel-stremski-uruchomili-nowylad\\\/#primaryimage\"},\"image\":{\"@id\":\"https:\\\/\\\/favorite-news.com\\\/pl\\\/marzena-szkolak-filip-poloska-i-pawel-stremski-uruchomili-nowylad\\\/#primaryimage\"},\"thumbnailUrl\":\"https:\\\/\\\/favorite-news.com\\\/pl\\\/wp-content\\\/uploads\\\/sites\\\/6\\\/2021\\\/02\\\/Marzena-Szkolak-Filip-Poloska-i-Pawel-Stremski-uruchomili-Nowy\u00aeLad.png\",\"datePublished\":\"2021-02-24T07:31:13+00:00\",\"dateModified\":\"2021-02-24T07:31:16+00:00\",\"author\":{\"@id\":\"https:\\\/\\\/favorite-news.com\\\/pl\\\/#\\\/schema\\\/person\\\/b91573b717dcfa5e4696032a9d28d3e8\"},\"breadcrumb\":{\"@id\":\"https:\\\/\\\/favorite-news.com\\\/pl\\\/marzena-szkolak-filip-poloska-i-pawel-stremski-uruchomili-nowylad\\\/#breadcrumb\"},\"inLanguage\":\"pl-PL\",\"potentialAction\":[{\"@type\":\"ReadAction\",\"target\":[\"https:\\\/\\\/favorite-news.com\\\/pl\\\/marzena-szkolak-filip-poloska-i-pawel-stremski-uruchomili-nowylad\\\/\"]}]},{\"@type\":\"ImageObject\",\"inLanguage\":\"pl-PL\",\"@id\":\"https:\\\/\\\/favorite-news.com\\\/pl\\\/marzena-szkolak-filip-poloska-i-pawel-stremski-uruchomili-nowylad\\\/#primaryimage\",\"url\":\"https:\\\/\\\/favorite-news.com\\\/pl\\\/wp-content\\\/uploads\\\/sites\\\/6\\\/2021\\\/02\\\/Marzena-Szkolak-Filip-Poloska-i-Pawel-Stremski-uruchomili-Nowy\u00aeLad.png\",\"contentUrl\":\"https:\\\/\\\/favorite-news.com\\\/pl\\\/wp-content\\\/uploads\\\/sites\\\/6\\\/2021\\\/02\\\/Marzena-Szkolak-Filip-Poloska-i-Pawel-Stremski-uruchomili-Nowy\u00aeLad.png\",\"width\":655,\"height\":570,\"caption\":\"Article\"},{\"@type\":\"BreadcrumbList\",\"@id\":\"https:\\\/\\\/favorite-news.com\\\/pl\\\/marzena-szkolak-filip-poloska-i-pawel-stremski-uruchomili-nowylad\\\/#breadcrumb\",\"itemListElement\":[{\"@type\":\"ListItem\",\"position\":1,\"name\":\"Home\",\"item\":\"https:\\\/\\\/favorite-news.com\\\/pl\\\/\"},{\"@type\":\"ListItem\",\"position\":2,\"name\":\"Marzena Szkolak, Filip Po\u0142oska i Pawe\u0142 Stremski uruchomili Nowy\u00ae\u0141ad\"}]},{\"@type\":\"WebSite\",\"@id\":\"https:\\\/\\\/favorite-news.com\\\/pl\\\/#website\",\"url\":\"https:\\\/\\\/favorite-news.com\\\/pl\\\/\",\"name\":\"Favorite News\",\"description\":\"Favorite News Polska\",\"potentialAction\":[{\"@type\":\"SearchAction\",\"target\":{\"@type\":\"EntryPoint\",\"urlTemplate\":\"https:\\\/\\\/favorite-news.com\\\/pl\\\/?s={search_term_string}\"},\"query-input\":{\"@type\":\"PropertyValueSpecification\",\"valueRequired\":true,\"valueName\":\"search_term_string\"}}],\"inLanguage\":\"pl-PL\"},{\"@type\":\"Person\",\"@id\":\"https:\\\/\\\/favorite-news.com\\\/pl\\\/#\\\/schema\\\/person\\\/b91573b717dcfa5e4696032a9d28d3e8\",\"name\":\"favorite-news\",\"image\":{\"@type\":\"ImageObject\",\"inLanguage\":\"pl-PL\",\"@id\":\"https:\\\/\\\/secure.gravatar.com\\\/avatar\\\/6c5a5cb12b74e9d517ee91cf570335b7d16177f1977cc91db161adfa435945a7?s=96&d=mm&r=g\",\"url\":\"https:\\\/\\\/secure.gravatar.com\\\/avatar\\\/6c5a5cb12b74e9d517ee91cf570335b7d16177f1977cc91db161adfa435945a7?s=96&d=mm&r=g\",\"contentUrl\":\"https:\\\/\\\/secure.gravatar.com\\\/avatar\\\/6c5a5cb12b74e9d517ee91cf570335b7d16177f1977cc91db161adfa435945a7?s=96&d=mm&r=g\",\"caption\":\"favorite-news\"},\"url\":\"https:\\\/\\\/favorite-news.com\\\/pl\\\/author\\\/pt\\\/\"}]}<\/script>\n<!-- \/ Yoast SEO plugin. -->","yoast_head_json":{"title":"Marzena Szkolak, Filip Po\u0142oska i Pawe\u0142 Stremski uruchomili Nowy\u00ae\u0141ad - Favorite News","robots":{"index":"index","follow":"follow","max-snippet":"max-snippet:-1","max-image-preview":"max-image-preview:large","max-video-preview":"max-video-preview:-1"},"canonical":"https:\/\/favorite-news.com\/pl\/marzena-szkolak-filip-poloska-i-pawel-stremski-uruchomili-nowylad\/","og_locale":"pl_PL","og_type":"article","og_title":"Marzena Szkolak, Filip Po\u0142oska i Pawe\u0142 Stremski uruchomili Nowy\u00ae\u0141ad - Favorite News","og_description":"Nowy\u00ae\u0141ad ma oferowa\u0107 niestandardowe projekty komunikacyjne w internecie i mediach pozainternetowych. Firma zajmuje si\u0119 przygotowywaniem strategii i realizacj\u0105 dzia\u0142a\u0144, m.in. tworzeniem tre\u015bci i organizowaniem wydarze\u0144. W jej ofercie maj\u0105 by\u0107 te\u017c szkolenia o contencie, mediach i trendach dla agencji i reklamodawc\u00f3w.&#13; &#13; &#8211; Budowali\u015bmy najwi\u0119ksze internetowe media w Polsce i widzimy w bran\u017cy kreatywnej deficyt [&hellip;]","og_url":"https:\/\/favorite-news.com\/pl\/marzena-szkolak-filip-poloska-i-pawel-stremski-uruchomili-nowylad\/","og_site_name":"Favorite News","article_published_time":"2021-02-24T07:31:13+00:00","article_modified_time":"2021-02-24T07:31:16+00:00","og_image":[{"width":655,"height":570,"url":"https:\/\/favorite-news.com\/pl\/wp-content\/uploads\/sites\/6\/2021\/02\/Marzena-Szkolak-Filip-Poloska-i-Pawel-Stremski-uruchomili-Nowy\u00aeLad.png","type":"image\/png"}],"author":"favorite-news","twitter_card":"summary_large_image","twitter_misc":{"Napisane przez":"favorite-news","Szacowany czas czytania":"2 minuty"},"schema":{"@context":"https:\/\/schema.org","@graph":[{"@type":"Article","@id":"https:\/\/favorite-news.com\/pl\/marzena-szkolak-filip-poloska-i-pawel-stremski-uruchomili-nowylad\/#article","isPartOf":{"@id":"https:\/\/favorite-news.com\/pl\/marzena-szkolak-filip-poloska-i-pawel-stremski-uruchomili-nowylad\/"},"author":{"name":"favorite-news","@id":"https:\/\/favorite-news.com\/pl\/#\/schema\/person\/b91573b717dcfa5e4696032a9d28d3e8"},"headline":"Marzena Szkolak, Filip Po\u0142oska i Pawe\u0142 Stremski uruchomili Nowy\u00ae\u0141ad","datePublished":"2021-02-24T07:31:13+00:00","dateModified":"2021-02-24T07:31:16+00:00","mainEntityOfPage":{"@id":"https:\/\/favorite-news.com\/pl\/marzena-szkolak-filip-poloska-i-pawel-stremski-uruchomili-nowylad\/"},"wordCount":416,"commentCount":0,"image":{"@id":"https:\/\/favorite-news.com\/pl\/marzena-szkolak-filip-poloska-i-pawel-stremski-uruchomili-nowylad\/#primaryimage"},"thumbnailUrl":"https:\/\/favorite-news.com\/pl\/wp-content\/uploads\/sites\/6\/2021\/02\/Marzena-Szkolak-Filip-Poloska-i-Pawel-Stremski-uruchomili-Nowy\u00aeLad.png","articleSection":["WIADOMO\u015aCI MARKETINGOWE INTERNETOWE"],"inLanguage":"pl-PL","potentialAction":[{"@type":"CommentAction","name":"Comment","target":["https:\/\/favorite-news.com\/pl\/marzena-szkolak-filip-poloska-i-pawel-stremski-uruchomili-nowylad\/#respond"]}]},{"@type":"WebPage","@id":"https:\/\/favorite-news.com\/pl\/marzena-szkolak-filip-poloska-i-pawel-stremski-uruchomili-nowylad\/","url":"https:\/\/favorite-news.com\/pl\/marzena-szkolak-filip-poloska-i-pawel-stremski-uruchomili-nowylad\/","name":"Marzena Szkolak, Filip Po\u0142oska i Pawe\u0142 Stremski uruchomili Nowy\u00ae\u0141ad - Favorite News","isPartOf":{"@id":"https:\/\/favorite-news.com\/pl\/#website"},"primaryImageOfPage":{"@id":"https:\/\/favorite-news.com\/pl\/marzena-szkolak-filip-poloska-i-pawel-stremski-uruchomili-nowylad\/#primaryimage"},"image":{"@id":"https:\/\/favorite-news.com\/pl\/marzena-szkolak-filip-poloska-i-pawel-stremski-uruchomili-nowylad\/#primaryimage"},"thumbnailUrl":"https:\/\/favorite-news.com\/pl\/wp-content\/uploads\/sites\/6\/2021\/02\/Marzena-Szkolak-Filip-Poloska-i-Pawel-Stremski-uruchomili-Nowy\u00aeLad.png","datePublished":"2021-02-24T07:31:13+00:00","dateModified":"2021-02-24T07:31:16+00:00","author":{"@id":"https:\/\/favorite-news.com\/pl\/#\/schema\/person\/b91573b717dcfa5e4696032a9d28d3e8"},"breadcrumb":{"@id":"https:\/\/favorite-news.com\/pl\/marzena-szkolak-filip-poloska-i-pawel-stremski-uruchomili-nowylad\/#breadcrumb"},"inLanguage":"pl-PL","potentialAction":[{"@type":"ReadAction","target":["https:\/\/favorite-news.com\/pl\/marzena-szkolak-filip-poloska-i-pawel-stremski-uruchomili-nowylad\/"]}]},{"@type":"ImageObject","inLanguage":"pl-PL","@id":"https:\/\/favorite-news.com\/pl\/marzena-szkolak-filip-poloska-i-pawel-stremski-uruchomili-nowylad\/#primaryimage","url":"https:\/\/favorite-news.com\/pl\/wp-content\/uploads\/sites\/6\/2021\/02\/Marzena-Szkolak-Filip-Poloska-i-Pawel-Stremski-uruchomili-Nowy\u00aeLad.png","contentUrl":"https:\/\/favorite-news.com\/pl\/wp-content\/uploads\/sites\/6\/2021\/02\/Marzena-Szkolak-Filip-Poloska-i-Pawel-Stremski-uruchomili-Nowy\u00aeLad.png","width":655,"height":570,"caption":"Article"},{"@type":"BreadcrumbList","@id":"https:\/\/favorite-news.com\/pl\/marzena-szkolak-filip-poloska-i-pawel-stremski-uruchomili-nowylad\/#breadcrumb","itemListElement":[{"@type":"ListItem","position":1,"name":"Home","item":"https:\/\/favorite-news.com\/pl\/"},{"@type":"ListItem","position":2,"name":"Marzena Szkolak, Filip Po\u0142oska i Pawe\u0142 Stremski uruchomili Nowy\u00ae\u0141ad"}]},{"@type":"WebSite","@id":"https:\/\/favorite-news.com\/pl\/#website","url":"https:\/\/favorite-news.com\/pl\/","name":"Favorite News","description":"Favorite News Polska","potentialAction":[{"@type":"SearchAction","target":{"@type":"EntryPoint","urlTemplate":"https:\/\/favorite-news.com\/pl\/?s={search_term_string}"},"query-input":{"@type":"PropertyValueSpecification","valueRequired":true,"valueName":"search_term_string"}}],"inLanguage":"pl-PL"},{"@type":"Person","@id":"https:\/\/favorite-news.com\/pl\/#\/schema\/person\/b91573b717dcfa5e4696032a9d28d3e8","name":"favorite-news","image":{"@type":"ImageObject","inLanguage":"pl-PL","@id":"https:\/\/secure.gravatar.com\/avatar\/6c5a5cb12b74e9d517ee91cf570335b7d16177f1977cc91db161adfa435945a7?s=96&d=mm&r=g","url":"https:\/\/secure.gravatar.com\/avatar\/6c5a5cb12b74e9d517ee91cf570335b7d16177f1977cc91db161adfa435945a7?s=96&d=mm&r=g","contentUrl":"https:\/\/secure.gravatar.com\/avatar\/6c5a5cb12b74e9d517ee91cf570335b7d16177f1977cc91db161adfa435945a7?s=96&d=mm&r=g","caption":"favorite-news"},"url":"https:\/\/favorite-news.com\/pl\/author\/pt\/"}]}},"_links":{"self":[{"href":"https:\/\/favorite-news.com\/pl\/wp-json\/wp\/v2\/posts\/5796","targetHints":{"allow":["GET"]}}],"collection":[{"href":"https:\/\/favorite-news.com\/pl\/wp-json\/wp\/v2\/posts"}],"about":[{"href":"https:\/\/favorite-news.com\/pl\/wp-json\/wp\/v2\/types\/post"}],"author":[{"embeddable":true,"href":"https:\/\/favorite-news.com\/pl\/wp-json\/wp\/v2\/users\/2"}],"replies":[{"embeddable":true,"href":"https:\/\/favorite-news.com\/pl\/wp-json\/wp\/v2\/comments?post=5796"}],"version-history":[{"count":1,"href":"https:\/\/favorite-news.com\/pl\/wp-json\/wp\/v2\/posts\/5796\/revisions"}],"predecessor-version":[{"id":5798,"href":"https:\/\/favorite-news.com\/pl\/wp-json\/wp\/v2\/posts\/5796\/revisions\/5798"}],"wp:featuredmedia":[{"embeddable":true,"href":"https:\/\/favorite-news.com\/pl\/wp-json\/wp\/v2\/media\/5797"}],"wp:attachment":[{"href":"https:\/\/favorite-news.com\/pl\/wp-json\/wp\/v2\/media?parent=5796"}],"wp:term":[{"taxonomy":"category","embeddable":true,"href":"https:\/\/favorite-news.com\/pl\/wp-json\/wp\/v2\/categories?post=5796"},{"taxonomy":"post_tag","embeddable":true,"href":"https:\/\/favorite-news.com\/pl\/wp-json\/wp\/v2\/tags?post=5796"}],"curies":[{"name":"wp","href":"https:\/\/api.w.org\/{rel}","templated":true}]}}