{"id":574,"date":"2019-05-14T19:42:14","date_gmt":"2019-05-14T16:42:14","guid":{"rendered":"https:\/\/favorite-news.com\/pl\/hm-marka-weekday-w-polsce-gdzie-dostepna\/"},"modified":"2019-05-14T19:42:15","modified_gmt":"2019-05-14T16:42:15","slug":"hm-marka-weekday-w-polsce-gdzie-dostepna","status":"publish","type":"post","link":"https:\/\/favorite-news.com\/pl\/hm-marka-weekday-w-polsce-gdzie-dostepna\/","title":{"rendered":"H&#038;M marka Weekday w Polsce gdzie dost\u0119pna"},"content":{"rendered":"<p> [ad_1]<br \/>\n<\/p>\n<div id=\"\">\n<p>Weekday to odzie\u017c inspirowana stylem ulicznym i m\u0142odzie\u017cow\u0105 popkultur\u0105. Marka, kt\u00f3rej kolekcje tworzone s\u0105 z poszanowaniem \u015brodowiska (blisko 70 proc. ubra\u0144 pochodzi ze zr\u00f3wnowa\u017conej produkcji) nie boi si\u0119 zabiera\u0107 g\u0142osu w wa\u017cnych sprawach spo\u0142ecznych, takich jak np. r\u00f3wno\u015b\u0107 p\u0142ci).<\/p>\n<p>&#13;<br \/>\n&#13;<\/p>\n<p>Na rynku marka Weekday konkuruje cenowo g\u0142\u00f3wnie z Zar\u0105.\u00a0 Ceny ubra\u0144 kszta\u0142tuj\u0105 si\u0119 w cenach od 150 z\u0142 do 550 z\u0142 dla p\u0142aszczy czy kurtek i od 100 do 300 z\u0142 dla sukienek.<\/p>\n<p>&#13;<br \/>\n&#13;<\/p>\n<p>Dotychczas marka mia\u0142a sklepy stacjonarne g\u0142\u00f3wnie w Europie P\u00f3\u0142nocnej i Zachodniej. Polska ma by\u0107 pierwszym krajem w Europie \u015arodkowej, w kt\u00f3rym wkr\u00f3tce si\u0119 pojawi. Planowane jest otwarcie kolejnych sklep\u00f3w stacjonarnych w tej cz\u0119\u015bci Europy.<\/p>\n<p>&#13;<br \/>\n&#13;<\/p>\n<p>Sklep Weekday ma zosta\u0107 otwarty w warszawskiej Elektrowni Powi\u015ble, kt\u00f3rej otwarcie zaplanowano na 2020 rok. Ma zajmowa\u0107 450 m.kw. powierzchni, a sprzedawane w nim b\u0119d\u0105\u00a0 te\u017c produkty takich brand\u00f3w, jak Vans, Champion i Fila.<\/p>\n<p>&#13;<br \/>\n&#13;<\/p>\n<p>H&amp;M jest w\u0142a\u015bcicielem Weekday od 2008 roku. Marka powsta\u0142a w 2002 roku. Aktualnie jest obecna w 19 krajach, ma tylko 10 sklep\u00f3w stacjonarnych. Dotychczas w Polsce kolekcje Weekday sprzedawane by\u0142y przez internet.<\/p>\n<p>&#13;<br \/>\n&#13;<\/p>\n<p>Grupa H&amp;M zanotowa\u0142a w I kwartale 2019 roku (liczonym od 1 grudnia 2018 do 28 lutego 2019 roku)\u00a0 10 proc. wzrost przychod\u00f3w, do 4,8 mld euro. W ub.r. marka otworzy\u0142a 11 nowych sklep\u00f3w w naszym kraju &#8211; teraz ma ich \u0142\u0105cznie 186.<\/p>\n<p>&#13;<br \/>\n                            &#13;<br \/>\n&#13;<br \/>\n                            &#13;<br \/>\n&#13;<br \/>\n&#13;<br \/>\n&#13;<br \/>\n&#13;<br \/>\n&#13;<br \/>\n                            &#13;<br \/>\n                                                            &#13;<br \/>\n&#13;<br \/>\n                            &#13;\n                        <\/p><\/div>\n<p><script>(function (d, s, id) {\n        var js, fjs = d.getElementsByTagName(s)[0];\n        if (d.getElementById(id)) return;\n        js = d.createElement(s);\n        js.id = id;\n        js.src = \"http:\/\/connect.facebook.net\/pl_PL\/sdk.js#xfbml=1&version=v2.6&appId=297996717062470\";\n        fjs.parentNode.insertBefore(js, fjs);\n    }(document, 'script', 'facebook-jssdk'));<\/script><br \/>\n<br \/>[ad_2]<br \/>\n<br \/><a href=\"https:\/\/www.wirtualnemedia.pl\/artykul\/h-m-marka-weekday-w-polsce-gdzie-dostepna\">Source link <\/a><\/p>\n","protected":false},"excerpt":{"rendered":"<p>[ad_1] Weekday to odzie\u017c inspirowana stylem ulicznym i m\u0142odzie\u017cow\u0105 popkultur\u0105. Marka, kt\u00f3rej kolekcje tworzone s\u0105 z poszanowaniem \u015brodowiska (blisko 70 proc. ubra\u0144 pochodzi ze zr\u00f3wnowa\u017conej produkcji) nie boi si\u0119 zabiera\u0107 g\u0142osu w wa\u017cnych sprawach spo\u0142ecznych, takich jak np. r\u00f3wno\u015b\u0107 p\u0142ci). &#13; &#13; Na rynku marka Weekday konkuruje cenowo g\u0142\u00f3wnie z Zar\u0105.\u00a0 Ceny ubra\u0144 kszta\u0142tuj\u0105 si\u0119 [&hellip;]<\/p>\n","protected":false},"author":2,"featured_media":575,"comment_status":"open","ping_status":"open","sticky":false,"template":"","format":"standard","meta":{"footnotes":""},"categories":[2],"tags":[],"class_list":["post-574","post","type-post","status-publish","format-standard","has-post-thumbnail","hentry","category-wiadomosci-marketingowe-internetowe"],"yoast_head":"<!-- This site is optimized with the Yoast SEO plugin v27.4 - https:\/\/yoast.com\/product\/yoast-seo-wordpress\/ -->\n<title>H&amp;M marka Weekday w Polsce gdzie dost\u0119pna - Favorite News<\/title>\n<meta name=\"robots\" content=\"index, follow, max-snippet:-1, max-image-preview:large, max-video-preview:-1\" \/>\n<link rel=\"canonical\" href=\"https:\/\/favorite-news.com\/pl\/hm-marka-weekday-w-polsce-gdzie-dostepna\/\" \/>\n<meta property=\"og:locale\" content=\"pl_PL\" \/>\n<meta property=\"og:type\" content=\"article\" \/>\n<meta property=\"og:title\" content=\"H&amp;M marka Weekday w Polsce gdzie dost\u0119pna - Favorite News\" \/>\n<meta property=\"og:description\" content=\"[ad_1] Weekday to odzie\u017c inspirowana stylem ulicznym i m\u0142odzie\u017cow\u0105 popkultur\u0105. Marka, kt\u00f3rej kolekcje tworzone s\u0105 z poszanowaniem \u015brodowiska (blisko 70 proc. ubra\u0144 pochodzi ze zr\u00f3wnowa\u017conej produkcji) nie boi si\u0119 zabiera\u0107 g\u0142osu w wa\u017cnych sprawach spo\u0142ecznych, takich jak np. r\u00f3wno\u015b\u0107 p\u0142ci). &#013; &#013; Na rynku marka Weekday konkuruje cenowo g\u0142\u00f3wnie z Zar\u0105.\u00a0 Ceny ubra\u0144 kszta\u0142tuj\u0105 si\u0119 [&hellip;]\" \/>\n<meta property=\"og:url\" content=\"https:\/\/favorite-news.com\/pl\/hm-marka-weekday-w-polsce-gdzie-dostepna\/\" \/>\n<meta property=\"og:site_name\" content=\"Favorite News\" \/>\n<meta property=\"article:published_time\" content=\"2019-05-14T16:42:14+00:00\" \/>\n<meta property=\"article:modified_time\" content=\"2019-05-14T16:42:15+00:00\" \/>\n<meta property=\"og:image\" content=\"https:\/\/favorite-news.com\/pl\/wp-content\/uploads\/sites\/6\/2019\/05\/HM-marka-Weekday-w-Polsce-gdzie-dost\u0119pna.jpg\" \/>\n\t<meta property=\"og:image:width\" content=\"655\" \/>\n\t<meta property=\"og:image:height\" content=\"368\" \/>\n\t<meta property=\"og:image:type\" content=\"image\/jpeg\" \/>\n<meta name=\"author\" content=\"favorite-news\" \/>\n<meta name=\"twitter:card\" content=\"summary_large_image\" \/>\n<meta name=\"twitter:label1\" content=\"Napisane przez\" \/>\n\t<meta name=\"twitter:data1\" content=\"favorite-news\" \/>\n\t<meta name=\"twitter:label2\" content=\"Szacowany czas czytania\" \/>\n\t<meta name=\"twitter:data2\" content=\"1 minuta\" \/>\n<script type=\"application\/ld+json\" class=\"yoast-schema-graph\">{\"@context\":\"https:\\\/\\\/schema.org\",\"@graph\":[{\"@type\":\"Article\",\"@id\":\"https:\\\/\\\/favorite-news.com\\\/pl\\\/hm-marka-weekday-w-polsce-gdzie-dostepna\\\/#article\",\"isPartOf\":{\"@id\":\"https:\\\/\\\/favorite-news.com\\\/pl\\\/hm-marka-weekday-w-polsce-gdzie-dostepna\\\/\"},\"author\":{\"name\":\"favorite-news\",\"@id\":\"https:\\\/\\\/favorite-news.com\\\/pl\\\/#\\\/schema\\\/person\\\/b91573b717dcfa5e4696032a9d28d3e8\"},\"headline\":\"H&#038;M marka Weekday w Polsce gdzie dost\u0119pna\",\"datePublished\":\"2019-05-14T16:42:14+00:00\",\"dateModified\":\"2019-05-14T16:42:15+00:00\",\"mainEntityOfPage\":{\"@id\":\"https:\\\/\\\/favorite-news.com\\\/pl\\\/hm-marka-weekday-w-polsce-gdzie-dostepna\\\/\"},\"wordCount\":246,\"commentCount\":0,\"image\":{\"@id\":\"https:\\\/\\\/favorite-news.com\\\/pl\\\/hm-marka-weekday-w-polsce-gdzie-dostepna\\\/#primaryimage\"},\"thumbnailUrl\":\"https:\\\/\\\/favorite-news.com\\\/pl\\\/wp-content\\\/uploads\\\/sites\\\/6\\\/2019\\\/05\\\/HM-marka-Weekday-w-Polsce-gdzie-dost\u0119pna.jpg\",\"articleSection\":[\"WIADOMO\u015aCI MARKETINGOWE INTERNETOWE\"],\"inLanguage\":\"pl-PL\",\"potentialAction\":[{\"@type\":\"CommentAction\",\"name\":\"Comment\",\"target\":[\"https:\\\/\\\/favorite-news.com\\\/pl\\\/hm-marka-weekday-w-polsce-gdzie-dostepna\\\/#respond\"]}]},{\"@type\":\"WebPage\",\"@id\":\"https:\\\/\\\/favorite-news.com\\\/pl\\\/hm-marka-weekday-w-polsce-gdzie-dostepna\\\/\",\"url\":\"https:\\\/\\\/favorite-news.com\\\/pl\\\/hm-marka-weekday-w-polsce-gdzie-dostepna\\\/\",\"name\":\"H&M marka Weekday w Polsce gdzie dost\u0119pna - Favorite News\",\"isPartOf\":{\"@id\":\"https:\\\/\\\/favorite-news.com\\\/pl\\\/#website\"},\"primaryImageOfPage\":{\"@id\":\"https:\\\/\\\/favorite-news.com\\\/pl\\\/hm-marka-weekday-w-polsce-gdzie-dostepna\\\/#primaryimage\"},\"image\":{\"@id\":\"https:\\\/\\\/favorite-news.com\\\/pl\\\/hm-marka-weekday-w-polsce-gdzie-dostepna\\\/#primaryimage\"},\"thumbnailUrl\":\"https:\\\/\\\/favorite-news.com\\\/pl\\\/wp-content\\\/uploads\\\/sites\\\/6\\\/2019\\\/05\\\/HM-marka-Weekday-w-Polsce-gdzie-dost\u0119pna.jpg\",\"datePublished\":\"2019-05-14T16:42:14+00:00\",\"dateModified\":\"2019-05-14T16:42:15+00:00\",\"author\":{\"@id\":\"https:\\\/\\\/favorite-news.com\\\/pl\\\/#\\\/schema\\\/person\\\/b91573b717dcfa5e4696032a9d28d3e8\"},\"breadcrumb\":{\"@id\":\"https:\\\/\\\/favorite-news.com\\\/pl\\\/hm-marka-weekday-w-polsce-gdzie-dostepna\\\/#breadcrumb\"},\"inLanguage\":\"pl-PL\",\"potentialAction\":[{\"@type\":\"ReadAction\",\"target\":[\"https:\\\/\\\/favorite-news.com\\\/pl\\\/hm-marka-weekday-w-polsce-gdzie-dostepna\\\/\"]}]},{\"@type\":\"ImageObject\",\"inLanguage\":\"pl-PL\",\"@id\":\"https:\\\/\\\/favorite-news.com\\\/pl\\\/hm-marka-weekday-w-polsce-gdzie-dostepna\\\/#primaryimage\",\"url\":\"https:\\\/\\\/favorite-news.com\\\/pl\\\/wp-content\\\/uploads\\\/sites\\\/6\\\/2019\\\/05\\\/HM-marka-Weekday-w-Polsce-gdzie-dost\u0119pna.jpg\",\"contentUrl\":\"https:\\\/\\\/favorite-news.com\\\/pl\\\/wp-content\\\/uploads\\\/sites\\\/6\\\/2019\\\/05\\\/HM-marka-Weekday-w-Polsce-gdzie-dost\u0119pna.jpg\",\"width\":655,\"height\":368,\"caption\":\"Article\"},{\"@type\":\"BreadcrumbList\",\"@id\":\"https:\\\/\\\/favorite-news.com\\\/pl\\\/hm-marka-weekday-w-polsce-gdzie-dostepna\\\/#breadcrumb\",\"itemListElement\":[{\"@type\":\"ListItem\",\"position\":1,\"name\":\"Home\",\"item\":\"https:\\\/\\\/favorite-news.com\\\/pl\\\/\"},{\"@type\":\"ListItem\",\"position\":2,\"name\":\"H&#038;M marka Weekday w Polsce gdzie dost\u0119pna\"}]},{\"@type\":\"WebSite\",\"@id\":\"https:\\\/\\\/favorite-news.com\\\/pl\\\/#website\",\"url\":\"https:\\\/\\\/favorite-news.com\\\/pl\\\/\",\"name\":\"Favorite News\",\"description\":\"Favorite News Polska\",\"potentialAction\":[{\"@type\":\"SearchAction\",\"target\":{\"@type\":\"EntryPoint\",\"urlTemplate\":\"https:\\\/\\\/favorite-news.com\\\/pl\\\/?s={search_term_string}\"},\"query-input\":{\"@type\":\"PropertyValueSpecification\",\"valueRequired\":true,\"valueName\":\"search_term_string\"}}],\"inLanguage\":\"pl-PL\"},{\"@type\":\"Person\",\"@id\":\"https:\\\/\\\/favorite-news.com\\\/pl\\\/#\\\/schema\\\/person\\\/b91573b717dcfa5e4696032a9d28d3e8\",\"name\":\"favorite-news\",\"image\":{\"@type\":\"ImageObject\",\"inLanguage\":\"pl-PL\",\"@id\":\"https:\\\/\\\/secure.gravatar.com\\\/avatar\\\/6c5a5cb12b74e9d517ee91cf570335b7d16177f1977cc91db161adfa435945a7?s=96&d=mm&r=g\",\"url\":\"https:\\\/\\\/secure.gravatar.com\\\/avatar\\\/6c5a5cb12b74e9d517ee91cf570335b7d16177f1977cc91db161adfa435945a7?s=96&d=mm&r=g\",\"contentUrl\":\"https:\\\/\\\/secure.gravatar.com\\\/avatar\\\/6c5a5cb12b74e9d517ee91cf570335b7d16177f1977cc91db161adfa435945a7?s=96&d=mm&r=g\",\"caption\":\"favorite-news\"},\"url\":\"https:\\\/\\\/favorite-news.com\\\/pl\\\/author\\\/pt\\\/\"}]}<\/script>\n<!-- \/ Yoast SEO plugin. -->","yoast_head_json":{"title":"H&M marka Weekday w Polsce gdzie dost\u0119pna - Favorite News","robots":{"index":"index","follow":"follow","max-snippet":"max-snippet:-1","max-image-preview":"max-image-preview:large","max-video-preview":"max-video-preview:-1"},"canonical":"https:\/\/favorite-news.com\/pl\/hm-marka-weekday-w-polsce-gdzie-dostepna\/","og_locale":"pl_PL","og_type":"article","og_title":"H&M marka Weekday w Polsce gdzie dost\u0119pna - Favorite News","og_description":"[ad_1] Weekday to odzie\u017c inspirowana stylem ulicznym i m\u0142odzie\u017cow\u0105 popkultur\u0105. Marka, kt\u00f3rej kolekcje tworzone s\u0105 z poszanowaniem \u015brodowiska (blisko 70 proc. ubra\u0144 pochodzi ze zr\u00f3wnowa\u017conej produkcji) nie boi si\u0119 zabiera\u0107 g\u0142osu w wa\u017cnych sprawach spo\u0142ecznych, takich jak np. r\u00f3wno\u015b\u0107 p\u0142ci). &#13; &#13; Na rynku marka Weekday konkuruje cenowo g\u0142\u00f3wnie z Zar\u0105.\u00a0 Ceny ubra\u0144 kszta\u0142tuj\u0105 si\u0119 [&hellip;]","og_url":"https:\/\/favorite-news.com\/pl\/hm-marka-weekday-w-polsce-gdzie-dostepna\/","og_site_name":"Favorite News","article_published_time":"2019-05-14T16:42:14+00:00","article_modified_time":"2019-05-14T16:42:15+00:00","og_image":[{"width":655,"height":368,"url":"https:\/\/favorite-news.com\/pl\/wp-content\/uploads\/sites\/6\/2019\/05\/HM-marka-Weekday-w-Polsce-gdzie-dost\u0119pna.jpg","type":"image\/jpeg"}],"author":"favorite-news","twitter_card":"summary_large_image","twitter_misc":{"Napisane przez":"favorite-news","Szacowany czas czytania":"1 minuta"},"schema":{"@context":"https:\/\/schema.org","@graph":[{"@type":"Article","@id":"https:\/\/favorite-news.com\/pl\/hm-marka-weekday-w-polsce-gdzie-dostepna\/#article","isPartOf":{"@id":"https:\/\/favorite-news.com\/pl\/hm-marka-weekday-w-polsce-gdzie-dostepna\/"},"author":{"name":"favorite-news","@id":"https:\/\/favorite-news.com\/pl\/#\/schema\/person\/b91573b717dcfa5e4696032a9d28d3e8"},"headline":"H&#038;M marka Weekday w Polsce gdzie dost\u0119pna","datePublished":"2019-05-14T16:42:14+00:00","dateModified":"2019-05-14T16:42:15+00:00","mainEntityOfPage":{"@id":"https:\/\/favorite-news.com\/pl\/hm-marka-weekday-w-polsce-gdzie-dostepna\/"},"wordCount":246,"commentCount":0,"image":{"@id":"https:\/\/favorite-news.com\/pl\/hm-marka-weekday-w-polsce-gdzie-dostepna\/#primaryimage"},"thumbnailUrl":"https:\/\/favorite-news.com\/pl\/wp-content\/uploads\/sites\/6\/2019\/05\/HM-marka-Weekday-w-Polsce-gdzie-dost\u0119pna.jpg","articleSection":["WIADOMO\u015aCI MARKETINGOWE INTERNETOWE"],"inLanguage":"pl-PL","potentialAction":[{"@type":"CommentAction","name":"Comment","target":["https:\/\/favorite-news.com\/pl\/hm-marka-weekday-w-polsce-gdzie-dostepna\/#respond"]}]},{"@type":"WebPage","@id":"https:\/\/favorite-news.com\/pl\/hm-marka-weekday-w-polsce-gdzie-dostepna\/","url":"https:\/\/favorite-news.com\/pl\/hm-marka-weekday-w-polsce-gdzie-dostepna\/","name":"H&M marka Weekday w Polsce gdzie dost\u0119pna - Favorite News","isPartOf":{"@id":"https:\/\/favorite-news.com\/pl\/#website"},"primaryImageOfPage":{"@id":"https:\/\/favorite-news.com\/pl\/hm-marka-weekday-w-polsce-gdzie-dostepna\/#primaryimage"},"image":{"@id":"https:\/\/favorite-news.com\/pl\/hm-marka-weekday-w-polsce-gdzie-dostepna\/#primaryimage"},"thumbnailUrl":"https:\/\/favorite-news.com\/pl\/wp-content\/uploads\/sites\/6\/2019\/05\/HM-marka-Weekday-w-Polsce-gdzie-dost\u0119pna.jpg","datePublished":"2019-05-14T16:42:14+00:00","dateModified":"2019-05-14T16:42:15+00:00","author":{"@id":"https:\/\/favorite-news.com\/pl\/#\/schema\/person\/b91573b717dcfa5e4696032a9d28d3e8"},"breadcrumb":{"@id":"https:\/\/favorite-news.com\/pl\/hm-marka-weekday-w-polsce-gdzie-dostepna\/#breadcrumb"},"inLanguage":"pl-PL","potentialAction":[{"@type":"ReadAction","target":["https:\/\/favorite-news.com\/pl\/hm-marka-weekday-w-polsce-gdzie-dostepna\/"]}]},{"@type":"ImageObject","inLanguage":"pl-PL","@id":"https:\/\/favorite-news.com\/pl\/hm-marka-weekday-w-polsce-gdzie-dostepna\/#primaryimage","url":"https:\/\/favorite-news.com\/pl\/wp-content\/uploads\/sites\/6\/2019\/05\/HM-marka-Weekday-w-Polsce-gdzie-dost\u0119pna.jpg","contentUrl":"https:\/\/favorite-news.com\/pl\/wp-content\/uploads\/sites\/6\/2019\/05\/HM-marka-Weekday-w-Polsce-gdzie-dost\u0119pna.jpg","width":655,"height":368,"caption":"Article"},{"@type":"BreadcrumbList","@id":"https:\/\/favorite-news.com\/pl\/hm-marka-weekday-w-polsce-gdzie-dostepna\/#breadcrumb","itemListElement":[{"@type":"ListItem","position":1,"name":"Home","item":"https:\/\/favorite-news.com\/pl\/"},{"@type":"ListItem","position":2,"name":"H&#038;M marka Weekday w Polsce gdzie dost\u0119pna"}]},{"@type":"WebSite","@id":"https:\/\/favorite-news.com\/pl\/#website","url":"https:\/\/favorite-news.com\/pl\/","name":"Favorite News","description":"Favorite News Polska","potentialAction":[{"@type":"SearchAction","target":{"@type":"EntryPoint","urlTemplate":"https:\/\/favorite-news.com\/pl\/?s={search_term_string}"},"query-input":{"@type":"PropertyValueSpecification","valueRequired":true,"valueName":"search_term_string"}}],"inLanguage":"pl-PL"},{"@type":"Person","@id":"https:\/\/favorite-news.com\/pl\/#\/schema\/person\/b91573b717dcfa5e4696032a9d28d3e8","name":"favorite-news","image":{"@type":"ImageObject","inLanguage":"pl-PL","@id":"https:\/\/secure.gravatar.com\/avatar\/6c5a5cb12b74e9d517ee91cf570335b7d16177f1977cc91db161adfa435945a7?s=96&d=mm&r=g","url":"https:\/\/secure.gravatar.com\/avatar\/6c5a5cb12b74e9d517ee91cf570335b7d16177f1977cc91db161adfa435945a7?s=96&d=mm&r=g","contentUrl":"https:\/\/secure.gravatar.com\/avatar\/6c5a5cb12b74e9d517ee91cf570335b7d16177f1977cc91db161adfa435945a7?s=96&d=mm&r=g","caption":"favorite-news"},"url":"https:\/\/favorite-news.com\/pl\/author\/pt\/"}]}},"_links":{"self":[{"href":"https:\/\/favorite-news.com\/pl\/wp-json\/wp\/v2\/posts\/574","targetHints":{"allow":["GET"]}}],"collection":[{"href":"https:\/\/favorite-news.com\/pl\/wp-json\/wp\/v2\/posts"}],"about":[{"href":"https:\/\/favorite-news.com\/pl\/wp-json\/wp\/v2\/types\/post"}],"author":[{"embeddable":true,"href":"https:\/\/favorite-news.com\/pl\/wp-json\/wp\/v2\/users\/2"}],"replies":[{"embeddable":true,"href":"https:\/\/favorite-news.com\/pl\/wp-json\/wp\/v2\/comments?post=574"}],"version-history":[{"count":1,"href":"https:\/\/favorite-news.com\/pl\/wp-json\/wp\/v2\/posts\/574\/revisions"}],"predecessor-version":[{"id":576,"href":"https:\/\/favorite-news.com\/pl\/wp-json\/wp\/v2\/posts\/574\/revisions\/576"}],"wp:featuredmedia":[{"embeddable":true,"href":"https:\/\/favorite-news.com\/pl\/wp-json\/wp\/v2\/media\/575"}],"wp:attachment":[{"href":"https:\/\/favorite-news.com\/pl\/wp-json\/wp\/v2\/media?parent=574"}],"wp:term":[{"taxonomy":"category","embeddable":true,"href":"https:\/\/favorite-news.com\/pl\/wp-json\/wp\/v2\/categories?post=574"},{"taxonomy":"post_tag","embeddable":true,"href":"https:\/\/favorite-news.com\/pl\/wp-json\/wp\/v2\/tags?post=574"}],"curies":[{"name":"wp","href":"https:\/\/api.w.org\/{rel}","templated":true}]}}