{"id":556,"date":"2019-05-14T07:14:26","date_gmt":"2019-05-14T04:14:26","guid":{"rendered":"https:\/\/favorite-news.com\/pl\/julia-slonska-zdewastowala-pomnik-w-warszawie\/"},"modified":"2019-05-14T07:14:27","modified_gmt":"2019-05-14T04:14:27","slug":"julia-slonska-zdewastowala-pomnik-w-warszawie","status":"publish","type":"post","link":"https:\/\/favorite-news.com\/pl\/julia-slonska-zdewastowala-pomnik-w-warszawie\/","title":{"rendered":"Julia S\u0142o\u0144ska zdewastowa\u0142a pomnik w Warszawie"},"content":{"rendered":"<p> [ad_1]<br \/>\n<\/p>\n<div id=\"\">\n<p>W wideo zamieszczonym na Instagramie przez jej kole\u017cank\u0119 by\u0142o wida\u0107, jak Julia S\u0142o\u0144ska m\u0142otkiem od\u0142upa\u0142a nos zabytkowej rze\u017abie anio\u0142a w Dolinie Szwajcarskiej w Warszawie. Nagrywaj\u0105ca dziewczyna zareagowa\u0142a na to \u015bmiechem.<\/p>\n<p>&#13;<br \/>\n&#13;<\/p>\n<p>Nagranie szybko sta\u0142o si\u0119 popularne w mediach spo\u0142eczno\u015bciowych, m.in. na Wykopie. Na S\u0142o\u0144sk\u0105 spad\u0142a fala krytyki, czekaj\u0105 j\u0105 te\u017c konsekwencje prawne.<\/p>\n<p>&#13;<br \/>\n&#13;<\/p>\n<p>&#8211; Jutro zawiadomi\u0119 policj\u0119 i prokuratur\u0119. To jest po pierwsze z konserwatorskiego punktu widzenia przest\u0119pstwo, ale po drugie to jest te\u017c po prostu zniszczenie miejskiego mienia. Zrobi\u0142a krzywd\u0119 rze\u017abie i sobie &#8211; stwierdzi\u0142 warszawski konserwator zabytk\u00f3w Micha\u0142 Krasucki w rozmowie z \u201eGazet\u0105 Wyborcz\u0105\u201d.<\/p>\n<p>&#13;<br \/>\n&#13;<\/p>\n<p><iframe loading=\"lazy\" allow=\"encrypted-media\" allowtransparency=\"true\" frameborder=\"0\" height=\"715\" scrolling=\"no\" src=\"https:\/\/www.facebook.com\/plugins\/post.php?href=https%3A%2F%2Fwww.facebook.com%2FPanskaSkorka%2Fposts%2F2047914158667425&amp;width=500\" style=\"border:none;overflow:hidden\" width=\"500\"><\/iframe>\u00a0<\/p>\n<p>&#13;<br \/>\n&#13;<\/p>\n<p>T\u0142umacz\u0105c ten incydent, S\u0142o\u0144ska przyzna\u0142a, \u017ce by\u0142a wtedy pod wp\u0142ywem alkoholu. &#8211; To, co si\u0119 sta\u0142o wczoraj, w og\u00f3le nie powinno mie\u0107 miejsca i serio, mega \u017ca\u0142uj\u0119, \u017ce to zrobi\u0142am. Pewnie jestem mega g\u0142upia. Nie b\u0119d\u0119 m\u00f3wi\u0107, co mn\u0105 kierowa\u0142o, \u017ce to zrobi\u0142am, bo to jest bardziej moja prywatna sprawa, ale chcia\u0142am serio wszystkich przeprosi\u0107 za to &#8211; stwierdzi\u0142a.<\/p>\n<p>&#13;<br \/>\n&#13;<\/p>\n<p>Skar\u017cy\u0142a si\u0119 te\u017c na gro\u017aby, kt\u00f3re dostawa\u0142a w internecie, wycofa\u0142a cz\u0119\u015b\u0107 swoich profili w mediach spo\u0142eczno\u015bciowych (prowadzi m.in. profil instagramowy swojego kr\u00f3lika).<\/p>\n<p>&#13;<br \/>\n&#13;<\/p>\n<p><iframe loading=\"lazy\" allow=\"accelerometer; autoplay; encrypted-media; gyroscope; picture-in-picture\" allowfullscreen=\"\" frameborder=\"0\" height=\"360\" src=\"https:\/\/www.youtube.com\/embed\/Wvz6OAEfVwU\" width=\"640\"><\/iframe>\u00a0<\/p>\n<p>&#13;<br \/>\n&#13;<\/p>\n<p>Internauci szybko zwr\u00f3cili uwag\u0119, \u017ce Julia S\u0142o\u0144ska wyst\u0119puje w jednej z emitowanych od miesi\u0105ca reklam eKonta dla m\u0142odych w mBanku. Akcja jest oparta na kilku spotach pokazuj\u0105cych sytuacje z codziennego \u017cycia m\u0142odych os\u00f3b wykorzystuj\u0105cych r\u00f3\u017cne us\u0142ugi z oferty banku. W spocie ze S\u0142o\u0144sk\u0105 promowano p\u0142atno\u015bci smartfonem. https:\/\/www.wirtualnemedia.pl\/artykul\/mbank-ekonto-dla-mlodych-najlepiej-w-promocji-i-reklamach-wideo<\/p>\n<p>&#13;<br \/>\n&#13;<\/p>\n<p><iframe loading=\"lazy\" allowfullscreen=\"\" frameborder=\"0\" height=\"360\" src=\"https:\/\/tv.wirtualnemedia.pl\/embed\/najlepiej-placic-telefonem-mbank-reklamuje-ekonto?width=640&amp;height=480\" width=\"640\"><\/iframe>\u00a0<\/p>\n<p>&#13;<br \/>\n&#13;<\/p>\n<p><span style=\"font-size:20px;\"><strong>Po fali krytyki mBank wycofa\u0142 reklam\u0119 ze S\u0142o\u0144sk\u0105. \u201ePrzepraszamy za wandalizm\u201d<\/strong><\/span><\/p>\n<p>&#13;<br \/>\n&#13;<\/p>\n<p>W tej sytuacji na profilach mBanku na Facebooku i Instagramie pojawi\u0142o si\u0119 mn\u00f3stwo krytycznych komentarzy. Internauci wytykali bankowi, \u017ce bohaterka jego spotu zdewastowa\u0142a zabytek. &#8211; My\u015bl\u0119, \u017ce powinni\u015bcie przyjrze\u0107 si\u0119 sprawie. Mo\u017cna odnie\u015b\u0107 wra\u017cenie, \u017ce reklamuj\u0105c si\u0119 jej twarz\u0105, wspieracie wandalizm i tego typu zachowania &#8211; stwierdzi\u0142 u\u017cytkownik w jednym z \u0142agodniejszych wpis\u00f3w.<\/p>\n<p>&#13;<br \/>\n&#13;<\/p>\n<p>&#8211; Hej, dzia\u0142 PR mBank Polska, taki protip na poniedzia\u0142ek, do porannej kawusi &#8211; 1) kasujecie reklam\u0119 (bo nie chcemy przecie\u017c promowania patologii) 2) sypniecie groszem na odnowienie ca\u0142ej fontanny w Dolinie Szwajcarskiej &#8211; i wszyscy b\u0119d\u0105 szcz\u0119\u015bliwi &#8211; napisa\u0142a inna osoba.<\/p>\n<p>&#13;<br \/>\n&#13;<\/p>\n<p>&#8211; Przepraszamy za ten akt wandalizmu. Osoby bior\u0105ce udzia\u0142 w nagraniu s\u0105 anga\u017cowane przez firm\u0119 zewn\u0119trzn\u0105, czyli agencj\u0119. Nie popieramy jako mBank wandalizmu sztuki czy innego rodzaju zachowa\u0144 maj\u0105cych na celu niszczenie rzeczy. Jest nam przykro z tego powodu &#8211; t\u0142umaczyli przedstawiciele mBanku w odpowiedziach. &#8211; Zdecydowanie nie popieramy takich zachowa\u0144, a spraw\u0105 powinny zaj\u0105\u0107 si\u0119 odpowiednie s\u0142u\u017cby. Co do odpowiedzialno\u015bci za to, co wiele tygodni po zako\u0144czonych zdj\u0119ciach do spotu robi aktorka &#8211; nie mo\u017cemy odpowiada\u0107 za indywidualne wybory takich os\u00f3b. W tym wypadku to rola dla opiekun\u00f3w. Nie planujemy anga\u017cowania tej dziewczyny do kolejnych spot\u00f3w &#8211; poinformowali.<\/p>\n<p>&#13;<br \/>\n&#13;<\/p>\n<p>&#8211; Zdecydowali\u015bmy si\u0119 wycofa\u0107 spot reklamowy z emisji, poniewa\u017c nie chcemy by\u0107 kojarzeni z aktork\u0105, kt\u00f3ra wiele tygodni po zako\u0144czeniu zdj\u0119\u0107 zas\u0142yn\u0119\u0142a kolejn\u0105 rol\u0105 &#8211; wandala &#8211; dodali.<\/p>\n<p>&#13;<br \/>\n&#13;<\/p>\n<p>Agencja modelingowa, z kt\u00f3r\u0105 by\u0142a zwi\u0105zana S\u0142o\u0144ska, zerwa\u0142a z ni\u0105 wsp\u00f3\u0142prac\u0119.<\/p>\n<p>&#13;<br \/>\n                            &#13;<br \/>\n&#13;<br \/>\n                            &#13;<br \/>\n&#13;<br \/>\n&#13;<br \/>\n&#13;<br \/>\n&#13;<br \/>\n&#13;<br \/>\n                            &#13;<br \/>\n                                                            &#13;<br \/>\n&#13;<br \/>\n                            &#13;\n                        <\/p><\/div>\n<p><script>(function (d, s, id) {\n        var js, fjs = d.getElementsByTagName(s)[0];\n        if (d.getElementById(id)) return;\n        js = d.createElement(s);\n        js.id = id;\n        js.src = \"http:\/\/connect.facebook.net\/pl_PL\/sdk.js#xfbml=1&version=v2.6&appId=297996717062470\";\n        fjs.parentNode.insertBefore(js, fjs);\n    }(document, 'script', 'facebook-jssdk'));<\/script><br \/>\n<br \/>[ad_2]<br \/>\n<br \/><a href=\"https:\/\/www.wirtualnemedia.pl\/artykul\/julia-slonska-zdewastowala-pomnik-w-warszawie-mbank-wycofal-reklame-z-nia\">Source link <\/a><\/p>\n","protected":false},"excerpt":{"rendered":"<p>[ad_1] W wideo zamieszczonym na Instagramie przez jej kole\u017cank\u0119 by\u0142o wida\u0107, jak Julia S\u0142o\u0144ska m\u0142otkiem od\u0142upa\u0142a nos zabytkowej rze\u017abie anio\u0142a w Dolinie Szwajcarskiej w Warszawie. Nagrywaj\u0105ca dziewczyna zareagowa\u0142a na to \u015bmiechem. &#13; &#13; Nagranie szybko sta\u0142o si\u0119 popularne w mediach spo\u0142eczno\u015bciowych, m.in. na Wykopie. Na S\u0142o\u0144sk\u0105 spad\u0142a fala krytyki, czekaj\u0105 j\u0105 te\u017c konsekwencje prawne. &#13; [&hellip;]<\/p>\n","protected":false},"author":2,"featured_media":557,"comment_status":"open","ping_status":"open","sticky":false,"template":"","format":"standard","meta":{"footnotes":""},"categories":[2],"tags":[],"class_list":["post-556","post","type-post","status-publish","format-standard","has-post-thumbnail","hentry","category-wiadomosci-marketingowe-internetowe"],"yoast_head":"<!-- This site is optimized with the Yoast SEO plugin v27.4 - https:\/\/yoast.com\/product\/yoast-seo-wordpress\/ -->\n<title>Julia S\u0142o\u0144ska zdewastowa\u0142a pomnik w Warszawie - Favorite News<\/title>\n<meta name=\"robots\" content=\"index, follow, max-snippet:-1, max-image-preview:large, max-video-preview:-1\" \/>\n<link rel=\"canonical\" href=\"https:\/\/favorite-news.com\/pl\/julia-slonska-zdewastowala-pomnik-w-warszawie\/\" \/>\n<meta property=\"og:locale\" content=\"pl_PL\" \/>\n<meta property=\"og:type\" content=\"article\" \/>\n<meta property=\"og:title\" content=\"Julia S\u0142o\u0144ska zdewastowa\u0142a pomnik w Warszawie - Favorite News\" \/>\n<meta property=\"og:description\" content=\"[ad_1] W wideo zamieszczonym na Instagramie przez jej kole\u017cank\u0119 by\u0142o wida\u0107, jak Julia S\u0142o\u0144ska m\u0142otkiem od\u0142upa\u0142a nos zabytkowej rze\u017abie anio\u0142a w Dolinie Szwajcarskiej w Warszawie. Nagrywaj\u0105ca dziewczyna zareagowa\u0142a na to \u015bmiechem. &#013; &#013; Nagranie szybko sta\u0142o si\u0119 popularne w mediach spo\u0142eczno\u015bciowych, m.in. na Wykopie. Na S\u0142o\u0144sk\u0105 spad\u0142a fala krytyki, czekaj\u0105 j\u0105 te\u017c konsekwencje prawne. &#013; [&hellip;]\" \/>\n<meta property=\"og:url\" content=\"https:\/\/favorite-news.com\/pl\/julia-slonska-zdewastowala-pomnik-w-warszawie\/\" \/>\n<meta property=\"og:site_name\" content=\"Favorite News\" \/>\n<meta property=\"article:published_time\" content=\"2019-05-14T04:14:26+00:00\" \/>\n<meta property=\"article:modified_time\" content=\"2019-05-14T04:14:27+00:00\" \/>\n<meta property=\"og:image\" content=\"https:\/\/favorite-news.com\/pl\/wp-content\/uploads\/sites\/6\/2019\/05\/Julia-S\u0142o\u0144ska-zdewastowa\u0142a-pomnik-w-Warszawie.jpg\" \/>\n\t<meta property=\"og:image:width\" content=\"655\" \/>\n\t<meta property=\"og:image:height\" content=\"532\" \/>\n\t<meta property=\"og:image:type\" content=\"image\/jpeg\" \/>\n<meta name=\"author\" content=\"favorite-news\" \/>\n<meta name=\"twitter:card\" content=\"summary_large_image\" \/>\n<meta name=\"twitter:label1\" content=\"Napisane przez\" \/>\n\t<meta name=\"twitter:data1\" content=\"favorite-news\" \/>\n\t<meta name=\"twitter:label2\" content=\"Szacowany czas czytania\" \/>\n\t<meta name=\"twitter:data2\" content=\"3 minuty\" \/>\n<script type=\"application\/ld+json\" class=\"yoast-schema-graph\">{\"@context\":\"https:\\\/\\\/schema.org\",\"@graph\":[{\"@type\":\"Article\",\"@id\":\"https:\\\/\\\/favorite-news.com\\\/pl\\\/julia-slonska-zdewastowala-pomnik-w-warszawie\\\/#article\",\"isPartOf\":{\"@id\":\"https:\\\/\\\/favorite-news.com\\\/pl\\\/julia-slonska-zdewastowala-pomnik-w-warszawie\\\/\"},\"author\":{\"name\":\"favorite-news\",\"@id\":\"https:\\\/\\\/favorite-news.com\\\/pl\\\/#\\\/schema\\\/person\\\/b91573b717dcfa5e4696032a9d28d3e8\"},\"headline\":\"Julia S\u0142o\u0144ska zdewastowa\u0142a pomnik w Warszawie\",\"datePublished\":\"2019-05-14T04:14:26+00:00\",\"dateModified\":\"2019-05-14T04:14:27+00:00\",\"mainEntityOfPage\":{\"@id\":\"https:\\\/\\\/favorite-news.com\\\/pl\\\/julia-slonska-zdewastowala-pomnik-w-warszawie\\\/\"},\"wordCount\":592,\"commentCount\":0,\"image\":{\"@id\":\"https:\\\/\\\/favorite-news.com\\\/pl\\\/julia-slonska-zdewastowala-pomnik-w-warszawie\\\/#primaryimage\"},\"thumbnailUrl\":\"https:\\\/\\\/favorite-news.com\\\/pl\\\/wp-content\\\/uploads\\\/sites\\\/6\\\/2019\\\/05\\\/Julia-S\u0142o\u0144ska-zdewastowa\u0142a-pomnik-w-Warszawie.jpg\",\"articleSection\":[\"WIADOMO\u015aCI MARKETINGOWE INTERNETOWE\"],\"inLanguage\":\"pl-PL\",\"potentialAction\":[{\"@type\":\"CommentAction\",\"name\":\"Comment\",\"target\":[\"https:\\\/\\\/favorite-news.com\\\/pl\\\/julia-slonska-zdewastowala-pomnik-w-warszawie\\\/#respond\"]}]},{\"@type\":\"WebPage\",\"@id\":\"https:\\\/\\\/favorite-news.com\\\/pl\\\/julia-slonska-zdewastowala-pomnik-w-warszawie\\\/\",\"url\":\"https:\\\/\\\/favorite-news.com\\\/pl\\\/julia-slonska-zdewastowala-pomnik-w-warszawie\\\/\",\"name\":\"Julia S\u0142o\u0144ska zdewastowa\u0142a pomnik w Warszawie - Favorite News\",\"isPartOf\":{\"@id\":\"https:\\\/\\\/favorite-news.com\\\/pl\\\/#website\"},\"primaryImageOfPage\":{\"@id\":\"https:\\\/\\\/favorite-news.com\\\/pl\\\/julia-slonska-zdewastowala-pomnik-w-warszawie\\\/#primaryimage\"},\"image\":{\"@id\":\"https:\\\/\\\/favorite-news.com\\\/pl\\\/julia-slonska-zdewastowala-pomnik-w-warszawie\\\/#primaryimage\"},\"thumbnailUrl\":\"https:\\\/\\\/favorite-news.com\\\/pl\\\/wp-content\\\/uploads\\\/sites\\\/6\\\/2019\\\/05\\\/Julia-S\u0142o\u0144ska-zdewastowa\u0142a-pomnik-w-Warszawie.jpg\",\"datePublished\":\"2019-05-14T04:14:26+00:00\",\"dateModified\":\"2019-05-14T04:14:27+00:00\",\"author\":{\"@id\":\"https:\\\/\\\/favorite-news.com\\\/pl\\\/#\\\/schema\\\/person\\\/b91573b717dcfa5e4696032a9d28d3e8\"},\"breadcrumb\":{\"@id\":\"https:\\\/\\\/favorite-news.com\\\/pl\\\/julia-slonska-zdewastowala-pomnik-w-warszawie\\\/#breadcrumb\"},\"inLanguage\":\"pl-PL\",\"potentialAction\":[{\"@type\":\"ReadAction\",\"target\":[\"https:\\\/\\\/favorite-news.com\\\/pl\\\/julia-slonska-zdewastowala-pomnik-w-warszawie\\\/\"]}]},{\"@type\":\"ImageObject\",\"inLanguage\":\"pl-PL\",\"@id\":\"https:\\\/\\\/favorite-news.com\\\/pl\\\/julia-slonska-zdewastowala-pomnik-w-warszawie\\\/#primaryimage\",\"url\":\"https:\\\/\\\/favorite-news.com\\\/pl\\\/wp-content\\\/uploads\\\/sites\\\/6\\\/2019\\\/05\\\/Julia-S\u0142o\u0144ska-zdewastowa\u0142a-pomnik-w-Warszawie.jpg\",\"contentUrl\":\"https:\\\/\\\/favorite-news.com\\\/pl\\\/wp-content\\\/uploads\\\/sites\\\/6\\\/2019\\\/05\\\/Julia-S\u0142o\u0144ska-zdewastowa\u0142a-pomnik-w-Warszawie.jpg\",\"width\":655,\"height\":532,\"caption\":\"Article\"},{\"@type\":\"BreadcrumbList\",\"@id\":\"https:\\\/\\\/favorite-news.com\\\/pl\\\/julia-slonska-zdewastowala-pomnik-w-warszawie\\\/#breadcrumb\",\"itemListElement\":[{\"@type\":\"ListItem\",\"position\":1,\"name\":\"Home\",\"item\":\"https:\\\/\\\/favorite-news.com\\\/pl\\\/\"},{\"@type\":\"ListItem\",\"position\":2,\"name\":\"Julia S\u0142o\u0144ska zdewastowa\u0142a pomnik w Warszawie\"}]},{\"@type\":\"WebSite\",\"@id\":\"https:\\\/\\\/favorite-news.com\\\/pl\\\/#website\",\"url\":\"https:\\\/\\\/favorite-news.com\\\/pl\\\/\",\"name\":\"Favorite News\",\"description\":\"Favorite News Polska\",\"potentialAction\":[{\"@type\":\"SearchAction\",\"target\":{\"@type\":\"EntryPoint\",\"urlTemplate\":\"https:\\\/\\\/favorite-news.com\\\/pl\\\/?s={search_term_string}\"},\"query-input\":{\"@type\":\"PropertyValueSpecification\",\"valueRequired\":true,\"valueName\":\"search_term_string\"}}],\"inLanguage\":\"pl-PL\"},{\"@type\":\"Person\",\"@id\":\"https:\\\/\\\/favorite-news.com\\\/pl\\\/#\\\/schema\\\/person\\\/b91573b717dcfa5e4696032a9d28d3e8\",\"name\":\"favorite-news\",\"image\":{\"@type\":\"ImageObject\",\"inLanguage\":\"pl-PL\",\"@id\":\"https:\\\/\\\/secure.gravatar.com\\\/avatar\\\/6c5a5cb12b74e9d517ee91cf570335b7d16177f1977cc91db161adfa435945a7?s=96&d=mm&r=g\",\"url\":\"https:\\\/\\\/secure.gravatar.com\\\/avatar\\\/6c5a5cb12b74e9d517ee91cf570335b7d16177f1977cc91db161adfa435945a7?s=96&d=mm&r=g\",\"contentUrl\":\"https:\\\/\\\/secure.gravatar.com\\\/avatar\\\/6c5a5cb12b74e9d517ee91cf570335b7d16177f1977cc91db161adfa435945a7?s=96&d=mm&r=g\",\"caption\":\"favorite-news\"},\"url\":\"https:\\\/\\\/favorite-news.com\\\/pl\\\/author\\\/pt\\\/\"}]}<\/script>\n<!-- \/ Yoast SEO plugin. -->","yoast_head_json":{"title":"Julia S\u0142o\u0144ska zdewastowa\u0142a pomnik w Warszawie - Favorite News","robots":{"index":"index","follow":"follow","max-snippet":"max-snippet:-1","max-image-preview":"max-image-preview:large","max-video-preview":"max-video-preview:-1"},"canonical":"https:\/\/favorite-news.com\/pl\/julia-slonska-zdewastowala-pomnik-w-warszawie\/","og_locale":"pl_PL","og_type":"article","og_title":"Julia S\u0142o\u0144ska zdewastowa\u0142a pomnik w Warszawie - Favorite News","og_description":"[ad_1] W wideo zamieszczonym na Instagramie przez jej kole\u017cank\u0119 by\u0142o wida\u0107, jak Julia S\u0142o\u0144ska m\u0142otkiem od\u0142upa\u0142a nos zabytkowej rze\u017abie anio\u0142a w Dolinie Szwajcarskiej w Warszawie. Nagrywaj\u0105ca dziewczyna zareagowa\u0142a na to \u015bmiechem. &#13; &#13; Nagranie szybko sta\u0142o si\u0119 popularne w mediach spo\u0142eczno\u015bciowych, m.in. na Wykopie. Na S\u0142o\u0144sk\u0105 spad\u0142a fala krytyki, czekaj\u0105 j\u0105 te\u017c konsekwencje prawne. &#13; [&hellip;]","og_url":"https:\/\/favorite-news.com\/pl\/julia-slonska-zdewastowala-pomnik-w-warszawie\/","og_site_name":"Favorite News","article_published_time":"2019-05-14T04:14:26+00:00","article_modified_time":"2019-05-14T04:14:27+00:00","og_image":[{"width":655,"height":532,"url":"https:\/\/favorite-news.com\/pl\/wp-content\/uploads\/sites\/6\/2019\/05\/Julia-S\u0142o\u0144ska-zdewastowa\u0142a-pomnik-w-Warszawie.jpg","type":"image\/jpeg"}],"author":"favorite-news","twitter_card":"summary_large_image","twitter_misc":{"Napisane przez":"favorite-news","Szacowany czas czytania":"3 minuty"},"schema":{"@context":"https:\/\/schema.org","@graph":[{"@type":"Article","@id":"https:\/\/favorite-news.com\/pl\/julia-slonska-zdewastowala-pomnik-w-warszawie\/#article","isPartOf":{"@id":"https:\/\/favorite-news.com\/pl\/julia-slonska-zdewastowala-pomnik-w-warszawie\/"},"author":{"name":"favorite-news","@id":"https:\/\/favorite-news.com\/pl\/#\/schema\/person\/b91573b717dcfa5e4696032a9d28d3e8"},"headline":"Julia S\u0142o\u0144ska zdewastowa\u0142a pomnik w Warszawie","datePublished":"2019-05-14T04:14:26+00:00","dateModified":"2019-05-14T04:14:27+00:00","mainEntityOfPage":{"@id":"https:\/\/favorite-news.com\/pl\/julia-slonska-zdewastowala-pomnik-w-warszawie\/"},"wordCount":592,"commentCount":0,"image":{"@id":"https:\/\/favorite-news.com\/pl\/julia-slonska-zdewastowala-pomnik-w-warszawie\/#primaryimage"},"thumbnailUrl":"https:\/\/favorite-news.com\/pl\/wp-content\/uploads\/sites\/6\/2019\/05\/Julia-S\u0142o\u0144ska-zdewastowa\u0142a-pomnik-w-Warszawie.jpg","articleSection":["WIADOMO\u015aCI MARKETINGOWE INTERNETOWE"],"inLanguage":"pl-PL","potentialAction":[{"@type":"CommentAction","name":"Comment","target":["https:\/\/favorite-news.com\/pl\/julia-slonska-zdewastowala-pomnik-w-warszawie\/#respond"]}]},{"@type":"WebPage","@id":"https:\/\/favorite-news.com\/pl\/julia-slonska-zdewastowala-pomnik-w-warszawie\/","url":"https:\/\/favorite-news.com\/pl\/julia-slonska-zdewastowala-pomnik-w-warszawie\/","name":"Julia S\u0142o\u0144ska zdewastowa\u0142a pomnik w Warszawie - Favorite News","isPartOf":{"@id":"https:\/\/favorite-news.com\/pl\/#website"},"primaryImageOfPage":{"@id":"https:\/\/favorite-news.com\/pl\/julia-slonska-zdewastowala-pomnik-w-warszawie\/#primaryimage"},"image":{"@id":"https:\/\/favorite-news.com\/pl\/julia-slonska-zdewastowala-pomnik-w-warszawie\/#primaryimage"},"thumbnailUrl":"https:\/\/favorite-news.com\/pl\/wp-content\/uploads\/sites\/6\/2019\/05\/Julia-S\u0142o\u0144ska-zdewastowa\u0142a-pomnik-w-Warszawie.jpg","datePublished":"2019-05-14T04:14:26+00:00","dateModified":"2019-05-14T04:14:27+00:00","author":{"@id":"https:\/\/favorite-news.com\/pl\/#\/schema\/person\/b91573b717dcfa5e4696032a9d28d3e8"},"breadcrumb":{"@id":"https:\/\/favorite-news.com\/pl\/julia-slonska-zdewastowala-pomnik-w-warszawie\/#breadcrumb"},"inLanguage":"pl-PL","potentialAction":[{"@type":"ReadAction","target":["https:\/\/favorite-news.com\/pl\/julia-slonska-zdewastowala-pomnik-w-warszawie\/"]}]},{"@type":"ImageObject","inLanguage":"pl-PL","@id":"https:\/\/favorite-news.com\/pl\/julia-slonska-zdewastowala-pomnik-w-warszawie\/#primaryimage","url":"https:\/\/favorite-news.com\/pl\/wp-content\/uploads\/sites\/6\/2019\/05\/Julia-S\u0142o\u0144ska-zdewastowa\u0142a-pomnik-w-Warszawie.jpg","contentUrl":"https:\/\/favorite-news.com\/pl\/wp-content\/uploads\/sites\/6\/2019\/05\/Julia-S\u0142o\u0144ska-zdewastowa\u0142a-pomnik-w-Warszawie.jpg","width":655,"height":532,"caption":"Article"},{"@type":"BreadcrumbList","@id":"https:\/\/favorite-news.com\/pl\/julia-slonska-zdewastowala-pomnik-w-warszawie\/#breadcrumb","itemListElement":[{"@type":"ListItem","position":1,"name":"Home","item":"https:\/\/favorite-news.com\/pl\/"},{"@type":"ListItem","position":2,"name":"Julia S\u0142o\u0144ska zdewastowa\u0142a pomnik w Warszawie"}]},{"@type":"WebSite","@id":"https:\/\/favorite-news.com\/pl\/#website","url":"https:\/\/favorite-news.com\/pl\/","name":"Favorite News","description":"Favorite News Polska","potentialAction":[{"@type":"SearchAction","target":{"@type":"EntryPoint","urlTemplate":"https:\/\/favorite-news.com\/pl\/?s={search_term_string}"},"query-input":{"@type":"PropertyValueSpecification","valueRequired":true,"valueName":"search_term_string"}}],"inLanguage":"pl-PL"},{"@type":"Person","@id":"https:\/\/favorite-news.com\/pl\/#\/schema\/person\/b91573b717dcfa5e4696032a9d28d3e8","name":"favorite-news","image":{"@type":"ImageObject","inLanguage":"pl-PL","@id":"https:\/\/secure.gravatar.com\/avatar\/6c5a5cb12b74e9d517ee91cf570335b7d16177f1977cc91db161adfa435945a7?s=96&d=mm&r=g","url":"https:\/\/secure.gravatar.com\/avatar\/6c5a5cb12b74e9d517ee91cf570335b7d16177f1977cc91db161adfa435945a7?s=96&d=mm&r=g","contentUrl":"https:\/\/secure.gravatar.com\/avatar\/6c5a5cb12b74e9d517ee91cf570335b7d16177f1977cc91db161adfa435945a7?s=96&d=mm&r=g","caption":"favorite-news"},"url":"https:\/\/favorite-news.com\/pl\/author\/pt\/"}]}},"_links":{"self":[{"href":"https:\/\/favorite-news.com\/pl\/wp-json\/wp\/v2\/posts\/556","targetHints":{"allow":["GET"]}}],"collection":[{"href":"https:\/\/favorite-news.com\/pl\/wp-json\/wp\/v2\/posts"}],"about":[{"href":"https:\/\/favorite-news.com\/pl\/wp-json\/wp\/v2\/types\/post"}],"author":[{"embeddable":true,"href":"https:\/\/favorite-news.com\/pl\/wp-json\/wp\/v2\/users\/2"}],"replies":[{"embeddable":true,"href":"https:\/\/favorite-news.com\/pl\/wp-json\/wp\/v2\/comments?post=556"}],"version-history":[{"count":1,"href":"https:\/\/favorite-news.com\/pl\/wp-json\/wp\/v2\/posts\/556\/revisions"}],"predecessor-version":[{"id":558,"href":"https:\/\/favorite-news.com\/pl\/wp-json\/wp\/v2\/posts\/556\/revisions\/558"}],"wp:featuredmedia":[{"embeddable":true,"href":"https:\/\/favorite-news.com\/pl\/wp-json\/wp\/v2\/media\/557"}],"wp:attachment":[{"href":"https:\/\/favorite-news.com\/pl\/wp-json\/wp\/v2\/media?parent=556"}],"wp:term":[{"taxonomy":"category","embeddable":true,"href":"https:\/\/favorite-news.com\/pl\/wp-json\/wp\/v2\/categories?post=556"},{"taxonomy":"post_tag","embeddable":true,"href":"https:\/\/favorite-news.com\/pl\/wp-json\/wp\/v2\/tags?post=556"}],"curies":[{"name":"wp","href":"https:\/\/api.w.org\/{rel}","templated":true}]}}