{"id":5513,"date":"2020-12-09T13:37:41","date_gmt":"2020-12-09T10:37:41","guid":{"rendered":"https:\/\/favorite-news.com\/pl\/media-group-i-unlimited-wypromuja-fundusze-europejskie\/"},"modified":"2020-12-09T13:37:44","modified_gmt":"2020-12-09T10:37:44","slug":"media-group-i-unlimited-wypromuja-fundusze-europejskie","status":"publish","type":"post","link":"https:\/\/favorite-news.com\/pl\/media-group-i-unlimited-wypromuja-fundusze-europejskie\/","title":{"rendered":"Media Group i Unlimited wypromuj\u0105 Fundusze Europejskie"},"content":{"rendered":"<p>W przetargu na obs\u0142ug\u0119 promocyjn\u0105 marki Fundusze Europejskie wp\u0142yn\u0119\u0142y 4 oferty: od Five Media oraz od 3 konsorcj\u00f3w: Havas Warsaw i Effectiive Media Solutions, Media Group i Unlimited oraz agencji reklamowej dsk i ClickAd Interactive. &#13;<br \/>\n&#13;<br \/>\nZaproponowane przez poszczeg\u00f3lnych uczestnik\u00f3w przetargu oferty cenowe nie zosta\u0142y upublicznione, bo niekt\u00f3re z agencji podaj\u0105c w nim ceny jednostkowe dla okre\u015blonych dzia\u0142a\u0144 zastrzeg\u0142y te informacje, jako stanowi\u0105ce tajemnic\u0119 przedsi\u0119biorstwa.&#13;<br \/>\n&#13;<br \/>\nResort do wsp\u00f3\u0142pracy wybra\u0142 konsorcjum Media Group i Unlimited. Agencje te zajm\u0105 si\u0119 m.in. opracowaniem i wdro\u017ceniem strategii kampanii, opracowaniem jej koncepcji kreatywnej oraz realizacj\u0105 kampanii.&#13;<br \/>\n&#13;<br \/>\nNa tzw. zam\u00f3wienie podstawowe resort planuje przeznaczy\u0107 6,15 mln z\u0142 brutto, a je\u015bli umowa zostanie przed\u0142u\u017cona &#8211; do\u0142o\u017cy kolejne 3,075 mln z\u0142.&#13;<br \/>\n&#13;<br \/>\nResort podaje, \u017ce kampania b\u0119dzie istotnym elementem wspieraj\u0105cym realizacj\u0119 \u201eStrategii komunikacji polityki sp\u00f3jno\u015bci na lata 2014-2020\u201d oraz dzia\u0142a\u0144 komunikacyjnych po\u015bwi\u0119conych FE w Polsce na lata 2021-2027.&#13;<br \/>\n&#13;<br \/>\nOkres wykorzystania \u015brodk\u00f3w UE przyznanych Polsce na lata 2014-2020 dobiega ko\u0144ca. Poprzez kampani\u0119 ministerstwo chce zwi\u0119kszy\u0107 widoczno\u015b\u0107 efekt\u00f3w polityki sp\u00f3jno\u015bci UE, tj. pokaza\u0107, jakie inwestycje zrealizowano z przyznanych FE na lata 2014-2020 i zmotywowa\u0107 odbiorc\u00f3w do skorzystania z pozosta\u0142ej jeszcze oferty FE.R\u00f3wnocze\u015bnie chce zainteresowa\u0107 potencjalnych projektodawc\u00f3w wst\u0119pn\u0105 ofert\u0105 \u015brodk\u00f3w na lata 2021-2027.&#13;<br \/>\n&#13;<br \/>\nZaplanowane dzia\u0142ania maj\u0105 na celu eksponowanie i promowanie zmian powsta\u0142ych w wyniku realizacji projekt\u00f3w wsp\u00f3\u0142finansowanych z FE, kt\u00f3re nast\u0105pi\u0142y w Polsce, regionie i w najbli\u017cszym otoczeniu odbiorc\u00f3w komunikat\u00f3w; pokazanie pozytywnych przyk\u0142ad\u00f3w wykorzystania FE, lider\u00f3w zmian oraz z perspektywy indywidualnych korzy\u015bci. Maj\u0105 te\u017c edukowa\u0107, w jaki spos\u00f3b mo\u017cna si\u0119gn\u0105\u0107 po FE. Ich celem jest r\u00f3wnie\u017c zmiana postawy os\u00f3b, kt\u00f3re mog\u0105 skorzysta\u0107 z FE, ale z r\u00f3\u017cnych przyczyn tego nie robi\u0105.&#13;<br \/>\n                            &#13;<br \/>\n&#13;<br \/>\n                            &#13;<br \/>\n                            &#13;<br \/>\n                                                            &#13;<br \/>\n&#13;<br \/>\n                            &#13;<\/p>\n<p>\n<!--noindex--><br \/>\n<a href=\"https:\/\/www.wirtualnemedia.pl\/artykul\/media-group-i-unlimited-wypromuja-fundusze-europejskie\" rel=\"nofollow\">Source link <\/a><br \/>\n<!--\/noindex--><\/p>\n","protected":false},"excerpt":{"rendered":"<p>W przetargu na obs\u0142ug\u0119 promocyjn\u0105 marki Fundusze Europejskie wp\u0142yn\u0119\u0142y 4 oferty: od Five Media oraz od 3 konsorcj\u00f3w: Havas Warsaw i Effectiive Media Solutions, Media Group i Unlimited oraz agencji reklamowej dsk i ClickAd Interactive. &#13; &#13; Zaproponowane przez poszczeg\u00f3lnych uczestnik\u00f3w przetargu oferty cenowe nie zosta\u0142y upublicznione, bo niekt\u00f3re z agencji podaj\u0105c w nim ceny [&hellip;]<\/p>\n","protected":false},"author":2,"featured_media":5514,"comment_status":"open","ping_status":"open","sticky":false,"template":"","format":"standard","meta":{"footnotes":""},"categories":[2],"tags":[],"class_list":["post-5513","post","type-post","status-publish","format-standard","has-post-thumbnail","hentry","category-wiadomosci-marketingowe-internetowe"],"yoast_head":"<!-- This site is optimized with the Yoast SEO plugin v27.4 - https:\/\/yoast.com\/product\/yoast-seo-wordpress\/ -->\n<title>Media Group i Unlimited wypromuj\u0105 Fundusze Europejskie - Favorite News<\/title>\n<meta name=\"robots\" content=\"index, follow, max-snippet:-1, max-image-preview:large, max-video-preview:-1\" \/>\n<link rel=\"canonical\" href=\"https:\/\/favorite-news.com\/pl\/media-group-i-unlimited-wypromuja-fundusze-europejskie\/\" \/>\n<meta property=\"og:locale\" content=\"pl_PL\" \/>\n<meta property=\"og:type\" content=\"article\" \/>\n<meta property=\"og:title\" content=\"Media Group i Unlimited wypromuj\u0105 Fundusze Europejskie - Favorite News\" \/>\n<meta property=\"og:description\" content=\"W przetargu na obs\u0142ug\u0119 promocyjn\u0105 marki Fundusze Europejskie wp\u0142yn\u0119\u0142y 4 oferty: od Five Media oraz od 3 konsorcj\u00f3w: Havas Warsaw i Effectiive Media Solutions, Media Group i Unlimited oraz agencji reklamowej dsk i ClickAd Interactive. &#013; &#013; Zaproponowane przez poszczeg\u00f3lnych uczestnik\u00f3w przetargu oferty cenowe nie zosta\u0142y upublicznione, bo niekt\u00f3re z agencji podaj\u0105c w nim ceny [&hellip;]\" \/>\n<meta property=\"og:url\" content=\"https:\/\/favorite-news.com\/pl\/media-group-i-unlimited-wypromuja-fundusze-europejskie\/\" \/>\n<meta property=\"og:site_name\" content=\"Favorite News\" \/>\n<meta property=\"article:published_time\" content=\"2020-12-09T10:37:41+00:00\" \/>\n<meta property=\"article:modified_time\" content=\"2020-12-09T10:37:44+00:00\" \/>\n<meta property=\"og:image\" content=\"https:\/\/favorite-news.com\/pl\/wp-content\/uploads\/sites\/6\/2020\/12\/Media-Group-i-Unlimited-wypromuja-Fundusze-Europejskie.png\" \/>\n\t<meta property=\"og:image:width\" content=\"655\" \/>\n\t<meta property=\"og:image:height\" content=\"433\" \/>\n\t<meta property=\"og:image:type\" content=\"image\/png\" \/>\n<meta name=\"author\" content=\"favorite-news\" \/>\n<meta name=\"twitter:card\" content=\"summary_large_image\" \/>\n<meta name=\"twitter:label1\" content=\"Napisane przez\" \/>\n\t<meta name=\"twitter:data1\" content=\"favorite-news\" \/>\n\t<meta name=\"twitter:label2\" content=\"Szacowany czas czytania\" \/>\n\t<meta name=\"twitter:data2\" content=\"2 minuty\" \/>\n<script type=\"application\/ld+json\" class=\"yoast-schema-graph\">{\"@context\":\"https:\\\/\\\/schema.org\",\"@graph\":[{\"@type\":\"Article\",\"@id\":\"https:\\\/\\\/favorite-news.com\\\/pl\\\/media-group-i-unlimited-wypromuja-fundusze-europejskie\\\/#article\",\"isPartOf\":{\"@id\":\"https:\\\/\\\/favorite-news.com\\\/pl\\\/media-group-i-unlimited-wypromuja-fundusze-europejskie\\\/\"},\"author\":{\"name\":\"favorite-news\",\"@id\":\"https:\\\/\\\/favorite-news.com\\\/pl\\\/#\\\/schema\\\/person\\\/b91573b717dcfa5e4696032a9d28d3e8\"},\"headline\":\"Media Group i Unlimited wypromuj\u0105 Fundusze Europejskie\",\"datePublished\":\"2020-12-09T10:37:41+00:00\",\"dateModified\":\"2020-12-09T10:37:44+00:00\",\"mainEntityOfPage\":{\"@id\":\"https:\\\/\\\/favorite-news.com\\\/pl\\\/media-group-i-unlimited-wypromuja-fundusze-europejskie\\\/\"},\"wordCount\":329,\"commentCount\":0,\"image\":{\"@id\":\"https:\\\/\\\/favorite-news.com\\\/pl\\\/media-group-i-unlimited-wypromuja-fundusze-europejskie\\\/#primaryimage\"},\"thumbnailUrl\":\"https:\\\/\\\/favorite-news.com\\\/pl\\\/wp-content\\\/uploads\\\/sites\\\/6\\\/2020\\\/12\\\/Media-Group-i-Unlimited-wypromuja-Fundusze-Europejskie.png\",\"articleSection\":[\"WIADOMO\u015aCI MARKETINGOWE INTERNETOWE\"],\"inLanguage\":\"pl-PL\",\"potentialAction\":[{\"@type\":\"CommentAction\",\"name\":\"Comment\",\"target\":[\"https:\\\/\\\/favorite-news.com\\\/pl\\\/media-group-i-unlimited-wypromuja-fundusze-europejskie\\\/#respond\"]}]},{\"@type\":\"WebPage\",\"@id\":\"https:\\\/\\\/favorite-news.com\\\/pl\\\/media-group-i-unlimited-wypromuja-fundusze-europejskie\\\/\",\"url\":\"https:\\\/\\\/favorite-news.com\\\/pl\\\/media-group-i-unlimited-wypromuja-fundusze-europejskie\\\/\",\"name\":\"Media Group i Unlimited wypromuj\u0105 Fundusze Europejskie - Favorite News\",\"isPartOf\":{\"@id\":\"https:\\\/\\\/favorite-news.com\\\/pl\\\/#website\"},\"primaryImageOfPage\":{\"@id\":\"https:\\\/\\\/favorite-news.com\\\/pl\\\/media-group-i-unlimited-wypromuja-fundusze-europejskie\\\/#primaryimage\"},\"image\":{\"@id\":\"https:\\\/\\\/favorite-news.com\\\/pl\\\/media-group-i-unlimited-wypromuja-fundusze-europejskie\\\/#primaryimage\"},\"thumbnailUrl\":\"https:\\\/\\\/favorite-news.com\\\/pl\\\/wp-content\\\/uploads\\\/sites\\\/6\\\/2020\\\/12\\\/Media-Group-i-Unlimited-wypromuja-Fundusze-Europejskie.png\",\"datePublished\":\"2020-12-09T10:37:41+00:00\",\"dateModified\":\"2020-12-09T10:37:44+00:00\",\"author\":{\"@id\":\"https:\\\/\\\/favorite-news.com\\\/pl\\\/#\\\/schema\\\/person\\\/b91573b717dcfa5e4696032a9d28d3e8\"},\"breadcrumb\":{\"@id\":\"https:\\\/\\\/favorite-news.com\\\/pl\\\/media-group-i-unlimited-wypromuja-fundusze-europejskie\\\/#breadcrumb\"},\"inLanguage\":\"pl-PL\",\"potentialAction\":[{\"@type\":\"ReadAction\",\"target\":[\"https:\\\/\\\/favorite-news.com\\\/pl\\\/media-group-i-unlimited-wypromuja-fundusze-europejskie\\\/\"]}]},{\"@type\":\"ImageObject\",\"inLanguage\":\"pl-PL\",\"@id\":\"https:\\\/\\\/favorite-news.com\\\/pl\\\/media-group-i-unlimited-wypromuja-fundusze-europejskie\\\/#primaryimage\",\"url\":\"https:\\\/\\\/favorite-news.com\\\/pl\\\/wp-content\\\/uploads\\\/sites\\\/6\\\/2020\\\/12\\\/Media-Group-i-Unlimited-wypromuja-Fundusze-Europejskie.png\",\"contentUrl\":\"https:\\\/\\\/favorite-news.com\\\/pl\\\/wp-content\\\/uploads\\\/sites\\\/6\\\/2020\\\/12\\\/Media-Group-i-Unlimited-wypromuja-Fundusze-Europejskie.png\",\"width\":655,\"height\":433,\"caption\":\"Article\"},{\"@type\":\"BreadcrumbList\",\"@id\":\"https:\\\/\\\/favorite-news.com\\\/pl\\\/media-group-i-unlimited-wypromuja-fundusze-europejskie\\\/#breadcrumb\",\"itemListElement\":[{\"@type\":\"ListItem\",\"position\":1,\"name\":\"Home\",\"item\":\"https:\\\/\\\/favorite-news.com\\\/pl\\\/\"},{\"@type\":\"ListItem\",\"position\":2,\"name\":\"Media Group i Unlimited wypromuj\u0105 Fundusze Europejskie\"}]},{\"@type\":\"WebSite\",\"@id\":\"https:\\\/\\\/favorite-news.com\\\/pl\\\/#website\",\"url\":\"https:\\\/\\\/favorite-news.com\\\/pl\\\/\",\"name\":\"Favorite News\",\"description\":\"Favorite News Polska\",\"potentialAction\":[{\"@type\":\"SearchAction\",\"target\":{\"@type\":\"EntryPoint\",\"urlTemplate\":\"https:\\\/\\\/favorite-news.com\\\/pl\\\/?s={search_term_string}\"},\"query-input\":{\"@type\":\"PropertyValueSpecification\",\"valueRequired\":true,\"valueName\":\"search_term_string\"}}],\"inLanguage\":\"pl-PL\"},{\"@type\":\"Person\",\"@id\":\"https:\\\/\\\/favorite-news.com\\\/pl\\\/#\\\/schema\\\/person\\\/b91573b717dcfa5e4696032a9d28d3e8\",\"name\":\"favorite-news\",\"image\":{\"@type\":\"ImageObject\",\"inLanguage\":\"pl-PL\",\"@id\":\"https:\\\/\\\/secure.gravatar.com\\\/avatar\\\/6c5a5cb12b74e9d517ee91cf570335b7d16177f1977cc91db161adfa435945a7?s=96&d=mm&r=g\",\"url\":\"https:\\\/\\\/secure.gravatar.com\\\/avatar\\\/6c5a5cb12b74e9d517ee91cf570335b7d16177f1977cc91db161adfa435945a7?s=96&d=mm&r=g\",\"contentUrl\":\"https:\\\/\\\/secure.gravatar.com\\\/avatar\\\/6c5a5cb12b74e9d517ee91cf570335b7d16177f1977cc91db161adfa435945a7?s=96&d=mm&r=g\",\"caption\":\"favorite-news\"},\"url\":\"https:\\\/\\\/favorite-news.com\\\/pl\\\/author\\\/pt\\\/\"}]}<\/script>\n<!-- \/ Yoast SEO plugin. -->","yoast_head_json":{"title":"Media Group i Unlimited wypromuj\u0105 Fundusze Europejskie - Favorite News","robots":{"index":"index","follow":"follow","max-snippet":"max-snippet:-1","max-image-preview":"max-image-preview:large","max-video-preview":"max-video-preview:-1"},"canonical":"https:\/\/favorite-news.com\/pl\/media-group-i-unlimited-wypromuja-fundusze-europejskie\/","og_locale":"pl_PL","og_type":"article","og_title":"Media Group i Unlimited wypromuj\u0105 Fundusze Europejskie - Favorite News","og_description":"W przetargu na obs\u0142ug\u0119 promocyjn\u0105 marki Fundusze Europejskie wp\u0142yn\u0119\u0142y 4 oferty: od Five Media oraz od 3 konsorcj\u00f3w: Havas Warsaw i Effectiive Media Solutions, Media Group i Unlimited oraz agencji reklamowej dsk i ClickAd Interactive. &#13; &#13; Zaproponowane przez poszczeg\u00f3lnych uczestnik\u00f3w przetargu oferty cenowe nie zosta\u0142y upublicznione, bo niekt\u00f3re z agencji podaj\u0105c w nim ceny [&hellip;]","og_url":"https:\/\/favorite-news.com\/pl\/media-group-i-unlimited-wypromuja-fundusze-europejskie\/","og_site_name":"Favorite News","article_published_time":"2020-12-09T10:37:41+00:00","article_modified_time":"2020-12-09T10:37:44+00:00","og_image":[{"width":655,"height":433,"url":"https:\/\/favorite-news.com\/pl\/wp-content\/uploads\/sites\/6\/2020\/12\/Media-Group-i-Unlimited-wypromuja-Fundusze-Europejskie.png","type":"image\/png"}],"author":"favorite-news","twitter_card":"summary_large_image","twitter_misc":{"Napisane przez":"favorite-news","Szacowany czas czytania":"2 minuty"},"schema":{"@context":"https:\/\/schema.org","@graph":[{"@type":"Article","@id":"https:\/\/favorite-news.com\/pl\/media-group-i-unlimited-wypromuja-fundusze-europejskie\/#article","isPartOf":{"@id":"https:\/\/favorite-news.com\/pl\/media-group-i-unlimited-wypromuja-fundusze-europejskie\/"},"author":{"name":"favorite-news","@id":"https:\/\/favorite-news.com\/pl\/#\/schema\/person\/b91573b717dcfa5e4696032a9d28d3e8"},"headline":"Media Group i Unlimited wypromuj\u0105 Fundusze Europejskie","datePublished":"2020-12-09T10:37:41+00:00","dateModified":"2020-12-09T10:37:44+00:00","mainEntityOfPage":{"@id":"https:\/\/favorite-news.com\/pl\/media-group-i-unlimited-wypromuja-fundusze-europejskie\/"},"wordCount":329,"commentCount":0,"image":{"@id":"https:\/\/favorite-news.com\/pl\/media-group-i-unlimited-wypromuja-fundusze-europejskie\/#primaryimage"},"thumbnailUrl":"https:\/\/favorite-news.com\/pl\/wp-content\/uploads\/sites\/6\/2020\/12\/Media-Group-i-Unlimited-wypromuja-Fundusze-Europejskie.png","articleSection":["WIADOMO\u015aCI MARKETINGOWE INTERNETOWE"],"inLanguage":"pl-PL","potentialAction":[{"@type":"CommentAction","name":"Comment","target":["https:\/\/favorite-news.com\/pl\/media-group-i-unlimited-wypromuja-fundusze-europejskie\/#respond"]}]},{"@type":"WebPage","@id":"https:\/\/favorite-news.com\/pl\/media-group-i-unlimited-wypromuja-fundusze-europejskie\/","url":"https:\/\/favorite-news.com\/pl\/media-group-i-unlimited-wypromuja-fundusze-europejskie\/","name":"Media Group i Unlimited wypromuj\u0105 Fundusze Europejskie - Favorite News","isPartOf":{"@id":"https:\/\/favorite-news.com\/pl\/#website"},"primaryImageOfPage":{"@id":"https:\/\/favorite-news.com\/pl\/media-group-i-unlimited-wypromuja-fundusze-europejskie\/#primaryimage"},"image":{"@id":"https:\/\/favorite-news.com\/pl\/media-group-i-unlimited-wypromuja-fundusze-europejskie\/#primaryimage"},"thumbnailUrl":"https:\/\/favorite-news.com\/pl\/wp-content\/uploads\/sites\/6\/2020\/12\/Media-Group-i-Unlimited-wypromuja-Fundusze-Europejskie.png","datePublished":"2020-12-09T10:37:41+00:00","dateModified":"2020-12-09T10:37:44+00:00","author":{"@id":"https:\/\/favorite-news.com\/pl\/#\/schema\/person\/b91573b717dcfa5e4696032a9d28d3e8"},"breadcrumb":{"@id":"https:\/\/favorite-news.com\/pl\/media-group-i-unlimited-wypromuja-fundusze-europejskie\/#breadcrumb"},"inLanguage":"pl-PL","potentialAction":[{"@type":"ReadAction","target":["https:\/\/favorite-news.com\/pl\/media-group-i-unlimited-wypromuja-fundusze-europejskie\/"]}]},{"@type":"ImageObject","inLanguage":"pl-PL","@id":"https:\/\/favorite-news.com\/pl\/media-group-i-unlimited-wypromuja-fundusze-europejskie\/#primaryimage","url":"https:\/\/favorite-news.com\/pl\/wp-content\/uploads\/sites\/6\/2020\/12\/Media-Group-i-Unlimited-wypromuja-Fundusze-Europejskie.png","contentUrl":"https:\/\/favorite-news.com\/pl\/wp-content\/uploads\/sites\/6\/2020\/12\/Media-Group-i-Unlimited-wypromuja-Fundusze-Europejskie.png","width":655,"height":433,"caption":"Article"},{"@type":"BreadcrumbList","@id":"https:\/\/favorite-news.com\/pl\/media-group-i-unlimited-wypromuja-fundusze-europejskie\/#breadcrumb","itemListElement":[{"@type":"ListItem","position":1,"name":"Home","item":"https:\/\/favorite-news.com\/pl\/"},{"@type":"ListItem","position":2,"name":"Media Group i Unlimited wypromuj\u0105 Fundusze Europejskie"}]},{"@type":"WebSite","@id":"https:\/\/favorite-news.com\/pl\/#website","url":"https:\/\/favorite-news.com\/pl\/","name":"Favorite News","description":"Favorite News Polska","potentialAction":[{"@type":"SearchAction","target":{"@type":"EntryPoint","urlTemplate":"https:\/\/favorite-news.com\/pl\/?s={search_term_string}"},"query-input":{"@type":"PropertyValueSpecification","valueRequired":true,"valueName":"search_term_string"}}],"inLanguage":"pl-PL"},{"@type":"Person","@id":"https:\/\/favorite-news.com\/pl\/#\/schema\/person\/b91573b717dcfa5e4696032a9d28d3e8","name":"favorite-news","image":{"@type":"ImageObject","inLanguage":"pl-PL","@id":"https:\/\/secure.gravatar.com\/avatar\/6c5a5cb12b74e9d517ee91cf570335b7d16177f1977cc91db161adfa435945a7?s=96&d=mm&r=g","url":"https:\/\/secure.gravatar.com\/avatar\/6c5a5cb12b74e9d517ee91cf570335b7d16177f1977cc91db161adfa435945a7?s=96&d=mm&r=g","contentUrl":"https:\/\/secure.gravatar.com\/avatar\/6c5a5cb12b74e9d517ee91cf570335b7d16177f1977cc91db161adfa435945a7?s=96&d=mm&r=g","caption":"favorite-news"},"url":"https:\/\/favorite-news.com\/pl\/author\/pt\/"}]}},"_links":{"self":[{"href":"https:\/\/favorite-news.com\/pl\/wp-json\/wp\/v2\/posts\/5513","targetHints":{"allow":["GET"]}}],"collection":[{"href":"https:\/\/favorite-news.com\/pl\/wp-json\/wp\/v2\/posts"}],"about":[{"href":"https:\/\/favorite-news.com\/pl\/wp-json\/wp\/v2\/types\/post"}],"author":[{"embeddable":true,"href":"https:\/\/favorite-news.com\/pl\/wp-json\/wp\/v2\/users\/2"}],"replies":[{"embeddable":true,"href":"https:\/\/favorite-news.com\/pl\/wp-json\/wp\/v2\/comments?post=5513"}],"version-history":[{"count":1,"href":"https:\/\/favorite-news.com\/pl\/wp-json\/wp\/v2\/posts\/5513\/revisions"}],"predecessor-version":[{"id":5515,"href":"https:\/\/favorite-news.com\/pl\/wp-json\/wp\/v2\/posts\/5513\/revisions\/5515"}],"wp:featuredmedia":[{"embeddable":true,"href":"https:\/\/favorite-news.com\/pl\/wp-json\/wp\/v2\/media\/5514"}],"wp:attachment":[{"href":"https:\/\/favorite-news.com\/pl\/wp-json\/wp\/v2\/media?parent=5513"}],"wp:term":[{"taxonomy":"category","embeddable":true,"href":"https:\/\/favorite-news.com\/pl\/wp-json\/wp\/v2\/categories?post=5513"},{"taxonomy":"post_tag","embeddable":true,"href":"https:\/\/favorite-news.com\/pl\/wp-json\/wp\/v2\/tags?post=5513"}],"curies":[{"name":"wp","href":"https:\/\/api.w.org\/{rel}","templated":true}]}}