{"id":5507,"date":"2020-12-08T13:32:31","date_gmt":"2020-12-08T10:32:31","guid":{"rendered":"https:\/\/favorite-news.com\/pl\/foodcare-klientem-sigma-bis-czy-agencja-pozyska-do-wspolpracy-kolejne-firmy-prywatne\/"},"modified":"2020-12-08T13:32:32","modified_gmt":"2020-12-08T10:32:32","slug":"foodcare-klientem-sigma-bis-czy-agencja-pozyska-do-wspolpracy-kolejne-firmy-prywatne","status":"publish","type":"post","link":"https:\/\/favorite-news.com\/pl\/foodcare-klientem-sigma-bis-czy-agencja-pozyska-do-wspolpracy-kolejne-firmy-prywatne\/","title":{"rendered":"FoodCare klientem Sigma BiS. Czy agencja pozyska do wsp\u00f3\u0142pracy kolejne firmy prywatne?"},"content":{"rendered":"<p>Sigma Bis, wsp\u00f3lna agencja mediowa PKN Orlen i PZU poinformowa\u0142a, \u017ce rozpocz\u0119\u0142a wsp\u00f3\u0142prac\u0119 z firm\u0105 FoodCare, w\u0142a\u015bcicielem takich marek jak Frugo, Black czy Gellwe. Obecnie realizuje dla niej grudniow\u0105 kampani\u0119 telewizyjn\u0105 produkt\u00f3w Gellwe wspieranych loteri\u0105. Agencja jest r\u00f3wnie\u017c w trakcie przygotowywania kolejnych projekt\u00f3w dla innych partner\u00f3w.&#13;<br \/>\n&#13;<br \/>\n&#8211; Rozwijamy nasze kompetencje na rynku medi\u00f3w, wpisuj\u0105c si\u0119 w ten spos\u00f3b w globalne trendy.\u00a0 Strategia kt\u00f3r\u0105 obrali\u015bmy, ju\u017c dzisiaj przynosi wymierne korzy\u015bci. Stosunkowo m\u0142ody podmiot jakim jest Sigma Bis konsekwentnie buduje swoj\u0105 pozycj\u0119 na rynku. Przejmujemy sp\u00f3\u0142k\u0119 Ruch, kt\u00f3ra uzupe\u0142ni portfolio PKN Orlen i umo\u017cliwi realizacj\u0119 strategicznych cel\u00f3w w obszarze wzmacniania relacji z klientami i budowania kompleksowej oferty nowoczesnych us\u0142ug. W ten spos\u00f3b efektywnie wzmacniamy dzia\u0142alno\u015b\u0107 biznesow\u0105 ca\u0142ej Grupy Orlen &#8211; m\u00f3wi Adam Burak, cz\u0142onek zarz\u0105du PKN Orlen ds. komunikacji i marketingu, nadzoruj\u0105cy projekt Sigma Bis.&#13;<br \/>\n&#13;<br \/>\n&#8211; Mocno stawiamy na dynamiczny rozw\u00f3j i cieszymy si\u0119, \u017ce oferta Sigmy Bis zosta\u0142a wybrana przez firm\u0119 FoodCare. To dow\u00f3d na to, i\u017c poziom i jako\u015b\u0107 us\u0142ug \u015bwiadczonych przez nasz profesjonalny zesp\u00f3\u0142 odpowiada oczekiwaniom najbardziej wymagaj\u0105cych reklamodawc\u00f3w. To r\u00f3wnie\u017c efekt konsekwentnej budowy konkurencyjnej pozycji naszej firmy na rynku &#8211; dodaje Marcin Dec, prezes Sigma Bis.&#13;<br \/>\n&#13;<br \/>\nFoodCare i Ruch to kolejne firmy, kt\u00f3re do\u0142\u0105czy\u0142y do grona klient\u00f3w Sigma Bis. Ostatnio agencja rozpocz\u0119\u0142a wsp\u00f3\u0142prac\u0119 ze sp\u00f3\u0142k\u0105 Energa z Grupy Orlen. Pracuje te\u017c dla Orlenu i PZU, niebawem rozpocznie obs\u0142ug\u0119 mediow\u0105 Link4. Jak informuje sp\u00f3\u0142ka, Sigma Bis zrealizowa\u0142a ju\u017c kilkaset projekt\u00f3w dla wszystkich swoich akcjonariuszy. To m.in. \u201eTanie Tankowanie&#8221;, \u201e#WspieramyPolsk\u0119&#8221; i \u201e100. rocznica Bitwy Warszawskiej. Droga do zwyci\u0119stwa&#8221; dla Grupy ORLEN oraz \u201eMaraton Warszawski&#8221;, \u201eSolidarni z Bia\u0142orusi\u0105&#8221; i \u201eAutopomoc Prawna&#8221; dla Grupy PZU.&#13;<br \/>\n&#13;<br \/>\nFoodCare jest pierwsz\u0105 firm\u0105 nienale\u017c\u0105c\u0105 do Skarbu Pa\u0144stwa, kt\u00f3ra do\u0142\u0105cza do klient\u00f3w Sigmy Bis. Jest te\u017c pierwszym pozyskanym przez t\u0119 agencj\u0119 klientem po obj\u0119ciu w niej funkcji prezesa przez Marcina Deca, wieloletniego szefa domu mediowego Initiative (Mediabrands).&#13;<br \/>\n&#13;<br \/>\nCena coraz wa\u017cniejszym kryterium wyboru&#13;<br \/>\n&#13;<br \/>\n&#13;<br \/>\n\t\t\tEksperci z dom\u00f3w mediowych niech\u0119tnie komentuj\u0105 dzia\u0142alno\u015b\u0107 Sigma Bis. Nieoficjalnie uda\u0142o nam si\u0119 dowiedzie\u0107, \u017ce zdobycie bud\u017cetu mediowego FoodCare przez t\u0119 agencj\u0119 nie by\u0142o dla rynku wielkim zaskoczeniem. To podobno reklamodawca, do kt\u00f3rego wiele dom\u00f3w mediowych i agencji podchodzi sceptycznie lub otwarcie m\u00f3wi\u0105, \u017ce nie chc\u0105 z nim wsp\u00f3\u0142pracowa\u0107, bo to finansowo klient du\u017cego ryzyka.&#13;<br \/>\n&#13;<br \/>\nMedia do ubieg\u0142orocznych kampanii FoodCare\u00a0 planowa\u0142a i kupowa\u0142a agencja mediowa Zenith (Publicis Worldwide).&#13;<br \/>\n&#13;<br \/>\nDla Ewy G\u00f3ralskiej, dyrektorki zarz\u0105dzaj\u0105cej MullenLowe MediaHub jest oczywiste, \u017ce Sigma Bis b\u0119dzie d\u0105\u017cy\u0142a do tego, aby uwiarygadnia\u0107 sw\u00f3j wizerunek jako profesjonalnego, neutralnego podmiotu na rynku dom\u00f3w mediowych.&#13;<br \/>\n&#13;<br \/>\n&#8211; Zatrudnienie ekspert\u00f3w z rynku, pozyskania Marcina Deca jako szefa firmy by\u0142o pierwszym krokiem, poszerzanie portfolio klient\u00f3w o tych spoza \u00a0obszaru sp\u00f3\u0142ek Skarbu Pa\u0144stwa b\u0119dzie krokiem nast\u0119pnym. Czy mamy traktowa\u0107 Sigm\u0119 Bis jako potencjalnego konkurenta? Znaj\u0105c realia naszego polskiego rynku, gdy bardzo trudno czasami okre\u015bli\u0107 jakie konkretne powody decyduj\u0105 o wygranych w przetargach, absolutnie nie lekcewa\u017cy\u0142abym tego podmiotu i jego mo\u017cliwo\u015bci. Ka\u017cdy klient \u00a0podczas wyboru domu mediowego zwraca uwag\u0119 na co\u015b innego. Niekt\u00f3rzy \u00a0na jako\u015bciow\u0105 sp\u00f3jn\u0105 strategi\u0119 i pomys\u0142, inni na rzetelne zrozumienie i policzenie zwrotu z mediowej \u00a0inwestycji i zrozumienie biznesu, jeszcze inni na po prostu cen\u0119 &#8211; bez wzgl\u0119du na wszystko. \u00a0Z niepokojem obserwuj\u0119 ten ostatni trend d\u0105\u017cenia do najni\u017cszej ceny &#8211; niestety sytuacja pandemii mo\u017ce go pog\u0142\u0119bia\u0107 &#8211; m\u00f3wi Ewa G\u00f3ralska.&#13;<br \/>\n&#13;<br \/>\nRynek reklamowy b\u0119dzie spolaryzowany politycznie?&#13;<br \/>\n&#13;<br \/>\nR\u00f3wnie\u017c Weronika Szwarc-Bronikowska, wiceprezeska zarz\u0105du, partnerka w Media People uwa\u017ca, \u017ce uwiarygodni\u0107 Sigm\u0119 Bis na rynku mo\u017ce w\u0142a\u015bnie zatrudnienie w niej managera z tak du\u017cym do\u015bwiadczeniem w pracy z r\u00f3\u017cnorodnymi klientami i w mi\u0119dzynarodowym otoczeniu reklamowym jak Marcin Dec.&#13;<br \/>\n&#13;<br \/>\n&#8211; Przyk\u0142ad Sigma Bis dobitnie pokazuje, \u017ce jest coraz wi\u0119cej miejsca dla niesieciowych, polskich \u00a0dom\u00f3w mediowych, kt\u00f3re z powodzeniem mog\u0105 konkurowa\u0107 ofert\u0105 z mi\u0119dzynarodowych, sieciowych korporacji. Wida\u0107 te\u017c, \u017ce lokalne przedsi\u0119wzi\u0119cia atrakcyjne s\u0105 jako pracodawcy dla manager\u00f3w z du\u017cym, mi\u0119dzynarodowym do\u015bwiadczeniem. Pokazuje to r\u00f3wnie\u017c, \u017ce przy tworzeniu sp\u00f3jnych i efektywnych strategii komunikacyjnych wa\u017cnym i niezast\u0105pionym elementem s\u0105 przede wszystkich do\u015bwiadczeni eksperci. Pokusi\u0142abym si\u0119 o stwierdzenie, \u017ce tzw. czynnik ludzki jest kluczowy. Jeste\u015bmy gor\u0105cymi zwolennikami tej tezy \u00a0od lat, \u00a0dlatego wraz moim wsp\u00f3lnikiem Micha\u0142em Pola\u0144skim, z powodzeniem prowadzimy biznesy w tak konkurencyjnym \u015brodowisku biznesowym &#8211; podkre\u015bla ekspertka.&#13;<br \/>\n&#13;<br \/>\nJeden z manager\u00f3w dzia\u0142aj\u0105cego od lat domu mediowego m\u00f3wi nam anonimowo, \u017ce w pierwszej kolejno\u015bci klientami Sigmy Bis zostan\u0105 ci reklamodawcy, kt\u00f3rzy z r\u00f3\u017cnych wzgl\u0119d\u00f3w chc\u0105 pracowa\u0107 konkretnie z tym podmiotem.&#13;<br \/>\n&#13;<br \/>\n&#8211; I te\u017c w \u017caden spos\u00f3b nie stygmatyzowa\u0142bym tego, bo nie jest niczym nadzwyczajnym &#8211; tak\u017ce na rynku komercyjnym cz\u0119sto zdarza si\u0119, \u017ce Firma X chce pracowa\u0107 z Agencj\u0105 Y (ze wzgl\u0119du na dobre do\u015bwiadczenia z osobami tam pracuj\u0105cymi w poprzednich miejscach pracy, ze wzgl\u0119du na dobr\u0105 opini\u0119 etc). I je\u015bli idzie za tym efektywno\u015b\u0107 kosztowa, to obie strony na tym wygrywaj\u0105 &#8211; opisuje nasz rozm\u00f3wca.&#13;<br \/>\n&#13;<br \/>\n&#8211; My\u015bl\u0119 jednak, \u017ce niepr\u0119dko doczekamy si\u0119 czas\u00f3w, w kt\u00f3rych Sigma Bis b\u0119dzie traktowana na r\u00f3wni z podmiotami komercyjnymi i r\u00f3wnie cz\u0119sto zapraszana do przetarg\u00f3w. Pami\u0119tajmy, \u017ce ju\u017c dzisiaj polityka mocno wp\u0142ywa na reklam\u0119 &#8211; Carrefour kt\u00f3ry wycofa\u0142 si\u0119 z TVP, sp\u00f3\u0142ki Skarbu Pa\u0144stwa nie inwestuj\u0105 w TVN. Rynek dom\u00f3w mediowych mo\u017ce by\u0107 kolejnym krokiem tego podzia\u0142u. A na koniec dnia zawsze pozostaje pytanie, kto oferuje produkt lepszej jako\u015bci za lepsze pieni\u0105dze &#8211; prognozuje nasz rozm\u00f3wca.&#13;<br \/>\n                            &#13;<br \/>\n&#13;<br \/>\n                            &#13;<br \/>\n                            &#13;<br \/>\n                                                            &#13;<br \/>\n&#13;<br \/>\n                            &#13;<\/p>\n<p>\n<!--noindex--><br \/>\n<a href=\"https:\/\/www.wirtualnemedia.pl\/artykul\/sigma-bis-klient-foodcare\" rel=\"nofollow\">Source link <\/a><br \/>\n<!--\/noindex--><\/p>\n","protected":false},"excerpt":{"rendered":"<p>Sigma Bis, wsp\u00f3lna agencja mediowa PKN Orlen i PZU poinformowa\u0142a, \u017ce rozpocz\u0119\u0142a wsp\u00f3\u0142prac\u0119 z firm\u0105 FoodCare, w\u0142a\u015bcicielem takich marek jak Frugo, Black czy Gellwe. Obecnie realizuje dla niej grudniow\u0105 kampani\u0119 telewizyjn\u0105 produkt\u00f3w Gellwe wspieranych loteri\u0105. Agencja jest r\u00f3wnie\u017c w trakcie przygotowywania kolejnych projekt\u00f3w dla innych partner\u00f3w.&#13; &#13; &#8211; Rozwijamy nasze kompetencje na rynku medi\u00f3w, wpisuj\u0105c [&hellip;]<\/p>\n","protected":false},"author":2,"featured_media":5508,"comment_status":"open","ping_status":"open","sticky":false,"template":"","format":"standard","meta":{"footnotes":""},"categories":[2],"tags":[],"class_list":["post-5507","post","type-post","status-publish","format-standard","has-post-thumbnail","hentry","category-wiadomosci-marketingowe-internetowe"],"yoast_head":"<!-- This site is optimized with the Yoast SEO plugin v27.4 - https:\/\/yoast.com\/product\/yoast-seo-wordpress\/ -->\n<title>FoodCare klientem Sigma BiS. Czy agencja pozyska do wsp\u00f3\u0142pracy kolejne firmy prywatne? - Favorite News<\/title>\n<meta name=\"robots\" content=\"index, follow, max-snippet:-1, max-image-preview:large, max-video-preview:-1\" \/>\n<link rel=\"canonical\" href=\"https:\/\/favorite-news.com\/pl\/foodcare-klientem-sigma-bis-czy-agencja-pozyska-do-wspolpracy-kolejne-firmy-prywatne\/\" \/>\n<meta property=\"og:locale\" content=\"pl_PL\" \/>\n<meta property=\"og:type\" content=\"article\" \/>\n<meta property=\"og:title\" content=\"FoodCare klientem Sigma BiS. Czy agencja pozyska do wsp\u00f3\u0142pracy kolejne firmy prywatne? - Favorite News\" \/>\n<meta property=\"og:description\" content=\"Sigma Bis, wsp\u00f3lna agencja mediowa PKN Orlen i PZU poinformowa\u0142a, \u017ce rozpocz\u0119\u0142a wsp\u00f3\u0142prac\u0119 z firm\u0105 FoodCare, w\u0142a\u015bcicielem takich marek jak Frugo, Black czy Gellwe. Obecnie realizuje dla niej grudniow\u0105 kampani\u0119 telewizyjn\u0105 produkt\u00f3w Gellwe wspieranych loteri\u0105. Agencja jest r\u00f3wnie\u017c w trakcie przygotowywania kolejnych projekt\u00f3w dla innych partner\u00f3w.&#013; &#013; &#8211; Rozwijamy nasze kompetencje na rynku medi\u00f3w, wpisuj\u0105c [&hellip;]\" \/>\n<meta property=\"og:url\" content=\"https:\/\/favorite-news.com\/pl\/foodcare-klientem-sigma-bis-czy-agencja-pozyska-do-wspolpracy-kolejne-firmy-prywatne\/\" \/>\n<meta property=\"og:site_name\" content=\"Favorite News\" \/>\n<meta property=\"article:published_time\" content=\"2020-12-08T10:32:31+00:00\" \/>\n<meta property=\"article:modified_time\" content=\"2020-12-08T10:32:32+00:00\" \/>\n<meta property=\"og:image\" content=\"https:\/\/favorite-news.com\/pl\/wp-content\/uploads\/sites\/6\/2020\/12\/FoodCare-klientem-Sigma-BiS-Czy-agencja-pozyska-do-wspolpracy-kolejne.jpg\" \/>\n\t<meta property=\"og:image:width\" content=\"655\" \/>\n\t<meta property=\"og:image:height\" content=\"438\" \/>\n\t<meta property=\"og:image:type\" content=\"image\/jpeg\" \/>\n<meta name=\"author\" content=\"favorite-news\" \/>\n<meta name=\"twitter:card\" content=\"summary_large_image\" \/>\n<meta name=\"twitter:label1\" content=\"Napisane przez\" \/>\n\t<meta name=\"twitter:data1\" content=\"favorite-news\" \/>\n\t<meta name=\"twitter:label2\" content=\"Szacowany czas czytania\" \/>\n\t<meta name=\"twitter:data2\" content=\"5 minut\" \/>\n<script type=\"application\/ld+json\" class=\"yoast-schema-graph\">{\"@context\":\"https:\\\/\\\/schema.org\",\"@graph\":[{\"@type\":\"Article\",\"@id\":\"https:\\\/\\\/favorite-news.com\\\/pl\\\/foodcare-klientem-sigma-bis-czy-agencja-pozyska-do-wspolpracy-kolejne-firmy-prywatne\\\/#article\",\"isPartOf\":{\"@id\":\"https:\\\/\\\/favorite-news.com\\\/pl\\\/foodcare-klientem-sigma-bis-czy-agencja-pozyska-do-wspolpracy-kolejne-firmy-prywatne\\\/\"},\"author\":{\"name\":\"favorite-news\",\"@id\":\"https:\\\/\\\/favorite-news.com\\\/pl\\\/#\\\/schema\\\/person\\\/b91573b717dcfa5e4696032a9d28d3e8\"},\"headline\":\"FoodCare klientem Sigma BiS. Czy agencja pozyska do wsp\u00f3\u0142pracy kolejne firmy prywatne?\",\"datePublished\":\"2020-12-08T10:32:31+00:00\",\"dateModified\":\"2020-12-08T10:32:32+00:00\",\"mainEntityOfPage\":{\"@id\":\"https:\\\/\\\/favorite-news.com\\\/pl\\\/foodcare-klientem-sigma-bis-czy-agencja-pozyska-do-wspolpracy-kolejne-firmy-prywatne\\\/\"},\"wordCount\":1029,\"commentCount\":0,\"image\":{\"@id\":\"https:\\\/\\\/favorite-news.com\\\/pl\\\/foodcare-klientem-sigma-bis-czy-agencja-pozyska-do-wspolpracy-kolejne-firmy-prywatne\\\/#primaryimage\"},\"thumbnailUrl\":\"https:\\\/\\\/favorite-news.com\\\/pl\\\/wp-content\\\/uploads\\\/sites\\\/6\\\/2020\\\/12\\\/FoodCare-klientem-Sigma-BiS-Czy-agencja-pozyska-do-wspolpracy-kolejne.jpg\",\"articleSection\":[\"WIADOMO\u015aCI MARKETINGOWE INTERNETOWE\"],\"inLanguage\":\"pl-PL\",\"potentialAction\":[{\"@type\":\"CommentAction\",\"name\":\"Comment\",\"target\":[\"https:\\\/\\\/favorite-news.com\\\/pl\\\/foodcare-klientem-sigma-bis-czy-agencja-pozyska-do-wspolpracy-kolejne-firmy-prywatne\\\/#respond\"]}]},{\"@type\":\"WebPage\",\"@id\":\"https:\\\/\\\/favorite-news.com\\\/pl\\\/foodcare-klientem-sigma-bis-czy-agencja-pozyska-do-wspolpracy-kolejne-firmy-prywatne\\\/\",\"url\":\"https:\\\/\\\/favorite-news.com\\\/pl\\\/foodcare-klientem-sigma-bis-czy-agencja-pozyska-do-wspolpracy-kolejne-firmy-prywatne\\\/\",\"name\":\"FoodCare klientem Sigma BiS. Czy agencja pozyska do wsp\u00f3\u0142pracy kolejne firmy prywatne? - Favorite News\",\"isPartOf\":{\"@id\":\"https:\\\/\\\/favorite-news.com\\\/pl\\\/#website\"},\"primaryImageOfPage\":{\"@id\":\"https:\\\/\\\/favorite-news.com\\\/pl\\\/foodcare-klientem-sigma-bis-czy-agencja-pozyska-do-wspolpracy-kolejne-firmy-prywatne\\\/#primaryimage\"},\"image\":{\"@id\":\"https:\\\/\\\/favorite-news.com\\\/pl\\\/foodcare-klientem-sigma-bis-czy-agencja-pozyska-do-wspolpracy-kolejne-firmy-prywatne\\\/#primaryimage\"},\"thumbnailUrl\":\"https:\\\/\\\/favorite-news.com\\\/pl\\\/wp-content\\\/uploads\\\/sites\\\/6\\\/2020\\\/12\\\/FoodCare-klientem-Sigma-BiS-Czy-agencja-pozyska-do-wspolpracy-kolejne.jpg\",\"datePublished\":\"2020-12-08T10:32:31+00:00\",\"dateModified\":\"2020-12-08T10:32:32+00:00\",\"author\":{\"@id\":\"https:\\\/\\\/favorite-news.com\\\/pl\\\/#\\\/schema\\\/person\\\/b91573b717dcfa5e4696032a9d28d3e8\"},\"breadcrumb\":{\"@id\":\"https:\\\/\\\/favorite-news.com\\\/pl\\\/foodcare-klientem-sigma-bis-czy-agencja-pozyska-do-wspolpracy-kolejne-firmy-prywatne\\\/#breadcrumb\"},\"inLanguage\":\"pl-PL\",\"potentialAction\":[{\"@type\":\"ReadAction\",\"target\":[\"https:\\\/\\\/favorite-news.com\\\/pl\\\/foodcare-klientem-sigma-bis-czy-agencja-pozyska-do-wspolpracy-kolejne-firmy-prywatne\\\/\"]}]},{\"@type\":\"ImageObject\",\"inLanguage\":\"pl-PL\",\"@id\":\"https:\\\/\\\/favorite-news.com\\\/pl\\\/foodcare-klientem-sigma-bis-czy-agencja-pozyska-do-wspolpracy-kolejne-firmy-prywatne\\\/#primaryimage\",\"url\":\"https:\\\/\\\/favorite-news.com\\\/pl\\\/wp-content\\\/uploads\\\/sites\\\/6\\\/2020\\\/12\\\/FoodCare-klientem-Sigma-BiS-Czy-agencja-pozyska-do-wspolpracy-kolejne.jpg\",\"contentUrl\":\"https:\\\/\\\/favorite-news.com\\\/pl\\\/wp-content\\\/uploads\\\/sites\\\/6\\\/2020\\\/12\\\/FoodCare-klientem-Sigma-BiS-Czy-agencja-pozyska-do-wspolpracy-kolejne.jpg\",\"width\":655,\"height\":438,\"caption\":\"Article\"},{\"@type\":\"BreadcrumbList\",\"@id\":\"https:\\\/\\\/favorite-news.com\\\/pl\\\/foodcare-klientem-sigma-bis-czy-agencja-pozyska-do-wspolpracy-kolejne-firmy-prywatne\\\/#breadcrumb\",\"itemListElement\":[{\"@type\":\"ListItem\",\"position\":1,\"name\":\"Home\",\"item\":\"https:\\\/\\\/favorite-news.com\\\/pl\\\/\"},{\"@type\":\"ListItem\",\"position\":2,\"name\":\"FoodCare klientem Sigma BiS. Czy agencja pozyska do wsp\u00f3\u0142pracy kolejne firmy prywatne?\"}]},{\"@type\":\"WebSite\",\"@id\":\"https:\\\/\\\/favorite-news.com\\\/pl\\\/#website\",\"url\":\"https:\\\/\\\/favorite-news.com\\\/pl\\\/\",\"name\":\"Favorite News\",\"description\":\"Favorite News Polska\",\"potentialAction\":[{\"@type\":\"SearchAction\",\"target\":{\"@type\":\"EntryPoint\",\"urlTemplate\":\"https:\\\/\\\/favorite-news.com\\\/pl\\\/?s={search_term_string}\"},\"query-input\":{\"@type\":\"PropertyValueSpecification\",\"valueRequired\":true,\"valueName\":\"search_term_string\"}}],\"inLanguage\":\"pl-PL\"},{\"@type\":\"Person\",\"@id\":\"https:\\\/\\\/favorite-news.com\\\/pl\\\/#\\\/schema\\\/person\\\/b91573b717dcfa5e4696032a9d28d3e8\",\"name\":\"favorite-news\",\"image\":{\"@type\":\"ImageObject\",\"inLanguage\":\"pl-PL\",\"@id\":\"https:\\\/\\\/secure.gravatar.com\\\/avatar\\\/6c5a5cb12b74e9d517ee91cf570335b7d16177f1977cc91db161adfa435945a7?s=96&d=mm&r=g\",\"url\":\"https:\\\/\\\/secure.gravatar.com\\\/avatar\\\/6c5a5cb12b74e9d517ee91cf570335b7d16177f1977cc91db161adfa435945a7?s=96&d=mm&r=g\",\"contentUrl\":\"https:\\\/\\\/secure.gravatar.com\\\/avatar\\\/6c5a5cb12b74e9d517ee91cf570335b7d16177f1977cc91db161adfa435945a7?s=96&d=mm&r=g\",\"caption\":\"favorite-news\"},\"url\":\"https:\\\/\\\/favorite-news.com\\\/pl\\\/author\\\/pt\\\/\"}]}<\/script>\n<!-- \/ Yoast SEO plugin. -->","yoast_head_json":{"title":"FoodCare klientem Sigma BiS. Czy agencja pozyska do wsp\u00f3\u0142pracy kolejne firmy prywatne? - Favorite News","robots":{"index":"index","follow":"follow","max-snippet":"max-snippet:-1","max-image-preview":"max-image-preview:large","max-video-preview":"max-video-preview:-1"},"canonical":"https:\/\/favorite-news.com\/pl\/foodcare-klientem-sigma-bis-czy-agencja-pozyska-do-wspolpracy-kolejne-firmy-prywatne\/","og_locale":"pl_PL","og_type":"article","og_title":"FoodCare klientem Sigma BiS. Czy agencja pozyska do wsp\u00f3\u0142pracy kolejne firmy prywatne? - Favorite News","og_description":"Sigma Bis, wsp\u00f3lna agencja mediowa PKN Orlen i PZU poinformowa\u0142a, \u017ce rozpocz\u0119\u0142a wsp\u00f3\u0142prac\u0119 z firm\u0105 FoodCare, w\u0142a\u015bcicielem takich marek jak Frugo, Black czy Gellwe. Obecnie realizuje dla niej grudniow\u0105 kampani\u0119 telewizyjn\u0105 produkt\u00f3w Gellwe wspieranych loteri\u0105. Agencja jest r\u00f3wnie\u017c w trakcie przygotowywania kolejnych projekt\u00f3w dla innych partner\u00f3w.&#13; &#13; &#8211; Rozwijamy nasze kompetencje na rynku medi\u00f3w, wpisuj\u0105c [&hellip;]","og_url":"https:\/\/favorite-news.com\/pl\/foodcare-klientem-sigma-bis-czy-agencja-pozyska-do-wspolpracy-kolejne-firmy-prywatne\/","og_site_name":"Favorite News","article_published_time":"2020-12-08T10:32:31+00:00","article_modified_time":"2020-12-08T10:32:32+00:00","og_image":[{"width":655,"height":438,"url":"https:\/\/favorite-news.com\/pl\/wp-content\/uploads\/sites\/6\/2020\/12\/FoodCare-klientem-Sigma-BiS-Czy-agencja-pozyska-do-wspolpracy-kolejne.jpg","type":"image\/jpeg"}],"author":"favorite-news","twitter_card":"summary_large_image","twitter_misc":{"Napisane przez":"favorite-news","Szacowany czas czytania":"5 minut"},"schema":{"@context":"https:\/\/schema.org","@graph":[{"@type":"Article","@id":"https:\/\/favorite-news.com\/pl\/foodcare-klientem-sigma-bis-czy-agencja-pozyska-do-wspolpracy-kolejne-firmy-prywatne\/#article","isPartOf":{"@id":"https:\/\/favorite-news.com\/pl\/foodcare-klientem-sigma-bis-czy-agencja-pozyska-do-wspolpracy-kolejne-firmy-prywatne\/"},"author":{"name":"favorite-news","@id":"https:\/\/favorite-news.com\/pl\/#\/schema\/person\/b91573b717dcfa5e4696032a9d28d3e8"},"headline":"FoodCare klientem Sigma BiS. Czy agencja pozyska do wsp\u00f3\u0142pracy kolejne firmy prywatne?","datePublished":"2020-12-08T10:32:31+00:00","dateModified":"2020-12-08T10:32:32+00:00","mainEntityOfPage":{"@id":"https:\/\/favorite-news.com\/pl\/foodcare-klientem-sigma-bis-czy-agencja-pozyska-do-wspolpracy-kolejne-firmy-prywatne\/"},"wordCount":1029,"commentCount":0,"image":{"@id":"https:\/\/favorite-news.com\/pl\/foodcare-klientem-sigma-bis-czy-agencja-pozyska-do-wspolpracy-kolejne-firmy-prywatne\/#primaryimage"},"thumbnailUrl":"https:\/\/favorite-news.com\/pl\/wp-content\/uploads\/sites\/6\/2020\/12\/FoodCare-klientem-Sigma-BiS-Czy-agencja-pozyska-do-wspolpracy-kolejne.jpg","articleSection":["WIADOMO\u015aCI MARKETINGOWE INTERNETOWE"],"inLanguage":"pl-PL","potentialAction":[{"@type":"CommentAction","name":"Comment","target":["https:\/\/favorite-news.com\/pl\/foodcare-klientem-sigma-bis-czy-agencja-pozyska-do-wspolpracy-kolejne-firmy-prywatne\/#respond"]}]},{"@type":"WebPage","@id":"https:\/\/favorite-news.com\/pl\/foodcare-klientem-sigma-bis-czy-agencja-pozyska-do-wspolpracy-kolejne-firmy-prywatne\/","url":"https:\/\/favorite-news.com\/pl\/foodcare-klientem-sigma-bis-czy-agencja-pozyska-do-wspolpracy-kolejne-firmy-prywatne\/","name":"FoodCare klientem Sigma BiS. Czy agencja pozyska do wsp\u00f3\u0142pracy kolejne firmy prywatne? - Favorite News","isPartOf":{"@id":"https:\/\/favorite-news.com\/pl\/#website"},"primaryImageOfPage":{"@id":"https:\/\/favorite-news.com\/pl\/foodcare-klientem-sigma-bis-czy-agencja-pozyska-do-wspolpracy-kolejne-firmy-prywatne\/#primaryimage"},"image":{"@id":"https:\/\/favorite-news.com\/pl\/foodcare-klientem-sigma-bis-czy-agencja-pozyska-do-wspolpracy-kolejne-firmy-prywatne\/#primaryimage"},"thumbnailUrl":"https:\/\/favorite-news.com\/pl\/wp-content\/uploads\/sites\/6\/2020\/12\/FoodCare-klientem-Sigma-BiS-Czy-agencja-pozyska-do-wspolpracy-kolejne.jpg","datePublished":"2020-12-08T10:32:31+00:00","dateModified":"2020-12-08T10:32:32+00:00","author":{"@id":"https:\/\/favorite-news.com\/pl\/#\/schema\/person\/b91573b717dcfa5e4696032a9d28d3e8"},"breadcrumb":{"@id":"https:\/\/favorite-news.com\/pl\/foodcare-klientem-sigma-bis-czy-agencja-pozyska-do-wspolpracy-kolejne-firmy-prywatne\/#breadcrumb"},"inLanguage":"pl-PL","potentialAction":[{"@type":"ReadAction","target":["https:\/\/favorite-news.com\/pl\/foodcare-klientem-sigma-bis-czy-agencja-pozyska-do-wspolpracy-kolejne-firmy-prywatne\/"]}]},{"@type":"ImageObject","inLanguage":"pl-PL","@id":"https:\/\/favorite-news.com\/pl\/foodcare-klientem-sigma-bis-czy-agencja-pozyska-do-wspolpracy-kolejne-firmy-prywatne\/#primaryimage","url":"https:\/\/favorite-news.com\/pl\/wp-content\/uploads\/sites\/6\/2020\/12\/FoodCare-klientem-Sigma-BiS-Czy-agencja-pozyska-do-wspolpracy-kolejne.jpg","contentUrl":"https:\/\/favorite-news.com\/pl\/wp-content\/uploads\/sites\/6\/2020\/12\/FoodCare-klientem-Sigma-BiS-Czy-agencja-pozyska-do-wspolpracy-kolejne.jpg","width":655,"height":438,"caption":"Article"},{"@type":"BreadcrumbList","@id":"https:\/\/favorite-news.com\/pl\/foodcare-klientem-sigma-bis-czy-agencja-pozyska-do-wspolpracy-kolejne-firmy-prywatne\/#breadcrumb","itemListElement":[{"@type":"ListItem","position":1,"name":"Home","item":"https:\/\/favorite-news.com\/pl\/"},{"@type":"ListItem","position":2,"name":"FoodCare klientem Sigma BiS. Czy agencja pozyska do wsp\u00f3\u0142pracy kolejne firmy prywatne?"}]},{"@type":"WebSite","@id":"https:\/\/favorite-news.com\/pl\/#website","url":"https:\/\/favorite-news.com\/pl\/","name":"Favorite News","description":"Favorite News Polska","potentialAction":[{"@type":"SearchAction","target":{"@type":"EntryPoint","urlTemplate":"https:\/\/favorite-news.com\/pl\/?s={search_term_string}"},"query-input":{"@type":"PropertyValueSpecification","valueRequired":true,"valueName":"search_term_string"}}],"inLanguage":"pl-PL"},{"@type":"Person","@id":"https:\/\/favorite-news.com\/pl\/#\/schema\/person\/b91573b717dcfa5e4696032a9d28d3e8","name":"favorite-news","image":{"@type":"ImageObject","inLanguage":"pl-PL","@id":"https:\/\/secure.gravatar.com\/avatar\/6c5a5cb12b74e9d517ee91cf570335b7d16177f1977cc91db161adfa435945a7?s=96&d=mm&r=g","url":"https:\/\/secure.gravatar.com\/avatar\/6c5a5cb12b74e9d517ee91cf570335b7d16177f1977cc91db161adfa435945a7?s=96&d=mm&r=g","contentUrl":"https:\/\/secure.gravatar.com\/avatar\/6c5a5cb12b74e9d517ee91cf570335b7d16177f1977cc91db161adfa435945a7?s=96&d=mm&r=g","caption":"favorite-news"},"url":"https:\/\/favorite-news.com\/pl\/author\/pt\/"}]}},"_links":{"self":[{"href":"https:\/\/favorite-news.com\/pl\/wp-json\/wp\/v2\/posts\/5507","targetHints":{"allow":["GET"]}}],"collection":[{"href":"https:\/\/favorite-news.com\/pl\/wp-json\/wp\/v2\/posts"}],"about":[{"href":"https:\/\/favorite-news.com\/pl\/wp-json\/wp\/v2\/types\/post"}],"author":[{"embeddable":true,"href":"https:\/\/favorite-news.com\/pl\/wp-json\/wp\/v2\/users\/2"}],"replies":[{"embeddable":true,"href":"https:\/\/favorite-news.com\/pl\/wp-json\/wp\/v2\/comments?post=5507"}],"version-history":[{"count":1,"href":"https:\/\/favorite-news.com\/pl\/wp-json\/wp\/v2\/posts\/5507\/revisions"}],"predecessor-version":[{"id":5509,"href":"https:\/\/favorite-news.com\/pl\/wp-json\/wp\/v2\/posts\/5507\/revisions\/5509"}],"wp:featuredmedia":[{"embeddable":true,"href":"https:\/\/favorite-news.com\/pl\/wp-json\/wp\/v2\/media\/5508"}],"wp:attachment":[{"href":"https:\/\/favorite-news.com\/pl\/wp-json\/wp\/v2\/media?parent=5507"}],"wp:term":[{"taxonomy":"category","embeddable":true,"href":"https:\/\/favorite-news.com\/pl\/wp-json\/wp\/v2\/categories?post=5507"},{"taxonomy":"post_tag","embeddable":true,"href":"https:\/\/favorite-news.com\/pl\/wp-json\/wp\/v2\/tags?post=5507"}],"curies":[{"name":"wp","href":"https:\/\/api.w.org\/{rel}","templated":true}]}}