{"id":550,"date":"2019-05-14T01:25:23","date_gmt":"2019-05-13T22:25:23","guid":{"rendered":"https:\/\/favorite-news.com\/pl\/holland-fronczewski-i-kedzierski-w-spotach-wyborczych-michala-wawrykiewicza-inicjatora-akcji-wolne-sady\/"},"modified":"2019-05-14T01:25:24","modified_gmt":"2019-05-13T22:25:24","slug":"holland-fronczewski-i-kedzierski-w-spotach-wyborczych-michala-wawrykiewicza-inicjatora-akcji-wolne-sady","status":"publish","type":"post","link":"https:\/\/favorite-news.com\/pl\/holland-fronczewski-i-kedzierski-w-spotach-wyborczych-michala-wawrykiewicza-inicjatora-akcji-wolne-sady\/","title":{"rendered":"Holland, Fronczewski i K\u0119dzierski w spotach wyborczych Micha\u0142a Wawrykiewicza, inicjatora akcji &#8222;Wolne S\u0105dy&#8221;"},"content":{"rendered":"<p> [ad_1]<br \/>\n<\/p>\n<div id=\"\">\n<p>W ramach akcji gwiazdy opowiadaj\u0105 w kr\u00f3tkich filmach, czemu \u017ca\u0142uj\u0105, \u017ce &#8222;nie s\u0105 z Wielkopolski&#8221;. To z tego regionu startuje w eurowyborach Micha\u0142 Wawrykiewicz. Filmy mo\u017cna obejrze\u0107 na profilu kampanii na Facebooku, a tak\u017ce na kana\u0142ach spo\u0142eczno\u015bciowych kandydata w social mediach (Facebook, Twitter, Instagram). Start akcji poprzedzi\u0142y teasery. W planach s\u0105 publikacje kolejnych film\u00f3w z udzia\u0142em znanych os\u00f3b popieraj\u0105cych kandydatur\u0119 Wawrykiewicza w eurowyborach.<\/p>\n<p>&#13;<br \/>\n&#13;<\/p>\n<p><iframe loading=\"lazy\" allowfullscreen=\"true\" allowtransparency=\"true\" frameborder=\"0\" height=\"315\" scrolling=\"no\" src=\"https:\/\/www.facebook.com\/plugins\/video.php?href=https%3A%2F%2Fwww.facebook.com%2FMichalWawrykiewicz%2Fvideos%2F562881447862741%2F&amp;show_text=0&amp;width=560\" style=\"border:none;overflow:hidden\" width=\"560\"><\/iframe><\/p>\n<p>&#13;<br \/>\n&#13;<\/p>\n<p><iframe loading=\"lazy\" allowfullscreen=\"true\" allowtransparency=\"true\" frameborder=\"0\" height=\"315\" scrolling=\"no\" src=\"https:\/\/www.facebook.com\/plugins\/video.php?href=https%3A%2F%2Fwww.facebook.com%2FMichalWawrykiewicz%2Fvideos%2F2094407570858283%2F&amp;show_text=0&amp;width=560\" style=\"border:none;overflow:hidden\" width=\"560\"><\/iframe><\/p>\n<p>&#13;<br \/>\n&#13;<\/p>\n<p><iframe loading=\"lazy\" allowfullscreen=\"true\" allowtransparency=\"true\" frameborder=\"0\" height=\"315\" scrolling=\"no\" src=\"https:\/\/www.facebook.com\/plugins\/video.php?href=https%3A%2F%2Fwww.facebook.com%2FSzkodaZeNiezWLKP%2Fvideos%2F601436943691186%2F&amp;show_text=0&amp;width=560\" style=\"border:none;overflow:hidden\" width=\"560\"><\/iframe><\/p>\n<p>&#13;<br \/>\n&#13;<\/p>\n<p>Za produkcj\u0119 kampanii odpowiadaj\u0105 tw\u00f3rcy inicjatywy Wolne S\u0105dy. Kampania potrwa do 26 maja, do dnia wybor\u00f3w do Parlamentu Europejskiego.<\/p>\n<p>&#13;<br \/>\n&#13;<\/p>\n<p>Micha\u0142 Wawrykiewicz jest adwokatem, w lipcu 2017 roku, wraz z Mari\u0105 Ejchart-Dubois, Sylwi\u0105 Gregorczyk-Abram i Paulin\u0105 Kieszkowsk\u0105-Knapik, za\u0142o\u017cyli inicjatyw\u0119 &#8222;Wolne S\u0105dy&#8221;. Promuje ona zasady praworz\u0105dno\u015bci, obja\u015bnia obywatelom konstytucyjne zasady tr\u00f3jpodzia\u0142u w\u0142adz.<\/p>\n<p>&#13;<br \/>\n                            &#13;<br \/>\n&#13;<br \/>\n                            &#13;<br \/>\n&#13;<br \/>\n&#13;<br \/>\n&#13;<br \/>\n&#13;<br \/>\n&#13;<br \/>\n                            &#13;<br \/>\n                                                            &#13;<br \/>\n&#13;<br \/>\n                            &#13;\n                        <\/p><\/div>\n<p><script>(function (d, s, id) {\n        var js, fjs = d.getElementsByTagName(s)[0];\n        if (d.getElementById(id)) return;\n        js = d.createElement(s);\n        js.id = id;\n        js.src = \"http:\/\/connect.facebook.net\/pl_PL\/sdk.js#xfbml=1&version=v2.6&appId=297996717062470\";\n        fjs.parentNode.insertBefore(js, fjs);\n    }(document, 'script', 'facebook-jssdk'));<\/script><br \/>\n<br \/>[ad_2]<br \/>\n<br \/><a href=\"https:\/\/www.wirtualnemedia.pl\/artykul\/holland-fronczewski-i-kedzierski-w-spotach-wyborczych-michala-wawrykiewicza-inicjatora-akcji-wolne-sady\">Source link <\/a><\/p>\n","protected":false},"excerpt":{"rendered":"<p>[ad_1] W ramach akcji gwiazdy opowiadaj\u0105 w kr\u00f3tkich filmach, czemu \u017ca\u0142uj\u0105, \u017ce &#8222;nie s\u0105 z Wielkopolski&#8221;. To z tego regionu startuje w eurowyborach Micha\u0142 Wawrykiewicz. Filmy mo\u017cna obejrze\u0107 na profilu kampanii na Facebooku, a tak\u017ce na kana\u0142ach spo\u0142eczno\u015bciowych kandydata w social mediach (Facebook, Twitter, Instagram). Start akcji poprzedzi\u0142y teasery. W planach s\u0105 publikacje kolejnych film\u00f3w [&hellip;]<\/p>\n","protected":false},"author":2,"featured_media":551,"comment_status":"open","ping_status":"open","sticky":false,"template":"","format":"standard","meta":{"footnotes":""},"categories":[2],"tags":[],"class_list":["post-550","post","type-post","status-publish","format-standard","has-post-thumbnail","hentry","category-wiadomosci-marketingowe-internetowe"],"yoast_head":"<!-- This site is optimized with the Yoast SEO plugin v27.4 - https:\/\/yoast.com\/product\/yoast-seo-wordpress\/ -->\n<title>Holland, Fronczewski i K\u0119dzierski w spotach wyborczych Micha\u0142a Wawrykiewicza, inicjatora akcji &quot;Wolne S\u0105dy&quot; - Favorite News<\/title>\n<meta name=\"robots\" content=\"index, follow, max-snippet:-1, max-image-preview:large, max-video-preview:-1\" \/>\n<link rel=\"canonical\" href=\"https:\/\/favorite-news.com\/pl\/holland-fronczewski-i-kedzierski-w-spotach-wyborczych-michala-wawrykiewicza-inicjatora-akcji-wolne-sady\/\" \/>\n<meta property=\"og:locale\" content=\"pl_PL\" \/>\n<meta property=\"og:type\" content=\"article\" \/>\n<meta property=\"og:title\" content=\"Holland, Fronczewski i K\u0119dzierski w spotach wyborczych Micha\u0142a Wawrykiewicza, inicjatora akcji &quot;Wolne S\u0105dy&quot; - Favorite News\" \/>\n<meta property=\"og:description\" content=\"[ad_1] W ramach akcji gwiazdy opowiadaj\u0105 w kr\u00f3tkich filmach, czemu \u017ca\u0142uj\u0105, \u017ce &#8222;nie s\u0105 z Wielkopolski&#8221;. To z tego regionu startuje w eurowyborach Micha\u0142 Wawrykiewicz. Filmy mo\u017cna obejrze\u0107 na profilu kampanii na Facebooku, a tak\u017ce na kana\u0142ach spo\u0142eczno\u015bciowych kandydata w social mediach (Facebook, Twitter, Instagram). Start akcji poprzedzi\u0142y teasery. W planach s\u0105 publikacje kolejnych film\u00f3w [&hellip;]\" \/>\n<meta property=\"og:url\" content=\"https:\/\/favorite-news.com\/pl\/holland-fronczewski-i-kedzierski-w-spotach-wyborczych-michala-wawrykiewicza-inicjatora-akcji-wolne-sady\/\" \/>\n<meta property=\"og:site_name\" content=\"Favorite News\" \/>\n<meta property=\"article:published_time\" content=\"2019-05-13T22:25:23+00:00\" \/>\n<meta property=\"article:modified_time\" content=\"2019-05-13T22:25:24+00:00\" \/>\n<meta property=\"og:image\" content=\"https:\/\/favorite-news.com\/pl\/wp-content\/uploads\/sites\/6\/2019\/05\/Holland-Fronczewski-i-K\u0119dzierski-w-spotach-wyborczych-Micha\u0142a-Wawrykiewicza-inicjatora.png\" \/>\n\t<meta property=\"og:image:width\" content=\"655\" \/>\n\t<meta property=\"og:image:height\" content=\"378\" \/>\n\t<meta property=\"og:image:type\" content=\"image\/png\" \/>\n<meta name=\"author\" content=\"favorite-news\" \/>\n<meta name=\"twitter:card\" content=\"summary_large_image\" \/>\n<meta name=\"twitter:label1\" content=\"Napisane przez\" \/>\n\t<meta name=\"twitter:data1\" content=\"favorite-news\" \/>\n\t<meta name=\"twitter:label2\" content=\"Szacowany czas czytania\" \/>\n\t<meta name=\"twitter:data2\" content=\"1 minuta\" \/>\n<script type=\"application\/ld+json\" class=\"yoast-schema-graph\">{\"@context\":\"https:\\\/\\\/schema.org\",\"@graph\":[{\"@type\":\"Article\",\"@id\":\"https:\\\/\\\/favorite-news.com\\\/pl\\\/holland-fronczewski-i-kedzierski-w-spotach-wyborczych-michala-wawrykiewicza-inicjatora-akcji-wolne-sady\\\/#article\",\"isPartOf\":{\"@id\":\"https:\\\/\\\/favorite-news.com\\\/pl\\\/holland-fronczewski-i-kedzierski-w-spotach-wyborczych-michala-wawrykiewicza-inicjatora-akcji-wolne-sady\\\/\"},\"author\":{\"name\":\"favorite-news\",\"@id\":\"https:\\\/\\\/favorite-news.com\\\/pl\\\/#\\\/schema\\\/person\\\/b91573b717dcfa5e4696032a9d28d3e8\"},\"headline\":\"Holland, Fronczewski i K\u0119dzierski w spotach wyborczych Micha\u0142a Wawrykiewicza, inicjatora akcji &#8222;Wolne S\u0105dy&#8221;\",\"datePublished\":\"2019-05-13T22:25:23+00:00\",\"dateModified\":\"2019-05-13T22:25:24+00:00\",\"mainEntityOfPage\":{\"@id\":\"https:\\\/\\\/favorite-news.com\\\/pl\\\/holland-fronczewski-i-kedzierski-w-spotach-wyborczych-michala-wawrykiewicza-inicjatora-akcji-wolne-sady\\\/\"},\"wordCount\":156,\"commentCount\":0,\"image\":{\"@id\":\"https:\\\/\\\/favorite-news.com\\\/pl\\\/holland-fronczewski-i-kedzierski-w-spotach-wyborczych-michala-wawrykiewicza-inicjatora-akcji-wolne-sady\\\/#primaryimage\"},\"thumbnailUrl\":\"https:\\\/\\\/favorite-news.com\\\/pl\\\/wp-content\\\/uploads\\\/sites\\\/6\\\/2019\\\/05\\\/Holland-Fronczewski-i-K\u0119dzierski-w-spotach-wyborczych-Micha\u0142a-Wawrykiewicza-inicjatora.png\",\"articleSection\":[\"WIADOMO\u015aCI MARKETINGOWE INTERNETOWE\"],\"inLanguage\":\"pl-PL\",\"potentialAction\":[{\"@type\":\"CommentAction\",\"name\":\"Comment\",\"target\":[\"https:\\\/\\\/favorite-news.com\\\/pl\\\/holland-fronczewski-i-kedzierski-w-spotach-wyborczych-michala-wawrykiewicza-inicjatora-akcji-wolne-sady\\\/#respond\"]}]},{\"@type\":\"WebPage\",\"@id\":\"https:\\\/\\\/favorite-news.com\\\/pl\\\/holland-fronczewski-i-kedzierski-w-spotach-wyborczych-michala-wawrykiewicza-inicjatora-akcji-wolne-sady\\\/\",\"url\":\"https:\\\/\\\/favorite-news.com\\\/pl\\\/holland-fronczewski-i-kedzierski-w-spotach-wyborczych-michala-wawrykiewicza-inicjatora-akcji-wolne-sady\\\/\",\"name\":\"Holland, Fronczewski i K\u0119dzierski w spotach wyborczych Micha\u0142a Wawrykiewicza, inicjatora akcji \\\"Wolne S\u0105dy\\\" - Favorite News\",\"isPartOf\":{\"@id\":\"https:\\\/\\\/favorite-news.com\\\/pl\\\/#website\"},\"primaryImageOfPage\":{\"@id\":\"https:\\\/\\\/favorite-news.com\\\/pl\\\/holland-fronczewski-i-kedzierski-w-spotach-wyborczych-michala-wawrykiewicza-inicjatora-akcji-wolne-sady\\\/#primaryimage\"},\"image\":{\"@id\":\"https:\\\/\\\/favorite-news.com\\\/pl\\\/holland-fronczewski-i-kedzierski-w-spotach-wyborczych-michala-wawrykiewicza-inicjatora-akcji-wolne-sady\\\/#primaryimage\"},\"thumbnailUrl\":\"https:\\\/\\\/favorite-news.com\\\/pl\\\/wp-content\\\/uploads\\\/sites\\\/6\\\/2019\\\/05\\\/Holland-Fronczewski-i-K\u0119dzierski-w-spotach-wyborczych-Micha\u0142a-Wawrykiewicza-inicjatora.png\",\"datePublished\":\"2019-05-13T22:25:23+00:00\",\"dateModified\":\"2019-05-13T22:25:24+00:00\",\"author\":{\"@id\":\"https:\\\/\\\/favorite-news.com\\\/pl\\\/#\\\/schema\\\/person\\\/b91573b717dcfa5e4696032a9d28d3e8\"},\"breadcrumb\":{\"@id\":\"https:\\\/\\\/favorite-news.com\\\/pl\\\/holland-fronczewski-i-kedzierski-w-spotach-wyborczych-michala-wawrykiewicza-inicjatora-akcji-wolne-sady\\\/#breadcrumb\"},\"inLanguage\":\"pl-PL\",\"potentialAction\":[{\"@type\":\"ReadAction\",\"target\":[\"https:\\\/\\\/favorite-news.com\\\/pl\\\/holland-fronczewski-i-kedzierski-w-spotach-wyborczych-michala-wawrykiewicza-inicjatora-akcji-wolne-sady\\\/\"]}]},{\"@type\":\"ImageObject\",\"inLanguage\":\"pl-PL\",\"@id\":\"https:\\\/\\\/favorite-news.com\\\/pl\\\/holland-fronczewski-i-kedzierski-w-spotach-wyborczych-michala-wawrykiewicza-inicjatora-akcji-wolne-sady\\\/#primaryimage\",\"url\":\"https:\\\/\\\/favorite-news.com\\\/pl\\\/wp-content\\\/uploads\\\/sites\\\/6\\\/2019\\\/05\\\/Holland-Fronczewski-i-K\u0119dzierski-w-spotach-wyborczych-Micha\u0142a-Wawrykiewicza-inicjatora.png\",\"contentUrl\":\"https:\\\/\\\/favorite-news.com\\\/pl\\\/wp-content\\\/uploads\\\/sites\\\/6\\\/2019\\\/05\\\/Holland-Fronczewski-i-K\u0119dzierski-w-spotach-wyborczych-Micha\u0142a-Wawrykiewicza-inicjatora.png\",\"width\":655,\"height\":378,\"caption\":\"Article\"},{\"@type\":\"BreadcrumbList\",\"@id\":\"https:\\\/\\\/favorite-news.com\\\/pl\\\/holland-fronczewski-i-kedzierski-w-spotach-wyborczych-michala-wawrykiewicza-inicjatora-akcji-wolne-sady\\\/#breadcrumb\",\"itemListElement\":[{\"@type\":\"ListItem\",\"position\":1,\"name\":\"Home\",\"item\":\"https:\\\/\\\/favorite-news.com\\\/pl\\\/\"},{\"@type\":\"ListItem\",\"position\":2,\"name\":\"Holland, Fronczewski i K\u0119dzierski w spotach wyborczych Micha\u0142a Wawrykiewicza, inicjatora akcji &#8222;Wolne S\u0105dy&#8221;\"}]},{\"@type\":\"WebSite\",\"@id\":\"https:\\\/\\\/favorite-news.com\\\/pl\\\/#website\",\"url\":\"https:\\\/\\\/favorite-news.com\\\/pl\\\/\",\"name\":\"Favorite News\",\"description\":\"Favorite News Polska\",\"potentialAction\":[{\"@type\":\"SearchAction\",\"target\":{\"@type\":\"EntryPoint\",\"urlTemplate\":\"https:\\\/\\\/favorite-news.com\\\/pl\\\/?s={search_term_string}\"},\"query-input\":{\"@type\":\"PropertyValueSpecification\",\"valueRequired\":true,\"valueName\":\"search_term_string\"}}],\"inLanguage\":\"pl-PL\"},{\"@type\":\"Person\",\"@id\":\"https:\\\/\\\/favorite-news.com\\\/pl\\\/#\\\/schema\\\/person\\\/b91573b717dcfa5e4696032a9d28d3e8\",\"name\":\"favorite-news\",\"image\":{\"@type\":\"ImageObject\",\"inLanguage\":\"pl-PL\",\"@id\":\"https:\\\/\\\/secure.gravatar.com\\\/avatar\\\/6c5a5cb12b74e9d517ee91cf570335b7d16177f1977cc91db161adfa435945a7?s=96&d=mm&r=g\",\"url\":\"https:\\\/\\\/secure.gravatar.com\\\/avatar\\\/6c5a5cb12b74e9d517ee91cf570335b7d16177f1977cc91db161adfa435945a7?s=96&d=mm&r=g\",\"contentUrl\":\"https:\\\/\\\/secure.gravatar.com\\\/avatar\\\/6c5a5cb12b74e9d517ee91cf570335b7d16177f1977cc91db161adfa435945a7?s=96&d=mm&r=g\",\"caption\":\"favorite-news\"},\"url\":\"https:\\\/\\\/favorite-news.com\\\/pl\\\/author\\\/pt\\\/\"}]}<\/script>\n<!-- \/ Yoast SEO plugin. -->","yoast_head_json":{"title":"Holland, Fronczewski i K\u0119dzierski w spotach wyborczych Micha\u0142a Wawrykiewicza, inicjatora akcji \"Wolne S\u0105dy\" - Favorite News","robots":{"index":"index","follow":"follow","max-snippet":"max-snippet:-1","max-image-preview":"max-image-preview:large","max-video-preview":"max-video-preview:-1"},"canonical":"https:\/\/favorite-news.com\/pl\/holland-fronczewski-i-kedzierski-w-spotach-wyborczych-michala-wawrykiewicza-inicjatora-akcji-wolne-sady\/","og_locale":"pl_PL","og_type":"article","og_title":"Holland, Fronczewski i K\u0119dzierski w spotach wyborczych Micha\u0142a Wawrykiewicza, inicjatora akcji \"Wolne S\u0105dy\" - Favorite News","og_description":"[ad_1] W ramach akcji gwiazdy opowiadaj\u0105 w kr\u00f3tkich filmach, czemu \u017ca\u0142uj\u0105, \u017ce &#8222;nie s\u0105 z Wielkopolski&#8221;. To z tego regionu startuje w eurowyborach Micha\u0142 Wawrykiewicz. Filmy mo\u017cna obejrze\u0107 na profilu kampanii na Facebooku, a tak\u017ce na kana\u0142ach spo\u0142eczno\u015bciowych kandydata w social mediach (Facebook, Twitter, Instagram). Start akcji poprzedzi\u0142y teasery. W planach s\u0105 publikacje kolejnych film\u00f3w [&hellip;]","og_url":"https:\/\/favorite-news.com\/pl\/holland-fronczewski-i-kedzierski-w-spotach-wyborczych-michala-wawrykiewicza-inicjatora-akcji-wolne-sady\/","og_site_name":"Favorite News","article_published_time":"2019-05-13T22:25:23+00:00","article_modified_time":"2019-05-13T22:25:24+00:00","og_image":[{"width":655,"height":378,"url":"https:\/\/favorite-news.com\/pl\/wp-content\/uploads\/sites\/6\/2019\/05\/Holland-Fronczewski-i-K\u0119dzierski-w-spotach-wyborczych-Micha\u0142a-Wawrykiewicza-inicjatora.png","type":"image\/png"}],"author":"favorite-news","twitter_card":"summary_large_image","twitter_misc":{"Napisane przez":"favorite-news","Szacowany czas czytania":"1 minuta"},"schema":{"@context":"https:\/\/schema.org","@graph":[{"@type":"Article","@id":"https:\/\/favorite-news.com\/pl\/holland-fronczewski-i-kedzierski-w-spotach-wyborczych-michala-wawrykiewicza-inicjatora-akcji-wolne-sady\/#article","isPartOf":{"@id":"https:\/\/favorite-news.com\/pl\/holland-fronczewski-i-kedzierski-w-spotach-wyborczych-michala-wawrykiewicza-inicjatora-akcji-wolne-sady\/"},"author":{"name":"favorite-news","@id":"https:\/\/favorite-news.com\/pl\/#\/schema\/person\/b91573b717dcfa5e4696032a9d28d3e8"},"headline":"Holland, Fronczewski i K\u0119dzierski w spotach wyborczych Micha\u0142a Wawrykiewicza, inicjatora akcji &#8222;Wolne S\u0105dy&#8221;","datePublished":"2019-05-13T22:25:23+00:00","dateModified":"2019-05-13T22:25:24+00:00","mainEntityOfPage":{"@id":"https:\/\/favorite-news.com\/pl\/holland-fronczewski-i-kedzierski-w-spotach-wyborczych-michala-wawrykiewicza-inicjatora-akcji-wolne-sady\/"},"wordCount":156,"commentCount":0,"image":{"@id":"https:\/\/favorite-news.com\/pl\/holland-fronczewski-i-kedzierski-w-spotach-wyborczych-michala-wawrykiewicza-inicjatora-akcji-wolne-sady\/#primaryimage"},"thumbnailUrl":"https:\/\/favorite-news.com\/pl\/wp-content\/uploads\/sites\/6\/2019\/05\/Holland-Fronczewski-i-K\u0119dzierski-w-spotach-wyborczych-Micha\u0142a-Wawrykiewicza-inicjatora.png","articleSection":["WIADOMO\u015aCI MARKETINGOWE INTERNETOWE"],"inLanguage":"pl-PL","potentialAction":[{"@type":"CommentAction","name":"Comment","target":["https:\/\/favorite-news.com\/pl\/holland-fronczewski-i-kedzierski-w-spotach-wyborczych-michala-wawrykiewicza-inicjatora-akcji-wolne-sady\/#respond"]}]},{"@type":"WebPage","@id":"https:\/\/favorite-news.com\/pl\/holland-fronczewski-i-kedzierski-w-spotach-wyborczych-michala-wawrykiewicza-inicjatora-akcji-wolne-sady\/","url":"https:\/\/favorite-news.com\/pl\/holland-fronczewski-i-kedzierski-w-spotach-wyborczych-michala-wawrykiewicza-inicjatora-akcji-wolne-sady\/","name":"Holland, Fronczewski i K\u0119dzierski w spotach wyborczych Micha\u0142a Wawrykiewicza, inicjatora akcji \"Wolne S\u0105dy\" - Favorite News","isPartOf":{"@id":"https:\/\/favorite-news.com\/pl\/#website"},"primaryImageOfPage":{"@id":"https:\/\/favorite-news.com\/pl\/holland-fronczewski-i-kedzierski-w-spotach-wyborczych-michala-wawrykiewicza-inicjatora-akcji-wolne-sady\/#primaryimage"},"image":{"@id":"https:\/\/favorite-news.com\/pl\/holland-fronczewski-i-kedzierski-w-spotach-wyborczych-michala-wawrykiewicza-inicjatora-akcji-wolne-sady\/#primaryimage"},"thumbnailUrl":"https:\/\/favorite-news.com\/pl\/wp-content\/uploads\/sites\/6\/2019\/05\/Holland-Fronczewski-i-K\u0119dzierski-w-spotach-wyborczych-Micha\u0142a-Wawrykiewicza-inicjatora.png","datePublished":"2019-05-13T22:25:23+00:00","dateModified":"2019-05-13T22:25:24+00:00","author":{"@id":"https:\/\/favorite-news.com\/pl\/#\/schema\/person\/b91573b717dcfa5e4696032a9d28d3e8"},"breadcrumb":{"@id":"https:\/\/favorite-news.com\/pl\/holland-fronczewski-i-kedzierski-w-spotach-wyborczych-michala-wawrykiewicza-inicjatora-akcji-wolne-sady\/#breadcrumb"},"inLanguage":"pl-PL","potentialAction":[{"@type":"ReadAction","target":["https:\/\/favorite-news.com\/pl\/holland-fronczewski-i-kedzierski-w-spotach-wyborczych-michala-wawrykiewicza-inicjatora-akcji-wolne-sady\/"]}]},{"@type":"ImageObject","inLanguage":"pl-PL","@id":"https:\/\/favorite-news.com\/pl\/holland-fronczewski-i-kedzierski-w-spotach-wyborczych-michala-wawrykiewicza-inicjatora-akcji-wolne-sady\/#primaryimage","url":"https:\/\/favorite-news.com\/pl\/wp-content\/uploads\/sites\/6\/2019\/05\/Holland-Fronczewski-i-K\u0119dzierski-w-spotach-wyborczych-Micha\u0142a-Wawrykiewicza-inicjatora.png","contentUrl":"https:\/\/favorite-news.com\/pl\/wp-content\/uploads\/sites\/6\/2019\/05\/Holland-Fronczewski-i-K\u0119dzierski-w-spotach-wyborczych-Micha\u0142a-Wawrykiewicza-inicjatora.png","width":655,"height":378,"caption":"Article"},{"@type":"BreadcrumbList","@id":"https:\/\/favorite-news.com\/pl\/holland-fronczewski-i-kedzierski-w-spotach-wyborczych-michala-wawrykiewicza-inicjatora-akcji-wolne-sady\/#breadcrumb","itemListElement":[{"@type":"ListItem","position":1,"name":"Home","item":"https:\/\/favorite-news.com\/pl\/"},{"@type":"ListItem","position":2,"name":"Holland, Fronczewski i K\u0119dzierski w spotach wyborczych Micha\u0142a Wawrykiewicza, inicjatora akcji &#8222;Wolne S\u0105dy&#8221;"}]},{"@type":"WebSite","@id":"https:\/\/favorite-news.com\/pl\/#website","url":"https:\/\/favorite-news.com\/pl\/","name":"Favorite News","description":"Favorite News Polska","potentialAction":[{"@type":"SearchAction","target":{"@type":"EntryPoint","urlTemplate":"https:\/\/favorite-news.com\/pl\/?s={search_term_string}"},"query-input":{"@type":"PropertyValueSpecification","valueRequired":true,"valueName":"search_term_string"}}],"inLanguage":"pl-PL"},{"@type":"Person","@id":"https:\/\/favorite-news.com\/pl\/#\/schema\/person\/b91573b717dcfa5e4696032a9d28d3e8","name":"favorite-news","image":{"@type":"ImageObject","inLanguage":"pl-PL","@id":"https:\/\/secure.gravatar.com\/avatar\/6c5a5cb12b74e9d517ee91cf570335b7d16177f1977cc91db161adfa435945a7?s=96&d=mm&r=g","url":"https:\/\/secure.gravatar.com\/avatar\/6c5a5cb12b74e9d517ee91cf570335b7d16177f1977cc91db161adfa435945a7?s=96&d=mm&r=g","contentUrl":"https:\/\/secure.gravatar.com\/avatar\/6c5a5cb12b74e9d517ee91cf570335b7d16177f1977cc91db161adfa435945a7?s=96&d=mm&r=g","caption":"favorite-news"},"url":"https:\/\/favorite-news.com\/pl\/author\/pt\/"}]}},"_links":{"self":[{"href":"https:\/\/favorite-news.com\/pl\/wp-json\/wp\/v2\/posts\/550","targetHints":{"allow":["GET"]}}],"collection":[{"href":"https:\/\/favorite-news.com\/pl\/wp-json\/wp\/v2\/posts"}],"about":[{"href":"https:\/\/favorite-news.com\/pl\/wp-json\/wp\/v2\/types\/post"}],"author":[{"embeddable":true,"href":"https:\/\/favorite-news.com\/pl\/wp-json\/wp\/v2\/users\/2"}],"replies":[{"embeddable":true,"href":"https:\/\/favorite-news.com\/pl\/wp-json\/wp\/v2\/comments?post=550"}],"version-history":[{"count":1,"href":"https:\/\/favorite-news.com\/pl\/wp-json\/wp\/v2\/posts\/550\/revisions"}],"predecessor-version":[{"id":552,"href":"https:\/\/favorite-news.com\/pl\/wp-json\/wp\/v2\/posts\/550\/revisions\/552"}],"wp:featuredmedia":[{"embeddable":true,"href":"https:\/\/favorite-news.com\/pl\/wp-json\/wp\/v2\/media\/551"}],"wp:attachment":[{"href":"https:\/\/favorite-news.com\/pl\/wp-json\/wp\/v2\/media?parent=550"}],"wp:term":[{"taxonomy":"category","embeddable":true,"href":"https:\/\/favorite-news.com\/pl\/wp-json\/wp\/v2\/categories?post=550"},{"taxonomy":"post_tag","embeddable":true,"href":"https:\/\/favorite-news.com\/pl\/wp-json\/wp\/v2\/tags?post=550"}],"curies":[{"name":"wp","href":"https:\/\/api.w.org\/{rel}","templated":true}]}}