{"id":5493,"date":"2020-12-07T01:23:18","date_gmt":"2020-12-06T22:23:18","guid":{"rendered":"https:\/\/favorite-news.com\/pl\/cleo-z-hitem-boney-m-reklamuje-przeceny-na-swieta-w-media-expert-wideo\/"},"modified":"2020-12-07T01:23:20","modified_gmt":"2020-12-06T22:23:20","slug":"cleo-z-hitem-boney-m-reklamuje-przeceny-na-swieta-w-media-expert-wideo","status":"publish","type":"post","link":"https:\/\/favorite-news.com\/pl\/cleo-z-hitem-boney-m-reklamuje-przeceny-na-swieta-w-media-expert-wideo\/","title":{"rendered":"Cleo z hitem Boney M. reklamuje \u201eprzeceny na \u015awi\u0119ta\u201d w Media Expert (wideo)"},"content":{"rendered":"<p>W nowych reklamach Cleo wyst\u0119puje w bo\u017conarodzeniowej scenerii, w otoczeniu \u015bnie\u017cynek i \u015awi\u0119tych Miko\u0142aj\u00f3w. \u015apiewa fragment hitu sprzed lat \u201eDaddy cool\u201d zespo\u0142u Boney M. ze zmienionym tekstem podkre\u015blaj\u0105cym promocyjne obni\u017cki cen w Media Expert.&#13;<br \/>\n&#13;<br \/>\nKampania podkre\u015bla, \u017ce w ramach tej oferty ceny telewizor\u00f3w, smartfon\u00f3w i laptop\u00f3w w sklepach Media Expert zosta\u0142y obni\u017cone nawet o 80 proc. Promocja ruszy\u0142a 1 grudnia, potrwa do 24 grudnia.&#13;<br \/>\n&#13;<br \/>\nW r\u00f3\u017cnych wersjach spor\u00f3w s\u0105 przedstawiane niekt\u00f3re produkty dost\u0119pne w promocyjnych cenach.&#13;<br \/>\n&#13;<br \/>\n\u00a0&#13;<br \/>\n&#13;<br \/>\nW ramach akcji zacz\u0105\u0142 si\u0119 te\u017c konkurs internetowy, w kt\u00f3rym pod wideo z Cleo na YouTubie nale\u017cy wskaza\u0107 produkt z oferty Media Expert o warto\u015bci do 2 tys. z\u0142 i napisa\u0107, dlaczego powinno si\u0119 go otrzyma\u0107.&#13;<br \/>\n&#13;<br \/>\nAutorzy pi\u0119ciu najciekawszych zg\u0142osze\u0144 wygraj\u0105 wskazane produkty. Akcja potrwa do 12 grudnia.&#13;<br \/>\n&#13;<\/p>\n<p>&#13;<br \/>\n&#13;<br \/>\n\u00a0&#13;<br \/>\n&#13;<br \/>\nCleo reklamuje Media Expert od pocz\u0105tku listopada, w ramach kampanii obj\u0119\u0142a w firmie stanowisko dyrektor artystycznej. W poprzednich reklamach \u015bpiewa\u0142a przer\u00f3bk\u0119 przeboju \u201eZakr\u0119cona\u201d Reni Jusis.&#13;<br \/>\n&#13;<br \/>\nDzia\u0142ania reklamowe Media Expert obejmuj\u0105 wszystkie najwa\u017cniejsze kana\u0142y komunikacji, na czele z telewizj\u0105, radiem, internetem i outdoorem. Za kreacj\u0119 i produkcj\u0119 obecnej kampanii odpowiada agencja Ambasada.&#13;<br \/>\n&#13;<br \/>\nFirma Terg, w\u0142a\u015bciciel sieci Media Expert, jest jednym z najwi\u0119kszych reklamodawc\u00f3w w Polsce. Wed\u0142ug danych Kantar Media w pierwszych trzech kwarta\u0142ach br. jej cennikowe wydatki w mediach pozainternetowych wynios\u0142y 515,83 mln z\u0142, o 13,7 proc. wi\u0119cej ni\u017c przed rokiem.&#13;<br \/>\n&#13;<br \/>\nSklep internetowy Mediaexpert.pl w pa\u017adzierniku br. odwiedzi\u0142o 8,71 mln u\u017cytkownik\u00f3w (wed\u0142ug badania Mediapanel).&#13;<br \/>\n                            &#13;<br \/>\n&#13;<br \/>\n                            &#13;<br \/>\n                            &#13;<br \/>\n                                                            &#13;<br \/>\n&#13;<br \/>\n                            &#13;<\/p>\n<p>\n<!--noindex--><br \/>\n<a href=\"https:\/\/www.wirtualnemedia.pl\/artykul\/media-expert-promocja-ceny-cleo-reklama-boney-m-piosenka\" rel=\"nofollow\">Source link <\/a><br \/>\n<!--\/noindex--><\/p>\n","protected":false},"excerpt":{"rendered":"<p>W nowych reklamach Cleo wyst\u0119puje w bo\u017conarodzeniowej scenerii, w otoczeniu \u015bnie\u017cynek i \u015awi\u0119tych Miko\u0142aj\u00f3w. \u015apiewa fragment hitu sprzed lat \u201eDaddy cool\u201d zespo\u0142u Boney M. ze zmienionym tekstem podkre\u015blaj\u0105cym promocyjne obni\u017cki cen w Media Expert.&#13; &#13; Kampania podkre\u015bla, \u017ce w ramach tej oferty ceny telewizor\u00f3w, smartfon\u00f3w i laptop\u00f3w w sklepach Media Expert zosta\u0142y obni\u017cone nawet o [&hellip;]<\/p>\n","protected":false},"author":2,"featured_media":5494,"comment_status":"open","ping_status":"open","sticky":false,"template":"","format":"standard","meta":{"footnotes":""},"categories":[2],"tags":[],"class_list":["post-5493","post","type-post","status-publish","format-standard","has-post-thumbnail","hentry","category-wiadomosci-marketingowe-internetowe"],"yoast_head":"<!-- This site is optimized with the Yoast SEO plugin v27.4 - https:\/\/yoast.com\/product\/yoast-seo-wordpress\/ -->\n<title>Cleo z hitem Boney M. reklamuje \u201eprzeceny na \u015awi\u0119ta\u201d w Media Expert (wideo) - Favorite News<\/title>\n<meta name=\"robots\" content=\"index, follow, max-snippet:-1, max-image-preview:large, max-video-preview:-1\" \/>\n<link rel=\"canonical\" href=\"https:\/\/favorite-news.com\/pl\/cleo-z-hitem-boney-m-reklamuje-przeceny-na-swieta-w-media-expert-wideo\/\" \/>\n<meta property=\"og:locale\" content=\"pl_PL\" \/>\n<meta property=\"og:type\" content=\"article\" \/>\n<meta property=\"og:title\" content=\"Cleo z hitem Boney M. reklamuje \u201eprzeceny na \u015awi\u0119ta\u201d w Media Expert (wideo) - Favorite News\" \/>\n<meta property=\"og:description\" content=\"W nowych reklamach Cleo wyst\u0119puje w bo\u017conarodzeniowej scenerii, w otoczeniu \u015bnie\u017cynek i \u015awi\u0119tych Miko\u0142aj\u00f3w. \u015apiewa fragment hitu sprzed lat \u201eDaddy cool\u201d zespo\u0142u Boney M. ze zmienionym tekstem podkre\u015blaj\u0105cym promocyjne obni\u017cki cen w Media Expert.&#013; &#013; Kampania podkre\u015bla, \u017ce w ramach tej oferty ceny telewizor\u00f3w, smartfon\u00f3w i laptop\u00f3w w sklepach Media Expert zosta\u0142y obni\u017cone nawet o [&hellip;]\" \/>\n<meta property=\"og:url\" content=\"https:\/\/favorite-news.com\/pl\/cleo-z-hitem-boney-m-reklamuje-przeceny-na-swieta-w-media-expert-wideo\/\" \/>\n<meta property=\"og:site_name\" content=\"Favorite News\" \/>\n<meta property=\"article:published_time\" content=\"2020-12-06T22:23:18+00:00\" \/>\n<meta property=\"article:modified_time\" content=\"2020-12-06T22:23:20+00:00\" \/>\n<meta property=\"og:image\" content=\"https:\/\/favorite-news.com\/pl\/wp-content\/uploads\/sites\/6\/2020\/12\/Cleo-z-hitem-Boney-M-reklamuje-\u201eprzeceny-na-Swieta-w.png\" \/>\n\t<meta property=\"og:image:width\" content=\"655\" \/>\n\t<meta property=\"og:image:height\" content=\"520\" \/>\n\t<meta property=\"og:image:type\" content=\"image\/png\" \/>\n<meta name=\"author\" content=\"favorite-news\" \/>\n<meta name=\"twitter:card\" content=\"summary_large_image\" \/>\n<meta name=\"twitter:label1\" content=\"Napisane przez\" \/>\n\t<meta name=\"twitter:data1\" content=\"favorite-news\" \/>\n\t<meta name=\"twitter:label2\" content=\"Szacowany czas czytania\" \/>\n\t<meta name=\"twitter:data2\" content=\"1 minuta\" \/>\n<script type=\"application\/ld+json\" class=\"yoast-schema-graph\">{\"@context\":\"https:\\\/\\\/schema.org\",\"@graph\":[{\"@type\":\"Article\",\"@id\":\"https:\\\/\\\/favorite-news.com\\\/pl\\\/cleo-z-hitem-boney-m-reklamuje-przeceny-na-swieta-w-media-expert-wideo\\\/#article\",\"isPartOf\":{\"@id\":\"https:\\\/\\\/favorite-news.com\\\/pl\\\/cleo-z-hitem-boney-m-reklamuje-przeceny-na-swieta-w-media-expert-wideo\\\/\"},\"author\":{\"name\":\"favorite-news\",\"@id\":\"https:\\\/\\\/favorite-news.com\\\/pl\\\/#\\\/schema\\\/person\\\/b91573b717dcfa5e4696032a9d28d3e8\"},\"headline\":\"Cleo z hitem Boney M. reklamuje \u201eprzeceny na \u015awi\u0119ta\u201d w Media Expert (wideo)\",\"datePublished\":\"2020-12-06T22:23:18+00:00\",\"dateModified\":\"2020-12-06T22:23:20+00:00\",\"mainEntityOfPage\":{\"@id\":\"https:\\\/\\\/favorite-news.com\\\/pl\\\/cleo-z-hitem-boney-m-reklamuje-przeceny-na-swieta-w-media-expert-wideo\\\/\"},\"wordCount\":283,\"commentCount\":0,\"image\":{\"@id\":\"https:\\\/\\\/favorite-news.com\\\/pl\\\/cleo-z-hitem-boney-m-reklamuje-przeceny-na-swieta-w-media-expert-wideo\\\/#primaryimage\"},\"thumbnailUrl\":\"https:\\\/\\\/favorite-news.com\\\/pl\\\/wp-content\\\/uploads\\\/sites\\\/6\\\/2020\\\/12\\\/Cleo-z-hitem-Boney-M-reklamuje-\u201eprzeceny-na-Swieta-w.png\",\"articleSection\":[\"WIADOMO\u015aCI MARKETINGOWE INTERNETOWE\"],\"inLanguage\":\"pl-PL\",\"potentialAction\":[{\"@type\":\"CommentAction\",\"name\":\"Comment\",\"target\":[\"https:\\\/\\\/favorite-news.com\\\/pl\\\/cleo-z-hitem-boney-m-reklamuje-przeceny-na-swieta-w-media-expert-wideo\\\/#respond\"]}]},{\"@type\":\"WebPage\",\"@id\":\"https:\\\/\\\/favorite-news.com\\\/pl\\\/cleo-z-hitem-boney-m-reklamuje-przeceny-na-swieta-w-media-expert-wideo\\\/\",\"url\":\"https:\\\/\\\/favorite-news.com\\\/pl\\\/cleo-z-hitem-boney-m-reklamuje-przeceny-na-swieta-w-media-expert-wideo\\\/\",\"name\":\"Cleo z hitem Boney M. reklamuje \u201eprzeceny na \u015awi\u0119ta\u201d w Media Expert (wideo) - Favorite News\",\"isPartOf\":{\"@id\":\"https:\\\/\\\/favorite-news.com\\\/pl\\\/#website\"},\"primaryImageOfPage\":{\"@id\":\"https:\\\/\\\/favorite-news.com\\\/pl\\\/cleo-z-hitem-boney-m-reklamuje-przeceny-na-swieta-w-media-expert-wideo\\\/#primaryimage\"},\"image\":{\"@id\":\"https:\\\/\\\/favorite-news.com\\\/pl\\\/cleo-z-hitem-boney-m-reklamuje-przeceny-na-swieta-w-media-expert-wideo\\\/#primaryimage\"},\"thumbnailUrl\":\"https:\\\/\\\/favorite-news.com\\\/pl\\\/wp-content\\\/uploads\\\/sites\\\/6\\\/2020\\\/12\\\/Cleo-z-hitem-Boney-M-reklamuje-\u201eprzeceny-na-Swieta-w.png\",\"datePublished\":\"2020-12-06T22:23:18+00:00\",\"dateModified\":\"2020-12-06T22:23:20+00:00\",\"author\":{\"@id\":\"https:\\\/\\\/favorite-news.com\\\/pl\\\/#\\\/schema\\\/person\\\/b91573b717dcfa5e4696032a9d28d3e8\"},\"breadcrumb\":{\"@id\":\"https:\\\/\\\/favorite-news.com\\\/pl\\\/cleo-z-hitem-boney-m-reklamuje-przeceny-na-swieta-w-media-expert-wideo\\\/#breadcrumb\"},\"inLanguage\":\"pl-PL\",\"potentialAction\":[{\"@type\":\"ReadAction\",\"target\":[\"https:\\\/\\\/favorite-news.com\\\/pl\\\/cleo-z-hitem-boney-m-reklamuje-przeceny-na-swieta-w-media-expert-wideo\\\/\"]}]},{\"@type\":\"ImageObject\",\"inLanguage\":\"pl-PL\",\"@id\":\"https:\\\/\\\/favorite-news.com\\\/pl\\\/cleo-z-hitem-boney-m-reklamuje-przeceny-na-swieta-w-media-expert-wideo\\\/#primaryimage\",\"url\":\"https:\\\/\\\/favorite-news.com\\\/pl\\\/wp-content\\\/uploads\\\/sites\\\/6\\\/2020\\\/12\\\/Cleo-z-hitem-Boney-M-reklamuje-\u201eprzeceny-na-Swieta-w.png\",\"contentUrl\":\"https:\\\/\\\/favorite-news.com\\\/pl\\\/wp-content\\\/uploads\\\/sites\\\/6\\\/2020\\\/12\\\/Cleo-z-hitem-Boney-M-reklamuje-\u201eprzeceny-na-Swieta-w.png\",\"width\":655,\"height\":520,\"caption\":\"Article\"},{\"@type\":\"BreadcrumbList\",\"@id\":\"https:\\\/\\\/favorite-news.com\\\/pl\\\/cleo-z-hitem-boney-m-reklamuje-przeceny-na-swieta-w-media-expert-wideo\\\/#breadcrumb\",\"itemListElement\":[{\"@type\":\"ListItem\",\"position\":1,\"name\":\"Home\",\"item\":\"https:\\\/\\\/favorite-news.com\\\/pl\\\/\"},{\"@type\":\"ListItem\",\"position\":2,\"name\":\"Cleo z hitem Boney M. reklamuje \u201eprzeceny na \u015awi\u0119ta\u201d w Media Expert (wideo)\"}]},{\"@type\":\"WebSite\",\"@id\":\"https:\\\/\\\/favorite-news.com\\\/pl\\\/#website\",\"url\":\"https:\\\/\\\/favorite-news.com\\\/pl\\\/\",\"name\":\"Favorite News\",\"description\":\"Favorite News Polska\",\"potentialAction\":[{\"@type\":\"SearchAction\",\"target\":{\"@type\":\"EntryPoint\",\"urlTemplate\":\"https:\\\/\\\/favorite-news.com\\\/pl\\\/?s={search_term_string}\"},\"query-input\":{\"@type\":\"PropertyValueSpecification\",\"valueRequired\":true,\"valueName\":\"search_term_string\"}}],\"inLanguage\":\"pl-PL\"},{\"@type\":\"Person\",\"@id\":\"https:\\\/\\\/favorite-news.com\\\/pl\\\/#\\\/schema\\\/person\\\/b91573b717dcfa5e4696032a9d28d3e8\",\"name\":\"favorite-news\",\"image\":{\"@type\":\"ImageObject\",\"inLanguage\":\"pl-PL\",\"@id\":\"https:\\\/\\\/secure.gravatar.com\\\/avatar\\\/6c5a5cb12b74e9d517ee91cf570335b7d16177f1977cc91db161adfa435945a7?s=96&d=mm&r=g\",\"url\":\"https:\\\/\\\/secure.gravatar.com\\\/avatar\\\/6c5a5cb12b74e9d517ee91cf570335b7d16177f1977cc91db161adfa435945a7?s=96&d=mm&r=g\",\"contentUrl\":\"https:\\\/\\\/secure.gravatar.com\\\/avatar\\\/6c5a5cb12b74e9d517ee91cf570335b7d16177f1977cc91db161adfa435945a7?s=96&d=mm&r=g\",\"caption\":\"favorite-news\"},\"url\":\"https:\\\/\\\/favorite-news.com\\\/pl\\\/author\\\/pt\\\/\"}]}<\/script>\n<!-- \/ Yoast SEO plugin. -->","yoast_head_json":{"title":"Cleo z hitem Boney M. reklamuje \u201eprzeceny na \u015awi\u0119ta\u201d w Media Expert (wideo) - Favorite News","robots":{"index":"index","follow":"follow","max-snippet":"max-snippet:-1","max-image-preview":"max-image-preview:large","max-video-preview":"max-video-preview:-1"},"canonical":"https:\/\/favorite-news.com\/pl\/cleo-z-hitem-boney-m-reklamuje-przeceny-na-swieta-w-media-expert-wideo\/","og_locale":"pl_PL","og_type":"article","og_title":"Cleo z hitem Boney M. reklamuje \u201eprzeceny na \u015awi\u0119ta\u201d w Media Expert (wideo) - Favorite News","og_description":"W nowych reklamach Cleo wyst\u0119puje w bo\u017conarodzeniowej scenerii, w otoczeniu \u015bnie\u017cynek i \u015awi\u0119tych Miko\u0142aj\u00f3w. \u015apiewa fragment hitu sprzed lat \u201eDaddy cool\u201d zespo\u0142u Boney M. ze zmienionym tekstem podkre\u015blaj\u0105cym promocyjne obni\u017cki cen w Media Expert.&#13; &#13; Kampania podkre\u015bla, \u017ce w ramach tej oferty ceny telewizor\u00f3w, smartfon\u00f3w i laptop\u00f3w w sklepach Media Expert zosta\u0142y obni\u017cone nawet o [&hellip;]","og_url":"https:\/\/favorite-news.com\/pl\/cleo-z-hitem-boney-m-reklamuje-przeceny-na-swieta-w-media-expert-wideo\/","og_site_name":"Favorite News","article_published_time":"2020-12-06T22:23:18+00:00","article_modified_time":"2020-12-06T22:23:20+00:00","og_image":[{"width":655,"height":520,"url":"https:\/\/favorite-news.com\/pl\/wp-content\/uploads\/sites\/6\/2020\/12\/Cleo-z-hitem-Boney-M-reklamuje-\u201eprzeceny-na-Swieta-w.png","type":"image\/png"}],"author":"favorite-news","twitter_card":"summary_large_image","twitter_misc":{"Napisane przez":"favorite-news","Szacowany czas czytania":"1 minuta"},"schema":{"@context":"https:\/\/schema.org","@graph":[{"@type":"Article","@id":"https:\/\/favorite-news.com\/pl\/cleo-z-hitem-boney-m-reklamuje-przeceny-na-swieta-w-media-expert-wideo\/#article","isPartOf":{"@id":"https:\/\/favorite-news.com\/pl\/cleo-z-hitem-boney-m-reklamuje-przeceny-na-swieta-w-media-expert-wideo\/"},"author":{"name":"favorite-news","@id":"https:\/\/favorite-news.com\/pl\/#\/schema\/person\/b91573b717dcfa5e4696032a9d28d3e8"},"headline":"Cleo z hitem Boney M. reklamuje \u201eprzeceny na \u015awi\u0119ta\u201d w Media Expert (wideo)","datePublished":"2020-12-06T22:23:18+00:00","dateModified":"2020-12-06T22:23:20+00:00","mainEntityOfPage":{"@id":"https:\/\/favorite-news.com\/pl\/cleo-z-hitem-boney-m-reklamuje-przeceny-na-swieta-w-media-expert-wideo\/"},"wordCount":283,"commentCount":0,"image":{"@id":"https:\/\/favorite-news.com\/pl\/cleo-z-hitem-boney-m-reklamuje-przeceny-na-swieta-w-media-expert-wideo\/#primaryimage"},"thumbnailUrl":"https:\/\/favorite-news.com\/pl\/wp-content\/uploads\/sites\/6\/2020\/12\/Cleo-z-hitem-Boney-M-reklamuje-\u201eprzeceny-na-Swieta-w.png","articleSection":["WIADOMO\u015aCI MARKETINGOWE INTERNETOWE"],"inLanguage":"pl-PL","potentialAction":[{"@type":"CommentAction","name":"Comment","target":["https:\/\/favorite-news.com\/pl\/cleo-z-hitem-boney-m-reklamuje-przeceny-na-swieta-w-media-expert-wideo\/#respond"]}]},{"@type":"WebPage","@id":"https:\/\/favorite-news.com\/pl\/cleo-z-hitem-boney-m-reklamuje-przeceny-na-swieta-w-media-expert-wideo\/","url":"https:\/\/favorite-news.com\/pl\/cleo-z-hitem-boney-m-reklamuje-przeceny-na-swieta-w-media-expert-wideo\/","name":"Cleo z hitem Boney M. reklamuje \u201eprzeceny na \u015awi\u0119ta\u201d w Media Expert (wideo) - Favorite News","isPartOf":{"@id":"https:\/\/favorite-news.com\/pl\/#website"},"primaryImageOfPage":{"@id":"https:\/\/favorite-news.com\/pl\/cleo-z-hitem-boney-m-reklamuje-przeceny-na-swieta-w-media-expert-wideo\/#primaryimage"},"image":{"@id":"https:\/\/favorite-news.com\/pl\/cleo-z-hitem-boney-m-reklamuje-przeceny-na-swieta-w-media-expert-wideo\/#primaryimage"},"thumbnailUrl":"https:\/\/favorite-news.com\/pl\/wp-content\/uploads\/sites\/6\/2020\/12\/Cleo-z-hitem-Boney-M-reklamuje-\u201eprzeceny-na-Swieta-w.png","datePublished":"2020-12-06T22:23:18+00:00","dateModified":"2020-12-06T22:23:20+00:00","author":{"@id":"https:\/\/favorite-news.com\/pl\/#\/schema\/person\/b91573b717dcfa5e4696032a9d28d3e8"},"breadcrumb":{"@id":"https:\/\/favorite-news.com\/pl\/cleo-z-hitem-boney-m-reklamuje-przeceny-na-swieta-w-media-expert-wideo\/#breadcrumb"},"inLanguage":"pl-PL","potentialAction":[{"@type":"ReadAction","target":["https:\/\/favorite-news.com\/pl\/cleo-z-hitem-boney-m-reklamuje-przeceny-na-swieta-w-media-expert-wideo\/"]}]},{"@type":"ImageObject","inLanguage":"pl-PL","@id":"https:\/\/favorite-news.com\/pl\/cleo-z-hitem-boney-m-reklamuje-przeceny-na-swieta-w-media-expert-wideo\/#primaryimage","url":"https:\/\/favorite-news.com\/pl\/wp-content\/uploads\/sites\/6\/2020\/12\/Cleo-z-hitem-Boney-M-reklamuje-\u201eprzeceny-na-Swieta-w.png","contentUrl":"https:\/\/favorite-news.com\/pl\/wp-content\/uploads\/sites\/6\/2020\/12\/Cleo-z-hitem-Boney-M-reklamuje-\u201eprzeceny-na-Swieta-w.png","width":655,"height":520,"caption":"Article"},{"@type":"BreadcrumbList","@id":"https:\/\/favorite-news.com\/pl\/cleo-z-hitem-boney-m-reklamuje-przeceny-na-swieta-w-media-expert-wideo\/#breadcrumb","itemListElement":[{"@type":"ListItem","position":1,"name":"Home","item":"https:\/\/favorite-news.com\/pl\/"},{"@type":"ListItem","position":2,"name":"Cleo z hitem Boney M. reklamuje \u201eprzeceny na \u015awi\u0119ta\u201d w Media Expert (wideo)"}]},{"@type":"WebSite","@id":"https:\/\/favorite-news.com\/pl\/#website","url":"https:\/\/favorite-news.com\/pl\/","name":"Favorite News","description":"Favorite News Polska","potentialAction":[{"@type":"SearchAction","target":{"@type":"EntryPoint","urlTemplate":"https:\/\/favorite-news.com\/pl\/?s={search_term_string}"},"query-input":{"@type":"PropertyValueSpecification","valueRequired":true,"valueName":"search_term_string"}}],"inLanguage":"pl-PL"},{"@type":"Person","@id":"https:\/\/favorite-news.com\/pl\/#\/schema\/person\/b91573b717dcfa5e4696032a9d28d3e8","name":"favorite-news","image":{"@type":"ImageObject","inLanguage":"pl-PL","@id":"https:\/\/secure.gravatar.com\/avatar\/6c5a5cb12b74e9d517ee91cf570335b7d16177f1977cc91db161adfa435945a7?s=96&d=mm&r=g","url":"https:\/\/secure.gravatar.com\/avatar\/6c5a5cb12b74e9d517ee91cf570335b7d16177f1977cc91db161adfa435945a7?s=96&d=mm&r=g","contentUrl":"https:\/\/secure.gravatar.com\/avatar\/6c5a5cb12b74e9d517ee91cf570335b7d16177f1977cc91db161adfa435945a7?s=96&d=mm&r=g","caption":"favorite-news"},"url":"https:\/\/favorite-news.com\/pl\/author\/pt\/"}]}},"_links":{"self":[{"href":"https:\/\/favorite-news.com\/pl\/wp-json\/wp\/v2\/posts\/5493","targetHints":{"allow":["GET"]}}],"collection":[{"href":"https:\/\/favorite-news.com\/pl\/wp-json\/wp\/v2\/posts"}],"about":[{"href":"https:\/\/favorite-news.com\/pl\/wp-json\/wp\/v2\/types\/post"}],"author":[{"embeddable":true,"href":"https:\/\/favorite-news.com\/pl\/wp-json\/wp\/v2\/users\/2"}],"replies":[{"embeddable":true,"href":"https:\/\/favorite-news.com\/pl\/wp-json\/wp\/v2\/comments?post=5493"}],"version-history":[{"count":1,"href":"https:\/\/favorite-news.com\/pl\/wp-json\/wp\/v2\/posts\/5493\/revisions"}],"predecessor-version":[{"id":5495,"href":"https:\/\/favorite-news.com\/pl\/wp-json\/wp\/v2\/posts\/5493\/revisions\/5495"}],"wp:featuredmedia":[{"embeddable":true,"href":"https:\/\/favorite-news.com\/pl\/wp-json\/wp\/v2\/media\/5494"}],"wp:attachment":[{"href":"https:\/\/favorite-news.com\/pl\/wp-json\/wp\/v2\/media?parent=5493"}],"wp:term":[{"taxonomy":"category","embeddable":true,"href":"https:\/\/favorite-news.com\/pl\/wp-json\/wp\/v2\/categories?post=5493"},{"taxonomy":"post_tag","embeddable":true,"href":"https:\/\/favorite-news.com\/pl\/wp-json\/wp\/v2\/tags?post=5493"}],"curies":[{"name":"wp","href":"https:\/\/api.w.org\/{rel}","templated":true}]}}