{"id":5490,"date":"2020-12-06T13:16:26","date_gmt":"2020-12-06T10:16:26","guid":{"rendered":"https:\/\/favorite-news.com\/pl\/visa-wybrala-wiedenkennedy-i-publicis-groupe-do-globalnej-obslugi\/"},"modified":"2020-12-06T13:16:28","modified_gmt":"2020-12-06T10:16:28","slug":"visa-wybrala-wiedenkennedy-i-publicis-groupe-do-globalnej-obslugi","status":"publish","type":"post","link":"https:\/\/favorite-news.com\/pl\/visa-wybrala-wiedenkennedy-i-publicis-groupe-do-globalnej-obslugi\/","title":{"rendered":"Visa wybra\u0142a Wieden+Kennedy i Publicis Groupe do globalnej obs\u0142ugi"},"content":{"rendered":"<p>Visa poinformowa\u0142a, \u017ce wybra\u0142a w trwaj\u0105cym od lipca br. przetargu do wsp\u00f3\u0142pracy w zakresie obs\u0142ugi reklamowej na poziomie globalnym agencje Wieden+Kennedy i Publicis Groupe.&#13;<br \/>\n&#13;<br \/>\nWieden + Kennedy b\u0119dzie zajmowa\u0107 si\u0119 strategi\u0105 kreatywn\u0105 i g\u0142\u00f3wnymi projektami reklamowymi, za\u015b Publicis Groupe stworzy zesp\u00f3\u0142, kt\u00f3ry b\u0119dzie zajmowa\u0142 si\u0119 mediami i produkcj\u0105, a tak\u017ce wspiera\u0142 &#8222;hiperlokaln\u0105 prac\u0119&#8221; na ca\u0142ym \u015bwiecie.&#13;<br \/>\n&#13;<br \/>\nDotychczas obs\u0142ug\u0105 reklamow\u0105 VISA zajmowa\u0142y si\u0119 agencje BBDO (od 2012 roku odpowiada\u0142a za globalne kreacje) oraz Saatchi&amp;Saatchi (od 2015 roku zajmowa\u0142a si\u0119 kreacj\u0105 w Europie). &#13;<br \/>\n&#13;<br \/>\nSaatchi, kt\u00f3ra nale\u017cy do Publicis Groupe b\u0119dzie nadal wsp\u00f3\u0142pracowa\u0107 z Visa nad kreatywn\u0105 produkcj\u0105 i projektami oraz b\u0119dzie rozszerza\u0107 swoje kompetencje na 73 rynkach na ca\u0142ym \u015bwiecie, podczas gdy Wieden+Kennedy skupi si\u0119 na kreacji.&#13;<br \/>\n&#13;<br \/>\nObs\u0142ug\u0105 mediow\u0105 VIsa zajmuje si\u0119 nale\u017c\u0105cy do Publicis Groupe dom mediowy Starcom, kt\u00f3ry b\u0119dzie kontynuowa\u0107 obs\u0142ug\u0119 mediow\u0105 marki.&#13;<br \/>\n&#13;<br \/>\nW Polsce ostatni\u0105 kampani\u0119 Visa przygotowa\u0142y agencje Saatchi&amp;Saatchi i Starcom. &#13;<br \/>\n                            &#13;<br \/>\n&#13;<br \/>\n                            &#13;<br \/>\n                            &#13;<br \/>\n                                                            &#13;<br \/>\n&#13;<br \/>\n                            &#13;<\/p>\n<p>\n<!--noindex--><br \/>\n<a href=\"https:\/\/www.wirtualnemedia.pl\/artykul\/visa-wybrala-wieden-kennedy-i-publicis-groupe-do-globalnej-obslugi\" rel=\"nofollow\">Source link <\/a><br \/>\n<!--\/noindex--><\/p>\n","protected":false},"excerpt":{"rendered":"<p>Visa poinformowa\u0142a, \u017ce wybra\u0142a w trwaj\u0105cym od lipca br. przetargu do wsp\u00f3\u0142pracy w zakresie obs\u0142ugi reklamowej na poziomie globalnym agencje Wieden+Kennedy i Publicis Groupe.&#13; &#13; Wieden + Kennedy b\u0119dzie zajmowa\u0107 si\u0119 strategi\u0105 kreatywn\u0105 i g\u0142\u00f3wnymi projektami reklamowymi, za\u015b Publicis Groupe stworzy zesp\u00f3\u0142, kt\u00f3ry b\u0119dzie zajmowa\u0142 si\u0119 mediami i produkcj\u0105, a tak\u017ce wspiera\u0142 &#8222;hiperlokaln\u0105 prac\u0119&#8221; na [&hellip;]<\/p>\n","protected":false},"author":2,"featured_media":5491,"comment_status":"open","ping_status":"open","sticky":false,"template":"","format":"standard","meta":{"footnotes":""},"categories":[2],"tags":[],"class_list":["post-5490","post","type-post","status-publish","format-standard","has-post-thumbnail","hentry","category-wiadomosci-marketingowe-internetowe"],"yoast_head":"<!-- This site is optimized with the Yoast SEO plugin v27.4 - https:\/\/yoast.com\/product\/yoast-seo-wordpress\/ -->\n<title>Visa wybra\u0142a Wieden+Kennedy i Publicis Groupe do globalnej obs\u0142ugi - Favorite News<\/title>\n<meta name=\"robots\" content=\"index, follow, max-snippet:-1, max-image-preview:large, max-video-preview:-1\" \/>\n<link rel=\"canonical\" href=\"https:\/\/favorite-news.com\/pl\/visa-wybrala-wiedenkennedy-i-publicis-groupe-do-globalnej-obslugi\/\" \/>\n<meta property=\"og:locale\" content=\"pl_PL\" \/>\n<meta property=\"og:type\" content=\"article\" \/>\n<meta property=\"og:title\" content=\"Visa wybra\u0142a Wieden+Kennedy i Publicis Groupe do globalnej obs\u0142ugi - Favorite News\" \/>\n<meta property=\"og:description\" content=\"Visa poinformowa\u0142a, \u017ce wybra\u0142a w trwaj\u0105cym od lipca br. przetargu do wsp\u00f3\u0142pracy w zakresie obs\u0142ugi reklamowej na poziomie globalnym agencje Wieden+Kennedy i Publicis Groupe.&#013; &#013; Wieden + Kennedy b\u0119dzie zajmowa\u0107 si\u0119 strategi\u0105 kreatywn\u0105 i g\u0142\u00f3wnymi projektami reklamowymi, za\u015b Publicis Groupe stworzy zesp\u00f3\u0142, kt\u00f3ry b\u0119dzie zajmowa\u0142 si\u0119 mediami i produkcj\u0105, a tak\u017ce wspiera\u0142 &#8222;hiperlokaln\u0105 prac\u0119&#8221; na [&hellip;]\" \/>\n<meta property=\"og:url\" content=\"https:\/\/favorite-news.com\/pl\/visa-wybrala-wiedenkennedy-i-publicis-groupe-do-globalnej-obslugi\/\" \/>\n<meta property=\"og:site_name\" content=\"Favorite News\" \/>\n<meta property=\"article:published_time\" content=\"2020-12-06T10:16:26+00:00\" \/>\n<meta property=\"article:modified_time\" content=\"2020-12-06T10:16:28+00:00\" \/>\n<meta property=\"og:image\" content=\"https:\/\/favorite-news.com\/pl\/wp-content\/uploads\/sites\/6\/2020\/12\/Visa-wybrala-WiedenKennedy-i-Publicis-Groupe-do-globalnej-obslugi.jpg\" \/>\n\t<meta property=\"og:image:width\" content=\"655\" \/>\n\t<meta property=\"og:image:height\" content=\"436\" \/>\n\t<meta property=\"og:image:type\" content=\"image\/jpeg\" \/>\n<meta name=\"author\" content=\"favorite-news\" \/>\n<meta name=\"twitter:card\" content=\"summary_large_image\" \/>\n<meta name=\"twitter:label1\" content=\"Napisane przez\" \/>\n\t<meta name=\"twitter:data1\" content=\"favorite-news\" \/>\n\t<meta name=\"twitter:label2\" content=\"Szacowany czas czytania\" \/>\n\t<meta name=\"twitter:data2\" content=\"1 minuta\" \/>\n<script type=\"application\/ld+json\" class=\"yoast-schema-graph\">{\"@context\":\"https:\\\/\\\/schema.org\",\"@graph\":[{\"@type\":\"Article\",\"@id\":\"https:\\\/\\\/favorite-news.com\\\/pl\\\/visa-wybrala-wiedenkennedy-i-publicis-groupe-do-globalnej-obslugi\\\/#article\",\"isPartOf\":{\"@id\":\"https:\\\/\\\/favorite-news.com\\\/pl\\\/visa-wybrala-wiedenkennedy-i-publicis-groupe-do-globalnej-obslugi\\\/\"},\"author\":{\"name\":\"favorite-news\",\"@id\":\"https:\\\/\\\/favorite-news.com\\\/pl\\\/#\\\/schema\\\/person\\\/b91573b717dcfa5e4696032a9d28d3e8\"},\"headline\":\"Visa wybra\u0142a Wieden+Kennedy i Publicis Groupe do globalnej obs\u0142ugi\",\"datePublished\":\"2020-12-06T10:16:26+00:00\",\"dateModified\":\"2020-12-06T10:16:28+00:00\",\"mainEntityOfPage\":{\"@id\":\"https:\\\/\\\/favorite-news.com\\\/pl\\\/visa-wybrala-wiedenkennedy-i-publicis-groupe-do-globalnej-obslugi\\\/\"},\"wordCount\":186,\"commentCount\":0,\"image\":{\"@id\":\"https:\\\/\\\/favorite-news.com\\\/pl\\\/visa-wybrala-wiedenkennedy-i-publicis-groupe-do-globalnej-obslugi\\\/#primaryimage\"},\"thumbnailUrl\":\"https:\\\/\\\/favorite-news.com\\\/pl\\\/wp-content\\\/uploads\\\/sites\\\/6\\\/2020\\\/12\\\/Visa-wybrala-WiedenKennedy-i-Publicis-Groupe-do-globalnej-obslugi.jpg\",\"articleSection\":[\"WIADOMO\u015aCI MARKETINGOWE INTERNETOWE\"],\"inLanguage\":\"pl-PL\",\"potentialAction\":[{\"@type\":\"CommentAction\",\"name\":\"Comment\",\"target\":[\"https:\\\/\\\/favorite-news.com\\\/pl\\\/visa-wybrala-wiedenkennedy-i-publicis-groupe-do-globalnej-obslugi\\\/#respond\"]}]},{\"@type\":\"WebPage\",\"@id\":\"https:\\\/\\\/favorite-news.com\\\/pl\\\/visa-wybrala-wiedenkennedy-i-publicis-groupe-do-globalnej-obslugi\\\/\",\"url\":\"https:\\\/\\\/favorite-news.com\\\/pl\\\/visa-wybrala-wiedenkennedy-i-publicis-groupe-do-globalnej-obslugi\\\/\",\"name\":\"Visa wybra\u0142a Wieden+Kennedy i Publicis Groupe do globalnej obs\u0142ugi - Favorite News\",\"isPartOf\":{\"@id\":\"https:\\\/\\\/favorite-news.com\\\/pl\\\/#website\"},\"primaryImageOfPage\":{\"@id\":\"https:\\\/\\\/favorite-news.com\\\/pl\\\/visa-wybrala-wiedenkennedy-i-publicis-groupe-do-globalnej-obslugi\\\/#primaryimage\"},\"image\":{\"@id\":\"https:\\\/\\\/favorite-news.com\\\/pl\\\/visa-wybrala-wiedenkennedy-i-publicis-groupe-do-globalnej-obslugi\\\/#primaryimage\"},\"thumbnailUrl\":\"https:\\\/\\\/favorite-news.com\\\/pl\\\/wp-content\\\/uploads\\\/sites\\\/6\\\/2020\\\/12\\\/Visa-wybrala-WiedenKennedy-i-Publicis-Groupe-do-globalnej-obslugi.jpg\",\"datePublished\":\"2020-12-06T10:16:26+00:00\",\"dateModified\":\"2020-12-06T10:16:28+00:00\",\"author\":{\"@id\":\"https:\\\/\\\/favorite-news.com\\\/pl\\\/#\\\/schema\\\/person\\\/b91573b717dcfa5e4696032a9d28d3e8\"},\"breadcrumb\":{\"@id\":\"https:\\\/\\\/favorite-news.com\\\/pl\\\/visa-wybrala-wiedenkennedy-i-publicis-groupe-do-globalnej-obslugi\\\/#breadcrumb\"},\"inLanguage\":\"pl-PL\",\"potentialAction\":[{\"@type\":\"ReadAction\",\"target\":[\"https:\\\/\\\/favorite-news.com\\\/pl\\\/visa-wybrala-wiedenkennedy-i-publicis-groupe-do-globalnej-obslugi\\\/\"]}]},{\"@type\":\"ImageObject\",\"inLanguage\":\"pl-PL\",\"@id\":\"https:\\\/\\\/favorite-news.com\\\/pl\\\/visa-wybrala-wiedenkennedy-i-publicis-groupe-do-globalnej-obslugi\\\/#primaryimage\",\"url\":\"https:\\\/\\\/favorite-news.com\\\/pl\\\/wp-content\\\/uploads\\\/sites\\\/6\\\/2020\\\/12\\\/Visa-wybrala-WiedenKennedy-i-Publicis-Groupe-do-globalnej-obslugi.jpg\",\"contentUrl\":\"https:\\\/\\\/favorite-news.com\\\/pl\\\/wp-content\\\/uploads\\\/sites\\\/6\\\/2020\\\/12\\\/Visa-wybrala-WiedenKennedy-i-Publicis-Groupe-do-globalnej-obslugi.jpg\",\"width\":655,\"height\":436,\"caption\":\"Article\"},{\"@type\":\"BreadcrumbList\",\"@id\":\"https:\\\/\\\/favorite-news.com\\\/pl\\\/visa-wybrala-wiedenkennedy-i-publicis-groupe-do-globalnej-obslugi\\\/#breadcrumb\",\"itemListElement\":[{\"@type\":\"ListItem\",\"position\":1,\"name\":\"Home\",\"item\":\"https:\\\/\\\/favorite-news.com\\\/pl\\\/\"},{\"@type\":\"ListItem\",\"position\":2,\"name\":\"Visa wybra\u0142a Wieden+Kennedy i Publicis Groupe do globalnej obs\u0142ugi\"}]},{\"@type\":\"WebSite\",\"@id\":\"https:\\\/\\\/favorite-news.com\\\/pl\\\/#website\",\"url\":\"https:\\\/\\\/favorite-news.com\\\/pl\\\/\",\"name\":\"Favorite News\",\"description\":\"Favorite News Polska\",\"potentialAction\":[{\"@type\":\"SearchAction\",\"target\":{\"@type\":\"EntryPoint\",\"urlTemplate\":\"https:\\\/\\\/favorite-news.com\\\/pl\\\/?s={search_term_string}\"},\"query-input\":{\"@type\":\"PropertyValueSpecification\",\"valueRequired\":true,\"valueName\":\"search_term_string\"}}],\"inLanguage\":\"pl-PL\"},{\"@type\":\"Person\",\"@id\":\"https:\\\/\\\/favorite-news.com\\\/pl\\\/#\\\/schema\\\/person\\\/b91573b717dcfa5e4696032a9d28d3e8\",\"name\":\"favorite-news\",\"image\":{\"@type\":\"ImageObject\",\"inLanguage\":\"pl-PL\",\"@id\":\"https:\\\/\\\/secure.gravatar.com\\\/avatar\\\/6c5a5cb12b74e9d517ee91cf570335b7d16177f1977cc91db161adfa435945a7?s=96&d=mm&r=g\",\"url\":\"https:\\\/\\\/secure.gravatar.com\\\/avatar\\\/6c5a5cb12b74e9d517ee91cf570335b7d16177f1977cc91db161adfa435945a7?s=96&d=mm&r=g\",\"contentUrl\":\"https:\\\/\\\/secure.gravatar.com\\\/avatar\\\/6c5a5cb12b74e9d517ee91cf570335b7d16177f1977cc91db161adfa435945a7?s=96&d=mm&r=g\",\"caption\":\"favorite-news\"},\"url\":\"https:\\\/\\\/favorite-news.com\\\/pl\\\/author\\\/pt\\\/\"}]}<\/script>\n<!-- \/ Yoast SEO plugin. -->","yoast_head_json":{"title":"Visa wybra\u0142a Wieden+Kennedy i Publicis Groupe do globalnej obs\u0142ugi - Favorite News","robots":{"index":"index","follow":"follow","max-snippet":"max-snippet:-1","max-image-preview":"max-image-preview:large","max-video-preview":"max-video-preview:-1"},"canonical":"https:\/\/favorite-news.com\/pl\/visa-wybrala-wiedenkennedy-i-publicis-groupe-do-globalnej-obslugi\/","og_locale":"pl_PL","og_type":"article","og_title":"Visa wybra\u0142a Wieden+Kennedy i Publicis Groupe do globalnej obs\u0142ugi - Favorite News","og_description":"Visa poinformowa\u0142a, \u017ce wybra\u0142a w trwaj\u0105cym od lipca br. przetargu do wsp\u00f3\u0142pracy w zakresie obs\u0142ugi reklamowej na poziomie globalnym agencje Wieden+Kennedy i Publicis Groupe.&#13; &#13; Wieden + Kennedy b\u0119dzie zajmowa\u0107 si\u0119 strategi\u0105 kreatywn\u0105 i g\u0142\u00f3wnymi projektami reklamowymi, za\u015b Publicis Groupe stworzy zesp\u00f3\u0142, kt\u00f3ry b\u0119dzie zajmowa\u0142 si\u0119 mediami i produkcj\u0105, a tak\u017ce wspiera\u0142 &#8222;hiperlokaln\u0105 prac\u0119&#8221; na [&hellip;]","og_url":"https:\/\/favorite-news.com\/pl\/visa-wybrala-wiedenkennedy-i-publicis-groupe-do-globalnej-obslugi\/","og_site_name":"Favorite News","article_published_time":"2020-12-06T10:16:26+00:00","article_modified_time":"2020-12-06T10:16:28+00:00","og_image":[{"width":655,"height":436,"url":"https:\/\/favorite-news.com\/pl\/wp-content\/uploads\/sites\/6\/2020\/12\/Visa-wybrala-WiedenKennedy-i-Publicis-Groupe-do-globalnej-obslugi.jpg","type":"image\/jpeg"}],"author":"favorite-news","twitter_card":"summary_large_image","twitter_misc":{"Napisane przez":"favorite-news","Szacowany czas czytania":"1 minuta"},"schema":{"@context":"https:\/\/schema.org","@graph":[{"@type":"Article","@id":"https:\/\/favorite-news.com\/pl\/visa-wybrala-wiedenkennedy-i-publicis-groupe-do-globalnej-obslugi\/#article","isPartOf":{"@id":"https:\/\/favorite-news.com\/pl\/visa-wybrala-wiedenkennedy-i-publicis-groupe-do-globalnej-obslugi\/"},"author":{"name":"favorite-news","@id":"https:\/\/favorite-news.com\/pl\/#\/schema\/person\/b91573b717dcfa5e4696032a9d28d3e8"},"headline":"Visa wybra\u0142a Wieden+Kennedy i Publicis Groupe do globalnej obs\u0142ugi","datePublished":"2020-12-06T10:16:26+00:00","dateModified":"2020-12-06T10:16:28+00:00","mainEntityOfPage":{"@id":"https:\/\/favorite-news.com\/pl\/visa-wybrala-wiedenkennedy-i-publicis-groupe-do-globalnej-obslugi\/"},"wordCount":186,"commentCount":0,"image":{"@id":"https:\/\/favorite-news.com\/pl\/visa-wybrala-wiedenkennedy-i-publicis-groupe-do-globalnej-obslugi\/#primaryimage"},"thumbnailUrl":"https:\/\/favorite-news.com\/pl\/wp-content\/uploads\/sites\/6\/2020\/12\/Visa-wybrala-WiedenKennedy-i-Publicis-Groupe-do-globalnej-obslugi.jpg","articleSection":["WIADOMO\u015aCI MARKETINGOWE INTERNETOWE"],"inLanguage":"pl-PL","potentialAction":[{"@type":"CommentAction","name":"Comment","target":["https:\/\/favorite-news.com\/pl\/visa-wybrala-wiedenkennedy-i-publicis-groupe-do-globalnej-obslugi\/#respond"]}]},{"@type":"WebPage","@id":"https:\/\/favorite-news.com\/pl\/visa-wybrala-wiedenkennedy-i-publicis-groupe-do-globalnej-obslugi\/","url":"https:\/\/favorite-news.com\/pl\/visa-wybrala-wiedenkennedy-i-publicis-groupe-do-globalnej-obslugi\/","name":"Visa wybra\u0142a Wieden+Kennedy i Publicis Groupe do globalnej obs\u0142ugi - Favorite News","isPartOf":{"@id":"https:\/\/favorite-news.com\/pl\/#website"},"primaryImageOfPage":{"@id":"https:\/\/favorite-news.com\/pl\/visa-wybrala-wiedenkennedy-i-publicis-groupe-do-globalnej-obslugi\/#primaryimage"},"image":{"@id":"https:\/\/favorite-news.com\/pl\/visa-wybrala-wiedenkennedy-i-publicis-groupe-do-globalnej-obslugi\/#primaryimage"},"thumbnailUrl":"https:\/\/favorite-news.com\/pl\/wp-content\/uploads\/sites\/6\/2020\/12\/Visa-wybrala-WiedenKennedy-i-Publicis-Groupe-do-globalnej-obslugi.jpg","datePublished":"2020-12-06T10:16:26+00:00","dateModified":"2020-12-06T10:16:28+00:00","author":{"@id":"https:\/\/favorite-news.com\/pl\/#\/schema\/person\/b91573b717dcfa5e4696032a9d28d3e8"},"breadcrumb":{"@id":"https:\/\/favorite-news.com\/pl\/visa-wybrala-wiedenkennedy-i-publicis-groupe-do-globalnej-obslugi\/#breadcrumb"},"inLanguage":"pl-PL","potentialAction":[{"@type":"ReadAction","target":["https:\/\/favorite-news.com\/pl\/visa-wybrala-wiedenkennedy-i-publicis-groupe-do-globalnej-obslugi\/"]}]},{"@type":"ImageObject","inLanguage":"pl-PL","@id":"https:\/\/favorite-news.com\/pl\/visa-wybrala-wiedenkennedy-i-publicis-groupe-do-globalnej-obslugi\/#primaryimage","url":"https:\/\/favorite-news.com\/pl\/wp-content\/uploads\/sites\/6\/2020\/12\/Visa-wybrala-WiedenKennedy-i-Publicis-Groupe-do-globalnej-obslugi.jpg","contentUrl":"https:\/\/favorite-news.com\/pl\/wp-content\/uploads\/sites\/6\/2020\/12\/Visa-wybrala-WiedenKennedy-i-Publicis-Groupe-do-globalnej-obslugi.jpg","width":655,"height":436,"caption":"Article"},{"@type":"BreadcrumbList","@id":"https:\/\/favorite-news.com\/pl\/visa-wybrala-wiedenkennedy-i-publicis-groupe-do-globalnej-obslugi\/#breadcrumb","itemListElement":[{"@type":"ListItem","position":1,"name":"Home","item":"https:\/\/favorite-news.com\/pl\/"},{"@type":"ListItem","position":2,"name":"Visa wybra\u0142a Wieden+Kennedy i Publicis Groupe do globalnej obs\u0142ugi"}]},{"@type":"WebSite","@id":"https:\/\/favorite-news.com\/pl\/#website","url":"https:\/\/favorite-news.com\/pl\/","name":"Favorite News","description":"Favorite News Polska","potentialAction":[{"@type":"SearchAction","target":{"@type":"EntryPoint","urlTemplate":"https:\/\/favorite-news.com\/pl\/?s={search_term_string}"},"query-input":{"@type":"PropertyValueSpecification","valueRequired":true,"valueName":"search_term_string"}}],"inLanguage":"pl-PL"},{"@type":"Person","@id":"https:\/\/favorite-news.com\/pl\/#\/schema\/person\/b91573b717dcfa5e4696032a9d28d3e8","name":"favorite-news","image":{"@type":"ImageObject","inLanguage":"pl-PL","@id":"https:\/\/secure.gravatar.com\/avatar\/6c5a5cb12b74e9d517ee91cf570335b7d16177f1977cc91db161adfa435945a7?s=96&d=mm&r=g","url":"https:\/\/secure.gravatar.com\/avatar\/6c5a5cb12b74e9d517ee91cf570335b7d16177f1977cc91db161adfa435945a7?s=96&d=mm&r=g","contentUrl":"https:\/\/secure.gravatar.com\/avatar\/6c5a5cb12b74e9d517ee91cf570335b7d16177f1977cc91db161adfa435945a7?s=96&d=mm&r=g","caption":"favorite-news"},"url":"https:\/\/favorite-news.com\/pl\/author\/pt\/"}]}},"_links":{"self":[{"href":"https:\/\/favorite-news.com\/pl\/wp-json\/wp\/v2\/posts\/5490","targetHints":{"allow":["GET"]}}],"collection":[{"href":"https:\/\/favorite-news.com\/pl\/wp-json\/wp\/v2\/posts"}],"about":[{"href":"https:\/\/favorite-news.com\/pl\/wp-json\/wp\/v2\/types\/post"}],"author":[{"embeddable":true,"href":"https:\/\/favorite-news.com\/pl\/wp-json\/wp\/v2\/users\/2"}],"replies":[{"embeddable":true,"href":"https:\/\/favorite-news.com\/pl\/wp-json\/wp\/v2\/comments?post=5490"}],"version-history":[{"count":1,"href":"https:\/\/favorite-news.com\/pl\/wp-json\/wp\/v2\/posts\/5490\/revisions"}],"predecessor-version":[{"id":5492,"href":"https:\/\/favorite-news.com\/pl\/wp-json\/wp\/v2\/posts\/5490\/revisions\/5492"}],"wp:featuredmedia":[{"embeddable":true,"href":"https:\/\/favorite-news.com\/pl\/wp-json\/wp\/v2\/media\/5491"}],"wp:attachment":[{"href":"https:\/\/favorite-news.com\/pl\/wp-json\/wp\/v2\/media?parent=5490"}],"wp:term":[{"taxonomy":"category","embeddable":true,"href":"https:\/\/favorite-news.com\/pl\/wp-json\/wp\/v2\/categories?post=5490"},{"taxonomy":"post_tag","embeddable":true,"href":"https:\/\/favorite-news.com\/pl\/wp-json\/wp\/v2\/tags?post=5490"}],"curies":[{"name":"wp","href":"https:\/\/api.w.org\/{rel}","templated":true}]}}