{"id":5487,"date":"2020-12-06T01:10:54","date_gmt":"2020-12-05T22:10:54","guid":{"rendered":"https:\/\/favorite-news.com\/pl\/sad-zakazal-wprowadzania-do-obrotu-opakowan-pierniczkow-swiatecznych-gellwe\/"},"modified":"2020-12-06T01:10:55","modified_gmt":"2020-12-05T22:10:55","slug":"sad-zakazal-wprowadzania-do-obrotu-opakowan-pierniczkow-swiatecznych-gellwe","status":"publish","type":"post","link":"https:\/\/favorite-news.com\/pl\/sad-zakazal-wprowadzania-do-obrotu-opakowan-pierniczkow-swiatecznych-gellwe\/","title":{"rendered":"S\u0105d zakaza\u0142 wprowadzania do obrotu opakowa\u0144 Pierniczk\u00f3w \u015awi\u0105tecznych Gellwe"},"content":{"rendered":"<p>Do S\u0105du Okr\u0119gowego w Katowicach z wnioskiem o zabezpieczenie jej roszcze\u0144 wobec FoodCare dotycz\u0105cych opakowania Pierniczk\u00f3w \u015bwi\u0105tecznych marki Gellwe wyst\u0105pi\u0142a firma Dr. Oetker Polska.&#13;<br \/>\n&#13;<br \/>\n&#8222;Roszczenie wynika z faktu pope\u0142nienia czyn\u00f3w nieuczciwej konkurencji&#8221;&#13;<br \/>\n&#13;<br \/>\nJak informuje firma &#8222;roszczenie wynika z faktu pope\u0142nienia przez FoodCare Sp. z o.o. czyn\u00f3w nieuczciwej konkurencji, stanowi\u0105cych naruszenie chronionych prawem interes\u00f3w Dr. Oetker Polska. Marka Gellwe na opakowaniu \u015awi\u0105tecznych pierniczk\u00f3w wykorzysta\u0142a utrwalony wizerunek opakowania dobrze znanych Pierniczk\u00f3w firmy Dr. Oetker&#8221;.&#13;<br \/>\n&#13;<br \/>\nPostanowieniem s\u0105du Dr. Oetker Polska uzyska\u0142 zabezpieczenie roszczenia wobec FoodCare, kt\u00f3re obejmuje\u00a0zakaz u\u017cywania w obrocie gospodarczym dla produktu w postaci pierniczk\u00f3w w proszku opakowania &#8211; w jakiejkolwiek formie i o jakiejkolwiek gramaturze &#8211; z nast\u0119puj\u0105cymi elementami na przedniej \u015bciance: zielonym t\u0142em, elementem graficznym przedstawiaj\u0105cym stos pierniczk\u00f3w dekorowanych bia\u0142ym lukrem, umieszczonym w dolnej po\u0142owie kompozycji, oznaczeniem producenta znajduj\u0105cym si\u0119 na g\u00f3rze po lewej stronie, nazw\u0105 \u201epierniczki\u201d pisan\u0105 bia\u0142\u0105 czcionk\u0105, umieszczon\u0105 w g\u00f3rnej po\u0142owie kompozycji, wizerunkiem etykietki, na kt\u00f3rej na czerwonym tle s\u0105 umieszczone informacje dodatkowe.&#13;<br \/>\n&#13;<br \/>\nJe\u015bli FoodCare si\u0119 do tego nie zastosuje, s\u0105d mo\u017ce wyda\u0107 nakaz zap\u0142aty kary w wysoko\u015bci 10 tys. z\u0142 za ka\u017cdy przypadek naruszenia prawa.&#13;<br \/>\n&#13;<br \/>\nJak informuje Dr. Oetker, wykonuj\u0105c postanowienie s\u0105du, komornik s\u0105dowy dokona\u0142 r\u00f3wnie\u017c zaj\u0119cia opakowa\u0144 Pierniczk\u00f3w \u015bwi\u0105tecznych marki Gellwe z wymienionymi wy\u017cej elementami, w dost\u0119pnych formach i gramaturach, znajduj\u0105cych si\u0119 na terenie przedsi\u0119biorstwa FoodCare i magazyn\u00f3w, w kt\u00f3rych s\u0105 sk\u0142adowane.&#13;<br \/>\n&#13;<br \/>\nPostanowienie S\u0105du Okr\u0119gowego w Katowicach o zabezpieczeniu roszcze\u0144 Dr. Oetker jest nieprawomocne,\u00a0FoodCare mo\u017ce wnie\u015b\u0107 za\u017calenie na to postanowienie.&#13;<br \/>\n                            &#13;<br \/>\n&#13;<br \/>\n                            &#13;<br \/>\n                            &#13;<br \/>\n                                                            &#13;<br \/>\n&#13;<br \/>\n                            &#13;<\/p>\n<p>\n<!--noindex--><br \/>\n<a href=\"https:\/\/www.wirtualnemedia.pl\/artykul\/sad-zakazal-sprzedaz-pierniki-swiateczne-gellwe\" rel=\"nofollow\">Source link <\/a><br \/>\n<!--\/noindex--><\/p>\n","protected":false},"excerpt":{"rendered":"<p>Do S\u0105du Okr\u0119gowego w Katowicach z wnioskiem o zabezpieczenie jej roszcze\u0144 wobec FoodCare dotycz\u0105cych opakowania Pierniczk\u00f3w \u015bwi\u0105tecznych marki Gellwe wyst\u0105pi\u0142a firma Dr. Oetker Polska.&#13; &#13; &#8222;Roszczenie wynika z faktu pope\u0142nienia czyn\u00f3w nieuczciwej konkurencji&#8221;&#13; &#13; Jak informuje firma &#8222;roszczenie wynika z faktu pope\u0142nienia przez FoodCare Sp. z o.o. czyn\u00f3w nieuczciwej konkurencji, stanowi\u0105cych naruszenie chronionych prawem interes\u00f3w [&hellip;]<\/p>\n","protected":false},"author":2,"featured_media":5488,"comment_status":"open","ping_status":"open","sticky":false,"template":"","format":"standard","meta":{"footnotes":""},"categories":[2],"tags":[],"class_list":["post-5487","post","type-post","status-publish","format-standard","has-post-thumbnail","hentry","category-wiadomosci-marketingowe-internetowe"],"yoast_head":"<!-- This site is optimized with the Yoast SEO plugin v27.4 - https:\/\/yoast.com\/product\/yoast-seo-wordpress\/ -->\n<title>S\u0105d zakaza\u0142 wprowadzania do obrotu opakowa\u0144 Pierniczk\u00f3w \u015awi\u0105tecznych Gellwe - Favorite News<\/title>\n<meta name=\"robots\" content=\"index, follow, max-snippet:-1, max-image-preview:large, max-video-preview:-1\" \/>\n<link rel=\"canonical\" href=\"https:\/\/favorite-news.com\/pl\/sad-zakazal-wprowadzania-do-obrotu-opakowan-pierniczkow-swiatecznych-gellwe\/\" \/>\n<meta property=\"og:locale\" content=\"pl_PL\" \/>\n<meta property=\"og:type\" content=\"article\" \/>\n<meta property=\"og:title\" content=\"S\u0105d zakaza\u0142 wprowadzania do obrotu opakowa\u0144 Pierniczk\u00f3w \u015awi\u0105tecznych Gellwe - Favorite News\" \/>\n<meta property=\"og:description\" content=\"Do S\u0105du Okr\u0119gowego w Katowicach z wnioskiem o zabezpieczenie jej roszcze\u0144 wobec FoodCare dotycz\u0105cych opakowania Pierniczk\u00f3w \u015bwi\u0105tecznych marki Gellwe wyst\u0105pi\u0142a firma Dr. Oetker Polska.&#013; &#013; &#8222;Roszczenie wynika z faktu pope\u0142nienia czyn\u00f3w nieuczciwej konkurencji&#8221;&#013; &#013; Jak informuje firma &#8222;roszczenie wynika z faktu pope\u0142nienia przez FoodCare Sp. z o.o. czyn\u00f3w nieuczciwej konkurencji, stanowi\u0105cych naruszenie chronionych prawem interes\u00f3w [&hellip;]\" \/>\n<meta property=\"og:url\" content=\"https:\/\/favorite-news.com\/pl\/sad-zakazal-wprowadzania-do-obrotu-opakowan-pierniczkow-swiatecznych-gellwe\/\" \/>\n<meta property=\"og:site_name\" content=\"Favorite News\" \/>\n<meta property=\"article:published_time\" content=\"2020-12-05T22:10:54+00:00\" \/>\n<meta property=\"article:modified_time\" content=\"2020-12-05T22:10:55+00:00\" \/>\n<meta property=\"og:image\" content=\"https:\/\/favorite-news.com\/pl\/wp-content\/uploads\/sites\/6\/2020\/12\/Sad-zakazal-wprowadzania-do-obrotu-opakowan-Pierniczkow-Swiatecznych-Gellwe.jpg\" \/>\n\t<meta property=\"og:image:width\" content=\"655\" \/>\n\t<meta property=\"og:image:height\" content=\"435\" \/>\n\t<meta property=\"og:image:type\" content=\"image\/jpeg\" \/>\n<meta name=\"author\" content=\"favorite-news\" \/>\n<meta name=\"twitter:card\" content=\"summary_large_image\" \/>\n<meta name=\"twitter:label1\" content=\"Napisane przez\" \/>\n\t<meta name=\"twitter:data1\" content=\"favorite-news\" \/>\n\t<meta name=\"twitter:label2\" content=\"Szacowany czas czytania\" \/>\n\t<meta name=\"twitter:data2\" content=\"1 minuta\" \/>\n<script type=\"application\/ld+json\" class=\"yoast-schema-graph\">{\"@context\":\"https:\\\/\\\/schema.org\",\"@graph\":[{\"@type\":\"Article\",\"@id\":\"https:\\\/\\\/favorite-news.com\\\/pl\\\/sad-zakazal-wprowadzania-do-obrotu-opakowan-pierniczkow-swiatecznych-gellwe\\\/#article\",\"isPartOf\":{\"@id\":\"https:\\\/\\\/favorite-news.com\\\/pl\\\/sad-zakazal-wprowadzania-do-obrotu-opakowan-pierniczkow-swiatecznych-gellwe\\\/\"},\"author\":{\"name\":\"favorite-news\",\"@id\":\"https:\\\/\\\/favorite-news.com\\\/pl\\\/#\\\/schema\\\/person\\\/b91573b717dcfa5e4696032a9d28d3e8\"},\"headline\":\"S\u0105d zakaza\u0142 wprowadzania do obrotu opakowa\u0144 Pierniczk\u00f3w \u015awi\u0105tecznych Gellwe\",\"datePublished\":\"2020-12-05T22:10:54+00:00\",\"dateModified\":\"2020-12-05T22:10:55+00:00\",\"mainEntityOfPage\":{\"@id\":\"https:\\\/\\\/favorite-news.com\\\/pl\\\/sad-zakazal-wprowadzania-do-obrotu-opakowan-pierniczkow-swiatecznych-gellwe\\\/\"},\"wordCount\":308,\"commentCount\":0,\"image\":{\"@id\":\"https:\\\/\\\/favorite-news.com\\\/pl\\\/sad-zakazal-wprowadzania-do-obrotu-opakowan-pierniczkow-swiatecznych-gellwe\\\/#primaryimage\"},\"thumbnailUrl\":\"https:\\\/\\\/favorite-news.com\\\/pl\\\/wp-content\\\/uploads\\\/sites\\\/6\\\/2020\\\/12\\\/Sad-zakazal-wprowadzania-do-obrotu-opakowan-Pierniczkow-Swiatecznych-Gellwe.jpg\",\"articleSection\":[\"WIADOMO\u015aCI MARKETINGOWE INTERNETOWE\"],\"inLanguage\":\"pl-PL\",\"potentialAction\":[{\"@type\":\"CommentAction\",\"name\":\"Comment\",\"target\":[\"https:\\\/\\\/favorite-news.com\\\/pl\\\/sad-zakazal-wprowadzania-do-obrotu-opakowan-pierniczkow-swiatecznych-gellwe\\\/#respond\"]}]},{\"@type\":\"WebPage\",\"@id\":\"https:\\\/\\\/favorite-news.com\\\/pl\\\/sad-zakazal-wprowadzania-do-obrotu-opakowan-pierniczkow-swiatecznych-gellwe\\\/\",\"url\":\"https:\\\/\\\/favorite-news.com\\\/pl\\\/sad-zakazal-wprowadzania-do-obrotu-opakowan-pierniczkow-swiatecznych-gellwe\\\/\",\"name\":\"S\u0105d zakaza\u0142 wprowadzania do obrotu opakowa\u0144 Pierniczk\u00f3w \u015awi\u0105tecznych Gellwe - Favorite News\",\"isPartOf\":{\"@id\":\"https:\\\/\\\/favorite-news.com\\\/pl\\\/#website\"},\"primaryImageOfPage\":{\"@id\":\"https:\\\/\\\/favorite-news.com\\\/pl\\\/sad-zakazal-wprowadzania-do-obrotu-opakowan-pierniczkow-swiatecznych-gellwe\\\/#primaryimage\"},\"image\":{\"@id\":\"https:\\\/\\\/favorite-news.com\\\/pl\\\/sad-zakazal-wprowadzania-do-obrotu-opakowan-pierniczkow-swiatecznych-gellwe\\\/#primaryimage\"},\"thumbnailUrl\":\"https:\\\/\\\/favorite-news.com\\\/pl\\\/wp-content\\\/uploads\\\/sites\\\/6\\\/2020\\\/12\\\/Sad-zakazal-wprowadzania-do-obrotu-opakowan-Pierniczkow-Swiatecznych-Gellwe.jpg\",\"datePublished\":\"2020-12-05T22:10:54+00:00\",\"dateModified\":\"2020-12-05T22:10:55+00:00\",\"author\":{\"@id\":\"https:\\\/\\\/favorite-news.com\\\/pl\\\/#\\\/schema\\\/person\\\/b91573b717dcfa5e4696032a9d28d3e8\"},\"breadcrumb\":{\"@id\":\"https:\\\/\\\/favorite-news.com\\\/pl\\\/sad-zakazal-wprowadzania-do-obrotu-opakowan-pierniczkow-swiatecznych-gellwe\\\/#breadcrumb\"},\"inLanguage\":\"pl-PL\",\"potentialAction\":[{\"@type\":\"ReadAction\",\"target\":[\"https:\\\/\\\/favorite-news.com\\\/pl\\\/sad-zakazal-wprowadzania-do-obrotu-opakowan-pierniczkow-swiatecznych-gellwe\\\/\"]}]},{\"@type\":\"ImageObject\",\"inLanguage\":\"pl-PL\",\"@id\":\"https:\\\/\\\/favorite-news.com\\\/pl\\\/sad-zakazal-wprowadzania-do-obrotu-opakowan-pierniczkow-swiatecznych-gellwe\\\/#primaryimage\",\"url\":\"https:\\\/\\\/favorite-news.com\\\/pl\\\/wp-content\\\/uploads\\\/sites\\\/6\\\/2020\\\/12\\\/Sad-zakazal-wprowadzania-do-obrotu-opakowan-Pierniczkow-Swiatecznych-Gellwe.jpg\",\"contentUrl\":\"https:\\\/\\\/favorite-news.com\\\/pl\\\/wp-content\\\/uploads\\\/sites\\\/6\\\/2020\\\/12\\\/Sad-zakazal-wprowadzania-do-obrotu-opakowan-Pierniczkow-Swiatecznych-Gellwe.jpg\",\"width\":655,\"height\":435,\"caption\":\"Article\"},{\"@type\":\"BreadcrumbList\",\"@id\":\"https:\\\/\\\/favorite-news.com\\\/pl\\\/sad-zakazal-wprowadzania-do-obrotu-opakowan-pierniczkow-swiatecznych-gellwe\\\/#breadcrumb\",\"itemListElement\":[{\"@type\":\"ListItem\",\"position\":1,\"name\":\"Home\",\"item\":\"https:\\\/\\\/favorite-news.com\\\/pl\\\/\"},{\"@type\":\"ListItem\",\"position\":2,\"name\":\"S\u0105d zakaza\u0142 wprowadzania do obrotu opakowa\u0144 Pierniczk\u00f3w \u015awi\u0105tecznych Gellwe\"}]},{\"@type\":\"WebSite\",\"@id\":\"https:\\\/\\\/favorite-news.com\\\/pl\\\/#website\",\"url\":\"https:\\\/\\\/favorite-news.com\\\/pl\\\/\",\"name\":\"Favorite News\",\"description\":\"Favorite News Polska\",\"potentialAction\":[{\"@type\":\"SearchAction\",\"target\":{\"@type\":\"EntryPoint\",\"urlTemplate\":\"https:\\\/\\\/favorite-news.com\\\/pl\\\/?s={search_term_string}\"},\"query-input\":{\"@type\":\"PropertyValueSpecification\",\"valueRequired\":true,\"valueName\":\"search_term_string\"}}],\"inLanguage\":\"pl-PL\"},{\"@type\":\"Person\",\"@id\":\"https:\\\/\\\/favorite-news.com\\\/pl\\\/#\\\/schema\\\/person\\\/b91573b717dcfa5e4696032a9d28d3e8\",\"name\":\"favorite-news\",\"image\":{\"@type\":\"ImageObject\",\"inLanguage\":\"pl-PL\",\"@id\":\"https:\\\/\\\/secure.gravatar.com\\\/avatar\\\/6c5a5cb12b74e9d517ee91cf570335b7d16177f1977cc91db161adfa435945a7?s=96&d=mm&r=g\",\"url\":\"https:\\\/\\\/secure.gravatar.com\\\/avatar\\\/6c5a5cb12b74e9d517ee91cf570335b7d16177f1977cc91db161adfa435945a7?s=96&d=mm&r=g\",\"contentUrl\":\"https:\\\/\\\/secure.gravatar.com\\\/avatar\\\/6c5a5cb12b74e9d517ee91cf570335b7d16177f1977cc91db161adfa435945a7?s=96&d=mm&r=g\",\"caption\":\"favorite-news\"},\"url\":\"https:\\\/\\\/favorite-news.com\\\/pl\\\/author\\\/pt\\\/\"}]}<\/script>\n<!-- \/ Yoast SEO plugin. -->","yoast_head_json":{"title":"S\u0105d zakaza\u0142 wprowadzania do obrotu opakowa\u0144 Pierniczk\u00f3w \u015awi\u0105tecznych Gellwe - Favorite News","robots":{"index":"index","follow":"follow","max-snippet":"max-snippet:-1","max-image-preview":"max-image-preview:large","max-video-preview":"max-video-preview:-1"},"canonical":"https:\/\/favorite-news.com\/pl\/sad-zakazal-wprowadzania-do-obrotu-opakowan-pierniczkow-swiatecznych-gellwe\/","og_locale":"pl_PL","og_type":"article","og_title":"S\u0105d zakaza\u0142 wprowadzania do obrotu opakowa\u0144 Pierniczk\u00f3w \u015awi\u0105tecznych Gellwe - Favorite News","og_description":"Do S\u0105du Okr\u0119gowego w Katowicach z wnioskiem o zabezpieczenie jej roszcze\u0144 wobec FoodCare dotycz\u0105cych opakowania Pierniczk\u00f3w \u015bwi\u0105tecznych marki Gellwe wyst\u0105pi\u0142a firma Dr. Oetker Polska.&#13; &#13; &#8222;Roszczenie wynika z faktu pope\u0142nienia czyn\u00f3w nieuczciwej konkurencji&#8221;&#13; &#13; Jak informuje firma &#8222;roszczenie wynika z faktu pope\u0142nienia przez FoodCare Sp. z o.o. czyn\u00f3w nieuczciwej konkurencji, stanowi\u0105cych naruszenie chronionych prawem interes\u00f3w [&hellip;]","og_url":"https:\/\/favorite-news.com\/pl\/sad-zakazal-wprowadzania-do-obrotu-opakowan-pierniczkow-swiatecznych-gellwe\/","og_site_name":"Favorite News","article_published_time":"2020-12-05T22:10:54+00:00","article_modified_time":"2020-12-05T22:10:55+00:00","og_image":[{"width":655,"height":435,"url":"https:\/\/favorite-news.com\/pl\/wp-content\/uploads\/sites\/6\/2020\/12\/Sad-zakazal-wprowadzania-do-obrotu-opakowan-Pierniczkow-Swiatecznych-Gellwe.jpg","type":"image\/jpeg"}],"author":"favorite-news","twitter_card":"summary_large_image","twitter_misc":{"Napisane przez":"favorite-news","Szacowany czas czytania":"1 minuta"},"schema":{"@context":"https:\/\/schema.org","@graph":[{"@type":"Article","@id":"https:\/\/favorite-news.com\/pl\/sad-zakazal-wprowadzania-do-obrotu-opakowan-pierniczkow-swiatecznych-gellwe\/#article","isPartOf":{"@id":"https:\/\/favorite-news.com\/pl\/sad-zakazal-wprowadzania-do-obrotu-opakowan-pierniczkow-swiatecznych-gellwe\/"},"author":{"name":"favorite-news","@id":"https:\/\/favorite-news.com\/pl\/#\/schema\/person\/b91573b717dcfa5e4696032a9d28d3e8"},"headline":"S\u0105d zakaza\u0142 wprowadzania do obrotu opakowa\u0144 Pierniczk\u00f3w \u015awi\u0105tecznych Gellwe","datePublished":"2020-12-05T22:10:54+00:00","dateModified":"2020-12-05T22:10:55+00:00","mainEntityOfPage":{"@id":"https:\/\/favorite-news.com\/pl\/sad-zakazal-wprowadzania-do-obrotu-opakowan-pierniczkow-swiatecznych-gellwe\/"},"wordCount":308,"commentCount":0,"image":{"@id":"https:\/\/favorite-news.com\/pl\/sad-zakazal-wprowadzania-do-obrotu-opakowan-pierniczkow-swiatecznych-gellwe\/#primaryimage"},"thumbnailUrl":"https:\/\/favorite-news.com\/pl\/wp-content\/uploads\/sites\/6\/2020\/12\/Sad-zakazal-wprowadzania-do-obrotu-opakowan-Pierniczkow-Swiatecznych-Gellwe.jpg","articleSection":["WIADOMO\u015aCI MARKETINGOWE INTERNETOWE"],"inLanguage":"pl-PL","potentialAction":[{"@type":"CommentAction","name":"Comment","target":["https:\/\/favorite-news.com\/pl\/sad-zakazal-wprowadzania-do-obrotu-opakowan-pierniczkow-swiatecznych-gellwe\/#respond"]}]},{"@type":"WebPage","@id":"https:\/\/favorite-news.com\/pl\/sad-zakazal-wprowadzania-do-obrotu-opakowan-pierniczkow-swiatecznych-gellwe\/","url":"https:\/\/favorite-news.com\/pl\/sad-zakazal-wprowadzania-do-obrotu-opakowan-pierniczkow-swiatecznych-gellwe\/","name":"S\u0105d zakaza\u0142 wprowadzania do obrotu opakowa\u0144 Pierniczk\u00f3w \u015awi\u0105tecznych Gellwe - Favorite News","isPartOf":{"@id":"https:\/\/favorite-news.com\/pl\/#website"},"primaryImageOfPage":{"@id":"https:\/\/favorite-news.com\/pl\/sad-zakazal-wprowadzania-do-obrotu-opakowan-pierniczkow-swiatecznych-gellwe\/#primaryimage"},"image":{"@id":"https:\/\/favorite-news.com\/pl\/sad-zakazal-wprowadzania-do-obrotu-opakowan-pierniczkow-swiatecznych-gellwe\/#primaryimage"},"thumbnailUrl":"https:\/\/favorite-news.com\/pl\/wp-content\/uploads\/sites\/6\/2020\/12\/Sad-zakazal-wprowadzania-do-obrotu-opakowan-Pierniczkow-Swiatecznych-Gellwe.jpg","datePublished":"2020-12-05T22:10:54+00:00","dateModified":"2020-12-05T22:10:55+00:00","author":{"@id":"https:\/\/favorite-news.com\/pl\/#\/schema\/person\/b91573b717dcfa5e4696032a9d28d3e8"},"breadcrumb":{"@id":"https:\/\/favorite-news.com\/pl\/sad-zakazal-wprowadzania-do-obrotu-opakowan-pierniczkow-swiatecznych-gellwe\/#breadcrumb"},"inLanguage":"pl-PL","potentialAction":[{"@type":"ReadAction","target":["https:\/\/favorite-news.com\/pl\/sad-zakazal-wprowadzania-do-obrotu-opakowan-pierniczkow-swiatecznych-gellwe\/"]}]},{"@type":"ImageObject","inLanguage":"pl-PL","@id":"https:\/\/favorite-news.com\/pl\/sad-zakazal-wprowadzania-do-obrotu-opakowan-pierniczkow-swiatecznych-gellwe\/#primaryimage","url":"https:\/\/favorite-news.com\/pl\/wp-content\/uploads\/sites\/6\/2020\/12\/Sad-zakazal-wprowadzania-do-obrotu-opakowan-Pierniczkow-Swiatecznych-Gellwe.jpg","contentUrl":"https:\/\/favorite-news.com\/pl\/wp-content\/uploads\/sites\/6\/2020\/12\/Sad-zakazal-wprowadzania-do-obrotu-opakowan-Pierniczkow-Swiatecznych-Gellwe.jpg","width":655,"height":435,"caption":"Article"},{"@type":"BreadcrumbList","@id":"https:\/\/favorite-news.com\/pl\/sad-zakazal-wprowadzania-do-obrotu-opakowan-pierniczkow-swiatecznych-gellwe\/#breadcrumb","itemListElement":[{"@type":"ListItem","position":1,"name":"Home","item":"https:\/\/favorite-news.com\/pl\/"},{"@type":"ListItem","position":2,"name":"S\u0105d zakaza\u0142 wprowadzania do obrotu opakowa\u0144 Pierniczk\u00f3w \u015awi\u0105tecznych Gellwe"}]},{"@type":"WebSite","@id":"https:\/\/favorite-news.com\/pl\/#website","url":"https:\/\/favorite-news.com\/pl\/","name":"Favorite News","description":"Favorite News Polska","potentialAction":[{"@type":"SearchAction","target":{"@type":"EntryPoint","urlTemplate":"https:\/\/favorite-news.com\/pl\/?s={search_term_string}"},"query-input":{"@type":"PropertyValueSpecification","valueRequired":true,"valueName":"search_term_string"}}],"inLanguage":"pl-PL"},{"@type":"Person","@id":"https:\/\/favorite-news.com\/pl\/#\/schema\/person\/b91573b717dcfa5e4696032a9d28d3e8","name":"favorite-news","image":{"@type":"ImageObject","inLanguage":"pl-PL","@id":"https:\/\/secure.gravatar.com\/avatar\/6c5a5cb12b74e9d517ee91cf570335b7d16177f1977cc91db161adfa435945a7?s=96&d=mm&r=g","url":"https:\/\/secure.gravatar.com\/avatar\/6c5a5cb12b74e9d517ee91cf570335b7d16177f1977cc91db161adfa435945a7?s=96&d=mm&r=g","contentUrl":"https:\/\/secure.gravatar.com\/avatar\/6c5a5cb12b74e9d517ee91cf570335b7d16177f1977cc91db161adfa435945a7?s=96&d=mm&r=g","caption":"favorite-news"},"url":"https:\/\/favorite-news.com\/pl\/author\/pt\/"}]}},"_links":{"self":[{"href":"https:\/\/favorite-news.com\/pl\/wp-json\/wp\/v2\/posts\/5487","targetHints":{"allow":["GET"]}}],"collection":[{"href":"https:\/\/favorite-news.com\/pl\/wp-json\/wp\/v2\/posts"}],"about":[{"href":"https:\/\/favorite-news.com\/pl\/wp-json\/wp\/v2\/types\/post"}],"author":[{"embeddable":true,"href":"https:\/\/favorite-news.com\/pl\/wp-json\/wp\/v2\/users\/2"}],"replies":[{"embeddable":true,"href":"https:\/\/favorite-news.com\/pl\/wp-json\/wp\/v2\/comments?post=5487"}],"version-history":[{"count":1,"href":"https:\/\/favorite-news.com\/pl\/wp-json\/wp\/v2\/posts\/5487\/revisions"}],"predecessor-version":[{"id":5489,"href":"https:\/\/favorite-news.com\/pl\/wp-json\/wp\/v2\/posts\/5487\/revisions\/5489"}],"wp:featuredmedia":[{"embeddable":true,"href":"https:\/\/favorite-news.com\/pl\/wp-json\/wp\/v2\/media\/5488"}],"wp:attachment":[{"href":"https:\/\/favorite-news.com\/pl\/wp-json\/wp\/v2\/media?parent=5487"}],"wp:term":[{"taxonomy":"category","embeddable":true,"href":"https:\/\/favorite-news.com\/pl\/wp-json\/wp\/v2\/categories?post=5487"},{"taxonomy":"post_tag","embeddable":true,"href":"https:\/\/favorite-news.com\/pl\/wp-json\/wp\/v2\/tags?post=5487"}],"curies":[{"name":"wp","href":"https:\/\/api.w.org\/{rel}","templated":true}]}}