{"id":547,"date":"2019-05-13T23:23:56","date_gmt":"2019-05-13T20:23:56","guid":{"rendered":"https:\/\/favorite-news.com\/pl\/stowarzyszenia-lambda-warszawa-i-milosc-nie-wyklucza-z-kampania-spoleczna-po-prostu-reaguj\/"},"modified":"2019-05-13T23:23:57","modified_gmt":"2019-05-13T20:23:57","slug":"stowarzyszenia-lambda-warszawa-i-milosc-nie-wyklucza-z-kampania-spoleczna-po-prostu-reaguj","status":"publish","type":"post","link":"https:\/\/favorite-news.com\/pl\/stowarzyszenia-lambda-warszawa-i-milosc-nie-wyklucza-z-kampania-spoleczna-po-prostu-reaguj\/","title":{"rendered":"Stowarzyszenia Lambda Warszawa i Mi\u0142o\u015b\u0107 Nie Wyklucza z kampani\u0105 spo\u0142eczn\u0105 &#8221; Po prostu reaguj&#8221;"},"content":{"rendered":"<p> [ad_1]<br \/>\n<\/p>\n<div id=\"\">\n<p>Akcj\u0119 zainicjowano 13 maja na spotkaniu w Biurze Rzecznika Praw Obywatelskich.<\/p>\n<p>&#13;<br \/>\n&#13;<\/p>\n<p>&#8211; <strong>Tytu\u0142 kampanii &#8222;Po prostu reaguj&#8221; wzi\u0105\u0142 si\u0119 z obserwacji, \u017ce \u015bwiadkowie przemocy kalkuluj\u0105, wahaj\u0105 si\u0119, co zrobi\u0107, zamiast zareagowa\u0107. <\/strong>Dzieje si\u0119 tak dlatego, \u017ce brakuje im odpowiednich narz\u0119dzi do podj\u0119cia dzia\u0142ania &#8211; powiedzia\u0142a Karolina Wi\u0119ckiewicz, koordynatorka kampanii.<\/p>\n<p>&#13;<br \/>\n&#13;<\/p>\n<p>Jak pokazuj\u0105 badania Kantar Polska, 70 proc. os\u00f3b mieszkaj\u0105cych w Polsce uwa\u017ca, \u017ce osoby LGBT powinny \u017cy\u0107 tak jak chc\u0105. Jednak 2\/3 badanych uzna\u0142o, \u017ce pary os\u00f3b tej samej p\u0142ci unikaj\u0105 trzymania si\u0119 za r\u0119k\u0119 w miejscu publicznym z obawy przed napa\u015bci\u0105.<\/p>\n<p>&#13;<br \/>\n&#13;<\/p>\n<p><strong>W tym samym badaniu 45 proc. ankietowanych deklaruje, \u017ce czu\u0142oby pe\u0142n\u0105 empati\u0119 dla pary gej\u00f3w zaatakowanej na ulicy. Tylko co czwarta osoba zdecydowanie zareagowa\u0142oby w takiej sytuacji.<\/strong><\/p>\n<p>&#13;<br \/>\n&#13;<\/p>\n<p>&#8211; Przemoc ze wzgl\u0119du na orientacj\u0119 seksualn\u0105 i to\u017csamo\u015b\u0107 p\u0142ciow\u0105 to problem, kt\u00f3ry dotyczy nie tylko pokrzywdzonych i sprawc\u00f3w, ale ca\u0142ego spo\u0142ecze\u0144stwa &#8211; skomentowa\u0142 dr Adam Bodnar, Rzecznik Praw Obywatelskich.<\/p>\n<p>&#13;<br \/>\n&#13;<\/p>\n<p><span style=\"font-size:20px;\"><strong>Wsparcie dla os\u00f3b LGBT <\/strong><\/span><\/p>\n<p>&#13;<br \/>\n&#13;<\/p>\n<p>Tw\u00f3rcy kampanii przygotowali internetowy poradnik, gdzie znalaz\u0142y si\u0119 m.in. symulator przemocowych sytuacji, kt\u00f3ry pozwala odbiorcy przej\u015b\u0107 r\u00f3\u017cne sytuacje i pozna\u0107 konkretne reakcje przypisane do konkretnych okoliczno\u015bci, w jakich przemoc ma miejsce. Komunikacja odbywa si\u0119 tak\u017ce w social mediach.<\/p>\n<p>&#13;<br \/>\n&#13;<\/p>\n<p>&#8211; <strong>W pierwszej ods\u0142onie odbiorcy zobacz\u0105 intryguj\u0105c\u0105 animacj\u0119 z udzia\u0142em symbolicznych postaci wymy\u015blaj\u0105cy wym\u00f3wki dla braku reakcji, a nast\u0119pnie odes\u0142ani zostan\u0105 na stron\u0119 www, gdzie wyja\u015bniony jest kontekst ca\u0142ej akcji. W kolejnym etapie pokazane zostan\u0105 konkretne sytuacje przemocy. Wszystkie formaty b\u0119d\u0105 kierowa\u0142y do strony kampanii <\/strong>&#8211; wyja\u015bnia Karolina Wi\u0119ckiewicz.<\/p>\n<p>&#13;<br \/>\n&#13;<\/p>\n<p>&#13;<br \/>\n&#13;<\/p>\n<p><img decoding=\"async\" alt=\"\" src=\"https:\/\/favorite-news.com\/pl\/wp-content\/uploads\/sites\/6\/2019\/05\/1557779036_762_Stowarzyszenia-Lambda-Warszawa-i-Milosc-Nie-Wyklucza-z-kampania-spoleczna.png\" style=\"width: 500px; height: 191px;\"\/><\/p>\n<p>&#13;<br \/>\n&#13;<\/p>\n<p><img decoding=\"async\" alt=\"\" src=\"https:\/\/favorite-news.com\/pl\/wp-content\/uploads\/sites\/6\/2019\/05\/1557779036_361_Stowarzyszenia-Lambda-Warszawa-i-Milosc-Nie-Wyklucza-z-kampania-spoleczna.png\" style=\"width: 500px; height: 191px;\"\/><\/p>\n<p>&#13;<br \/>\n&#13;<\/p>\n<p>Firmy, kt\u00f3re chcia\u0142yby poszerzy\u0107 wiedz\u0119 swoich pracownik\u00f3w w tym obszarze b\u0119d\u0105 mog\u0142y skorzysta\u0107 ze szkole\u0144 organizowanych przez Lambd\u0119 Warszawa.<\/p>\n<p>&#13;<br \/>\n&#13;<\/p>\n<p>\u00a0&#8211; <strong>Chcieliby\u015bmy, aby z oferty szkole\u0144 dotycz\u0105cych reagowania na przemoc skorzystali przede wszystkim pracownicy firm i instytucji dzia\u0142aj\u0105cych we wsp\u00f3lnej przestrzeni.<\/strong> Kina, restauracje, autobusy, uczelnie, si\u0142ownie, czy galerie handlowe to wszystko miejsca, gdzie mo\u017ce dochodzi\u0107 do sytuacji przemocowych. Zatrudnieni tam pracownicy s\u0105 zazwyczaj najbardziej odpowiednimi osobami do przeciwdzia\u0142ania\u00a0 przemocy nie tylko dora\u017anie, ale i trwale. Swoj\u0105 adekwatn\u0105 reakcj\u0105 mog\u0105 da\u0107 osobom LGBT poczucie, \u017ce przestrze\u0144 publiczna jest dla nich bezpieczna &#8211; wyja\u015bnia Piotr Godzisz.<\/p>\n<p>&#13;<br \/>\n&#13;<\/p>\n<p>Komunikacj\u0119 kampanii wspiera agencja Profeina.<\/p>\n<p>&#13;<br \/>\n&#13;<\/p>\n<p><img decoding=\"async\" alt=\"\" src=\"https:\/\/favorite-news.com\/pl\/wp-content\/uploads\/sites\/6\/2019\/05\/Stowarzyszenia-Lambda-Warszawa-i-Milosc-Nie-Wyklucza-z-kampania-spoleczna.jpg\" style=\"width: 655px; height: 927px;\"\/><\/p>\n<p>&#13;<br \/>\n                            &#13;<br \/>\n&#13;<br \/>\n                            &#13;<br \/>\n&#13;<br \/>\n&#13;<br \/>\n&#13;<br \/>\n&#13;<br \/>\n&#13;<br \/>\n                            &#13;<br \/>\n                                                            &#13;<br \/>\n&#13;<br \/>\n                            &#13;\n                        <\/p><\/div>\n<p><script>(function (d, s, id) {\n        var js, fjs = d.getElementsByTagName(s)[0];\n        if (d.getElementById(id)) return;\n        js = d.createElement(s);\n        js.id = id;\n        js.src = \"http:\/\/connect.facebook.net\/pl_PL\/sdk.js#xfbml=1&version=v2.6&appId=297996717062470\";\n        fjs.parentNode.insertBefore(js, fjs);\n    }(document, 'script', 'facebook-jssdk'));<\/script><br \/>\n<br \/>[ad_2]<br \/>\n<br \/><a href=\"https:\/\/www.wirtualnemedia.pl\/artykul\/stowarzyszenia-lambda-warszawa-i-milosc-nie-wyklucza-z-kampania-spoleczna-po-prostu-reaguj\">Source link <\/a><\/p>\n","protected":false},"excerpt":{"rendered":"<p>[ad_1] Akcj\u0119 zainicjowano 13 maja na spotkaniu w Biurze Rzecznika Praw Obywatelskich. &#13; &#13; &#8211; Tytu\u0142 kampanii &#8222;Po prostu reaguj&#8221; wzi\u0105\u0142 si\u0119 z obserwacji, \u017ce \u015bwiadkowie przemocy kalkuluj\u0105, wahaj\u0105 si\u0119, co zrobi\u0107, zamiast zareagowa\u0107. Dzieje si\u0119 tak dlatego, \u017ce brakuje im odpowiednich narz\u0119dzi do podj\u0119cia dzia\u0142ania &#8211; powiedzia\u0142a Karolina Wi\u0119ckiewicz, koordynatorka kampanii. &#13; &#13; Jak [&hellip;]<\/p>\n","protected":false},"author":2,"featured_media":548,"comment_status":"open","ping_status":"open","sticky":false,"template":"","format":"standard","meta":{"footnotes":""},"categories":[2],"tags":[],"class_list":["post-547","post","type-post","status-publish","format-standard","has-post-thumbnail","hentry","category-wiadomosci-marketingowe-internetowe"],"yoast_head":"<!-- This site is optimized with the Yoast SEO plugin v27.4 - https:\/\/yoast.com\/product\/yoast-seo-wordpress\/ -->\n<title>Stowarzyszenia Lambda Warszawa i Mi\u0142o\u015b\u0107 Nie Wyklucza z kampani\u0105 spo\u0142eczn\u0105 &quot; Po prostu reaguj&quot; - Favorite News<\/title>\n<meta name=\"robots\" content=\"index, follow, max-snippet:-1, max-image-preview:large, max-video-preview:-1\" \/>\n<link rel=\"canonical\" href=\"https:\/\/favorite-news.com\/pl\/stowarzyszenia-lambda-warszawa-i-milosc-nie-wyklucza-z-kampania-spoleczna-po-prostu-reaguj\/\" \/>\n<meta property=\"og:locale\" content=\"pl_PL\" \/>\n<meta property=\"og:type\" content=\"article\" \/>\n<meta property=\"og:title\" content=\"Stowarzyszenia Lambda Warszawa i Mi\u0142o\u015b\u0107 Nie Wyklucza z kampani\u0105 spo\u0142eczn\u0105 &quot; Po prostu reaguj&quot; - Favorite News\" \/>\n<meta property=\"og:description\" content=\"[ad_1] Akcj\u0119 zainicjowano 13 maja na spotkaniu w Biurze Rzecznika Praw Obywatelskich. &#013; &#013; &#8211; Tytu\u0142 kampanii &#8222;Po prostu reaguj&#8221; wzi\u0105\u0142 si\u0119 z obserwacji, \u017ce \u015bwiadkowie przemocy kalkuluj\u0105, wahaj\u0105 si\u0119, co zrobi\u0107, zamiast zareagowa\u0107. Dzieje si\u0119 tak dlatego, \u017ce brakuje im odpowiednich narz\u0119dzi do podj\u0119cia dzia\u0142ania &#8211; powiedzia\u0142a Karolina Wi\u0119ckiewicz, koordynatorka kampanii. &#013; &#013; Jak [&hellip;]\" \/>\n<meta property=\"og:url\" content=\"https:\/\/favorite-news.com\/pl\/stowarzyszenia-lambda-warszawa-i-milosc-nie-wyklucza-z-kampania-spoleczna-po-prostu-reaguj\/\" \/>\n<meta property=\"og:site_name\" content=\"Favorite News\" \/>\n<meta property=\"article:published_time\" content=\"2019-05-13T20:23:56+00:00\" \/>\n<meta property=\"article:modified_time\" content=\"2019-05-13T20:23:57+00:00\" \/>\n<meta property=\"og:image\" content=\"https:\/\/favorite-news.com\/pl\/wp-content\/uploads\/sites\/6\/2019\/05\/Stowarzyszenia-Lambda-Warszawa-i-Mi\u0142o\u015b\u0107-Nie-Wyklucza-z-kampani\u0105-spo\u0142eczn\u0105.png\" \/>\n\t<meta property=\"og:image:width\" content=\"960\" \/>\n\t<meta property=\"og:image:height\" content=\"366\" \/>\n\t<meta property=\"og:image:type\" content=\"image\/png\" \/>\n<meta name=\"author\" content=\"favorite-news\" \/>\n<meta name=\"twitter:card\" content=\"summary_large_image\" \/>\n<meta name=\"twitter:label1\" content=\"Napisane przez\" \/>\n\t<meta name=\"twitter:data1\" content=\"favorite-news\" \/>\n\t<meta name=\"twitter:label2\" content=\"Szacowany czas czytania\" \/>\n\t<meta name=\"twitter:data2\" content=\"2 minuty\" \/>\n<script type=\"application\/ld+json\" class=\"yoast-schema-graph\">{\"@context\":\"https:\\\/\\\/schema.org\",\"@graph\":[{\"@type\":\"Article\",\"@id\":\"https:\\\/\\\/favorite-news.com\\\/pl\\\/stowarzyszenia-lambda-warszawa-i-milosc-nie-wyklucza-z-kampania-spoleczna-po-prostu-reaguj\\\/#article\",\"isPartOf\":{\"@id\":\"https:\\\/\\\/favorite-news.com\\\/pl\\\/stowarzyszenia-lambda-warszawa-i-milosc-nie-wyklucza-z-kampania-spoleczna-po-prostu-reaguj\\\/\"},\"author\":{\"name\":\"favorite-news\",\"@id\":\"https:\\\/\\\/favorite-news.com\\\/pl\\\/#\\\/schema\\\/person\\\/b91573b717dcfa5e4696032a9d28d3e8\"},\"headline\":\"Stowarzyszenia Lambda Warszawa i Mi\u0142o\u015b\u0107 Nie Wyklucza z kampani\u0105 spo\u0142eczn\u0105 &#8221; Po prostu reaguj&#8221;\",\"datePublished\":\"2019-05-13T20:23:56+00:00\",\"dateModified\":\"2019-05-13T20:23:57+00:00\",\"mainEntityOfPage\":{\"@id\":\"https:\\\/\\\/favorite-news.com\\\/pl\\\/stowarzyszenia-lambda-warszawa-i-milosc-nie-wyklucza-z-kampania-spoleczna-po-prostu-reaguj\\\/\"},\"wordCount\":414,\"commentCount\":0,\"image\":{\"@id\":\"https:\\\/\\\/favorite-news.com\\\/pl\\\/stowarzyszenia-lambda-warszawa-i-milosc-nie-wyklucza-z-kampania-spoleczna-po-prostu-reaguj\\\/#primaryimage\"},\"thumbnailUrl\":\"https:\\\/\\\/favorite-news.com\\\/pl\\\/wp-content\\\/uploads\\\/sites\\\/6\\\/2019\\\/05\\\/Stowarzyszenia-Lambda-Warszawa-i-Mi\u0142o\u015b\u0107-Nie-Wyklucza-z-kampani\u0105-spo\u0142eczn\u0105.png\",\"articleSection\":[\"WIADOMO\u015aCI MARKETINGOWE INTERNETOWE\"],\"inLanguage\":\"pl-PL\",\"potentialAction\":[{\"@type\":\"CommentAction\",\"name\":\"Comment\",\"target\":[\"https:\\\/\\\/favorite-news.com\\\/pl\\\/stowarzyszenia-lambda-warszawa-i-milosc-nie-wyklucza-z-kampania-spoleczna-po-prostu-reaguj\\\/#respond\"]}]},{\"@type\":\"WebPage\",\"@id\":\"https:\\\/\\\/favorite-news.com\\\/pl\\\/stowarzyszenia-lambda-warszawa-i-milosc-nie-wyklucza-z-kampania-spoleczna-po-prostu-reaguj\\\/\",\"url\":\"https:\\\/\\\/favorite-news.com\\\/pl\\\/stowarzyszenia-lambda-warszawa-i-milosc-nie-wyklucza-z-kampania-spoleczna-po-prostu-reaguj\\\/\",\"name\":\"Stowarzyszenia Lambda Warszawa i Mi\u0142o\u015b\u0107 Nie Wyklucza z kampani\u0105 spo\u0142eczn\u0105 \\\" Po prostu reaguj\\\" - Favorite News\",\"isPartOf\":{\"@id\":\"https:\\\/\\\/favorite-news.com\\\/pl\\\/#website\"},\"primaryImageOfPage\":{\"@id\":\"https:\\\/\\\/favorite-news.com\\\/pl\\\/stowarzyszenia-lambda-warszawa-i-milosc-nie-wyklucza-z-kampania-spoleczna-po-prostu-reaguj\\\/#primaryimage\"},\"image\":{\"@id\":\"https:\\\/\\\/favorite-news.com\\\/pl\\\/stowarzyszenia-lambda-warszawa-i-milosc-nie-wyklucza-z-kampania-spoleczna-po-prostu-reaguj\\\/#primaryimage\"},\"thumbnailUrl\":\"https:\\\/\\\/favorite-news.com\\\/pl\\\/wp-content\\\/uploads\\\/sites\\\/6\\\/2019\\\/05\\\/Stowarzyszenia-Lambda-Warszawa-i-Mi\u0142o\u015b\u0107-Nie-Wyklucza-z-kampani\u0105-spo\u0142eczn\u0105.png\",\"datePublished\":\"2019-05-13T20:23:56+00:00\",\"dateModified\":\"2019-05-13T20:23:57+00:00\",\"author\":{\"@id\":\"https:\\\/\\\/favorite-news.com\\\/pl\\\/#\\\/schema\\\/person\\\/b91573b717dcfa5e4696032a9d28d3e8\"},\"breadcrumb\":{\"@id\":\"https:\\\/\\\/favorite-news.com\\\/pl\\\/stowarzyszenia-lambda-warszawa-i-milosc-nie-wyklucza-z-kampania-spoleczna-po-prostu-reaguj\\\/#breadcrumb\"},\"inLanguage\":\"pl-PL\",\"potentialAction\":[{\"@type\":\"ReadAction\",\"target\":[\"https:\\\/\\\/favorite-news.com\\\/pl\\\/stowarzyszenia-lambda-warszawa-i-milosc-nie-wyklucza-z-kampania-spoleczna-po-prostu-reaguj\\\/\"]}]},{\"@type\":\"ImageObject\",\"inLanguage\":\"pl-PL\",\"@id\":\"https:\\\/\\\/favorite-news.com\\\/pl\\\/stowarzyszenia-lambda-warszawa-i-milosc-nie-wyklucza-z-kampania-spoleczna-po-prostu-reaguj\\\/#primaryimage\",\"url\":\"https:\\\/\\\/favorite-news.com\\\/pl\\\/wp-content\\\/uploads\\\/sites\\\/6\\\/2019\\\/05\\\/Stowarzyszenia-Lambda-Warszawa-i-Mi\u0142o\u015b\u0107-Nie-Wyklucza-z-kampani\u0105-spo\u0142eczn\u0105.png\",\"contentUrl\":\"https:\\\/\\\/favorite-news.com\\\/pl\\\/wp-content\\\/uploads\\\/sites\\\/6\\\/2019\\\/05\\\/Stowarzyszenia-Lambda-Warszawa-i-Mi\u0142o\u015b\u0107-Nie-Wyklucza-z-kampani\u0105-spo\u0142eczn\u0105.png\",\"width\":960,\"height\":366,\"caption\":\"Stowarzyszenia Lambda Warszawa i Mi\u0142o\u015b\u0107 Nie Wyklucza z kampani\u0105 spo\u0142eczn\u0105 \\\" Po prostu reaguj\\\"\"},{\"@type\":\"BreadcrumbList\",\"@id\":\"https:\\\/\\\/favorite-news.com\\\/pl\\\/stowarzyszenia-lambda-warszawa-i-milosc-nie-wyklucza-z-kampania-spoleczna-po-prostu-reaguj\\\/#breadcrumb\",\"itemListElement\":[{\"@type\":\"ListItem\",\"position\":1,\"name\":\"Home\",\"item\":\"https:\\\/\\\/favorite-news.com\\\/pl\\\/\"},{\"@type\":\"ListItem\",\"position\":2,\"name\":\"Stowarzyszenia Lambda Warszawa i Mi\u0142o\u015b\u0107 Nie Wyklucza z kampani\u0105 spo\u0142eczn\u0105 &#8221; Po prostu reaguj&#8221;\"}]},{\"@type\":\"WebSite\",\"@id\":\"https:\\\/\\\/favorite-news.com\\\/pl\\\/#website\",\"url\":\"https:\\\/\\\/favorite-news.com\\\/pl\\\/\",\"name\":\"Favorite News\",\"description\":\"Favorite News Polska\",\"potentialAction\":[{\"@type\":\"SearchAction\",\"target\":{\"@type\":\"EntryPoint\",\"urlTemplate\":\"https:\\\/\\\/favorite-news.com\\\/pl\\\/?s={search_term_string}\"},\"query-input\":{\"@type\":\"PropertyValueSpecification\",\"valueRequired\":true,\"valueName\":\"search_term_string\"}}],\"inLanguage\":\"pl-PL\"},{\"@type\":\"Person\",\"@id\":\"https:\\\/\\\/favorite-news.com\\\/pl\\\/#\\\/schema\\\/person\\\/b91573b717dcfa5e4696032a9d28d3e8\",\"name\":\"favorite-news\",\"image\":{\"@type\":\"ImageObject\",\"inLanguage\":\"pl-PL\",\"@id\":\"https:\\\/\\\/secure.gravatar.com\\\/avatar\\\/6c5a5cb12b74e9d517ee91cf570335b7d16177f1977cc91db161adfa435945a7?s=96&d=mm&r=g\",\"url\":\"https:\\\/\\\/secure.gravatar.com\\\/avatar\\\/6c5a5cb12b74e9d517ee91cf570335b7d16177f1977cc91db161adfa435945a7?s=96&d=mm&r=g\",\"contentUrl\":\"https:\\\/\\\/secure.gravatar.com\\\/avatar\\\/6c5a5cb12b74e9d517ee91cf570335b7d16177f1977cc91db161adfa435945a7?s=96&d=mm&r=g\",\"caption\":\"favorite-news\"},\"url\":\"https:\\\/\\\/favorite-news.com\\\/pl\\\/author\\\/pt\\\/\"}]}<\/script>\n<!-- \/ Yoast SEO plugin. -->","yoast_head_json":{"title":"Stowarzyszenia Lambda Warszawa i Mi\u0142o\u015b\u0107 Nie Wyklucza z kampani\u0105 spo\u0142eczn\u0105 \" Po prostu reaguj\" - Favorite News","robots":{"index":"index","follow":"follow","max-snippet":"max-snippet:-1","max-image-preview":"max-image-preview:large","max-video-preview":"max-video-preview:-1"},"canonical":"https:\/\/favorite-news.com\/pl\/stowarzyszenia-lambda-warszawa-i-milosc-nie-wyklucza-z-kampania-spoleczna-po-prostu-reaguj\/","og_locale":"pl_PL","og_type":"article","og_title":"Stowarzyszenia Lambda Warszawa i Mi\u0142o\u015b\u0107 Nie Wyklucza z kampani\u0105 spo\u0142eczn\u0105 \" Po prostu reaguj\" - Favorite News","og_description":"[ad_1] Akcj\u0119 zainicjowano 13 maja na spotkaniu w Biurze Rzecznika Praw Obywatelskich. &#13; &#13; &#8211; Tytu\u0142 kampanii &#8222;Po prostu reaguj&#8221; wzi\u0105\u0142 si\u0119 z obserwacji, \u017ce \u015bwiadkowie przemocy kalkuluj\u0105, wahaj\u0105 si\u0119, co zrobi\u0107, zamiast zareagowa\u0107. Dzieje si\u0119 tak dlatego, \u017ce brakuje im odpowiednich narz\u0119dzi do podj\u0119cia dzia\u0142ania &#8211; powiedzia\u0142a Karolina Wi\u0119ckiewicz, koordynatorka kampanii. &#13; &#13; Jak [&hellip;]","og_url":"https:\/\/favorite-news.com\/pl\/stowarzyszenia-lambda-warszawa-i-milosc-nie-wyklucza-z-kampania-spoleczna-po-prostu-reaguj\/","og_site_name":"Favorite News","article_published_time":"2019-05-13T20:23:56+00:00","article_modified_time":"2019-05-13T20:23:57+00:00","og_image":[{"width":960,"height":366,"url":"https:\/\/favorite-news.com\/pl\/wp-content\/uploads\/sites\/6\/2019\/05\/Stowarzyszenia-Lambda-Warszawa-i-Mi\u0142o\u015b\u0107-Nie-Wyklucza-z-kampani\u0105-spo\u0142eczn\u0105.png","type":"image\/png"}],"author":"favorite-news","twitter_card":"summary_large_image","twitter_misc":{"Napisane przez":"favorite-news","Szacowany czas czytania":"2 minuty"},"schema":{"@context":"https:\/\/schema.org","@graph":[{"@type":"Article","@id":"https:\/\/favorite-news.com\/pl\/stowarzyszenia-lambda-warszawa-i-milosc-nie-wyklucza-z-kampania-spoleczna-po-prostu-reaguj\/#article","isPartOf":{"@id":"https:\/\/favorite-news.com\/pl\/stowarzyszenia-lambda-warszawa-i-milosc-nie-wyklucza-z-kampania-spoleczna-po-prostu-reaguj\/"},"author":{"name":"favorite-news","@id":"https:\/\/favorite-news.com\/pl\/#\/schema\/person\/b91573b717dcfa5e4696032a9d28d3e8"},"headline":"Stowarzyszenia Lambda Warszawa i Mi\u0142o\u015b\u0107 Nie Wyklucza z kampani\u0105 spo\u0142eczn\u0105 &#8221; Po prostu reaguj&#8221;","datePublished":"2019-05-13T20:23:56+00:00","dateModified":"2019-05-13T20:23:57+00:00","mainEntityOfPage":{"@id":"https:\/\/favorite-news.com\/pl\/stowarzyszenia-lambda-warszawa-i-milosc-nie-wyklucza-z-kampania-spoleczna-po-prostu-reaguj\/"},"wordCount":414,"commentCount":0,"image":{"@id":"https:\/\/favorite-news.com\/pl\/stowarzyszenia-lambda-warszawa-i-milosc-nie-wyklucza-z-kampania-spoleczna-po-prostu-reaguj\/#primaryimage"},"thumbnailUrl":"https:\/\/favorite-news.com\/pl\/wp-content\/uploads\/sites\/6\/2019\/05\/Stowarzyszenia-Lambda-Warszawa-i-Mi\u0142o\u015b\u0107-Nie-Wyklucza-z-kampani\u0105-spo\u0142eczn\u0105.png","articleSection":["WIADOMO\u015aCI MARKETINGOWE INTERNETOWE"],"inLanguage":"pl-PL","potentialAction":[{"@type":"CommentAction","name":"Comment","target":["https:\/\/favorite-news.com\/pl\/stowarzyszenia-lambda-warszawa-i-milosc-nie-wyklucza-z-kampania-spoleczna-po-prostu-reaguj\/#respond"]}]},{"@type":"WebPage","@id":"https:\/\/favorite-news.com\/pl\/stowarzyszenia-lambda-warszawa-i-milosc-nie-wyklucza-z-kampania-spoleczna-po-prostu-reaguj\/","url":"https:\/\/favorite-news.com\/pl\/stowarzyszenia-lambda-warszawa-i-milosc-nie-wyklucza-z-kampania-spoleczna-po-prostu-reaguj\/","name":"Stowarzyszenia Lambda Warszawa i Mi\u0142o\u015b\u0107 Nie Wyklucza z kampani\u0105 spo\u0142eczn\u0105 \" Po prostu reaguj\" - Favorite News","isPartOf":{"@id":"https:\/\/favorite-news.com\/pl\/#website"},"primaryImageOfPage":{"@id":"https:\/\/favorite-news.com\/pl\/stowarzyszenia-lambda-warszawa-i-milosc-nie-wyklucza-z-kampania-spoleczna-po-prostu-reaguj\/#primaryimage"},"image":{"@id":"https:\/\/favorite-news.com\/pl\/stowarzyszenia-lambda-warszawa-i-milosc-nie-wyklucza-z-kampania-spoleczna-po-prostu-reaguj\/#primaryimage"},"thumbnailUrl":"https:\/\/favorite-news.com\/pl\/wp-content\/uploads\/sites\/6\/2019\/05\/Stowarzyszenia-Lambda-Warszawa-i-Mi\u0142o\u015b\u0107-Nie-Wyklucza-z-kampani\u0105-spo\u0142eczn\u0105.png","datePublished":"2019-05-13T20:23:56+00:00","dateModified":"2019-05-13T20:23:57+00:00","author":{"@id":"https:\/\/favorite-news.com\/pl\/#\/schema\/person\/b91573b717dcfa5e4696032a9d28d3e8"},"breadcrumb":{"@id":"https:\/\/favorite-news.com\/pl\/stowarzyszenia-lambda-warszawa-i-milosc-nie-wyklucza-z-kampania-spoleczna-po-prostu-reaguj\/#breadcrumb"},"inLanguage":"pl-PL","potentialAction":[{"@type":"ReadAction","target":["https:\/\/favorite-news.com\/pl\/stowarzyszenia-lambda-warszawa-i-milosc-nie-wyklucza-z-kampania-spoleczna-po-prostu-reaguj\/"]}]},{"@type":"ImageObject","inLanguage":"pl-PL","@id":"https:\/\/favorite-news.com\/pl\/stowarzyszenia-lambda-warszawa-i-milosc-nie-wyklucza-z-kampania-spoleczna-po-prostu-reaguj\/#primaryimage","url":"https:\/\/favorite-news.com\/pl\/wp-content\/uploads\/sites\/6\/2019\/05\/Stowarzyszenia-Lambda-Warszawa-i-Mi\u0142o\u015b\u0107-Nie-Wyklucza-z-kampani\u0105-spo\u0142eczn\u0105.png","contentUrl":"https:\/\/favorite-news.com\/pl\/wp-content\/uploads\/sites\/6\/2019\/05\/Stowarzyszenia-Lambda-Warszawa-i-Mi\u0142o\u015b\u0107-Nie-Wyklucza-z-kampani\u0105-spo\u0142eczn\u0105.png","width":960,"height":366,"caption":"Stowarzyszenia Lambda Warszawa i Mi\u0142o\u015b\u0107 Nie Wyklucza z kampani\u0105 spo\u0142eczn\u0105 \" Po prostu reaguj\""},{"@type":"BreadcrumbList","@id":"https:\/\/favorite-news.com\/pl\/stowarzyszenia-lambda-warszawa-i-milosc-nie-wyklucza-z-kampania-spoleczna-po-prostu-reaguj\/#breadcrumb","itemListElement":[{"@type":"ListItem","position":1,"name":"Home","item":"https:\/\/favorite-news.com\/pl\/"},{"@type":"ListItem","position":2,"name":"Stowarzyszenia Lambda Warszawa i Mi\u0142o\u015b\u0107 Nie Wyklucza z kampani\u0105 spo\u0142eczn\u0105 &#8221; Po prostu reaguj&#8221;"}]},{"@type":"WebSite","@id":"https:\/\/favorite-news.com\/pl\/#website","url":"https:\/\/favorite-news.com\/pl\/","name":"Favorite News","description":"Favorite News Polska","potentialAction":[{"@type":"SearchAction","target":{"@type":"EntryPoint","urlTemplate":"https:\/\/favorite-news.com\/pl\/?s={search_term_string}"},"query-input":{"@type":"PropertyValueSpecification","valueRequired":true,"valueName":"search_term_string"}}],"inLanguage":"pl-PL"},{"@type":"Person","@id":"https:\/\/favorite-news.com\/pl\/#\/schema\/person\/b91573b717dcfa5e4696032a9d28d3e8","name":"favorite-news","image":{"@type":"ImageObject","inLanguage":"pl-PL","@id":"https:\/\/secure.gravatar.com\/avatar\/6c5a5cb12b74e9d517ee91cf570335b7d16177f1977cc91db161adfa435945a7?s=96&d=mm&r=g","url":"https:\/\/secure.gravatar.com\/avatar\/6c5a5cb12b74e9d517ee91cf570335b7d16177f1977cc91db161adfa435945a7?s=96&d=mm&r=g","contentUrl":"https:\/\/secure.gravatar.com\/avatar\/6c5a5cb12b74e9d517ee91cf570335b7d16177f1977cc91db161adfa435945a7?s=96&d=mm&r=g","caption":"favorite-news"},"url":"https:\/\/favorite-news.com\/pl\/author\/pt\/"}]}},"_links":{"self":[{"href":"https:\/\/favorite-news.com\/pl\/wp-json\/wp\/v2\/posts\/547","targetHints":{"allow":["GET"]}}],"collection":[{"href":"https:\/\/favorite-news.com\/pl\/wp-json\/wp\/v2\/posts"}],"about":[{"href":"https:\/\/favorite-news.com\/pl\/wp-json\/wp\/v2\/types\/post"}],"author":[{"embeddable":true,"href":"https:\/\/favorite-news.com\/pl\/wp-json\/wp\/v2\/users\/2"}],"replies":[{"embeddable":true,"href":"https:\/\/favorite-news.com\/pl\/wp-json\/wp\/v2\/comments?post=547"}],"version-history":[{"count":1,"href":"https:\/\/favorite-news.com\/pl\/wp-json\/wp\/v2\/posts\/547\/revisions"}],"predecessor-version":[{"id":549,"href":"https:\/\/favorite-news.com\/pl\/wp-json\/wp\/v2\/posts\/547\/revisions\/549"}],"wp:featuredmedia":[{"embeddable":true,"href":"https:\/\/favorite-news.com\/pl\/wp-json\/wp\/v2\/media\/548"}],"wp:attachment":[{"href":"https:\/\/favorite-news.com\/pl\/wp-json\/wp\/v2\/media?parent=547"}],"wp:term":[{"taxonomy":"category","embeddable":true,"href":"https:\/\/favorite-news.com\/pl\/wp-json\/wp\/v2\/categories?post=547"},{"taxonomy":"post_tag","embeddable":true,"href":"https:\/\/favorite-news.com\/pl\/wp-json\/wp\/v2\/tags?post=547"}],"curies":[{"name":"wp","href":"https:\/\/api.w.org\/{rel}","templated":true}]}}