{"id":5456,"date":"2020-12-03T00:52:56","date_gmt":"2020-12-02T21:52:56","guid":{"rendered":"https:\/\/favorite-news.com\/pl\/agencja-eskadra-wystawila-na-sprzedaz-siedzibe\/"},"modified":"2020-12-03T00:52:58","modified_gmt":"2020-12-02T21:52:58","slug":"agencja-eskadra-wystawila-na-sprzedaz-siedzibe","status":"publish","type":"post","link":"https:\/\/favorite-news.com\/pl\/agencja-eskadra-wystawila-na-sprzedaz-siedzibe\/","title":{"rendered":"Agencja Eskadra wystawi\u0142a na sprzeda\u017c siedzib\u0119"},"content":{"rendered":"<p>Mateusz Zmy\u015blony, dyrektor kreatywny i za\u0142o\u017cyciel agencji Eskadra, w rozmowie z Wirtualnemedia.pl wyja\u015bnia, \u017ce decyzja o sprzeda\u017cy siedziby wynika z problem\u00f3w, z jakimi boryka si\u0119 firma w zwi\u0105zku z pandemi\u0105.- Nie potrzebujemy ju\u017c siedziby. Pracujemy online, a biuro, znacz\u0105co pomniejszone, przenosimy do centrum. B\u0119d\u0105 mogli z niego korzysta\u0107 ci pracownicy, kt\u00f3rzy nie boj\u0105 si\u0119 choroby oraz ci, dla kt\u00f3rych przestrze\u0144 biura jest wa\u017cna &#8211; opowiada Zmy\u015blony.\u00a0&#8211; Siedzib\u0119 przy Jeleniog\u00f3rskiej traktujemy jako zamkni\u0119ty rozdzia\u0142. Na sprzeda\u017c jest 650 metr\u00f3w kwadratowych powierzchni plus rozleg\u0142a piwnica i poddasze &#8211; opisuje.Szanowne Znajome, szanowni Znajomi. Mam na sprzeda\u017c jedn\u0105 z najpi\u0119kniejszych dzia\u0142ek w Krakowie. Blisko centrum, a w&#8230;Opublikowany przez Mateusza Zmyslonego\u00a0Pi\u0105tek, 27 listopada 2020Zesp\u00f3\u0142 zosta\u0142 zredukowany o ponad po\u0142ow\u0119Szef Eskadry przyznaje, \u017ce w zwi\u0105zku z pandemi\u0105 sta\u0142y zesp\u00f3\u0142 zosta\u0142 zredukowany o ponad po\u0142ow\u0119, do 15 os\u00f3b. Za to nawi\u0105zano wsp\u00f3\u0142prac\u0119 z wi\u0119ksz\u0105 liczb\u0105 freelancer\u00f3w i podwykonawc\u00f3w. Pandemia spowodowa\u0142a utrat\u0119 cz\u0119\u015bci zlece\u0144.- Niekt\u00f3rzy z naszych klient\u00f3w r\u00f3wnie\u017c znale\u017ali si\u0119 w trudnej sytuacji, np. LOT nie lata, a Lotos jest w trakcie fuzji z Orlenem. Wida\u0107 du\u017ce spadki wydatk\u00f3w na reklam\u0119. Mamy jednak kilka perspektyw. Bardzo uda\u0142 nam si\u0119 kluczowy w tym roku projekt eventu online Open Eyes Economy Summit. Wzi\u0119\u0142o w nim udzia\u0142 3 tysi\u0105ce os\u00f3b z 27 krajach \u015bwiata &#8211; opisuje nam Mateusz Zmy\u015blony.Nasz rozm\u00f3wca m\u00f3wi, \u017ce Eskadra b\u0119dzie teraz przebran\u017cawia\u0107 si\u0119 na agencj\u0119 obs\u0142uguj\u0105c\u0105 marketingowo gry komputerowe i seriale w serwisach streamingowych.- To nie wszystko. Od czterech lat pracujemy tak\u017ce nad w\u0142asnym serialem &#8222;Baltica&#8221;, kt\u00f3rego jestem scenarzyst\u0105 &#8211; zdradza Mateusz Zmy\u015blony. &#8211; Rozmawiamy z najwi\u0119kszymi graczami na rynku o sprzeda\u017cy praw do produkcji, nie wiemy jednak kiedy si\u0119 zako\u0144cz\u0105. to bardzo du\u017ca produkcja, rozpisana koncepcyjnie na 12 sezon\u00f3w. Scenariusz pierwszego sezonu ju\u017c jest gotowy, na finiszu s\u0105 prace nad drugim. P\u00f3\u017aniej czeka nas ca\u0142y development &#8211; oko\u0142o roku potrzeba na produkcj\u0119 jednego sezonu &#8211; m\u00f3wi nam Mateusz Zmy\u015blony.Zdaniem szefa agencji Eskadra, serial &#8222;Baltica&#8221; mo\u017ce zadebiutowa\u0107 w 2023r. O czym opowiada?- To historia pirat\u00f3w ba\u0142tyckich, serial historyczno-przygodowy spajany spiskow\u0105 teori\u0105 dziej\u00f3w. Akcja rozpoczyna si\u0119 w XIV wieku i jak wskazuje nazwa, rozgrywa si\u0119 wok\u00f3\u0142 Ba\u0142tyku &#8211; opowiada Mateusz Zmy\u015blony.Agencja Eskadra pracowa\u0142a dla takich marek jak Supremin i Flegamina (Teva), FFiL \u015anie\u017cka, Grupa Azoty, Grupa Kruk.W ubieg\u0142ym roku we wsp\u00f3\u0142pracy ze studiem designu Szpunar Studio otworzy\u0142a oddzia\u0142 w Warszawie.<br \/>\n<br \/>\n<!--noindex--><br \/>\n<a href=\"https:\/\/www.wirtualnemedia.pl\/artykul\/agencja-eskadra-siedziba-w-krakowie-na-sprzedaz\" rel=\"nofollow\">Source link <\/a><br \/>\n<!--\/noindex--><\/p>\n","protected":false},"excerpt":{"rendered":"<p>Mateusz Zmy\u015blony, dyrektor kreatywny i za\u0142o\u017cyciel agencji Eskadra, w rozmowie z Wirtualnemedia.pl wyja\u015bnia, \u017ce decyzja o sprzeda\u017cy siedziby wynika z problem\u00f3w, z jakimi boryka si\u0119 firma w zwi\u0105zku z pandemi\u0105.- Nie potrzebujemy ju\u017c siedziby. Pracujemy online, a biuro, znacz\u0105co pomniejszone, przenosimy do centrum. B\u0119d\u0105 mogli z niego korzysta\u0107 ci pracownicy, kt\u00f3rzy nie boj\u0105 si\u0119 choroby [&hellip;]<\/p>\n","protected":false},"author":2,"featured_media":5457,"comment_status":"open","ping_status":"open","sticky":false,"template":"","format":"standard","meta":{"footnotes":""},"categories":[2],"tags":[],"class_list":["post-5456","post","type-post","status-publish","format-standard","has-post-thumbnail","hentry","category-wiadomosci-marketingowe-internetowe"],"yoast_head":"<!-- This site is optimized with the Yoast SEO plugin v27.4 - https:\/\/yoast.com\/product\/yoast-seo-wordpress\/ -->\n<title>Agencja Eskadra wystawi\u0142a na sprzeda\u017c siedzib\u0119 - Favorite News<\/title>\n<meta name=\"robots\" content=\"index, follow, max-snippet:-1, max-image-preview:large, max-video-preview:-1\" \/>\n<link rel=\"canonical\" href=\"https:\/\/favorite-news.com\/pl\/agencja-eskadra-wystawila-na-sprzedaz-siedzibe\/\" \/>\n<meta property=\"og:locale\" content=\"pl_PL\" \/>\n<meta property=\"og:type\" content=\"article\" \/>\n<meta property=\"og:title\" content=\"Agencja Eskadra wystawi\u0142a na sprzeda\u017c siedzib\u0119 - Favorite News\" \/>\n<meta property=\"og:description\" content=\"Mateusz Zmy\u015blony, dyrektor kreatywny i za\u0142o\u017cyciel agencji Eskadra, w rozmowie z Wirtualnemedia.pl wyja\u015bnia, \u017ce decyzja o sprzeda\u017cy siedziby wynika z problem\u00f3w, z jakimi boryka si\u0119 firma w zwi\u0105zku z pandemi\u0105.- Nie potrzebujemy ju\u017c siedziby. Pracujemy online, a biuro, znacz\u0105co pomniejszone, przenosimy do centrum. B\u0119d\u0105 mogli z niego korzysta\u0107 ci pracownicy, kt\u00f3rzy nie boj\u0105 si\u0119 choroby [&hellip;]\" \/>\n<meta property=\"og:url\" content=\"https:\/\/favorite-news.com\/pl\/agencja-eskadra-wystawila-na-sprzedaz-siedzibe\/\" \/>\n<meta property=\"og:site_name\" content=\"Favorite News\" \/>\n<meta property=\"article:published_time\" content=\"2020-12-02T21:52:56+00:00\" \/>\n<meta property=\"article:modified_time\" content=\"2020-12-02T21:52:58+00:00\" \/>\n<meta property=\"og:image\" content=\"https:\/\/favorite-news.com\/pl\/wp-content\/uploads\/sites\/6\/2020\/12\/Agencja-Eskadra-wystawila-na-sprzedaz-siedzibe.jpg\" \/>\n\t<meta property=\"og:image:width\" content=\"655\" \/>\n\t<meta property=\"og:image:height\" content=\"318\" \/>\n\t<meta property=\"og:image:type\" content=\"image\/jpeg\" \/>\n<meta name=\"author\" content=\"favorite-news\" \/>\n<meta name=\"twitter:card\" content=\"summary_large_image\" \/>\n<meta name=\"twitter:label1\" content=\"Napisane przez\" \/>\n\t<meta name=\"twitter:data1\" content=\"favorite-news\" \/>\n\t<meta name=\"twitter:label2\" content=\"Szacowany czas czytania\" \/>\n\t<meta name=\"twitter:data2\" content=\"2 minuty\" \/>\n<script type=\"application\/ld+json\" class=\"yoast-schema-graph\">{\"@context\":\"https:\\\/\\\/schema.org\",\"@graph\":[{\"@type\":\"Article\",\"@id\":\"https:\\\/\\\/favorite-news.com\\\/pl\\\/agencja-eskadra-wystawila-na-sprzedaz-siedzibe\\\/#article\",\"isPartOf\":{\"@id\":\"https:\\\/\\\/favorite-news.com\\\/pl\\\/agencja-eskadra-wystawila-na-sprzedaz-siedzibe\\\/\"},\"author\":{\"name\":\"favorite-news\",\"@id\":\"https:\\\/\\\/favorite-news.com\\\/pl\\\/#\\\/schema\\\/person\\\/b91573b717dcfa5e4696032a9d28d3e8\"},\"headline\":\"Agencja Eskadra wystawi\u0142a na sprzeda\u017c siedzib\u0119\",\"datePublished\":\"2020-12-02T21:52:56+00:00\",\"dateModified\":\"2020-12-02T21:52:58+00:00\",\"mainEntityOfPage\":{\"@id\":\"https:\\\/\\\/favorite-news.com\\\/pl\\\/agencja-eskadra-wystawila-na-sprzedaz-siedzibe\\\/\"},\"wordCount\":463,\"commentCount\":0,\"image\":{\"@id\":\"https:\\\/\\\/favorite-news.com\\\/pl\\\/agencja-eskadra-wystawila-na-sprzedaz-siedzibe\\\/#primaryimage\"},\"thumbnailUrl\":\"https:\\\/\\\/favorite-news.com\\\/pl\\\/wp-content\\\/uploads\\\/sites\\\/6\\\/2020\\\/12\\\/Agencja-Eskadra-wystawila-na-sprzedaz-siedzibe.jpg\",\"articleSection\":[\"WIADOMO\u015aCI MARKETINGOWE INTERNETOWE\"],\"inLanguage\":\"pl-PL\",\"potentialAction\":[{\"@type\":\"CommentAction\",\"name\":\"Comment\",\"target\":[\"https:\\\/\\\/favorite-news.com\\\/pl\\\/agencja-eskadra-wystawila-na-sprzedaz-siedzibe\\\/#respond\"]}]},{\"@type\":\"WebPage\",\"@id\":\"https:\\\/\\\/favorite-news.com\\\/pl\\\/agencja-eskadra-wystawila-na-sprzedaz-siedzibe\\\/\",\"url\":\"https:\\\/\\\/favorite-news.com\\\/pl\\\/agencja-eskadra-wystawila-na-sprzedaz-siedzibe\\\/\",\"name\":\"Agencja Eskadra wystawi\u0142a na sprzeda\u017c siedzib\u0119 - Favorite News\",\"isPartOf\":{\"@id\":\"https:\\\/\\\/favorite-news.com\\\/pl\\\/#website\"},\"primaryImageOfPage\":{\"@id\":\"https:\\\/\\\/favorite-news.com\\\/pl\\\/agencja-eskadra-wystawila-na-sprzedaz-siedzibe\\\/#primaryimage\"},\"image\":{\"@id\":\"https:\\\/\\\/favorite-news.com\\\/pl\\\/agencja-eskadra-wystawila-na-sprzedaz-siedzibe\\\/#primaryimage\"},\"thumbnailUrl\":\"https:\\\/\\\/favorite-news.com\\\/pl\\\/wp-content\\\/uploads\\\/sites\\\/6\\\/2020\\\/12\\\/Agencja-Eskadra-wystawila-na-sprzedaz-siedzibe.jpg\",\"datePublished\":\"2020-12-02T21:52:56+00:00\",\"dateModified\":\"2020-12-02T21:52:58+00:00\",\"author\":{\"@id\":\"https:\\\/\\\/favorite-news.com\\\/pl\\\/#\\\/schema\\\/person\\\/b91573b717dcfa5e4696032a9d28d3e8\"},\"breadcrumb\":{\"@id\":\"https:\\\/\\\/favorite-news.com\\\/pl\\\/agencja-eskadra-wystawila-na-sprzedaz-siedzibe\\\/#breadcrumb\"},\"inLanguage\":\"pl-PL\",\"potentialAction\":[{\"@type\":\"ReadAction\",\"target\":[\"https:\\\/\\\/favorite-news.com\\\/pl\\\/agencja-eskadra-wystawila-na-sprzedaz-siedzibe\\\/\"]}]},{\"@type\":\"ImageObject\",\"inLanguage\":\"pl-PL\",\"@id\":\"https:\\\/\\\/favorite-news.com\\\/pl\\\/agencja-eskadra-wystawila-na-sprzedaz-siedzibe\\\/#primaryimage\",\"url\":\"https:\\\/\\\/favorite-news.com\\\/pl\\\/wp-content\\\/uploads\\\/sites\\\/6\\\/2020\\\/12\\\/Agencja-Eskadra-wystawila-na-sprzedaz-siedzibe.jpg\",\"contentUrl\":\"https:\\\/\\\/favorite-news.com\\\/pl\\\/wp-content\\\/uploads\\\/sites\\\/6\\\/2020\\\/12\\\/Agencja-Eskadra-wystawila-na-sprzedaz-siedzibe.jpg\",\"width\":655,\"height\":318,\"caption\":\"WirtualneMedia.pl\"},{\"@type\":\"BreadcrumbList\",\"@id\":\"https:\\\/\\\/favorite-news.com\\\/pl\\\/agencja-eskadra-wystawila-na-sprzedaz-siedzibe\\\/#breadcrumb\",\"itemListElement\":[{\"@type\":\"ListItem\",\"position\":1,\"name\":\"Home\",\"item\":\"https:\\\/\\\/favorite-news.com\\\/pl\\\/\"},{\"@type\":\"ListItem\",\"position\":2,\"name\":\"Agencja Eskadra wystawi\u0142a na sprzeda\u017c siedzib\u0119\"}]},{\"@type\":\"WebSite\",\"@id\":\"https:\\\/\\\/favorite-news.com\\\/pl\\\/#website\",\"url\":\"https:\\\/\\\/favorite-news.com\\\/pl\\\/\",\"name\":\"Favorite News\",\"description\":\"Favorite News Polska\",\"potentialAction\":[{\"@type\":\"SearchAction\",\"target\":{\"@type\":\"EntryPoint\",\"urlTemplate\":\"https:\\\/\\\/favorite-news.com\\\/pl\\\/?s={search_term_string}\"},\"query-input\":{\"@type\":\"PropertyValueSpecification\",\"valueRequired\":true,\"valueName\":\"search_term_string\"}}],\"inLanguage\":\"pl-PL\"},{\"@type\":\"Person\",\"@id\":\"https:\\\/\\\/favorite-news.com\\\/pl\\\/#\\\/schema\\\/person\\\/b91573b717dcfa5e4696032a9d28d3e8\",\"name\":\"favorite-news\",\"image\":{\"@type\":\"ImageObject\",\"inLanguage\":\"pl-PL\",\"@id\":\"https:\\\/\\\/secure.gravatar.com\\\/avatar\\\/6c5a5cb12b74e9d517ee91cf570335b7d16177f1977cc91db161adfa435945a7?s=96&d=mm&r=g\",\"url\":\"https:\\\/\\\/secure.gravatar.com\\\/avatar\\\/6c5a5cb12b74e9d517ee91cf570335b7d16177f1977cc91db161adfa435945a7?s=96&d=mm&r=g\",\"contentUrl\":\"https:\\\/\\\/secure.gravatar.com\\\/avatar\\\/6c5a5cb12b74e9d517ee91cf570335b7d16177f1977cc91db161adfa435945a7?s=96&d=mm&r=g\",\"caption\":\"favorite-news\"},\"url\":\"https:\\\/\\\/favorite-news.com\\\/pl\\\/author\\\/pt\\\/\"}]}<\/script>\n<!-- \/ Yoast SEO plugin. -->","yoast_head_json":{"title":"Agencja Eskadra wystawi\u0142a na sprzeda\u017c siedzib\u0119 - Favorite News","robots":{"index":"index","follow":"follow","max-snippet":"max-snippet:-1","max-image-preview":"max-image-preview:large","max-video-preview":"max-video-preview:-1"},"canonical":"https:\/\/favorite-news.com\/pl\/agencja-eskadra-wystawila-na-sprzedaz-siedzibe\/","og_locale":"pl_PL","og_type":"article","og_title":"Agencja Eskadra wystawi\u0142a na sprzeda\u017c siedzib\u0119 - Favorite News","og_description":"Mateusz Zmy\u015blony, dyrektor kreatywny i za\u0142o\u017cyciel agencji Eskadra, w rozmowie z Wirtualnemedia.pl wyja\u015bnia, \u017ce decyzja o sprzeda\u017cy siedziby wynika z problem\u00f3w, z jakimi boryka si\u0119 firma w zwi\u0105zku z pandemi\u0105.- Nie potrzebujemy ju\u017c siedziby. Pracujemy online, a biuro, znacz\u0105co pomniejszone, przenosimy do centrum. B\u0119d\u0105 mogli z niego korzysta\u0107 ci pracownicy, kt\u00f3rzy nie boj\u0105 si\u0119 choroby [&hellip;]","og_url":"https:\/\/favorite-news.com\/pl\/agencja-eskadra-wystawila-na-sprzedaz-siedzibe\/","og_site_name":"Favorite News","article_published_time":"2020-12-02T21:52:56+00:00","article_modified_time":"2020-12-02T21:52:58+00:00","og_image":[{"width":655,"height":318,"url":"https:\/\/favorite-news.com\/pl\/wp-content\/uploads\/sites\/6\/2020\/12\/Agencja-Eskadra-wystawila-na-sprzedaz-siedzibe.jpg","type":"image\/jpeg"}],"author":"favorite-news","twitter_card":"summary_large_image","twitter_misc":{"Napisane przez":"favorite-news","Szacowany czas czytania":"2 minuty"},"schema":{"@context":"https:\/\/schema.org","@graph":[{"@type":"Article","@id":"https:\/\/favorite-news.com\/pl\/agencja-eskadra-wystawila-na-sprzedaz-siedzibe\/#article","isPartOf":{"@id":"https:\/\/favorite-news.com\/pl\/agencja-eskadra-wystawila-na-sprzedaz-siedzibe\/"},"author":{"name":"favorite-news","@id":"https:\/\/favorite-news.com\/pl\/#\/schema\/person\/b91573b717dcfa5e4696032a9d28d3e8"},"headline":"Agencja Eskadra wystawi\u0142a na sprzeda\u017c siedzib\u0119","datePublished":"2020-12-02T21:52:56+00:00","dateModified":"2020-12-02T21:52:58+00:00","mainEntityOfPage":{"@id":"https:\/\/favorite-news.com\/pl\/agencja-eskadra-wystawila-na-sprzedaz-siedzibe\/"},"wordCount":463,"commentCount":0,"image":{"@id":"https:\/\/favorite-news.com\/pl\/agencja-eskadra-wystawila-na-sprzedaz-siedzibe\/#primaryimage"},"thumbnailUrl":"https:\/\/favorite-news.com\/pl\/wp-content\/uploads\/sites\/6\/2020\/12\/Agencja-Eskadra-wystawila-na-sprzedaz-siedzibe.jpg","articleSection":["WIADOMO\u015aCI MARKETINGOWE INTERNETOWE"],"inLanguage":"pl-PL","potentialAction":[{"@type":"CommentAction","name":"Comment","target":["https:\/\/favorite-news.com\/pl\/agencja-eskadra-wystawila-na-sprzedaz-siedzibe\/#respond"]}]},{"@type":"WebPage","@id":"https:\/\/favorite-news.com\/pl\/agencja-eskadra-wystawila-na-sprzedaz-siedzibe\/","url":"https:\/\/favorite-news.com\/pl\/agencja-eskadra-wystawila-na-sprzedaz-siedzibe\/","name":"Agencja Eskadra wystawi\u0142a na sprzeda\u017c siedzib\u0119 - Favorite News","isPartOf":{"@id":"https:\/\/favorite-news.com\/pl\/#website"},"primaryImageOfPage":{"@id":"https:\/\/favorite-news.com\/pl\/agencja-eskadra-wystawila-na-sprzedaz-siedzibe\/#primaryimage"},"image":{"@id":"https:\/\/favorite-news.com\/pl\/agencja-eskadra-wystawila-na-sprzedaz-siedzibe\/#primaryimage"},"thumbnailUrl":"https:\/\/favorite-news.com\/pl\/wp-content\/uploads\/sites\/6\/2020\/12\/Agencja-Eskadra-wystawila-na-sprzedaz-siedzibe.jpg","datePublished":"2020-12-02T21:52:56+00:00","dateModified":"2020-12-02T21:52:58+00:00","author":{"@id":"https:\/\/favorite-news.com\/pl\/#\/schema\/person\/b91573b717dcfa5e4696032a9d28d3e8"},"breadcrumb":{"@id":"https:\/\/favorite-news.com\/pl\/agencja-eskadra-wystawila-na-sprzedaz-siedzibe\/#breadcrumb"},"inLanguage":"pl-PL","potentialAction":[{"@type":"ReadAction","target":["https:\/\/favorite-news.com\/pl\/agencja-eskadra-wystawila-na-sprzedaz-siedzibe\/"]}]},{"@type":"ImageObject","inLanguage":"pl-PL","@id":"https:\/\/favorite-news.com\/pl\/agencja-eskadra-wystawila-na-sprzedaz-siedzibe\/#primaryimage","url":"https:\/\/favorite-news.com\/pl\/wp-content\/uploads\/sites\/6\/2020\/12\/Agencja-Eskadra-wystawila-na-sprzedaz-siedzibe.jpg","contentUrl":"https:\/\/favorite-news.com\/pl\/wp-content\/uploads\/sites\/6\/2020\/12\/Agencja-Eskadra-wystawila-na-sprzedaz-siedzibe.jpg","width":655,"height":318,"caption":"WirtualneMedia.pl"},{"@type":"BreadcrumbList","@id":"https:\/\/favorite-news.com\/pl\/agencja-eskadra-wystawila-na-sprzedaz-siedzibe\/#breadcrumb","itemListElement":[{"@type":"ListItem","position":1,"name":"Home","item":"https:\/\/favorite-news.com\/pl\/"},{"@type":"ListItem","position":2,"name":"Agencja Eskadra wystawi\u0142a na sprzeda\u017c siedzib\u0119"}]},{"@type":"WebSite","@id":"https:\/\/favorite-news.com\/pl\/#website","url":"https:\/\/favorite-news.com\/pl\/","name":"Favorite News","description":"Favorite News Polska","potentialAction":[{"@type":"SearchAction","target":{"@type":"EntryPoint","urlTemplate":"https:\/\/favorite-news.com\/pl\/?s={search_term_string}"},"query-input":{"@type":"PropertyValueSpecification","valueRequired":true,"valueName":"search_term_string"}}],"inLanguage":"pl-PL"},{"@type":"Person","@id":"https:\/\/favorite-news.com\/pl\/#\/schema\/person\/b91573b717dcfa5e4696032a9d28d3e8","name":"favorite-news","image":{"@type":"ImageObject","inLanguage":"pl-PL","@id":"https:\/\/secure.gravatar.com\/avatar\/6c5a5cb12b74e9d517ee91cf570335b7d16177f1977cc91db161adfa435945a7?s=96&d=mm&r=g","url":"https:\/\/secure.gravatar.com\/avatar\/6c5a5cb12b74e9d517ee91cf570335b7d16177f1977cc91db161adfa435945a7?s=96&d=mm&r=g","contentUrl":"https:\/\/secure.gravatar.com\/avatar\/6c5a5cb12b74e9d517ee91cf570335b7d16177f1977cc91db161adfa435945a7?s=96&d=mm&r=g","caption":"favorite-news"},"url":"https:\/\/favorite-news.com\/pl\/author\/pt\/"}]}},"_links":{"self":[{"href":"https:\/\/favorite-news.com\/pl\/wp-json\/wp\/v2\/posts\/5456","targetHints":{"allow":["GET"]}}],"collection":[{"href":"https:\/\/favorite-news.com\/pl\/wp-json\/wp\/v2\/posts"}],"about":[{"href":"https:\/\/favorite-news.com\/pl\/wp-json\/wp\/v2\/types\/post"}],"author":[{"embeddable":true,"href":"https:\/\/favorite-news.com\/pl\/wp-json\/wp\/v2\/users\/2"}],"replies":[{"embeddable":true,"href":"https:\/\/favorite-news.com\/pl\/wp-json\/wp\/v2\/comments?post=5456"}],"version-history":[{"count":1,"href":"https:\/\/favorite-news.com\/pl\/wp-json\/wp\/v2\/posts\/5456\/revisions"}],"predecessor-version":[{"id":5458,"href":"https:\/\/favorite-news.com\/pl\/wp-json\/wp\/v2\/posts\/5456\/revisions\/5458"}],"wp:featuredmedia":[{"embeddable":true,"href":"https:\/\/favorite-news.com\/pl\/wp-json\/wp\/v2\/media\/5457"}],"wp:attachment":[{"href":"https:\/\/favorite-news.com\/pl\/wp-json\/wp\/v2\/media?parent=5456"}],"wp:term":[{"taxonomy":"category","embeddable":true,"href":"https:\/\/favorite-news.com\/pl\/wp-json\/wp\/v2\/categories?post=5456"},{"taxonomy":"post_tag","embeddable":true,"href":"https:\/\/favorite-news.com\/pl\/wp-json\/wp\/v2\/tags?post=5456"}],"curies":[{"name":"wp","href":"https:\/\/api.w.org\/{rel}","templated":true}]}}