{"id":5451,"date":"2020-12-02T12:26:22","date_gmt":"2020-12-02T09:26:22","guid":{"rendered":"https:\/\/favorite-news.com\/pl\/telewizja-puls-przenosi-sprzedaz-czasu-reklamowego-z-tvn-media-do-polsat-media\/"},"modified":"2020-12-02T12:26:26","modified_gmt":"2020-12-02T09:26:26","slug":"telewizja-puls-przenosi-sprzedaz-czasu-reklamowego-z-tvn-media-do-polsat-media","status":"publish","type":"post","link":"https:\/\/favorite-news.com\/pl\/telewizja-puls-przenosi-sprzedaz-czasu-reklamowego-z-tvn-media-do-polsat-media\/","title":{"rendered":"Telewizja Puls przenosi sprzeda\u017c czasu reklamowego z TVN Media do Polsat Media"},"content":{"rendered":"<p>&#8211; Polsat Media wygra\u0142 w tym roku konkurs na sprzeda\u017c reklam naszych kana\u0142\u00f3w &#8211; poinformowa\u0142 Dariusz D\u0105bski, prezes i w\u0142a\u015bciciel Telewizji Puls.&#13;<br \/>\n&#13;<br \/>\n&#8211; TV Puls i Puls 2 ca\u0142y czas dynamicznie si\u0119 rozwijaj\u0105, b\u0119dziemy nadal inwestowa\u0107 w nasz\u0105 ofert\u0119 programow\u0105 i jej promocj\u0119. Planujemy r\u00f3wnie\u017c inwestowa\u0107 w inne obszary zwi\u0105zane z produkcj\u0105 tre\u015bci oraz licencji. Mamy nadziej\u0119, \u017ce wsp\u00f3\u0142praca z Polsat Media wygeneruje dodatkowe bod\u017ace dla dalszego rozwoju Telewizji Puls &#8211; zapowiedzia\u0142 D\u0105bski.&#13;<br \/>\n&#13;<br \/>\nTVN Media reprezentowa\u0142a nadawc\u0119 od 2011 roku. Pocz\u0105tkowo wsp\u00f3\u0142praca obejmowa\u0142a wy\u0142\u0105cznie kana\u0142 TV Puls. W 2012 roku do oferty do\u0142\u0105czono drugi kana\u0142 \u2013 Puls 2.&#13;<br \/>\n&#13;<br \/>\n&#8211; Wsp\u00f3lnie z Telewizj\u0105 Puls przez 10 lat rozwijali\u015bmy rynek reklamy telewizyjnej w Polsce. By\u0142o to do\u015bwiadczenie jedyne w swoim rodzaju, za co bardzo serdecznie chcia\u0142bym podzi\u0119kowa\u0107. Dzi\u0119ki bliskiej wsp\u00f3\u0142pracy uda\u0142o nam si\u0119 wprowadzi\u0107 wiele innowacyjnych rozwi\u0105za\u0144 w ofercie produkt\u00f3w reklamowych, co przek\u0142ada\u0142o si\u0119 na wzrost warto\u015bci dla ka\u017cdej ze sp\u00f3\u0142ek. Przed nami kolejna dekada, w kt\u00f3rej bardzo mocno stawiamy na rozw\u00f3j oferty premium opartej o rozwi\u0105zania cyfrowe oraz innowacje w dotarciu do konsumenta. Wierzymy, \u017ce silna integracja oraz przenikanie si\u0119 tre\u015bci pomi\u0119dzy TV a digitalem b\u0119dzie g\u0142\u00f3wnym czynnikiem wzrostu rynku medi\u00f3w w Polsce &#8211; powiedzia\u0142 Andrzej Karasowski, dyrektor Premium TV.&#13;<br \/>\n&#13;<br \/>\nTelewizja Puls nie ujawnia, czy umow\u0119 z Polsat Media podpisa\u0142a na d\u0142u\u017cej ni\u017c rok.&#13;<br \/>\n&#13;<br \/>\nWed\u0142ug danych Nielsen Audience Measurement w pa\u017adzierniku br. TV Puls zanotowa\u0142 246 002 os\u00f3b \u015bredniej widowni minutowej i 3,77 proc. udzia\u0142u w rynku ogl\u0105dalno\u015bci (0,8 proc. mniej ni\u017c rok wcze\u015bniej, a Puls 2 &#8211; 120 051 os\u00f3b przeci\u0119tnej widowni minutowej i 1,84 proc. udzia\u0142u w rynku ogl\u0105dalno\u015bci (po wzro\u015bcie rok do roku o 0,5 proc.).&#13;<br \/>\n&#13;<br \/>\nW ub.r. Telewizja Puls osi\u0105gn\u0119\u0142a wzrost przychod\u00f3w sprzeda\u017cowych o 1,5 proc. do 213,78 mln z\u0142, z czego zdecydowana wi\u0119kszo\u015b\u0107 pochodzi\u0142a z reklam. Firma zanotowa\u0142a 27,1 mln z\u0142 zysku netto, w po\u0142owie br. liczy\u0142a, \u017ce spadek rynku reklamy telewizyjnej wskutek epidemii koronawirusa zostanie os\u0142abiony przez wzrost ogl\u0105dalno\u015bci jej stacji.&#13;<br \/>\n&#13;<br \/>\nZwolnienia i w TVN Media, i w Polsat Media&#13;<br \/>\n&#13;<br \/>\nTelewizja Puls b\u0119dzie kolejnym zewn\u0119trznym nadawc\u0105, dla kt\u00f3rego pracuje Polsat Media. Broker obs\u0142uguje te\u017c m.in. Kino Polska TV, grup\u0119 4fun Media, A+E Networks, BBC Worldwide i AMC Networks.&#13;<br \/>\n&#13;<br \/>\nZ pocz\u0105tkiem pa\u017adziernika Polsat Media przej\u0105\u0142 obs\u0142ug\u0119 sprzeda\u017cow\u0105 oferty reklamowej Grupy Interia, kt\u00f3r\u0105 Telewizja Polsat kupi\u0142a w lipcu od Bauer Media za 422 mln z\u0142. R\u00f3wnocze\u015bnie pracownicy dzia\u0142u handlowego Interii do\u0142\u0105czyli do zespo\u0142u Polsat Media. W po\u0142owie listopada firma zwolni\u0142a ponad 20 os\u00f3b, uzasadniaj\u0105c to \u201eoptymalizacj\u0105 zada\u0144 i parametr\u00f3w biznesowych po po\u0142\u0105czeniu obydwu biur reklamy\u201d.&#13;<br \/>\n&#13;<br \/>\nW ub.r. Polsat Media zanotowa\u0142 spadek przychod\u00f3w sprzeda\u017cowych o 1,1 proc. do 212,36 mln z\u0142 oraz zysku ze 152,7 do 149,31 mln z\u0142. 86,7 proc. przychod\u00f3w sp\u00f3\u0142ki pochodzi\u0142o od klient\u00f3w zewn\u0119trznych.&#13;<br \/>\n&#13;<br \/>\nW poniedzia\u0142ek informowali\u015bmy, \u017ce TVN Grupa Discovery zwolni\u0142a ok. 30 pracownik\u00f3w, m.in. z TVN Media, dzia\u0142u techniki oraz in\u017cynier\u00f3w woz\u00f3w transmisyjnych.&#13;<br \/>\n&#13;<br \/>\nWed\u0142ug danych Publicis Groupe w pierwszej po\u0142owie br. wydatki na reklam\u0119 telewizyjn\u0105 w Polsce zmala\u0142y rok do roku o 21 proc. &#8211; z 2,17 do 1,71 mld z\u0142, a jej udzia\u0142 w ca\u0142ym rynku reklamowym zmniejszy\u0142 si\u0119 z 45,7 do 42,6 proc. Tylko w drugim kwartale, wskutek lockdownu zwi\u0105zanego z epidemi\u0105, nast\u0105pi\u0142 spadek o 35,4 proc.&#13;<br \/>\n                            &#13;<br \/>\n&#13;<br \/>\n                            &#13;<br \/>\n                            &#13;<br \/>\n                                                            &#13;<br \/>\n&#13;<br \/>\n                            &#13;<\/p>\n<p>\n<!--noindex--><br \/>\n<a href=\"https:\/\/www.wirtualnemedia.pl\/artykul\/telewizja-puls-przenosi-obsluge-brokerska-z-tvn-media-do-polsat-media\" rel=\"nofollow\">Source link <\/a><br \/>\n<!--\/noindex--><\/p>\n","protected":false},"excerpt":{"rendered":"<p>&#8211; Polsat Media wygra\u0142 w tym roku konkurs na sprzeda\u017c reklam naszych kana\u0142\u00f3w &#8211; poinformowa\u0142 Dariusz D\u0105bski, prezes i w\u0142a\u015bciciel Telewizji Puls.&#13; &#13; &#8211; TV Puls i Puls 2 ca\u0142y czas dynamicznie si\u0119 rozwijaj\u0105, b\u0119dziemy nadal inwestowa\u0107 w nasz\u0105 ofert\u0119 programow\u0105 i jej promocj\u0119. Planujemy r\u00f3wnie\u017c inwestowa\u0107 w inne obszary zwi\u0105zane z produkcj\u0105 tre\u015bci oraz [&hellip;]<\/p>\n","protected":false},"author":2,"featured_media":5452,"comment_status":"open","ping_status":"open","sticky":false,"template":"","format":"standard","meta":{"footnotes":""},"categories":[2],"tags":[],"class_list":["post-5451","post","type-post","status-publish","format-standard","has-post-thumbnail","hentry","category-wiadomosci-marketingowe-internetowe"],"yoast_head":"<!-- This site is optimized with the Yoast SEO plugin v27.4 - https:\/\/yoast.com\/product\/yoast-seo-wordpress\/ -->\n<title>Telewizja Puls przenosi sprzeda\u017c czasu reklamowego z TVN Media do Polsat Media - Favorite News<\/title>\n<meta name=\"robots\" content=\"index, follow, max-snippet:-1, max-image-preview:large, max-video-preview:-1\" \/>\n<link rel=\"canonical\" href=\"https:\/\/favorite-news.com\/pl\/telewizja-puls-przenosi-sprzedaz-czasu-reklamowego-z-tvn-media-do-polsat-media\/\" \/>\n<meta property=\"og:locale\" content=\"pl_PL\" \/>\n<meta property=\"og:type\" content=\"article\" \/>\n<meta property=\"og:title\" content=\"Telewizja Puls przenosi sprzeda\u017c czasu reklamowego z TVN Media do Polsat Media - Favorite News\" \/>\n<meta property=\"og:description\" content=\"&#8211; Polsat Media wygra\u0142 w tym roku konkurs na sprzeda\u017c reklam naszych kana\u0142\u00f3w &#8211; poinformowa\u0142 Dariusz D\u0105bski, prezes i w\u0142a\u015bciciel Telewizji Puls.&#013; &#013; &#8211; TV Puls i Puls 2 ca\u0142y czas dynamicznie si\u0119 rozwijaj\u0105, b\u0119dziemy nadal inwestowa\u0107 w nasz\u0105 ofert\u0119 programow\u0105 i jej promocj\u0119. Planujemy r\u00f3wnie\u017c inwestowa\u0107 w inne obszary zwi\u0105zane z produkcj\u0105 tre\u015bci oraz [&hellip;]\" \/>\n<meta property=\"og:url\" content=\"https:\/\/favorite-news.com\/pl\/telewizja-puls-przenosi-sprzedaz-czasu-reklamowego-z-tvn-media-do-polsat-media\/\" \/>\n<meta property=\"og:site_name\" content=\"Favorite News\" \/>\n<meta property=\"article:published_time\" content=\"2020-12-02T09:26:22+00:00\" \/>\n<meta property=\"article:modified_time\" content=\"2020-12-02T09:26:26+00:00\" \/>\n<meta property=\"og:image\" content=\"https:\/\/favorite-news.com\/pl\/wp-content\/uploads\/sites\/6\/2020\/12\/Telewizja-Puls-przenosi-sprzedaz-czasu-reklamowego-z-TVN-Media-do.jpg\" \/>\n\t<meta property=\"og:image:width\" content=\"655\" \/>\n\t<meta property=\"og:image:height\" content=\"437\" \/>\n\t<meta property=\"og:image:type\" content=\"image\/jpeg\" \/>\n<meta name=\"author\" content=\"favorite-news\" \/>\n<meta name=\"twitter:card\" content=\"summary_large_image\" \/>\n<meta name=\"twitter:label1\" content=\"Napisane przez\" \/>\n\t<meta name=\"twitter:data1\" content=\"favorite-news\" \/>\n\t<meta name=\"twitter:label2\" content=\"Szacowany czas czytania\" \/>\n\t<meta name=\"twitter:data2\" content=\"3 minuty\" \/>\n<script type=\"application\/ld+json\" class=\"yoast-schema-graph\">{\"@context\":\"https:\\\/\\\/schema.org\",\"@graph\":[{\"@type\":\"Article\",\"@id\":\"https:\\\/\\\/favorite-news.com\\\/pl\\\/telewizja-puls-przenosi-sprzedaz-czasu-reklamowego-z-tvn-media-do-polsat-media\\\/#article\",\"isPartOf\":{\"@id\":\"https:\\\/\\\/favorite-news.com\\\/pl\\\/telewizja-puls-przenosi-sprzedaz-czasu-reklamowego-z-tvn-media-do-polsat-media\\\/\"},\"author\":{\"name\":\"favorite-news\",\"@id\":\"https:\\\/\\\/favorite-news.com\\\/pl\\\/#\\\/schema\\\/person\\\/b91573b717dcfa5e4696032a9d28d3e8\"},\"headline\":\"Telewizja Puls przenosi sprzeda\u017c czasu reklamowego z TVN Media do Polsat Media\",\"datePublished\":\"2020-12-02T09:26:22+00:00\",\"dateModified\":\"2020-12-02T09:26:26+00:00\",\"mainEntityOfPage\":{\"@id\":\"https:\\\/\\\/favorite-news.com\\\/pl\\\/telewizja-puls-przenosi-sprzedaz-czasu-reklamowego-z-tvn-media-do-polsat-media\\\/\"},\"wordCount\":615,\"commentCount\":0,\"image\":{\"@id\":\"https:\\\/\\\/favorite-news.com\\\/pl\\\/telewizja-puls-przenosi-sprzedaz-czasu-reklamowego-z-tvn-media-do-polsat-media\\\/#primaryimage\"},\"thumbnailUrl\":\"https:\\\/\\\/favorite-news.com\\\/pl\\\/wp-content\\\/uploads\\\/sites\\\/6\\\/2020\\\/12\\\/Telewizja-Puls-przenosi-sprzedaz-czasu-reklamowego-z-TVN-Media-do.jpg\",\"articleSection\":[\"WIADOMO\u015aCI MARKETINGOWE INTERNETOWE\"],\"inLanguage\":\"pl-PL\",\"potentialAction\":[{\"@type\":\"CommentAction\",\"name\":\"Comment\",\"target\":[\"https:\\\/\\\/favorite-news.com\\\/pl\\\/telewizja-puls-przenosi-sprzedaz-czasu-reklamowego-z-tvn-media-do-polsat-media\\\/#respond\"]}]},{\"@type\":\"WebPage\",\"@id\":\"https:\\\/\\\/favorite-news.com\\\/pl\\\/telewizja-puls-przenosi-sprzedaz-czasu-reklamowego-z-tvn-media-do-polsat-media\\\/\",\"url\":\"https:\\\/\\\/favorite-news.com\\\/pl\\\/telewizja-puls-przenosi-sprzedaz-czasu-reklamowego-z-tvn-media-do-polsat-media\\\/\",\"name\":\"Telewizja Puls przenosi sprzeda\u017c czasu reklamowego z TVN Media do Polsat Media - Favorite News\",\"isPartOf\":{\"@id\":\"https:\\\/\\\/favorite-news.com\\\/pl\\\/#website\"},\"primaryImageOfPage\":{\"@id\":\"https:\\\/\\\/favorite-news.com\\\/pl\\\/telewizja-puls-przenosi-sprzedaz-czasu-reklamowego-z-tvn-media-do-polsat-media\\\/#primaryimage\"},\"image\":{\"@id\":\"https:\\\/\\\/favorite-news.com\\\/pl\\\/telewizja-puls-przenosi-sprzedaz-czasu-reklamowego-z-tvn-media-do-polsat-media\\\/#primaryimage\"},\"thumbnailUrl\":\"https:\\\/\\\/favorite-news.com\\\/pl\\\/wp-content\\\/uploads\\\/sites\\\/6\\\/2020\\\/12\\\/Telewizja-Puls-przenosi-sprzedaz-czasu-reklamowego-z-TVN-Media-do.jpg\",\"datePublished\":\"2020-12-02T09:26:22+00:00\",\"dateModified\":\"2020-12-02T09:26:26+00:00\",\"author\":{\"@id\":\"https:\\\/\\\/favorite-news.com\\\/pl\\\/#\\\/schema\\\/person\\\/b91573b717dcfa5e4696032a9d28d3e8\"},\"breadcrumb\":{\"@id\":\"https:\\\/\\\/favorite-news.com\\\/pl\\\/telewizja-puls-przenosi-sprzedaz-czasu-reklamowego-z-tvn-media-do-polsat-media\\\/#breadcrumb\"},\"inLanguage\":\"pl-PL\",\"potentialAction\":[{\"@type\":\"ReadAction\",\"target\":[\"https:\\\/\\\/favorite-news.com\\\/pl\\\/telewizja-puls-przenosi-sprzedaz-czasu-reklamowego-z-tvn-media-do-polsat-media\\\/\"]}]},{\"@type\":\"ImageObject\",\"inLanguage\":\"pl-PL\",\"@id\":\"https:\\\/\\\/favorite-news.com\\\/pl\\\/telewizja-puls-przenosi-sprzedaz-czasu-reklamowego-z-tvn-media-do-polsat-media\\\/#primaryimage\",\"url\":\"https:\\\/\\\/favorite-news.com\\\/pl\\\/wp-content\\\/uploads\\\/sites\\\/6\\\/2020\\\/12\\\/Telewizja-Puls-przenosi-sprzedaz-czasu-reklamowego-z-TVN-Media-do.jpg\",\"contentUrl\":\"https:\\\/\\\/favorite-news.com\\\/pl\\\/wp-content\\\/uploads\\\/sites\\\/6\\\/2020\\\/12\\\/Telewizja-Puls-przenosi-sprzedaz-czasu-reklamowego-z-TVN-Media-do.jpg\",\"width\":655,\"height\":437,\"caption\":\"Article\"},{\"@type\":\"BreadcrumbList\",\"@id\":\"https:\\\/\\\/favorite-news.com\\\/pl\\\/telewizja-puls-przenosi-sprzedaz-czasu-reklamowego-z-tvn-media-do-polsat-media\\\/#breadcrumb\",\"itemListElement\":[{\"@type\":\"ListItem\",\"position\":1,\"name\":\"Home\",\"item\":\"https:\\\/\\\/favorite-news.com\\\/pl\\\/\"},{\"@type\":\"ListItem\",\"position\":2,\"name\":\"Telewizja Puls przenosi sprzeda\u017c czasu reklamowego z TVN Media do Polsat Media\"}]},{\"@type\":\"WebSite\",\"@id\":\"https:\\\/\\\/favorite-news.com\\\/pl\\\/#website\",\"url\":\"https:\\\/\\\/favorite-news.com\\\/pl\\\/\",\"name\":\"Favorite News\",\"description\":\"Favorite News Polska\",\"potentialAction\":[{\"@type\":\"SearchAction\",\"target\":{\"@type\":\"EntryPoint\",\"urlTemplate\":\"https:\\\/\\\/favorite-news.com\\\/pl\\\/?s={search_term_string}\"},\"query-input\":{\"@type\":\"PropertyValueSpecification\",\"valueRequired\":true,\"valueName\":\"search_term_string\"}}],\"inLanguage\":\"pl-PL\"},{\"@type\":\"Person\",\"@id\":\"https:\\\/\\\/favorite-news.com\\\/pl\\\/#\\\/schema\\\/person\\\/b91573b717dcfa5e4696032a9d28d3e8\",\"name\":\"favorite-news\",\"image\":{\"@type\":\"ImageObject\",\"inLanguage\":\"pl-PL\",\"@id\":\"https:\\\/\\\/secure.gravatar.com\\\/avatar\\\/6c5a5cb12b74e9d517ee91cf570335b7d16177f1977cc91db161adfa435945a7?s=96&d=mm&r=g\",\"url\":\"https:\\\/\\\/secure.gravatar.com\\\/avatar\\\/6c5a5cb12b74e9d517ee91cf570335b7d16177f1977cc91db161adfa435945a7?s=96&d=mm&r=g\",\"contentUrl\":\"https:\\\/\\\/secure.gravatar.com\\\/avatar\\\/6c5a5cb12b74e9d517ee91cf570335b7d16177f1977cc91db161adfa435945a7?s=96&d=mm&r=g\",\"caption\":\"favorite-news\"},\"url\":\"https:\\\/\\\/favorite-news.com\\\/pl\\\/author\\\/pt\\\/\"}]}<\/script>\n<!-- \/ Yoast SEO plugin. -->","yoast_head_json":{"title":"Telewizja Puls przenosi sprzeda\u017c czasu reklamowego z TVN Media do Polsat Media - Favorite News","robots":{"index":"index","follow":"follow","max-snippet":"max-snippet:-1","max-image-preview":"max-image-preview:large","max-video-preview":"max-video-preview:-1"},"canonical":"https:\/\/favorite-news.com\/pl\/telewizja-puls-przenosi-sprzedaz-czasu-reklamowego-z-tvn-media-do-polsat-media\/","og_locale":"pl_PL","og_type":"article","og_title":"Telewizja Puls przenosi sprzeda\u017c czasu reklamowego z TVN Media do Polsat Media - Favorite News","og_description":"&#8211; Polsat Media wygra\u0142 w tym roku konkurs na sprzeda\u017c reklam naszych kana\u0142\u00f3w &#8211; poinformowa\u0142 Dariusz D\u0105bski, prezes i w\u0142a\u015bciciel Telewizji Puls.&#13; &#13; &#8211; TV Puls i Puls 2 ca\u0142y czas dynamicznie si\u0119 rozwijaj\u0105, b\u0119dziemy nadal inwestowa\u0107 w nasz\u0105 ofert\u0119 programow\u0105 i jej promocj\u0119. Planujemy r\u00f3wnie\u017c inwestowa\u0107 w inne obszary zwi\u0105zane z produkcj\u0105 tre\u015bci oraz [&hellip;]","og_url":"https:\/\/favorite-news.com\/pl\/telewizja-puls-przenosi-sprzedaz-czasu-reklamowego-z-tvn-media-do-polsat-media\/","og_site_name":"Favorite News","article_published_time":"2020-12-02T09:26:22+00:00","article_modified_time":"2020-12-02T09:26:26+00:00","og_image":[{"width":655,"height":437,"url":"https:\/\/favorite-news.com\/pl\/wp-content\/uploads\/sites\/6\/2020\/12\/Telewizja-Puls-przenosi-sprzedaz-czasu-reklamowego-z-TVN-Media-do.jpg","type":"image\/jpeg"}],"author":"favorite-news","twitter_card":"summary_large_image","twitter_misc":{"Napisane przez":"favorite-news","Szacowany czas czytania":"3 minuty"},"schema":{"@context":"https:\/\/schema.org","@graph":[{"@type":"Article","@id":"https:\/\/favorite-news.com\/pl\/telewizja-puls-przenosi-sprzedaz-czasu-reklamowego-z-tvn-media-do-polsat-media\/#article","isPartOf":{"@id":"https:\/\/favorite-news.com\/pl\/telewizja-puls-przenosi-sprzedaz-czasu-reklamowego-z-tvn-media-do-polsat-media\/"},"author":{"name":"favorite-news","@id":"https:\/\/favorite-news.com\/pl\/#\/schema\/person\/b91573b717dcfa5e4696032a9d28d3e8"},"headline":"Telewizja Puls przenosi sprzeda\u017c czasu reklamowego z TVN Media do Polsat Media","datePublished":"2020-12-02T09:26:22+00:00","dateModified":"2020-12-02T09:26:26+00:00","mainEntityOfPage":{"@id":"https:\/\/favorite-news.com\/pl\/telewizja-puls-przenosi-sprzedaz-czasu-reklamowego-z-tvn-media-do-polsat-media\/"},"wordCount":615,"commentCount":0,"image":{"@id":"https:\/\/favorite-news.com\/pl\/telewizja-puls-przenosi-sprzedaz-czasu-reklamowego-z-tvn-media-do-polsat-media\/#primaryimage"},"thumbnailUrl":"https:\/\/favorite-news.com\/pl\/wp-content\/uploads\/sites\/6\/2020\/12\/Telewizja-Puls-przenosi-sprzedaz-czasu-reklamowego-z-TVN-Media-do.jpg","articleSection":["WIADOMO\u015aCI MARKETINGOWE INTERNETOWE"],"inLanguage":"pl-PL","potentialAction":[{"@type":"CommentAction","name":"Comment","target":["https:\/\/favorite-news.com\/pl\/telewizja-puls-przenosi-sprzedaz-czasu-reklamowego-z-tvn-media-do-polsat-media\/#respond"]}]},{"@type":"WebPage","@id":"https:\/\/favorite-news.com\/pl\/telewizja-puls-przenosi-sprzedaz-czasu-reklamowego-z-tvn-media-do-polsat-media\/","url":"https:\/\/favorite-news.com\/pl\/telewizja-puls-przenosi-sprzedaz-czasu-reklamowego-z-tvn-media-do-polsat-media\/","name":"Telewizja Puls przenosi sprzeda\u017c czasu reklamowego z TVN Media do Polsat Media - Favorite News","isPartOf":{"@id":"https:\/\/favorite-news.com\/pl\/#website"},"primaryImageOfPage":{"@id":"https:\/\/favorite-news.com\/pl\/telewizja-puls-przenosi-sprzedaz-czasu-reklamowego-z-tvn-media-do-polsat-media\/#primaryimage"},"image":{"@id":"https:\/\/favorite-news.com\/pl\/telewizja-puls-przenosi-sprzedaz-czasu-reklamowego-z-tvn-media-do-polsat-media\/#primaryimage"},"thumbnailUrl":"https:\/\/favorite-news.com\/pl\/wp-content\/uploads\/sites\/6\/2020\/12\/Telewizja-Puls-przenosi-sprzedaz-czasu-reklamowego-z-TVN-Media-do.jpg","datePublished":"2020-12-02T09:26:22+00:00","dateModified":"2020-12-02T09:26:26+00:00","author":{"@id":"https:\/\/favorite-news.com\/pl\/#\/schema\/person\/b91573b717dcfa5e4696032a9d28d3e8"},"breadcrumb":{"@id":"https:\/\/favorite-news.com\/pl\/telewizja-puls-przenosi-sprzedaz-czasu-reklamowego-z-tvn-media-do-polsat-media\/#breadcrumb"},"inLanguage":"pl-PL","potentialAction":[{"@type":"ReadAction","target":["https:\/\/favorite-news.com\/pl\/telewizja-puls-przenosi-sprzedaz-czasu-reklamowego-z-tvn-media-do-polsat-media\/"]}]},{"@type":"ImageObject","inLanguage":"pl-PL","@id":"https:\/\/favorite-news.com\/pl\/telewizja-puls-przenosi-sprzedaz-czasu-reklamowego-z-tvn-media-do-polsat-media\/#primaryimage","url":"https:\/\/favorite-news.com\/pl\/wp-content\/uploads\/sites\/6\/2020\/12\/Telewizja-Puls-przenosi-sprzedaz-czasu-reklamowego-z-TVN-Media-do.jpg","contentUrl":"https:\/\/favorite-news.com\/pl\/wp-content\/uploads\/sites\/6\/2020\/12\/Telewizja-Puls-przenosi-sprzedaz-czasu-reklamowego-z-TVN-Media-do.jpg","width":655,"height":437,"caption":"Article"},{"@type":"BreadcrumbList","@id":"https:\/\/favorite-news.com\/pl\/telewizja-puls-przenosi-sprzedaz-czasu-reklamowego-z-tvn-media-do-polsat-media\/#breadcrumb","itemListElement":[{"@type":"ListItem","position":1,"name":"Home","item":"https:\/\/favorite-news.com\/pl\/"},{"@type":"ListItem","position":2,"name":"Telewizja Puls przenosi sprzeda\u017c czasu reklamowego z TVN Media do Polsat Media"}]},{"@type":"WebSite","@id":"https:\/\/favorite-news.com\/pl\/#website","url":"https:\/\/favorite-news.com\/pl\/","name":"Favorite News","description":"Favorite News Polska","potentialAction":[{"@type":"SearchAction","target":{"@type":"EntryPoint","urlTemplate":"https:\/\/favorite-news.com\/pl\/?s={search_term_string}"},"query-input":{"@type":"PropertyValueSpecification","valueRequired":true,"valueName":"search_term_string"}}],"inLanguage":"pl-PL"},{"@type":"Person","@id":"https:\/\/favorite-news.com\/pl\/#\/schema\/person\/b91573b717dcfa5e4696032a9d28d3e8","name":"favorite-news","image":{"@type":"ImageObject","inLanguage":"pl-PL","@id":"https:\/\/secure.gravatar.com\/avatar\/6c5a5cb12b74e9d517ee91cf570335b7d16177f1977cc91db161adfa435945a7?s=96&d=mm&r=g","url":"https:\/\/secure.gravatar.com\/avatar\/6c5a5cb12b74e9d517ee91cf570335b7d16177f1977cc91db161adfa435945a7?s=96&d=mm&r=g","contentUrl":"https:\/\/secure.gravatar.com\/avatar\/6c5a5cb12b74e9d517ee91cf570335b7d16177f1977cc91db161adfa435945a7?s=96&d=mm&r=g","caption":"favorite-news"},"url":"https:\/\/favorite-news.com\/pl\/author\/pt\/"}]}},"_links":{"self":[{"href":"https:\/\/favorite-news.com\/pl\/wp-json\/wp\/v2\/posts\/5451","targetHints":{"allow":["GET"]}}],"collection":[{"href":"https:\/\/favorite-news.com\/pl\/wp-json\/wp\/v2\/posts"}],"about":[{"href":"https:\/\/favorite-news.com\/pl\/wp-json\/wp\/v2\/types\/post"}],"author":[{"embeddable":true,"href":"https:\/\/favorite-news.com\/pl\/wp-json\/wp\/v2\/users\/2"}],"replies":[{"embeddable":true,"href":"https:\/\/favorite-news.com\/pl\/wp-json\/wp\/v2\/comments?post=5451"}],"version-history":[{"count":1,"href":"https:\/\/favorite-news.com\/pl\/wp-json\/wp\/v2\/posts\/5451\/revisions"}],"predecessor-version":[{"id":5453,"href":"https:\/\/favorite-news.com\/pl\/wp-json\/wp\/v2\/posts\/5451\/revisions\/5453"}],"wp:featuredmedia":[{"embeddable":true,"href":"https:\/\/favorite-news.com\/pl\/wp-json\/wp\/v2\/media\/5452"}],"wp:attachment":[{"href":"https:\/\/favorite-news.com\/pl\/wp-json\/wp\/v2\/media?parent=5451"}],"wp:term":[{"taxonomy":"category","embeddable":true,"href":"https:\/\/favorite-news.com\/pl\/wp-json\/wp\/v2\/categories?post=5451"},{"taxonomy":"post_tag","embeddable":true,"href":"https:\/\/favorite-news.com\/pl\/wp-json\/wp\/v2\/tags?post=5451"}],"curies":[{"name":"wp","href":"https:\/\/api.w.org\/{rel}","templated":true}]}}