{"id":5446,"date":"2020-12-02T00:24:41","date_gmt":"2020-12-01T21:24:41","guid":{"rendered":"https:\/\/favorite-news.com\/pl\/trojka-reklamuje-sie-nazwa-audycji-zapraszamy-do-trojki-ktora-zdjela-z-ramowki-wideo\/"},"modified":"2020-12-02T00:24:42","modified_gmt":"2020-12-01T21:24:42","slug":"trojka-reklamuje-sie-nazwa-audycji-zapraszamy-do-trojki-ktora-zdjela-z-ramowki-wideo","status":"publish","type":"post","link":"https:\/\/favorite-news.com\/pl\/trojka-reklamuje-sie-nazwa-audycji-zapraszamy-do-trojki-ktora-zdjela-z-ramowki-wideo\/","title":{"rendered":"Tr\u00f3jka reklamuje si\u0119 nazw\u0105 audycji \u201eZapraszamy do Tr\u00f3jki\u201d, kt\u00f3r\u0105 zdj\u0119\u0142a z ram\u00f3wki (wideo)"},"content":{"rendered":"<p>W spocie podkre\u015blono, \u017ce \u201emagia radia tkwi w \u015brodku, ale i w ludziach, kt\u00f3rzy je tworz\u0105 ka\u017cdego dnia\u201d. &#8211; \u017beby\u015bmy wsp\u00f3lnie prze\u017cywali emocje &#8211; czyta lektor. Te zdania stanowi\u0105 motyw przewodni ca\u0142ej kampanii, kt\u00f3ra jednocze\u015bnie ma sygnalizowa\u0107 s\u0142uchaczom, i\u017c to nie koniec zmian w nowej, od\u015bwie\u017conej Tr\u00f3jce.&#13;<br \/>\n&#13;<br \/>\nNowy spot &#8211; jak stwierdza Polskie Radio &#8211; ma na celu ukazanie nowego charakteru rozg\u0142o\u015bni jako \u201estacji tworzonej przez profesjonalist\u00f3w, dla kt\u00f3rych praca w radiu jest pasj\u0105\u201d. Reklama ko\u0144czy si\u0119 has\u0142em \u201eZapraszamy do Tr\u00f3jki\u201d.&#13;<br \/>\n&#13;<br \/>\n\u00a0&#13;<br \/>\n&#13;<br \/>\nSpot, przygotowany przez studio filmowe M5 Film, jest emitowany w TVP, Polsacie, TVN i wybranych kana\u0142ach tematycznych tych nadawc\u00f3w, a tak\u017ce w internecie (YouTube, g\u0142\u00f3wne portale, serwisy regionalne).&#13;<br \/>\n&#13;<br \/>\nKampania potrwa do ko\u0144ca grudnia br.&#13;<br \/>\n&#13;<br \/>\n&#13;<br \/>\n\t\t\t\u201eZapraszamy do Tr\u00f3jki\u201d znikn\u0119\u0142o z ram\u00f3wki &#13;<br \/>\n&#13;<br \/>\nW pa\u017adzierniku br. Program 3 Polskiego Radia zmieni\u0142 ram\u00f3wk\u0119 \u2013 wi\u0119cej jest w niej teraz muzyki, mniej publicystyki. Na antenie pojawili si\u0119 nowi prowadz\u0105cy, prezentowany jest szerszy wachlarz gatunk\u00f3w muzycznych. W\u015br\u00f3d nowych propozycji stacji znalaz\u0142y si\u0119 m.in. pasma \u201eTr\u00f3jkowo, rockowo&#8221; czy \u201eMuzyka z Tr\u00f3jk\u0105&#8221;. W weekendy emitowana jest inna nowo\u015b\u0107: trzygodzinna wieczorna audycja \u201ePrzebojowa sobota&#8221;.\u00a0&#13;<br \/>\n&#13;<br \/>\nTak\u017ce od pa\u017adziernika br. obowi\u0105zuje od\u015bwie\u017cone pasmo poranne: od poniedzia\u0142ku do soboty prowadzi je \u0141ukasz \u201eCiechan\u201d Ciecha\u0144ski i Ma\u0142gorzata \u0141ukowska. \u201eSalon polityczny\u201d nadawany jest p\u00f3\u017aniej (od poniedzia\u0142ku do pi\u0105tku) &#8211; nie oko\u0142o 8.13, a o 8.45. Pojawi\u0142o si\u0119 te\u017c pasmo \u201ePora na Tr\u00f3jk\u0119\u201d czy \u201eDo Tr\u00f3jki zaprasza\u201d. &#13;<br \/>\n&#13;<br \/>\nNowe audycje zast\u0105pi\u0142y poranne i popo\u0142udniowe wydania \u201eZapraszamy do Tr\u00f3jki\u201d, kt\u00f3re by\u0142y nadawane w Tr\u00f3jce od po\u0142owy lat 70. Po tym jak w drugiej po\u0142owie sierpnia br. z funkcji dyrektora stacji zosta\u0142 odwo\u0142any Kuba Strzyczkowski, z rozg\u0142o\u015bni\u0105 po\u017cegna\u0142a si\u0119 grupa dziennikarzy i wydawc\u00f3w, m.in. pracuj\u0105cy przy \u201eZapraszamy do Tr\u00f3jki\u201d Marcin \u0141ukawski i Patrycjusz Wy\u017cga.&#13;<br \/>\n&#13;<br \/>\nNowym szefem Tr\u00f3jki zosta\u0142 Micha\u0142 Narkiewicz-Jodko, a wicedyrektorami &#8211; Marek Wiernik i Piotr Kordaszewski.&#13;<br \/>\n&#13;<br \/>\nWed\u0142ug badania Radio Track udzia\u0142 Tr\u00f3jki w rynku s\u0142uchalno\u015bci w okresie od sierpnia do pa\u017adziernika br. wyni\u00f3s\u0142 2,9 proc. To rekordowo niski wynik stacji.&#13;<br \/>\n&#13;<br \/>\nPolskie Radio ze spadkiem wp\u0142yw\u00f3w i strat\u0105&#13;<br \/>\n&#13;<br \/>\nW ub.r. Polskie Radio zanotowa\u0142o spadek przychod\u00f3w o 6,07 proc. do 336,53 mln z\u0142. Nadawca mia\u0142 219,32 mln z\u0142 z abonamentu rtv i rekompensaty abonamentowej (5,8 proc. mniej ni\u017c rok wcze\u015bniej), a jego Agencja Reklamy osi\u0105gn\u0119\u0142a 62,72 mln z\u0142 wp\u0142yw\u00f3w (po spadku o 7,4 proc.).&#13;<br \/>\n&#13;<br \/>\nFirma zanotowa\u0142a w ub.r. 10,44 mln z\u0142 straty netto w por\u00f3wnaniu do 15,3 mln zysku netto w 2018 roku. Kadra kierownicza wy\u017cszego szczebla zarabia\u0142a \u015brednio miesi\u0119cznie 15,9 tys. z\u0142 brutto, a dziennikarze &#8211; 10,3 tys. z\u0142 brutto. W planie finansowym na br. Polskie Radio zapisa\u0142o symboliczny zysk &#8211; 80 z\u0142.&#13;<br \/>\n&#13;<br \/>\nW ub.r. Polskim Radiem jako prezes zarz\u0105dza\u0142 Andrzej Rogoyski, w marcu ub.r. z funkcji cz\u0142onka zarz\u0105du zosta\u0142 odwo\u0142any Mariusz Staniszewski. Natomiast Rogoyskiego zdymisjonowano w drugiej po\u0142owie stycznia, jego stanowisko obj\u0119\u0142a Agnieszka Kami\u0144ska, wcze\u015bniej m.in. dyrektor Jedynki, a od ko\u0144c\u00f3wki grudnia ub.r. wiceprezes sp\u00f3\u0142ki.&#13;<br \/>\n                            &#13;<br \/>\n&#13;<br \/>\n                            &#13;<br \/>\n                            &#13;<br \/>\n                                                            &#13;<br \/>\n&#13;<br \/>\n                            &#13;<\/p>\n<p>\n<!--noindex--><br \/>\n<a href=\"https:\/\/www.wirtualnemedia.pl\/artykul\/ruszyla-kampania-wizerunkowa-trojki-magia-radia-tkwi-w-ludziach\" rel=\"nofollow\">Source link <\/a><br \/>\n<!--\/noindex--><\/p>\n","protected":false},"excerpt":{"rendered":"<p>W spocie podkre\u015blono, \u017ce \u201emagia radia tkwi w \u015brodku, ale i w ludziach, kt\u00f3rzy je tworz\u0105 ka\u017cdego dnia\u201d. &#8211; \u017beby\u015bmy wsp\u00f3lnie prze\u017cywali emocje &#8211; czyta lektor. Te zdania stanowi\u0105 motyw przewodni ca\u0142ej kampanii, kt\u00f3ra jednocze\u015bnie ma sygnalizowa\u0107 s\u0142uchaczom, i\u017c to nie koniec zmian w nowej, od\u015bwie\u017conej Tr\u00f3jce.&#13; &#13; Nowy spot &#8211; jak stwierdza Polskie Radio [&hellip;]<\/p>\n","protected":false},"author":2,"featured_media":5447,"comment_status":"open","ping_status":"open","sticky":false,"template":"","format":"standard","meta":{"footnotes":""},"categories":[2],"tags":[],"class_list":["post-5446","post","type-post","status-publish","format-standard","has-post-thumbnail","hentry","category-wiadomosci-marketingowe-internetowe"],"yoast_head":"<!-- This site is optimized with the Yoast SEO plugin v27.4 - https:\/\/yoast.com\/product\/yoast-seo-wordpress\/ -->\n<title>Tr\u00f3jka reklamuje si\u0119 nazw\u0105 audycji \u201eZapraszamy do Tr\u00f3jki\u201d, kt\u00f3r\u0105 zdj\u0119\u0142a z ram\u00f3wki (wideo) - Favorite News<\/title>\n<meta name=\"robots\" content=\"index, follow, max-snippet:-1, max-image-preview:large, max-video-preview:-1\" \/>\n<link rel=\"canonical\" href=\"https:\/\/favorite-news.com\/pl\/trojka-reklamuje-sie-nazwa-audycji-zapraszamy-do-trojki-ktora-zdjela-z-ramowki-wideo\/\" \/>\n<meta property=\"og:locale\" content=\"pl_PL\" \/>\n<meta property=\"og:type\" content=\"article\" \/>\n<meta property=\"og:title\" content=\"Tr\u00f3jka reklamuje si\u0119 nazw\u0105 audycji \u201eZapraszamy do Tr\u00f3jki\u201d, kt\u00f3r\u0105 zdj\u0119\u0142a z ram\u00f3wki (wideo) - Favorite News\" \/>\n<meta property=\"og:description\" content=\"W spocie podkre\u015blono, \u017ce \u201emagia radia tkwi w \u015brodku, ale i w ludziach, kt\u00f3rzy je tworz\u0105 ka\u017cdego dnia\u201d. &#8211; \u017beby\u015bmy wsp\u00f3lnie prze\u017cywali emocje &#8211; czyta lektor. Te zdania stanowi\u0105 motyw przewodni ca\u0142ej kampanii, kt\u00f3ra jednocze\u015bnie ma sygnalizowa\u0107 s\u0142uchaczom, i\u017c to nie koniec zmian w nowej, od\u015bwie\u017conej Tr\u00f3jce.&#013; &#013; Nowy spot &#8211; jak stwierdza Polskie Radio [&hellip;]\" \/>\n<meta property=\"og:url\" content=\"https:\/\/favorite-news.com\/pl\/trojka-reklamuje-sie-nazwa-audycji-zapraszamy-do-trojki-ktora-zdjela-z-ramowki-wideo\/\" \/>\n<meta property=\"og:site_name\" content=\"Favorite News\" \/>\n<meta property=\"article:published_time\" content=\"2020-12-01T21:24:41+00:00\" \/>\n<meta property=\"article:modified_time\" content=\"2020-12-01T21:24:42+00:00\" \/>\n<meta property=\"og:image\" content=\"https:\/\/favorite-news.com\/pl\/wp-content\/uploads\/sites\/6\/2020\/12\/Trojka-reklamuje-sie-nazwa-audycji-\u201eZapraszamy-do-Trojki-ktora-zdjela.jpg\" \/>\n\t<meta property=\"og:image:width\" content=\"655\" \/>\n\t<meta property=\"og:image:height\" content=\"336\" \/>\n\t<meta property=\"og:image:type\" content=\"image\/jpeg\" \/>\n<meta name=\"author\" content=\"favorite-news\" \/>\n<meta name=\"twitter:card\" content=\"summary_large_image\" \/>\n<meta name=\"twitter:label1\" content=\"Napisane przez\" \/>\n\t<meta name=\"twitter:data1\" content=\"favorite-news\" \/>\n\t<meta name=\"twitter:label2\" content=\"Szacowany czas czytania\" \/>\n\t<meta name=\"twitter:data2\" content=\"3 minuty\" \/>\n<script type=\"application\/ld+json\" class=\"yoast-schema-graph\">{\"@context\":\"https:\\\/\\\/schema.org\",\"@graph\":[{\"@type\":\"Article\",\"@id\":\"https:\\\/\\\/favorite-news.com\\\/pl\\\/trojka-reklamuje-sie-nazwa-audycji-zapraszamy-do-trojki-ktora-zdjela-z-ramowki-wideo\\\/#article\",\"isPartOf\":{\"@id\":\"https:\\\/\\\/favorite-news.com\\\/pl\\\/trojka-reklamuje-sie-nazwa-audycji-zapraszamy-do-trojki-ktora-zdjela-z-ramowki-wideo\\\/\"},\"author\":{\"name\":\"favorite-news\",\"@id\":\"https:\\\/\\\/favorite-news.com\\\/pl\\\/#\\\/schema\\\/person\\\/b91573b717dcfa5e4696032a9d28d3e8\"},\"headline\":\"Tr\u00f3jka reklamuje si\u0119 nazw\u0105 audycji \u201eZapraszamy do Tr\u00f3jki\u201d, kt\u00f3r\u0105 zdj\u0119\u0142a z ram\u00f3wki (wideo)\",\"datePublished\":\"2020-12-01T21:24:41+00:00\",\"dateModified\":\"2020-12-01T21:24:42+00:00\",\"mainEntityOfPage\":{\"@id\":\"https:\\\/\\\/favorite-news.com\\\/pl\\\/trojka-reklamuje-sie-nazwa-audycji-zapraszamy-do-trojki-ktora-zdjela-z-ramowki-wideo\\\/\"},\"wordCount\":574,\"commentCount\":0,\"image\":{\"@id\":\"https:\\\/\\\/favorite-news.com\\\/pl\\\/trojka-reklamuje-sie-nazwa-audycji-zapraszamy-do-trojki-ktora-zdjela-z-ramowki-wideo\\\/#primaryimage\"},\"thumbnailUrl\":\"https:\\\/\\\/favorite-news.com\\\/pl\\\/wp-content\\\/uploads\\\/sites\\\/6\\\/2020\\\/12\\\/Trojka-reklamuje-sie-nazwa-audycji-\u201eZapraszamy-do-Trojki-ktora-zdjela.jpg\",\"articleSection\":[\"WIADOMO\u015aCI MARKETINGOWE INTERNETOWE\"],\"inLanguage\":\"pl-PL\",\"potentialAction\":[{\"@type\":\"CommentAction\",\"name\":\"Comment\",\"target\":[\"https:\\\/\\\/favorite-news.com\\\/pl\\\/trojka-reklamuje-sie-nazwa-audycji-zapraszamy-do-trojki-ktora-zdjela-z-ramowki-wideo\\\/#respond\"]}]},{\"@type\":\"WebPage\",\"@id\":\"https:\\\/\\\/favorite-news.com\\\/pl\\\/trojka-reklamuje-sie-nazwa-audycji-zapraszamy-do-trojki-ktora-zdjela-z-ramowki-wideo\\\/\",\"url\":\"https:\\\/\\\/favorite-news.com\\\/pl\\\/trojka-reklamuje-sie-nazwa-audycji-zapraszamy-do-trojki-ktora-zdjela-z-ramowki-wideo\\\/\",\"name\":\"Tr\u00f3jka reklamuje si\u0119 nazw\u0105 audycji \u201eZapraszamy do Tr\u00f3jki\u201d, kt\u00f3r\u0105 zdj\u0119\u0142a z ram\u00f3wki (wideo) - Favorite News\",\"isPartOf\":{\"@id\":\"https:\\\/\\\/favorite-news.com\\\/pl\\\/#website\"},\"primaryImageOfPage\":{\"@id\":\"https:\\\/\\\/favorite-news.com\\\/pl\\\/trojka-reklamuje-sie-nazwa-audycji-zapraszamy-do-trojki-ktora-zdjela-z-ramowki-wideo\\\/#primaryimage\"},\"image\":{\"@id\":\"https:\\\/\\\/favorite-news.com\\\/pl\\\/trojka-reklamuje-sie-nazwa-audycji-zapraszamy-do-trojki-ktora-zdjela-z-ramowki-wideo\\\/#primaryimage\"},\"thumbnailUrl\":\"https:\\\/\\\/favorite-news.com\\\/pl\\\/wp-content\\\/uploads\\\/sites\\\/6\\\/2020\\\/12\\\/Trojka-reklamuje-sie-nazwa-audycji-\u201eZapraszamy-do-Trojki-ktora-zdjela.jpg\",\"datePublished\":\"2020-12-01T21:24:41+00:00\",\"dateModified\":\"2020-12-01T21:24:42+00:00\",\"author\":{\"@id\":\"https:\\\/\\\/favorite-news.com\\\/pl\\\/#\\\/schema\\\/person\\\/b91573b717dcfa5e4696032a9d28d3e8\"},\"breadcrumb\":{\"@id\":\"https:\\\/\\\/favorite-news.com\\\/pl\\\/trojka-reklamuje-sie-nazwa-audycji-zapraszamy-do-trojki-ktora-zdjela-z-ramowki-wideo\\\/#breadcrumb\"},\"inLanguage\":\"pl-PL\",\"potentialAction\":[{\"@type\":\"ReadAction\",\"target\":[\"https:\\\/\\\/favorite-news.com\\\/pl\\\/trojka-reklamuje-sie-nazwa-audycji-zapraszamy-do-trojki-ktora-zdjela-z-ramowki-wideo\\\/\"]}]},{\"@type\":\"ImageObject\",\"inLanguage\":\"pl-PL\",\"@id\":\"https:\\\/\\\/favorite-news.com\\\/pl\\\/trojka-reklamuje-sie-nazwa-audycji-zapraszamy-do-trojki-ktora-zdjela-z-ramowki-wideo\\\/#primaryimage\",\"url\":\"https:\\\/\\\/favorite-news.com\\\/pl\\\/wp-content\\\/uploads\\\/sites\\\/6\\\/2020\\\/12\\\/Trojka-reklamuje-sie-nazwa-audycji-\u201eZapraszamy-do-Trojki-ktora-zdjela.jpg\",\"contentUrl\":\"https:\\\/\\\/favorite-news.com\\\/pl\\\/wp-content\\\/uploads\\\/sites\\\/6\\\/2020\\\/12\\\/Trojka-reklamuje-sie-nazwa-audycji-\u201eZapraszamy-do-Trojki-ktora-zdjela.jpg\",\"width\":655,\"height\":336,\"caption\":\"Article\"},{\"@type\":\"BreadcrumbList\",\"@id\":\"https:\\\/\\\/favorite-news.com\\\/pl\\\/trojka-reklamuje-sie-nazwa-audycji-zapraszamy-do-trojki-ktora-zdjela-z-ramowki-wideo\\\/#breadcrumb\",\"itemListElement\":[{\"@type\":\"ListItem\",\"position\":1,\"name\":\"Home\",\"item\":\"https:\\\/\\\/favorite-news.com\\\/pl\\\/\"},{\"@type\":\"ListItem\",\"position\":2,\"name\":\"Tr\u00f3jka reklamuje si\u0119 nazw\u0105 audycji \u201eZapraszamy do Tr\u00f3jki\u201d, kt\u00f3r\u0105 zdj\u0119\u0142a z ram\u00f3wki (wideo)\"}]},{\"@type\":\"WebSite\",\"@id\":\"https:\\\/\\\/favorite-news.com\\\/pl\\\/#website\",\"url\":\"https:\\\/\\\/favorite-news.com\\\/pl\\\/\",\"name\":\"Favorite News\",\"description\":\"Favorite News Polska\",\"potentialAction\":[{\"@type\":\"SearchAction\",\"target\":{\"@type\":\"EntryPoint\",\"urlTemplate\":\"https:\\\/\\\/favorite-news.com\\\/pl\\\/?s={search_term_string}\"},\"query-input\":{\"@type\":\"PropertyValueSpecification\",\"valueRequired\":true,\"valueName\":\"search_term_string\"}}],\"inLanguage\":\"pl-PL\"},{\"@type\":\"Person\",\"@id\":\"https:\\\/\\\/favorite-news.com\\\/pl\\\/#\\\/schema\\\/person\\\/b91573b717dcfa5e4696032a9d28d3e8\",\"name\":\"favorite-news\",\"image\":{\"@type\":\"ImageObject\",\"inLanguage\":\"pl-PL\",\"@id\":\"https:\\\/\\\/secure.gravatar.com\\\/avatar\\\/6c5a5cb12b74e9d517ee91cf570335b7d16177f1977cc91db161adfa435945a7?s=96&d=mm&r=g\",\"url\":\"https:\\\/\\\/secure.gravatar.com\\\/avatar\\\/6c5a5cb12b74e9d517ee91cf570335b7d16177f1977cc91db161adfa435945a7?s=96&d=mm&r=g\",\"contentUrl\":\"https:\\\/\\\/secure.gravatar.com\\\/avatar\\\/6c5a5cb12b74e9d517ee91cf570335b7d16177f1977cc91db161adfa435945a7?s=96&d=mm&r=g\",\"caption\":\"favorite-news\"},\"url\":\"https:\\\/\\\/favorite-news.com\\\/pl\\\/author\\\/pt\\\/\"}]}<\/script>\n<!-- \/ Yoast SEO plugin. -->","yoast_head_json":{"title":"Tr\u00f3jka reklamuje si\u0119 nazw\u0105 audycji \u201eZapraszamy do Tr\u00f3jki\u201d, kt\u00f3r\u0105 zdj\u0119\u0142a z ram\u00f3wki (wideo) - Favorite News","robots":{"index":"index","follow":"follow","max-snippet":"max-snippet:-1","max-image-preview":"max-image-preview:large","max-video-preview":"max-video-preview:-1"},"canonical":"https:\/\/favorite-news.com\/pl\/trojka-reklamuje-sie-nazwa-audycji-zapraszamy-do-trojki-ktora-zdjela-z-ramowki-wideo\/","og_locale":"pl_PL","og_type":"article","og_title":"Tr\u00f3jka reklamuje si\u0119 nazw\u0105 audycji \u201eZapraszamy do Tr\u00f3jki\u201d, kt\u00f3r\u0105 zdj\u0119\u0142a z ram\u00f3wki (wideo) - Favorite News","og_description":"W spocie podkre\u015blono, \u017ce \u201emagia radia tkwi w \u015brodku, ale i w ludziach, kt\u00f3rzy je tworz\u0105 ka\u017cdego dnia\u201d. &#8211; \u017beby\u015bmy wsp\u00f3lnie prze\u017cywali emocje &#8211; czyta lektor. Te zdania stanowi\u0105 motyw przewodni ca\u0142ej kampanii, kt\u00f3ra jednocze\u015bnie ma sygnalizowa\u0107 s\u0142uchaczom, i\u017c to nie koniec zmian w nowej, od\u015bwie\u017conej Tr\u00f3jce.&#13; &#13; Nowy spot &#8211; jak stwierdza Polskie Radio [&hellip;]","og_url":"https:\/\/favorite-news.com\/pl\/trojka-reklamuje-sie-nazwa-audycji-zapraszamy-do-trojki-ktora-zdjela-z-ramowki-wideo\/","og_site_name":"Favorite News","article_published_time":"2020-12-01T21:24:41+00:00","article_modified_time":"2020-12-01T21:24:42+00:00","og_image":[{"width":655,"height":336,"url":"https:\/\/favorite-news.com\/pl\/wp-content\/uploads\/sites\/6\/2020\/12\/Trojka-reklamuje-sie-nazwa-audycji-\u201eZapraszamy-do-Trojki-ktora-zdjela.jpg","type":"image\/jpeg"}],"author":"favorite-news","twitter_card":"summary_large_image","twitter_misc":{"Napisane przez":"favorite-news","Szacowany czas czytania":"3 minuty"},"schema":{"@context":"https:\/\/schema.org","@graph":[{"@type":"Article","@id":"https:\/\/favorite-news.com\/pl\/trojka-reklamuje-sie-nazwa-audycji-zapraszamy-do-trojki-ktora-zdjela-z-ramowki-wideo\/#article","isPartOf":{"@id":"https:\/\/favorite-news.com\/pl\/trojka-reklamuje-sie-nazwa-audycji-zapraszamy-do-trojki-ktora-zdjela-z-ramowki-wideo\/"},"author":{"name":"favorite-news","@id":"https:\/\/favorite-news.com\/pl\/#\/schema\/person\/b91573b717dcfa5e4696032a9d28d3e8"},"headline":"Tr\u00f3jka reklamuje si\u0119 nazw\u0105 audycji \u201eZapraszamy do Tr\u00f3jki\u201d, kt\u00f3r\u0105 zdj\u0119\u0142a z ram\u00f3wki (wideo)","datePublished":"2020-12-01T21:24:41+00:00","dateModified":"2020-12-01T21:24:42+00:00","mainEntityOfPage":{"@id":"https:\/\/favorite-news.com\/pl\/trojka-reklamuje-sie-nazwa-audycji-zapraszamy-do-trojki-ktora-zdjela-z-ramowki-wideo\/"},"wordCount":574,"commentCount":0,"image":{"@id":"https:\/\/favorite-news.com\/pl\/trojka-reklamuje-sie-nazwa-audycji-zapraszamy-do-trojki-ktora-zdjela-z-ramowki-wideo\/#primaryimage"},"thumbnailUrl":"https:\/\/favorite-news.com\/pl\/wp-content\/uploads\/sites\/6\/2020\/12\/Trojka-reklamuje-sie-nazwa-audycji-\u201eZapraszamy-do-Trojki-ktora-zdjela.jpg","articleSection":["WIADOMO\u015aCI MARKETINGOWE INTERNETOWE"],"inLanguage":"pl-PL","potentialAction":[{"@type":"CommentAction","name":"Comment","target":["https:\/\/favorite-news.com\/pl\/trojka-reklamuje-sie-nazwa-audycji-zapraszamy-do-trojki-ktora-zdjela-z-ramowki-wideo\/#respond"]}]},{"@type":"WebPage","@id":"https:\/\/favorite-news.com\/pl\/trojka-reklamuje-sie-nazwa-audycji-zapraszamy-do-trojki-ktora-zdjela-z-ramowki-wideo\/","url":"https:\/\/favorite-news.com\/pl\/trojka-reklamuje-sie-nazwa-audycji-zapraszamy-do-trojki-ktora-zdjela-z-ramowki-wideo\/","name":"Tr\u00f3jka reklamuje si\u0119 nazw\u0105 audycji \u201eZapraszamy do Tr\u00f3jki\u201d, kt\u00f3r\u0105 zdj\u0119\u0142a z ram\u00f3wki (wideo) - Favorite News","isPartOf":{"@id":"https:\/\/favorite-news.com\/pl\/#website"},"primaryImageOfPage":{"@id":"https:\/\/favorite-news.com\/pl\/trojka-reklamuje-sie-nazwa-audycji-zapraszamy-do-trojki-ktora-zdjela-z-ramowki-wideo\/#primaryimage"},"image":{"@id":"https:\/\/favorite-news.com\/pl\/trojka-reklamuje-sie-nazwa-audycji-zapraszamy-do-trojki-ktora-zdjela-z-ramowki-wideo\/#primaryimage"},"thumbnailUrl":"https:\/\/favorite-news.com\/pl\/wp-content\/uploads\/sites\/6\/2020\/12\/Trojka-reklamuje-sie-nazwa-audycji-\u201eZapraszamy-do-Trojki-ktora-zdjela.jpg","datePublished":"2020-12-01T21:24:41+00:00","dateModified":"2020-12-01T21:24:42+00:00","author":{"@id":"https:\/\/favorite-news.com\/pl\/#\/schema\/person\/b91573b717dcfa5e4696032a9d28d3e8"},"breadcrumb":{"@id":"https:\/\/favorite-news.com\/pl\/trojka-reklamuje-sie-nazwa-audycji-zapraszamy-do-trojki-ktora-zdjela-z-ramowki-wideo\/#breadcrumb"},"inLanguage":"pl-PL","potentialAction":[{"@type":"ReadAction","target":["https:\/\/favorite-news.com\/pl\/trojka-reklamuje-sie-nazwa-audycji-zapraszamy-do-trojki-ktora-zdjela-z-ramowki-wideo\/"]}]},{"@type":"ImageObject","inLanguage":"pl-PL","@id":"https:\/\/favorite-news.com\/pl\/trojka-reklamuje-sie-nazwa-audycji-zapraszamy-do-trojki-ktora-zdjela-z-ramowki-wideo\/#primaryimage","url":"https:\/\/favorite-news.com\/pl\/wp-content\/uploads\/sites\/6\/2020\/12\/Trojka-reklamuje-sie-nazwa-audycji-\u201eZapraszamy-do-Trojki-ktora-zdjela.jpg","contentUrl":"https:\/\/favorite-news.com\/pl\/wp-content\/uploads\/sites\/6\/2020\/12\/Trojka-reklamuje-sie-nazwa-audycji-\u201eZapraszamy-do-Trojki-ktora-zdjela.jpg","width":655,"height":336,"caption":"Article"},{"@type":"BreadcrumbList","@id":"https:\/\/favorite-news.com\/pl\/trojka-reklamuje-sie-nazwa-audycji-zapraszamy-do-trojki-ktora-zdjela-z-ramowki-wideo\/#breadcrumb","itemListElement":[{"@type":"ListItem","position":1,"name":"Home","item":"https:\/\/favorite-news.com\/pl\/"},{"@type":"ListItem","position":2,"name":"Tr\u00f3jka reklamuje si\u0119 nazw\u0105 audycji \u201eZapraszamy do Tr\u00f3jki\u201d, kt\u00f3r\u0105 zdj\u0119\u0142a z ram\u00f3wki (wideo)"}]},{"@type":"WebSite","@id":"https:\/\/favorite-news.com\/pl\/#website","url":"https:\/\/favorite-news.com\/pl\/","name":"Favorite News","description":"Favorite News Polska","potentialAction":[{"@type":"SearchAction","target":{"@type":"EntryPoint","urlTemplate":"https:\/\/favorite-news.com\/pl\/?s={search_term_string}"},"query-input":{"@type":"PropertyValueSpecification","valueRequired":true,"valueName":"search_term_string"}}],"inLanguage":"pl-PL"},{"@type":"Person","@id":"https:\/\/favorite-news.com\/pl\/#\/schema\/person\/b91573b717dcfa5e4696032a9d28d3e8","name":"favorite-news","image":{"@type":"ImageObject","inLanguage":"pl-PL","@id":"https:\/\/secure.gravatar.com\/avatar\/6c5a5cb12b74e9d517ee91cf570335b7d16177f1977cc91db161adfa435945a7?s=96&d=mm&r=g","url":"https:\/\/secure.gravatar.com\/avatar\/6c5a5cb12b74e9d517ee91cf570335b7d16177f1977cc91db161adfa435945a7?s=96&d=mm&r=g","contentUrl":"https:\/\/secure.gravatar.com\/avatar\/6c5a5cb12b74e9d517ee91cf570335b7d16177f1977cc91db161adfa435945a7?s=96&d=mm&r=g","caption":"favorite-news"},"url":"https:\/\/favorite-news.com\/pl\/author\/pt\/"}]}},"_links":{"self":[{"href":"https:\/\/favorite-news.com\/pl\/wp-json\/wp\/v2\/posts\/5446","targetHints":{"allow":["GET"]}}],"collection":[{"href":"https:\/\/favorite-news.com\/pl\/wp-json\/wp\/v2\/posts"}],"about":[{"href":"https:\/\/favorite-news.com\/pl\/wp-json\/wp\/v2\/types\/post"}],"author":[{"embeddable":true,"href":"https:\/\/favorite-news.com\/pl\/wp-json\/wp\/v2\/users\/2"}],"replies":[{"embeddable":true,"href":"https:\/\/favorite-news.com\/pl\/wp-json\/wp\/v2\/comments?post=5446"}],"version-history":[{"count":1,"href":"https:\/\/favorite-news.com\/pl\/wp-json\/wp\/v2\/posts\/5446\/revisions"}],"predecessor-version":[{"id":5448,"href":"https:\/\/favorite-news.com\/pl\/wp-json\/wp\/v2\/posts\/5446\/revisions\/5448"}],"wp:featuredmedia":[{"embeddable":true,"href":"https:\/\/favorite-news.com\/pl\/wp-json\/wp\/v2\/media\/5447"}],"wp:attachment":[{"href":"https:\/\/favorite-news.com\/pl\/wp-json\/wp\/v2\/media?parent=5446"}],"wp:term":[{"taxonomy":"category","embeddable":true,"href":"https:\/\/favorite-news.com\/pl\/wp-json\/wp\/v2\/categories?post=5446"},{"taxonomy":"post_tag","embeddable":true,"href":"https:\/\/favorite-news.com\/pl\/wp-json\/wp\/v2\/tags?post=5446"}],"curies":[{"name":"wp","href":"https:\/\/api.w.org\/{rel}","templated":true}]}}