{"id":5441,"date":"2020-12-01T12:22:05","date_gmt":"2020-12-01T09:22:05","guid":{"rendered":"https:\/\/favorite-news.com\/pl\/zwolnienia-grupowe-w-kantar-polska-odchodzi-takze-krzysztof-kruszewski\/"},"modified":"2020-12-03T20:21:09","modified_gmt":"2020-12-03T17:21:09","slug":"zwolnienia-grupowe-w-kantar-polska-odchodzi-takze-krzysztof-kruszewski","status":"publish","type":"post","link":"https:\/\/favorite-news.com\/pl\/zwolnienia-grupowe-w-kantar-polska-odchodzi-takze-krzysztof-kruszewski\/","title":{"rendered":"Zwolnienia grupowe w Kantar Polska. Odchodzi tak\u017ce Krzysztof Kruszewski"},"content":{"rendered":"<p>W poniedzia\u0142ek Kantar Polska poda\u0142, \u017ce z firm\u0105 rozstaje si\u0119 jej prezes Krzysztof Kruszewski. B\u0119dzie pe\u0142ni\u0142 obowi\u0105zki CEO do ko\u0144ca lutego 2021, nast\u0119pnie przez rok b\u0119dzie zwi\u0105zany z firm\u0105 w roli doradcy i konsultanta.<\/p>\n<p>Kruszewski w latach 1990-2004 by\u0142 dyrektorem zarz\u0105dzaj\u0105cym polskiego oddzia\u0142u Millward Brown, potem przez prawie 10 lat pe\u0142ni\u0142 funkcje dyrektorskie w jej strukturach mi\u0119dzynarodowych (w latach 2010-2012 by\u0142 CEO na rynkach rozwijaj\u0105cych si\u0119 w Europie). W 2013 roku zosta\u0142 prezesem Millward Brown Poland, a w po\u0142owie 2016 roku obj\u0105\u0142 nowo utworzon\u0105 funkcj\u0119 CEO Grupy Kantar Consumer Insight Polska, do kt\u00f3rej nale\u017c\u0105 firmy badawcze Millward Brown i TNS Polska.<\/p>\n<p>Na pocz\u0105tku 2018 roku Krzysztof Kruszewski zosta\u0142 powo\u0142any do zarz\u0105du Organizacji Firm Badania Opinii i Rynku.<\/p>\n<p>&#8211; W ci\u0105gu ponad 30 lat, w ramach SMG\/KRC Poland, OBOP, Millward Brown, TNS i ostatnio Kantara, uda\u0142o si\u0119 nam zrealizowa\u0107 jeden z najbardziej fascynuj\u0105cych i po\u017cytecznych biznesowych eksperyment\u00f3w, z jakimi mia\u0142em okazj\u0119 si\u0119 zetkn\u0105\u0107: udowodni\u0107, \u017ce organizacja oparta na klasycznych, humanistycznych warto\u015bciach spo\u0142ecznych, oferuj\u0105ca swoim Pracownikom godne warunki pracy, promuj\u0105ca uczciwo\u015b\u0107, lojalno\u015b\u0107 i po prostu dobre serce mo\u017ce skutecznie walczy\u0107 na rynku wolnej konkurencji i generowa\u0107 godne podziwu zyski &#8211; komentuje Kruszewski. &#8211; Eksperyment si\u0119 powi\u00f3d\u0142 i jest to naprawd\u0119 dobra, a nie ca\u0142kiem oczywista nowina &#8211; podkre\u015bla.<\/p>\n<p>&#8222;Krzysztof Borys Kruszewski opuszcza Kantar Polska. \u015awiat si\u0119 ko\u0144czy&#8221; &#8211; skomentowa\u0142 Vadim Makarenko, wydawca serwis\u00f3w data &amp; tech w &#8222;Gazecie Wyborczej&#8221;.<\/p>\n<p>Krzysztof Borys Kruszewski opuszcza Kantar Polska. \u015awiat si\u0119 ko\u0144czy.<br \/>\n\u2014 Vadim Makarenko (@sardanapal) November 30, 2020<\/p>\n<p>Zwolnienia grupowe w Kantar Polska<\/p>\n<p>W komunikacie firma przekaza\u0142a, \u017ce &#8222;Kantar zar\u00f3wno globalnie, jak i na poziomach lokalnych przechodzi obecnie przez okres transformacji, kt\u00f3rej celem jest unowocze\u015bnienie i uproszczenie oferty badawczej, a tak\u017ce modelu biznesowego. Proces ten rozpisany by\u0142 na blisko dwa lata, jednak pandemia covid-19 i problemy biznesowe, kt\u00f3re dotkn\u0119\u0142y wiele przedsi\u0119biorstw spowodowa\u0142y konieczno\u015b\u0107 znacz\u0105cego przy\u015bpieszenia zmian&#8221;.<\/p>\n<p>Jak dowiedzia\u0142 si\u0119 portal Wirtualnemedia.pl, zmiany te oznaczaj\u0105 r\u00f3wnie\u017c zwolnienia grupowe. Potwierdzi\u0142 to Kuba Antoszewski, PR manager firmy, zaznaczaj\u0105c, \u017ce o \u017cadnych szczeg\u00f3\u0142ach nie mo\u017ce dodatkowo informowa\u0107.<\/p>\n<p>&#8211; Zmiana biznesowa (\u2026) wi\u0105za\u0142a si\u0119 r\u00f3wnie\u017c ze zmianami kadrowymi. I ponownie sytuacja pandemii spowodowa\u0142a, \u017ce zmiany kadrowe musia\u0142y przyj\u0105\u0107 posta\u0107 zwolnienia grupowego. Bez tej, trudnej dla wszystkich, decyzji mo\u017cliwo\u015b\u0107 realizacji zmian, kt\u00f3re s\u0142u\u017c\u0105 dobru naszych pracownik\u00f3w i klient\u00f3w nie by\u0142yby mo\u017cliwe.<\/p>\n<p>Antoszewski zaznacza jednocze\u015bnie, \u017ce &#8222;w ramach prowadzonego zwolnienia grupowego i w du\u017cej mierze r\u00f3wnie\u017c dzi\u0119ki rozmowom z pracownikami, uda\u0142o si\u0119 nam wprowadzi\u0107 udogodnienia wykraczaj\u0105ce poza ustawowe obowi\u0105zki jakie spoczywaj\u0105 na pracodawcy&#8221;.<\/p>\n<p>Co to w praktyce oznacza?\u00a0\u00a0 Znacz\u0105c\u0105 redukcj\u0119 liczby zwalnianych os\u00f3b, uzale\u017cnienie jej od liczby os\u00f3b, kt\u00f3re zdecyduj\u0105 si\u0119 na dobrowolne odej\u015bcie, przed\u0142u\u017cenie pakietu medycznego, wszechstronna pomoc osobom zwalnianym w poszukiwaniu nowej pracy. Zdajemy sobie spraw\u0119, \u017ce nie dla wszystkich te warunki b\u0119d\u0105 zadowalaj\u0105ce jednak musimy podejmowa\u0107 decyzje, kt\u00f3re pozwol\u0105 firmie przej\u015b\u0107 przez trudny okres pandemii, nast\u0119pnie rozwija\u0107 si\u0119, zapewni\u0105 stabilizacj\u0119 zawodow\u0105 pracownikom i stworz\u0105 nowoczesne warunki wsp\u00f3\u0142pracy z naszymi klientami &#8211; wyja\u015bnia Kuba Antoszewski.<\/p>\n<p>Z Kantar Polska odeszli Galica i Ciacek<\/p>\n<p>Redukcje zatrudnienia trwaj\u0105 tak\u017ce w innych oddzia\u0142ach Kantara. W USA firma planuje zwolnienie nawet 10 proc. zespo\u0142u. Ci\u0119cia dotkn\u0105 oko\u0142o 300 os\u00f3b.<\/p>\n<p>Wiosn\u0105 ub.r. koncern Kantar ujednolici\u0142 pod t\u0105 mark\u0105 swoje wszystkie us\u0142ugi i sp\u00f3\u0142ki zale\u017cne. W konsekwencji z polskiego rynku znikn\u0119\u0142a m.in. nazwa Millward Brown.<\/p>\n<p>W po\u0142owie ub.r. 60 proc. udzia\u0142\u00f3w Kantara od koncernu marketingowego WPP kupi\u0142 fundusz Bain Capital, p\u0142ac\u0105c 3,1 mld dolar\u00f3w. WPP wykorzysta\u0142 te \u015brodki do zmniejszenie zad\u0142u\u017cenia.<\/p>\n<p>Wiosn\u0105 br. z Kantar Polska po\u017cegna\u0142 si\u0119 Mateusz Galica, w ostatnim okresie pracy w firmie cz\u0142onek zarz\u0105du i project leader. Wsp\u00f3lnie z Mart\u0105 Marczuk otworzy\u0142 butik doradczy Lata Dwudzieste, kt\u00f3ry specjalizuje si\u0119 obszarze transformacji firm i organizacji w taki spos\u00f3b, by dzia\u0142a\u0142y w spos\u00f3b bardziej przyjazny \u015brodowisku.<\/p>\n<p>Natomiast w po\u0142owie br. z Kantar Polska odszed\u0142 client service director Pawe\u0142 Ciacek. Wraz z grup\u0105 badaczy i menad\u017cer\u00f3w uruchomi firm\u0119 o profilu ekspercko-badawczym Research Collective.<\/p>\n<p><script async src=\"https:\/\/platform.twitter.com\/widgets.js\" charset=\"utf-8\"><\/script><\/p>\n<p><!--noindex--><br \/>\n<a href=\"https:\/\/www.wirtualnemedia.pl\/artykul\/zwolnienia-grupowe-kantar-polska-odchodzi-krzysztof-kruszewski\" rel=\"nofollow\">Source link <\/a><br \/>\n<!--\/noindex--><\/p>\n","protected":false},"excerpt":{"rendered":"<p>W poniedzia\u0142ek Kantar Polska poda\u0142, \u017ce z firm\u0105 rozstaje si\u0119 jej prezes Krzysztof Kruszewski. B\u0119dzie pe\u0142ni\u0142 obowi\u0105zki CEO do ko\u0144ca lutego 2021, nast\u0119pnie przez rok b\u0119dzie zwi\u0105zany z firm\u0105 w roli doradcy i konsultanta. Kruszewski w latach 1990-2004 by\u0142 dyrektorem zarz\u0105dzaj\u0105cym polskiego oddzia\u0142u Millward Brown, potem przez prawie 10 lat pe\u0142ni\u0142 funkcje dyrektorskie w jej [&hellip;]<\/p>\n","protected":false},"author":2,"featured_media":5442,"comment_status":"open","ping_status":"open","sticky":false,"template":"","format":"standard","meta":{"footnotes":""},"categories":[2],"tags":[],"class_list":["post-5441","post","type-post","status-publish","format-standard","has-post-thumbnail","hentry","category-wiadomosci-marketingowe-internetowe"],"yoast_head":"<!-- This site is optimized with the Yoast SEO plugin v27.4 - https:\/\/yoast.com\/product\/yoast-seo-wordpress\/ -->\n<title>Zwolnienia grupowe w Kantar Polska. Odchodzi tak\u017ce Krzysztof Kruszewski - Favorite News<\/title>\n<meta name=\"robots\" content=\"index, follow, max-snippet:-1, max-image-preview:large, max-video-preview:-1\" \/>\n<link rel=\"canonical\" href=\"https:\/\/favorite-news.com\/pl\/zwolnienia-grupowe-w-kantar-polska-odchodzi-takze-krzysztof-kruszewski\/\" \/>\n<meta property=\"og:locale\" content=\"pl_PL\" \/>\n<meta property=\"og:type\" content=\"article\" \/>\n<meta property=\"og:title\" content=\"Zwolnienia grupowe w Kantar Polska. Odchodzi tak\u017ce Krzysztof Kruszewski - Favorite News\" \/>\n<meta property=\"og:description\" content=\"W poniedzia\u0142ek Kantar Polska poda\u0142, \u017ce z firm\u0105 rozstaje si\u0119 jej prezes Krzysztof Kruszewski. B\u0119dzie pe\u0142ni\u0142 obowi\u0105zki CEO do ko\u0144ca lutego 2021, nast\u0119pnie przez rok b\u0119dzie zwi\u0105zany z firm\u0105 w roli doradcy i konsultanta. Kruszewski w latach 1990-2004 by\u0142 dyrektorem zarz\u0105dzaj\u0105cym polskiego oddzia\u0142u Millward Brown, potem przez prawie 10 lat pe\u0142ni\u0142 funkcje dyrektorskie w jej [&hellip;]\" \/>\n<meta property=\"og:url\" content=\"https:\/\/favorite-news.com\/pl\/zwolnienia-grupowe-w-kantar-polska-odchodzi-takze-krzysztof-kruszewski\/\" \/>\n<meta property=\"og:site_name\" content=\"Favorite News\" \/>\n<meta property=\"article:published_time\" content=\"2020-12-01T09:22:05+00:00\" \/>\n<meta property=\"article:modified_time\" content=\"2020-12-03T17:21:09+00:00\" \/>\n<meta property=\"og:image\" content=\"https:\/\/favorite-news.com\/pl\/wp-content\/uploads\/sites\/6\/2020\/12\/Zwolnienia-grupowe-w-Kantar-Polska-Odchodzi-takze-Krzysztof-Kruszewski.jpg\" \/>\n\t<meta property=\"og:image:width\" content=\"655\" \/>\n\t<meta property=\"og:image:height\" content=\"655\" \/>\n\t<meta property=\"og:image:type\" content=\"image\/jpeg\" \/>\n<meta name=\"author\" content=\"favorite-news\" \/>\n<meta name=\"twitter:card\" content=\"summary_large_image\" \/>\n<meta name=\"twitter:label1\" content=\"Napisane przez\" \/>\n\t<meta name=\"twitter:data1\" content=\"favorite-news\" \/>\n\t<meta name=\"twitter:label2\" content=\"Szacowany czas czytania\" \/>\n\t<meta name=\"twitter:data2\" content=\"4 minuty\" \/>\n<script type=\"application\/ld+json\" class=\"yoast-schema-graph\">{\"@context\":\"https:\\\/\\\/schema.org\",\"@graph\":[{\"@type\":\"Article\",\"@id\":\"https:\\\/\\\/favorite-news.com\\\/pl\\\/zwolnienia-grupowe-w-kantar-polska-odchodzi-takze-krzysztof-kruszewski\\\/#article\",\"isPartOf\":{\"@id\":\"https:\\\/\\\/favorite-news.com\\\/pl\\\/zwolnienia-grupowe-w-kantar-polska-odchodzi-takze-krzysztof-kruszewski\\\/\"},\"author\":{\"name\":\"favorite-news\",\"@id\":\"https:\\\/\\\/favorite-news.com\\\/pl\\\/#\\\/schema\\\/person\\\/b91573b717dcfa5e4696032a9d28d3e8\"},\"headline\":\"Zwolnienia grupowe w Kantar Polska. Odchodzi tak\u017ce Krzysztof Kruszewski\",\"datePublished\":\"2020-12-01T09:22:05+00:00\",\"dateModified\":\"2020-12-03T17:21:09+00:00\",\"mainEntityOfPage\":{\"@id\":\"https:\\\/\\\/favorite-news.com\\\/pl\\\/zwolnienia-grupowe-w-kantar-polska-odchodzi-takze-krzysztof-kruszewski\\\/\"},\"wordCount\":743,\"commentCount\":0,\"image\":{\"@id\":\"https:\\\/\\\/favorite-news.com\\\/pl\\\/zwolnienia-grupowe-w-kantar-polska-odchodzi-takze-krzysztof-kruszewski\\\/#primaryimage\"},\"thumbnailUrl\":\"https:\\\/\\\/favorite-news.com\\\/pl\\\/wp-content\\\/uploads\\\/sites\\\/6\\\/2020\\\/12\\\/Zwolnienia-grupowe-w-Kantar-Polska-Odchodzi-takze-Krzysztof-Kruszewski.jpg\",\"articleSection\":[\"WIADOMO\u015aCI MARKETINGOWE INTERNETOWE\"],\"inLanguage\":\"pl-PL\",\"potentialAction\":[{\"@type\":\"CommentAction\",\"name\":\"Comment\",\"target\":[\"https:\\\/\\\/favorite-news.com\\\/pl\\\/zwolnienia-grupowe-w-kantar-polska-odchodzi-takze-krzysztof-kruszewski\\\/#respond\"]}]},{\"@type\":\"WebPage\",\"@id\":\"https:\\\/\\\/favorite-news.com\\\/pl\\\/zwolnienia-grupowe-w-kantar-polska-odchodzi-takze-krzysztof-kruszewski\\\/\",\"url\":\"https:\\\/\\\/favorite-news.com\\\/pl\\\/zwolnienia-grupowe-w-kantar-polska-odchodzi-takze-krzysztof-kruszewski\\\/\",\"name\":\"Zwolnienia grupowe w Kantar Polska. Odchodzi tak\u017ce Krzysztof Kruszewski - Favorite News\",\"isPartOf\":{\"@id\":\"https:\\\/\\\/favorite-news.com\\\/pl\\\/#website\"},\"primaryImageOfPage\":{\"@id\":\"https:\\\/\\\/favorite-news.com\\\/pl\\\/zwolnienia-grupowe-w-kantar-polska-odchodzi-takze-krzysztof-kruszewski\\\/#primaryimage\"},\"image\":{\"@id\":\"https:\\\/\\\/favorite-news.com\\\/pl\\\/zwolnienia-grupowe-w-kantar-polska-odchodzi-takze-krzysztof-kruszewski\\\/#primaryimage\"},\"thumbnailUrl\":\"https:\\\/\\\/favorite-news.com\\\/pl\\\/wp-content\\\/uploads\\\/sites\\\/6\\\/2020\\\/12\\\/Zwolnienia-grupowe-w-Kantar-Polska-Odchodzi-takze-Krzysztof-Kruszewski.jpg\",\"datePublished\":\"2020-12-01T09:22:05+00:00\",\"dateModified\":\"2020-12-03T17:21:09+00:00\",\"author\":{\"@id\":\"https:\\\/\\\/favorite-news.com\\\/pl\\\/#\\\/schema\\\/person\\\/b91573b717dcfa5e4696032a9d28d3e8\"},\"breadcrumb\":{\"@id\":\"https:\\\/\\\/favorite-news.com\\\/pl\\\/zwolnienia-grupowe-w-kantar-polska-odchodzi-takze-krzysztof-kruszewski\\\/#breadcrumb\"},\"inLanguage\":\"pl-PL\",\"potentialAction\":[{\"@type\":\"ReadAction\",\"target\":[\"https:\\\/\\\/favorite-news.com\\\/pl\\\/zwolnienia-grupowe-w-kantar-polska-odchodzi-takze-krzysztof-kruszewski\\\/\"]}]},{\"@type\":\"ImageObject\",\"inLanguage\":\"pl-PL\",\"@id\":\"https:\\\/\\\/favorite-news.com\\\/pl\\\/zwolnienia-grupowe-w-kantar-polska-odchodzi-takze-krzysztof-kruszewski\\\/#primaryimage\",\"url\":\"https:\\\/\\\/favorite-news.com\\\/pl\\\/wp-content\\\/uploads\\\/sites\\\/6\\\/2020\\\/12\\\/Zwolnienia-grupowe-w-Kantar-Polska-Odchodzi-takze-Krzysztof-Kruszewski.jpg\",\"contentUrl\":\"https:\\\/\\\/favorite-news.com\\\/pl\\\/wp-content\\\/uploads\\\/sites\\\/6\\\/2020\\\/12\\\/Zwolnienia-grupowe-w-Kantar-Polska-Odchodzi-takze-Krzysztof-Kruszewski.jpg\",\"width\":655,\"height\":655,\"caption\":\"Article\"},{\"@type\":\"BreadcrumbList\",\"@id\":\"https:\\\/\\\/favorite-news.com\\\/pl\\\/zwolnienia-grupowe-w-kantar-polska-odchodzi-takze-krzysztof-kruszewski\\\/#breadcrumb\",\"itemListElement\":[{\"@type\":\"ListItem\",\"position\":1,\"name\":\"Home\",\"item\":\"https:\\\/\\\/favorite-news.com\\\/pl\\\/\"},{\"@type\":\"ListItem\",\"position\":2,\"name\":\"Zwolnienia grupowe w Kantar Polska. Odchodzi tak\u017ce Krzysztof Kruszewski\"}]},{\"@type\":\"WebSite\",\"@id\":\"https:\\\/\\\/favorite-news.com\\\/pl\\\/#website\",\"url\":\"https:\\\/\\\/favorite-news.com\\\/pl\\\/\",\"name\":\"Favorite News\",\"description\":\"Favorite News Polska\",\"potentialAction\":[{\"@type\":\"SearchAction\",\"target\":{\"@type\":\"EntryPoint\",\"urlTemplate\":\"https:\\\/\\\/favorite-news.com\\\/pl\\\/?s={search_term_string}\"},\"query-input\":{\"@type\":\"PropertyValueSpecification\",\"valueRequired\":true,\"valueName\":\"search_term_string\"}}],\"inLanguage\":\"pl-PL\"},{\"@type\":\"Person\",\"@id\":\"https:\\\/\\\/favorite-news.com\\\/pl\\\/#\\\/schema\\\/person\\\/b91573b717dcfa5e4696032a9d28d3e8\",\"name\":\"favorite-news\",\"image\":{\"@type\":\"ImageObject\",\"inLanguage\":\"pl-PL\",\"@id\":\"https:\\\/\\\/secure.gravatar.com\\\/avatar\\\/6c5a5cb12b74e9d517ee91cf570335b7d16177f1977cc91db161adfa435945a7?s=96&d=mm&r=g\",\"url\":\"https:\\\/\\\/secure.gravatar.com\\\/avatar\\\/6c5a5cb12b74e9d517ee91cf570335b7d16177f1977cc91db161adfa435945a7?s=96&d=mm&r=g\",\"contentUrl\":\"https:\\\/\\\/secure.gravatar.com\\\/avatar\\\/6c5a5cb12b74e9d517ee91cf570335b7d16177f1977cc91db161adfa435945a7?s=96&d=mm&r=g\",\"caption\":\"favorite-news\"},\"url\":\"https:\\\/\\\/favorite-news.com\\\/pl\\\/author\\\/pt\\\/\"}]}<\/script>\n<!-- \/ Yoast SEO plugin. -->","yoast_head_json":{"title":"Zwolnienia grupowe w Kantar Polska. Odchodzi tak\u017ce Krzysztof Kruszewski - Favorite News","robots":{"index":"index","follow":"follow","max-snippet":"max-snippet:-1","max-image-preview":"max-image-preview:large","max-video-preview":"max-video-preview:-1"},"canonical":"https:\/\/favorite-news.com\/pl\/zwolnienia-grupowe-w-kantar-polska-odchodzi-takze-krzysztof-kruszewski\/","og_locale":"pl_PL","og_type":"article","og_title":"Zwolnienia grupowe w Kantar Polska. Odchodzi tak\u017ce Krzysztof Kruszewski - Favorite News","og_description":"W poniedzia\u0142ek Kantar Polska poda\u0142, \u017ce z firm\u0105 rozstaje si\u0119 jej prezes Krzysztof Kruszewski. B\u0119dzie pe\u0142ni\u0142 obowi\u0105zki CEO do ko\u0144ca lutego 2021, nast\u0119pnie przez rok b\u0119dzie zwi\u0105zany z firm\u0105 w roli doradcy i konsultanta. Kruszewski w latach 1990-2004 by\u0142 dyrektorem zarz\u0105dzaj\u0105cym polskiego oddzia\u0142u Millward Brown, potem przez prawie 10 lat pe\u0142ni\u0142 funkcje dyrektorskie w jej [&hellip;]","og_url":"https:\/\/favorite-news.com\/pl\/zwolnienia-grupowe-w-kantar-polska-odchodzi-takze-krzysztof-kruszewski\/","og_site_name":"Favorite News","article_published_time":"2020-12-01T09:22:05+00:00","article_modified_time":"2020-12-03T17:21:09+00:00","og_image":[{"width":655,"height":655,"url":"https:\/\/favorite-news.com\/pl\/wp-content\/uploads\/sites\/6\/2020\/12\/Zwolnienia-grupowe-w-Kantar-Polska-Odchodzi-takze-Krzysztof-Kruszewski.jpg","type":"image\/jpeg"}],"author":"favorite-news","twitter_card":"summary_large_image","twitter_misc":{"Napisane przez":"favorite-news","Szacowany czas czytania":"4 minuty"},"schema":{"@context":"https:\/\/schema.org","@graph":[{"@type":"Article","@id":"https:\/\/favorite-news.com\/pl\/zwolnienia-grupowe-w-kantar-polska-odchodzi-takze-krzysztof-kruszewski\/#article","isPartOf":{"@id":"https:\/\/favorite-news.com\/pl\/zwolnienia-grupowe-w-kantar-polska-odchodzi-takze-krzysztof-kruszewski\/"},"author":{"name":"favorite-news","@id":"https:\/\/favorite-news.com\/pl\/#\/schema\/person\/b91573b717dcfa5e4696032a9d28d3e8"},"headline":"Zwolnienia grupowe w Kantar Polska. Odchodzi tak\u017ce Krzysztof Kruszewski","datePublished":"2020-12-01T09:22:05+00:00","dateModified":"2020-12-03T17:21:09+00:00","mainEntityOfPage":{"@id":"https:\/\/favorite-news.com\/pl\/zwolnienia-grupowe-w-kantar-polska-odchodzi-takze-krzysztof-kruszewski\/"},"wordCount":743,"commentCount":0,"image":{"@id":"https:\/\/favorite-news.com\/pl\/zwolnienia-grupowe-w-kantar-polska-odchodzi-takze-krzysztof-kruszewski\/#primaryimage"},"thumbnailUrl":"https:\/\/favorite-news.com\/pl\/wp-content\/uploads\/sites\/6\/2020\/12\/Zwolnienia-grupowe-w-Kantar-Polska-Odchodzi-takze-Krzysztof-Kruszewski.jpg","articleSection":["WIADOMO\u015aCI MARKETINGOWE INTERNETOWE"],"inLanguage":"pl-PL","potentialAction":[{"@type":"CommentAction","name":"Comment","target":["https:\/\/favorite-news.com\/pl\/zwolnienia-grupowe-w-kantar-polska-odchodzi-takze-krzysztof-kruszewski\/#respond"]}]},{"@type":"WebPage","@id":"https:\/\/favorite-news.com\/pl\/zwolnienia-grupowe-w-kantar-polska-odchodzi-takze-krzysztof-kruszewski\/","url":"https:\/\/favorite-news.com\/pl\/zwolnienia-grupowe-w-kantar-polska-odchodzi-takze-krzysztof-kruszewski\/","name":"Zwolnienia grupowe w Kantar Polska. Odchodzi tak\u017ce Krzysztof Kruszewski - Favorite News","isPartOf":{"@id":"https:\/\/favorite-news.com\/pl\/#website"},"primaryImageOfPage":{"@id":"https:\/\/favorite-news.com\/pl\/zwolnienia-grupowe-w-kantar-polska-odchodzi-takze-krzysztof-kruszewski\/#primaryimage"},"image":{"@id":"https:\/\/favorite-news.com\/pl\/zwolnienia-grupowe-w-kantar-polska-odchodzi-takze-krzysztof-kruszewski\/#primaryimage"},"thumbnailUrl":"https:\/\/favorite-news.com\/pl\/wp-content\/uploads\/sites\/6\/2020\/12\/Zwolnienia-grupowe-w-Kantar-Polska-Odchodzi-takze-Krzysztof-Kruszewski.jpg","datePublished":"2020-12-01T09:22:05+00:00","dateModified":"2020-12-03T17:21:09+00:00","author":{"@id":"https:\/\/favorite-news.com\/pl\/#\/schema\/person\/b91573b717dcfa5e4696032a9d28d3e8"},"breadcrumb":{"@id":"https:\/\/favorite-news.com\/pl\/zwolnienia-grupowe-w-kantar-polska-odchodzi-takze-krzysztof-kruszewski\/#breadcrumb"},"inLanguage":"pl-PL","potentialAction":[{"@type":"ReadAction","target":["https:\/\/favorite-news.com\/pl\/zwolnienia-grupowe-w-kantar-polska-odchodzi-takze-krzysztof-kruszewski\/"]}]},{"@type":"ImageObject","inLanguage":"pl-PL","@id":"https:\/\/favorite-news.com\/pl\/zwolnienia-grupowe-w-kantar-polska-odchodzi-takze-krzysztof-kruszewski\/#primaryimage","url":"https:\/\/favorite-news.com\/pl\/wp-content\/uploads\/sites\/6\/2020\/12\/Zwolnienia-grupowe-w-Kantar-Polska-Odchodzi-takze-Krzysztof-Kruszewski.jpg","contentUrl":"https:\/\/favorite-news.com\/pl\/wp-content\/uploads\/sites\/6\/2020\/12\/Zwolnienia-grupowe-w-Kantar-Polska-Odchodzi-takze-Krzysztof-Kruszewski.jpg","width":655,"height":655,"caption":"Article"},{"@type":"BreadcrumbList","@id":"https:\/\/favorite-news.com\/pl\/zwolnienia-grupowe-w-kantar-polska-odchodzi-takze-krzysztof-kruszewski\/#breadcrumb","itemListElement":[{"@type":"ListItem","position":1,"name":"Home","item":"https:\/\/favorite-news.com\/pl\/"},{"@type":"ListItem","position":2,"name":"Zwolnienia grupowe w Kantar Polska. Odchodzi tak\u017ce Krzysztof Kruszewski"}]},{"@type":"WebSite","@id":"https:\/\/favorite-news.com\/pl\/#website","url":"https:\/\/favorite-news.com\/pl\/","name":"Favorite News","description":"Favorite News Polska","potentialAction":[{"@type":"SearchAction","target":{"@type":"EntryPoint","urlTemplate":"https:\/\/favorite-news.com\/pl\/?s={search_term_string}"},"query-input":{"@type":"PropertyValueSpecification","valueRequired":true,"valueName":"search_term_string"}}],"inLanguage":"pl-PL"},{"@type":"Person","@id":"https:\/\/favorite-news.com\/pl\/#\/schema\/person\/b91573b717dcfa5e4696032a9d28d3e8","name":"favorite-news","image":{"@type":"ImageObject","inLanguage":"pl-PL","@id":"https:\/\/secure.gravatar.com\/avatar\/6c5a5cb12b74e9d517ee91cf570335b7d16177f1977cc91db161adfa435945a7?s=96&d=mm&r=g","url":"https:\/\/secure.gravatar.com\/avatar\/6c5a5cb12b74e9d517ee91cf570335b7d16177f1977cc91db161adfa435945a7?s=96&d=mm&r=g","contentUrl":"https:\/\/secure.gravatar.com\/avatar\/6c5a5cb12b74e9d517ee91cf570335b7d16177f1977cc91db161adfa435945a7?s=96&d=mm&r=g","caption":"favorite-news"},"url":"https:\/\/favorite-news.com\/pl\/author\/pt\/"}]}},"_links":{"self":[{"href":"https:\/\/favorite-news.com\/pl\/wp-json\/wp\/v2\/posts\/5441","targetHints":{"allow":["GET"]}}],"collection":[{"href":"https:\/\/favorite-news.com\/pl\/wp-json\/wp\/v2\/posts"}],"about":[{"href":"https:\/\/favorite-news.com\/pl\/wp-json\/wp\/v2\/types\/post"}],"author":[{"embeddable":true,"href":"https:\/\/favorite-news.com\/pl\/wp-json\/wp\/v2\/users\/2"}],"replies":[{"embeddable":true,"href":"https:\/\/favorite-news.com\/pl\/wp-json\/wp\/v2\/comments?post=5441"}],"version-history":[{"count":2,"href":"https:\/\/favorite-news.com\/pl\/wp-json\/wp\/v2\/posts\/5441\/revisions"}],"predecessor-version":[{"id":5463,"href":"https:\/\/favorite-news.com\/pl\/wp-json\/wp\/v2\/posts\/5441\/revisions\/5463"}],"wp:featuredmedia":[{"embeddable":true,"href":"https:\/\/favorite-news.com\/pl\/wp-json\/wp\/v2\/media\/5442"}],"wp:attachment":[{"href":"https:\/\/favorite-news.com\/pl\/wp-json\/wp\/v2\/media?parent=5441"}],"wp:term":[{"taxonomy":"category","embeddable":true,"href":"https:\/\/favorite-news.com\/pl\/wp-json\/wp\/v2\/categories?post=5441"},{"taxonomy":"post_tag","embeddable":true,"href":"https:\/\/favorite-news.com\/pl\/wp-json\/wp\/v2\/tags?post=5441"}],"curies":[{"name":"wp","href":"https:\/\/api.w.org\/{rel}","templated":true}]}}